{"id":28811,"date":"2021-07-28T12:55:59","date_gmt":"2021-07-28T10:55:59","guid":{"rendered":"https:\/\/exaudi.org\/?p=28811"},"modified":"2021-07-29T10:15:58","modified_gmt":"2021-07-29T08:15:58","slug":"mexico-mensaje-obispos-curso-escolar","status":"publish","type":"post","link":"https:\/\/exaudi.org\/es\/mexico-mensaje-obispos-curso-escolar\/","title":{"rendered":"M\u00e9xico: Mensaje de obispos ante nuevo curso escolar"},"content":{"rendered":"<p>Los obispos de la <a href=\"https:\/\/www.cem.org.mx\/\" target=\"_blank\" rel=\"noopener noreferrer\">Conferencia Episcopal de M\u00e9xico<\/a> (CEM) publicaron ayer, martes 27 de julio de 2021, un mensaje con motivo del curso escolar 2021-2022 en el contexto de la pandemia por COVID-19. En el mismo, los prelados proponen con urgencia \u201cconsiderar al sector educativo como prioritario dentro de la pol\u00edtica nacional, gestionando conjuntamente un trabajo corresponsable, estrat\u00e9gico y solidario, que ordene las prioridades de nuestro entramado social, econ\u00f3mico y pol\u00edtico\u201d.<\/p>\n<p>Al comienzo del documento, el Episcopado <a href=\"https:\/\/exaudi.org\/es\/mexico-obispos-veracruz-legisladores-escucha\/\" target=\"_blank\" rel=\"noopener noreferrer\">mexicano<\/a> manifiesta que tanto la sociedad como el Gobierno est\u00e1n llamados a \u201cresponder con vigor al complejo momento\u201d que se vive actualmente, poniendo la educaci\u00f3n como \u201cpiedra angular de todo proyecto de Naci\u00f3n\u201d y disponiendo de un \u201cverdadero Estado Social, que resguarde y promueva en primer lugar, la educaci\u00f3n, la salud, la seguridad y el bienestar de los m\u00e1s peque\u00f1os\u201d.<\/p>\n<h4><strong>Retorno a la educaci\u00f3n y vacunaci\u00f3n<\/strong><\/h4>\n<p>Por ello, el CEM llama a \u201cgarantizar un Programa Estrat\u00e9gico General para el Regreso Presencial a la Comunidad Educativa, el pr\u00f3ximo 30 de agosto, que parta de un diagn\u00f3stico serio, calificado y amplio, que recoja las realidades y las voces de la educaci\u00f3n p\u00fablica y privada, con especial atenci\u00f3n a las dolorosas situaciones de inequidad, articulando una respuesta gradual y solidaria para todos, y que reincorpore a los m\u00e1s de tres millones de ni\u00f1os, ni\u00f1as, adolescentes y j\u00f3venes que han quedado fuera del Sistema Educativo Nacional\u201d.<\/p>\n<p>Tambi\u00e9n exige un \u201cesquema de vacunaci\u00f3n, abierto a las fuerzas de la sociedad civil organizada, para llegar m\u00e1s pronto a todos los que necesitan ya contar con la inmunizaci\u00f3n\u201d, as\u00ed como \u201crealizar un esfuerzo may\u00fasculo y proporcional en el gasto p\u00fablico, principalmente de la Federaci\u00f3n, que es quien ha centralizado los recursos, para reconvertir los centros escolares p\u00fablicos y privados, en espacios en donde la comunidad educativa pueda organizarse, colaborar y responder a los desaf\u00edos m\u00e1s b\u00e1sicos\u201d.<\/p>\n<h4><strong>Desarrollo integral del estudiante<\/strong><\/h4>\n<p>Los obispos mexicanos piden atenci\u00f3n al \u201cdesarrollo integral de cada miembro de la sociedad\u201d, especialmente a ni\u00f1os, ni\u00f1as, adolescentes y j\u00f3venes. El desaf\u00edo est\u00e1, contin\u00faan, \u201cen la reconversi\u00f3n f\u00edsica y social, de cada comunidad escolar, a trav\u00e9s de la generaci\u00f3n de un pacto educativo local, entre directivos, maestros, padres de familia, estudiantes, comunidad en general, incluyendo autoridades civiles, acad\u00e9micos, asociaciones religiosas, entre otros\u201d.<\/p>\n<p>Del mismo modo, se\u00f1alan la urgencia de \u201crecuperar toda una estructura para la educaci\u00f3n temprana, que antes de la Pandemia ya hab\u00eda sido restringida\u201d y el fortalecimiento de \u201cla infraestructura tecnol\u00f3gica necesaria, pues solamente a trav\u00e9s de una comunicaci\u00f3n bidireccional, el ni\u00f1o, la ni\u00f1a, el adolescente o joven pueden entablar un di\u00e1logo corresponsable, participativo y personalizante, con su educador designado\u201d.<\/p>\n","protected":false},"excerpt":{"rendered":"<p>En el contexto de la pandemia por COVID-19<\/p>\n","protected":false},"author":6,"featured_media":28813,"comment_status":"closed","ping_status":"closed","sticky":false,"template":"","format":"standard","meta":{"_acf_changed":false,"_crdt_document":"","inline_featured_image":false,"footnotes":""},"categories":[82,86,298],"tags":[2193,3501,3501,1854,730],"class_list":{"0":"post-28811","1":"post","2":"type-post","3":"status-publish","4":"format-standard","5":"has-post-thumbnail","6":"hentry","7":"category-educacion","8":"category-iglesia-local","9":"category-ultimas-noticias","10":"tag-conferencia-episcopal-de-mexico-cem","11":"tag-curso-escolar","13":"tag-educacion","14":"tag-pandemia-es"},"acf":[],"yoast_head":"<!-- This site is optimized with the Yoast SEO plugin v27.5 - https:\/\/yoast.com\/product\/yoast-seo-wordpress\/ -->\n<title>M\u00e9xico: Mensaje de obispos ante nuevo curso escolar - Exaudi<\/title>\n<meta name=\"description\" content=\"Los obispos de la Conferencia Episcopal de M\u00e9xico publicaron un mensaje con motivo del curso escolar 2021-2022 en el contexto de la pandemia.\" \/>\n<meta name=\"robots\" content=\"index, follow, max-snippet:-1, max-image-preview:large, max-video-preview:-1\" \/>\n<link rel=\"canonical\" href=\"https:\/\/exaudi.org\/es\/mexico-mensaje-obispos-curso-escolar\/\" \/>\n<meta property=\"og:locale\" content=\"es_ES\" \/>\n<meta property=\"og:type\" content=\"article\" \/>\n<meta property=\"og:title\" content=\"M\u00e9xico: Mensaje de obispos ante nuevo curso escolar - Exaudi\" \/>\n<meta property=\"og:description\" content=\"Los obispos de la Conferencia Episcopal de M\u00e9xico publicaron un mensaje con motivo del curso escolar 2021-2022 en el contexto de la pandemia.\" \/>\n<meta property=\"og:url\" content=\"https:\/\/exaudi.org\/es\/mexico-mensaje-obispos-curso-escolar\/\" \/>\n<meta property=\"og:site_name\" content=\"Exaudi\" \/>\n<meta property=\"article:publisher\" content=\"https:\/\/www.facebook.com\/ExaudiNews\" \/>\n<meta property=\"article:published_time\" content=\"2021-07-28T10:55:59+00:00\" \/>\n<meta property=\"article:modified_time\" content=\"2021-07-29T08:15:58+00:00\" \/>\n<meta property=\"og:image\" content=\"https:\/\/exaudi.org\/wp-content\/uploads\/2021\/07\/2222111wss-scaled.jpg\" \/>\n\t<meta property=\"og:image:width\" content=\"2560\" \/>\n\t<meta property=\"og:image:height\" content=\"1714\" \/>\n\t<meta property=\"og:image:type\" content=\"image\/jpeg\" \/>\n<meta name=\"author\" content=\"Gabriel Sales\" \/>\n<meta name=\"twitter:card\" content=\"summary_large_image\" \/>\n<meta name=\"twitter:creator\" content=\"@habemusman\" \/>\n<meta name=\"twitter:site\" content=\"@Exaudi_News\" \/>\n<meta name=\"twitter:label1\" content=\"Escrito por\" \/>\n\t<meta name=\"twitter:data1\" content=\"Gabriel Sales\" \/>\n\t<meta name=\"twitter:label2\" content=\"Tiempo de lectura\" \/>\n\t<meta name=\"twitter:data2\" content=\"2 minutos\" \/>\n<script type=\"application\/ld+json\" class=\"yoast-schema-graph\">{\"@context\":\"https:\\\/\\\/schema.org\",\"@graph\":[{\"@type\":\"Article\",\"@id\":\"https:\\\/\\\/exaudi.org\\\/es\\\/mexico-mensaje-obispos-curso-escolar\\\/#article\",\"isPartOf\":{\"@id\":\"https:\\\/\\\/exaudi.org\\\/es\\\/mexico-mensaje-obispos-curso-escolar\\\/\"},\"author\":{\"name\":\"Gabriel Sales\",\"@id\":\"https:\\\/\\\/exaudi.org\\\/#\\\/schema\\\/person\\\/d134b96438278131ce90c90c03fda6cd\"},\"headline\":\"M\u00e9xico: Mensaje de obispos ante nuevo curso escolar\",\"datePublished\":\"2021-07-28T10:55:59+00:00\",\"dateModified\":\"2021-07-29T08:15:58+00:00\",\"mainEntityOfPage\":{\"@id\":\"https:\\\/\\\/exaudi.org\\\/es\\\/mexico-mensaje-obispos-curso-escolar\\\/\"},\"wordCount\":493,\"image\":{\"@id\":\"https:\\\/\\\/exaudi.org\\\/es\\\/mexico-mensaje-obispos-curso-escolar\\\/#primaryimage\"},\"thumbnailUrl\":\"https:\\\/\\\/exaudi.org\\\/wp-content\\\/uploads\\\/2021\\\/07\\\/2222111wss-scaled.jpg\",\"keywords\":[\"Conferencia Episcopal de M\u00e9xico (CEM)\",\"Curso escolar\",\"Curso escolar\",\"Educaci\u00f3n\",\"pandemia\"],\"articleSection\":[\"Educaci\u00f3n\",\"Iglesia Local\",\"\u00daltimas noticias\"],\"inLanguage\":\"es\"},{\"@type\":\"WebPage\",\"@id\":\"https:\\\/\\\/exaudi.org\\\/es\\\/mexico-mensaje-obispos-curso-escolar\\\/\",\"url\":\"https:\\\/\\\/exaudi.org\\\/es\\\/mexico-mensaje-obispos-curso-escolar\\\/\",\"name\":\"M\u00e9xico: Mensaje de obispos ante nuevo curso escolar - Exaudi\",\"isPartOf\":{\"@id\":\"https:\\\/\\\/exaudi.org\\\/#website\"},\"primaryImageOfPage\":{\"@id\":\"https:\\\/\\\/exaudi.org\\\/es\\\/mexico-mensaje-obispos-curso-escolar\\\/#primaryimage\"},\"image\":{\"@id\":\"https:\\\/\\\/exaudi.org\\\/es\\\/mexico-mensaje-obispos-curso-escolar\\\/#primaryimage\"},\"thumbnailUrl\":\"https:\\\/\\\/exaudi.org\\\/wp-content\\\/uploads\\\/2021\\\/07\\\/2222111wss-scaled.jpg\",\"datePublished\":\"2021-07-28T10:55:59+00:00\",\"dateModified\":\"2021-07-29T08:15:58+00:00\",\"author\":{\"@id\":\"https:\\\/\\\/exaudi.org\\\/#\\\/schema\\\/person\\\/d134b96438278131ce90c90c03fda6cd\"},\"description\":\"Los obispos de la Conferencia Episcopal de M\u00e9xico publicaron un mensaje con motivo del curso escolar 2021-2022 en el contexto de la pandemia.\",\"breadcrumb\":{\"@id\":\"https:\\\/\\\/exaudi.org\\\/es\\\/mexico-mensaje-obispos-curso-escolar\\\/#breadcrumb\"},\"inLanguage\":\"es\",\"potentialAction\":[{\"@type\":\"ReadAction\",\"target\":[\"https:\\\/\\\/exaudi.org\\\/es\\\/mexico-mensaje-obispos-curso-escolar\\\/\"]}]},{\"@type\":\"ImageObject\",\"inLanguage\":\"es\",\"@id\":\"https:\\\/\\\/exaudi.org\\\/es\\\/mexico-mensaje-obispos-curso-escolar\\\/#primaryimage\",\"url\":\"https:\\\/\\\/exaudi.org\\\/wp-content\\\/uploads\\\/2021\\\/07\\\/2222111wss-scaled.jpg\",\"contentUrl\":\"https:\\\/\\\/exaudi.org\\\/wp-content\\\/uploads\\\/2021\\\/07\\\/2222111wss-scaled.jpg\",\"width\":2560,\"height\":1714,\"caption\":\"Escuela \u00a9 Pexels\"},{\"@type\":\"BreadcrumbList\",\"@id\":\"https:\\\/\\\/exaudi.org\\\/es\\\/mexico-mensaje-obispos-curso-escolar\\\/#breadcrumb\",\"itemListElement\":[{\"@type\":\"ListItem\",\"position\":1,\"name\":\"Portada\",\"item\":\"https:\\\/\\\/exaudi.org\\\/es\\\/\"},{\"@type\":\"ListItem\",\"position\":2,\"name\":\"M\u00e9xico: Mensaje de obispos ante nuevo curso escolar\"}]},{\"@type\":\"WebSite\",\"@id\":\"https:\\\/\\\/exaudi.org\\\/#website\",\"url\":\"https:\\\/\\\/exaudi.org\\\/\",\"name\":\"Exaudi\",\"description\":\"News\",\"potentialAction\":[{\"@type\":\"SearchAction\",\"target\":{\"@type\":\"EntryPoint\",\"urlTemplate\":\"https:\\\/\\\/exaudi.org\\\/?s={search_term_string}\"},\"query-input\":{\"@type\":\"PropertyValueSpecification\",\"valueRequired\":true,\"valueName\":\"search_term_string\"}}],\"inLanguage\":\"es\"},{\"@type\":\"Person\",\"@id\":\"https:\\\/\\\/exaudi.org\\\/#\\\/schema\\\/person\\\/d134b96438278131ce90c90c03fda6cd\",\"name\":\"Gabriel Sales\",\"image\":{\"@type\":\"ImageObject\",\"inLanguage\":\"es\",\"@id\":\"https:\\\/\\\/secure.gravatar.com\\\/avatar\\\/9b1269566f6a063ed26ffb3532b66a373cdde231ce5d0effb266167437fdaffd?s=96&d=mm&r=g\",\"url\":\"https:\\\/\\\/secure.gravatar.com\\\/avatar\\\/9b1269566f6a063ed26ffb3532b66a373cdde231ce5d0effb266167437fdaffd?s=96&d=mm&r=g\",\"contentUrl\":\"https:\\\/\\\/secure.gravatar.com\\\/avatar\\\/9b1269566f6a063ed26ffb3532b66a373cdde231ce5d0effb266167437fdaffd?s=96&d=mm&r=g\",\"caption\":\"Gabriel Sales\"},\"description\":\"Periodista y especialista en Comunicaci\u00f3n y Branding digital. Cin\u00e9filo y cr\u00edtico de cine y series de televisi\u00f3n.\",\"sameAs\":[\"https:\\\/\\\/www.instagram.com\\\/cine90segundos\\\/\",\"www.linkedin.com\\\/in\\\/habemusman\",\"https:\\\/\\\/x.com\\\/habemusman\",\"https:\\\/\\\/www.youtube.com\\\/channel\\\/UCVfCiOMkJ_C7T7OpyjuaLDg\"],\"url\":\"https:\\\/\\\/exaudi.org\\\/es\\\/author\\\/gsalesexaudi-org\\\/\"}]}<\/script>\n<!-- \/ Yoast SEO plugin. -->","yoast_head_json":{"title":"M\u00e9xico: Mensaje de obispos ante nuevo curso escolar - Exaudi","description":"Los obispos de la Conferencia Episcopal de M\u00e9xico publicaron un mensaje con motivo del curso escolar 2021-2022 en el contexto de la pandemia.","robots":{"index":"index","follow":"follow","max-snippet":"max-snippet:-1","max-image-preview":"max-image-preview:large","max-video-preview":"max-video-preview:-1"},"canonical":"https:\/\/exaudi.org\/es\/mexico-mensaje-obispos-curso-escolar\/","og_locale":"es_ES","og_type":"article","og_title":"M\u00e9xico: Mensaje de obispos ante nuevo curso escolar - Exaudi","og_description":"Los obispos de la Conferencia Episcopal de M\u00e9xico publicaron un mensaje con motivo del curso escolar 2021-2022 en el contexto de la pandemia.","og_url":"https:\/\/exaudi.org\/es\/mexico-mensaje-obispos-curso-escolar\/","og_site_name":"Exaudi","article_publisher":"https:\/\/www.facebook.com\/ExaudiNews","article_published_time":"2021-07-28T10:55:59+00:00","article_modified_time":"2021-07-29T08:15:58+00:00","og_image":[{"width":2560,"height":1714,"url":"https:\/\/exaudi.org\/wp-content\/uploads\/2021\/07\/2222111wss-scaled.jpg","type":"image\/jpeg"}],"author":"Gabriel Sales","twitter_card":"summary_large_image","twitter_creator":"@habemusman","twitter_site":"@Exaudi_News","twitter_misc":{"Escrito por":"Gabriel Sales","Tiempo de lectura":"2 minutos"},"schema":{"@context":"https:\/\/schema.org","@graph":[{"@type":"Article","@id":"https:\/\/exaudi.org\/es\/mexico-mensaje-obispos-curso-escolar\/#article","isPartOf":{"@id":"https:\/\/exaudi.org\/es\/mexico-mensaje-obispos-curso-escolar\/"},"author":{"name":"Gabriel Sales","@id":"https:\/\/exaudi.org\/#\/schema\/person\/d134b96438278131ce90c90c03fda6cd"},"headline":"M\u00e9xico: Mensaje de obispos ante nuevo curso escolar","datePublished":"2021-07-28T10:55:59+00:00","dateModified":"2021-07-29T08:15:58+00:00","mainEntityOfPage":{"@id":"https:\/\/exaudi.org\/es\/mexico-mensaje-obispos-curso-escolar\/"},"wordCount":493,"image":{"@id":"https:\/\/exaudi.org\/es\/mexico-mensaje-obispos-curso-escolar\/#primaryimage"},"thumbnailUrl":"https:\/\/exaudi.org\/wp-content\/uploads\/2021\/07\/2222111wss-scaled.jpg","keywords":["Conferencia Episcopal de M\u00e9xico (CEM)","Curso escolar","Curso escolar","Educaci\u00f3n","pandemia"],"articleSection":["Educaci\u00f3n","Iglesia Local","\u00daltimas noticias"],"inLanguage":"es"},{"@type":"WebPage","@id":"https:\/\/exaudi.org\/es\/mexico-mensaje-obispos-curso-escolar\/","url":"https:\/\/exaudi.org\/es\/mexico-mensaje-obispos-curso-escolar\/","name":"M\u00e9xico: Mensaje de obispos ante nuevo curso escolar - Exaudi","isPartOf":{"@id":"https:\/\/exaudi.org\/#website"},"primaryImageOfPage":{"@id":"https:\/\/exaudi.org\/es\/mexico-mensaje-obispos-curso-escolar\/#primaryimage"},"image":{"@id":"https:\/\/exaudi.org\/es\/mexico-mensaje-obispos-curso-escolar\/#primaryimage"},"thumbnailUrl":"https:\/\/exaudi.org\/wp-content\/uploads\/2021\/07\/2222111wss-scaled.jpg","datePublished":"2021-07-28T10:55:59+00:00","dateModified":"2021-07-29T08:15:58+00:00","author":{"@id":"https:\/\/exaudi.org\/#\/schema\/person\/d134b96438278131ce90c90c03fda6cd"},"description":"Los obispos de la Conferencia Episcopal de M\u00e9xico publicaron un mensaje con motivo del curso escolar 2021-2022 en el contexto de la pandemia.","breadcrumb":{"@id":"https:\/\/exaudi.org\/es\/mexico-mensaje-obispos-curso-escolar\/#breadcrumb"},"inLanguage":"es","potentialAction":[{"@type":"ReadAction","target":["https:\/\/exaudi.org\/es\/mexico-mensaje-obispos-curso-escolar\/"]}]},{"@type":"ImageObject","inLanguage":"es","@id":"https:\/\/exaudi.org\/es\/mexico-mensaje-obispos-curso-escolar\/#primaryimage","url":"https:\/\/exaudi.org\/wp-content\/uploads\/2021\/07\/2222111wss-scaled.jpg","contentUrl":"https:\/\/exaudi.org\/wp-content\/uploads\/2021\/07\/2222111wss-scaled.jpg","width":2560,"height":1714,"caption":"Escuela \u00a9 Pexels"},{"@type":"BreadcrumbList","@id":"https:\/\/exaudi.org\/es\/mexico-mensaje-obispos-curso-escolar\/#breadcrumb","itemListElement":[{"@type":"ListItem","position":1,"name":"Portada","item":"https:\/\/exaudi.org\/es\/"},{"@type":"ListItem","position":2,"name":"M\u00e9xico: Mensaje de obispos ante nuevo curso escolar"}]},{"@type":"WebSite","@id":"https:\/\/exaudi.org\/#website","url":"https:\/\/exaudi.org\/","name":"Exaudi","description":"News","potentialAction":[{"@type":"SearchAction","target":{"@type":"EntryPoint","urlTemplate":"https:\/\/exaudi.org\/?s={search_term_string}"},"query-input":{"@type":"PropertyValueSpecification","valueRequired":true,"valueName":"search_term_string"}}],"inLanguage":"es"},{"@type":"Person","@id":"https:\/\/exaudi.org\/#\/schema\/person\/d134b96438278131ce90c90c03fda6cd","name":"Gabriel Sales","image":{"@type":"ImageObject","inLanguage":"es","@id":"https:\/\/secure.gravatar.com\/avatar\/9b1269566f6a063ed26ffb3532b66a373cdde231ce5d0effb266167437fdaffd?s=96&d=mm&r=g","url":"https:\/\/secure.gravatar.com\/avatar\/9b1269566f6a063ed26ffb3532b66a373cdde231ce5d0effb266167437fdaffd?s=96&d=mm&r=g","contentUrl":"https:\/\/secure.gravatar.com\/avatar\/9b1269566f6a063ed26ffb3532b66a373cdde231ce5d0effb266167437fdaffd?s=96&d=mm&r=g","caption":"Gabriel Sales"},"description":"Periodista y especialista en Comunicaci\u00f3n y Branding digital. Cin\u00e9filo y cr\u00edtico de cine y series de televisi\u00f3n.","sameAs":["https:\/\/www.instagram.com\/cine90segundos\/","www.linkedin.com\/in\/habemusman","https:\/\/x.com\/habemusman","https:\/\/www.youtube.com\/channel\/UCVfCiOMkJ_C7T7OpyjuaLDg"],"url":"https:\/\/exaudi.org\/es\/author\/gsalesexaudi-org\/"}]}},"jetpack_featured_media_url":"https:\/\/exaudi.org\/wp-content\/uploads\/2021\/07\/2222111wss-scaled.jpg","jetpack_shortlink":"https:\/\/wp.me\/pgKjF2-7uH","_links":{"self":[{"href":"https:\/\/exaudi.org\/es\/wp-json\/wp\/v2\/posts\/28811","targetHints":{"allow":["GET"]}}],"collection":[{"href":"https:\/\/exaudi.org\/es\/wp-json\/wp\/v2\/posts"}],"about":[{"href":"https:\/\/exaudi.org\/es\/wp-json\/wp\/v2\/types\/post"}],"author":[{"embeddable":true,"href":"https:\/\/exaudi.org\/es\/wp-json\/wp\/v2\/users\/6"}],"replies":[{"embeddable":true,"href":"https:\/\/exaudi.org\/es\/wp-json\/wp\/v2\/comments?post=28811"}],"version-history":[{"count":0,"href":"https:\/\/exaudi.org\/es\/wp-json\/wp\/v2\/posts\/28811\/revisions"}],"wp:featuredmedia":[{"embeddable":true,"href":"https:\/\/exaudi.org\/es\/wp-json\/wp\/v2\/media\/28813"}],"wp:attachment":[{"href":"https:\/\/exaudi.org\/es\/wp-json\/wp\/v2\/media?parent=28811"}],"wp:term":[{"taxonomy":"category","embeddable":true,"href":"https:\/\/exaudi.org\/es\/wp-json\/wp\/v2\/categories?post=28811"},{"taxonomy":"post_tag","embeddable":true,"href":"https:\/\/exaudi.org\/es\/wp-json\/wp\/v2\/tags?post=28811"}],"curies":[{"name":"wp","href":"https:\/\/api.w.org\/{rel}","templated":true}]}}