{"id":28666,"date":"2025-07-27T07:30:25","date_gmt":"2025-07-27T05:30:25","guid":{"rendered":"https:\/\/exaudi.org\/?p=28666"},"modified":"2025-06-20T12:33:37","modified_gmt":"2025-06-20T10:33:37","slug":"beata-maria-magdalena-martinengo-27-julio","status":"publish","type":"post","link":"https:\/\/exaudi.org\/es\/beata-maria-magdalena-martinengo-27-julio\/","title":{"rendered":"Beata Mar\u00eda Magdalena Martinengo, 27 de julio"},"content":{"rendered":"<p><span style=\"font-weight: 400;\">Natural de Brescia, Italia, donde vio la luz en 1687, la vida de esta arist\u00f3crata rebate la idea de que la fragilidad est\u00e1 re\u00f1ida con la fortaleza, argumento insostenible cuando Dios est\u00e1 por medio. Fue una de las m\u00e1s grandes ascetas que se conocen, rayando sus penitencias, si pudiera expresarse as\u00ed, en lo supra-heroico. <\/span><\/p>\n<p><span style=\"font-weight: 400;\">Y eso que naci\u00f3 con una naturaleza tan fr\u00e1gil que nadie pens\u00f3 que iba a sobrevivir. Menos a\u00fan cuando su madre, la condesa de Secchi de Arag\u00f3n, no logr\u00f3 hacerlo; sucumbi\u00f3 tras el parto. Tal era la gravedad de la ni\u00f1a que hasta fue bautizada con urgencia temiendo que no pudiera recibir este sacramento. <\/span><\/p>\n<p><span style=\"font-weight: 400;\">Durante varios meses Francisco Leopardo Martinengo, conde de Barco, feliz por acoger a la ni\u00f1a en una familia que contaba ya con dos varones,<\/span> <span style=\"font-weight: 400;\">y siendo viudo, vivi\u00f3 con zozobra por la salud de la peque\u00f1a que estuvo m\u00e1s cerca de la muerte que de la vida.<\/span> <span style=\"font-weight: 400;\">Despu\u00e9s, Margarita, que ese fue su nombre de pila, creci\u00f3 atada a los m\u00e9dicos.\u00a0<\/span><\/p>\n<p><span style=\"font-weight: 400;\">Su porte distinguido, suma de genes y de la clase privilegiada a la que pertenec\u00eda, le jug\u00f3 una mala pasada a la edad de 5 a\u00f1os. Y es que una vez se sinti\u00f3 admirada por las numerosas personas que se hallaban en su palacio cuando desfil\u00f3 ataviada con un espl\u00e9ndido vestido. Este hecho sin relevancia para otras personas, no lo fue para ella; quiso purgar su desliz vanidoso toda la vida. Tambi\u00e9n reconoci\u00f3 su afici\u00f3n por lecturas que no le hac\u00edan ning\u00fan bien. <\/span><\/p>\n<p><span style=\"font-weight: 400;\">El d\u00eda de su primera comuni\u00f3n, en el que tanto so\u00f1\u00f3 porque anhelaba recibir a Cristo, hab\u00eda pasado por la angustia de ver c\u00f3mo la Sagrada Forma se ca\u00eda al suelo. De ese momento, que debi\u00f3 ser para ella traum\u00e1tico, le qued\u00f3 una impresi\u00f3n que sol\u00eda aparecer cada vez que iba a recibirla: \u201cun fr\u00edo mortal invad\u00eda no solo su alma, sino tambi\u00e9n todo su cuerpo\u201d.\u00a0<\/span><\/p>\n<p><span style=\"font-weight: 400;\">A los 13 a\u00f1os consagr\u00f3 privadamente su virginidad. A los 18 a\u00f1os era una joven hermosa, elegante, y muy inteligente que hab\u00eda sido educada por una ursulina. Complet\u00f3 su formaci\u00f3n en el monasterio de Santa Mar\u00eda de los \u00c1ngeles donde resid\u00edan dos t\u00edas suyas. Entonces iba ascendiendo por la escala de los m\u00edsticos, llevada por un amor de tal envergadura que todo se le hac\u00eda poco para purificar las debilidades que apreciaba en s\u00ed misma, lo cual le provocaba gran aflicci\u00f3n. <\/span><\/p>\n<p><span style=\"font-weight: 400;\">Con sus antecedentes y apariencia nadie pod\u00eda imaginar que desde hac\u00eda tiempo se mortificaba con disciplinas, ayunos, cilicios y todo lo que se le ocurr\u00eda para asemejarse m\u00e1s a Cristo Redentor. Llevaba una vida de intensa piedad. Era generos\u00edsima, socorr\u00eda a los pobres, y estaba seducida por la vida de los santos que le\u00eda. <\/span><\/p>\n<p><span style=\"font-weight: 400;\">Pero su padre no pens\u00f3 ni por asomo que esa hija, a la que proteg\u00eda en extremo, le plantear\u00eda su ingreso en el convento. Cuando lo hizo, ide\u00f3 todas las formas posibles para disuadirla. En su empe\u00f1o le ayudaron los hermanos y hasta las t\u00edas de Margarita. Consideraban que, en todo caso, le convendr\u00eda un buen matrimonio. \u00bfC\u00f3mo podr\u00eda sobrevivir en un monasterio alguien que ten\u00eda tan mala salud? Estos eran sus argumentos. Pero Margarita se empe\u00f1\u00f3 y libr\u00f3 una lucha sin cuartel, de la que sali\u00f3 vencedora.\u00a0<\/span><\/p>\n<p><span style=\"font-weight: 400;\">En 1705, a sus 18 a\u00f1os, Mar\u00eda Magdalena se integr\u00f3 en la comunidad de capuchinas de Brescia, no tanto por elecci\u00f3n propia, ya que habr\u00eda pensado en otro Instituto, como por considerar que abraz\u00e1ndose a ese carisma cumpl\u00eda la voluntad de Dios. Y ah\u00ed se inici\u00f3 su particular calvario, que dur\u00f3 treinta a\u00f1os.<\/span><\/p>\n<p><span style=\"font-weight: 400;\"> Le dieron el nombre de Magdalena. Y tanto la superiora como la maestra de novicias y hasta la \u00faltima de las religiosas la maltrataron, como hoy se dir\u00eda, psicol\u00f3gicamente, no solo con humillaciones, sino sembrando por doquier recelos y desconfianzas hacia ella. Alguna pens\u00f3, y as\u00ed lo manifest\u00f3, que su presencia en el convento hundir\u00eda a la Orden; siempre el juicio humano en las ant\u00edpodas del divino. <\/span><\/p>\n<p><span style=\"font-weight: 400;\">El d\u00eda de la convocatoria en la que todas deb\u00edan manifestar su juicio respecto a su permanencia en el convento, se supon\u00eda que el resultado de la votaci\u00f3n secreta ser\u00eda su expulsi\u00f3n. Sin embargo, la unanimidad para que se quedase entre ellas fue inequ\u00edvoca. Al parecer, en el momento de manifestar su juicio muchas se sintieron \u00edntimamente movidas a modificar el voto negativo en el que inicialmente pensaron.\u00a0<\/span><\/p>\n<p><span style=\"font-weight: 400;\">Mientras, Margarita continu\u00f3 con su vida de penitencia, siempre <\/span><i><span style=\"font-weight: 400;\">in crescendo<\/span><\/i><span style=\"font-weight: 400;\">, ante el asombro de confesores, quienes tampoco la comprend\u00edan, y el desprecio y toda clase de agravios de la abadesa y del resto de las hermanas. Fue cocinera, portera, y m\u00e1s adelante maestra de novicias en tres ocasiones.<\/span><\/p>\n<p><span style=\"font-weight: 400;\"> Ella misma, y aunque no lo deseaba, fue elegida abadesa. Sus mortificaciones sever\u00edsimas respond\u00edan a su ferviente petici\u00f3n de que Cristo no le ahorrase ning\u00fan suplicio. Y junto a tantos instantes cotidianos en los que deb\u00eda vencerse, a\u00f1ad\u00eda otras penitencias para no vivir ni un minuto sin padecer por \u00c9l.\u00a0<\/span><\/p>\n<p><span style=\"font-weight: 400;\">Sufri\u00f3 acuciantes tentaciones. Tal fue su angustia en algunos momentos que lleg\u00f3 a rozar el paroxismo en su desesperaci\u00f3n: \u201ccasi deseaba matarme para ir m\u00e1s pronto al infierno\u201d. Pas\u00f3 por encima de las falsas acusaciones y la soledad a la que fue condenada temporalmente impidi\u00e9ndole comentar asuntos espirituales con las novicias. Lo super\u00f3 todo con la gracia divina; sal\u00eda fortalecida en las tribulaciones. <\/span><\/p>\n<p><span style=\"font-weight: 400;\">Mar\u00eda Magdalena resum\u00eda su anhelo de sufrir por Cristo, diciendo: \u201cSi no hubiera tenido las penas corporales para refrigerar o calmar el ardor del amor a Dios, me hubiera sido imposible soportarlo\u201d. Viv\u00eda siempre con heroica caridad, fiel al carisma franciscano. Fue agraciada con numerosos bienes espirituales y dones diversos. Al final, contando ya con el amor de sus hermanas, y rodeada de ellas, muri\u00f3 el 27 de julio de 1737. Le\u00f3n XIII la beatific\u00f3 el 3 de junio de 1900.<\/span><\/p>\n<p><img loading=\"lazy\" decoding=\"async\" class=\"size-full wp-image-128502 alignnone\" src=\"https:\/\/exaudi.org\/wp-content\/uploads\/2024\/07\/Santoral-3-1.jpg\" alt=\"\" width=\"1080\" height=\"1080\" srcset=\"https:\/\/exaudi.org\/wp-content\/uploads\/2024\/07\/Santoral-3-1.jpg 1080w, https:\/\/exaudi.org\/wp-content\/uploads\/2024\/07\/Santoral-3-1-300x300.jpg 300w, https:\/\/exaudi.org\/wp-content\/uploads\/2024\/07\/Santoral-3-1-1024x1024.jpg 1024w, https:\/\/exaudi.org\/wp-content\/uploads\/2024\/07\/Santoral-3-1-100x100.jpg?crop=1 100w, https:\/\/exaudi.org\/wp-content\/uploads\/2024\/07\/Santoral-3-1-770x770.jpg 770w, https:\/\/exaudi.org\/wp-content\/uploads\/2024\/07\/Santoral-3-1-500x500.jpg 500w\" sizes=\"auto, (max-width: 1080px) 100vw, 1080px\" \/><\/p>\n<h6><em><img loading=\"lazy\" decoding=\"async\" class=\"alignright wp-image-2208\" src=\"https:\/\/exaudi.org\/wp-content\/uploads\/2021\/02\/santoral-scaled-1-725x1024.jpg\" alt=\"santoral Isabel Orellana\" width=\"262\" height=\"370\" \/>\u00a9 <a href=\"https:\/\/exaudi.org\/es\/author\/isabelorellana\/\" target=\"_blank\" rel=\"noopener noreferrer\">Isabel Orellana Vilches<\/a>, 2018<\/em><br \/>\n<em>Autora vinculada a<\/em><br \/>\n<img loading=\"lazy\" decoding=\"async\" class=\"alignnone size-full wp-image-41949\" src=\"https:\/\/www.idente.org\/wp-content\/uploads\/logo-cedro-v01-843x295-1-e1603384654546.png\" alt=\"\" width=\"80\" height=\"28\" \/><br \/>\nObra protegida por derechos de autor.<br \/>\nInscrita en el Registro de la Propiedad Intelectual el 24 de noviembre de 2014.<br \/>\n________________<br \/>\nDerechos de edici\u00f3n reservados:<br \/>\nFundaci\u00f3n <a href=\"https:\/\/rielo.com\/\" target=\"_blank\" rel=\"noopener noreferrer\">Fernando Rielo<\/a><br \/>\nGoya 20, 4.\u00ba izq. int. 28001 Madrid<br \/>\nTlf.: (34) 91 575 40 91<br \/>\nCorreo electr\u00f3nico: fundacion@rielo.com<\/h6>\n<div class=\"page\" title=\"Page 4\">\n<div class=\"layoutArea\">\n<div class=\"column\">\n<h6>Dep\u00f3sito legal: M-18664-2020<br \/>\nISBN: 978-84-946646-6-3<\/h6>\n<\/div>\n<\/div>\n<\/div>\n","protected":false},"excerpt":{"rendered":"<p>Religiosa franciscana<\/p>\n","protected":false},"author":23,"featured_media":28667,"comment_status":"closed","ping_status":"closed","sticky":false,"template":"","format":"standard","meta":{"_acf_changed":false,"_crdt_document":"","inline_featured_image":false,"footnotes":""},"categories":[2772],"tags":[3483,388,387,4953],"class_list":["post-28666","post","type-post","status-publish","format-standard","has-post-thumbnail","hentry","category-santoral","tag-beata-maria-magdalena-martinengo","tag-isabel-orellana-vilches","tag-santoral","tag-trending-es"],"acf":[],"yoast_head":"<!-- This site is optimized with the Yoast SEO plugin v27.5 - https:\/\/yoast.com\/product\/yoast-seo-wordpress\/ -->\n<title>Beata Mar\u00eda Magdalena Martinengo, 27 de julio &#8211; Exaudi<\/title>\n<meta name=\"description\" content=\"Santoral del 27 de julio de 2022, beata Mar\u00eda Magdalena Martinengo, por Isabel Orellana Vilches y Fundaci\u00f3n Fernando Rielo.\" \/>\n<meta name=\"robots\" content=\"index, follow, max-snippet:-1, max-image-preview:large, max-video-preview:-1\" \/>\n<link rel=\"canonical\" href=\"https:\/\/exaudi.org\/es\/beata-maria-magdalena-martinengo-27-julio\/\" \/>\n<meta property=\"og:locale\" content=\"es_ES\" \/>\n<meta property=\"og:type\" content=\"article\" \/>\n<meta property=\"og:title\" content=\"Beata Mar\u00eda Magdalena Martinengo, 27 de julio &#8211; Exaudi\" \/>\n<meta property=\"og:description\" content=\"Santoral del 27 de julio de 2022, beata Mar\u00eda Magdalena Martinengo, por Isabel Orellana Vilches y Fundaci\u00f3n Fernando Rielo.\" \/>\n<meta property=\"og:url\" content=\"https:\/\/exaudi.org\/es\/beata-maria-magdalena-martinengo-27-julio\/\" \/>\n<meta property=\"og:site_name\" content=\"Exaudi\" \/>\n<meta property=\"article:publisher\" content=\"https:\/\/www.facebook.com\/ExaudiNews\" \/>\n<meta property=\"article:published_time\" content=\"2025-07-27T05:30:25+00:00\" \/>\n<meta property=\"og:image\" content=\"https:\/\/exaudi.org\/wp-content\/uploads\/2021\/07\/maddalena-1-e1469566129980.jpg\" \/>\n\t<meta property=\"og:image:width\" content=\"400\" \/>\n\t<meta property=\"og:image:height\" content=\"287\" \/>\n\t<meta property=\"og:image:type\" content=\"image\/jpeg\" \/>\n<meta name=\"author\" content=\"Isabel Orellana\" \/>\n<meta name=\"twitter:card\" content=\"summary_large_image\" \/>\n<meta name=\"twitter:creator\" content=\"@Exaudi_News\" \/>\n<meta name=\"twitter:site\" content=\"@Exaudi_News\" \/>\n<meta name=\"twitter:label1\" content=\"Escrito por\" \/>\n\t<meta name=\"twitter:data1\" content=\"Isabel Orellana\" \/>\n\t<meta name=\"twitter:label2\" content=\"Tiempo de lectura\" \/>\n\t<meta name=\"twitter:data2\" content=\"6 minutos\" \/>\n<script type=\"application\/ld+json\" class=\"yoast-schema-graph\">{\"@context\":\"https:\\\/\\\/schema.org\",\"@graph\":[{\"@type\":\"Article\",\"@id\":\"https:\\\/\\\/exaudi.org\\\/es\\\/beata-maria-magdalena-martinengo-27-julio\\\/#article\",\"isPartOf\":{\"@id\":\"https:\\\/\\\/exaudi.org\\\/es\\\/beata-maria-magdalena-martinengo-27-julio\\\/\"},\"author\":{\"name\":\"Isabel Orellana\",\"@id\":\"https:\\\/\\\/exaudi.org\\\/#\\\/schema\\\/person\\\/64e18b96fd6118559a9217b5b3375fdc\"},\"headline\":\"Beata Mar\u00eda Magdalena Martinengo, 27 de julio\",\"datePublished\":\"2025-07-27T05:30:25+00:00\",\"mainEntityOfPage\":{\"@id\":\"https:\\\/\\\/exaudi.org\\\/es\\\/beata-maria-magdalena-martinengo-27-julio\\\/\"},\"wordCount\":1113,\"image\":{\"@id\":\"https:\\\/\\\/exaudi.org\\\/es\\\/beata-maria-magdalena-martinengo-27-julio\\\/#primaryimage\"},\"thumbnailUrl\":\"https:\\\/\\\/exaudi.org\\\/wp-content\\\/uploads\\\/2021\\\/07\\\/maddalena-1-e1469566129980.jpg\",\"keywords\":[\"Beata Mar\u00eda Magdalena Martinengo\",\"Isabel Orellana Vilches\",\"Santoral\",\"Trending\"],\"articleSection\":[\"Santoral\"],\"inLanguage\":\"es\"},{\"@type\":\"WebPage\",\"@id\":\"https:\\\/\\\/exaudi.org\\\/es\\\/beata-maria-magdalena-martinengo-27-julio\\\/\",\"url\":\"https:\\\/\\\/exaudi.org\\\/es\\\/beata-maria-magdalena-martinengo-27-julio\\\/\",\"name\":\"Beata Mar\u00eda Magdalena Martinengo, 27 de julio &#8211; Exaudi\",\"isPartOf\":{\"@id\":\"https:\\\/\\\/exaudi.org\\\/#website\"},\"primaryImageOfPage\":{\"@id\":\"https:\\\/\\\/exaudi.org\\\/es\\\/beata-maria-magdalena-martinengo-27-julio\\\/#primaryimage\"},\"image\":{\"@id\":\"https:\\\/\\\/exaudi.org\\\/es\\\/beata-maria-magdalena-martinengo-27-julio\\\/#primaryimage\"},\"thumbnailUrl\":\"https:\\\/\\\/exaudi.org\\\/wp-content\\\/uploads\\\/2021\\\/07\\\/maddalena-1-e1469566129980.jpg\",\"datePublished\":\"2025-07-27T05:30:25+00:00\",\"author\":{\"@id\":\"https:\\\/\\\/exaudi.org\\\/#\\\/schema\\\/person\\\/64e18b96fd6118559a9217b5b3375fdc\"},\"description\":\"Santoral del 27 de julio de 2022, beata Mar\u00eda Magdalena Martinengo, por Isabel Orellana Vilches y Fundaci\u00f3n Fernando Rielo.\",\"breadcrumb\":{\"@id\":\"https:\\\/\\\/exaudi.org\\\/es\\\/beata-maria-magdalena-martinengo-27-julio\\\/#breadcrumb\"},\"inLanguage\":\"es\",\"potentialAction\":[{\"@type\":\"ReadAction\",\"target\":[\"https:\\\/\\\/exaudi.org\\\/es\\\/beata-maria-magdalena-martinengo-27-julio\\\/\"]}]},{\"@type\":\"ImageObject\",\"inLanguage\":\"es\",\"@id\":\"https:\\\/\\\/exaudi.org\\\/es\\\/beata-maria-magdalena-martinengo-27-julio\\\/#primaryimage\",\"url\":\"https:\\\/\\\/exaudi.org\\\/wp-content\\\/uploads\\\/2021\\\/07\\\/maddalena-1-e1469566129980.jpg\",\"contentUrl\":\"https:\\\/\\\/exaudi.org\\\/wp-content\\\/uploads\\\/2021\\\/07\\\/maddalena-1-e1469566129980.jpg\",\"width\":400,\"height\":287,\"caption\":\"Beata Mar\u00eda Magdalena Martinengo \u00a9 ioamogesu.com\"},{\"@type\":\"BreadcrumbList\",\"@id\":\"https:\\\/\\\/exaudi.org\\\/es\\\/beata-maria-magdalena-martinengo-27-julio\\\/#breadcrumb\",\"itemListElement\":[{\"@type\":\"ListItem\",\"position\":1,\"name\":\"Portada\",\"item\":\"https:\\\/\\\/exaudi.org\\\/es\\\/\"},{\"@type\":\"ListItem\",\"position\":2,\"name\":\"Beata Mar\u00eda Magdalena Martinengo, 27 de julio\"}]},{\"@type\":\"WebSite\",\"@id\":\"https:\\\/\\\/exaudi.org\\\/#website\",\"url\":\"https:\\\/\\\/exaudi.org\\\/\",\"name\":\"Exaudi\",\"description\":\"News\",\"potentialAction\":[{\"@type\":\"SearchAction\",\"target\":{\"@type\":\"EntryPoint\",\"urlTemplate\":\"https:\\\/\\\/exaudi.org\\\/?s={search_term_string}\"},\"query-input\":{\"@type\":\"PropertyValueSpecification\",\"valueRequired\":true,\"valueName\":\"search_term_string\"}}],\"inLanguage\":\"es\"},{\"@type\":\"Person\",\"@id\":\"https:\\\/\\\/exaudi.org\\\/#\\\/schema\\\/person\\\/64e18b96fd6118559a9217b5b3375fdc\",\"name\":\"Isabel Orellana\",\"image\":{\"@type\":\"ImageObject\",\"inLanguage\":\"es\",\"@id\":\"https:\\\/\\\/secure.gravatar.com\\\/avatar\\\/51968380bbb6b22ae85c605634860366fd9a2a611c6341125115bca32cd6c171?s=96&d=mm&r=g\",\"url\":\"https:\\\/\\\/secure.gravatar.com\\\/avatar\\\/51968380bbb6b22ae85c605634860366fd9a2a611c6341125115bca32cd6c171?s=96&d=mm&r=g\",\"contentUrl\":\"https:\\\/\\\/secure.gravatar.com\\\/avatar\\\/51968380bbb6b22ae85c605634860366fd9a2a611c6341125115bca32cd6c171?s=96&d=mm&r=g\",\"caption\":\"Isabel Orellana\"},\"description\":\"Isabel Orellana Vilches Misionera idente. Doctora en Filosof\u00eda por la Universidad Aut\u00f3noma de Barcelona con la tesis Realismo y progreso cient\u00edfico en la epistemolog\u00eda popperiana. Ha cursado estudios de teolog\u00eda en la Universidad Pontificia de Salamanca. Con amplia actividad docente desde 1986, ha publicado libros como: Realismo y progreso cient\u00edfico en la epistemolog\u00eda popperiana, Universitat Aut\u00f2noma de Barcelona, 1993; El evangelio habla a los j\u00f3venes, Atenas, Madrid, 1997; Qu\u00e9 es... LA TOLERANCIA, Paulinas, Madrid, 1999; Pedagog\u00eda del dolor. Ensayo antropol\u00f3gico, Palabra, Madrid, 1999; En colaboraci\u00f3n con Enrique Rivera de Ventosa (\u2020) OFM. Cap. San Francisco de As\u00eds y Fernando Rielo: Convergencias. Respuestas desde la fe a los interrogantes del hombre de hoy, Universidad Pontificia, Salamanca, 2001; La \\\"mirada\\\" del cine. Recursos did\u00e1cticos del s\u00e9ptimo arte. Librer\u00eda Cervantes, Salamanca, 2001; Paradojas de la convivencia, San Pablo, Madrid, 2002; En la Universidad T\u00e9cnica Particular de Loja, Ecuador, ha publicado: La confianza. El arte de amar, 2002; Educar para la responsabilidad, 2003; Apuntes de \u00e9tica en Karl R. Popper, 2003; De soledades y comunicaci\u00f3n, 2005; Yo educo; t\u00fa respondes, 2008; Humanismo y fe en un crisol de culturas, 2008; Repensar lo cotidiano, 2008; Convivir: un constante desaf\u00edo, 2009; La l\u00f3gica del amor, 2010; El dolor del amor. Apuntes sobre la enfermedad y el dolor en relaci\u00f3n con la virtud heroica, el martirio y la vida santa. Seminario Diocesano de M\u00e1laga, 2006 y Universidad T\u00e9cnica Particular de Loja, Ecuador (2007). Cuenta con numerosas colaboraciones en obras colectivas, as\u00ed como relatos, cuentos, f\u00e1bula y novela juvenil, adem\u00e1s de art\u00edculos de tem\u00e1tica cient\u00edfica, pedag\u00f3gica y espiritual, que viene publicando en distintas revistas nacionales e internacionales. En 2012 culmin\u00f3 el santoral Llamados a ser santos y poco m\u00e1s tarde Epopeyas de amor prologado por mons. Fernando Sebasti\u00e1n. Es la bi\u00f3grafa oficial del fundador de su familia espiritual, autora de Fernando Rielo Pardal. Fundador de los Misioneros Identes, Descl\u00e9e de Brouwer, Bilbao, 2009. Culmina la biograf\u00eda completa. Encargada del santoral de ZENIT desde 2012 a 2020 y ahora en Exaudi\",\"url\":\"https:\\\/\\\/exaudi.org\\\/es\\\/author\\\/isabelorellana\\\/\"}]}<\/script>\n<!-- \/ Yoast SEO plugin. -->","yoast_head_json":{"title":"Beata Mar\u00eda Magdalena Martinengo, 27 de julio &#8211; Exaudi","description":"Santoral del 27 de julio de 2022, beata Mar\u00eda Magdalena Martinengo, por Isabel Orellana Vilches y Fundaci\u00f3n Fernando Rielo.","robots":{"index":"index","follow":"follow","max-snippet":"max-snippet:-1","max-image-preview":"max-image-preview:large","max-video-preview":"max-video-preview:-1"},"canonical":"https:\/\/exaudi.org\/es\/beata-maria-magdalena-martinengo-27-julio\/","og_locale":"es_ES","og_type":"article","og_title":"Beata Mar\u00eda Magdalena Martinengo, 27 de julio &#8211; Exaudi","og_description":"Santoral del 27 de julio de 2022, beata Mar\u00eda Magdalena Martinengo, por Isabel Orellana Vilches y Fundaci\u00f3n Fernando Rielo.","og_url":"https:\/\/exaudi.org\/es\/beata-maria-magdalena-martinengo-27-julio\/","og_site_name":"Exaudi","article_publisher":"https:\/\/www.facebook.com\/ExaudiNews","article_published_time":"2025-07-27T05:30:25+00:00","og_image":[{"width":400,"height":287,"url":"https:\/\/exaudi.org\/wp-content\/uploads\/2021\/07\/maddalena-1-e1469566129980.jpg","type":"image\/jpeg"}],"author":"Isabel Orellana","twitter_card":"summary_large_image","twitter_creator":"@Exaudi_News","twitter_site":"@Exaudi_News","twitter_misc":{"Escrito por":"Isabel Orellana","Tiempo de lectura":"6 minutos"},"schema":{"@context":"https:\/\/schema.org","@graph":[{"@type":"Article","@id":"https:\/\/exaudi.org\/es\/beata-maria-magdalena-martinengo-27-julio\/#article","isPartOf":{"@id":"https:\/\/exaudi.org\/es\/beata-maria-magdalena-martinengo-27-julio\/"},"author":{"name":"Isabel Orellana","@id":"https:\/\/exaudi.org\/#\/schema\/person\/64e18b96fd6118559a9217b5b3375fdc"},"headline":"Beata Mar\u00eda Magdalena Martinengo, 27 de julio","datePublished":"2025-07-27T05:30:25+00:00","mainEntityOfPage":{"@id":"https:\/\/exaudi.org\/es\/beata-maria-magdalena-martinengo-27-julio\/"},"wordCount":1113,"image":{"@id":"https:\/\/exaudi.org\/es\/beata-maria-magdalena-martinengo-27-julio\/#primaryimage"},"thumbnailUrl":"https:\/\/exaudi.org\/wp-content\/uploads\/2021\/07\/maddalena-1-e1469566129980.jpg","keywords":["Beata Mar\u00eda Magdalena Martinengo","Isabel Orellana Vilches","Santoral","Trending"],"articleSection":["Santoral"],"inLanguage":"es"},{"@type":"WebPage","@id":"https:\/\/exaudi.org\/es\/beata-maria-magdalena-martinengo-27-julio\/","url":"https:\/\/exaudi.org\/es\/beata-maria-magdalena-martinengo-27-julio\/","name":"Beata Mar\u00eda Magdalena Martinengo, 27 de julio &#8211; Exaudi","isPartOf":{"@id":"https:\/\/exaudi.org\/#website"},"primaryImageOfPage":{"@id":"https:\/\/exaudi.org\/es\/beata-maria-magdalena-martinengo-27-julio\/#primaryimage"},"image":{"@id":"https:\/\/exaudi.org\/es\/beata-maria-magdalena-martinengo-27-julio\/#primaryimage"},"thumbnailUrl":"https:\/\/exaudi.org\/wp-content\/uploads\/2021\/07\/maddalena-1-e1469566129980.jpg","datePublished":"2025-07-27T05:30:25+00:00","author":{"@id":"https:\/\/exaudi.org\/#\/schema\/person\/64e18b96fd6118559a9217b5b3375fdc"},"description":"Santoral del 27 de julio de 2022, beata Mar\u00eda Magdalena Martinengo, por Isabel Orellana Vilches y Fundaci\u00f3n Fernando Rielo.","breadcrumb":{"@id":"https:\/\/exaudi.org\/es\/beata-maria-magdalena-martinengo-27-julio\/#breadcrumb"},"inLanguage":"es","potentialAction":[{"@type":"ReadAction","target":["https:\/\/exaudi.org\/es\/beata-maria-magdalena-martinengo-27-julio\/"]}]},{"@type":"ImageObject","inLanguage":"es","@id":"https:\/\/exaudi.org\/es\/beata-maria-magdalena-martinengo-27-julio\/#primaryimage","url":"https:\/\/exaudi.org\/wp-content\/uploads\/2021\/07\/maddalena-1-e1469566129980.jpg","contentUrl":"https:\/\/exaudi.org\/wp-content\/uploads\/2021\/07\/maddalena-1-e1469566129980.jpg","width":400,"height":287,"caption":"Beata Mar\u00eda Magdalena Martinengo \u00a9 ioamogesu.com"},{"@type":"BreadcrumbList","@id":"https:\/\/exaudi.org\/es\/beata-maria-magdalena-martinengo-27-julio\/#breadcrumb","itemListElement":[{"@type":"ListItem","position":1,"name":"Portada","item":"https:\/\/exaudi.org\/es\/"},{"@type":"ListItem","position":2,"name":"Beata Mar\u00eda Magdalena Martinengo, 27 de julio"}]},{"@type":"WebSite","@id":"https:\/\/exaudi.org\/#website","url":"https:\/\/exaudi.org\/","name":"Exaudi","description":"News","potentialAction":[{"@type":"SearchAction","target":{"@type":"EntryPoint","urlTemplate":"https:\/\/exaudi.org\/?s={search_term_string}"},"query-input":{"@type":"PropertyValueSpecification","valueRequired":true,"valueName":"search_term_string"}}],"inLanguage":"es"},{"@type":"Person","@id":"https:\/\/exaudi.org\/#\/schema\/person\/64e18b96fd6118559a9217b5b3375fdc","name":"Isabel Orellana","image":{"@type":"ImageObject","inLanguage":"es","@id":"https:\/\/secure.gravatar.com\/avatar\/51968380bbb6b22ae85c605634860366fd9a2a611c6341125115bca32cd6c171?s=96&d=mm&r=g","url":"https:\/\/secure.gravatar.com\/avatar\/51968380bbb6b22ae85c605634860366fd9a2a611c6341125115bca32cd6c171?s=96&d=mm&r=g","contentUrl":"https:\/\/secure.gravatar.com\/avatar\/51968380bbb6b22ae85c605634860366fd9a2a611c6341125115bca32cd6c171?s=96&d=mm&r=g","caption":"Isabel Orellana"},"description":"Isabel Orellana Vilches Misionera idente. Doctora en Filosof\u00eda por la Universidad Aut\u00f3noma de Barcelona con la tesis Realismo y progreso cient\u00edfico en la epistemolog\u00eda popperiana. Ha cursado estudios de teolog\u00eda en la Universidad Pontificia de Salamanca. Con amplia actividad docente desde 1986, ha publicado libros como: Realismo y progreso cient\u00edfico en la epistemolog\u00eda popperiana, Universitat Aut\u00f2noma de Barcelona, 1993; El evangelio habla a los j\u00f3venes, Atenas, Madrid, 1997; Qu\u00e9 es... LA TOLERANCIA, Paulinas, Madrid, 1999; Pedagog\u00eda del dolor. Ensayo antropol\u00f3gico, Palabra, Madrid, 1999; En colaboraci\u00f3n con Enrique Rivera de Ventosa (\u2020) OFM. Cap. San Francisco de As\u00eds y Fernando Rielo: Convergencias. Respuestas desde la fe a los interrogantes del hombre de hoy, Universidad Pontificia, Salamanca, 2001; La \"mirada\" del cine. Recursos did\u00e1cticos del s\u00e9ptimo arte. Librer\u00eda Cervantes, Salamanca, 2001; Paradojas de la convivencia, San Pablo, Madrid, 2002; En la Universidad T\u00e9cnica Particular de Loja, Ecuador, ha publicado: La confianza. El arte de amar, 2002; Educar para la responsabilidad, 2003; Apuntes de \u00e9tica en Karl R. Popper, 2003; De soledades y comunicaci\u00f3n, 2005; Yo educo; t\u00fa respondes, 2008; Humanismo y fe en un crisol de culturas, 2008; Repensar lo cotidiano, 2008; Convivir: un constante desaf\u00edo, 2009; La l\u00f3gica del amor, 2010; El dolor del amor. Apuntes sobre la enfermedad y el dolor en relaci\u00f3n con la virtud heroica, el martirio y la vida santa. Seminario Diocesano de M\u00e1laga, 2006 y Universidad T\u00e9cnica Particular de Loja, Ecuador (2007). Cuenta con numerosas colaboraciones en obras colectivas, as\u00ed como relatos, cuentos, f\u00e1bula y novela juvenil, adem\u00e1s de art\u00edculos de tem\u00e1tica cient\u00edfica, pedag\u00f3gica y espiritual, que viene publicando en distintas revistas nacionales e internacionales. En 2012 culmin\u00f3 el santoral Llamados a ser santos y poco m\u00e1s tarde Epopeyas de amor prologado por mons. Fernando Sebasti\u00e1n. Es la bi\u00f3grafa oficial del fundador de su familia espiritual, autora de Fernando Rielo Pardal. Fundador de los Misioneros Identes, Descl\u00e9e de Brouwer, Bilbao, 2009. Culmina la biograf\u00eda completa. Encargada del santoral de ZENIT desde 2012 a 2020 y ahora en Exaudi","url":"https:\/\/exaudi.org\/es\/author\/isabelorellana\/"}]}},"jetpack_featured_media_url":"https:\/\/exaudi.org\/wp-content\/uploads\/2021\/07\/maddalena-1-e1469566129980.jpg","jetpack_shortlink":"https:\/\/wp.me\/pgKjF2-7sm","_links":{"self":[{"href":"https:\/\/exaudi.org\/es\/wp-json\/wp\/v2\/posts\/28666","targetHints":{"allow":["GET"]}}],"collection":[{"href":"https:\/\/exaudi.org\/es\/wp-json\/wp\/v2\/posts"}],"about":[{"href":"https:\/\/exaudi.org\/es\/wp-json\/wp\/v2\/types\/post"}],"author":[{"embeddable":true,"href":"https:\/\/exaudi.org\/es\/wp-json\/wp\/v2\/users\/23"}],"replies":[{"embeddable":true,"href":"https:\/\/exaudi.org\/es\/wp-json\/wp\/v2\/comments?post=28666"}],"version-history":[{"count":1,"href":"https:\/\/exaudi.org\/es\/wp-json\/wp\/v2\/posts\/28666\/revisions"}],"predecessor-version":[{"id":128501,"href":"https:\/\/exaudi.org\/es\/wp-json\/wp\/v2\/posts\/28666\/revisions\/128501"}],"wp:featuredmedia":[{"embeddable":true,"href":"https:\/\/exaudi.org\/es\/wp-json\/wp\/v2\/media\/28667"}],"wp:attachment":[{"href":"https:\/\/exaudi.org\/es\/wp-json\/wp\/v2\/media?parent=28666"}],"wp:term":[{"taxonomy":"category","embeddable":true,"href":"https:\/\/exaudi.org\/es\/wp-json\/wp\/v2\/categories?post=28666"},{"taxonomy":"post_tag","embeddable":true,"href":"https:\/\/exaudi.org\/es\/wp-json\/wp\/v2\/tags?post=28666"}],"curies":[{"name":"wp","href":"https:\/\/api.w.org\/{rel}","templated":true}]}}