{"id":28609,"date":"2021-07-26T12:48:13","date_gmt":"2021-07-26T10:48:13","guid":{"rendered":"https:\/\/exaudi.org\/?p=28609"},"modified":"2021-10-21T11:34:15","modified_gmt":"2021-10-21T09:34:15","slug":"rodrigo-guerra-secretario-comision-pontificia-america-latina","status":"publish","type":"post","link":"https:\/\/exaudi.org\/es\/rodrigo-guerra-secretario-comision-pontificia-america-latina\/","title":{"rendered":"Rodrigo Guerra, nuevo secretario de la Comisi\u00f3n Pontificia Am\u00e9rica Latina"},"content":{"rendered":"<p>El Papa Francisco ha nombrado secretario de la Comisi\u00f3n Pontificia para <a href=\"https:\/\/exaudi.org\/es\/asamblea-eclesial-america-latina-y-caribe-foros-tematicos\/\" target=\"_blank\" rel=\"noopener noreferrer\">Am\u00e9rica Latina<\/a> al profesor Rodrigo Guerra L\u00f3pez, miembro de las Academias Pontificias para la Vida y las Ciencias Sociales. Igualmente, ha nombrado jefa de oficina de la misma comisi\u00f3n a Emilce Cuda, profesora de Teolog\u00eda de la Universidad Pontificia Cat\u00f3lica Argentina y de la <i>St. Thomas University<\/i> (Estados Unidos de Am\u00e9rica). As\u00ed ha informado la <a href=\"https:\/\/www.vatican.va\/news_services\/press\/index_sp.htm\" target=\"_blank\" rel=\"noopener noreferrer\">Oficina de Prensa de la Santa Sede<\/a> hoy, 26 de julio de 2021.<\/p>\n<h4><strong>Rodrigo Guerra L\u00f3pez<\/strong><\/h4>\n<p>Tal y como describe la Comisi\u00f3n Pontificia, el profesor Guerra L\u00f3pez naci\u00f3 el 4 de agosto de 1966 en Ciudad de M\u00e9xico. Obtuvo la Licenciatura en Filosof\u00eda por la Universidad Popular Aut\u00f3noma del Estado de Puebla (1984-1989), el posgrado en Humanidades por la Universidad Iberoamericana (1990-1991), y el doctorado en Filosof\u00eda (<em>Summa cum Laude<\/em>) en la <em>Internationale Akademie f\u00fcr Philosophy im F\u00fcrstentum Liechtenstein<\/em> (2001).<\/p>\n<p>Ha sido nombrado miembro del Consejo Pontificio de Justicia y Paz (2012-2016), de la la Academia Pontificia para la Vida (2006-2017), vicepresidente de la FIBIP (Federaci\u00f3n Internacional de Instituciones de Bio\u00e9tica Personalista, 2018-2020), fundador y director del Observatorio Social del CELAM (2004-2007), y miembro de la Comisi\u00f3n Teol\u00f3gica del CELAM (2012-).<\/p>\n<p>Tambi\u00e9n ha tenido los cargos de miembro y fundador de la Fundaci\u00f3n Karol Wojtyla (2008-), director y fundador del Observatorio Social de la Conferencia del Episcopado Mexicano (2012-), catedr\u00e1tico de Filosof\u00eda Social de la UPAEP (1989-1994) y director Acad\u00e9mico del Instituto Juan Pablo II de Estudios sobre el Matrimonio y la Familia, M\u00e9xico (1993-1995).<\/p>\n<p>Tiene la c\u00e1tedra de Metaf\u00edsica de la Universidad Panamericana (2002-2006) y la de Antropolog\u00eda y Filosof\u00eda Social del CISAV (2008-). Es profesor invitado de la <em>Univerzita Karlova<\/em> (Praga), la pontificia Universidad Cat\u00f3lica de Chile, la Universidad Cat\u00f3lica Argentina, la Universidad Cat\u00f3lica de Santa Fe (Argentina), la Academia Internacional de Filosof\u00eda (Chile), la Universidad Iberoamericana (M\u00e9xico), la Pontificia Universidad Javeriana (Bogot\u00e1) y el Instituto de Filosof\u00eda Edith Stein (Granada).<\/p>\n<h4><strong>Emilce Cuda<\/strong><\/h4>\n<p>Seg\u00fan la Universidad Latinoamericana de Ciencias Sociales con sede en Argentina, Emilce Cuda es doctora en Teolog\u00eda por la Pontificia Universidad Cat\u00f3lica Argentina, donde obtuvo tambi\u00e9n el grado de Bachelor en Teolog\u00eda y de Mag\u00edster en Teolog\u00eda Moral Social. Estudi\u00f3 Filosof\u00eda en la Universidad de Buenos Aires, Ciencia Pol\u00edtica en <em>Northwestern University<\/em>, y Econom\u00eda y Negocios en la Universidad de Ciencias Empresariales y Sociales.<\/p>\n<p>Asimismo, es profesora asociada por concurso p\u00fablico en la Universidad Nacional Arturo Jauretche; profesora interina de la Universidad Cat\u00f3lica Argentina y de la Universidad de Buenos Aires; y profesora asociada invitada de <em>St. Thomas University<\/em>, Houston.<\/p>\n<p>Fue profesora invitada de <em>Boston College University, Northwestern University y De Paul University<\/em> en los Estados Unidos de Norteam\u00e9rica. Es miembro del equipo profesional consultor del CELAM y del equipo de especialistas internacionales del programa <em>The Future of Work<\/em>. <em>Labor after Laudato Si&#8217;<\/em>, de la Comisi\u00f3n Internacional de Migraciones Cat\u00f3lica (ICMC), Ginebra.<\/p>\n<p>Coordina el GT internacional de CLACSO: \u201cEl futuro del Trabajo y Cuidado de la Casa Com\u00fan\u201d, y asesora en asuntos sindicales latinoamericanos a la UITEC. Ha participado en diversos congresos internacionales, tanto en Am\u00e9rica como en Europa y Asia, y ha realizado diversas publicaciones en revistas cient\u00edficas sobre trabajo y pol\u00edtica. Su \u00faltimo libro: Para leer a Francisco. Teolog\u00eda, \u00c9tica y Pol\u00edtica, Ediciones Manantial, Buenos Aires, 2016.<\/p>\n<h4><strong>Comisi\u00f3n Pontificia para Am\u00e9rica Latina<\/strong><\/h4>\n<p>La Pontificia Comisi\u00f3n para Am\u00e9rica Latina se autodefine como un organismo de la Curia Romana creado en 1958 que tiene como funci\u00f3n primordial la de \u201caconsejar y ayudar a las Iglesias particulares en Am\u00e9rica Latina\u201d y \u201cestudiar las cuestiones que se refieren a la vida y progreso de dichas Iglesias, especialmente estando a disposici\u00f3n, tanto de los dicasterios de la Curia interesados por raz\u00f3n de su competencia, como de las mismas Iglesias para resolver dichas cuestiones.\u201d<\/p>\n<p>En relaci\u00f3n con ello, seg\u00fan indica el <em>Motu Proprio<\/em> de Juan Pablo II <em>Decessores nostri<\/em>, corresponde a la PCAL, a trav\u00e9s de su Presidente, informar \u201cregularmente al Sumo Pont\u00edfice sobre cada uno de los asuntos\u201d, y sugerir y promover \u201clas iniciativas o medidas de gobierno que considere convenientes u oportunas\u201d.<\/p>\n<p>Tambi\u00e9n es tarea de la PCAL favorecer \u201clas relaciones entre las instituciones eclesi\u00e1sticas internacionales y nacionales, que trabajan en favor de las regiones de Am\u00e9rica Latina. y los dicasterios de la Curia Romana\u201d (Juan Pablo II, Constituci\u00f3n Apost\u00f3lica\u00a0<i>Pastor Bonus<\/i>, art. 83-84).<\/p>\n","protected":false},"excerpt":{"rendered":"<p>Emilce Cuda, neva jefa de oficina<\/p>\n","protected":false},"author":6,"featured_media":28613,"comment_status":"closed","ping_status":"closed","sticky":false,"template":"","format":"standard","meta":{"_acf_changed":false,"_crdt_document":"","inline_featured_image":false,"footnotes":""},"categories":[298,132],"tags":[3473,787,158],"class_list":["post-28609","post","type-post","status-publish","format-standard","has-post-thumbnail","hentry","category-ultimas-noticias","category-vaticano-es","tag-comision-pontificia-para-america-latina","tag-nombramientos","tag-papa-francisco"],"acf":[],"yoast_head":"<!-- This site is optimized with the Yoast SEO plugin v27.4 - https:\/\/yoast.com\/product\/yoast-seo-wordpress\/ -->\n<title>Rodrigo Guerra, nuevo secretario de la Comisi\u00f3n Pontificia Am\u00e9rica Latina - Exaudi<\/title>\n<meta name=\"description\" content=\"El Papa ha nombrado secretario y jefa de oficina de la Comisi\u00f3n para Am\u00e9rica Latina a Rodrigo Guerra y Emilce Cuda, respectivamente.\" \/>\n<meta name=\"robots\" content=\"index, follow, max-snippet:-1, max-image-preview:large, max-video-preview:-1\" \/>\n<link rel=\"canonical\" href=\"https:\/\/exaudi.org\/es\/rodrigo-guerra-secretario-comision-pontificia-america-latina\/\" \/>\n<meta property=\"og:locale\" content=\"es_ES\" \/>\n<meta property=\"og:type\" content=\"article\" \/>\n<meta property=\"og:title\" content=\"Rodrigo Guerra, nuevo secretario de la Comisi\u00f3n Pontificia Am\u00e9rica Latina - Exaudi\" \/>\n<meta property=\"og:description\" content=\"El Papa ha nombrado secretario y jefa de oficina de la Comisi\u00f3n para Am\u00e9rica Latina a Rodrigo Guerra y Emilce Cuda, respectivamente.\" \/>\n<meta property=\"og:url\" content=\"https:\/\/exaudi.org\/es\/rodrigo-guerra-secretario-comision-pontificia-america-latina\/\" \/>\n<meta property=\"og:site_name\" content=\"Exaudi\" \/>\n<meta property=\"article:publisher\" content=\"https:\/\/www.facebook.com\/ExaudiNews\" \/>\n<meta property=\"article:published_time\" content=\"2021-07-26T10:48:13+00:00\" \/>\n<meta property=\"article:modified_time\" content=\"2021-10-21T09:34:15+00:00\" \/>\n<meta property=\"og:image\" content=\"https:\/\/exaudi.org\/wp-content\/uploads\/2021\/07\/3v423v4-scaled.jpg\" \/>\n\t<meta property=\"og:image:width\" content=\"2560\" \/>\n\t<meta property=\"og:image:height\" content=\"1453\" \/>\n\t<meta property=\"og:image:type\" content=\"image\/jpeg\" \/>\n<meta name=\"author\" content=\"Gabriel Sales\" \/>\n<meta name=\"twitter:card\" content=\"summary_large_image\" \/>\n<meta name=\"twitter:creator\" content=\"@habemusman\" \/>\n<meta name=\"twitter:site\" content=\"@Exaudi_News\" \/>\n<meta name=\"twitter:label1\" content=\"Escrito por\" \/>\n\t<meta name=\"twitter:data1\" content=\"Gabriel Sales\" \/>\n\t<meta name=\"twitter:label2\" content=\"Tiempo de lectura\" \/>\n\t<meta name=\"twitter:data2\" content=\"4 minutos\" \/>\n<script type=\"application\/ld+json\" class=\"yoast-schema-graph\">{\"@context\":\"https:\\\/\\\/schema.org\",\"@graph\":[{\"@type\":\"Article\",\"@id\":\"https:\\\/\\\/exaudi.org\\\/es\\\/rodrigo-guerra-secretario-comision-pontificia-america-latina\\\/#article\",\"isPartOf\":{\"@id\":\"https:\\\/\\\/exaudi.org\\\/es\\\/rodrigo-guerra-secretario-comision-pontificia-america-latina\\\/\"},\"author\":{\"name\":\"Gabriel Sales\",\"@id\":\"https:\\\/\\\/exaudi.org\\\/#\\\/schema\\\/person\\\/d134b96438278131ce90c90c03fda6cd\"},\"headline\":\"Rodrigo Guerra, nuevo secretario de la Comisi\u00f3n Pontificia Am\u00e9rica Latina\",\"datePublished\":\"2021-07-26T10:48:13+00:00\",\"dateModified\":\"2021-10-21T09:34:15+00:00\",\"mainEntityOfPage\":{\"@id\":\"https:\\\/\\\/exaudi.org\\\/es\\\/rodrigo-guerra-secretario-comision-pontificia-america-latina\\\/\"},\"wordCount\":792,\"image\":{\"@id\":\"https:\\\/\\\/exaudi.org\\\/es\\\/rodrigo-guerra-secretario-comision-pontificia-america-latina\\\/#primaryimage\"},\"thumbnailUrl\":\"https:\\\/\\\/exaudi.org\\\/wp-content\\\/uploads\\\/2021\\\/07\\\/3v423v4-scaled.jpg\",\"keywords\":[\"Comisi\u00f3n Pontificia para Am\u00e9rica Latina\",\"nombramientos\",\"papa francisco\"],\"articleSection\":[\"\u00daltimas noticias\",\"Vaticano\"],\"inLanguage\":\"es\"},{\"@type\":\"WebPage\",\"@id\":\"https:\\\/\\\/exaudi.org\\\/es\\\/rodrigo-guerra-secretario-comision-pontificia-america-latina\\\/\",\"url\":\"https:\\\/\\\/exaudi.org\\\/es\\\/rodrigo-guerra-secretario-comision-pontificia-america-latina\\\/\",\"name\":\"Rodrigo Guerra, nuevo secretario de la Comisi\u00f3n Pontificia Am\u00e9rica Latina - Exaudi\",\"isPartOf\":{\"@id\":\"https:\\\/\\\/exaudi.org\\\/#website\"},\"primaryImageOfPage\":{\"@id\":\"https:\\\/\\\/exaudi.org\\\/es\\\/rodrigo-guerra-secretario-comision-pontificia-america-latina\\\/#primaryimage\"},\"image\":{\"@id\":\"https:\\\/\\\/exaudi.org\\\/es\\\/rodrigo-guerra-secretario-comision-pontificia-america-latina\\\/#primaryimage\"},\"thumbnailUrl\":\"https:\\\/\\\/exaudi.org\\\/wp-content\\\/uploads\\\/2021\\\/07\\\/3v423v4-scaled.jpg\",\"datePublished\":\"2021-07-26T10:48:13+00:00\",\"dateModified\":\"2021-10-21T09:34:15+00:00\",\"author\":{\"@id\":\"https:\\\/\\\/exaudi.org\\\/#\\\/schema\\\/person\\\/d134b96438278131ce90c90c03fda6cd\"},\"description\":\"El Papa ha nombrado secretario y jefa de oficina de la Comisi\u00f3n para Am\u00e9rica Latina a Rodrigo Guerra y Emilce Cuda, respectivamente.\",\"breadcrumb\":{\"@id\":\"https:\\\/\\\/exaudi.org\\\/es\\\/rodrigo-guerra-secretario-comision-pontificia-america-latina\\\/#breadcrumb\"},\"inLanguage\":\"es\",\"potentialAction\":[{\"@type\":\"ReadAction\",\"target\":[\"https:\\\/\\\/exaudi.org\\\/es\\\/rodrigo-guerra-secretario-comision-pontificia-america-latina\\\/\"]}]},{\"@type\":\"ImageObject\",\"inLanguage\":\"es\",\"@id\":\"https:\\\/\\\/exaudi.org\\\/es\\\/rodrigo-guerra-secretario-comision-pontificia-america-latina\\\/#primaryimage\",\"url\":\"https:\\\/\\\/exaudi.org\\\/wp-content\\\/uploads\\\/2021\\\/07\\\/3v423v4-scaled.jpg\",\"contentUrl\":\"https:\\\/\\\/exaudi.org\\\/wp-content\\\/uploads\\\/2021\\\/07\\\/3v423v4-scaled.jpg\",\"width\":2560,\"height\":1453,\"caption\":\"Vaticano \u00a9 Pexels\"},{\"@type\":\"BreadcrumbList\",\"@id\":\"https:\\\/\\\/exaudi.org\\\/es\\\/rodrigo-guerra-secretario-comision-pontificia-america-latina\\\/#breadcrumb\",\"itemListElement\":[{\"@type\":\"ListItem\",\"position\":1,\"name\":\"Portada\",\"item\":\"https:\\\/\\\/exaudi.org\\\/es\\\/\"},{\"@type\":\"ListItem\",\"position\":2,\"name\":\"Rodrigo Guerra, nuevo secretario de la Comisi\u00f3n Pontificia Am\u00e9rica Latina\"}]},{\"@type\":\"WebSite\",\"@id\":\"https:\\\/\\\/exaudi.org\\\/#website\",\"url\":\"https:\\\/\\\/exaudi.org\\\/\",\"name\":\"Exaudi\",\"description\":\"News\",\"potentialAction\":[{\"@type\":\"SearchAction\",\"target\":{\"@type\":\"EntryPoint\",\"urlTemplate\":\"https:\\\/\\\/exaudi.org\\\/?s={search_term_string}\"},\"query-input\":{\"@type\":\"PropertyValueSpecification\",\"valueRequired\":true,\"valueName\":\"search_term_string\"}}],\"inLanguage\":\"es\"},{\"@type\":\"Person\",\"@id\":\"https:\\\/\\\/exaudi.org\\\/#\\\/schema\\\/person\\\/d134b96438278131ce90c90c03fda6cd\",\"name\":\"Gabriel Sales\",\"image\":{\"@type\":\"ImageObject\",\"inLanguage\":\"es\",\"@id\":\"https:\\\/\\\/secure.gravatar.com\\\/avatar\\\/9b1269566f6a063ed26ffb3532b66a373cdde231ce5d0effb266167437fdaffd?s=96&d=mm&r=g\",\"url\":\"https:\\\/\\\/secure.gravatar.com\\\/avatar\\\/9b1269566f6a063ed26ffb3532b66a373cdde231ce5d0effb266167437fdaffd?s=96&d=mm&r=g\",\"contentUrl\":\"https:\\\/\\\/secure.gravatar.com\\\/avatar\\\/9b1269566f6a063ed26ffb3532b66a373cdde231ce5d0effb266167437fdaffd?s=96&d=mm&r=g\",\"caption\":\"Gabriel Sales\"},\"description\":\"Periodista y especialista en Comunicaci\u00f3n y Branding digital. Cin\u00e9filo y cr\u00edtico de cine y series de televisi\u00f3n.\",\"sameAs\":[\"https:\\\/\\\/www.instagram.com\\\/cine90segundos\\\/\",\"www.linkedin.com\\\/in\\\/habemusman\",\"https:\\\/\\\/x.com\\\/habemusman\",\"https:\\\/\\\/www.youtube.com\\\/channel\\\/UCVfCiOMkJ_C7T7OpyjuaLDg\"],\"url\":\"https:\\\/\\\/exaudi.org\\\/es\\\/author\\\/gsalesexaudi-org\\\/\"}]}<\/script>\n<!-- \/ Yoast SEO plugin. -->","yoast_head_json":{"title":"Rodrigo Guerra, nuevo secretario de la Comisi\u00f3n Pontificia Am\u00e9rica Latina - Exaudi","description":"El Papa ha nombrado secretario y jefa de oficina de la Comisi\u00f3n para Am\u00e9rica Latina a Rodrigo Guerra y Emilce Cuda, respectivamente.","robots":{"index":"index","follow":"follow","max-snippet":"max-snippet:-1","max-image-preview":"max-image-preview:large","max-video-preview":"max-video-preview:-1"},"canonical":"https:\/\/exaudi.org\/es\/rodrigo-guerra-secretario-comision-pontificia-america-latina\/","og_locale":"es_ES","og_type":"article","og_title":"Rodrigo Guerra, nuevo secretario de la Comisi\u00f3n Pontificia Am\u00e9rica Latina - Exaudi","og_description":"El Papa ha nombrado secretario y jefa de oficina de la Comisi\u00f3n para Am\u00e9rica Latina a Rodrigo Guerra y Emilce Cuda, respectivamente.","og_url":"https:\/\/exaudi.org\/es\/rodrigo-guerra-secretario-comision-pontificia-america-latina\/","og_site_name":"Exaudi","article_publisher":"https:\/\/www.facebook.com\/ExaudiNews","article_published_time":"2021-07-26T10:48:13+00:00","article_modified_time":"2021-10-21T09:34:15+00:00","og_image":[{"width":2560,"height":1453,"url":"https:\/\/exaudi.org\/wp-content\/uploads\/2021\/07\/3v423v4-scaled.jpg","type":"image\/jpeg"}],"author":"Gabriel Sales","twitter_card":"summary_large_image","twitter_creator":"@habemusman","twitter_site":"@Exaudi_News","twitter_misc":{"Escrito por":"Gabriel Sales","Tiempo de lectura":"4 minutos"},"schema":{"@context":"https:\/\/schema.org","@graph":[{"@type":"Article","@id":"https:\/\/exaudi.org\/es\/rodrigo-guerra-secretario-comision-pontificia-america-latina\/#article","isPartOf":{"@id":"https:\/\/exaudi.org\/es\/rodrigo-guerra-secretario-comision-pontificia-america-latina\/"},"author":{"name":"Gabriel Sales","@id":"https:\/\/exaudi.org\/#\/schema\/person\/d134b96438278131ce90c90c03fda6cd"},"headline":"Rodrigo Guerra, nuevo secretario de la Comisi\u00f3n Pontificia Am\u00e9rica Latina","datePublished":"2021-07-26T10:48:13+00:00","dateModified":"2021-10-21T09:34:15+00:00","mainEntityOfPage":{"@id":"https:\/\/exaudi.org\/es\/rodrigo-guerra-secretario-comision-pontificia-america-latina\/"},"wordCount":792,"image":{"@id":"https:\/\/exaudi.org\/es\/rodrigo-guerra-secretario-comision-pontificia-america-latina\/#primaryimage"},"thumbnailUrl":"https:\/\/exaudi.org\/wp-content\/uploads\/2021\/07\/3v423v4-scaled.jpg","keywords":["Comisi\u00f3n Pontificia para Am\u00e9rica Latina","nombramientos","papa francisco"],"articleSection":["\u00daltimas noticias","Vaticano"],"inLanguage":"es"},{"@type":"WebPage","@id":"https:\/\/exaudi.org\/es\/rodrigo-guerra-secretario-comision-pontificia-america-latina\/","url":"https:\/\/exaudi.org\/es\/rodrigo-guerra-secretario-comision-pontificia-america-latina\/","name":"Rodrigo Guerra, nuevo secretario de la Comisi\u00f3n Pontificia Am\u00e9rica Latina - Exaudi","isPartOf":{"@id":"https:\/\/exaudi.org\/#website"},"primaryImageOfPage":{"@id":"https:\/\/exaudi.org\/es\/rodrigo-guerra-secretario-comision-pontificia-america-latina\/#primaryimage"},"image":{"@id":"https:\/\/exaudi.org\/es\/rodrigo-guerra-secretario-comision-pontificia-america-latina\/#primaryimage"},"thumbnailUrl":"https:\/\/exaudi.org\/wp-content\/uploads\/2021\/07\/3v423v4-scaled.jpg","datePublished":"2021-07-26T10:48:13+00:00","dateModified":"2021-10-21T09:34:15+00:00","author":{"@id":"https:\/\/exaudi.org\/#\/schema\/person\/d134b96438278131ce90c90c03fda6cd"},"description":"El Papa ha nombrado secretario y jefa de oficina de la Comisi\u00f3n para Am\u00e9rica Latina a Rodrigo Guerra y Emilce Cuda, respectivamente.","breadcrumb":{"@id":"https:\/\/exaudi.org\/es\/rodrigo-guerra-secretario-comision-pontificia-america-latina\/#breadcrumb"},"inLanguage":"es","potentialAction":[{"@type":"ReadAction","target":["https:\/\/exaudi.org\/es\/rodrigo-guerra-secretario-comision-pontificia-america-latina\/"]}]},{"@type":"ImageObject","inLanguage":"es","@id":"https:\/\/exaudi.org\/es\/rodrigo-guerra-secretario-comision-pontificia-america-latina\/#primaryimage","url":"https:\/\/exaudi.org\/wp-content\/uploads\/2021\/07\/3v423v4-scaled.jpg","contentUrl":"https:\/\/exaudi.org\/wp-content\/uploads\/2021\/07\/3v423v4-scaled.jpg","width":2560,"height":1453,"caption":"Vaticano \u00a9 Pexels"},{"@type":"BreadcrumbList","@id":"https:\/\/exaudi.org\/es\/rodrigo-guerra-secretario-comision-pontificia-america-latina\/#breadcrumb","itemListElement":[{"@type":"ListItem","position":1,"name":"Portada","item":"https:\/\/exaudi.org\/es\/"},{"@type":"ListItem","position":2,"name":"Rodrigo Guerra, nuevo secretario de la Comisi\u00f3n Pontificia Am\u00e9rica Latina"}]},{"@type":"WebSite","@id":"https:\/\/exaudi.org\/#website","url":"https:\/\/exaudi.org\/","name":"Exaudi","description":"News","potentialAction":[{"@type":"SearchAction","target":{"@type":"EntryPoint","urlTemplate":"https:\/\/exaudi.org\/?s={search_term_string}"},"query-input":{"@type":"PropertyValueSpecification","valueRequired":true,"valueName":"search_term_string"}}],"inLanguage":"es"},{"@type":"Person","@id":"https:\/\/exaudi.org\/#\/schema\/person\/d134b96438278131ce90c90c03fda6cd","name":"Gabriel Sales","image":{"@type":"ImageObject","inLanguage":"es","@id":"https:\/\/secure.gravatar.com\/avatar\/9b1269566f6a063ed26ffb3532b66a373cdde231ce5d0effb266167437fdaffd?s=96&d=mm&r=g","url":"https:\/\/secure.gravatar.com\/avatar\/9b1269566f6a063ed26ffb3532b66a373cdde231ce5d0effb266167437fdaffd?s=96&d=mm&r=g","contentUrl":"https:\/\/secure.gravatar.com\/avatar\/9b1269566f6a063ed26ffb3532b66a373cdde231ce5d0effb266167437fdaffd?s=96&d=mm&r=g","caption":"Gabriel Sales"},"description":"Periodista y especialista en Comunicaci\u00f3n y Branding digital. Cin\u00e9filo y cr\u00edtico de cine y series de televisi\u00f3n.","sameAs":["https:\/\/www.instagram.com\/cine90segundos\/","www.linkedin.com\/in\/habemusman","https:\/\/x.com\/habemusman","https:\/\/www.youtube.com\/channel\/UCVfCiOMkJ_C7T7OpyjuaLDg"],"url":"https:\/\/exaudi.org\/es\/author\/gsalesexaudi-org\/"}]}},"jetpack_featured_media_url":"https:\/\/exaudi.org\/wp-content\/uploads\/2021\/07\/3v423v4-scaled.jpg","jetpack_shortlink":"https:\/\/wp.me\/pgKjF2-7rr","_links":{"self":[{"href":"https:\/\/exaudi.org\/es\/wp-json\/wp\/v2\/posts\/28609","targetHints":{"allow":["GET"]}}],"collection":[{"href":"https:\/\/exaudi.org\/es\/wp-json\/wp\/v2\/posts"}],"about":[{"href":"https:\/\/exaudi.org\/es\/wp-json\/wp\/v2\/types\/post"}],"author":[{"embeddable":true,"href":"https:\/\/exaudi.org\/es\/wp-json\/wp\/v2\/users\/6"}],"replies":[{"embeddable":true,"href":"https:\/\/exaudi.org\/es\/wp-json\/wp\/v2\/comments?post=28609"}],"version-history":[{"count":0,"href":"https:\/\/exaudi.org\/es\/wp-json\/wp\/v2\/posts\/28609\/revisions"}],"wp:featuredmedia":[{"embeddable":true,"href":"https:\/\/exaudi.org\/es\/wp-json\/wp\/v2\/media\/28613"}],"wp:attachment":[{"href":"https:\/\/exaudi.org\/es\/wp-json\/wp\/v2\/media?parent=28609"}],"wp:term":[{"taxonomy":"category","embeddable":true,"href":"https:\/\/exaudi.org\/es\/wp-json\/wp\/v2\/categories?post=28609"},{"taxonomy":"post_tag","embeddable":true,"href":"https:\/\/exaudi.org\/es\/wp-json\/wp\/v2\/tags?post=28609"}],"curies":[{"name":"wp","href":"https:\/\/api.w.org\/{rel}","templated":true}]}}