{"id":28592,"date":"2021-07-26T13:29:44","date_gmt":"2021-07-26T11:29:44","guid":{"rendered":"https:\/\/exaudi.org\/?p=28592"},"modified":"2021-07-27T10:01:33","modified_gmt":"2021-07-27T08:01:33","slug":"mexico-obispos-veracruz-legisladores-escucha","status":"publish","type":"post","link":"https:\/\/exaudi.org\/es\/mexico-obispos-veracruz-legisladores-escucha\/","title":{"rendered":"M\u00e9xico: Obispos de Veracruz llaman a legisladores a escucha"},"content":{"rendered":"<p>Los obispos de las di\u00f3cesis de Veracruz, <a href=\"https:\/\/exaudi.org\/es\/mexico-no-estan-solos-el-papa-a-diocesis-golpeada-por-el-narcotrafico\/\" target=\"_blank\" rel=\"noopener noreferrer\">M\u00e9xico<\/a>, han enviado un mensaje en el que condenan la decisi\u00f3n de los legisladores del Congreso de despenalizar el aborto hasta las 12 semanas de gestaci\u00f3n, \u201ccontraviniendo nuestra Constituci\u00f3n estatal\u201d y caminando de este modo \u201cen favor de la cultura de la muerte\u201d.<\/p>\n<p>En el documento, titulado \u201cRealmente se quiere la \u2018vida\u2019 y el \u2018bien\u2019 de los ciudadanos?\u201d, confirma\u00a0<a href=\"http:\/\/www.fides.org\/es\" target=\"_blank\" rel=\"noopener noreferrer\"><em>Fides<\/em><\/a>, los prelados deploran que \u201cel Congreso del Estado est\u00e9 a merced de las tendencias ideol\u00f3gicas que buscan imponer el aborto\u201d en Veracruz, y reiteran que, \u201ccon imposiciones ideol\u00f3gicas y leyes de muerte como \u00e9sta, en vez de quitar un peso de encima a un pueblo duramente castigado por la pandemia, se pone sobre sus hombros una carga que lo lastima en su ser m\u00e1s profundo, en su esencia, en su identidad, en sus convicciones y valores: en su propia espiritualidad\u201d.<\/p>\n<p>Del mismo modo, denuncian a los promotores del aborto, que \u201cse cobijan en una ideolog\u00eda que niega las evidencias cient\u00edficas y desprecia la realidad de la vida humana, utilizando expresiones o conceptos que manipulan el lenguaje para ocultar el drama real impl\u00edcito en todo aborto, buscando generar sentimientos y simpat\u00eda en la sociedad, para anestesiar la conciencia de la poblaci\u00f3n\u201d, adem\u00e1s la despenalizaci\u00f3n del aborto \u201cda\u00f1a en su esencia el tejido social mandando un mensaje perjudicial a las propias mujeres, a los ni\u00f1os y a los j\u00f3venes\u201d.<\/p>\n<p>Despu\u00e9s, a\u00f1aden los obispos, \u201csin el respeto al derecho a la vida desde su inicio, nadie m\u00e1s estar\u00eda seguro en este mundo\u201d, y \u201clos legisladores tienen la obligaci\u00f3n \u00e9tica de estar bien informados y de escuchar el clamor de la poblaci\u00f3n que los eligi\u00f3 y atender sus verdaderas y urgentes necesidades\u201d.<\/p>\n<p>Asimismo, subrayan con pena que no se prest\u00f3 atenci\u00f3n a los motivos que orillan a una madre embarazada a considerar el aborto, y afirman que esto \u201cno soluciona ninguno de los problemas de las madres que est\u00e1n gestando, las sigue exponiendo a la violencia y a posibles nuevos abusos\u201d, mientras que el pueblo de Veracruz \u201ccree profundamente en la Vida como un verdadero don de Dios, la aprecia y la respeta\u201d.<\/p>\n<p>La Agencia <em>Fides <\/em>informa que los prelados aseguran su oraci\u00f3n por todo el pueblo cristiano, con las personas de otros credos y hombres de buena voluntad, \u201cpara que quienes de diversas maneras han promovido el aborto, recapaciten\u201d, con la certeza que \u201clas familias, los maestros, los m\u00e9dicos y todos los que sirven dignamente a la vida mostrar\u00e1n su desprecio y su rechazo a esta ley de muerte\u201d, y har\u00e1n valer el derecho humano a la objeci\u00f3n de conciencia.<\/p>\n","protected":false},"excerpt":{"rendered":"<p>Despenalizaci\u00f3n del aborto en 12 semanas<\/p>\n","protected":false},"author":6,"featured_media":28618,"comment_status":"closed","ping_status":"closed","sticky":false,"template":"","format":"standard","meta":{"_acf_changed":false,"_crdt_document":"","inline_featured_image":false,"footnotes":""},"categories":[86,298],"tags":[3474,415],"class_list":["post-28592","post","type-post","status-publish","format-standard","has-post-thumbnail","hentry","category-iglesia-local","category-ultimas-noticias","tag-diocesis-de-veracruz","tag-mexico"],"acf":[],"yoast_head":"<!-- This site is optimized with the Yoast SEO plugin v27.5 - https:\/\/yoast.com\/product\/yoast-seo-wordpress\/ -->\n<title>M\u00e9xico: Obispos de Veracruz llaman a legisladores a escucha<\/title>\n<meta name=\"description\" content=\"A trav\u00e9s de un mensaje, los obispos de las di\u00f3cesis de Veracruz, M\u00e9xico, deploran la decisi\u00f3n de los legisladores de despenalizar el aborto.\" \/>\n<meta name=\"robots\" content=\"index, follow, max-snippet:-1, max-image-preview:large, max-video-preview:-1\" \/>\n<link rel=\"canonical\" href=\"https:\/\/exaudi.org\/es\/mexico-obispos-veracruz-legisladores-escucha\/\" \/>\n<meta property=\"og:locale\" content=\"es_ES\" \/>\n<meta property=\"og:type\" content=\"article\" \/>\n<meta property=\"og:title\" content=\"M\u00e9xico: Obispos de Veracruz llaman a legisladores a escucha\" \/>\n<meta property=\"og:description\" content=\"A trav\u00e9s de un mensaje, los obispos de las di\u00f3cesis de Veracruz, M\u00e9xico, deploran la decisi\u00f3n de los legisladores de despenalizar el aborto.\" \/>\n<meta property=\"og:url\" content=\"https:\/\/exaudi.org\/es\/mexico-obispos-veracruz-legisladores-escucha\/\" \/>\n<meta property=\"og:site_name\" content=\"Exaudi\" \/>\n<meta property=\"article:publisher\" content=\"https:\/\/www.facebook.com\/ExaudiNews\" \/>\n<meta property=\"article:published_time\" content=\"2021-07-26T11:29:44+00:00\" \/>\n<meta property=\"article:modified_time\" content=\"2021-07-27T08:01:33+00:00\" \/>\n<meta property=\"og:image\" content=\"https:\/\/exaudi.org\/wp-content\/uploads\/2021\/07\/ghjg-scaled.jpg\" \/>\n\t<meta property=\"og:image:width\" content=\"2560\" \/>\n\t<meta property=\"og:image:height\" content=\"1707\" \/>\n\t<meta property=\"og:image:type\" content=\"image\/jpeg\" \/>\n<meta name=\"author\" content=\"Gabriel Sales\" \/>\n<meta name=\"twitter:card\" content=\"summary_large_image\" \/>\n<meta name=\"twitter:creator\" content=\"@habemusman\" \/>\n<meta name=\"twitter:site\" content=\"@Exaudi_News\" \/>\n<meta name=\"twitter:label1\" content=\"Escrito por\" \/>\n\t<meta name=\"twitter:data1\" content=\"Gabriel Sales\" \/>\n\t<meta name=\"twitter:label2\" content=\"Tiempo de lectura\" \/>\n\t<meta name=\"twitter:data2\" content=\"2 minutos\" \/>\n<script type=\"application\/ld+json\" class=\"yoast-schema-graph\">{\"@context\":\"https:\\\/\\\/schema.org\",\"@graph\":[{\"@type\":\"Article\",\"@id\":\"https:\\\/\\\/exaudi.org\\\/es\\\/mexico-obispos-veracruz-legisladores-escucha\\\/#article\",\"isPartOf\":{\"@id\":\"https:\\\/\\\/exaudi.org\\\/es\\\/mexico-obispos-veracruz-legisladores-escucha\\\/\"},\"author\":{\"name\":\"Gabriel Sales\",\"@id\":\"https:\\\/\\\/exaudi.org\\\/#\\\/schema\\\/person\\\/d134b96438278131ce90c90c03fda6cd\"},\"headline\":\"M\u00e9xico: Obispos de Veracruz llaman a legisladores a escucha\",\"datePublished\":\"2021-07-26T11:29:44+00:00\",\"dateModified\":\"2021-07-27T08:01:33+00:00\",\"mainEntityOfPage\":{\"@id\":\"https:\\\/\\\/exaudi.org\\\/es\\\/mexico-obispos-veracruz-legisladores-escucha\\\/\"},\"wordCount\":474,\"image\":{\"@id\":\"https:\\\/\\\/exaudi.org\\\/es\\\/mexico-obispos-veracruz-legisladores-escucha\\\/#primaryimage\"},\"thumbnailUrl\":\"https:\\\/\\\/exaudi.org\\\/wp-content\\\/uploads\\\/2021\\\/07\\\/ghjg-scaled.jpg\",\"keywords\":[\"Di\u00f3cesis de Veracruz\",\"M\u00e9xico\"],\"articleSection\":[\"Iglesia Local\",\"\u00daltimas noticias\"],\"inLanguage\":\"es\"},{\"@type\":\"WebPage\",\"@id\":\"https:\\\/\\\/exaudi.org\\\/es\\\/mexico-obispos-veracruz-legisladores-escucha\\\/\",\"url\":\"https:\\\/\\\/exaudi.org\\\/es\\\/mexico-obispos-veracruz-legisladores-escucha\\\/\",\"name\":\"M\u00e9xico: Obispos de Veracruz llaman a legisladores a escucha\",\"isPartOf\":{\"@id\":\"https:\\\/\\\/exaudi.org\\\/#website\"},\"primaryImageOfPage\":{\"@id\":\"https:\\\/\\\/exaudi.org\\\/es\\\/mexico-obispos-veracruz-legisladores-escucha\\\/#primaryimage\"},\"image\":{\"@id\":\"https:\\\/\\\/exaudi.org\\\/es\\\/mexico-obispos-veracruz-legisladores-escucha\\\/#primaryimage\"},\"thumbnailUrl\":\"https:\\\/\\\/exaudi.org\\\/wp-content\\\/uploads\\\/2021\\\/07\\\/ghjg-scaled.jpg\",\"datePublished\":\"2021-07-26T11:29:44+00:00\",\"dateModified\":\"2021-07-27T08:01:33+00:00\",\"author\":{\"@id\":\"https:\\\/\\\/exaudi.org\\\/#\\\/schema\\\/person\\\/d134b96438278131ce90c90c03fda6cd\"},\"description\":\"A trav\u00e9s de un mensaje, los obispos de las di\u00f3cesis de Veracruz, M\u00e9xico, deploran la decisi\u00f3n de los legisladores de despenalizar el aborto.\",\"breadcrumb\":{\"@id\":\"https:\\\/\\\/exaudi.org\\\/es\\\/mexico-obispos-veracruz-legisladores-escucha\\\/#breadcrumb\"},\"inLanguage\":\"es\",\"potentialAction\":[{\"@type\":\"ReadAction\",\"target\":[\"https:\\\/\\\/exaudi.org\\\/es\\\/mexico-obispos-veracruz-legisladores-escucha\\\/\"]}]},{\"@type\":\"ImageObject\",\"inLanguage\":\"es\",\"@id\":\"https:\\\/\\\/exaudi.org\\\/es\\\/mexico-obispos-veracruz-legisladores-escucha\\\/#primaryimage\",\"url\":\"https:\\\/\\\/exaudi.org\\\/wp-content\\\/uploads\\\/2021\\\/07\\\/ghjg-scaled.jpg\",\"contentUrl\":\"https:\\\/\\\/exaudi.org\\\/wp-content\\\/uploads\\\/2021\\\/07\\\/ghjg-scaled.jpg\",\"width\":2560,\"height\":1707,\"caption\":\"Mujer embarazada \u00a9 Pxhere\"},{\"@type\":\"BreadcrumbList\",\"@id\":\"https:\\\/\\\/exaudi.org\\\/es\\\/mexico-obispos-veracruz-legisladores-escucha\\\/#breadcrumb\",\"itemListElement\":[{\"@type\":\"ListItem\",\"position\":1,\"name\":\"Portada\",\"item\":\"https:\\\/\\\/exaudi.org\\\/es\\\/\"},{\"@type\":\"ListItem\",\"position\":2,\"name\":\"M\u00e9xico: Obispos de Veracruz llaman a legisladores a escucha\"}]},{\"@type\":\"WebSite\",\"@id\":\"https:\\\/\\\/exaudi.org\\\/#website\",\"url\":\"https:\\\/\\\/exaudi.org\\\/\",\"name\":\"Exaudi\",\"description\":\"News\",\"potentialAction\":[{\"@type\":\"SearchAction\",\"target\":{\"@type\":\"EntryPoint\",\"urlTemplate\":\"https:\\\/\\\/exaudi.org\\\/?s={search_term_string}\"},\"query-input\":{\"@type\":\"PropertyValueSpecification\",\"valueRequired\":true,\"valueName\":\"search_term_string\"}}],\"inLanguage\":\"es\"},{\"@type\":\"Person\",\"@id\":\"https:\\\/\\\/exaudi.org\\\/#\\\/schema\\\/person\\\/d134b96438278131ce90c90c03fda6cd\",\"name\":\"Gabriel Sales\",\"image\":{\"@type\":\"ImageObject\",\"inLanguage\":\"es\",\"@id\":\"https:\\\/\\\/secure.gravatar.com\\\/avatar\\\/9b1269566f6a063ed26ffb3532b66a373cdde231ce5d0effb266167437fdaffd?s=96&d=mm&r=g\",\"url\":\"https:\\\/\\\/secure.gravatar.com\\\/avatar\\\/9b1269566f6a063ed26ffb3532b66a373cdde231ce5d0effb266167437fdaffd?s=96&d=mm&r=g\",\"contentUrl\":\"https:\\\/\\\/secure.gravatar.com\\\/avatar\\\/9b1269566f6a063ed26ffb3532b66a373cdde231ce5d0effb266167437fdaffd?s=96&d=mm&r=g\",\"caption\":\"Gabriel Sales\"},\"description\":\"Periodista y especialista en Comunicaci\u00f3n y Branding digital. Cin\u00e9filo y cr\u00edtico de cine y series de televisi\u00f3n.\",\"sameAs\":[\"https:\\\/\\\/www.instagram.com\\\/cine90segundos\\\/\",\"www.linkedin.com\\\/in\\\/habemusman\",\"https:\\\/\\\/x.com\\\/habemusman\",\"https:\\\/\\\/www.youtube.com\\\/channel\\\/UCVfCiOMkJ_C7T7OpyjuaLDg\"],\"url\":\"https:\\\/\\\/exaudi.org\\\/es\\\/author\\\/gsalesexaudi-org\\\/\"}]}<\/script>\n<!-- \/ Yoast SEO plugin. -->","yoast_head_json":{"title":"M\u00e9xico: Obispos de Veracruz llaman a legisladores a escucha","description":"A trav\u00e9s de un mensaje, los obispos de las di\u00f3cesis de Veracruz, M\u00e9xico, deploran la decisi\u00f3n de los legisladores de despenalizar el aborto.","robots":{"index":"index","follow":"follow","max-snippet":"max-snippet:-1","max-image-preview":"max-image-preview:large","max-video-preview":"max-video-preview:-1"},"canonical":"https:\/\/exaudi.org\/es\/mexico-obispos-veracruz-legisladores-escucha\/","og_locale":"es_ES","og_type":"article","og_title":"M\u00e9xico: Obispos de Veracruz llaman a legisladores a escucha","og_description":"A trav\u00e9s de un mensaje, los obispos de las di\u00f3cesis de Veracruz, M\u00e9xico, deploran la decisi\u00f3n de los legisladores de despenalizar el aborto.","og_url":"https:\/\/exaudi.org\/es\/mexico-obispos-veracruz-legisladores-escucha\/","og_site_name":"Exaudi","article_publisher":"https:\/\/www.facebook.com\/ExaudiNews","article_published_time":"2021-07-26T11:29:44+00:00","article_modified_time":"2021-07-27T08:01:33+00:00","og_image":[{"width":2560,"height":1707,"url":"https:\/\/exaudi.org\/wp-content\/uploads\/2021\/07\/ghjg-scaled.jpg","type":"image\/jpeg"}],"author":"Gabriel Sales","twitter_card":"summary_large_image","twitter_creator":"@habemusman","twitter_site":"@Exaudi_News","twitter_misc":{"Escrito por":"Gabriel Sales","Tiempo de lectura":"2 minutos"},"schema":{"@context":"https:\/\/schema.org","@graph":[{"@type":"Article","@id":"https:\/\/exaudi.org\/es\/mexico-obispos-veracruz-legisladores-escucha\/#article","isPartOf":{"@id":"https:\/\/exaudi.org\/es\/mexico-obispos-veracruz-legisladores-escucha\/"},"author":{"name":"Gabriel Sales","@id":"https:\/\/exaudi.org\/#\/schema\/person\/d134b96438278131ce90c90c03fda6cd"},"headline":"M\u00e9xico: Obispos de Veracruz llaman a legisladores a escucha","datePublished":"2021-07-26T11:29:44+00:00","dateModified":"2021-07-27T08:01:33+00:00","mainEntityOfPage":{"@id":"https:\/\/exaudi.org\/es\/mexico-obispos-veracruz-legisladores-escucha\/"},"wordCount":474,"image":{"@id":"https:\/\/exaudi.org\/es\/mexico-obispos-veracruz-legisladores-escucha\/#primaryimage"},"thumbnailUrl":"https:\/\/exaudi.org\/wp-content\/uploads\/2021\/07\/ghjg-scaled.jpg","keywords":["Di\u00f3cesis de Veracruz","M\u00e9xico"],"articleSection":["Iglesia Local","\u00daltimas noticias"],"inLanguage":"es"},{"@type":"WebPage","@id":"https:\/\/exaudi.org\/es\/mexico-obispos-veracruz-legisladores-escucha\/","url":"https:\/\/exaudi.org\/es\/mexico-obispos-veracruz-legisladores-escucha\/","name":"M\u00e9xico: Obispos de Veracruz llaman a legisladores a escucha","isPartOf":{"@id":"https:\/\/exaudi.org\/#website"},"primaryImageOfPage":{"@id":"https:\/\/exaudi.org\/es\/mexico-obispos-veracruz-legisladores-escucha\/#primaryimage"},"image":{"@id":"https:\/\/exaudi.org\/es\/mexico-obispos-veracruz-legisladores-escucha\/#primaryimage"},"thumbnailUrl":"https:\/\/exaudi.org\/wp-content\/uploads\/2021\/07\/ghjg-scaled.jpg","datePublished":"2021-07-26T11:29:44+00:00","dateModified":"2021-07-27T08:01:33+00:00","author":{"@id":"https:\/\/exaudi.org\/#\/schema\/person\/d134b96438278131ce90c90c03fda6cd"},"description":"A trav\u00e9s de un mensaje, los obispos de las di\u00f3cesis de Veracruz, M\u00e9xico, deploran la decisi\u00f3n de los legisladores de despenalizar el aborto.","breadcrumb":{"@id":"https:\/\/exaudi.org\/es\/mexico-obispos-veracruz-legisladores-escucha\/#breadcrumb"},"inLanguage":"es","potentialAction":[{"@type":"ReadAction","target":["https:\/\/exaudi.org\/es\/mexico-obispos-veracruz-legisladores-escucha\/"]}]},{"@type":"ImageObject","inLanguage":"es","@id":"https:\/\/exaudi.org\/es\/mexico-obispos-veracruz-legisladores-escucha\/#primaryimage","url":"https:\/\/exaudi.org\/wp-content\/uploads\/2021\/07\/ghjg-scaled.jpg","contentUrl":"https:\/\/exaudi.org\/wp-content\/uploads\/2021\/07\/ghjg-scaled.jpg","width":2560,"height":1707,"caption":"Mujer embarazada \u00a9 Pxhere"},{"@type":"BreadcrumbList","@id":"https:\/\/exaudi.org\/es\/mexico-obispos-veracruz-legisladores-escucha\/#breadcrumb","itemListElement":[{"@type":"ListItem","position":1,"name":"Portada","item":"https:\/\/exaudi.org\/es\/"},{"@type":"ListItem","position":2,"name":"M\u00e9xico: Obispos de Veracruz llaman a legisladores a escucha"}]},{"@type":"WebSite","@id":"https:\/\/exaudi.org\/#website","url":"https:\/\/exaudi.org\/","name":"Exaudi","description":"News","potentialAction":[{"@type":"SearchAction","target":{"@type":"EntryPoint","urlTemplate":"https:\/\/exaudi.org\/?s={search_term_string}"},"query-input":{"@type":"PropertyValueSpecification","valueRequired":true,"valueName":"search_term_string"}}],"inLanguage":"es"},{"@type":"Person","@id":"https:\/\/exaudi.org\/#\/schema\/person\/d134b96438278131ce90c90c03fda6cd","name":"Gabriel Sales","image":{"@type":"ImageObject","inLanguage":"es","@id":"https:\/\/secure.gravatar.com\/avatar\/9b1269566f6a063ed26ffb3532b66a373cdde231ce5d0effb266167437fdaffd?s=96&d=mm&r=g","url":"https:\/\/secure.gravatar.com\/avatar\/9b1269566f6a063ed26ffb3532b66a373cdde231ce5d0effb266167437fdaffd?s=96&d=mm&r=g","contentUrl":"https:\/\/secure.gravatar.com\/avatar\/9b1269566f6a063ed26ffb3532b66a373cdde231ce5d0effb266167437fdaffd?s=96&d=mm&r=g","caption":"Gabriel Sales"},"description":"Periodista y especialista en Comunicaci\u00f3n y Branding digital. Cin\u00e9filo y cr\u00edtico de cine y series de televisi\u00f3n.","sameAs":["https:\/\/www.instagram.com\/cine90segundos\/","www.linkedin.com\/in\/habemusman","https:\/\/x.com\/habemusman","https:\/\/www.youtube.com\/channel\/UCVfCiOMkJ_C7T7OpyjuaLDg"],"url":"https:\/\/exaudi.org\/es\/author\/gsalesexaudi-org\/"}]}},"jetpack_featured_media_url":"https:\/\/exaudi.org\/wp-content\/uploads\/2021\/07\/ghjg-scaled.jpg","jetpack_shortlink":"https:\/\/wp.me\/pgKjF2-7ra","_links":{"self":[{"href":"https:\/\/exaudi.org\/es\/wp-json\/wp\/v2\/posts\/28592","targetHints":{"allow":["GET"]}}],"collection":[{"href":"https:\/\/exaudi.org\/es\/wp-json\/wp\/v2\/posts"}],"about":[{"href":"https:\/\/exaudi.org\/es\/wp-json\/wp\/v2\/types\/post"}],"author":[{"embeddable":true,"href":"https:\/\/exaudi.org\/es\/wp-json\/wp\/v2\/users\/6"}],"replies":[{"embeddable":true,"href":"https:\/\/exaudi.org\/es\/wp-json\/wp\/v2\/comments?post=28592"}],"version-history":[{"count":0,"href":"https:\/\/exaudi.org\/es\/wp-json\/wp\/v2\/posts\/28592\/revisions"}],"wp:featuredmedia":[{"embeddable":true,"href":"https:\/\/exaudi.org\/es\/wp-json\/wp\/v2\/media\/28618"}],"wp:attachment":[{"href":"https:\/\/exaudi.org\/es\/wp-json\/wp\/v2\/media?parent=28592"}],"wp:term":[{"taxonomy":"category","embeddable":true,"href":"https:\/\/exaudi.org\/es\/wp-json\/wp\/v2\/categories?post=28592"},{"taxonomy":"post_tag","embeddable":true,"href":"https:\/\/exaudi.org\/es\/wp-json\/wp\/v2\/tags?post=28592"}],"curies":[{"name":"wp","href":"https:\/\/api.w.org\/{rel}","templated":true}]}}