{"id":28059,"date":"2021-07-22T07:00:32","date_gmt":"2021-07-22T05:00:32","guid":{"rendered":"https:\/\/exaudi.org\/?p=28059"},"modified":"2021-07-23T17:08:33","modified_gmt":"2021-07-23T15:08:33","slug":"ser-abuelo-el-mejor-trabajo-del-mundo","status":"publish","type":"post","link":"https:\/\/exaudi.org\/es\/ser-abuelo-el-mejor-trabajo-del-mundo\/","title":{"rendered":"Ser abuelo, el mejor trabajo del mundo"},"content":{"rendered":"<p>Tengo el mejor trabajo del mundo. Es m\u00e1s gratificante que los distintos puestos profesionales que he ocupado y no se paga nada en t\u00e9rminos mundanales. Pero me proporciona la alegr\u00eda m\u00e1s profunda y sincera que una persona puede experimentar.<\/p>\n<p>Soy abuelo. Estas son mis estad\u00edsticas de abuelo:<\/p>\n<p>&#8211; Una esposa de 46 a\u00f1os. (Probablemente ella dir\u00eda que ser abuela es la mayor alegr\u00eda del mundo).<\/p>\n<p>&#8211; Dos hijos, uno de cada sexo (estoy convencido de que son dos).<\/p>\n<p>&#8211; Cuatro nietos, dos ni\u00f1as (gemelas) y dos ni\u00f1os. Todos tienen menos de cuatro a\u00f1os. Tres viven en Illinois; uno vive en Irlanda. (Pista: el nieto irland\u00e9s es el que tiene nombre irland\u00e9s).<\/p>\n<p><img loading=\"lazy\" decoding=\"async\" class=\"size-medium wp-image-28063 alignleft\" src=\"https:\/\/exaudi.org\/wp-content\/uploads\/2021\/07\/76917600_10162525082445632_4575385014971138048_n-1-300x200.jpg\" alt=\"\" width=\"300\" height=\"200\" srcset=\"https:\/\/exaudi.org\/wp-content\/uploads\/2021\/07\/76917600_10162525082445632_4575385014971138048_n-1-300x200.jpg 300w, https:\/\/exaudi.org\/wp-content\/uploads\/2021\/07\/76917600_10162525082445632_4575385014971138048_n-1-768x511.jpg 768w, https:\/\/exaudi.org\/wp-content\/uploads\/2021\/07\/76917600_10162525082445632_4575385014971138048_n-1-150x100.jpg 150w, https:\/\/exaudi.org\/wp-content\/uploads\/2021\/07\/76917600_10162525082445632_4575385014971138048_n-1-696x464.jpg 696w, https:\/\/exaudi.org\/wp-content\/uploads\/2021\/07\/76917600_10162525082445632_4575385014971138048_n-1-631x420.jpg 631w, https:\/\/exaudi.org\/wp-content\/uploads\/2021\/07\/76917600_10162525082445632_4575385014971138048_n-1.jpg 1000w\" sizes=\"auto, (max-width: 300px) 100vw, 300px\" \/>Traigo esto a colaci\u00f3n porque el 25 de julio ser\u00e1 la <a href=\"https:\/\/exaudi.org\/es\/primera-jornada-mundial-abuelos-personas-mayores-2021\/\" target=\"_blank\" rel=\"noopener noreferrer\">Primera Jornada Mundial de los Abuelos y los Mayores<\/a>. De todos los muchos mensajes inspiradores del Papa Francisco, el de este d\u00eda especial es mi favorito. Vale la pena leer el <a href=\"https:\/\/exaudi.org\/es\/papa-ancianos-iglesia-te-quiere\/\" target=\"_blank\" rel=\"noopener noreferrer\">mensaje<\/a>. Las palabras que m\u00e1s me impactaron fueron estas: \u201cPero incluso cuando todo parece oscuro, como en estos meses de pandemia, el Se\u00f1or sigue enviando \u00e1ngeles para consolar nuestra soledad y repetirnos: \u201cYo estoy contigo todos los d\u00edas\u201d (\u2026). A veces tendr\u00e1n el rostro de nuestros nietos, otras veces el rostro de familiares, de amigos de toda la vida o de personas que hemos conocido durante este momento dif\u00edcil. En este tiempo hemos aprendido a comprender lo importante que son los abrazos y las visitas para cada uno de nosotros, \u00a1y c\u00f3mo me entristece que en algunos lugares esto todav\u00eda no sea posible!\u201d.<\/p>\n<p>Cuento con la incre\u00edble bendici\u00f3n de tener cuatro de esos \u00e1ngeles en mi vida. As\u00ed que me siento obligado a compartir las 10 razones principales por las que me encanta ser abuelo. Notar\u00e1s r\u00e1pidamente que hay cuatro n\u00fameros 1 y las he enumerado en orden alfab\u00e9tico para dejar claro que todas tienen la misma importancia.\u00a0 En otras palabras, mis cuatro primeras razones son las mismas.\u00a0 Cada una de ellas es uno de los \u00e1ngeles que me hablan y hacen que mi vida tenga m\u00e1s sentido del que ten\u00eda antes de que llegaran.<\/p>\n<p><strong>1:<\/strong>\u00a0Damian John Paul.<\/p>\n<p><strong>1:<\/strong>\u00a0Juliana Therese.<\/p>\n<p><strong>1:<\/strong>\u00a0Lucy Faustina.<\/p>\n<p><strong>1:<\/strong>\u00a0Senan William.<\/p>\n<p><strong>5:<\/strong>\u00a0Recuerdos revividos: Ver a mis nietos me hace recordar c\u00f3mo eran mis hijos cuando eran peque\u00f1os. Me recuerda la alegr\u00eda y la felicidad que trajeron a las vidas de mi esposa y m\u00eda. Revivo su ternura, sus mimos y sus gritos de alegr\u00eda.<\/p>\n<p><strong>6:<\/strong> Recuerdos \u201cpurgados\u201d: Me divierto tanto con los nietos y recuerdo tantos buenos momentos con mis hijos que tiendo a olvidar las cosas negativas. S\u00e9 que mis hijos hicieron algunas tonter\u00edas cuando eran adolescentes, pero cuanto m\u00e1s tiempo estoy con mis nietos, menos recuerdo las transgresiones de sus padres.<\/p>\n<p><strong>7:<\/strong> Mis hijos demuestran una gran capacidad de crianza. En realidad, creo que mi hijo y mi hija son mejores padres que yo, sobre todo cuando eran peque\u00f1os. Tienen m\u00e1s paciencia y coherencia. Es agradable saber que la pr\u00f3xima generaci\u00f3n es m\u00e1s sabia, aunque parte de esa sabidur\u00eda provenga de haber sobrevivido a mis defectos.<\/p>\n<p><strong>8:<\/strong> Las segundas oportunidades: Fui un padre imperfecto y ahora soy un abuelo imperfecto.\u00a0 Sin embargo, tengo la oportunidad de mostrar comprensi\u00f3n y bondad a mis nietos en mayor medida de lo que mostr\u00e9 a mis hijos.<\/p>\n<p><strong>9:<\/strong> Enfoque del amor: Los distintos miembros de la familia pueden no estar de acuerdo en pol\u00edtica, religi\u00f3n, dieta, moda, m\u00fasica o calentamiento global.\u00a0 Pero todas las diferencias se diluyen en presencia de los nietos, que aportan una muestra del futuro y la esperanza de la humanidad.<\/p>\n<p><strong>10:<\/strong> La pesca. Me encanta pescar y a veces pesco algo. Con los nietos, cuento con una nueva generaci\u00f3n de personas con las que compartir la pesca, ense\u00f1ar a pescar, llevar un barco, compartir la alegr\u00eda de la primera captura y celebrar el milagro de los grandes espacios.\u00a0 Cuando pescaba con mi hijo, \u00e9l siempre cog\u00eda los peces m\u00e1s grandes y a m\u00ed no me importaba. A mi hija le gustaba manejar las lombrices.\u00a0 Creo que los nietos tienen un potencial similar. (Lo creas o no, he creado un plan de 10 a\u00f1os para ense\u00f1ar a los peque\u00f1os a pescar y s\u00f3lo estamos en el primer a\u00f1o).<\/p>\n<p>He o\u00eddo decir a la gente que tener nietos te hace m\u00e1s joven. Sinceramente, despu\u00e9s de un d\u00eda con los nietos, me siento m\u00e1s cansado que joven.\u00a0 Pero tambi\u00e9n me siento m\u00e1s decidido a cuidar mi salud, hacer ejercicio, comer bien y mantenerme activo el mayor tiempo posible. Al fin y al cabo, el a\u00f1o 10 de mi plan de pesca es bastante intenso y para entonces habr\u00e9 llegado a una edad que la mayor\u00eda de la gente llama \u201canciana\u201d.<\/p>\n<p>El Papa Francisco conceder\u00e1 indulgencias plenarias en la <a href=\"http:\/\/www.laityfamilylife.va\/content\/laityfamilylife\/es\/amoris-laetitia\/iniziative-e-risorse\/giornata-mondiale-e-anziani.html\" target=\"_blank\" rel=\"noopener noreferrer\">Primera Jornada Mundial de los Abuelos y los Ancianos<\/a>, a los abuelos, a los ancianos y a todos los fieles que participen \u201cmotivados por un verdadero esp\u00edritu de penitencia y caridad\u201d. Espero que los miembros de mi familia aprovechen esta oportunidad.<\/p>\n<p>No espero ninguna tarjeta o regalo especial en el D\u00eda Mundial de los Abuelos y los Ancianos. No necesito corbatas ni jerseys. Mis nietos ya me dan el mayor regalo que podr\u00eda desear: son ellos mismos.<\/p>\n","protected":false},"excerpt":{"rendered":"<p>Primera Jornada de los Abuelos y los Mayores, el pr\u00f3ximo 25 de julio<\/p>\n","protected":false},"author":4,"featured_media":28060,"comment_status":"open","ping_status":"open","sticky":false,"template":"","format":"standard","meta":{"_acf_changed":false,"_crdt_document":"","inline_featured_image":false,"footnotes":""},"categories":[98,298],"tags":[1794],"class_list":["post-28059","post","type-post","status-publish","format-standard","has-post-thumbnail","hentry","category-testimonios","category-ultimas-noticias","tag-jornada-mundial-de-los-abuelos-y-las-personas-mayores"],"acf":[],"yoast_head":"<!-- This site is optimized with the Yoast SEO plugin v27.5 - https:\/\/yoast.com\/product\/yoast-seo-wordpress\/ -->\n<title>Ser abuelo, el mejor trabajo del mundo &#8211; Exaudi<\/title>\n<meta name=\"description\" content=\"Jim Fair tiene el mejor trabajo del mundo: Ser abuelo de 4 nietos y en este art\u00edculo aporta su testimonio sobre su labor como tal\" \/>\n<meta name=\"robots\" content=\"index, follow, max-snippet:-1, max-image-preview:large, max-video-preview:-1\" \/>\n<link rel=\"canonical\" href=\"https:\/\/exaudi.org\/es\/ser-abuelo-el-mejor-trabajo-del-mundo\/\" \/>\n<meta property=\"og:locale\" content=\"es_ES\" \/>\n<meta property=\"og:type\" content=\"article\" \/>\n<meta property=\"og:title\" content=\"Ser abuelo, el mejor trabajo del mundo &#8211; Exaudi\" \/>\n<meta property=\"og:description\" content=\"Jim Fair tiene el mejor trabajo del mundo: Ser abuelo de 4 nietos y en este art\u00edculo aporta su testimonio sobre su labor como tal\" \/>\n<meta property=\"og:url\" content=\"https:\/\/exaudi.org\/es\/ser-abuelo-el-mejor-trabajo-del-mundo\/\" \/>\n<meta property=\"og:site_name\" content=\"Exaudi\" \/>\n<meta property=\"article:publisher\" content=\"https:\/\/www.facebook.com\/ExaudiNews\" \/>\n<meta property=\"article:published_time\" content=\"2021-07-22T05:00:32+00:00\" \/>\n<meta property=\"article:modified_time\" content=\"2021-07-23T15:08:33+00:00\" \/>\n<meta property=\"og:image\" content=\"https:\/\/exaudi.org\/wp-content\/uploads\/2021\/07\/munchkins-row-1.jpg\" \/>\n\t<meta property=\"og:image:width\" content=\"1135\" \/>\n\t<meta property=\"og:image:height\" content=\"368\" \/>\n\t<meta property=\"og:image:type\" content=\"image\/jpeg\" \/>\n<meta name=\"author\" content=\"Jim Fair\" \/>\n<meta name=\"twitter:card\" content=\"summary_large_image\" \/>\n<meta name=\"twitter:creator\" content=\"@Exaudi_News\" \/>\n<meta name=\"twitter:site\" content=\"@Exaudi_News\" \/>\n<meta name=\"twitter:label1\" content=\"Escrito por\" \/>\n\t<meta name=\"twitter:data1\" content=\"Jim Fair\" \/>\n\t<meta name=\"twitter:label2\" content=\"Tiempo de lectura\" \/>\n\t<meta name=\"twitter:data2\" content=\"4 minutos\" \/>\n<script type=\"application\/ld+json\" class=\"yoast-schema-graph\">{\"@context\":\"https:\\\/\\\/schema.org\",\"@graph\":[{\"@type\":\"Article\",\"@id\":\"https:\\\/\\\/exaudi.org\\\/es\\\/ser-abuelo-el-mejor-trabajo-del-mundo\\\/#article\",\"isPartOf\":{\"@id\":\"https:\\\/\\\/exaudi.org\\\/es\\\/ser-abuelo-el-mejor-trabajo-del-mundo\\\/\"},\"author\":{\"name\":\"Jim Fair\",\"@id\":\"https:\\\/\\\/exaudi.org\\\/#\\\/schema\\\/person\\\/010bdf0d65f801cd06f263d9b37ae0f4\"},\"headline\":\"Ser abuelo, el mejor trabajo del mundo\",\"datePublished\":\"2021-07-22T05:00:32+00:00\",\"dateModified\":\"2021-07-23T15:08:33+00:00\",\"mainEntityOfPage\":{\"@id\":\"https:\\\/\\\/exaudi.org\\\/es\\\/ser-abuelo-el-mejor-trabajo-del-mundo\\\/\"},\"wordCount\":924,\"commentCount\":0,\"image\":{\"@id\":\"https:\\\/\\\/exaudi.org\\\/es\\\/ser-abuelo-el-mejor-trabajo-del-mundo\\\/#primaryimage\"},\"thumbnailUrl\":\"https:\\\/\\\/exaudi.org\\\/wp-content\\\/uploads\\\/2021\\\/07\\\/munchkins-row-1.jpg\",\"keywords\":[\"Jornada Mundial de los Abuelos y las Personas Mayores\"],\"articleSection\":[\"Testimonios\",\"\u00daltimas noticias\"],\"inLanguage\":\"es\",\"potentialAction\":[{\"@type\":\"CommentAction\",\"name\":\"Comment\",\"target\":[\"https:\\\/\\\/exaudi.org\\\/es\\\/ser-abuelo-el-mejor-trabajo-del-mundo\\\/#respond\"]}]},{\"@type\":\"WebPage\",\"@id\":\"https:\\\/\\\/exaudi.org\\\/es\\\/ser-abuelo-el-mejor-trabajo-del-mundo\\\/\",\"url\":\"https:\\\/\\\/exaudi.org\\\/es\\\/ser-abuelo-el-mejor-trabajo-del-mundo\\\/\",\"name\":\"Ser abuelo, el mejor trabajo del mundo &#8211; Exaudi\",\"isPartOf\":{\"@id\":\"https:\\\/\\\/exaudi.org\\\/#website\"},\"primaryImageOfPage\":{\"@id\":\"https:\\\/\\\/exaudi.org\\\/es\\\/ser-abuelo-el-mejor-trabajo-del-mundo\\\/#primaryimage\"},\"image\":{\"@id\":\"https:\\\/\\\/exaudi.org\\\/es\\\/ser-abuelo-el-mejor-trabajo-del-mundo\\\/#primaryimage\"},\"thumbnailUrl\":\"https:\\\/\\\/exaudi.org\\\/wp-content\\\/uploads\\\/2021\\\/07\\\/munchkins-row-1.jpg\",\"datePublished\":\"2021-07-22T05:00:32+00:00\",\"dateModified\":\"2021-07-23T15:08:33+00:00\",\"author\":{\"@id\":\"https:\\\/\\\/exaudi.org\\\/#\\\/schema\\\/person\\\/010bdf0d65f801cd06f263d9b37ae0f4\"},\"description\":\"Jim Fair tiene el mejor trabajo del mundo: Ser abuelo de 4 nietos y en este art\u00edculo aporta su testimonio sobre su labor como tal\",\"breadcrumb\":{\"@id\":\"https:\\\/\\\/exaudi.org\\\/es\\\/ser-abuelo-el-mejor-trabajo-del-mundo\\\/#breadcrumb\"},\"inLanguage\":\"es\",\"potentialAction\":[{\"@type\":\"ReadAction\",\"target\":[\"https:\\\/\\\/exaudi.org\\\/es\\\/ser-abuelo-el-mejor-trabajo-del-mundo\\\/\"]}]},{\"@type\":\"ImageObject\",\"inLanguage\":\"es\",\"@id\":\"https:\\\/\\\/exaudi.org\\\/es\\\/ser-abuelo-el-mejor-trabajo-del-mundo\\\/#primaryimage\",\"url\":\"https:\\\/\\\/exaudi.org\\\/wp-content\\\/uploads\\\/2021\\\/07\\\/munchkins-row-1.jpg\",\"contentUrl\":\"https:\\\/\\\/exaudi.org\\\/wp-content\\\/uploads\\\/2021\\\/07\\\/munchkins-row-1.jpg\",\"width\":1135,\"height\":368,\"caption\":\"De izquierda a derecha, Damian John Paul, Juliana Therese, Lucy Faustina, Senan William, los 4 nietos de Jim \u00a9 Jim Fair\"},{\"@type\":\"BreadcrumbList\",\"@id\":\"https:\\\/\\\/exaudi.org\\\/es\\\/ser-abuelo-el-mejor-trabajo-del-mundo\\\/#breadcrumb\",\"itemListElement\":[{\"@type\":\"ListItem\",\"position\":1,\"name\":\"Portada\",\"item\":\"https:\\\/\\\/exaudi.org\\\/es\\\/\"},{\"@type\":\"ListItem\",\"position\":2,\"name\":\"Ser abuelo, el mejor trabajo del mundo\"}]},{\"@type\":\"WebSite\",\"@id\":\"https:\\\/\\\/exaudi.org\\\/#website\",\"url\":\"https:\\\/\\\/exaudi.org\\\/\",\"name\":\"Exaudi\",\"description\":\"News\",\"potentialAction\":[{\"@type\":\"SearchAction\",\"target\":{\"@type\":\"EntryPoint\",\"urlTemplate\":\"https:\\\/\\\/exaudi.org\\\/?s={search_term_string}\"},\"query-input\":{\"@type\":\"PropertyValueSpecification\",\"valueRequired\":true,\"valueName\":\"search_term_string\"}}],\"inLanguage\":\"es\"},{\"@type\":\"Person\",\"@id\":\"https:\\\/\\\/exaudi.org\\\/#\\\/schema\\\/person\\\/010bdf0d65f801cd06f263d9b37ae0f4\",\"name\":\"Jim Fair\",\"image\":{\"@type\":\"ImageObject\",\"inLanguage\":\"es\",\"@id\":\"https:\\\/\\\/secure.gravatar.com\\\/avatar\\\/d9e9a2d31abad3e51c5d8f0279fc9b21b66199b8a85886455445ed562fd46934?s=96&d=mm&r=g\",\"url\":\"https:\\\/\\\/secure.gravatar.com\\\/avatar\\\/d9e9a2d31abad3e51c5d8f0279fc9b21b66199b8a85886455445ed562fd46934?s=96&d=mm&r=g\",\"contentUrl\":\"https:\\\/\\\/secure.gravatar.com\\\/avatar\\\/d9e9a2d31abad3e51c5d8f0279fc9b21b66199b8a85886455445ed562fd46934?s=96&d=mm&r=g\",\"caption\":\"Jim Fair\"},\"description\":\"Jim Fair has spent the past two decades as a communicator for Catholic organizations. He is a convert to the Catholic faith and is grateful to his wife, Charmaine, for her continuing efforts to save his soul. They have a son and daughter, both happily married, and four grandchildren. Before devoting his life full-time to things Catholic, Jim enjoyed a 23-year career in various communications roles for large corporations. Before that, he worked as a newspaper reporter, photographer, and editor. He has served as president of the Chicago Public Relations Forum, chairman of the American Petroleum Institute General Committee on Communications, and a fellow of Greater Leadership Chicago. He was a member of the founding committee of the chemical industry\u2019s Responsible Care Program. Jim is an active member of St. John Vianney Parish in Northlake, Illinois, where he chairs the finance council.\",\"url\":\"https:\\\/\\\/exaudi.org\\\/es\\\/author\\\/jfairexaudi-org\\\/\"}]}<\/script>\n<!-- \/ Yoast SEO plugin. -->","yoast_head_json":{"title":"Ser abuelo, el mejor trabajo del mundo &#8211; Exaudi","description":"Jim Fair tiene el mejor trabajo del mundo: Ser abuelo de 4 nietos y en este art\u00edculo aporta su testimonio sobre su labor como tal","robots":{"index":"index","follow":"follow","max-snippet":"max-snippet:-1","max-image-preview":"max-image-preview:large","max-video-preview":"max-video-preview:-1"},"canonical":"https:\/\/exaudi.org\/es\/ser-abuelo-el-mejor-trabajo-del-mundo\/","og_locale":"es_ES","og_type":"article","og_title":"Ser abuelo, el mejor trabajo del mundo &#8211; Exaudi","og_description":"Jim Fair tiene el mejor trabajo del mundo: Ser abuelo de 4 nietos y en este art\u00edculo aporta su testimonio sobre su labor como tal","og_url":"https:\/\/exaudi.org\/es\/ser-abuelo-el-mejor-trabajo-del-mundo\/","og_site_name":"Exaudi","article_publisher":"https:\/\/www.facebook.com\/ExaudiNews","article_published_time":"2021-07-22T05:00:32+00:00","article_modified_time":"2021-07-23T15:08:33+00:00","og_image":[{"width":1135,"height":368,"url":"https:\/\/exaudi.org\/wp-content\/uploads\/2021\/07\/munchkins-row-1.jpg","type":"image\/jpeg"}],"author":"Jim Fair","twitter_card":"summary_large_image","twitter_creator":"@Exaudi_News","twitter_site":"@Exaudi_News","twitter_misc":{"Escrito por":"Jim Fair","Tiempo de lectura":"4 minutos"},"schema":{"@context":"https:\/\/schema.org","@graph":[{"@type":"Article","@id":"https:\/\/exaudi.org\/es\/ser-abuelo-el-mejor-trabajo-del-mundo\/#article","isPartOf":{"@id":"https:\/\/exaudi.org\/es\/ser-abuelo-el-mejor-trabajo-del-mundo\/"},"author":{"name":"Jim Fair","@id":"https:\/\/exaudi.org\/#\/schema\/person\/010bdf0d65f801cd06f263d9b37ae0f4"},"headline":"Ser abuelo, el mejor trabajo del mundo","datePublished":"2021-07-22T05:00:32+00:00","dateModified":"2021-07-23T15:08:33+00:00","mainEntityOfPage":{"@id":"https:\/\/exaudi.org\/es\/ser-abuelo-el-mejor-trabajo-del-mundo\/"},"wordCount":924,"commentCount":0,"image":{"@id":"https:\/\/exaudi.org\/es\/ser-abuelo-el-mejor-trabajo-del-mundo\/#primaryimage"},"thumbnailUrl":"https:\/\/exaudi.org\/wp-content\/uploads\/2021\/07\/munchkins-row-1.jpg","keywords":["Jornada Mundial de los Abuelos y las Personas Mayores"],"articleSection":["Testimonios","\u00daltimas noticias"],"inLanguage":"es","potentialAction":[{"@type":"CommentAction","name":"Comment","target":["https:\/\/exaudi.org\/es\/ser-abuelo-el-mejor-trabajo-del-mundo\/#respond"]}]},{"@type":"WebPage","@id":"https:\/\/exaudi.org\/es\/ser-abuelo-el-mejor-trabajo-del-mundo\/","url":"https:\/\/exaudi.org\/es\/ser-abuelo-el-mejor-trabajo-del-mundo\/","name":"Ser abuelo, el mejor trabajo del mundo &#8211; Exaudi","isPartOf":{"@id":"https:\/\/exaudi.org\/#website"},"primaryImageOfPage":{"@id":"https:\/\/exaudi.org\/es\/ser-abuelo-el-mejor-trabajo-del-mundo\/#primaryimage"},"image":{"@id":"https:\/\/exaudi.org\/es\/ser-abuelo-el-mejor-trabajo-del-mundo\/#primaryimage"},"thumbnailUrl":"https:\/\/exaudi.org\/wp-content\/uploads\/2021\/07\/munchkins-row-1.jpg","datePublished":"2021-07-22T05:00:32+00:00","dateModified":"2021-07-23T15:08:33+00:00","author":{"@id":"https:\/\/exaudi.org\/#\/schema\/person\/010bdf0d65f801cd06f263d9b37ae0f4"},"description":"Jim Fair tiene el mejor trabajo del mundo: Ser abuelo de 4 nietos y en este art\u00edculo aporta su testimonio sobre su labor como tal","breadcrumb":{"@id":"https:\/\/exaudi.org\/es\/ser-abuelo-el-mejor-trabajo-del-mundo\/#breadcrumb"},"inLanguage":"es","potentialAction":[{"@type":"ReadAction","target":["https:\/\/exaudi.org\/es\/ser-abuelo-el-mejor-trabajo-del-mundo\/"]}]},{"@type":"ImageObject","inLanguage":"es","@id":"https:\/\/exaudi.org\/es\/ser-abuelo-el-mejor-trabajo-del-mundo\/#primaryimage","url":"https:\/\/exaudi.org\/wp-content\/uploads\/2021\/07\/munchkins-row-1.jpg","contentUrl":"https:\/\/exaudi.org\/wp-content\/uploads\/2021\/07\/munchkins-row-1.jpg","width":1135,"height":368,"caption":"De izquierda a derecha, Damian John Paul, Juliana Therese, Lucy Faustina, Senan William, los 4 nietos de Jim \u00a9 Jim Fair"},{"@type":"BreadcrumbList","@id":"https:\/\/exaudi.org\/es\/ser-abuelo-el-mejor-trabajo-del-mundo\/#breadcrumb","itemListElement":[{"@type":"ListItem","position":1,"name":"Portada","item":"https:\/\/exaudi.org\/es\/"},{"@type":"ListItem","position":2,"name":"Ser abuelo, el mejor trabajo del mundo"}]},{"@type":"WebSite","@id":"https:\/\/exaudi.org\/#website","url":"https:\/\/exaudi.org\/","name":"Exaudi","description":"News","potentialAction":[{"@type":"SearchAction","target":{"@type":"EntryPoint","urlTemplate":"https:\/\/exaudi.org\/?s={search_term_string}"},"query-input":{"@type":"PropertyValueSpecification","valueRequired":true,"valueName":"search_term_string"}}],"inLanguage":"es"},{"@type":"Person","@id":"https:\/\/exaudi.org\/#\/schema\/person\/010bdf0d65f801cd06f263d9b37ae0f4","name":"Jim Fair","image":{"@type":"ImageObject","inLanguage":"es","@id":"https:\/\/secure.gravatar.com\/avatar\/d9e9a2d31abad3e51c5d8f0279fc9b21b66199b8a85886455445ed562fd46934?s=96&d=mm&r=g","url":"https:\/\/secure.gravatar.com\/avatar\/d9e9a2d31abad3e51c5d8f0279fc9b21b66199b8a85886455445ed562fd46934?s=96&d=mm&r=g","contentUrl":"https:\/\/secure.gravatar.com\/avatar\/d9e9a2d31abad3e51c5d8f0279fc9b21b66199b8a85886455445ed562fd46934?s=96&d=mm&r=g","caption":"Jim Fair"},"description":"Jim Fair has spent the past two decades as a communicator for Catholic organizations. He is a convert to the Catholic faith and is grateful to his wife, Charmaine, for her continuing efforts to save his soul. They have a son and daughter, both happily married, and four grandchildren. Before devoting his life full-time to things Catholic, Jim enjoyed a 23-year career in various communications roles for large corporations. Before that, he worked as a newspaper reporter, photographer, and editor. He has served as president of the Chicago Public Relations Forum, chairman of the American Petroleum Institute General Committee on Communications, and a fellow of Greater Leadership Chicago. He was a member of the founding committee of the chemical industry\u2019s Responsible Care Program. Jim is an active member of St. John Vianney Parish in Northlake, Illinois, where he chairs the finance council.","url":"https:\/\/exaudi.org\/es\/author\/jfairexaudi-org\/"}]}},"jetpack_featured_media_url":"https:\/\/exaudi.org\/wp-content\/uploads\/2021\/07\/munchkins-row-1.jpg","jetpack_shortlink":"https:\/\/wp.me\/pgKjF2-7iz","_links":{"self":[{"href":"https:\/\/exaudi.org\/es\/wp-json\/wp\/v2\/posts\/28059","targetHints":{"allow":["GET"]}}],"collection":[{"href":"https:\/\/exaudi.org\/es\/wp-json\/wp\/v2\/posts"}],"about":[{"href":"https:\/\/exaudi.org\/es\/wp-json\/wp\/v2\/types\/post"}],"author":[{"embeddable":true,"href":"https:\/\/exaudi.org\/es\/wp-json\/wp\/v2\/users\/4"}],"replies":[{"embeddable":true,"href":"https:\/\/exaudi.org\/es\/wp-json\/wp\/v2\/comments?post=28059"}],"version-history":[{"count":0,"href":"https:\/\/exaudi.org\/es\/wp-json\/wp\/v2\/posts\/28059\/revisions"}],"wp:featuredmedia":[{"embeddable":true,"href":"https:\/\/exaudi.org\/es\/wp-json\/wp\/v2\/media\/28060"}],"wp:attachment":[{"href":"https:\/\/exaudi.org\/es\/wp-json\/wp\/v2\/media?parent=28059"}],"wp:term":[{"taxonomy":"category","embeddable":true,"href":"https:\/\/exaudi.org\/es\/wp-json\/wp\/v2\/categories?post=28059"},{"taxonomy":"post_tag","embeddable":true,"href":"https:\/\/exaudi.org\/es\/wp-json\/wp\/v2\/tags?post=28059"}],"curies":[{"name":"wp","href":"https:\/\/api.w.org\/{rel}","templated":true}]}}