{"id":28008,"date":"2021-07-21T07:45:26","date_gmt":"2021-07-21T05:45:26","guid":{"rendered":"https:\/\/exaudi.org\/?p=28008"},"modified":"2021-07-22T09:33:19","modified_gmt":"2021-07-22T07:33:19","slug":"cardenal-arizmendi-otro-pais-con-los-jovenes","status":"publish","type":"post","link":"https:\/\/exaudi.org\/es\/cardenal-arizmendi-otro-pais-con-los-jovenes\/","title":{"rendered":"Cardenal Arizmendi: Otro pa\u00eds, con los j\u00f3venes"},"content":{"rendered":"<p>El cardenal\u00a0<a href=\"https:\/\/exaudi.org\/es\/author\/felipearizmendi\/\">Felipe Arizmendi Esquivel<\/a>, obispo em\u00e9rito de San Crist\u00f3bal de Las Casas y responsable de la Doctrina de la Fe en la\u00a0<a href=\"https:\/\/www.cem.org.mx\/\">Conferencia del Episcopado Mexicano<\/a>\u00a0(CEM), ofrece a los lectores de Exaudi su art\u00edculo semanal titulado \u201cOtro pa\u00eds, con los j\u00f3venes\u201d.<\/p>\n<h4><strong>Ver<\/strong><\/h4>\n<p>Una persona me platic\u00f3 que qued\u00f3 sorprendida porque fue a una tiendita de abarrotes del pueblo a comprar sus cosas, y estaban all\u00ed tres j\u00f3venes con armas, prepotentes y sinti\u00e9ndose reyes del lugar, causando temor en los presentes. Lo que m\u00e1s le sorprendi\u00f3 fue que quien los lidereaba era una jovencita, tatuada por todas partes, con un vocabulario y unas expresiones muy vulgares.<\/p>\n<p>Un domingo, al salir de la Misa de medio d\u00eda, pasando por la plaza del pueblo, frente a m\u00ed, a un metro de distancia, pas\u00f3 una camioneta con unos diez j\u00f3venes armados, miembros de un grupo que se dedica a extorsionar. Nos quedamos asombrados y preocupados, con esos j\u00f3venes engarzados por l\u00edderes de grupos armados que imponen sus leyes por todas partes.<\/p>\n<p>Unos sacerdotes de Mazatl\u00e1n, al oeste del pa\u00eds, me platicaron que muchos ni\u00f1os y adolescentes dicen sin ning\u00fan rubor que, cuando sean mayores de edad, su ilusi\u00f3n es llegar a ser narcotraficantes, por los lujos y placeres que \u00e9stos presumen.<\/p>\n<p>\u00bfQu\u00e9 hacemos por esa juventud? El presidente de nuestro pa\u00eds sostiene que hay que atacar esto desde ra\u00edz, ofreciendo a los j\u00f3venes oportunidades de estudiar y trabajar. Tiene toda la raz\u00f3n y hay que apoyar eso; pero quienes ya est\u00e1n dentro de esos grupos no entienden de abrazos y buenos consejos de sus mam\u00e1s, y hay que defender al pueblo pobre que sufre por esa delincuencia que no se detiene.<\/p>\n<h4><strong>P<\/strong><strong>ensar<\/strong><\/h4>\n<p>El Papa Francisco, en su visita a nuestro pa\u00eds, dijo a los j\u00f3venes en Morelia, el 16 de febrero de 2016:<\/p>\n<p>\u201cUno de los mayores tesoros de esta tierra mexicana tiene rostro joven; son sus jo\u0301venes. Si\u0301, son ustedes la riqueza de esta tierra; hay que transformarla en esperanza. No todo esta\u0301 perdido. La principal amenaza a la esperanza es cuando sientes que no le importas a nadie, o que esta\u0301s dejado de lado.<\/p>\n<p>Hay otra principal amenaza a la esperanza: hacerte creer que empiezas a ser valioso cuando te disfrazas de ropas, marcas, del u\u0301ltimo grito de la moda, o cuando te vuelves importante por tener dinero; pero, en el fondo, tu corazo\u0301n no cree que seas digno de carin\u0303o, digno de amor. La principal amenaza es cuando uno siente que tiene que tener plata para comprar todo, incluso el carin\u0303o de los dema\u0301s. La principal amenaza es creer que, por tener un gran carro, eres feliz.<\/p>\n<p>Muchas veces se vuelve difi\u0301cil sentirse la riqueza cuando nos vemos continuamente expuestos a la pe\u0301rdida de amigos o de familiares en manos del narcotra\u0301fico, de las drogas, de organizaciones criminales que siembran el terror. Es difi\u0301cil sentirse la riqueza de una nacio\u0301n cuando no se tienen oportunidades de trabajo digno, de estudio y capacitacio\u0301n. Es difi\u0301cil sentirse la riqueza de un lugar cuando, por ser jo\u0301venes, se los usa para fines mezquinos, seducie\u0301ndolos con promesas que, al final, no son reales; son pompas de jabo\u0301n. Es mentira que la u\u0301nica forma de vivir, de poder ser joven es dejando la vida en manos del narcotra\u0301fico, o de todos aquellos que lo u\u0301nico que esta\u0301n haciendo es sembrar destruccio\u0301n y muerte.<\/p>\n<p>Yo creo en Jesucristo y por eso les digo esto: E\u0301l es quien renueva continuamente en mi\u0301 la esperanza, es E\u0301l quien renueva continuamente mi mirada. Es E\u0301l quien despierta en mi\u0301, o sea en cada uno de nosotros, el encanto de disfrutar, el encanto de son\u0303ar, el encanto de trabajar juntos. Es E\u0301l quien continuamente me invita a convertir el corazo\u0301n. Por favor, nunca se suelten de su mano. Y y si se caen una vez, de\u0301jense levantar por E\u0301l. Nunca se suelten de la mano de Jesucristo; por favor, nunca se aparten de E\u0301l, y si se apartan, se levantan y siguen adelante. El comprende lo que son estas cosas.<\/p>\n<p>Es cierto que, por este camino, quiza\u0301s no tendra\u0301n el u\u0301ltimo carro en la puerta, no tendra\u0301n los bolsillos llenos de plata, pero tendr\u00e1n algo que nadie nunca les podra\u0301 sacar, que es la experiencia de sentirse amados, abrazados, acompan\u0303ados; es el encanto de disfrutar del encuentro, el encanto de son\u0303ar en el encuentro de todos. Es la experiencia de sentirse familia, de sentirse comunidad y es la experiencia de poder mirar al mundo, a la cara, con la frente alta, sin el carro, sin la plata, pero la frente alta.<\/p>\n<p>Jesu\u0301s, el que nos da la esperanza, nunca nos invitari\u0301a a ser sicarios, sino que nos llama disci\u0301pulos. Nos llama amigos. Jesu\u0301s nunca nos mandari\u0301a a la muerte, sino que todo en E\u0301l es invitacio\u0301n a la vida.<\/p>\n<p>En la familia se aprende cercani\u0301a, se aprende solidaridad, se aprende a compartir, a discernir, a llevar adelante los problemas unos de otros, a pelearse y a arreglarse, a discutir y abrazarse y a besarse. La familia es la primera escuela de la nacio\u0301n y en la familia esta\u0301 esa riqueza que tienen ustedes. Nunca, nunca dejen de lado la familia. La familia es la piedra de base de la construccio\u0301n de una gran nacio\u0301n\u201d.<\/p>\n<h4><strong>Actuar<\/strong><\/h4>\n<p>El episcopado mexicano, en nuestro Proyecto global de pastoral 2031+2033, hicimos la opci\u00f3n de ser \u201cuna Iglesia que comparte con los adolescentes y j\u00f3venes la tarea de hacer un pa\u00eds lleno de esperanza, alegr\u00eda y vida plena\u201d. Y para ello nos comprometimos a acompa\u00f1arlos \u201ccon cercan\u00eda, confianza y di\u00e1logo mutuo, para reconocerlos como protagonistas de una transformaci\u00f3n social y sujetos de una nueva etapa en la evangelizaci\u00f3n en nuestras comunidades juveniles, desde un proyecto de vida, orientado hacia su propia santidad\u201d (PGP 188).<\/p>\n<p>Hicimos el compromiso de \u201cpromover iniciativas de educaci\u00f3n y desarrollo humano integral de los adolescentes y j\u00f3venes, acercarnos\u00a0a ellos en sus diversas realidades y ambientes, acompa\u00f1ar y promover encuentros con Jesucristo Vivo, favorecer iniciativas de evangelizaci\u00f3n y trabajo misionero de los j\u00f3venes hacia los mismos j\u00f3venes, realizar proyectos pastorales encaminados a acompa\u00f1ar y ayudar a los j\u00f3venes en riesgo de violencia, narcotr\u00e1fico, prostituci\u00f3n, trata de personas, etc., con ambientes m\u00e1s sanos que les ayude a desarrollar su esp\u00edritu juvenil\u201d (Ibid).<\/p>\n<audio class=\"wp-audio-shortcode\" id=\"audio-28008-1\" preload=\"none\" style=\"width: 100%;\" controls=\"controls\"><source type=\"audio\/mpeg\" src=\"https:\/\/exaudi.org\/wp-content\/uploads\/2021\/07\/Articulo-21-julio.mp3?_=1\" \/><a href=\"https:\/\/exaudi.org\/wp-content\/uploads\/2021\/07\/Articulo-21-julio.mp3\">https:\/\/exaudi.org\/wp-content\/uploads\/2021\/07\/Articulo-21-julio.mp3<\/a><\/audio>\n","protected":false},"excerpt":{"rendered":"<p>Acompa\u00f1arlos para reconocerlos \u201ccomo protagonistas de una transformaci\u00f3n social\u201d<\/p>\n","protected":false},"author":24,"featured_media":28056,"comment_status":"open","ping_status":"open","sticky":false,"template":"","format":"standard","meta":{"_acf_changed":false,"_crdt_document":"","inline_featured_image":false,"footnotes":""},"categories":[298,130],"tags":[413,1855,415],"class_list":["post-28008","post","type-post","status-publish","format-standard","has-post-thumbnail","hentry","category-ultimas-noticias","category-voces","tag-cardenal-felipe-arizmendi-esquivel","tag-jovenes","tag-mexico"],"acf":[],"yoast_head":"<!-- This site is optimized with the Yoast SEO plugin v27.5 - https:\/\/yoast.com\/product\/yoast-seo-wordpress\/ -->\n<title>Cardenal Arizmendi: Otro pa\u00eds, con los j\u00f3venes &#8211; Exaudi<\/title>\n<meta name=\"description\" content=\"El cardenal\u00a0Arizmendi, obispo em\u00e9rito de San Crist\u00f3bal de Las Casas, ofrece su art\u00edculo semanal titulado \u201cOtro pa\u00eds, con los j\u00f3venes\u201d.\" \/>\n<meta name=\"robots\" content=\"index, follow, max-snippet:-1, max-image-preview:large, max-video-preview:-1\" \/>\n<link rel=\"canonical\" href=\"https:\/\/exaudi.org\/es\/cardenal-arizmendi-otro-pais-con-los-jovenes\/\" \/>\n<meta property=\"og:locale\" content=\"es_ES\" \/>\n<meta property=\"og:type\" content=\"article\" \/>\n<meta property=\"og:title\" content=\"Cardenal Arizmendi: Otro pa\u00eds, con los j\u00f3venes &#8211; Exaudi\" \/>\n<meta property=\"og:description\" content=\"El cardenal\u00a0Arizmendi, obispo em\u00e9rito de San Crist\u00f3bal de Las Casas, ofrece su art\u00edculo semanal titulado \u201cOtro pa\u00eds, con los j\u00f3venes\u201d.\" \/>\n<meta property=\"og:url\" content=\"https:\/\/exaudi.org\/es\/cardenal-arizmendi-otro-pais-con-los-jovenes\/\" \/>\n<meta property=\"og:site_name\" content=\"Exaudi\" \/>\n<meta property=\"article:publisher\" content=\"https:\/\/www.facebook.com\/ExaudiNews\" \/>\n<meta property=\"article:published_time\" content=\"2021-07-21T05:45:26+00:00\" \/>\n<meta property=\"article:modified_time\" content=\"2021-07-22T07:33:19+00:00\" \/>\n<meta property=\"og:image\" content=\"https:\/\/exaudi.org\/wp-content\/uploads\/2021\/07\/Jovenes-\u00a9-Cathopic.-Angie-Menes-\u0646-scaled.jpg\" \/>\n\t<meta property=\"og:image:width\" content=\"2560\" \/>\n\t<meta property=\"og:image:height\" content=\"1222\" \/>\n\t<meta property=\"og:image:type\" content=\"image\/jpeg\" \/>\n<meta name=\"author\" content=\"Cardenal Felipe Arizmendi\" \/>\n<meta name=\"twitter:card\" content=\"summary_large_image\" \/>\n<meta name=\"twitter:creator\" content=\"@Exaudi_News\" \/>\n<meta name=\"twitter:site\" content=\"@Exaudi_News\" \/>\n<meta name=\"twitter:label1\" content=\"Escrito por\" \/>\n\t<meta name=\"twitter:data1\" content=\"Cardenal Felipe Arizmendi\" \/>\n\t<meta name=\"twitter:label2\" content=\"Tiempo de lectura\" \/>\n\t<meta name=\"twitter:data2\" content=\"5 minutos\" \/>\n<script type=\"application\/ld+json\" class=\"yoast-schema-graph\">{\"@context\":\"https:\\\/\\\/schema.org\",\"@graph\":[{\"@type\":\"Article\",\"@id\":\"https:\\\/\\\/exaudi.org\\\/es\\\/cardenal-arizmendi-otro-pais-con-los-jovenes\\\/#article\",\"isPartOf\":{\"@id\":\"https:\\\/\\\/exaudi.org\\\/es\\\/cardenal-arizmendi-otro-pais-con-los-jovenes\\\/\"},\"author\":{\"name\":\"Cardenal Felipe Arizmendi\",\"@id\":\"https:\\\/\\\/exaudi.org\\\/#\\\/schema\\\/person\\\/c7d223f87e58f1105d044d8da1439102\"},\"headline\":\"Cardenal Arizmendi: Otro pa\u00eds, con los j\u00f3venes\",\"datePublished\":\"2021-07-21T05:45:26+00:00\",\"dateModified\":\"2021-07-22T07:33:19+00:00\",\"mainEntityOfPage\":{\"@id\":\"https:\\\/\\\/exaudi.org\\\/es\\\/cardenal-arizmendi-otro-pais-con-los-jovenes\\\/\"},\"wordCount\":1152,\"commentCount\":0,\"image\":{\"@id\":\"https:\\\/\\\/exaudi.org\\\/es\\\/cardenal-arizmendi-otro-pais-con-los-jovenes\\\/#primaryimage\"},\"thumbnailUrl\":\"https:\\\/\\\/exaudi.org\\\/wp-content\\\/uploads\\\/2021\\\/07\\\/Jovenes-\u00a9-Cathopic.-Angie-Menes-\u0646-scaled.jpg\",\"keywords\":[\"Cardenal Felipe Arizmendi Esquivel\",\"J\u00f3venes\",\"M\u00e9xico\"],\"articleSection\":[\"\u00daltimas noticias\",\"Voces\"],\"inLanguage\":\"es\",\"potentialAction\":[{\"@type\":\"CommentAction\",\"name\":\"Comment\",\"target\":[\"https:\\\/\\\/exaudi.org\\\/es\\\/cardenal-arizmendi-otro-pais-con-los-jovenes\\\/#respond\"]}]},{\"@type\":\"WebPage\",\"@id\":\"https:\\\/\\\/exaudi.org\\\/es\\\/cardenal-arizmendi-otro-pais-con-los-jovenes\\\/\",\"url\":\"https:\\\/\\\/exaudi.org\\\/es\\\/cardenal-arizmendi-otro-pais-con-los-jovenes\\\/\",\"name\":\"Cardenal Arizmendi: Otro pa\u00eds, con los j\u00f3venes &#8211; Exaudi\",\"isPartOf\":{\"@id\":\"https:\\\/\\\/exaudi.org\\\/#website\"},\"primaryImageOfPage\":{\"@id\":\"https:\\\/\\\/exaudi.org\\\/es\\\/cardenal-arizmendi-otro-pais-con-los-jovenes\\\/#primaryimage\"},\"image\":{\"@id\":\"https:\\\/\\\/exaudi.org\\\/es\\\/cardenal-arizmendi-otro-pais-con-los-jovenes\\\/#primaryimage\"},\"thumbnailUrl\":\"https:\\\/\\\/exaudi.org\\\/wp-content\\\/uploads\\\/2021\\\/07\\\/Jovenes-\u00a9-Cathopic.-Angie-Menes-\u0646-scaled.jpg\",\"datePublished\":\"2021-07-21T05:45:26+00:00\",\"dateModified\":\"2021-07-22T07:33:19+00:00\",\"author\":{\"@id\":\"https:\\\/\\\/exaudi.org\\\/#\\\/schema\\\/person\\\/c7d223f87e58f1105d044d8da1439102\"},\"description\":\"El cardenal\u00a0Arizmendi, obispo em\u00e9rito de San Crist\u00f3bal de Las Casas, ofrece su art\u00edculo semanal titulado \u201cOtro pa\u00eds, con los j\u00f3venes\u201d.\",\"breadcrumb\":{\"@id\":\"https:\\\/\\\/exaudi.org\\\/es\\\/cardenal-arizmendi-otro-pais-con-los-jovenes\\\/#breadcrumb\"},\"inLanguage\":\"es\",\"potentialAction\":[{\"@type\":\"ReadAction\",\"target\":[\"https:\\\/\\\/exaudi.org\\\/es\\\/cardenal-arizmendi-otro-pais-con-los-jovenes\\\/\"]}]},{\"@type\":\"ImageObject\",\"inLanguage\":\"es\",\"@id\":\"https:\\\/\\\/exaudi.org\\\/es\\\/cardenal-arizmendi-otro-pais-con-los-jovenes\\\/#primaryimage\",\"url\":\"https:\\\/\\\/exaudi.org\\\/wp-content\\\/uploads\\\/2021\\\/07\\\/Jovenes-\u00a9-Cathopic.-Angie-Menes-\u0646-scaled.jpg\",\"contentUrl\":\"https:\\\/\\\/exaudi.org\\\/wp-content\\\/uploads\\\/2021\\\/07\\\/Jovenes-\u00a9-Cathopic.-Angie-Menes-\u0646-scaled.jpg\",\"width\":2560,\"height\":1222,\"caption\":\"J\u00f3venes \u00a9 Cathopic. Angie Menes \u0646\"},{\"@type\":\"BreadcrumbList\",\"@id\":\"https:\\\/\\\/exaudi.org\\\/es\\\/cardenal-arizmendi-otro-pais-con-los-jovenes\\\/#breadcrumb\",\"itemListElement\":[{\"@type\":\"ListItem\",\"position\":1,\"name\":\"Portada\",\"item\":\"https:\\\/\\\/exaudi.org\\\/es\\\/\"},{\"@type\":\"ListItem\",\"position\":2,\"name\":\"Cardenal Arizmendi: Otro pa\u00eds, con los j\u00f3venes\"}]},{\"@type\":\"WebSite\",\"@id\":\"https:\\\/\\\/exaudi.org\\\/#website\",\"url\":\"https:\\\/\\\/exaudi.org\\\/\",\"name\":\"Exaudi\",\"description\":\"News\",\"potentialAction\":[{\"@type\":\"SearchAction\",\"target\":{\"@type\":\"EntryPoint\",\"urlTemplate\":\"https:\\\/\\\/exaudi.org\\\/?s={search_term_string}\"},\"query-input\":{\"@type\":\"PropertyValueSpecification\",\"valueRequired\":true,\"valueName\":\"search_term_string\"}}],\"inLanguage\":\"es\"},{\"@type\":\"Person\",\"@id\":\"https:\\\/\\\/exaudi.org\\\/#\\\/schema\\\/person\\\/c7d223f87e58f1105d044d8da1439102\",\"name\":\"Cardenal Felipe Arizmendi\",\"image\":{\"@type\":\"ImageObject\",\"inLanguage\":\"es\",\"@id\":\"https:\\\/\\\/secure.gravatar.com\\\/avatar\\\/4ffc5520d896b86d39346168903de33a17ef0f23d16de0ff45062c1ff422ed2f?s=96&d=mm&r=g\",\"url\":\"https:\\\/\\\/secure.gravatar.com\\\/avatar\\\/4ffc5520d896b86d39346168903de33a17ef0f23d16de0ff45062c1ff422ed2f?s=96&d=mm&r=g\",\"contentUrl\":\"https:\\\/\\\/secure.gravatar.com\\\/avatar\\\/4ffc5520d896b86d39346168903de33a17ef0f23d16de0ff45062c1ff422ed2f?s=96&d=mm&r=g\",\"caption\":\"Cardenal Felipe Arizmendi\"},\"description\":\"Nacido en Chiltepec el 1 de mayo de 1940. Estudi\u00f3 Humanidades y Filosof\u00eda en el Seminario de Toluca, de 1952 a 1959. Curs\u00f3 la Teolog\u00eda en la Universidad Pontificia de Salamanca, Espa\u00f1a, de 1959 a 1963, obteniendo la licenciatura en Teolog\u00eda Dogm\u00e1tica. Por su cuenta, se especializ\u00f3 en Liturgia. Fue ordenado sacerdote el 25 de agosto de 1963 en Toluca. Sirvi\u00f3 como Vicario Parroquial en tres parroquias por tres a\u00f1os y medio y fue p\u00e1rroco de una comunidad ind\u00edgena otom\u00ed, de 1967 a 1970. Fue Director Espiritual del Seminario de Toluca por diez a\u00f1os, y Rector del mismo de 1981 a 1991. El 7 de marzo de 1991, fue ordenado obispo de la di\u00f3cesis de Tapachula, donde estuvo hasta el 30 de abril del a\u00f1o 2000. El 1 de mayo del 2000, inici\u00f3 su ministerio episcopal como XLVI obispo de la di\u00f3cesis de San Crist\u00f3bal de las Casas, Chiapas, una de las di\u00f3cesis m\u00e1s antiguas de M\u00e9xico, erigida en 1539; all\u00ed sirvi\u00f3 por casi 18 a\u00f1os. Ha ocupado diversos cargos en la Conferencia del Episcopado Mexicano y en el CELAM. El 3 de noviembre de 2017, el Papa Francisco le acept\u00f3, por edad, su renuncia al servicio episcopal en esta di\u00f3cesis, que entreg\u00f3 a su sucesor el 3 de enero de 2018. Desde entonces, reside en la ciudad de Toluca. Desde 1979, escribe art\u00edculos de actualidad en varios medios religiosos y civiles. Es autor de varias publicaciones.\",\"url\":\"https:\\\/\\\/exaudi.org\\\/es\\\/author\\\/felipearizmendi\\\/\"}]}<\/script>\n<!-- \/ Yoast SEO plugin. -->","yoast_head_json":{"title":"Cardenal Arizmendi: Otro pa\u00eds, con los j\u00f3venes &#8211; Exaudi","description":"El cardenal\u00a0Arizmendi, obispo em\u00e9rito de San Crist\u00f3bal de Las Casas, ofrece su art\u00edculo semanal titulado \u201cOtro pa\u00eds, con los j\u00f3venes\u201d.","robots":{"index":"index","follow":"follow","max-snippet":"max-snippet:-1","max-image-preview":"max-image-preview:large","max-video-preview":"max-video-preview:-1"},"canonical":"https:\/\/exaudi.org\/es\/cardenal-arizmendi-otro-pais-con-los-jovenes\/","og_locale":"es_ES","og_type":"article","og_title":"Cardenal Arizmendi: Otro pa\u00eds, con los j\u00f3venes &#8211; Exaudi","og_description":"El cardenal\u00a0Arizmendi, obispo em\u00e9rito de San Crist\u00f3bal de Las Casas, ofrece su art\u00edculo semanal titulado \u201cOtro pa\u00eds, con los j\u00f3venes\u201d.","og_url":"https:\/\/exaudi.org\/es\/cardenal-arizmendi-otro-pais-con-los-jovenes\/","og_site_name":"Exaudi","article_publisher":"https:\/\/www.facebook.com\/ExaudiNews","article_published_time":"2021-07-21T05:45:26+00:00","article_modified_time":"2021-07-22T07:33:19+00:00","og_image":[{"width":2560,"height":1222,"url":"https:\/\/exaudi.org\/wp-content\/uploads\/2021\/07\/Jovenes-\u00a9-Cathopic.-Angie-Menes-\u0646-scaled.jpg","type":"image\/jpeg"}],"author":"Cardenal Felipe Arizmendi","twitter_card":"summary_large_image","twitter_creator":"@Exaudi_News","twitter_site":"@Exaudi_News","twitter_misc":{"Escrito por":"Cardenal Felipe Arizmendi","Tiempo de lectura":"5 minutos"},"schema":{"@context":"https:\/\/schema.org","@graph":[{"@type":"Article","@id":"https:\/\/exaudi.org\/es\/cardenal-arizmendi-otro-pais-con-los-jovenes\/#article","isPartOf":{"@id":"https:\/\/exaudi.org\/es\/cardenal-arizmendi-otro-pais-con-los-jovenes\/"},"author":{"name":"Cardenal Felipe Arizmendi","@id":"https:\/\/exaudi.org\/#\/schema\/person\/c7d223f87e58f1105d044d8da1439102"},"headline":"Cardenal Arizmendi: Otro pa\u00eds, con los j\u00f3venes","datePublished":"2021-07-21T05:45:26+00:00","dateModified":"2021-07-22T07:33:19+00:00","mainEntityOfPage":{"@id":"https:\/\/exaudi.org\/es\/cardenal-arizmendi-otro-pais-con-los-jovenes\/"},"wordCount":1152,"commentCount":0,"image":{"@id":"https:\/\/exaudi.org\/es\/cardenal-arizmendi-otro-pais-con-los-jovenes\/#primaryimage"},"thumbnailUrl":"https:\/\/exaudi.org\/wp-content\/uploads\/2021\/07\/Jovenes-\u00a9-Cathopic.-Angie-Menes-\u0646-scaled.jpg","keywords":["Cardenal Felipe Arizmendi Esquivel","J\u00f3venes","M\u00e9xico"],"articleSection":["\u00daltimas noticias","Voces"],"inLanguage":"es","potentialAction":[{"@type":"CommentAction","name":"Comment","target":["https:\/\/exaudi.org\/es\/cardenal-arizmendi-otro-pais-con-los-jovenes\/#respond"]}]},{"@type":"WebPage","@id":"https:\/\/exaudi.org\/es\/cardenal-arizmendi-otro-pais-con-los-jovenes\/","url":"https:\/\/exaudi.org\/es\/cardenal-arizmendi-otro-pais-con-los-jovenes\/","name":"Cardenal Arizmendi: Otro pa\u00eds, con los j\u00f3venes &#8211; Exaudi","isPartOf":{"@id":"https:\/\/exaudi.org\/#website"},"primaryImageOfPage":{"@id":"https:\/\/exaudi.org\/es\/cardenal-arizmendi-otro-pais-con-los-jovenes\/#primaryimage"},"image":{"@id":"https:\/\/exaudi.org\/es\/cardenal-arizmendi-otro-pais-con-los-jovenes\/#primaryimage"},"thumbnailUrl":"https:\/\/exaudi.org\/wp-content\/uploads\/2021\/07\/Jovenes-\u00a9-Cathopic.-Angie-Menes-\u0646-scaled.jpg","datePublished":"2021-07-21T05:45:26+00:00","dateModified":"2021-07-22T07:33:19+00:00","author":{"@id":"https:\/\/exaudi.org\/#\/schema\/person\/c7d223f87e58f1105d044d8da1439102"},"description":"El cardenal\u00a0Arizmendi, obispo em\u00e9rito de San Crist\u00f3bal de Las Casas, ofrece su art\u00edculo semanal titulado \u201cOtro pa\u00eds, con los j\u00f3venes\u201d.","breadcrumb":{"@id":"https:\/\/exaudi.org\/es\/cardenal-arizmendi-otro-pais-con-los-jovenes\/#breadcrumb"},"inLanguage":"es","potentialAction":[{"@type":"ReadAction","target":["https:\/\/exaudi.org\/es\/cardenal-arizmendi-otro-pais-con-los-jovenes\/"]}]},{"@type":"ImageObject","inLanguage":"es","@id":"https:\/\/exaudi.org\/es\/cardenal-arizmendi-otro-pais-con-los-jovenes\/#primaryimage","url":"https:\/\/exaudi.org\/wp-content\/uploads\/2021\/07\/Jovenes-\u00a9-Cathopic.-Angie-Menes-\u0646-scaled.jpg","contentUrl":"https:\/\/exaudi.org\/wp-content\/uploads\/2021\/07\/Jovenes-\u00a9-Cathopic.-Angie-Menes-\u0646-scaled.jpg","width":2560,"height":1222,"caption":"J\u00f3venes \u00a9 Cathopic. Angie Menes \u0646"},{"@type":"BreadcrumbList","@id":"https:\/\/exaudi.org\/es\/cardenal-arizmendi-otro-pais-con-los-jovenes\/#breadcrumb","itemListElement":[{"@type":"ListItem","position":1,"name":"Portada","item":"https:\/\/exaudi.org\/es\/"},{"@type":"ListItem","position":2,"name":"Cardenal Arizmendi: Otro pa\u00eds, con los j\u00f3venes"}]},{"@type":"WebSite","@id":"https:\/\/exaudi.org\/#website","url":"https:\/\/exaudi.org\/","name":"Exaudi","description":"News","potentialAction":[{"@type":"SearchAction","target":{"@type":"EntryPoint","urlTemplate":"https:\/\/exaudi.org\/?s={search_term_string}"},"query-input":{"@type":"PropertyValueSpecification","valueRequired":true,"valueName":"search_term_string"}}],"inLanguage":"es"},{"@type":"Person","@id":"https:\/\/exaudi.org\/#\/schema\/person\/c7d223f87e58f1105d044d8da1439102","name":"Cardenal Felipe Arizmendi","image":{"@type":"ImageObject","inLanguage":"es","@id":"https:\/\/secure.gravatar.com\/avatar\/4ffc5520d896b86d39346168903de33a17ef0f23d16de0ff45062c1ff422ed2f?s=96&d=mm&r=g","url":"https:\/\/secure.gravatar.com\/avatar\/4ffc5520d896b86d39346168903de33a17ef0f23d16de0ff45062c1ff422ed2f?s=96&d=mm&r=g","contentUrl":"https:\/\/secure.gravatar.com\/avatar\/4ffc5520d896b86d39346168903de33a17ef0f23d16de0ff45062c1ff422ed2f?s=96&d=mm&r=g","caption":"Cardenal Felipe Arizmendi"},"description":"Nacido en Chiltepec el 1 de mayo de 1940. Estudi\u00f3 Humanidades y Filosof\u00eda en el Seminario de Toluca, de 1952 a 1959. Curs\u00f3 la Teolog\u00eda en la Universidad Pontificia de Salamanca, Espa\u00f1a, de 1959 a 1963, obteniendo la licenciatura en Teolog\u00eda Dogm\u00e1tica. Por su cuenta, se especializ\u00f3 en Liturgia. Fue ordenado sacerdote el 25 de agosto de 1963 en Toluca. Sirvi\u00f3 como Vicario Parroquial en tres parroquias por tres a\u00f1os y medio y fue p\u00e1rroco de una comunidad ind\u00edgena otom\u00ed, de 1967 a 1970. Fue Director Espiritual del Seminario de Toluca por diez a\u00f1os, y Rector del mismo de 1981 a 1991. El 7 de marzo de 1991, fue ordenado obispo de la di\u00f3cesis de Tapachula, donde estuvo hasta el 30 de abril del a\u00f1o 2000. El 1 de mayo del 2000, inici\u00f3 su ministerio episcopal como XLVI obispo de la di\u00f3cesis de San Crist\u00f3bal de las Casas, Chiapas, una de las di\u00f3cesis m\u00e1s antiguas de M\u00e9xico, erigida en 1539; all\u00ed sirvi\u00f3 por casi 18 a\u00f1os. Ha ocupado diversos cargos en la Conferencia del Episcopado Mexicano y en el CELAM. El 3 de noviembre de 2017, el Papa Francisco le acept\u00f3, por edad, su renuncia al servicio episcopal en esta di\u00f3cesis, que entreg\u00f3 a su sucesor el 3 de enero de 2018. Desde entonces, reside en la ciudad de Toluca. Desde 1979, escribe art\u00edculos de actualidad en varios medios religiosos y civiles. Es autor de varias publicaciones.","url":"https:\/\/exaudi.org\/es\/author\/felipearizmendi\/"}]}},"jetpack_featured_media_url":"https:\/\/exaudi.org\/wp-content\/uploads\/2021\/07\/Jovenes-\u00a9-Cathopic.-Angie-Menes-\u0646-scaled.jpg","jetpack_shortlink":"https:\/\/wp.me\/pgKjF2-7hK","_links":{"self":[{"href":"https:\/\/exaudi.org\/es\/wp-json\/wp\/v2\/posts\/28008","targetHints":{"allow":["GET"]}}],"collection":[{"href":"https:\/\/exaudi.org\/es\/wp-json\/wp\/v2\/posts"}],"about":[{"href":"https:\/\/exaudi.org\/es\/wp-json\/wp\/v2\/types\/post"}],"author":[{"embeddable":true,"href":"https:\/\/exaudi.org\/es\/wp-json\/wp\/v2\/users\/24"}],"replies":[{"embeddable":true,"href":"https:\/\/exaudi.org\/es\/wp-json\/wp\/v2\/comments?post=28008"}],"version-history":[{"count":0,"href":"https:\/\/exaudi.org\/es\/wp-json\/wp\/v2\/posts\/28008\/revisions"}],"wp:featuredmedia":[{"embeddable":true,"href":"https:\/\/exaudi.org\/es\/wp-json\/wp\/v2\/media\/28056"}],"wp:attachment":[{"href":"https:\/\/exaudi.org\/es\/wp-json\/wp\/v2\/media?parent=28008"}],"wp:term":[{"taxonomy":"category","embeddable":true,"href":"https:\/\/exaudi.org\/es\/wp-json\/wp\/v2\/categories?post=28008"},{"taxonomy":"post_tag","embeddable":true,"href":"https:\/\/exaudi.org\/es\/wp-json\/wp\/v2\/tags?post=28008"}],"curies":[{"name":"wp","href":"https:\/\/api.w.org\/{rel}","templated":true}]}}