{"id":27851,"date":"2021-07-19T16:27:45","date_gmt":"2021-07-19T14:27:45","guid":{"rendered":"https:\/\/exaudi.org\/?p=27851"},"modified":"2021-07-20T12:28:19","modified_gmt":"2021-07-20T10:28:19","slug":"cuba-dialogo-posibilidad-pais-mejor","status":"publish","type":"post","link":"https:\/\/exaudi.org\/es\/cuba-dialogo-posibilidad-pais-mejor\/","title":{"rendered":"Cuba: \u201cSi hay di\u00e1logo\u201d, posibilidad de \u201cun pa\u00eds mejor\u201d"},"content":{"rendered":"<p>Ante las protestas iniciadas en Cuba el pasado 11 de julio, Xavier Carbonell\u00a0presidente de la Asociaci\u00f3n Cat\u00f3lica Latinoamericana y Caribe\u00f1a de Comunicaci\u00f3n\u00a0<a href=\"http:\/\/signisalc.org\/carta\/somos\/asociadas-1\/signis-cuba\" target=\"_blank\" rel=\"noopener noreferrer\">Signis en Cuba<\/a> apunta dos hip\u00f3tesis: \u201cSi hay di\u00e1logo y cambio, la posibilidad de un pa\u00eds mejor, de un futuro real para nosotros\u201d, por el contrario \u201csi se persiste en silenciar lo que ocurre dentro de la isla, si se nos deja solos, vendr\u00e1 una ola de represi\u00f3n todav\u00eda m\u00e1s dura\u201d.<\/p>\n<h4><strong>Internet potenci\u00f3 las protestas<\/strong><\/h4>\n<p>El joven periodista y escritor, en conversaci\u00f3n con ADN CELAM, sistema informativo del Consejo Episcopal Latinoamericano, describe que lo sucedido tiene similitudes con la situaci\u00f3n de los a\u00f1os 90, cuando la gente sali\u00f3 a las calles a protestar frente a la frustraci\u00f3n e impotencia, no obstante \u201cde aquel momento a este hay numerosas diferencias\u201d.<\/p>\n<p>En primer lugar, explica que la dirigencia del pa\u00eds contaba con un prestigio que solo puede dar la guerra, mientras que el Gobierno actual no cuenta con ese respaldo simb\u00f3lico; en los 90 Castro viv\u00eda y ten\u00eda esa influencia secular que lo mantuvo tanto tiempo a la cabeza del pa\u00eds. Adem\u00e1s, para el joven comunicador \u201cel pueblo era m\u00e1s d\u00f3cil, era otra generaci\u00f3n. Ahora, sin embargo, las redes sociales contribuyen a la visibilidad de cualquier circunstancia, no es posible ya ocultar con facilidad tal o cual protesta\u201d.<\/p>\n<p>\u201cInternet dio potencia y movilidad a las protestas del 11 de julio\u00a0en cuesti\u00f3n de horas, por todo el pa\u00eds. Sucede que desde entonces la conexi\u00f3n ha sido suspendida, y los que accedemos a ella hemos tenido que hacer malabares tecnol\u00f3gicos. La desinformaci\u00f3n amplifica el enojo y la frustraci\u00f3n del pueblo\u201d, afirma.<\/p>\n<h4><strong>Leg\u00edtimas demandas del pueblo<\/strong><\/h4>\n<p>Mientras el r\u00e9gimen cubano acusa a redes como <em>Twitter<\/em> de forjar una conspiraci\u00f3n de cuarta generaci\u00f3n del imperialismo norteamericano, Carbonell ha vivido en carne propia el rigor de la censura de Miguel D\u00edaz Canel, presidente de Cuba.<\/p>\n<p>\u201cHa sido doloroso el tratamiento internacional\u00a0de las protestas del 11J. Las televisoras nacionales, las rusas y las venezolanas han manipulado los acontecimientos de manera infame\u201d, lamenta.<\/p>\n<p>Inclusive \u201cel apoyo poco avisado del presidente mexicano, el argentino, el venezolano y tantos otros ha sido descorazonador\u201d, mientras que \u201cotros medios, habitualmente confiables, se han hecho eco (por estupidez o por maldad) de la versi\u00f3n oficial del Gobierno\u201d.<\/p>\n<p>El director de Signis Cuba reivindica las leg\u00edtimas demandas de los cubanos, puesto que \u201clos reclamos del pueblo no provienen de una \u2018desestabilizaci\u00f3n pagada por el imperialismo\u2019 ni de elementos antisociales\u201d. \u201cEso es ret\u00f3rica barata y ya francamente aburrida: hay un justo reclamo popular por el cambio, la decencia, por apertura econ\u00f3mica, por una mejor administraci\u00f3n, por que cese la corrupci\u00f3n omnipresente\u201d, remarca.<\/p>\n<p>Lo cierto es que \u201cen Cuba no hay vida, hay apenas supervivencia. Un pueblo no sale a las calles, en medio de una pandemia, por capricho sino por extrema desesperaci\u00f3n\u201d.<\/p>\n<h4><strong>Necesidad de un di\u00e1logo<\/strong><\/h4>\n<p>Sobre el futuro inmediato de estas movilizaciones tiene muy claro: necesidad de un di\u00e1logo urgente para \u201cuna escucha por parte de las instancias oficiales que reconozca la precariedad en que se est\u00e1 viviendo y busque una v\u00eda de resoluci\u00f3n\u201d.<\/p>\n<p>No obstante, \u201chay deseos de algo m\u00e1s, de un mayor control del pueblo sobre su destino, un deseo de cambio y madurez como ciudadan\u00eda. El Gobierno est\u00e1 compuesto por cubanos, el ej\u00e9rcito y la polic\u00eda tambi\u00e9n: son nuestros hermanos, hijos de esta tierra, y como tal deben actuar y escuchar, a favor del pueblo, no contra \u00e9l\u201d.<\/p>\n<p>\u201cDe nada servir\u00e1n las calificaciones y llamadas a la violencia. En estos d\u00edas se convoc\u00f3 pr\u00e1cticamente, con imprudencia, a un enfrentamiento civil. La ola de violencia es silenciosa a nivel informativo, pero real y efectiva\u201d, se\u00f1ala.<\/p>\n<h4><strong>Llamado al Papa Francisco<\/strong><\/h4>\n<p>En cuanto al papel de la Iglesia (laicado, vida religiosa y clero) en este hist\u00f3rico momento del pa\u00eds ha indicado que \u201clos obispos cubanos han emitido un mensaje que, al parecer, data del comienzo de las protestas, antes de que iniciaran los asesinatos y la violencia de las \u00faltimas horas\u201d. Tambi\u00e9n \u201cel arzobispo de Miami lanz\u00f3 un comunicado. Los laicos hemos hecho lo posible por ventilar la verdad de la situaci\u00f3n, siempre que hemos tenido conectividad\u201d.<\/p>\n<p>De hecho \u201cSignis, la Asociaci\u00f3n Cat\u00f3lica Mundial para la Comunicaci\u00f3n, ha apoyado incondicionalmente a sus miembros (varios de ellos encarcelados) y al pueblo cubano a nivel regional, global y nacional con pronunciamientos y apoyo\u201d.<\/p>\n<p>Asimismo, indica que \u201cnos ayudar\u00eda mucho un poco m\u00e1s de radicalidad, de opci\u00f3n por los golpeados y asesinados; una palabra firme por la escucha y la no violencia, una palabra prof\u00e9tica.\u00a0Tambi\u00e9n quisi\u00e9ramos escuchar qu\u00e9 tiene que decir el <a href=\"https:\/\/exaudi.org\/es\/cercania-del-papa-con-cuba\/\" target=\"_blank\" rel=\"noopener noreferrer\">Papa Francisco<\/a> sobre esto\u201d.<\/p>\n<p>\u201cLos militares golpearon a un sacerdote y secuestraron a un seminarista en su propia casa. Muchos laicos cat\u00f3licos se han hecho presentes durante las protestas y han sufrido las consecuencias de la fuerza\u201d, asevera. Por tanto, \u201ctodos, yo incluido, comunicamos asediados por el miedo, pero no nos tiembla la voz. Tenemos un deber para con nuestra conciencia y nos debemos a la verdad\u201d.<\/p>\n<h4><strong>Dos hip\u00f3tesis<\/strong><\/h4>\n<p>La cruenta represi\u00f3n no es un invento de los laboratorios de guerra sucia del imperio, Xavier conoce de primera mano \u201cdirectamente o por testimonio de los asesinatos, tiroteos y golpizas\u201d.<\/p>\n<p>Revela que \u201cla situaci\u00f3n de la isla es de extrema desesperaci\u00f3n, que no le quepa duda a nadie: carencia de alimentos, medicamentos y objetos de primera necesidad, torpeza y desidia administrativa, represi\u00f3n habitual a movimientos disidentes, cortes programados de energ\u00eda el\u00e9ctrica de hasta seis horas, y la llegada al punto cr\u00edtico de la pandemia, provocado por la entrada de turistas provenientes de varias naciones\u201d.<\/p>\n<p>Frente a este escenario formula dos hip\u00f3tesis: \u201cSi hay di\u00e1logo y cambio, la posibilidad de un pa\u00eds mejor, de un futuro real para nosotros\u201d, por el contrario \u201csi se persiste en silenciar lo que ocurre dentro de la isla, si se nos deja solos, vendr\u00e1 una ola de represi\u00f3n todav\u00eda m\u00e1s dura\u201d. \u201cTendremos que sufrir del mismo modo que ahora: en soledad internacional, impotentes, viendo c\u00f3mo se miente sobre Cuba y con la misma incertidumbre de hace d\u00e9cadas\u201d, concluye en sus declaraciones a ADN CELAM.<\/p>\n","protected":false},"excerpt":{"rendered":"<p>Declaraciones del presidente de Signis Cuba, Xavier Carbonell, a ADN CELAM<\/p>\n","protected":false},"author":15,"featured_media":27852,"comment_status":"open","ping_status":"open","sticky":false,"template":"","format":"standard","meta":{"_acf_changed":false,"_crdt_document":"","inline_featured_image":false,"footnotes":""},"categories":[86,94,298],"tags":[1447,1494,1033,2015,3412,3413],"class_list":["post-27851","post","type-post","status-publish","format-standard","has-post-thumbnail","hentry","category-iglesia-local","category-justicia-y-paz","category-ultimas-noticias","tag-adn-celam","tag-consejo-episcopal-latinoamericano-celam","tag-cuba","tag-protestas","tag-signis-cuba","tag-xavier-carbonell"],"acf":[],"yoast_head":"<!-- This site is optimized with the Yoast SEO plugin v27.4 - https:\/\/yoast.com\/product\/yoast-seo-wordpress\/ -->\n<title>Cuba: \u201cSi hay di\u00e1logo\u201d, posibilidad de \u201cun pa\u00eds mejor\u201d &#8211; Exaudi<\/title>\n<meta name=\"description\" content=\"Ante las protestas iniciadas en Cuba, el presidente de Signis afirma que &quot;si hay di\u00e1logo y cambio&quot; existe &quot;la posibilidad de un pa\u00eds mejor&quot;\" \/>\n<meta name=\"robots\" content=\"index, follow, max-snippet:-1, max-image-preview:large, max-video-preview:-1\" \/>\n<link rel=\"canonical\" href=\"https:\/\/exaudi.org\/es\/cuba-dialogo-posibilidad-pais-mejor\/\" \/>\n<meta property=\"og:locale\" content=\"es_ES\" \/>\n<meta property=\"og:type\" content=\"article\" \/>\n<meta property=\"og:title\" content=\"Cuba: \u201cSi hay di\u00e1logo\u201d, posibilidad de \u201cun pa\u00eds mejor\u201d &#8211; Exaudi\" \/>\n<meta property=\"og:description\" content=\"Ante las protestas iniciadas en Cuba, el presidente de Signis afirma que &quot;si hay di\u00e1logo y cambio&quot; existe &quot;la posibilidad de un pa\u00eds mejor&quot;\" \/>\n<meta property=\"og:url\" content=\"https:\/\/exaudi.org\/es\/cuba-dialogo-posibilidad-pais-mejor\/\" \/>\n<meta property=\"og:site_name\" content=\"Exaudi\" \/>\n<meta property=\"article:publisher\" content=\"https:\/\/www.facebook.com\/ExaudiNews\" \/>\n<meta property=\"article:author\" content=\"https:\/\/www.facebook.com\/ExaudiNoticias\/\" \/>\n<meta property=\"article:published_time\" content=\"2021-07-19T14:27:45+00:00\" \/>\n<meta property=\"article:modified_time\" content=\"2021-07-20T10:28:19+00:00\" \/>\n<meta property=\"og:image\" content=\"https:\/\/exaudi.org\/wp-content\/uploads\/2021\/07\/Cuba-1.jpg\" \/>\n\t<meta property=\"og:image:width\" content=\"1200\" \/>\n\t<meta property=\"og:image:height\" content=\"774\" \/>\n\t<meta property=\"og:image:type\" content=\"image\/jpeg\" \/>\n<meta name=\"author\" content=\"Exaudi Redacci\u00f3n\" \/>\n<meta name=\"twitter:card\" content=\"summary_large_image\" \/>\n<meta name=\"twitter:creator\" content=\"@Exaudi_noticias\" \/>\n<meta name=\"twitter:site\" content=\"@Exaudi_News\" \/>\n<meta name=\"twitter:label1\" content=\"Escrito por\" \/>\n\t<meta name=\"twitter:data1\" content=\"Exaudi Redacci\u00f3n\" \/>\n\t<meta name=\"twitter:label2\" content=\"Tiempo de lectura\" \/>\n\t<meta name=\"twitter:data2\" content=\"5 minutos\" \/>\n<script type=\"application\/ld+json\" class=\"yoast-schema-graph\">{\"@context\":\"https:\\\/\\\/schema.org\",\"@graph\":[{\"@type\":\"Article\",\"@id\":\"https:\\\/\\\/exaudi.org\\\/es\\\/cuba-dialogo-posibilidad-pais-mejor\\\/#article\",\"isPartOf\":{\"@id\":\"https:\\\/\\\/exaudi.org\\\/es\\\/cuba-dialogo-posibilidad-pais-mejor\\\/\"},\"author\":{\"name\":\"Exaudi Redacci\u00f3n\",\"@id\":\"https:\\\/\\\/exaudi.org\\\/#\\\/schema\\\/person\\\/f5fc8f063065e38742da7afe15f25df7\"},\"headline\":\"Cuba: \u201cSi hay di\u00e1logo\u201d, posibilidad de \u201cun pa\u00eds mejor\u201d\",\"datePublished\":\"2021-07-19T14:27:45+00:00\",\"dateModified\":\"2021-07-20T10:28:19+00:00\",\"mainEntityOfPage\":{\"@id\":\"https:\\\/\\\/exaudi.org\\\/es\\\/cuba-dialogo-posibilidad-pais-mejor\\\/\"},\"wordCount\":1100,\"commentCount\":0,\"image\":{\"@id\":\"https:\\\/\\\/exaudi.org\\\/es\\\/cuba-dialogo-posibilidad-pais-mejor\\\/#primaryimage\"},\"thumbnailUrl\":\"https:\\\/\\\/exaudi.org\\\/wp-content\\\/uploads\\\/2021\\\/07\\\/Cuba-1.jpg\",\"keywords\":[\"ADN CELAM\",\"Consejo Episcopal Latinoamericano (CELAM)\",\"Cuba\",\"Protestas\",\"Signis Cuba\",\"Xavier Carbonell\"],\"articleSection\":[\"Iglesia Local\",\"Justicia y Paz\",\"\u00daltimas noticias\"],\"inLanguage\":\"es\",\"potentialAction\":[{\"@type\":\"CommentAction\",\"name\":\"Comment\",\"target\":[\"https:\\\/\\\/exaudi.org\\\/es\\\/cuba-dialogo-posibilidad-pais-mejor\\\/#respond\"]}]},{\"@type\":\"WebPage\",\"@id\":\"https:\\\/\\\/exaudi.org\\\/es\\\/cuba-dialogo-posibilidad-pais-mejor\\\/\",\"url\":\"https:\\\/\\\/exaudi.org\\\/es\\\/cuba-dialogo-posibilidad-pais-mejor\\\/\",\"name\":\"Cuba: \u201cSi hay di\u00e1logo\u201d, posibilidad de \u201cun pa\u00eds mejor\u201d &#8211; Exaudi\",\"isPartOf\":{\"@id\":\"https:\\\/\\\/exaudi.org\\\/#website\"},\"primaryImageOfPage\":{\"@id\":\"https:\\\/\\\/exaudi.org\\\/es\\\/cuba-dialogo-posibilidad-pais-mejor\\\/#primaryimage\"},\"image\":{\"@id\":\"https:\\\/\\\/exaudi.org\\\/es\\\/cuba-dialogo-posibilidad-pais-mejor\\\/#primaryimage\"},\"thumbnailUrl\":\"https:\\\/\\\/exaudi.org\\\/wp-content\\\/uploads\\\/2021\\\/07\\\/Cuba-1.jpg\",\"datePublished\":\"2021-07-19T14:27:45+00:00\",\"dateModified\":\"2021-07-20T10:28:19+00:00\",\"author\":{\"@id\":\"https:\\\/\\\/exaudi.org\\\/#\\\/schema\\\/person\\\/f5fc8f063065e38742da7afe15f25df7\"},\"description\":\"Ante las protestas iniciadas en Cuba, el presidente de Signis afirma que \\\"si hay di\u00e1logo y cambio\\\" existe \\\"la posibilidad de un pa\u00eds mejor\\\"\",\"breadcrumb\":{\"@id\":\"https:\\\/\\\/exaudi.org\\\/es\\\/cuba-dialogo-posibilidad-pais-mejor\\\/#breadcrumb\"},\"inLanguage\":\"es\",\"potentialAction\":[{\"@type\":\"ReadAction\",\"target\":[\"https:\\\/\\\/exaudi.org\\\/es\\\/cuba-dialogo-posibilidad-pais-mejor\\\/\"]}]},{\"@type\":\"ImageObject\",\"inLanguage\":\"es\",\"@id\":\"https:\\\/\\\/exaudi.org\\\/es\\\/cuba-dialogo-posibilidad-pais-mejor\\\/#primaryimage\",\"url\":\"https:\\\/\\\/exaudi.org\\\/wp-content\\\/uploads\\\/2021\\\/07\\\/Cuba-1.jpg\",\"contentUrl\":\"https:\\\/\\\/exaudi.org\\\/wp-content\\\/uploads\\\/2021\\\/07\\\/Cuba-1.jpg\",\"width\":1200,\"height\":774,\"caption\":\"Bandera de Cuba \u00a9 CELAM\"},{\"@type\":\"BreadcrumbList\",\"@id\":\"https:\\\/\\\/exaudi.org\\\/es\\\/cuba-dialogo-posibilidad-pais-mejor\\\/#breadcrumb\",\"itemListElement\":[{\"@type\":\"ListItem\",\"position\":1,\"name\":\"Portada\",\"item\":\"https:\\\/\\\/exaudi.org\\\/es\\\/\"},{\"@type\":\"ListItem\",\"position\":2,\"name\":\"Cuba: \u201cSi hay di\u00e1logo\u201d, posibilidad de \u201cun pa\u00eds mejor\u201d\"}]},{\"@type\":\"WebSite\",\"@id\":\"https:\\\/\\\/exaudi.org\\\/#website\",\"url\":\"https:\\\/\\\/exaudi.org\\\/\",\"name\":\"Exaudi\",\"description\":\"News\",\"potentialAction\":[{\"@type\":\"SearchAction\",\"target\":{\"@type\":\"EntryPoint\",\"urlTemplate\":\"https:\\\/\\\/exaudi.org\\\/?s={search_term_string}\"},\"query-input\":{\"@type\":\"PropertyValueSpecification\",\"valueRequired\":true,\"valueName\":\"search_term_string\"}}],\"inLanguage\":\"es\"},{\"@type\":\"Person\",\"@id\":\"https:\\\/\\\/exaudi.org\\\/#\\\/schema\\\/person\\\/f5fc8f063065e38742da7afe15f25df7\",\"name\":\"Exaudi Redacci\u00f3n\",\"image\":{\"@type\":\"ImageObject\",\"inLanguage\":\"es\",\"@id\":\"https:\\\/\\\/secure.gravatar.com\\\/avatar\\\/fe0f6a059fb68d9b3e11bc5850dd4899b1c7492091a3cb6dd9b01b56ad828be2?s=96&d=mm&r=g\",\"url\":\"https:\\\/\\\/secure.gravatar.com\\\/avatar\\\/fe0f6a059fb68d9b3e11bc5850dd4899b1c7492091a3cb6dd9b01b56ad828be2?s=96&d=mm&r=g\",\"contentUrl\":\"https:\\\/\\\/secure.gravatar.com\\\/avatar\\\/fe0f6a059fb68d9b3e11bc5850dd4899b1c7492091a3cb6dd9b01b56ad828be2?s=96&d=mm&r=g\",\"caption\":\"Exaudi Redacci\u00f3n\"},\"description\":\"\u00bfQu\u00e9 es Exaudi News? Exaudi News es un medio de comunicaci\u00f3n cat\u00f3lico internacional que informa, forma y transforma, diariamente en espa\u00f1ol, ingl\u00e9s e italiano. A trav\u00e9s de noticias, art\u00edculos de an\u00e1lisis y transmisiones en directo de los eventos del Papa, Exaudi busca fortalecer la unidad de los cristianos y contribuir a la evangelizaci\u00f3n del mundo, siempre guiados por la doctrina social de la Iglesia. Trabajamos para acercar la verdad y los valores cristianos a cada rinc\u00f3n del planeta. \u00a1Ay\u00fadanos a transformar el mundo con Exaudi! En Exaudi creemos que la evangelizaci\u00f3n y la informaci\u00f3n de calidad pueden cambiar vidas. Para continuar con nuestra misi\u00f3n y expandir nuestro alcance, necesitamos tu ayuda. Adem\u00e1s, buscamos personas comprometidas que deseen unirse a nuestro equipo. Con tu apoyo, lograremos llegar a m\u00e1s personas, difundir el mensaje de Cristo y reforzar la unidad de los cristianos. \u00bfTe unes a nuestra misi\u00f3n? Para m\u00e1s informaci\u00f3n sobre c\u00f3mo colaborar, visita Exaudi.org\\\/es o cont\u00e1ctanos directamente: info@exaudi.org Exaudi: Informa, forma y transforma.\",\"sameAs\":[\"https:\\\/\\\/www.facebook.com\\\/ExaudiNoticias\\\/\",\"https:\\\/\\\/www.instagram.com\\\/exaudi_noticias\\\/\",\"https:\\\/\\\/x.com\\\/Exaudi_noticias\",\"https:\\\/\\\/www.youtube.com\\\/@exaudicatholicnews\"],\"url\":\"https:\\\/\\\/exaudi.org\\\/es\\\/author\\\/redaccionexaudi\\\/\"}]}<\/script>\n<!-- \/ Yoast SEO plugin. -->","yoast_head_json":{"title":"Cuba: \u201cSi hay di\u00e1logo\u201d, posibilidad de \u201cun pa\u00eds mejor\u201d &#8211; Exaudi","description":"Ante las protestas iniciadas en Cuba, el presidente de Signis afirma que \"si hay di\u00e1logo y cambio\" existe \"la posibilidad de un pa\u00eds mejor\"","robots":{"index":"index","follow":"follow","max-snippet":"max-snippet:-1","max-image-preview":"max-image-preview:large","max-video-preview":"max-video-preview:-1"},"canonical":"https:\/\/exaudi.org\/es\/cuba-dialogo-posibilidad-pais-mejor\/","og_locale":"es_ES","og_type":"article","og_title":"Cuba: \u201cSi hay di\u00e1logo\u201d, posibilidad de \u201cun pa\u00eds mejor\u201d &#8211; Exaudi","og_description":"Ante las protestas iniciadas en Cuba, el presidente de Signis afirma que \"si hay di\u00e1logo y cambio\" existe \"la posibilidad de un pa\u00eds mejor\"","og_url":"https:\/\/exaudi.org\/es\/cuba-dialogo-posibilidad-pais-mejor\/","og_site_name":"Exaudi","article_publisher":"https:\/\/www.facebook.com\/ExaudiNews","article_author":"https:\/\/www.facebook.com\/ExaudiNoticias\/","article_published_time":"2021-07-19T14:27:45+00:00","article_modified_time":"2021-07-20T10:28:19+00:00","og_image":[{"width":1200,"height":774,"url":"https:\/\/exaudi.org\/wp-content\/uploads\/2021\/07\/Cuba-1.jpg","type":"image\/jpeg"}],"author":"Exaudi Redacci\u00f3n","twitter_card":"summary_large_image","twitter_creator":"@Exaudi_noticias","twitter_site":"@Exaudi_News","twitter_misc":{"Escrito por":"Exaudi Redacci\u00f3n","Tiempo de lectura":"5 minutos"},"schema":{"@context":"https:\/\/schema.org","@graph":[{"@type":"Article","@id":"https:\/\/exaudi.org\/es\/cuba-dialogo-posibilidad-pais-mejor\/#article","isPartOf":{"@id":"https:\/\/exaudi.org\/es\/cuba-dialogo-posibilidad-pais-mejor\/"},"author":{"name":"Exaudi Redacci\u00f3n","@id":"https:\/\/exaudi.org\/#\/schema\/person\/f5fc8f063065e38742da7afe15f25df7"},"headline":"Cuba: \u201cSi hay di\u00e1logo\u201d, posibilidad de \u201cun pa\u00eds mejor\u201d","datePublished":"2021-07-19T14:27:45+00:00","dateModified":"2021-07-20T10:28:19+00:00","mainEntityOfPage":{"@id":"https:\/\/exaudi.org\/es\/cuba-dialogo-posibilidad-pais-mejor\/"},"wordCount":1100,"commentCount":0,"image":{"@id":"https:\/\/exaudi.org\/es\/cuba-dialogo-posibilidad-pais-mejor\/#primaryimage"},"thumbnailUrl":"https:\/\/exaudi.org\/wp-content\/uploads\/2021\/07\/Cuba-1.jpg","keywords":["ADN CELAM","Consejo Episcopal Latinoamericano (CELAM)","Cuba","Protestas","Signis Cuba","Xavier Carbonell"],"articleSection":["Iglesia Local","Justicia y Paz","\u00daltimas noticias"],"inLanguage":"es","potentialAction":[{"@type":"CommentAction","name":"Comment","target":["https:\/\/exaudi.org\/es\/cuba-dialogo-posibilidad-pais-mejor\/#respond"]}]},{"@type":"WebPage","@id":"https:\/\/exaudi.org\/es\/cuba-dialogo-posibilidad-pais-mejor\/","url":"https:\/\/exaudi.org\/es\/cuba-dialogo-posibilidad-pais-mejor\/","name":"Cuba: \u201cSi hay di\u00e1logo\u201d, posibilidad de \u201cun pa\u00eds mejor\u201d &#8211; Exaudi","isPartOf":{"@id":"https:\/\/exaudi.org\/#website"},"primaryImageOfPage":{"@id":"https:\/\/exaudi.org\/es\/cuba-dialogo-posibilidad-pais-mejor\/#primaryimage"},"image":{"@id":"https:\/\/exaudi.org\/es\/cuba-dialogo-posibilidad-pais-mejor\/#primaryimage"},"thumbnailUrl":"https:\/\/exaudi.org\/wp-content\/uploads\/2021\/07\/Cuba-1.jpg","datePublished":"2021-07-19T14:27:45+00:00","dateModified":"2021-07-20T10:28:19+00:00","author":{"@id":"https:\/\/exaudi.org\/#\/schema\/person\/f5fc8f063065e38742da7afe15f25df7"},"description":"Ante las protestas iniciadas en Cuba, el presidente de Signis afirma que \"si hay di\u00e1logo y cambio\" existe \"la posibilidad de un pa\u00eds mejor\"","breadcrumb":{"@id":"https:\/\/exaudi.org\/es\/cuba-dialogo-posibilidad-pais-mejor\/#breadcrumb"},"inLanguage":"es","potentialAction":[{"@type":"ReadAction","target":["https:\/\/exaudi.org\/es\/cuba-dialogo-posibilidad-pais-mejor\/"]}]},{"@type":"ImageObject","inLanguage":"es","@id":"https:\/\/exaudi.org\/es\/cuba-dialogo-posibilidad-pais-mejor\/#primaryimage","url":"https:\/\/exaudi.org\/wp-content\/uploads\/2021\/07\/Cuba-1.jpg","contentUrl":"https:\/\/exaudi.org\/wp-content\/uploads\/2021\/07\/Cuba-1.jpg","width":1200,"height":774,"caption":"Bandera de Cuba \u00a9 CELAM"},{"@type":"BreadcrumbList","@id":"https:\/\/exaudi.org\/es\/cuba-dialogo-posibilidad-pais-mejor\/#breadcrumb","itemListElement":[{"@type":"ListItem","position":1,"name":"Portada","item":"https:\/\/exaudi.org\/es\/"},{"@type":"ListItem","position":2,"name":"Cuba: \u201cSi hay di\u00e1logo\u201d, posibilidad de \u201cun pa\u00eds mejor\u201d"}]},{"@type":"WebSite","@id":"https:\/\/exaudi.org\/#website","url":"https:\/\/exaudi.org\/","name":"Exaudi","description":"News","potentialAction":[{"@type":"SearchAction","target":{"@type":"EntryPoint","urlTemplate":"https:\/\/exaudi.org\/?s={search_term_string}"},"query-input":{"@type":"PropertyValueSpecification","valueRequired":true,"valueName":"search_term_string"}}],"inLanguage":"es"},{"@type":"Person","@id":"https:\/\/exaudi.org\/#\/schema\/person\/f5fc8f063065e38742da7afe15f25df7","name":"Exaudi Redacci\u00f3n","image":{"@type":"ImageObject","inLanguage":"es","@id":"https:\/\/secure.gravatar.com\/avatar\/fe0f6a059fb68d9b3e11bc5850dd4899b1c7492091a3cb6dd9b01b56ad828be2?s=96&d=mm&r=g","url":"https:\/\/secure.gravatar.com\/avatar\/fe0f6a059fb68d9b3e11bc5850dd4899b1c7492091a3cb6dd9b01b56ad828be2?s=96&d=mm&r=g","contentUrl":"https:\/\/secure.gravatar.com\/avatar\/fe0f6a059fb68d9b3e11bc5850dd4899b1c7492091a3cb6dd9b01b56ad828be2?s=96&d=mm&r=g","caption":"Exaudi Redacci\u00f3n"},"description":"\u00bfQu\u00e9 es Exaudi News? Exaudi News es un medio de comunicaci\u00f3n cat\u00f3lico internacional que informa, forma y transforma, diariamente en espa\u00f1ol, ingl\u00e9s e italiano. A trav\u00e9s de noticias, art\u00edculos de an\u00e1lisis y transmisiones en directo de los eventos del Papa, Exaudi busca fortalecer la unidad de los cristianos y contribuir a la evangelizaci\u00f3n del mundo, siempre guiados por la doctrina social de la Iglesia. Trabajamos para acercar la verdad y los valores cristianos a cada rinc\u00f3n del planeta. \u00a1Ay\u00fadanos a transformar el mundo con Exaudi! En Exaudi creemos que la evangelizaci\u00f3n y la informaci\u00f3n de calidad pueden cambiar vidas. Para continuar con nuestra misi\u00f3n y expandir nuestro alcance, necesitamos tu ayuda. Adem\u00e1s, buscamos personas comprometidas que deseen unirse a nuestro equipo. Con tu apoyo, lograremos llegar a m\u00e1s personas, difundir el mensaje de Cristo y reforzar la unidad de los cristianos. \u00bfTe unes a nuestra misi\u00f3n? Para m\u00e1s informaci\u00f3n sobre c\u00f3mo colaborar, visita Exaudi.org\/es o cont\u00e1ctanos directamente: info@exaudi.org Exaudi: Informa, forma y transforma.","sameAs":["https:\/\/www.facebook.com\/ExaudiNoticias\/","https:\/\/www.instagram.com\/exaudi_noticias\/","https:\/\/x.com\/Exaudi_noticias","https:\/\/www.youtube.com\/@exaudicatholicnews"],"url":"https:\/\/exaudi.org\/es\/author\/redaccionexaudi\/"}]}},"jetpack_featured_media_url":"https:\/\/exaudi.org\/wp-content\/uploads\/2021\/07\/Cuba-1.jpg","jetpack_shortlink":"https:\/\/wp.me\/pgKjF2-7fd","_links":{"self":[{"href":"https:\/\/exaudi.org\/es\/wp-json\/wp\/v2\/posts\/27851","targetHints":{"allow":["GET"]}}],"collection":[{"href":"https:\/\/exaudi.org\/es\/wp-json\/wp\/v2\/posts"}],"about":[{"href":"https:\/\/exaudi.org\/es\/wp-json\/wp\/v2\/types\/post"}],"author":[{"embeddable":true,"href":"https:\/\/exaudi.org\/es\/wp-json\/wp\/v2\/users\/15"}],"replies":[{"embeddable":true,"href":"https:\/\/exaudi.org\/es\/wp-json\/wp\/v2\/comments?post=27851"}],"version-history":[{"count":0,"href":"https:\/\/exaudi.org\/es\/wp-json\/wp\/v2\/posts\/27851\/revisions"}],"wp:featuredmedia":[{"embeddable":true,"href":"https:\/\/exaudi.org\/es\/wp-json\/wp\/v2\/media\/27852"}],"wp:attachment":[{"href":"https:\/\/exaudi.org\/es\/wp-json\/wp\/v2\/media?parent=27851"}],"wp:term":[{"taxonomy":"category","embeddable":true,"href":"https:\/\/exaudi.org\/es\/wp-json\/wp\/v2\/categories?post=27851"},{"taxonomy":"post_tag","embeddable":true,"href":"https:\/\/exaudi.org\/es\/wp-json\/wp\/v2\/tags?post=27851"}],"curies":[{"name":"wp","href":"https:\/\/api.w.org\/{rel}","templated":true}]}}