{"id":27733,"date":"2021-07-19T08:52:45","date_gmt":"2021-07-19T06:52:45","guid":{"rendered":"https:\/\/exaudi.org\/?p=27733"},"modified":"2021-07-20T09:41:59","modified_gmt":"2021-07-20T07:41:59","slug":"nicaragua-suspendidas-fiestas-patronales-prevencion-covid-19","status":"publish","type":"post","link":"https:\/\/exaudi.org\/es\/nicaragua-suspendidas-fiestas-patronales-prevencion-covid-19\/","title":{"rendered":"Nicaragua: Suspendidas fiestas patronales como prevenci\u00f3n frente COVID-19"},"content":{"rendered":"<p>El <a href=\"https:\/\/exaudi.org\/es\/nicaragua-misa-en-honor-a-la-sangre-de-cristo\/\" target=\"_blank\" rel=\"noopener noreferrer\">cardenal Leopoldo Brenes<\/a>, arzobispo de Managua, dio a conocer que debido a la situaci\u00f3n de la pandemia y las mutaciones del virus de la COVID-19, que est\u00e1n \u201ccausando angustia, dolor, y muerte entre nosotros\u201d, en la <a href=\"https:\/\/www.facebook.com\/arquidiocesisdemanagua\" target=\"_blank\" rel=\"noopener noreferrer\">arquidi\u00f3cesis de Managua<\/a> tomaron la decisi\u00f3n de suspender todas las procesiones y actividades religiosas que impliquen la aglomeraci\u00f3n de personas.<\/p>\n<p>La medida la dio a conocer por medio de una circular la ma\u00f1ana de este domingo, durante la misa virtual transmitida a trav\u00e9s de los medios de comunicaci\u00f3n de la <a href=\"https:\/\/www.facebook.com\/CanalCatolicoNicaragua\/videos\/4115845798504371\">Conferencia Episcopal<\/a>. Indic\u00f3 que para tomar esta determinaci\u00f3n escucharon y valoraron diversas opiniones sobre todo de los especialistas de Salud.<\/p>\n<h4><strong>No es tiempo para procesiones y concentraci\u00f3n excesiva de fieles<\/strong><\/h4>\n<p>\u201cCreo que, en nuestra arquidi\u00f3cesis de Managua, a\u00fan no es tiempo para realizar procesiones y actividades religiosas que impliquen concentraci\u00f3n excesiva de fieles. No es falta de fe, ni falta de aprecio a nuestra piedad popular; es responsabilidad de Iglesia y reconocimiento consciente que la verdadera piedad y devoci\u00f3n est\u00e1n en el coraz\u00f3n que se hace altar y como signo agradecido del amor a Cristo, a nuestra Madre Sant\u00edsima y a nuestros Santos Patronos\u201d, dijo Brenes.<\/p>\n<p>El prelado expres\u00f3 que los creyentes deben de tener una actitud de \u201csolidaridad\u201d con quienes padecen los efectos de la enfermedad, con sus familias y la \u201cgenerosa\u201d entrega del personal que salud que \u201cen muchos casos son tambi\u00e9n parte de nuestra comunidad eclesial\u201d.<\/p>\n<h4><strong>Llamado a dar testimonio de fe<\/strong><\/h4>\n<p>\u201cPido a todos dar testimonio de fe, comprensi\u00f3n y sacrificio con la esperanza de cooperar al cuidado de la salud en nuestra sociedad como muestra de fraternidad y verdadera devoci\u00f3n de los creyentes\u201d, indic\u00f3 el cardenal Brenes, durante la lectura de la circular enviada a los sacerdotes de Masaya, Carazo y Managua.<\/p>\n<p>Esta medida se da por segundo a\u00f1o consecutivo, no se realizar\u00e1 la procesi\u00f3n de la bajada de Santo Domingo de Guzm\u00e1n, el primero de agosto. La procesi\u00f3n se realiza tradicionalmente ese d\u00eda y es multitudinaria en la capital nicarag\u00fcense.<\/p>\n<h4><strong>Vacunaci\u00f3n en proceso lento<\/strong><\/h4>\n<p>En Nicaragua, a pesar que el Gobierno de Daniel Ortega ha considerado como algo positivo la vacunaci\u00f3n, los medios de comunicaci\u00f3n no cuentan con acceso a informaci\u00f3n estatal y seg\u00fan la Organizaci\u00f3n Panamericana de la Salud, apenas el 2,43% de la poblaci\u00f3n nicarag\u00fcense est\u00e1 totalmente vacunada contra la Covid-19.<\/p>\n<p>Esto equivale a que <a href=\"162%20874%20personas%20ya%20cuentan%20con%20el%20esquema%20completo%20de%20vacunaci\u00f3n%20contra%20el%20SARS-CoV-2%20(https:\/ais.paho.org\/imm\/IM_DosisAdmin-Vacunacion.asp),\">162.874 personas ya cuentan con el esquema completo de vacunaci\u00f3n contra el SARS-CoV-2<strong>,<\/strong><\/a>\u00a0seg\u00fan la Organizaci\u00f3n Panamericana de la Salud (OPS). De esta forma, la promesa gubernamental de inmunizar a m\u00e1s de la mitad o llegar al 70% de la poblaci\u00f3n en 2021 se vuelve cada vez m\u00e1s tard\u00eda.<\/p>\n<p>Los datos actualizados de la OPS se\u00f1alan que el Ministerio de Salud (Minsa) ha aplicado\u00a0415. 640 dosis\u00a0en poco m\u00e1s de cuatro meses desde que inici\u00f3 la jornada de vacunaci\u00f3n. Esa cantidad de vacunas incluye a 252.766 nicarag\u00fcenses que fueron inoculados con primeras dosis.<\/p>\n<p>Nicaragua ha recibido\u00a0<a href=\"https:\/\/www.confidencial.com.ni\/nacion\/gobierno-recibe-cuarto-lote-de-vacunas-sputnik-v-pero-no-revela-cantidad-de-dosis\/\">631.000 dosis, de estas, 290.000 son parte de la adquisici\u00f3n de 1.9 millones<\/a>\u00a0de vacunas Sputnik V compradas a trav\u00e9s del Fondo Ruso de Inversi\u00f3n Directa, seg\u00fan inform\u00f3 el Gobierno.<\/p>\n<p>Las vacunas <em>Covishield<\/em> son donaciones: 200.000 por parte del Gobierno de la India y 135.000 a trav\u00e9s del mecanismo COVAX. Dicho mecanismo de la OPS se comprometi\u00f3 a garantizar vacunas para proteger el 20% de la poblaci\u00f3n, pero ha retrasado sus env\u00edos debido a problemas de suspensi\u00f3n de exportaciones del <em>Serum Institute<\/em> de la India. Se esperan que reanuden los env\u00edos de esas vacunas en agosto.<\/p>\n","protected":false},"excerpt":{"rendered":"<p>Circular del cardenal Brenes, arzobispo de Managua<\/p>\n","protected":false},"author":29,"featured_media":27734,"comment_status":"open","ping_status":"open","sticky":false,"template":"","format":"standard","meta":{"_acf_changed":false,"_crdt_document":"","inline_featured_image":false,"footnotes":""},"categories":[298,298,298,298,298],"tags":[2320,2914,1269],"class_list":{"0":"post-27733","1":"post","2":"type-post","3":"status-publish","4":"format-standard","5":"has-post-thumbnail","6":"hentry","7":"category-ultimas-noticias","12":"tag-arquidioceis-de-managua","13":"tag-cardenal-leopoldo-brenes","14":"tag-nicaragua"},"acf":[],"yoast_head":"<!-- This site is optimized with the Yoast SEO plugin v27.4 - https:\/\/yoast.com\/product\/yoast-seo-wordpress\/ -->\n<title>Nicaragua: Suspendidas fiestas patronales como prevenci\u00f3n frente COVID-19 &#8211; Exaudi<\/title>\n<meta name=\"description\" content=\"Nicaragua: El cardenal Brenes inform\u00f3 que, dada la situaci\u00f3n de la pandemia de COVID-19 en el pa\u00eds, se suspenden las fiestas patronales\" \/>\n<meta name=\"robots\" content=\"index, follow, max-snippet:-1, max-image-preview:large, max-video-preview:-1\" \/>\n<link rel=\"canonical\" href=\"https:\/\/exaudi.org\/es\/nicaragua-suspendidas-fiestas-patronales-prevencion-covid-19\/\" \/>\n<meta property=\"og:locale\" content=\"es_ES\" \/>\n<meta property=\"og:type\" content=\"article\" \/>\n<meta property=\"og:title\" content=\"Nicaragua: Suspendidas fiestas patronales como prevenci\u00f3n frente COVID-19 &#8211; Exaudi\" \/>\n<meta property=\"og:description\" content=\"Nicaragua: El cardenal Brenes inform\u00f3 que, dada la situaci\u00f3n de la pandemia de COVID-19 en el pa\u00eds, se suspenden las fiestas patronales\" \/>\n<meta property=\"og:url\" content=\"https:\/\/exaudi.org\/es\/nicaragua-suspendidas-fiestas-patronales-prevencion-covid-19\/\" \/>\n<meta property=\"og:site_name\" content=\"Exaudi\" \/>\n<meta property=\"article:publisher\" content=\"https:\/\/www.facebook.com\/ExaudiNews\" \/>\n<meta property=\"article:published_time\" content=\"2021-07-19T06:52:45+00:00\" \/>\n<meta property=\"article:modified_time\" content=\"2021-07-20T07:41:59+00:00\" \/>\n<meta property=\"og:image\" content=\"https:\/\/exaudi.org\/wp-content\/uploads\/2021\/07\/El-cardenal-Leopoldo-Brenes-Arquidiocesis-de-Managua.-David-Corea.jpg\" \/>\n\t<meta property=\"og:image:width\" content=\"1868\" \/>\n\t<meta property=\"og:image:height\" content=\"1220\" \/>\n\t<meta property=\"og:image:type\" content=\"image\/jpeg\" \/>\n<meta name=\"author\" content=\"Cristhian Alvarenga\" \/>\n<meta name=\"twitter:card\" content=\"summary_large_image\" \/>\n<meta name=\"twitter:creator\" content=\"@Exaudi_News\" \/>\n<meta name=\"twitter:site\" content=\"@Exaudi_News\" \/>\n<meta name=\"twitter:label1\" content=\"Escrito por\" \/>\n\t<meta name=\"twitter:data1\" content=\"Cristhian Alvarenga\" \/>\n\t<meta name=\"twitter:label2\" content=\"Tiempo de lectura\" \/>\n\t<meta name=\"twitter:data2\" content=\"3 minutos\" \/>\n<script type=\"application\/ld+json\" class=\"yoast-schema-graph\">{\"@context\":\"https:\\\/\\\/schema.org\",\"@graph\":[{\"@type\":\"Article\",\"@id\":\"https:\\\/\\\/exaudi.org\\\/es\\\/nicaragua-suspendidas-fiestas-patronales-prevencion-covid-19\\\/#article\",\"isPartOf\":{\"@id\":\"https:\\\/\\\/exaudi.org\\\/es\\\/nicaragua-suspendidas-fiestas-patronales-prevencion-covid-19\\\/\"},\"author\":{\"name\":\"Cristhian Alvarenga\",\"@id\":\"https:\\\/\\\/exaudi.org\\\/#\\\/schema\\\/person\\\/cc0c4abb8e41070fb467c5272d6726d1\"},\"headline\":\"Nicaragua: Suspendidas fiestas patronales como prevenci\u00f3n frente COVID-19\",\"datePublished\":\"2021-07-19T06:52:45+00:00\",\"dateModified\":\"2021-07-20T07:41:59+00:00\",\"mainEntityOfPage\":{\"@id\":\"https:\\\/\\\/exaudi.org\\\/es\\\/nicaragua-suspendidas-fiestas-patronales-prevencion-covid-19\\\/\"},\"wordCount\":633,\"commentCount\":0,\"image\":{\"@id\":\"https:\\\/\\\/exaudi.org\\\/es\\\/nicaragua-suspendidas-fiestas-patronales-prevencion-covid-19\\\/#primaryimage\"},\"thumbnailUrl\":\"https:\\\/\\\/exaudi.org\\\/wp-content\\\/uploads\\\/2021\\\/07\\\/El-cardenal-Leopoldo-Brenes-Arquidiocesis-de-Managua.-David-Corea.jpg\",\"keywords\":[\"Arquidi\u00f3ceis de Managua\",\"Cardenal Leopoldo Brenes\",\"Nicaragua\"],\"articleSection\":[\"\u00daltimas noticias\",\"\u00daltimas noticias\",\"\u00daltimas noticias\",\"\u00daltimas noticias\",\"\u00daltimas noticias\"],\"inLanguage\":\"es\",\"potentialAction\":[{\"@type\":\"CommentAction\",\"name\":\"Comment\",\"target\":[\"https:\\\/\\\/exaudi.org\\\/es\\\/nicaragua-suspendidas-fiestas-patronales-prevencion-covid-19\\\/#respond\"]}]},{\"@type\":\"WebPage\",\"@id\":\"https:\\\/\\\/exaudi.org\\\/es\\\/nicaragua-suspendidas-fiestas-patronales-prevencion-covid-19\\\/\",\"url\":\"https:\\\/\\\/exaudi.org\\\/es\\\/nicaragua-suspendidas-fiestas-patronales-prevencion-covid-19\\\/\",\"name\":\"Nicaragua: Suspendidas fiestas patronales como prevenci\u00f3n frente COVID-19 &#8211; Exaudi\",\"isPartOf\":{\"@id\":\"https:\\\/\\\/exaudi.org\\\/#website\"},\"primaryImageOfPage\":{\"@id\":\"https:\\\/\\\/exaudi.org\\\/es\\\/nicaragua-suspendidas-fiestas-patronales-prevencion-covid-19\\\/#primaryimage\"},\"image\":{\"@id\":\"https:\\\/\\\/exaudi.org\\\/es\\\/nicaragua-suspendidas-fiestas-patronales-prevencion-covid-19\\\/#primaryimage\"},\"thumbnailUrl\":\"https:\\\/\\\/exaudi.org\\\/wp-content\\\/uploads\\\/2021\\\/07\\\/El-cardenal-Leopoldo-Brenes-Arquidiocesis-de-Managua.-David-Corea.jpg\",\"datePublished\":\"2021-07-19T06:52:45+00:00\",\"dateModified\":\"2021-07-20T07:41:59+00:00\",\"author\":{\"@id\":\"https:\\\/\\\/exaudi.org\\\/#\\\/schema\\\/person\\\/cc0c4abb8e41070fb467c5272d6726d1\"},\"description\":\"Nicaragua: El cardenal Brenes inform\u00f3 que, dada la situaci\u00f3n de la pandemia de COVID-19 en el pa\u00eds, se suspenden las fiestas patronales\",\"breadcrumb\":{\"@id\":\"https:\\\/\\\/exaudi.org\\\/es\\\/nicaragua-suspendidas-fiestas-patronales-prevencion-covid-19\\\/#breadcrumb\"},\"inLanguage\":\"es\",\"potentialAction\":[{\"@type\":\"ReadAction\",\"target\":[\"https:\\\/\\\/exaudi.org\\\/es\\\/nicaragua-suspendidas-fiestas-patronales-prevencion-covid-19\\\/\"]}]},{\"@type\":\"ImageObject\",\"inLanguage\":\"es\",\"@id\":\"https:\\\/\\\/exaudi.org\\\/es\\\/nicaragua-suspendidas-fiestas-patronales-prevencion-covid-19\\\/#primaryimage\",\"url\":\"https:\\\/\\\/exaudi.org\\\/wp-content\\\/uploads\\\/2021\\\/07\\\/El-cardenal-Leopoldo-Brenes-Arquidiocesis-de-Managua.-David-Corea.jpg\",\"contentUrl\":\"https:\\\/\\\/exaudi.org\\\/wp-content\\\/uploads\\\/2021\\\/07\\\/El-cardenal-Leopoldo-Brenes-Arquidiocesis-de-Managua.-David-Corea.jpg\",\"width\":1868,\"height\":1220,\"caption\":\"El cardenal Leopoldo Brenes \u00a9 Arquidi\u00f3cesis de Managua. David Corea\"},{\"@type\":\"BreadcrumbList\",\"@id\":\"https:\\\/\\\/exaudi.org\\\/es\\\/nicaragua-suspendidas-fiestas-patronales-prevencion-covid-19\\\/#breadcrumb\",\"itemListElement\":[{\"@type\":\"ListItem\",\"position\":1,\"name\":\"Portada\",\"item\":\"https:\\\/\\\/exaudi.org\\\/es\\\/\"},{\"@type\":\"ListItem\",\"position\":2,\"name\":\"Nicaragua: Suspendidas fiestas patronales como prevenci\u00f3n frente COVID-19\"}]},{\"@type\":\"WebSite\",\"@id\":\"https:\\\/\\\/exaudi.org\\\/#website\",\"url\":\"https:\\\/\\\/exaudi.org\\\/\",\"name\":\"Exaudi\",\"description\":\"News\",\"potentialAction\":[{\"@type\":\"SearchAction\",\"target\":{\"@type\":\"EntryPoint\",\"urlTemplate\":\"https:\\\/\\\/exaudi.org\\\/?s={search_term_string}\"},\"query-input\":{\"@type\":\"PropertyValueSpecification\",\"valueRequired\":true,\"valueName\":\"search_term_string\"}}],\"inLanguage\":\"es\"},{\"@type\":\"Person\",\"@id\":\"https:\\\/\\\/exaudi.org\\\/#\\\/schema\\\/person\\\/cc0c4abb8e41070fb467c5272d6726d1\",\"name\":\"Cristhian Alvarenga\",\"image\":{\"@type\":\"ImageObject\",\"inLanguage\":\"es\",\"@id\":\"https:\\\/\\\/secure.gravatar.com\\\/avatar\\\/4d1e961ad75d3388e09e7a712fdb4ee1c94d947afa0d5dbfdcbd86a5c99bcb40?s=96&d=mm&r=g\",\"url\":\"https:\\\/\\\/secure.gravatar.com\\\/avatar\\\/4d1e961ad75d3388e09e7a712fdb4ee1c94d947afa0d5dbfdcbd86a5c99bcb40?s=96&d=mm&r=g\",\"contentUrl\":\"https:\\\/\\\/secure.gravatar.com\\\/avatar\\\/4d1e961ad75d3388e09e7a712fdb4ee1c94d947afa0d5dbfdcbd86a5c99bcb40?s=96&d=mm&r=g\",\"caption\":\"Cristhian Alvarenga\"},\"description\":\"Periodista de profesi\u00f3n. Del 2015 al 2020 coordin\u00e9 el \u00e1rea de prensa en la di\u00f3cesis de Le\u00f3n, Nicaragua y fui parte de la comisi\u00f3n de comunicaci\u00f3n diocesana, soy el autor del blog Iglesia en Salida, (https:\\\/\\\/www.facebook.com\\\/IglesiaEnSalidaOrg), un espacio de informaci\u00f3n y comunicaci\u00f3n, orientado a generar reflexi\u00f3n, investigaci\u00f3n e informaci\u00f3n sobre el quehacer pastoral de la Iglesia Cat\u00f3lica en Nicaragua, as\u00ed como promover devociones para fomentar nuestra fe. Me gusta producir podcast y escribir poes\u00eda. La defensa del medio ambiente y de los Derechos Humanos debe de ser siempre un compromiso para aportar a un mundo m\u00e1s humano y justo.\",\"url\":\"https:\\\/\\\/exaudi.org\\\/es\\\/author\\\/cristhianalvarenga\\\/\"}]}<\/script>\n<!-- \/ Yoast SEO plugin. -->","yoast_head_json":{"title":"Nicaragua: Suspendidas fiestas patronales como prevenci\u00f3n frente COVID-19 &#8211; Exaudi","description":"Nicaragua: El cardenal Brenes inform\u00f3 que, dada la situaci\u00f3n de la pandemia de COVID-19 en el pa\u00eds, se suspenden las fiestas patronales","robots":{"index":"index","follow":"follow","max-snippet":"max-snippet:-1","max-image-preview":"max-image-preview:large","max-video-preview":"max-video-preview:-1"},"canonical":"https:\/\/exaudi.org\/es\/nicaragua-suspendidas-fiestas-patronales-prevencion-covid-19\/","og_locale":"es_ES","og_type":"article","og_title":"Nicaragua: Suspendidas fiestas patronales como prevenci\u00f3n frente COVID-19 &#8211; Exaudi","og_description":"Nicaragua: El cardenal Brenes inform\u00f3 que, dada la situaci\u00f3n de la pandemia de COVID-19 en el pa\u00eds, se suspenden las fiestas patronales","og_url":"https:\/\/exaudi.org\/es\/nicaragua-suspendidas-fiestas-patronales-prevencion-covid-19\/","og_site_name":"Exaudi","article_publisher":"https:\/\/www.facebook.com\/ExaudiNews","article_published_time":"2021-07-19T06:52:45+00:00","article_modified_time":"2021-07-20T07:41:59+00:00","og_image":[{"width":1868,"height":1220,"url":"https:\/\/exaudi.org\/wp-content\/uploads\/2021\/07\/El-cardenal-Leopoldo-Brenes-Arquidiocesis-de-Managua.-David-Corea.jpg","type":"image\/jpeg"}],"author":"Cristhian Alvarenga","twitter_card":"summary_large_image","twitter_creator":"@Exaudi_News","twitter_site":"@Exaudi_News","twitter_misc":{"Escrito por":"Cristhian Alvarenga","Tiempo de lectura":"3 minutos"},"schema":{"@context":"https:\/\/schema.org","@graph":[{"@type":"Article","@id":"https:\/\/exaudi.org\/es\/nicaragua-suspendidas-fiestas-patronales-prevencion-covid-19\/#article","isPartOf":{"@id":"https:\/\/exaudi.org\/es\/nicaragua-suspendidas-fiestas-patronales-prevencion-covid-19\/"},"author":{"name":"Cristhian Alvarenga","@id":"https:\/\/exaudi.org\/#\/schema\/person\/cc0c4abb8e41070fb467c5272d6726d1"},"headline":"Nicaragua: Suspendidas fiestas patronales como prevenci\u00f3n frente COVID-19","datePublished":"2021-07-19T06:52:45+00:00","dateModified":"2021-07-20T07:41:59+00:00","mainEntityOfPage":{"@id":"https:\/\/exaudi.org\/es\/nicaragua-suspendidas-fiestas-patronales-prevencion-covid-19\/"},"wordCount":633,"commentCount":0,"image":{"@id":"https:\/\/exaudi.org\/es\/nicaragua-suspendidas-fiestas-patronales-prevencion-covid-19\/#primaryimage"},"thumbnailUrl":"https:\/\/exaudi.org\/wp-content\/uploads\/2021\/07\/El-cardenal-Leopoldo-Brenes-Arquidiocesis-de-Managua.-David-Corea.jpg","keywords":["Arquidi\u00f3ceis de Managua","Cardenal Leopoldo Brenes","Nicaragua"],"articleSection":["\u00daltimas noticias","\u00daltimas noticias","\u00daltimas noticias","\u00daltimas noticias","\u00daltimas noticias"],"inLanguage":"es","potentialAction":[{"@type":"CommentAction","name":"Comment","target":["https:\/\/exaudi.org\/es\/nicaragua-suspendidas-fiestas-patronales-prevencion-covid-19\/#respond"]}]},{"@type":"WebPage","@id":"https:\/\/exaudi.org\/es\/nicaragua-suspendidas-fiestas-patronales-prevencion-covid-19\/","url":"https:\/\/exaudi.org\/es\/nicaragua-suspendidas-fiestas-patronales-prevencion-covid-19\/","name":"Nicaragua: Suspendidas fiestas patronales como prevenci\u00f3n frente COVID-19 &#8211; Exaudi","isPartOf":{"@id":"https:\/\/exaudi.org\/#website"},"primaryImageOfPage":{"@id":"https:\/\/exaudi.org\/es\/nicaragua-suspendidas-fiestas-patronales-prevencion-covid-19\/#primaryimage"},"image":{"@id":"https:\/\/exaudi.org\/es\/nicaragua-suspendidas-fiestas-patronales-prevencion-covid-19\/#primaryimage"},"thumbnailUrl":"https:\/\/exaudi.org\/wp-content\/uploads\/2021\/07\/El-cardenal-Leopoldo-Brenes-Arquidiocesis-de-Managua.-David-Corea.jpg","datePublished":"2021-07-19T06:52:45+00:00","dateModified":"2021-07-20T07:41:59+00:00","author":{"@id":"https:\/\/exaudi.org\/#\/schema\/person\/cc0c4abb8e41070fb467c5272d6726d1"},"description":"Nicaragua: El cardenal Brenes inform\u00f3 que, dada la situaci\u00f3n de la pandemia de COVID-19 en el pa\u00eds, se suspenden las fiestas patronales","breadcrumb":{"@id":"https:\/\/exaudi.org\/es\/nicaragua-suspendidas-fiestas-patronales-prevencion-covid-19\/#breadcrumb"},"inLanguage":"es","potentialAction":[{"@type":"ReadAction","target":["https:\/\/exaudi.org\/es\/nicaragua-suspendidas-fiestas-patronales-prevencion-covid-19\/"]}]},{"@type":"ImageObject","inLanguage":"es","@id":"https:\/\/exaudi.org\/es\/nicaragua-suspendidas-fiestas-patronales-prevencion-covid-19\/#primaryimage","url":"https:\/\/exaudi.org\/wp-content\/uploads\/2021\/07\/El-cardenal-Leopoldo-Brenes-Arquidiocesis-de-Managua.-David-Corea.jpg","contentUrl":"https:\/\/exaudi.org\/wp-content\/uploads\/2021\/07\/El-cardenal-Leopoldo-Brenes-Arquidiocesis-de-Managua.-David-Corea.jpg","width":1868,"height":1220,"caption":"El cardenal Leopoldo Brenes \u00a9 Arquidi\u00f3cesis de Managua. David Corea"},{"@type":"BreadcrumbList","@id":"https:\/\/exaudi.org\/es\/nicaragua-suspendidas-fiestas-patronales-prevencion-covid-19\/#breadcrumb","itemListElement":[{"@type":"ListItem","position":1,"name":"Portada","item":"https:\/\/exaudi.org\/es\/"},{"@type":"ListItem","position":2,"name":"Nicaragua: Suspendidas fiestas patronales como prevenci\u00f3n frente COVID-19"}]},{"@type":"WebSite","@id":"https:\/\/exaudi.org\/#website","url":"https:\/\/exaudi.org\/","name":"Exaudi","description":"News","potentialAction":[{"@type":"SearchAction","target":{"@type":"EntryPoint","urlTemplate":"https:\/\/exaudi.org\/?s={search_term_string}"},"query-input":{"@type":"PropertyValueSpecification","valueRequired":true,"valueName":"search_term_string"}}],"inLanguage":"es"},{"@type":"Person","@id":"https:\/\/exaudi.org\/#\/schema\/person\/cc0c4abb8e41070fb467c5272d6726d1","name":"Cristhian Alvarenga","image":{"@type":"ImageObject","inLanguage":"es","@id":"https:\/\/secure.gravatar.com\/avatar\/4d1e961ad75d3388e09e7a712fdb4ee1c94d947afa0d5dbfdcbd86a5c99bcb40?s=96&d=mm&r=g","url":"https:\/\/secure.gravatar.com\/avatar\/4d1e961ad75d3388e09e7a712fdb4ee1c94d947afa0d5dbfdcbd86a5c99bcb40?s=96&d=mm&r=g","contentUrl":"https:\/\/secure.gravatar.com\/avatar\/4d1e961ad75d3388e09e7a712fdb4ee1c94d947afa0d5dbfdcbd86a5c99bcb40?s=96&d=mm&r=g","caption":"Cristhian Alvarenga"},"description":"Periodista de profesi\u00f3n. Del 2015 al 2020 coordin\u00e9 el \u00e1rea de prensa en la di\u00f3cesis de Le\u00f3n, Nicaragua y fui parte de la comisi\u00f3n de comunicaci\u00f3n diocesana, soy el autor del blog Iglesia en Salida, (https:\/\/www.facebook.com\/IglesiaEnSalidaOrg), un espacio de informaci\u00f3n y comunicaci\u00f3n, orientado a generar reflexi\u00f3n, investigaci\u00f3n e informaci\u00f3n sobre el quehacer pastoral de la Iglesia Cat\u00f3lica en Nicaragua, as\u00ed como promover devociones para fomentar nuestra fe. Me gusta producir podcast y escribir poes\u00eda. La defensa del medio ambiente y de los Derechos Humanos debe de ser siempre un compromiso para aportar a un mundo m\u00e1s humano y justo.","url":"https:\/\/exaudi.org\/es\/author\/cristhianalvarenga\/"}]}},"jetpack_featured_media_url":"https:\/\/exaudi.org\/wp-content\/uploads\/2021\/07\/El-cardenal-Leopoldo-Brenes-Arquidiocesis-de-Managua.-David-Corea.jpg","jetpack_shortlink":"https:\/\/wp.me\/pgKjF2-7dj","_links":{"self":[{"href":"https:\/\/exaudi.org\/es\/wp-json\/wp\/v2\/posts\/27733","targetHints":{"allow":["GET"]}}],"collection":[{"href":"https:\/\/exaudi.org\/es\/wp-json\/wp\/v2\/posts"}],"about":[{"href":"https:\/\/exaudi.org\/es\/wp-json\/wp\/v2\/types\/post"}],"author":[{"embeddable":true,"href":"https:\/\/exaudi.org\/es\/wp-json\/wp\/v2\/users\/29"}],"replies":[{"embeddable":true,"href":"https:\/\/exaudi.org\/es\/wp-json\/wp\/v2\/comments?post=27733"}],"version-history":[{"count":0,"href":"https:\/\/exaudi.org\/es\/wp-json\/wp\/v2\/posts\/27733\/revisions"}],"wp:featuredmedia":[{"embeddable":true,"href":"https:\/\/exaudi.org\/es\/wp-json\/wp\/v2\/media\/27734"}],"wp:attachment":[{"href":"https:\/\/exaudi.org\/es\/wp-json\/wp\/v2\/media?parent=27733"}],"wp:term":[{"taxonomy":"category","embeddable":true,"href":"https:\/\/exaudi.org\/es\/wp-json\/wp\/v2\/categories?post=27733"},{"taxonomy":"post_tag","embeddable":true,"href":"https:\/\/exaudi.org\/es\/wp-json\/wp\/v2\/tags?post=27733"}],"curies":[{"name":"wp","href":"https:\/\/api.w.org\/{rel}","templated":true}]}}