{"id":27460,"date":"2021-07-16T13:02:29","date_gmt":"2021-07-16T11:02:29","guid":{"rendered":"https:\/\/exaudi.org\/?p=27460"},"modified":"2021-07-16T13:02:29","modified_gmt":"2021-07-16T11:02:29","slug":"guatemala-obispos-santa-rosa-y-solola","status":"publish","type":"post","link":"https:\/\/exaudi.org\/es\/guatemala-obispos-santa-rosa-y-solola\/","title":{"rendered":"Guatemala: Nuevos obispos de Santa Rosa y Solol\u00e1"},"content":{"rendered":"<p>El <a href=\"https:\/\/exaudi.org\/es\/papa-celam-proyectos-bien-iglesia\/\" target=\"_blank\" rel=\"noopener noreferrer\">Papa Francisco<\/a> ha nombrado obispos de la di\u00f3cesis de Santa Rosa de Lima y de Solol\u00e1-Chimaltenango, Guatemala, a los monse\u00f1ores Jos\u00e9 Cayetano Parra Novo, traslad\u00e1ndolo de la sede titular de Tubia y del oficio de auxiliar de la archidi\u00f3cesis metropolitana de Santiago de Guatemala, y Domingo Buezo Leiva, traslad\u00e1ndolo de la sede titular de Dardano y del cargo de Vicario Apost\u00f3lico de Izabal, respectivamente.<\/p>\n<h4><strong>Mons. Jos\u00e9 Cayetano Parra Novo<\/strong><\/h4>\n<p>Naci\u00f3 el 5 de septiembre de 1950 en Ot\u00edvar, archidi\u00f3cesis metropolitana de Granada, Espa\u00f1a. En 1967 ingres\u00f3 en la <a href=\"https:\/\/www.dominicoshispania.org\/donde-estamos\/real-convento-de-predicadores-valencia\/\" target=\"_blank\" rel=\"noopener noreferrer\">Orden de los Frailes Predicadores en Valencia<\/a> e hizo sus votos solemnes el 13 de octubre de 1974. Estudi\u00f3 Teolog\u00eda, Catequesis y Pedagog\u00eda en el C.E.N.I.E.C. de la Comisi\u00f3n Episcopal de Ense\u00f1anza de la Conferencia Episcopal Espa\u00f1ola, con sede en el Seminario arquidiocesano de Valencia.<\/p>\n<p>En 1976 fue enviado como misionero a Alta Verapaz, en Guatemala. Complet\u00f3 su formaci\u00f3n teol\u00f3gica b\u00e1sica en el Instituto Teol\u00f3gico Salesiano de la Universidad Francisco Marroqu\u00edn de Ciudad de Guatemala. Fue ordenado sacerdote el 28 de octubre de 1979.<\/p>\n<p>Posteriormente, ejerci\u00f3 en varias ocasiones como p\u00e1rroco y superior local de la comunidad dominica En 1993, siendo p\u00e1rroco de San Mart\u00edn de Porres en Ciudad de Guatemala, cre\u00f3 la Fundaci\u00f3n San Mart\u00edn de Porres para promover proyectos educativos y sociales en las regiones desfavorecidas de Verapaz y Quich\u00e9.<\/p>\n<p>En 1994 obtuvo la licenciatura en Teolog\u00eda en el Instituto Teol\u00f3gico Salesiano de la Universidad Francisco Marroqu\u00edn. En 2001 fue nombrado p\u00e1rroco de Nuestra Se\u00f1ora del Carmen en Santa Ana, El Salvador. De 2002 a 2012 fue de nuevo p\u00e1rroco de San Mart\u00edn de Porres y de 2012 a 2016 Rector de la Iglesia de San Agust\u00edn en la Ciudad de Guatemala.<\/p>\n<p>El 11 de noviembre de 2016 fue nombrado obispo titular de Tubia y Auxiliar de Santiago de Guatemala y recibi\u00f3 la ordenaci\u00f3n episcopal el 21 de enero de 2017.<\/p>\n<h4><strong>Mons. Domingo Buezo<\/strong><\/h4>\n<p>Naci\u00f3 el 12 de diciembre de 1962 en Zulia (Guatemala), di\u00f3cesis de Zacapa. Tras sus estudios primarios en Horcones, Esquipulas, ingres\u00f3 en el Seminario Menor de Solol\u00e1. Despu\u00e9s estudi\u00f3 en el Instituto Teol\u00f3gico Salesiano de Ciudad de Guatemala. Se licenci\u00f3 en Teolog\u00eda Pastoral en la Pontificia Universidad Lateranense de Roma (1996-1997).<\/p>\n<p>Fue ordenado sacerdote el 25 de noviembre de 1988 para la di\u00f3cesis de Zacapa. Desde su ordenaci\u00f3n ha desempe\u00f1ado los siguientes cargos: Coadjutor (1988-1989) y luego p\u00e1rroco de San Pedro en Zacapa (1990-1995) (1998-2002); vicario episcopal de pastoral (1998-2013) y p\u00e1rroco de San Ildefonso en Ipala (Chiquimula) (2002-2009); p\u00e1rroco de San Juan Bautista en Camot\u00e1n (Chiquimula) (2009-2013).<\/p>\n<p>El 9 de febrero de 2013 fue nombrado vicario apost\u00f3lico de Izabal, Guatemala, y se le asign\u00f3 la sede titular de Dardano. Recibi\u00f3 la consagraci\u00f3n episcopal el 4 de mayo de 2013.<\/p>\n","protected":false},"excerpt":{"rendered":"<p>Monse\u00f1ores Parra Novo y Buezo<\/p>\n","protected":false},"author":6,"featured_media":27466,"comment_status":"closed","ping_status":"closed","sticky":false,"template":"","format":"standard","meta":{"_acf_changed":false,"_crdt_document":"","inline_featured_image":false,"footnotes":""},"categories":[86,298],"tags":[3382,3383,953,787,158],"class_list":["post-27460","post","type-post","status-publish","format-standard","has-post-thumbnail","hentry","category-iglesia-local","category-ultimas-noticias","tag-diocesis-de-santa-rosa-de-lima","tag-diocesis-de-solola-chimaltenango","tag-guatemala","tag-nombramientos","tag-papa-francisco"],"acf":[],"yoast_head":"<!-- This site is optimized with the Yoast SEO plugin v27.5 - https:\/\/yoast.com\/product\/yoast-seo-wordpress\/ -->\n<title>Guatemala: Nuevos obispos de Santa Rosa y Solol\u00e1 - Exaudi<\/title>\n<meta name=\"description\" content=\"El Papa Francisco ha nombrado hoy, 16 de julo de 2021, nuevos obispos de Santa Rosa de Lima y de Solol\u00e1-Chimaltenango, Guatemala.\" \/>\n<meta name=\"robots\" content=\"index, follow, max-snippet:-1, max-image-preview:large, max-video-preview:-1\" \/>\n<link rel=\"canonical\" href=\"https:\/\/exaudi.org\/es\/guatemala-obispos-santa-rosa-y-solola\/\" \/>\n<meta property=\"og:locale\" content=\"es_ES\" \/>\n<meta property=\"og:type\" content=\"article\" \/>\n<meta property=\"og:title\" content=\"Guatemala: Nuevos obispos de Santa Rosa y Solol\u00e1 - Exaudi\" \/>\n<meta property=\"og:description\" content=\"El Papa Francisco ha nombrado hoy, 16 de julo de 2021, nuevos obispos de Santa Rosa de Lima y de Solol\u00e1-Chimaltenango, Guatemala.\" \/>\n<meta property=\"og:url\" content=\"https:\/\/exaudi.org\/es\/guatemala-obispos-santa-rosa-y-solola\/\" \/>\n<meta property=\"og:site_name\" content=\"Exaudi\" \/>\n<meta property=\"article:publisher\" content=\"https:\/\/www.facebook.com\/ExaudiNews\" \/>\n<meta property=\"article:published_time\" content=\"2021-07-16T11:02:29+00:00\" \/>\n<meta property=\"og:image\" content=\"https:\/\/exaudi.org\/wp-content\/uploads\/2021\/07\/12c32-1-scaled.jpg\" \/>\n\t<meta property=\"og:image:width\" content=\"2560\" \/>\n\t<meta property=\"og:image:height\" content=\"1439\" \/>\n\t<meta property=\"og:image:type\" content=\"image\/jpeg\" \/>\n<meta name=\"author\" content=\"Gabriel Sales\" \/>\n<meta name=\"twitter:card\" content=\"summary_large_image\" \/>\n<meta name=\"twitter:creator\" content=\"@habemusman\" \/>\n<meta name=\"twitter:site\" content=\"@Exaudi_News\" \/>\n<meta name=\"twitter:label1\" content=\"Escrito por\" \/>\n\t<meta name=\"twitter:data1\" content=\"Gabriel Sales\" \/>\n\t<meta name=\"twitter:label2\" content=\"Tiempo de lectura\" \/>\n\t<meta name=\"twitter:data2\" content=\"2 minutos\" \/>\n<script type=\"application\/ld+json\" class=\"yoast-schema-graph\">{\"@context\":\"https:\\\/\\\/schema.org\",\"@graph\":[{\"@type\":\"Article\",\"@id\":\"https:\\\/\\\/exaudi.org\\\/es\\\/guatemala-obispos-santa-rosa-y-solola\\\/#article\",\"isPartOf\":{\"@id\":\"https:\\\/\\\/exaudi.org\\\/es\\\/guatemala-obispos-santa-rosa-y-solola\\\/\"},\"author\":{\"name\":\"Gabriel Sales\",\"@id\":\"https:\\\/\\\/exaudi.org\\\/#\\\/schema\\\/person\\\/d134b96438278131ce90c90c03fda6cd\"},\"headline\":\"Guatemala: Nuevos obispos de Santa Rosa y Solol\u00e1\",\"datePublished\":\"2021-07-16T11:02:29+00:00\",\"mainEntityOfPage\":{\"@id\":\"https:\\\/\\\/exaudi.org\\\/es\\\/guatemala-obispos-santa-rosa-y-solola\\\/\"},\"wordCount\":488,\"image\":{\"@id\":\"https:\\\/\\\/exaudi.org\\\/es\\\/guatemala-obispos-santa-rosa-y-solola\\\/#primaryimage\"},\"thumbnailUrl\":\"https:\\\/\\\/exaudi.org\\\/wp-content\\\/uploads\\\/2021\\\/07\\\/12c32-1-scaled.jpg\",\"keywords\":[\"Di\u00f3cesis de Santa Rosa de Lima\",\"Di\u00f3cesis de Solol\u00e1-Chimaltenango\",\"Guatemala\",\"nombramientos\",\"papa francisco\"],\"articleSection\":[\"Iglesia Local\",\"\u00daltimas noticias\"],\"inLanguage\":\"es\"},{\"@type\":\"WebPage\",\"@id\":\"https:\\\/\\\/exaudi.org\\\/es\\\/guatemala-obispos-santa-rosa-y-solola\\\/\",\"url\":\"https:\\\/\\\/exaudi.org\\\/es\\\/guatemala-obispos-santa-rosa-y-solola\\\/\",\"name\":\"Guatemala: Nuevos obispos de Santa Rosa y Solol\u00e1 - Exaudi\",\"isPartOf\":{\"@id\":\"https:\\\/\\\/exaudi.org\\\/#website\"},\"primaryImageOfPage\":{\"@id\":\"https:\\\/\\\/exaudi.org\\\/es\\\/guatemala-obispos-santa-rosa-y-solola\\\/#primaryimage\"},\"image\":{\"@id\":\"https:\\\/\\\/exaudi.org\\\/es\\\/guatemala-obispos-santa-rosa-y-solola\\\/#primaryimage\"},\"thumbnailUrl\":\"https:\\\/\\\/exaudi.org\\\/wp-content\\\/uploads\\\/2021\\\/07\\\/12c32-1-scaled.jpg\",\"datePublished\":\"2021-07-16T11:02:29+00:00\",\"author\":{\"@id\":\"https:\\\/\\\/exaudi.org\\\/#\\\/schema\\\/person\\\/d134b96438278131ce90c90c03fda6cd\"},\"description\":\"El Papa Francisco ha nombrado hoy, 16 de julo de 2021, nuevos obispos de Santa Rosa de Lima y de Solol\u00e1-Chimaltenango, Guatemala.\",\"breadcrumb\":{\"@id\":\"https:\\\/\\\/exaudi.org\\\/es\\\/guatemala-obispos-santa-rosa-y-solola\\\/#breadcrumb\"},\"inLanguage\":\"es\",\"potentialAction\":[{\"@type\":\"ReadAction\",\"target\":[\"https:\\\/\\\/exaudi.org\\\/es\\\/guatemala-obispos-santa-rosa-y-solola\\\/\"]}]},{\"@type\":\"ImageObject\",\"inLanguage\":\"es\",\"@id\":\"https:\\\/\\\/exaudi.org\\\/es\\\/guatemala-obispos-santa-rosa-y-solola\\\/#primaryimage\",\"url\":\"https:\\\/\\\/exaudi.org\\\/wp-content\\\/uploads\\\/2021\\\/07\\\/12c32-1-scaled.jpg\",\"contentUrl\":\"https:\\\/\\\/exaudi.org\\\/wp-content\\\/uploads\\\/2021\\\/07\\\/12c32-1-scaled.jpg\",\"width\":2560,\"height\":1439,\"caption\":\"Bandera de Guatemala \u00a9 Pxhere\"},{\"@type\":\"BreadcrumbList\",\"@id\":\"https:\\\/\\\/exaudi.org\\\/es\\\/guatemala-obispos-santa-rosa-y-solola\\\/#breadcrumb\",\"itemListElement\":[{\"@type\":\"ListItem\",\"position\":1,\"name\":\"Portada\",\"item\":\"https:\\\/\\\/exaudi.org\\\/es\\\/\"},{\"@type\":\"ListItem\",\"position\":2,\"name\":\"Guatemala: Nuevos obispos de Santa Rosa y Solol\u00e1\"}]},{\"@type\":\"WebSite\",\"@id\":\"https:\\\/\\\/exaudi.org\\\/#website\",\"url\":\"https:\\\/\\\/exaudi.org\\\/\",\"name\":\"Exaudi\",\"description\":\"News\",\"potentialAction\":[{\"@type\":\"SearchAction\",\"target\":{\"@type\":\"EntryPoint\",\"urlTemplate\":\"https:\\\/\\\/exaudi.org\\\/?s={search_term_string}\"},\"query-input\":{\"@type\":\"PropertyValueSpecification\",\"valueRequired\":true,\"valueName\":\"search_term_string\"}}],\"inLanguage\":\"es\"},{\"@type\":\"Person\",\"@id\":\"https:\\\/\\\/exaudi.org\\\/#\\\/schema\\\/person\\\/d134b96438278131ce90c90c03fda6cd\",\"name\":\"Gabriel Sales\",\"image\":{\"@type\":\"ImageObject\",\"inLanguage\":\"es\",\"@id\":\"https:\\\/\\\/secure.gravatar.com\\\/avatar\\\/9b1269566f6a063ed26ffb3532b66a373cdde231ce5d0effb266167437fdaffd?s=96&d=mm&r=g\",\"url\":\"https:\\\/\\\/secure.gravatar.com\\\/avatar\\\/9b1269566f6a063ed26ffb3532b66a373cdde231ce5d0effb266167437fdaffd?s=96&d=mm&r=g\",\"contentUrl\":\"https:\\\/\\\/secure.gravatar.com\\\/avatar\\\/9b1269566f6a063ed26ffb3532b66a373cdde231ce5d0effb266167437fdaffd?s=96&d=mm&r=g\",\"caption\":\"Gabriel Sales\"},\"description\":\"Periodista y especialista en Comunicaci\u00f3n y Branding digital. Cin\u00e9filo y cr\u00edtico de cine y series de televisi\u00f3n.\",\"sameAs\":[\"https:\\\/\\\/www.instagram.com\\\/cine90segundos\\\/\",\"www.linkedin.com\\\/in\\\/habemusman\",\"https:\\\/\\\/x.com\\\/habemusman\",\"https:\\\/\\\/www.youtube.com\\\/channel\\\/UCVfCiOMkJ_C7T7OpyjuaLDg\"],\"url\":\"https:\\\/\\\/exaudi.org\\\/es\\\/author\\\/gsalesexaudi-org\\\/\"}]}<\/script>\n<!-- \/ Yoast SEO plugin. -->","yoast_head_json":{"title":"Guatemala: Nuevos obispos de Santa Rosa y Solol\u00e1 - Exaudi","description":"El Papa Francisco ha nombrado hoy, 16 de julo de 2021, nuevos obispos de Santa Rosa de Lima y de Solol\u00e1-Chimaltenango, Guatemala.","robots":{"index":"index","follow":"follow","max-snippet":"max-snippet:-1","max-image-preview":"max-image-preview:large","max-video-preview":"max-video-preview:-1"},"canonical":"https:\/\/exaudi.org\/es\/guatemala-obispos-santa-rosa-y-solola\/","og_locale":"es_ES","og_type":"article","og_title":"Guatemala: Nuevos obispos de Santa Rosa y Solol\u00e1 - Exaudi","og_description":"El Papa Francisco ha nombrado hoy, 16 de julo de 2021, nuevos obispos de Santa Rosa de Lima y de Solol\u00e1-Chimaltenango, Guatemala.","og_url":"https:\/\/exaudi.org\/es\/guatemala-obispos-santa-rosa-y-solola\/","og_site_name":"Exaudi","article_publisher":"https:\/\/www.facebook.com\/ExaudiNews","article_published_time":"2021-07-16T11:02:29+00:00","og_image":[{"width":2560,"height":1439,"url":"https:\/\/exaudi.org\/wp-content\/uploads\/2021\/07\/12c32-1-scaled.jpg","type":"image\/jpeg"}],"author":"Gabriel Sales","twitter_card":"summary_large_image","twitter_creator":"@habemusman","twitter_site":"@Exaudi_News","twitter_misc":{"Escrito por":"Gabriel Sales","Tiempo de lectura":"2 minutos"},"schema":{"@context":"https:\/\/schema.org","@graph":[{"@type":"Article","@id":"https:\/\/exaudi.org\/es\/guatemala-obispos-santa-rosa-y-solola\/#article","isPartOf":{"@id":"https:\/\/exaudi.org\/es\/guatemala-obispos-santa-rosa-y-solola\/"},"author":{"name":"Gabriel Sales","@id":"https:\/\/exaudi.org\/#\/schema\/person\/d134b96438278131ce90c90c03fda6cd"},"headline":"Guatemala: Nuevos obispos de Santa Rosa y Solol\u00e1","datePublished":"2021-07-16T11:02:29+00:00","mainEntityOfPage":{"@id":"https:\/\/exaudi.org\/es\/guatemala-obispos-santa-rosa-y-solola\/"},"wordCount":488,"image":{"@id":"https:\/\/exaudi.org\/es\/guatemala-obispos-santa-rosa-y-solola\/#primaryimage"},"thumbnailUrl":"https:\/\/exaudi.org\/wp-content\/uploads\/2021\/07\/12c32-1-scaled.jpg","keywords":["Di\u00f3cesis de Santa Rosa de Lima","Di\u00f3cesis de Solol\u00e1-Chimaltenango","Guatemala","nombramientos","papa francisco"],"articleSection":["Iglesia Local","\u00daltimas noticias"],"inLanguage":"es"},{"@type":"WebPage","@id":"https:\/\/exaudi.org\/es\/guatemala-obispos-santa-rosa-y-solola\/","url":"https:\/\/exaudi.org\/es\/guatemala-obispos-santa-rosa-y-solola\/","name":"Guatemala: Nuevos obispos de Santa Rosa y Solol\u00e1 - Exaudi","isPartOf":{"@id":"https:\/\/exaudi.org\/#website"},"primaryImageOfPage":{"@id":"https:\/\/exaudi.org\/es\/guatemala-obispos-santa-rosa-y-solola\/#primaryimage"},"image":{"@id":"https:\/\/exaudi.org\/es\/guatemala-obispos-santa-rosa-y-solola\/#primaryimage"},"thumbnailUrl":"https:\/\/exaudi.org\/wp-content\/uploads\/2021\/07\/12c32-1-scaled.jpg","datePublished":"2021-07-16T11:02:29+00:00","author":{"@id":"https:\/\/exaudi.org\/#\/schema\/person\/d134b96438278131ce90c90c03fda6cd"},"description":"El Papa Francisco ha nombrado hoy, 16 de julo de 2021, nuevos obispos de Santa Rosa de Lima y de Solol\u00e1-Chimaltenango, Guatemala.","breadcrumb":{"@id":"https:\/\/exaudi.org\/es\/guatemala-obispos-santa-rosa-y-solola\/#breadcrumb"},"inLanguage":"es","potentialAction":[{"@type":"ReadAction","target":["https:\/\/exaudi.org\/es\/guatemala-obispos-santa-rosa-y-solola\/"]}]},{"@type":"ImageObject","inLanguage":"es","@id":"https:\/\/exaudi.org\/es\/guatemala-obispos-santa-rosa-y-solola\/#primaryimage","url":"https:\/\/exaudi.org\/wp-content\/uploads\/2021\/07\/12c32-1-scaled.jpg","contentUrl":"https:\/\/exaudi.org\/wp-content\/uploads\/2021\/07\/12c32-1-scaled.jpg","width":2560,"height":1439,"caption":"Bandera de Guatemala \u00a9 Pxhere"},{"@type":"BreadcrumbList","@id":"https:\/\/exaudi.org\/es\/guatemala-obispos-santa-rosa-y-solola\/#breadcrumb","itemListElement":[{"@type":"ListItem","position":1,"name":"Portada","item":"https:\/\/exaudi.org\/es\/"},{"@type":"ListItem","position":2,"name":"Guatemala: Nuevos obispos de Santa Rosa y Solol\u00e1"}]},{"@type":"WebSite","@id":"https:\/\/exaudi.org\/#website","url":"https:\/\/exaudi.org\/","name":"Exaudi","description":"News","potentialAction":[{"@type":"SearchAction","target":{"@type":"EntryPoint","urlTemplate":"https:\/\/exaudi.org\/?s={search_term_string}"},"query-input":{"@type":"PropertyValueSpecification","valueRequired":true,"valueName":"search_term_string"}}],"inLanguage":"es"},{"@type":"Person","@id":"https:\/\/exaudi.org\/#\/schema\/person\/d134b96438278131ce90c90c03fda6cd","name":"Gabriel Sales","image":{"@type":"ImageObject","inLanguage":"es","@id":"https:\/\/secure.gravatar.com\/avatar\/9b1269566f6a063ed26ffb3532b66a373cdde231ce5d0effb266167437fdaffd?s=96&d=mm&r=g","url":"https:\/\/secure.gravatar.com\/avatar\/9b1269566f6a063ed26ffb3532b66a373cdde231ce5d0effb266167437fdaffd?s=96&d=mm&r=g","contentUrl":"https:\/\/secure.gravatar.com\/avatar\/9b1269566f6a063ed26ffb3532b66a373cdde231ce5d0effb266167437fdaffd?s=96&d=mm&r=g","caption":"Gabriel Sales"},"description":"Periodista y especialista en Comunicaci\u00f3n y Branding digital. Cin\u00e9filo y cr\u00edtico de cine y series de televisi\u00f3n.","sameAs":["https:\/\/www.instagram.com\/cine90segundos\/","www.linkedin.com\/in\/habemusman","https:\/\/x.com\/habemusman","https:\/\/www.youtube.com\/channel\/UCVfCiOMkJ_C7T7OpyjuaLDg"],"url":"https:\/\/exaudi.org\/es\/author\/gsalesexaudi-org\/"}]}},"jetpack_featured_media_url":"https:\/\/exaudi.org\/wp-content\/uploads\/2021\/07\/12c32-1-scaled.jpg","jetpack_shortlink":"https:\/\/wp.me\/pgKjF2-78U","_links":{"self":[{"href":"https:\/\/exaudi.org\/es\/wp-json\/wp\/v2\/posts\/27460","targetHints":{"allow":["GET"]}}],"collection":[{"href":"https:\/\/exaudi.org\/es\/wp-json\/wp\/v2\/posts"}],"about":[{"href":"https:\/\/exaudi.org\/es\/wp-json\/wp\/v2\/types\/post"}],"author":[{"embeddable":true,"href":"https:\/\/exaudi.org\/es\/wp-json\/wp\/v2\/users\/6"}],"replies":[{"embeddable":true,"href":"https:\/\/exaudi.org\/es\/wp-json\/wp\/v2\/comments?post=27460"}],"version-history":[{"count":0,"href":"https:\/\/exaudi.org\/es\/wp-json\/wp\/v2\/posts\/27460\/revisions"}],"wp:featuredmedia":[{"embeddable":true,"href":"https:\/\/exaudi.org\/es\/wp-json\/wp\/v2\/media\/27466"}],"wp:attachment":[{"href":"https:\/\/exaudi.org\/es\/wp-json\/wp\/v2\/media?parent=27460"}],"wp:term":[{"taxonomy":"category","embeddable":true,"href":"https:\/\/exaudi.org\/es\/wp-json\/wp\/v2\/categories?post=27460"},{"taxonomy":"post_tag","embeddable":true,"href":"https:\/\/exaudi.org\/es\/wp-json\/wp\/v2\/tags?post=27460"}],"curies":[{"name":"wp","href":"https:\/\/api.w.org\/{rel}","templated":true}]}}