{"id":27444,"date":"2021-07-16T12:31:08","date_gmt":"2021-07-16T10:31:08","guid":{"rendered":"https:\/\/exaudi.org\/?p=27444"},"modified":"2021-07-19T11:09:40","modified_gmt":"2021-07-19T09:09:40","slug":"papa-celam-proyectos-bien-iglesia","status":"publish","type":"post","link":"https:\/\/exaudi.org\/es\/papa-celam-proyectos-bien-iglesia\/","title":{"rendered":"El Papa agradece al CELAM sus proyectos \u201cpor el bien de la Iglesia\u201d"},"content":{"rendered":"<p>El Papa Francisco ha respondido a la carta que monse\u00f1or <a href=\"https:\/\/exaudi.org\/es\/entrevista-mons-cabrejos-presidente-episcopado-latinoamericano\/\" target=\"_blank\" rel=\"noopener noreferrer\">Miguel Cabrejos Vidarte<\/a>, presidente del <a href=\"https:\/\/prensacelam.org\/\" target=\"_blank\" rel=\"noopener noreferrer\">Consejo Episcopal Latinoamericano<\/a> (CELAM), le envi\u00f3 tras finalizar la 38\u00aa Asamblea General Ordinaria, realizada del 18 al 21 de mayo. El escrito, firmado el 23 de junio de 2021, lleg\u00f3 esta semana a la sede del CELAM y refleja los agradecimientos del Santo Padre por \u201ctodas las actividades, proyectos y \u2018sue\u00f1os\u2019 que est\u00e1n intentando impulsar y llevar adelante para bien de toda la Iglesia\u201d.<\/p>\n<h4 class=\"eplus-mj3cIF\"><strong>No olvidar la escucha<\/strong><\/h4>\n<p class=\"eplus-t8JhUT\">En la misiva, compartida por la <a href=\"https:\/\/www.iglesiacatolica.org.pe\/\" target=\"_blank\" rel=\"noopener noreferrer\">Conferencia Episcopal de Per\u00fa<\/a> (CEP), el Pont\u00edfice insiste en que el Consejo Episcopal no olvide la \u201cescucha\u201d, que es lo que gu\u00eda el \u201cproceso de sinodalidad, \u2018memoria\u2019 y \u2018desaf\u00edos\u2019\u201d, pidiendo que \u201cno dejemos de escuchar lo que el Esp\u00edritu Santo nos sugiere a nosotros, pastores\u201d.<\/p>\n<p class=\"eplus-BqCGFk\">Seg\u00fan el Papa, eso debe ser realizado \u201cponiendo un o\u00eddo en la historia de nuestros pueblos, atentos a las ra\u00edces que nos sustentan, y otro en el presente, escuchando los gritos de nuestros hermanos y hermanas\u201d. En esta l\u00ednea, hace ver la necesidad de saber que \u201cestamos llamados a ser signos e instrumentos de la ternura y misericordia del Buen Pastor, que consuela y acompa\u00f1a especialmente a los que sufren y han sido golpeados en sus afectos m\u00e1s queridos\u201d.<\/p>\n<p class=\"eplus-27UIC0\">Finalmente, como es costumbre en sus cartas, Francisco pide que no se olviden de rezar por \u00e9l, y la custodia por parte de Jes\u00fas y la Virgen Santa \u201cal Pueblo fiel de Dios que les ha sido encomendado\u201d.<\/p>\n<h4><strong>Carta del CELAM al Obispo de Roma<\/strong><\/h4>\n<p>Tal y como explica el Episcopado de Panam\u00e1, en la clausura de la \u00faltima Asamblea General del CELAM, el pasado viernes 21 de mayo, Mons. Cabrejos aprovech\u00f3 para expresar \u201cla pasi\u00f3n por evangelizar, algo muy presente en la reflexi\u00f3n del Papa Francisco, como elemento importante, que debe estar presente en la Iglesia latinoamericana\u201d.<\/p>\n<p>En su carta al Obispo de Roma, los obispos le compartieron lo siguiente: \u201cQueremos presentarle la nueva estructura pastoral del CELAM que hemos aprobado\u201d, fruto del \u201cinmenso trabajo realizado durante dos a\u00f1os bajo la animaci\u00f3n de la Presidencia para ejecutar el mandato dado por la Asamblea de Honduras en 2019\u201d.<\/p>\n","protected":false},"excerpt":{"rendered":"<p>Carta respuesta a la misiva del CELAM tras su Asamblea General<\/p>\n","protected":false},"author":6,"featured_media":27653,"comment_status":"closed","ping_status":"closed","sticky":false,"template":"","format":"standard","meta":{"_acf_changed":false,"_crdt_document":"","inline_featured_image":false,"footnotes":""},"categories":[68],"tags":[164,1494,2909,158],"class_list":["post-27444","post","type-post","status-publish","format-standard","has-post-thumbnail","hentry","category-leon-xiv","tag-carta","tag-consejo-episcopal-latinoamericano-celam","tag-monsenor-miguel-cabrejos-vidarte","tag-papa-francisco"],"acf":[],"yoast_head":"<!-- This site is optimized with the Yoast SEO plugin v27.5 - https:\/\/yoast.com\/product\/yoast-seo-wordpress\/ -->\n<title>El Papa agradece al CELAM sus proyectos \u201cpor el bien de la Iglesia\u201d<\/title>\n<meta name=\"description\" content=\"En una carta de respuesta al CELAM, el Papa les agradece todos los proyectos que est\u00e1n realizando por el bien de la Iglesia.\" \/>\n<meta name=\"robots\" content=\"index, follow, max-snippet:-1, max-image-preview:large, max-video-preview:-1\" \/>\n<link rel=\"canonical\" href=\"https:\/\/exaudi.org\/es\/papa-celam-proyectos-bien-iglesia\/\" \/>\n<meta property=\"og:locale\" content=\"es_ES\" \/>\n<meta property=\"og:type\" content=\"article\" \/>\n<meta property=\"og:title\" content=\"El Papa agradece al CELAM sus proyectos \u201cpor el bien de la Iglesia\u201d\" \/>\n<meta property=\"og:description\" content=\"En una carta de respuesta al CELAM, el Papa les agradece todos los proyectos que est\u00e1n realizando por el bien de la Iglesia.\" \/>\n<meta property=\"og:url\" content=\"https:\/\/exaudi.org\/es\/papa-celam-proyectos-bien-iglesia\/\" \/>\n<meta property=\"og:site_name\" content=\"Exaudi\" \/>\n<meta property=\"article:publisher\" content=\"https:\/\/www.facebook.com\/ExaudiNews\" \/>\n<meta property=\"article:published_time\" content=\"2021-07-16T10:31:08+00:00\" \/>\n<meta property=\"article:modified_time\" content=\"2021-07-19T09:09:40+00:00\" \/>\n<meta property=\"og:image\" content=\"https:\/\/exaudi.org\/wp-content\/uploads\/2021\/07\/Francisco-Mons-Cabrejos-ayer-viernes_2131296869_13682844_660x371.jpg\" \/>\n\t<meta property=\"og:image:width\" content=\"660\" \/>\n\t<meta property=\"og:image:height\" content=\"371\" \/>\n\t<meta property=\"og:image:type\" content=\"image\/jpeg\" \/>\n<meta name=\"author\" content=\"Gabriel Sales\" \/>\n<meta name=\"twitter:card\" content=\"summary_large_image\" \/>\n<meta name=\"twitter:creator\" content=\"@habemusman\" \/>\n<meta name=\"twitter:site\" content=\"@Exaudi_News\" \/>\n<meta name=\"twitter:label1\" content=\"Escrito por\" \/>\n\t<meta name=\"twitter:data1\" content=\"Gabriel Sales\" \/>\n\t<meta name=\"twitter:label2\" content=\"Tiempo de lectura\" \/>\n\t<meta name=\"twitter:data2\" content=\"2 minutos\" \/>\n<script type=\"application\/ld+json\" class=\"yoast-schema-graph\">{\"@context\":\"https:\\\/\\\/schema.org\",\"@graph\":[{\"@type\":\"Article\",\"@id\":\"https:\\\/\\\/exaudi.org\\\/es\\\/papa-celam-proyectos-bien-iglesia\\\/#article\",\"isPartOf\":{\"@id\":\"https:\\\/\\\/exaudi.org\\\/es\\\/papa-celam-proyectos-bien-iglesia\\\/\"},\"author\":{\"name\":\"Gabriel Sales\",\"@id\":\"https:\\\/\\\/exaudi.org\\\/#\\\/schema\\\/person\\\/d134b96438278131ce90c90c03fda6cd\"},\"headline\":\"El Papa agradece al CELAM sus proyectos \u201cpor el bien de la Iglesia\u201d\",\"datePublished\":\"2021-07-16T10:31:08+00:00\",\"dateModified\":\"2021-07-19T09:09:40+00:00\",\"mainEntityOfPage\":{\"@id\":\"https:\\\/\\\/exaudi.org\\\/es\\\/papa-celam-proyectos-bien-iglesia\\\/\"},\"wordCount\":385,\"image\":{\"@id\":\"https:\\\/\\\/exaudi.org\\\/es\\\/papa-celam-proyectos-bien-iglesia\\\/#primaryimage\"},\"thumbnailUrl\":\"https:\\\/\\\/exaudi.org\\\/wp-content\\\/uploads\\\/2021\\\/07\\\/Francisco-Mons-Cabrejos-ayer-viernes_2131296869_13682844_660x371.jpg\",\"keywords\":[\"carta\",\"Consejo Episcopal Latinoamericano (CELAM)\",\"Monse\u00f1or Miguel Cabrejos Vidarte\",\"papa francisco\"],\"articleSection\":[\"Le\u00f3n XIV\"],\"inLanguage\":\"es\"},{\"@type\":\"WebPage\",\"@id\":\"https:\\\/\\\/exaudi.org\\\/es\\\/papa-celam-proyectos-bien-iglesia\\\/\",\"url\":\"https:\\\/\\\/exaudi.org\\\/es\\\/papa-celam-proyectos-bien-iglesia\\\/\",\"name\":\"El Papa agradece al CELAM sus proyectos \u201cpor el bien de la Iglesia\u201d\",\"isPartOf\":{\"@id\":\"https:\\\/\\\/exaudi.org\\\/#website\"},\"primaryImageOfPage\":{\"@id\":\"https:\\\/\\\/exaudi.org\\\/es\\\/papa-celam-proyectos-bien-iglesia\\\/#primaryimage\"},\"image\":{\"@id\":\"https:\\\/\\\/exaudi.org\\\/es\\\/papa-celam-proyectos-bien-iglesia\\\/#primaryimage\"},\"thumbnailUrl\":\"https:\\\/\\\/exaudi.org\\\/wp-content\\\/uploads\\\/2021\\\/07\\\/Francisco-Mons-Cabrejos-ayer-viernes_2131296869_13682844_660x371.jpg\",\"datePublished\":\"2021-07-16T10:31:08+00:00\",\"dateModified\":\"2021-07-19T09:09:40+00:00\",\"author\":{\"@id\":\"https:\\\/\\\/exaudi.org\\\/#\\\/schema\\\/person\\\/d134b96438278131ce90c90c03fda6cd\"},\"description\":\"En una carta de respuesta al CELAM, el Papa les agradece todos los proyectos que est\u00e1n realizando por el bien de la Iglesia.\",\"breadcrumb\":{\"@id\":\"https:\\\/\\\/exaudi.org\\\/es\\\/papa-celam-proyectos-bien-iglesia\\\/#breadcrumb\"},\"inLanguage\":\"es\",\"potentialAction\":[{\"@type\":\"ReadAction\",\"target\":[\"https:\\\/\\\/exaudi.org\\\/es\\\/papa-celam-proyectos-bien-iglesia\\\/\"]}]},{\"@type\":\"ImageObject\",\"inLanguage\":\"es\",\"@id\":\"https:\\\/\\\/exaudi.org\\\/es\\\/papa-celam-proyectos-bien-iglesia\\\/#primaryimage\",\"url\":\"https:\\\/\\\/exaudi.org\\\/wp-content\\\/uploads\\\/2021\\\/07\\\/Francisco-Mons-Cabrejos-ayer-viernes_2131296869_13682844_660x371.jpg\",\"contentUrl\":\"https:\\\/\\\/exaudi.org\\\/wp-content\\\/uploads\\\/2021\\\/07\\\/Francisco-Mons-Cabrejos-ayer-viernes_2131296869_13682844_660x371.jpg\",\"width\":660,\"height\":371,\"caption\":\"El Papa Francisco saluda a Mons. Cabrejos, presidente del CELAM \u00a9 Vatican Media\"},{\"@type\":\"BreadcrumbList\",\"@id\":\"https:\\\/\\\/exaudi.org\\\/es\\\/papa-celam-proyectos-bien-iglesia\\\/#breadcrumb\",\"itemListElement\":[{\"@type\":\"ListItem\",\"position\":1,\"name\":\"Portada\",\"item\":\"https:\\\/\\\/exaudi.org\\\/es\\\/\"},{\"@type\":\"ListItem\",\"position\":2,\"name\":\"El Papa agradece al CELAM sus proyectos \u201cpor el bien de la Iglesia\u201d\"}]},{\"@type\":\"WebSite\",\"@id\":\"https:\\\/\\\/exaudi.org\\\/#website\",\"url\":\"https:\\\/\\\/exaudi.org\\\/\",\"name\":\"Exaudi\",\"description\":\"News\",\"potentialAction\":[{\"@type\":\"SearchAction\",\"target\":{\"@type\":\"EntryPoint\",\"urlTemplate\":\"https:\\\/\\\/exaudi.org\\\/?s={search_term_string}\"},\"query-input\":{\"@type\":\"PropertyValueSpecification\",\"valueRequired\":true,\"valueName\":\"search_term_string\"}}],\"inLanguage\":\"es\"},{\"@type\":\"Person\",\"@id\":\"https:\\\/\\\/exaudi.org\\\/#\\\/schema\\\/person\\\/d134b96438278131ce90c90c03fda6cd\",\"name\":\"Gabriel Sales\",\"image\":{\"@type\":\"ImageObject\",\"inLanguage\":\"es\",\"@id\":\"https:\\\/\\\/secure.gravatar.com\\\/avatar\\\/9b1269566f6a063ed26ffb3532b66a373cdde231ce5d0effb266167437fdaffd?s=96&d=mm&r=g\",\"url\":\"https:\\\/\\\/secure.gravatar.com\\\/avatar\\\/9b1269566f6a063ed26ffb3532b66a373cdde231ce5d0effb266167437fdaffd?s=96&d=mm&r=g\",\"contentUrl\":\"https:\\\/\\\/secure.gravatar.com\\\/avatar\\\/9b1269566f6a063ed26ffb3532b66a373cdde231ce5d0effb266167437fdaffd?s=96&d=mm&r=g\",\"caption\":\"Gabriel Sales\"},\"description\":\"Periodista y especialista en Comunicaci\u00f3n y Branding digital. Cin\u00e9filo y cr\u00edtico de cine y series de televisi\u00f3n.\",\"sameAs\":[\"https:\\\/\\\/www.instagram.com\\\/cine90segundos\\\/\",\"www.linkedin.com\\\/in\\\/habemusman\",\"https:\\\/\\\/x.com\\\/habemusman\",\"https:\\\/\\\/www.youtube.com\\\/channel\\\/UCVfCiOMkJ_C7T7OpyjuaLDg\"],\"url\":\"https:\\\/\\\/exaudi.org\\\/es\\\/author\\\/gsalesexaudi-org\\\/\"}]}<\/script>\n<!-- \/ Yoast SEO plugin. -->","yoast_head_json":{"title":"El Papa agradece al CELAM sus proyectos \u201cpor el bien de la Iglesia\u201d","description":"En una carta de respuesta al CELAM, el Papa les agradece todos los proyectos que est\u00e1n realizando por el bien de la Iglesia.","robots":{"index":"index","follow":"follow","max-snippet":"max-snippet:-1","max-image-preview":"max-image-preview:large","max-video-preview":"max-video-preview:-1"},"canonical":"https:\/\/exaudi.org\/es\/papa-celam-proyectos-bien-iglesia\/","og_locale":"es_ES","og_type":"article","og_title":"El Papa agradece al CELAM sus proyectos \u201cpor el bien de la Iglesia\u201d","og_description":"En una carta de respuesta al CELAM, el Papa les agradece todos los proyectos que est\u00e1n realizando por el bien de la Iglesia.","og_url":"https:\/\/exaudi.org\/es\/papa-celam-proyectos-bien-iglesia\/","og_site_name":"Exaudi","article_publisher":"https:\/\/www.facebook.com\/ExaudiNews","article_published_time":"2021-07-16T10:31:08+00:00","article_modified_time":"2021-07-19T09:09:40+00:00","og_image":[{"width":660,"height":371,"url":"https:\/\/exaudi.org\/wp-content\/uploads\/2021\/07\/Francisco-Mons-Cabrejos-ayer-viernes_2131296869_13682844_660x371.jpg","type":"image\/jpeg"}],"author":"Gabriel Sales","twitter_card":"summary_large_image","twitter_creator":"@habemusman","twitter_site":"@Exaudi_News","twitter_misc":{"Escrito por":"Gabriel Sales","Tiempo de lectura":"2 minutos"},"schema":{"@context":"https:\/\/schema.org","@graph":[{"@type":"Article","@id":"https:\/\/exaudi.org\/es\/papa-celam-proyectos-bien-iglesia\/#article","isPartOf":{"@id":"https:\/\/exaudi.org\/es\/papa-celam-proyectos-bien-iglesia\/"},"author":{"name":"Gabriel Sales","@id":"https:\/\/exaudi.org\/#\/schema\/person\/d134b96438278131ce90c90c03fda6cd"},"headline":"El Papa agradece al CELAM sus proyectos \u201cpor el bien de la Iglesia\u201d","datePublished":"2021-07-16T10:31:08+00:00","dateModified":"2021-07-19T09:09:40+00:00","mainEntityOfPage":{"@id":"https:\/\/exaudi.org\/es\/papa-celam-proyectos-bien-iglesia\/"},"wordCount":385,"image":{"@id":"https:\/\/exaudi.org\/es\/papa-celam-proyectos-bien-iglesia\/#primaryimage"},"thumbnailUrl":"https:\/\/exaudi.org\/wp-content\/uploads\/2021\/07\/Francisco-Mons-Cabrejos-ayer-viernes_2131296869_13682844_660x371.jpg","keywords":["carta","Consejo Episcopal Latinoamericano (CELAM)","Monse\u00f1or Miguel Cabrejos Vidarte","papa francisco"],"articleSection":["Le\u00f3n XIV"],"inLanguage":"es"},{"@type":"WebPage","@id":"https:\/\/exaudi.org\/es\/papa-celam-proyectos-bien-iglesia\/","url":"https:\/\/exaudi.org\/es\/papa-celam-proyectos-bien-iglesia\/","name":"El Papa agradece al CELAM sus proyectos \u201cpor el bien de la Iglesia\u201d","isPartOf":{"@id":"https:\/\/exaudi.org\/#website"},"primaryImageOfPage":{"@id":"https:\/\/exaudi.org\/es\/papa-celam-proyectos-bien-iglesia\/#primaryimage"},"image":{"@id":"https:\/\/exaudi.org\/es\/papa-celam-proyectos-bien-iglesia\/#primaryimage"},"thumbnailUrl":"https:\/\/exaudi.org\/wp-content\/uploads\/2021\/07\/Francisco-Mons-Cabrejos-ayer-viernes_2131296869_13682844_660x371.jpg","datePublished":"2021-07-16T10:31:08+00:00","dateModified":"2021-07-19T09:09:40+00:00","author":{"@id":"https:\/\/exaudi.org\/#\/schema\/person\/d134b96438278131ce90c90c03fda6cd"},"description":"En una carta de respuesta al CELAM, el Papa les agradece todos los proyectos que est\u00e1n realizando por el bien de la Iglesia.","breadcrumb":{"@id":"https:\/\/exaudi.org\/es\/papa-celam-proyectos-bien-iglesia\/#breadcrumb"},"inLanguage":"es","potentialAction":[{"@type":"ReadAction","target":["https:\/\/exaudi.org\/es\/papa-celam-proyectos-bien-iglesia\/"]}]},{"@type":"ImageObject","inLanguage":"es","@id":"https:\/\/exaudi.org\/es\/papa-celam-proyectos-bien-iglesia\/#primaryimage","url":"https:\/\/exaudi.org\/wp-content\/uploads\/2021\/07\/Francisco-Mons-Cabrejos-ayer-viernes_2131296869_13682844_660x371.jpg","contentUrl":"https:\/\/exaudi.org\/wp-content\/uploads\/2021\/07\/Francisco-Mons-Cabrejos-ayer-viernes_2131296869_13682844_660x371.jpg","width":660,"height":371,"caption":"El Papa Francisco saluda a Mons. Cabrejos, presidente del CELAM \u00a9 Vatican Media"},{"@type":"BreadcrumbList","@id":"https:\/\/exaudi.org\/es\/papa-celam-proyectos-bien-iglesia\/#breadcrumb","itemListElement":[{"@type":"ListItem","position":1,"name":"Portada","item":"https:\/\/exaudi.org\/es\/"},{"@type":"ListItem","position":2,"name":"El Papa agradece al CELAM sus proyectos \u201cpor el bien de la Iglesia\u201d"}]},{"@type":"WebSite","@id":"https:\/\/exaudi.org\/#website","url":"https:\/\/exaudi.org\/","name":"Exaudi","description":"News","potentialAction":[{"@type":"SearchAction","target":{"@type":"EntryPoint","urlTemplate":"https:\/\/exaudi.org\/?s={search_term_string}"},"query-input":{"@type":"PropertyValueSpecification","valueRequired":true,"valueName":"search_term_string"}}],"inLanguage":"es"},{"@type":"Person","@id":"https:\/\/exaudi.org\/#\/schema\/person\/d134b96438278131ce90c90c03fda6cd","name":"Gabriel Sales","image":{"@type":"ImageObject","inLanguage":"es","@id":"https:\/\/secure.gravatar.com\/avatar\/9b1269566f6a063ed26ffb3532b66a373cdde231ce5d0effb266167437fdaffd?s=96&d=mm&r=g","url":"https:\/\/secure.gravatar.com\/avatar\/9b1269566f6a063ed26ffb3532b66a373cdde231ce5d0effb266167437fdaffd?s=96&d=mm&r=g","contentUrl":"https:\/\/secure.gravatar.com\/avatar\/9b1269566f6a063ed26ffb3532b66a373cdde231ce5d0effb266167437fdaffd?s=96&d=mm&r=g","caption":"Gabriel Sales"},"description":"Periodista y especialista en Comunicaci\u00f3n y Branding digital. Cin\u00e9filo y cr\u00edtico de cine y series de televisi\u00f3n.","sameAs":["https:\/\/www.instagram.com\/cine90segundos\/","www.linkedin.com\/in\/habemusman","https:\/\/x.com\/habemusman","https:\/\/www.youtube.com\/channel\/UCVfCiOMkJ_C7T7OpyjuaLDg"],"url":"https:\/\/exaudi.org\/es\/author\/gsalesexaudi-org\/"}]}},"jetpack_featured_media_url":"https:\/\/exaudi.org\/wp-content\/uploads\/2021\/07\/Francisco-Mons-Cabrejos-ayer-viernes_2131296869_13682844_660x371.jpg","jetpack_shortlink":"https:\/\/wp.me\/pgKjF2-78E","_links":{"self":[{"href":"https:\/\/exaudi.org\/es\/wp-json\/wp\/v2\/posts\/27444","targetHints":{"allow":["GET"]}}],"collection":[{"href":"https:\/\/exaudi.org\/es\/wp-json\/wp\/v2\/posts"}],"about":[{"href":"https:\/\/exaudi.org\/es\/wp-json\/wp\/v2\/types\/post"}],"author":[{"embeddable":true,"href":"https:\/\/exaudi.org\/es\/wp-json\/wp\/v2\/users\/6"}],"replies":[{"embeddable":true,"href":"https:\/\/exaudi.org\/es\/wp-json\/wp\/v2\/comments?post=27444"}],"version-history":[{"count":0,"href":"https:\/\/exaudi.org\/es\/wp-json\/wp\/v2\/posts\/27444\/revisions"}],"wp:featuredmedia":[{"embeddable":true,"href":"https:\/\/exaudi.org\/es\/wp-json\/wp\/v2\/media\/27653"}],"wp:attachment":[{"href":"https:\/\/exaudi.org\/es\/wp-json\/wp\/v2\/media?parent=27444"}],"wp:term":[{"taxonomy":"category","embeddable":true,"href":"https:\/\/exaudi.org\/es\/wp-json\/wp\/v2\/categories?post=27444"},{"taxonomy":"post_tag","embeddable":true,"href":"https:\/\/exaudi.org\/es\/wp-json\/wp\/v2\/tags?post=27444"}],"curies":[{"name":"wp","href":"https:\/\/api.w.org\/{rel}","templated":true}]}}