{"id":27431,"date":"2021-07-16T11:19:08","date_gmt":"2021-07-16T09:19:08","guid":{"rendered":"https:\/\/exaudi.org\/?p=27431"},"modified":"2021-07-16T16:34:55","modified_gmt":"2021-07-16T14:34:55","slug":"goya-foods-verastegui-lucha-trafico-menores","status":"publish","type":"post","link":"https:\/\/exaudi.org\/es\/goya-foods-verastegui-lucha-trafico-menores\/","title":{"rendered":"Goya Foods y Ver\u00e1stegui contra el tr\u00e1fico de menores"},"content":{"rendered":"<p><em>Goya Foods<\/em>, compa\u00f1\u00eda de alimentos m\u00e1s grande de Estados Unidos, comunic\u00f3 el pasado mi\u00e9rcoles 14 de julio de 2021 en una conferencia de prensa su compromiso en la <a href=\"https:\/\/exaudi.org\/es\/guatemala-verastegui-lucha-contra-trata-menores\/\" target=\"_blank\" rel=\"noopener noreferrer\">lucha contra el tr\u00e1fico de menores<\/a> apoyando con dos millones de d\u00f3lares a la pel\u00edcula <em>Sound of Freedom <\/em>del director Eduardo Ver\u00e1stegui, adem\u00e1s del lanzamiento de la plataforma\u00a0<em>Goya Cares.<\/em><\/p>\n<p>Tal y como informa la propia compa\u00f1\u00eda de alimentos en una nota, tambi\u00e9n se sum\u00f3 activamente a esta lucha, en el mismo acto, el reconocido cient\u00edfico, escritor y pol\u00edtico Benjamin Solomon. Actualmente, son miles de ni\u00f1os, mujeres y hombres esclavos de la trata de personas tanto en M\u00e9xico (primer proveedor del mundo del tr\u00e1fico sexual de menores) como en EE.UU. (primer consumidor).<\/p>\n<h4><strong><em>Sound of Freedom<\/em><\/strong><\/h4>\n<p><img loading=\"lazy\" decoding=\"async\" class=\"alignleft size-medium wp-image-27435\" src=\"https:\/\/exaudi.org\/wp-content\/uploads\/2021\/07\/4-Carson-Goya-Verastegui-300x225.jpeg\" alt=\"Ver\u00e1stegui lucha tr\u00e1fico menores\" width=\"300\" height=\"225\" srcset=\"https:\/\/exaudi.org\/wp-content\/uploads\/2021\/07\/4-Carson-Goya-Verastegui-300x225.jpeg 300w, https:\/\/exaudi.org\/wp-content\/uploads\/2021\/07\/4-Carson-Goya-Verastegui-1024x768.jpeg 1024w, https:\/\/exaudi.org\/wp-content\/uploads\/2021\/07\/4-Carson-Goya-Verastegui-768x576.jpeg 768w, https:\/\/exaudi.org\/wp-content\/uploads\/2021\/07\/4-Carson-Goya-Verastegui-150x113.jpeg 150w, https:\/\/exaudi.org\/wp-content\/uploads\/2021\/07\/4-Carson-Goya-Verastegui-696x522.jpeg 696w, https:\/\/exaudi.org\/wp-content\/uploads\/2021\/07\/4-Carson-Goya-Verastegui-1068x801.jpeg 1068w, https:\/\/exaudi.org\/wp-content\/uploads\/2021\/07\/4-Carson-Goya-Verastegui-560x420.jpeg 560w, https:\/\/exaudi.org\/wp-content\/uploads\/2021\/07\/4-Carson-Goya-Verastegui-80x60.jpeg 80w, https:\/\/exaudi.org\/wp-content\/uploads\/2021\/07\/4-Carson-Goya-Verastegui-265x198.jpeg 265w, https:\/\/exaudi.org\/wp-content\/uploads\/2021\/07\/4-Carson-Goya-Verastegui.jpeg 1280w\" sizes=\"auto, (max-width: 300px) 100vw, 300px\" \/><\/p>\n<p><em>Goya Foods <\/em>describe que la frontera mutua entre ambos pa\u00edses es lugar de tr\u00e1fico infantil, tal como lo muestra la \u00faltima producci\u00f3n cinematogr\u00e1fica del realizador mexicano, actor y activista por los derechos humanos, fundador del Movimiento Viva M\u00e9xico, Eduardo Ver\u00e1stegui. La pel\u00edcula que apoyar\u00e1 la compa\u00f1\u00eda est\u00e1 basada en hechos reales, y arroja luz sobre la sombr\u00eda realidad del tr\u00e1fico sexual de ni\u00f1os y tiene como prop\u00f3sito crear conciencia sobre el grave problema del tr\u00e1fico de menores.<\/p>\n<p>\u201cValoramos profundamente esta acci\u00f3n y esta conciencia social de <em>Goya Foods.<\/em> Confiamos en generar por medio de la pel\u00edcula un movimiento global, donde cada persona que la vea quiera sumarse y jugar un papel importante en la lucha contra este mal\u201d, afirm\u00f3 Ver\u00e1stegui.<\/p>\n<p>De la totalidad de v\u00edctimas de toda edad, una de cada tres es un ni\u00f1o. En M\u00e9xico, desaparecen casi 60 ni\u00f1os y ni\u00f1as diariamente, destinados a este crimen. \u201cEl tr\u00e1fico de personas es la forma de esclavitud moderna m\u00e1s grande de nuestro tiempo y est\u00e1 en aumento. Este no es un problema pol\u00edtico, es un asunto humanitario. No podemos ignorar el sufrimiento y el trauma que experimentan estas personas y sus familias\u201d, subray\u00f3 Robert Unanue, presidente y CEO de <em>Goya Foods.<\/em><\/p>\n<p>\u201cQueremos eliminar este horrible acto de maldad llamando la atenci\u00f3n sobre este importante problema y apoyando a las organizaciones y personas que arriesgan sus vidas todos los d\u00edas para rescatar a las v\u00edctimas de la trata de personas\u201d, concluy\u00f3.<\/p>\n<p>Como parte de ese compromiso, la iniciativa global <em>Goya Cares<\/em> apoyar\u00e1 el lanzamiento de\u00a0<em>Sound of Freedom<\/em>\u00a0y trabajar\u00e1 directamente con organizaciones que combaten, rescatan, re\u00fanen a las familias y rehabilitan a las v\u00edctimas, incluidas <em>Freedom Foundation, The Eric Chase Foundation, The International Centre For Exploited and Missing Children, Catholic Churches of San Antonio, Hope Rising Texas<\/em> y muchas otras.<\/p>\n<h4><strong>Movimiento Viva M\u00e9xico<\/strong><\/h4>\n<p>Se trata de una asociaci\u00f3n de la sociedad civil, orientada a promover la participaci\u00f3n organizada de mexicanos y mexicanas a trav\u00e9s de distintas labores educativas, asistenciales y de desarrollo social, en acciones que mejoren sus propias condiciones de subsistencia, e impulsar la participaci\u00f3n ciudadana en asuntos de inter\u00e9s p\u00fablico. Entre sus programas de trabajo, se destacan los relacionados con la lucha contra la trata paa la explotaci\u00f3n sexual infantil, y la defensa de la vida en todas sus etapas de desarrollo.<\/p>\n<h4><strong><em>Sound of Freedom<\/em><\/strong><\/h4>\n<p><img loading=\"lazy\" decoding=\"async\" class=\"alignright size-medium wp-image-27438\" src=\"https:\/\/exaudi.org\/wp-content\/uploads\/2021\/07\/1-CARSON-UNANUE-VERASTEGUI-195x300.jpeg\" alt=\"\" width=\"195\" height=\"300\" srcset=\"https:\/\/exaudi.org\/wp-content\/uploads\/2021\/07\/1-CARSON-UNANUE-VERASTEGUI-195x300.jpeg 195w, https:\/\/exaudi.org\/wp-content\/uploads\/2021\/07\/1-CARSON-UNANUE-VERASTEGUI-667x1024.jpeg 667w, https:\/\/exaudi.org\/wp-content\/uploads\/2021\/07\/1-CARSON-UNANUE-VERASTEGUI-768x1179.jpeg 768w, https:\/\/exaudi.org\/wp-content\/uploads\/2021\/07\/1-CARSON-UNANUE-VERASTEGUI-1001x1536.jpeg 1001w, https:\/\/exaudi.org\/wp-content\/uploads\/2021\/07\/1-CARSON-UNANUE-VERASTEGUI-150x230.jpeg 150w, https:\/\/exaudi.org\/wp-content\/uploads\/2021\/07\/1-CARSON-UNANUE-VERASTEGUI-300x460.jpeg 300w, https:\/\/exaudi.org\/wp-content\/uploads\/2021\/07\/1-CARSON-UNANUE-VERASTEGUI-696x1068.jpeg 696w, https:\/\/exaudi.org\/wp-content\/uploads\/2021\/07\/1-CARSON-UNANUE-VERASTEGUI-1068x1639.jpeg 1068w, https:\/\/exaudi.org\/wp-content\/uploads\/2021\/07\/1-CARSON-UNANUE-VERASTEGUI-274x420.jpeg 274w, https:\/\/exaudi.org\/wp-content\/uploads\/2021\/07\/1-CARSON-UNANUE-VERASTEGUI.jpeg 1214w\" sizes=\"auto, (max-width: 195px) 100vw, 195px\" \/><\/p>\n<p>Es la historia ver\u00eddica de un hombre que arriesga todo para llevar un rayo de luz y esperanza a los rincones m\u00e1s ocultos de nuestro mundo, buscando salvar a ni\u00f1os encadenados en la oscuridad. Filme dirigido por Alejandro Monteverde <em>(Bella; Little Boy)<\/em> y protagonizado por Jim Caviezel (La Pasi\u00f3n de Cristo, El Conde de Montecristo), con la actuaci\u00f3n de Mira Sorvino (<em>Human Trafficking<\/em>, ganadora de un \u00d3scar y tres Globos de Oro).<\/p>\n<p>La m\u00fasica fue compuesta por Javier Navarrette (El laberinto del Fauno, nominado al \u00d3scar). Es posible ver el tr\u00e1iler aqu\u00ed: <a href=\"https:\/\/www.youtube.com\/watch?v=7oZE2nod4i0&amp;feature=youtu.be\" target=\"_blank\" rel=\"noopener noreferrer\">https:\/\/youtu.be\/7oZE2nod4i0<\/a>.<\/p>\n<h4><em><strong>Goya Foods<\/strong><\/em><\/h4>\n<p>Fundada en 1936, <em>Goya Foods, Inc.<\/em> es una compa\u00f1\u00eda que se ha posicionado como l\u00edder en alimentos y condimentos latinoamericanos. Goya produce, empaca y distribuye m\u00e1s de 2,500\u00a0productos alimenticios de alta calidad provenientes de Espa\u00f1a, el Caribe, M\u00e9xico y Centro y Sur Am\u00e9rica, con ra\u00edces en las tradiciones gastron\u00f3micas de las comunidades hispanas alrededor del mundo.<\/p>\n<p>La mezcla de ingredientes aut\u00e9nticos, sazones exquisitas y pr\u00e1cticas formas de preparaci\u00f3n hacen que los productos Goya sean ideales para todos los gustos y en todas las mesas.<\/p>\n","protected":false},"excerpt":{"rendered":"<p>Dona dos millones de d\u00f3lares a su nueva pel\u00edcula<\/p>\n","protected":false},"author":6,"featured_media":27432,"comment_status":"closed","ping_status":"closed","sticky":false,"template":"","format":"standard","meta":{"_acf_changed":false,"_crdt_document":"","inline_featured_image":false,"footnotes":""},"categories":[86,94,298],"tags":[544,3380,3379],"class_list":["post-27431","post","type-post","status-publish","format-standard","has-post-thumbnail","hentry","category-iglesia-local","category-justicia-y-paz","category-ultimas-noticias","tag-eduardo-verastegui","tag-goya-foods","tag-trafico-de-menores"],"acf":[],"yoast_head":"<!-- This site is optimized with the Yoast SEO plugin v27.5 - https:\/\/yoast.com\/product\/yoast-seo-wordpress\/ -->\n<title>Goya Foods y Ver\u00e1stegui contra el tr\u00e1fico de menores - Exaudi<\/title>\n<meta name=\"description\" content=\"La compa\u00f1\u00eda de alimentaci\u00f3n Goya Foods se ha unido a la lucha contra el tr\u00e1fico de menores donando dinero a la nueva pel\u00edcula de Ver\u00e1stegui.\" \/>\n<meta name=\"robots\" content=\"index, follow, max-snippet:-1, max-image-preview:large, max-video-preview:-1\" \/>\n<link rel=\"canonical\" href=\"https:\/\/exaudi.org\/es\/goya-foods-verastegui-lucha-trafico-menores\/\" \/>\n<meta property=\"og:locale\" content=\"es_ES\" \/>\n<meta property=\"og:type\" content=\"article\" \/>\n<meta property=\"og:title\" content=\"Goya Foods y Ver\u00e1stegui contra el tr\u00e1fico de menores - Exaudi\" \/>\n<meta property=\"og:description\" content=\"La compa\u00f1\u00eda de alimentaci\u00f3n Goya Foods se ha unido a la lucha contra el tr\u00e1fico de menores donando dinero a la nueva pel\u00edcula de Ver\u00e1stegui.\" \/>\n<meta property=\"og:url\" content=\"https:\/\/exaudi.org\/es\/goya-foods-verastegui-lucha-trafico-menores\/\" \/>\n<meta property=\"og:site_name\" content=\"Exaudi\" \/>\n<meta property=\"article:publisher\" content=\"https:\/\/www.facebook.com\/ExaudiNews\" \/>\n<meta property=\"article:published_time\" content=\"2021-07-16T09:19:08+00:00\" \/>\n<meta property=\"article:modified_time\" content=\"2021-07-16T14:34:55+00:00\" \/>\n<meta property=\"og:image\" content=\"https:\/\/exaudi.org\/wp-content\/uploads\/2021\/07\/12c312c3-2.jpeg\" \/>\n\t<meta property=\"og:image:width\" content=\"1245\" \/>\n\t<meta property=\"og:image:height\" content=\"917\" \/>\n\t<meta property=\"og:image:type\" content=\"image\/jpeg\" \/>\n<meta name=\"author\" content=\"Gabriel Sales\" \/>\n<meta name=\"twitter:card\" content=\"summary_large_image\" \/>\n<meta name=\"twitter:creator\" content=\"@habemusman\" \/>\n<meta name=\"twitter:site\" content=\"@Exaudi_News\" \/>\n<meta name=\"twitter:label1\" content=\"Escrito por\" \/>\n\t<meta name=\"twitter:data1\" content=\"Gabriel Sales\" \/>\n\t<meta name=\"twitter:label2\" content=\"Tiempo de lectura\" \/>\n\t<meta name=\"twitter:data2\" content=\"4 minutos\" \/>\n<script type=\"application\/ld+json\" class=\"yoast-schema-graph\">{\"@context\":\"https:\\\/\\\/schema.org\",\"@graph\":[{\"@type\":\"Article\",\"@id\":\"https:\\\/\\\/exaudi.org\\\/es\\\/goya-foods-verastegui-lucha-trafico-menores\\\/#article\",\"isPartOf\":{\"@id\":\"https:\\\/\\\/exaudi.org\\\/es\\\/goya-foods-verastegui-lucha-trafico-menores\\\/\"},\"author\":{\"name\":\"Gabriel Sales\",\"@id\":\"https:\\\/\\\/exaudi.org\\\/#\\\/schema\\\/person\\\/d134b96438278131ce90c90c03fda6cd\"},\"headline\":\"Goya Foods y Ver\u00e1stegui contra el tr\u00e1fico de menores\",\"datePublished\":\"2021-07-16T09:19:08+00:00\",\"dateModified\":\"2021-07-16T14:34:55+00:00\",\"mainEntityOfPage\":{\"@id\":\"https:\\\/\\\/exaudi.org\\\/es\\\/goya-foods-verastegui-lucha-trafico-menores\\\/\"},\"wordCount\":772,\"image\":{\"@id\":\"https:\\\/\\\/exaudi.org\\\/es\\\/goya-foods-verastegui-lucha-trafico-menores\\\/#primaryimage\"},\"thumbnailUrl\":\"https:\\\/\\\/exaudi.org\\\/wp-content\\\/uploads\\\/2021\\\/07\\\/12c312c3-2.jpeg\",\"keywords\":[\"Eduardo Ver\u00e1stegui\",\"Goya Foods\",\"Tr\u00e1fico de menores\"],\"articleSection\":[\"Iglesia Local\",\"Justicia y Paz\",\"\u00daltimas noticias\"],\"inLanguage\":\"es\"},{\"@type\":\"WebPage\",\"@id\":\"https:\\\/\\\/exaudi.org\\\/es\\\/goya-foods-verastegui-lucha-trafico-menores\\\/\",\"url\":\"https:\\\/\\\/exaudi.org\\\/es\\\/goya-foods-verastegui-lucha-trafico-menores\\\/\",\"name\":\"Goya Foods y Ver\u00e1stegui contra el tr\u00e1fico de menores - Exaudi\",\"isPartOf\":{\"@id\":\"https:\\\/\\\/exaudi.org\\\/#website\"},\"primaryImageOfPage\":{\"@id\":\"https:\\\/\\\/exaudi.org\\\/es\\\/goya-foods-verastegui-lucha-trafico-menores\\\/#primaryimage\"},\"image\":{\"@id\":\"https:\\\/\\\/exaudi.org\\\/es\\\/goya-foods-verastegui-lucha-trafico-menores\\\/#primaryimage\"},\"thumbnailUrl\":\"https:\\\/\\\/exaudi.org\\\/wp-content\\\/uploads\\\/2021\\\/07\\\/12c312c3-2.jpeg\",\"datePublished\":\"2021-07-16T09:19:08+00:00\",\"dateModified\":\"2021-07-16T14:34:55+00:00\",\"author\":{\"@id\":\"https:\\\/\\\/exaudi.org\\\/#\\\/schema\\\/person\\\/d134b96438278131ce90c90c03fda6cd\"},\"description\":\"La compa\u00f1\u00eda de alimentaci\u00f3n Goya Foods se ha unido a la lucha contra el tr\u00e1fico de menores donando dinero a la nueva pel\u00edcula de Ver\u00e1stegui.\",\"breadcrumb\":{\"@id\":\"https:\\\/\\\/exaudi.org\\\/es\\\/goya-foods-verastegui-lucha-trafico-menores\\\/#breadcrumb\"},\"inLanguage\":\"es\",\"potentialAction\":[{\"@type\":\"ReadAction\",\"target\":[\"https:\\\/\\\/exaudi.org\\\/es\\\/goya-foods-verastegui-lucha-trafico-menores\\\/\"]}]},{\"@type\":\"ImageObject\",\"inLanguage\":\"es\",\"@id\":\"https:\\\/\\\/exaudi.org\\\/es\\\/goya-foods-verastegui-lucha-trafico-menores\\\/#primaryimage\",\"url\":\"https:\\\/\\\/exaudi.org\\\/wp-content\\\/uploads\\\/2021\\\/07\\\/12c312c3-2.jpeg\",\"contentUrl\":\"https:\\\/\\\/exaudi.org\\\/wp-content\\\/uploads\\\/2021\\\/07\\\/12c312c3-2.jpeg\",\"width\":1245,\"height\":917,\"caption\":\"Eduardo Ver\u00e1stegui en los Goya Cares \u00a9 Goya Foods\"},{\"@type\":\"BreadcrumbList\",\"@id\":\"https:\\\/\\\/exaudi.org\\\/es\\\/goya-foods-verastegui-lucha-trafico-menores\\\/#breadcrumb\",\"itemListElement\":[{\"@type\":\"ListItem\",\"position\":1,\"name\":\"Portada\",\"item\":\"https:\\\/\\\/exaudi.org\\\/es\\\/\"},{\"@type\":\"ListItem\",\"position\":2,\"name\":\"Goya Foods y Ver\u00e1stegui contra el tr\u00e1fico de menores\"}]},{\"@type\":\"WebSite\",\"@id\":\"https:\\\/\\\/exaudi.org\\\/#website\",\"url\":\"https:\\\/\\\/exaudi.org\\\/\",\"name\":\"Exaudi\",\"description\":\"News\",\"potentialAction\":[{\"@type\":\"SearchAction\",\"target\":{\"@type\":\"EntryPoint\",\"urlTemplate\":\"https:\\\/\\\/exaudi.org\\\/?s={search_term_string}\"},\"query-input\":{\"@type\":\"PropertyValueSpecification\",\"valueRequired\":true,\"valueName\":\"search_term_string\"}}],\"inLanguage\":\"es\"},{\"@type\":\"Person\",\"@id\":\"https:\\\/\\\/exaudi.org\\\/#\\\/schema\\\/person\\\/d134b96438278131ce90c90c03fda6cd\",\"name\":\"Gabriel Sales\",\"image\":{\"@type\":\"ImageObject\",\"inLanguage\":\"es\",\"@id\":\"https:\\\/\\\/secure.gravatar.com\\\/avatar\\\/9b1269566f6a063ed26ffb3532b66a373cdde231ce5d0effb266167437fdaffd?s=96&d=mm&r=g\",\"url\":\"https:\\\/\\\/secure.gravatar.com\\\/avatar\\\/9b1269566f6a063ed26ffb3532b66a373cdde231ce5d0effb266167437fdaffd?s=96&d=mm&r=g\",\"contentUrl\":\"https:\\\/\\\/secure.gravatar.com\\\/avatar\\\/9b1269566f6a063ed26ffb3532b66a373cdde231ce5d0effb266167437fdaffd?s=96&d=mm&r=g\",\"caption\":\"Gabriel Sales\"},\"description\":\"Periodista y especialista en Comunicaci\u00f3n y Branding digital. Cin\u00e9filo y cr\u00edtico de cine y series de televisi\u00f3n.\",\"sameAs\":[\"https:\\\/\\\/www.instagram.com\\\/cine90segundos\\\/\",\"www.linkedin.com\\\/in\\\/habemusman\",\"https:\\\/\\\/x.com\\\/habemusman\",\"https:\\\/\\\/www.youtube.com\\\/channel\\\/UCVfCiOMkJ_C7T7OpyjuaLDg\"],\"url\":\"https:\\\/\\\/exaudi.org\\\/es\\\/author\\\/gsalesexaudi-org\\\/\"}]}<\/script>\n<!-- \/ Yoast SEO plugin. -->","yoast_head_json":{"title":"Goya Foods y Ver\u00e1stegui contra el tr\u00e1fico de menores - Exaudi","description":"La compa\u00f1\u00eda de alimentaci\u00f3n Goya Foods se ha unido a la lucha contra el tr\u00e1fico de menores donando dinero a la nueva pel\u00edcula de Ver\u00e1stegui.","robots":{"index":"index","follow":"follow","max-snippet":"max-snippet:-1","max-image-preview":"max-image-preview:large","max-video-preview":"max-video-preview:-1"},"canonical":"https:\/\/exaudi.org\/es\/goya-foods-verastegui-lucha-trafico-menores\/","og_locale":"es_ES","og_type":"article","og_title":"Goya Foods y Ver\u00e1stegui contra el tr\u00e1fico de menores - Exaudi","og_description":"La compa\u00f1\u00eda de alimentaci\u00f3n Goya Foods se ha unido a la lucha contra el tr\u00e1fico de menores donando dinero a la nueva pel\u00edcula de Ver\u00e1stegui.","og_url":"https:\/\/exaudi.org\/es\/goya-foods-verastegui-lucha-trafico-menores\/","og_site_name":"Exaudi","article_publisher":"https:\/\/www.facebook.com\/ExaudiNews","article_published_time":"2021-07-16T09:19:08+00:00","article_modified_time":"2021-07-16T14:34:55+00:00","og_image":[{"width":1245,"height":917,"url":"https:\/\/exaudi.org\/wp-content\/uploads\/2021\/07\/12c312c3-2.jpeg","type":"image\/jpeg"}],"author":"Gabriel Sales","twitter_card":"summary_large_image","twitter_creator":"@habemusman","twitter_site":"@Exaudi_News","twitter_misc":{"Escrito por":"Gabriel Sales","Tiempo de lectura":"4 minutos"},"schema":{"@context":"https:\/\/schema.org","@graph":[{"@type":"Article","@id":"https:\/\/exaudi.org\/es\/goya-foods-verastegui-lucha-trafico-menores\/#article","isPartOf":{"@id":"https:\/\/exaudi.org\/es\/goya-foods-verastegui-lucha-trafico-menores\/"},"author":{"name":"Gabriel Sales","@id":"https:\/\/exaudi.org\/#\/schema\/person\/d134b96438278131ce90c90c03fda6cd"},"headline":"Goya Foods y Ver\u00e1stegui contra el tr\u00e1fico de menores","datePublished":"2021-07-16T09:19:08+00:00","dateModified":"2021-07-16T14:34:55+00:00","mainEntityOfPage":{"@id":"https:\/\/exaudi.org\/es\/goya-foods-verastegui-lucha-trafico-menores\/"},"wordCount":772,"image":{"@id":"https:\/\/exaudi.org\/es\/goya-foods-verastegui-lucha-trafico-menores\/#primaryimage"},"thumbnailUrl":"https:\/\/exaudi.org\/wp-content\/uploads\/2021\/07\/12c312c3-2.jpeg","keywords":["Eduardo Ver\u00e1stegui","Goya Foods","Tr\u00e1fico de menores"],"articleSection":["Iglesia Local","Justicia y Paz","\u00daltimas noticias"],"inLanguage":"es"},{"@type":"WebPage","@id":"https:\/\/exaudi.org\/es\/goya-foods-verastegui-lucha-trafico-menores\/","url":"https:\/\/exaudi.org\/es\/goya-foods-verastegui-lucha-trafico-menores\/","name":"Goya Foods y Ver\u00e1stegui contra el tr\u00e1fico de menores - Exaudi","isPartOf":{"@id":"https:\/\/exaudi.org\/#website"},"primaryImageOfPage":{"@id":"https:\/\/exaudi.org\/es\/goya-foods-verastegui-lucha-trafico-menores\/#primaryimage"},"image":{"@id":"https:\/\/exaudi.org\/es\/goya-foods-verastegui-lucha-trafico-menores\/#primaryimage"},"thumbnailUrl":"https:\/\/exaudi.org\/wp-content\/uploads\/2021\/07\/12c312c3-2.jpeg","datePublished":"2021-07-16T09:19:08+00:00","dateModified":"2021-07-16T14:34:55+00:00","author":{"@id":"https:\/\/exaudi.org\/#\/schema\/person\/d134b96438278131ce90c90c03fda6cd"},"description":"La compa\u00f1\u00eda de alimentaci\u00f3n Goya Foods se ha unido a la lucha contra el tr\u00e1fico de menores donando dinero a la nueva pel\u00edcula de Ver\u00e1stegui.","breadcrumb":{"@id":"https:\/\/exaudi.org\/es\/goya-foods-verastegui-lucha-trafico-menores\/#breadcrumb"},"inLanguage":"es","potentialAction":[{"@type":"ReadAction","target":["https:\/\/exaudi.org\/es\/goya-foods-verastegui-lucha-trafico-menores\/"]}]},{"@type":"ImageObject","inLanguage":"es","@id":"https:\/\/exaudi.org\/es\/goya-foods-verastegui-lucha-trafico-menores\/#primaryimage","url":"https:\/\/exaudi.org\/wp-content\/uploads\/2021\/07\/12c312c3-2.jpeg","contentUrl":"https:\/\/exaudi.org\/wp-content\/uploads\/2021\/07\/12c312c3-2.jpeg","width":1245,"height":917,"caption":"Eduardo Ver\u00e1stegui en los Goya Cares \u00a9 Goya Foods"},{"@type":"BreadcrumbList","@id":"https:\/\/exaudi.org\/es\/goya-foods-verastegui-lucha-trafico-menores\/#breadcrumb","itemListElement":[{"@type":"ListItem","position":1,"name":"Portada","item":"https:\/\/exaudi.org\/es\/"},{"@type":"ListItem","position":2,"name":"Goya Foods y Ver\u00e1stegui contra el tr\u00e1fico de menores"}]},{"@type":"WebSite","@id":"https:\/\/exaudi.org\/#website","url":"https:\/\/exaudi.org\/","name":"Exaudi","description":"News","potentialAction":[{"@type":"SearchAction","target":{"@type":"EntryPoint","urlTemplate":"https:\/\/exaudi.org\/?s={search_term_string}"},"query-input":{"@type":"PropertyValueSpecification","valueRequired":true,"valueName":"search_term_string"}}],"inLanguage":"es"},{"@type":"Person","@id":"https:\/\/exaudi.org\/#\/schema\/person\/d134b96438278131ce90c90c03fda6cd","name":"Gabriel Sales","image":{"@type":"ImageObject","inLanguage":"es","@id":"https:\/\/secure.gravatar.com\/avatar\/9b1269566f6a063ed26ffb3532b66a373cdde231ce5d0effb266167437fdaffd?s=96&d=mm&r=g","url":"https:\/\/secure.gravatar.com\/avatar\/9b1269566f6a063ed26ffb3532b66a373cdde231ce5d0effb266167437fdaffd?s=96&d=mm&r=g","contentUrl":"https:\/\/secure.gravatar.com\/avatar\/9b1269566f6a063ed26ffb3532b66a373cdde231ce5d0effb266167437fdaffd?s=96&d=mm&r=g","caption":"Gabriel Sales"},"description":"Periodista y especialista en Comunicaci\u00f3n y Branding digital. Cin\u00e9filo y cr\u00edtico de cine y series de televisi\u00f3n.","sameAs":["https:\/\/www.instagram.com\/cine90segundos\/","www.linkedin.com\/in\/habemusman","https:\/\/x.com\/habemusman","https:\/\/www.youtube.com\/channel\/UCVfCiOMkJ_C7T7OpyjuaLDg"],"url":"https:\/\/exaudi.org\/es\/author\/gsalesexaudi-org\/"}]}},"jetpack_featured_media_url":"https:\/\/exaudi.org\/wp-content\/uploads\/2021\/07\/12c312c3-2.jpeg","jetpack_shortlink":"https:\/\/wp.me\/pgKjF2-78r","_links":{"self":[{"href":"https:\/\/exaudi.org\/es\/wp-json\/wp\/v2\/posts\/27431","targetHints":{"allow":["GET"]}}],"collection":[{"href":"https:\/\/exaudi.org\/es\/wp-json\/wp\/v2\/posts"}],"about":[{"href":"https:\/\/exaudi.org\/es\/wp-json\/wp\/v2\/types\/post"}],"author":[{"embeddable":true,"href":"https:\/\/exaudi.org\/es\/wp-json\/wp\/v2\/users\/6"}],"replies":[{"embeddable":true,"href":"https:\/\/exaudi.org\/es\/wp-json\/wp\/v2\/comments?post=27431"}],"version-history":[{"count":0,"href":"https:\/\/exaudi.org\/es\/wp-json\/wp\/v2\/posts\/27431\/revisions"}],"wp:featuredmedia":[{"embeddable":true,"href":"https:\/\/exaudi.org\/es\/wp-json\/wp\/v2\/media\/27432"}],"wp:attachment":[{"href":"https:\/\/exaudi.org\/es\/wp-json\/wp\/v2\/media?parent=27431"}],"wp:term":[{"taxonomy":"category","embeddable":true,"href":"https:\/\/exaudi.org\/es\/wp-json\/wp\/v2\/categories?post=27431"},{"taxonomy":"post_tag","embeddable":true,"href":"https:\/\/exaudi.org\/es\/wp-json\/wp\/v2\/tags?post=27431"}],"curies":[{"name":"wp","href":"https:\/\/api.w.org\/{rel}","templated":true}]}}