{"id":27289,"date":"2021-07-15T12:15:04","date_gmt":"2021-07-15T10:15:04","guid":{"rendered":"https:\/\/exaudi.org\/?p=27289"},"modified":"2021-07-15T12:15:04","modified_gmt":"2021-07-15T10:15:04","slug":"venezuela-papa-obispo-trujillo-2021","status":"publish","type":"post","link":"https:\/\/exaudi.org\/es\/venezuela-papa-obispo-trujillo-2021\/","title":{"rendered":"Venezuela: El Papa nombra al obispo de Trujillo"},"content":{"rendered":"<p>El <a href=\"https:\/\/exaudi.org\/es\/papa-regresa-vaticano\/\" target=\"_blank\" rel=\"noopener noreferrer\">Papa Francisco<\/a> ha nombrado obispo de Trujillo, Venezuela, a monse\u00f1or Jos\u00e9 Trinidad Fern\u00e1ndez Angulo, hasta ahora prelado titular de Cerenza y auxiliar de Caracas. De esta manera ha informado la <a href=\"https:\/\/www.vatican.va\/news_services\/press\/index_sp.htm\" target=\"_blank\" rel=\"noopener noreferrer\">Oficina de Prensa de la Santa Sede<\/a> hoy, jueves 15 de julio de 2021.<\/p>\n<h4><strong>Mons. Jos\u00e9 Trinidad Fern\u00e1ndez Angulo<\/strong><\/h4>\n<p>Naci\u00f3 el 24 de mayo de 1964 en M\u00e9rida, en la archidi\u00f3cesis metropolitana del mismo nombre, donde tambi\u00e9n fue ordenado sacerdote el 30 de julio de 1989.\u00a0Tras completar sus estudios en el Seminario Menor de la archidi\u00f3cesis metropolitana de M\u00e9rida, pas\u00f3 al Seminario Mayor para cursar los tres a\u00f1os de Filosof\u00eda. Estudi\u00f3 Teolog\u00eda en el Instituto Universitario Eclesi\u00e1stico Santo Tom\u00e1s de Aquino\u00a0de la di\u00f3cesis de San Crist\u00f3bal. Se licenci\u00f3 en Filosof\u00eda en la\u00a0Pontificia Universidad Gregoriana\u00a0de Roma.<\/p>\n<p>En la archidi\u00f3cesis metropolitana de M\u00e9rida ha sido profesor del Seminario Menor, asesor archidiocesano de Juventud y Vocaciones, director de estudios del Seminario Mayor y vicerrector del mismo.\u00a0En la archidi\u00f3cesis metropolitana de Caracas fue vicerrector del Seminario San Jos\u00e9,\u00a0vicerrector de Filosof\u00eda del\u00a0Seminario Mayor Santa Rosa de Lima, director de Investigaci\u00f3n de la Universidad\u00a0Santa Rosa de Lima\u00a0y formador, vicerrector y rector del Seminario Mayor Santa Rosa de Lima.<\/p>\n<p>El 17 de abril de 2014 fue nombrado obispo titular de Cerenza y obispo auxiliar de Caracas. Recibi\u00f3 la ordenaci\u00f3n episcopal el 6 de julio siguiente. Desde enero de 2018 es secretario general de la Conferencia Episcopal Venezolana.<\/p>\n","protected":false},"excerpt":{"rendered":"<p>Mons. Jos\u00e9 Trinidad Fern\u00e1ndez Angulo<\/p>\n","protected":false},"author":15,"featured_media":27291,"comment_status":"closed","ping_status":"closed","sticky":false,"template":"","format":"standard","meta":{"_acf_changed":false,"_crdt_document":"","inline_featured_image":false,"footnotes":""},"categories":[86,298],"tags":[3350,3349,787,966],"class_list":["post-27289","post","type-post","status-publish","format-standard","has-post-thumbnail","hentry","category-iglesia-local","category-ultimas-noticias","tag-diocesis-de-trujillo","tag-monsenor-jose-trinidad-fernandez-angulo","tag-nombramientos","tag-venezuela"],"acf":[],"yoast_head":"<!-- This site is optimized with the Yoast SEO plugin v27.5 - https:\/\/yoast.com\/product\/yoast-seo-wordpress\/ -->\n<title>Venezuela: El Papa nombra al obispo de Trujillo &#8211; Exaudi<\/title>\n<meta name=\"description\" content=\"El Papa ha nombrado obispo de Trujillo, Venezuela, a monse\u00f1or Jos\u00e9 Trinidad Fern\u00e1ndez Angulo, hasta ahora prelado titular de Cerenza.\" \/>\n<meta name=\"robots\" content=\"index, follow, max-snippet:-1, max-image-preview:large, max-video-preview:-1\" \/>\n<link rel=\"canonical\" href=\"https:\/\/exaudi.org\/es\/venezuela-papa-obispo-trujillo-2021\/\" \/>\n<meta property=\"og:locale\" content=\"es_ES\" \/>\n<meta property=\"og:type\" content=\"article\" \/>\n<meta property=\"og:title\" content=\"Venezuela: El Papa nombra al obispo de Trujillo &#8211; Exaudi\" \/>\n<meta property=\"og:description\" content=\"El Papa ha nombrado obispo de Trujillo, Venezuela, a monse\u00f1or Jos\u00e9 Trinidad Fern\u00e1ndez Angulo, hasta ahora prelado titular de Cerenza.\" \/>\n<meta property=\"og:url\" content=\"https:\/\/exaudi.org\/es\/venezuela-papa-obispo-trujillo-2021\/\" \/>\n<meta property=\"og:site_name\" content=\"Exaudi\" \/>\n<meta property=\"article:publisher\" content=\"https:\/\/www.facebook.com\/ExaudiNews\" \/>\n<meta property=\"article:author\" content=\"https:\/\/www.facebook.com\/ExaudiNoticias\/\" \/>\n<meta property=\"article:published_time\" content=\"2021-07-15T10:15:04+00:00\" \/>\n<meta property=\"og:image\" content=\"https:\/\/exaudi.org\/wp-content\/uploads\/2021\/07\/1c2312c3.png\" \/>\n\t<meta property=\"og:image:width\" content=\"1080\" \/>\n\t<meta property=\"og:image:height\" content=\"786\" \/>\n\t<meta property=\"og:image:type\" content=\"image\/png\" \/>\n<meta name=\"author\" content=\"Exaudi Redacci\u00f3n\" \/>\n<meta name=\"twitter:card\" content=\"summary_large_image\" \/>\n<meta name=\"twitter:creator\" content=\"@Exaudi_noticias\" \/>\n<meta name=\"twitter:site\" content=\"@Exaudi_News\" \/>\n<meta name=\"twitter:label1\" content=\"Escrito por\" \/>\n\t<meta name=\"twitter:data1\" content=\"Exaudi Redacci\u00f3n\" \/>\n\t<meta name=\"twitter:label2\" content=\"Tiempo de lectura\" \/>\n\t<meta name=\"twitter:data2\" content=\"2 minutos\" \/>\n<script type=\"application\/ld+json\" class=\"yoast-schema-graph\">{\"@context\":\"https:\\\/\\\/schema.org\",\"@graph\":[{\"@type\":\"Article\",\"@id\":\"https:\\\/\\\/exaudi.org\\\/es\\\/venezuela-papa-obispo-trujillo-2021\\\/#article\",\"isPartOf\":{\"@id\":\"https:\\\/\\\/exaudi.org\\\/es\\\/venezuela-papa-obispo-trujillo-2021\\\/\"},\"author\":{\"name\":\"Exaudi Redacci\u00f3n\",\"@id\":\"https:\\\/\\\/exaudi.org\\\/#\\\/schema\\\/person\\\/f5fc8f063065e38742da7afe15f25df7\"},\"headline\":\"Venezuela: El Papa nombra al obispo de Trujillo\",\"datePublished\":\"2021-07-15T10:15:04+00:00\",\"mainEntityOfPage\":{\"@id\":\"https:\\\/\\\/exaudi.org\\\/es\\\/venezuela-papa-obispo-trujillo-2021\\\/\"},\"wordCount\":260,\"image\":{\"@id\":\"https:\\\/\\\/exaudi.org\\\/es\\\/venezuela-papa-obispo-trujillo-2021\\\/#primaryimage\"},\"thumbnailUrl\":\"https:\\\/\\\/exaudi.org\\\/wp-content\\\/uploads\\\/2021\\\/07\\\/1c2312c3.png\",\"keywords\":[\"Di\u00f3cesis de Trujillo\",\"Monse\u00f1or Jos\u00e9 Trinidad Fern\u00e1ndez Angulo\",\"nombramientos\",\"Venezuela\"],\"articleSection\":[\"Iglesia Local\",\"\u00daltimas noticias\"],\"inLanguage\":\"es\"},{\"@type\":\"WebPage\",\"@id\":\"https:\\\/\\\/exaudi.org\\\/es\\\/venezuela-papa-obispo-trujillo-2021\\\/\",\"url\":\"https:\\\/\\\/exaudi.org\\\/es\\\/venezuela-papa-obispo-trujillo-2021\\\/\",\"name\":\"Venezuela: El Papa nombra al obispo de Trujillo &#8211; Exaudi\",\"isPartOf\":{\"@id\":\"https:\\\/\\\/exaudi.org\\\/#website\"},\"primaryImageOfPage\":{\"@id\":\"https:\\\/\\\/exaudi.org\\\/es\\\/venezuela-papa-obispo-trujillo-2021\\\/#primaryimage\"},\"image\":{\"@id\":\"https:\\\/\\\/exaudi.org\\\/es\\\/venezuela-papa-obispo-trujillo-2021\\\/#primaryimage\"},\"thumbnailUrl\":\"https:\\\/\\\/exaudi.org\\\/wp-content\\\/uploads\\\/2021\\\/07\\\/1c2312c3.png\",\"datePublished\":\"2021-07-15T10:15:04+00:00\",\"author\":{\"@id\":\"https:\\\/\\\/exaudi.org\\\/#\\\/schema\\\/person\\\/f5fc8f063065e38742da7afe15f25df7\"},\"description\":\"El Papa ha nombrado obispo de Trujillo, Venezuela, a monse\u00f1or Jos\u00e9 Trinidad Fern\u00e1ndez Angulo, hasta ahora prelado titular de Cerenza.\",\"breadcrumb\":{\"@id\":\"https:\\\/\\\/exaudi.org\\\/es\\\/venezuela-papa-obispo-trujillo-2021\\\/#breadcrumb\"},\"inLanguage\":\"es\",\"potentialAction\":[{\"@type\":\"ReadAction\",\"target\":[\"https:\\\/\\\/exaudi.org\\\/es\\\/venezuela-papa-obispo-trujillo-2021\\\/\"]}]},{\"@type\":\"ImageObject\",\"inLanguage\":\"es\",\"@id\":\"https:\\\/\\\/exaudi.org\\\/es\\\/venezuela-papa-obispo-trujillo-2021\\\/#primaryimage\",\"url\":\"https:\\\/\\\/exaudi.org\\\/wp-content\\\/uploads\\\/2021\\\/07\\\/1c2312c3.png\",\"contentUrl\":\"https:\\\/\\\/exaudi.org\\\/wp-content\\\/uploads\\\/2021\\\/07\\\/1c2312c3.png\",\"width\":1080,\"height\":786,\"caption\":\"Mons. Trinidad Fern\u00e1ndez \u00a9 CEV\"},{\"@type\":\"BreadcrumbList\",\"@id\":\"https:\\\/\\\/exaudi.org\\\/es\\\/venezuela-papa-obispo-trujillo-2021\\\/#breadcrumb\",\"itemListElement\":[{\"@type\":\"ListItem\",\"position\":1,\"name\":\"Portada\",\"item\":\"https:\\\/\\\/exaudi.org\\\/es\\\/\"},{\"@type\":\"ListItem\",\"position\":2,\"name\":\"Venezuela: El Papa nombra al obispo de Trujillo\"}]},{\"@type\":\"WebSite\",\"@id\":\"https:\\\/\\\/exaudi.org\\\/#website\",\"url\":\"https:\\\/\\\/exaudi.org\\\/\",\"name\":\"Exaudi\",\"description\":\"News\",\"potentialAction\":[{\"@type\":\"SearchAction\",\"target\":{\"@type\":\"EntryPoint\",\"urlTemplate\":\"https:\\\/\\\/exaudi.org\\\/?s={search_term_string}\"},\"query-input\":{\"@type\":\"PropertyValueSpecification\",\"valueRequired\":true,\"valueName\":\"search_term_string\"}}],\"inLanguage\":\"es\"},{\"@type\":\"Person\",\"@id\":\"https:\\\/\\\/exaudi.org\\\/#\\\/schema\\\/person\\\/f5fc8f063065e38742da7afe15f25df7\",\"name\":\"Exaudi Redacci\u00f3n\",\"image\":{\"@type\":\"ImageObject\",\"inLanguage\":\"es\",\"@id\":\"https:\\\/\\\/secure.gravatar.com\\\/avatar\\\/fe0f6a059fb68d9b3e11bc5850dd4899b1c7492091a3cb6dd9b01b56ad828be2?s=96&d=mm&r=g\",\"url\":\"https:\\\/\\\/secure.gravatar.com\\\/avatar\\\/fe0f6a059fb68d9b3e11bc5850dd4899b1c7492091a3cb6dd9b01b56ad828be2?s=96&d=mm&r=g\",\"contentUrl\":\"https:\\\/\\\/secure.gravatar.com\\\/avatar\\\/fe0f6a059fb68d9b3e11bc5850dd4899b1c7492091a3cb6dd9b01b56ad828be2?s=96&d=mm&r=g\",\"caption\":\"Exaudi Redacci\u00f3n\"},\"description\":\"\u00bfQu\u00e9 es Exaudi News? Exaudi News es un medio de comunicaci\u00f3n cat\u00f3lico internacional que informa, forma y transforma, diariamente en espa\u00f1ol, ingl\u00e9s e italiano. A trav\u00e9s de noticias, art\u00edculos de an\u00e1lisis y transmisiones en directo de los eventos del Papa, Exaudi busca fortalecer la unidad de los cristianos y contribuir a la evangelizaci\u00f3n del mundo, siempre guiados por la doctrina social de la Iglesia. Trabajamos para acercar la verdad y los valores cristianos a cada rinc\u00f3n del planeta. \u00a1Ay\u00fadanos a transformar el mundo con Exaudi! En Exaudi creemos que la evangelizaci\u00f3n y la informaci\u00f3n de calidad pueden cambiar vidas. Para continuar con nuestra misi\u00f3n y expandir nuestro alcance, necesitamos tu ayuda. Adem\u00e1s, buscamos personas comprometidas que deseen unirse a nuestro equipo. Con tu apoyo, lograremos llegar a m\u00e1s personas, difundir el mensaje de Cristo y reforzar la unidad de los cristianos. \u00bfTe unes a nuestra misi\u00f3n? Para m\u00e1s informaci\u00f3n sobre c\u00f3mo colaborar, visita Exaudi.org\\\/es o cont\u00e1ctanos directamente: info@exaudi.org Exaudi: Informa, forma y transforma.\",\"sameAs\":[\"https:\\\/\\\/www.facebook.com\\\/ExaudiNoticias\\\/\",\"https:\\\/\\\/www.instagram.com\\\/exaudi_noticias\\\/\",\"https:\\\/\\\/x.com\\\/Exaudi_noticias\",\"https:\\\/\\\/www.youtube.com\\\/@exaudicatholicnews\"],\"url\":\"https:\\\/\\\/exaudi.org\\\/es\\\/author\\\/redaccionexaudi\\\/\"}]}<\/script>\n<!-- \/ Yoast SEO plugin. -->","yoast_head_json":{"title":"Venezuela: El Papa nombra al obispo de Trujillo &#8211; Exaudi","description":"El Papa ha nombrado obispo de Trujillo, Venezuela, a monse\u00f1or Jos\u00e9 Trinidad Fern\u00e1ndez Angulo, hasta ahora prelado titular de Cerenza.","robots":{"index":"index","follow":"follow","max-snippet":"max-snippet:-1","max-image-preview":"max-image-preview:large","max-video-preview":"max-video-preview:-1"},"canonical":"https:\/\/exaudi.org\/es\/venezuela-papa-obispo-trujillo-2021\/","og_locale":"es_ES","og_type":"article","og_title":"Venezuela: El Papa nombra al obispo de Trujillo &#8211; Exaudi","og_description":"El Papa ha nombrado obispo de Trujillo, Venezuela, a monse\u00f1or Jos\u00e9 Trinidad Fern\u00e1ndez Angulo, hasta ahora prelado titular de Cerenza.","og_url":"https:\/\/exaudi.org\/es\/venezuela-papa-obispo-trujillo-2021\/","og_site_name":"Exaudi","article_publisher":"https:\/\/www.facebook.com\/ExaudiNews","article_author":"https:\/\/www.facebook.com\/ExaudiNoticias\/","article_published_time":"2021-07-15T10:15:04+00:00","og_image":[{"width":1080,"height":786,"url":"https:\/\/exaudi.org\/wp-content\/uploads\/2021\/07\/1c2312c3.png","type":"image\/png"}],"author":"Exaudi Redacci\u00f3n","twitter_card":"summary_large_image","twitter_creator":"@Exaudi_noticias","twitter_site":"@Exaudi_News","twitter_misc":{"Escrito por":"Exaudi Redacci\u00f3n","Tiempo de lectura":"2 minutos"},"schema":{"@context":"https:\/\/schema.org","@graph":[{"@type":"Article","@id":"https:\/\/exaudi.org\/es\/venezuela-papa-obispo-trujillo-2021\/#article","isPartOf":{"@id":"https:\/\/exaudi.org\/es\/venezuela-papa-obispo-trujillo-2021\/"},"author":{"name":"Exaudi Redacci\u00f3n","@id":"https:\/\/exaudi.org\/#\/schema\/person\/f5fc8f063065e38742da7afe15f25df7"},"headline":"Venezuela: El Papa nombra al obispo de Trujillo","datePublished":"2021-07-15T10:15:04+00:00","mainEntityOfPage":{"@id":"https:\/\/exaudi.org\/es\/venezuela-papa-obispo-trujillo-2021\/"},"wordCount":260,"image":{"@id":"https:\/\/exaudi.org\/es\/venezuela-papa-obispo-trujillo-2021\/#primaryimage"},"thumbnailUrl":"https:\/\/exaudi.org\/wp-content\/uploads\/2021\/07\/1c2312c3.png","keywords":["Di\u00f3cesis de Trujillo","Monse\u00f1or Jos\u00e9 Trinidad Fern\u00e1ndez Angulo","nombramientos","Venezuela"],"articleSection":["Iglesia Local","\u00daltimas noticias"],"inLanguage":"es"},{"@type":"WebPage","@id":"https:\/\/exaudi.org\/es\/venezuela-papa-obispo-trujillo-2021\/","url":"https:\/\/exaudi.org\/es\/venezuela-papa-obispo-trujillo-2021\/","name":"Venezuela: El Papa nombra al obispo de Trujillo &#8211; Exaudi","isPartOf":{"@id":"https:\/\/exaudi.org\/#website"},"primaryImageOfPage":{"@id":"https:\/\/exaudi.org\/es\/venezuela-papa-obispo-trujillo-2021\/#primaryimage"},"image":{"@id":"https:\/\/exaudi.org\/es\/venezuela-papa-obispo-trujillo-2021\/#primaryimage"},"thumbnailUrl":"https:\/\/exaudi.org\/wp-content\/uploads\/2021\/07\/1c2312c3.png","datePublished":"2021-07-15T10:15:04+00:00","author":{"@id":"https:\/\/exaudi.org\/#\/schema\/person\/f5fc8f063065e38742da7afe15f25df7"},"description":"El Papa ha nombrado obispo de Trujillo, Venezuela, a monse\u00f1or Jos\u00e9 Trinidad Fern\u00e1ndez Angulo, hasta ahora prelado titular de Cerenza.","breadcrumb":{"@id":"https:\/\/exaudi.org\/es\/venezuela-papa-obispo-trujillo-2021\/#breadcrumb"},"inLanguage":"es","potentialAction":[{"@type":"ReadAction","target":["https:\/\/exaudi.org\/es\/venezuela-papa-obispo-trujillo-2021\/"]}]},{"@type":"ImageObject","inLanguage":"es","@id":"https:\/\/exaudi.org\/es\/venezuela-papa-obispo-trujillo-2021\/#primaryimage","url":"https:\/\/exaudi.org\/wp-content\/uploads\/2021\/07\/1c2312c3.png","contentUrl":"https:\/\/exaudi.org\/wp-content\/uploads\/2021\/07\/1c2312c3.png","width":1080,"height":786,"caption":"Mons. Trinidad Fern\u00e1ndez \u00a9 CEV"},{"@type":"BreadcrumbList","@id":"https:\/\/exaudi.org\/es\/venezuela-papa-obispo-trujillo-2021\/#breadcrumb","itemListElement":[{"@type":"ListItem","position":1,"name":"Portada","item":"https:\/\/exaudi.org\/es\/"},{"@type":"ListItem","position":2,"name":"Venezuela: El Papa nombra al obispo de Trujillo"}]},{"@type":"WebSite","@id":"https:\/\/exaudi.org\/#website","url":"https:\/\/exaudi.org\/","name":"Exaudi","description":"News","potentialAction":[{"@type":"SearchAction","target":{"@type":"EntryPoint","urlTemplate":"https:\/\/exaudi.org\/?s={search_term_string}"},"query-input":{"@type":"PropertyValueSpecification","valueRequired":true,"valueName":"search_term_string"}}],"inLanguage":"es"},{"@type":"Person","@id":"https:\/\/exaudi.org\/#\/schema\/person\/f5fc8f063065e38742da7afe15f25df7","name":"Exaudi Redacci\u00f3n","image":{"@type":"ImageObject","inLanguage":"es","@id":"https:\/\/secure.gravatar.com\/avatar\/fe0f6a059fb68d9b3e11bc5850dd4899b1c7492091a3cb6dd9b01b56ad828be2?s=96&d=mm&r=g","url":"https:\/\/secure.gravatar.com\/avatar\/fe0f6a059fb68d9b3e11bc5850dd4899b1c7492091a3cb6dd9b01b56ad828be2?s=96&d=mm&r=g","contentUrl":"https:\/\/secure.gravatar.com\/avatar\/fe0f6a059fb68d9b3e11bc5850dd4899b1c7492091a3cb6dd9b01b56ad828be2?s=96&d=mm&r=g","caption":"Exaudi Redacci\u00f3n"},"description":"\u00bfQu\u00e9 es Exaudi News? Exaudi News es un medio de comunicaci\u00f3n cat\u00f3lico internacional que informa, forma y transforma, diariamente en espa\u00f1ol, ingl\u00e9s e italiano. A trav\u00e9s de noticias, art\u00edculos de an\u00e1lisis y transmisiones en directo de los eventos del Papa, Exaudi busca fortalecer la unidad de los cristianos y contribuir a la evangelizaci\u00f3n del mundo, siempre guiados por la doctrina social de la Iglesia. Trabajamos para acercar la verdad y los valores cristianos a cada rinc\u00f3n del planeta. \u00a1Ay\u00fadanos a transformar el mundo con Exaudi! En Exaudi creemos que la evangelizaci\u00f3n y la informaci\u00f3n de calidad pueden cambiar vidas. Para continuar con nuestra misi\u00f3n y expandir nuestro alcance, necesitamos tu ayuda. Adem\u00e1s, buscamos personas comprometidas que deseen unirse a nuestro equipo. Con tu apoyo, lograremos llegar a m\u00e1s personas, difundir el mensaje de Cristo y reforzar la unidad de los cristianos. \u00bfTe unes a nuestra misi\u00f3n? Para m\u00e1s informaci\u00f3n sobre c\u00f3mo colaborar, visita Exaudi.org\/es o cont\u00e1ctanos directamente: info@exaudi.org Exaudi: Informa, forma y transforma.","sameAs":["https:\/\/www.facebook.com\/ExaudiNoticias\/","https:\/\/www.instagram.com\/exaudi_noticias\/","https:\/\/x.com\/Exaudi_noticias","https:\/\/www.youtube.com\/@exaudicatholicnews"],"url":"https:\/\/exaudi.org\/es\/author\/redaccionexaudi\/"}]}},"jetpack_featured_media_url":"https:\/\/exaudi.org\/wp-content\/uploads\/2021\/07\/1c2312c3.png","jetpack_shortlink":"https:\/\/wp.me\/pgKjF2-769","_links":{"self":[{"href":"https:\/\/exaudi.org\/es\/wp-json\/wp\/v2\/posts\/27289","targetHints":{"allow":["GET"]}}],"collection":[{"href":"https:\/\/exaudi.org\/es\/wp-json\/wp\/v2\/posts"}],"about":[{"href":"https:\/\/exaudi.org\/es\/wp-json\/wp\/v2\/types\/post"}],"author":[{"embeddable":true,"href":"https:\/\/exaudi.org\/es\/wp-json\/wp\/v2\/users\/15"}],"replies":[{"embeddable":true,"href":"https:\/\/exaudi.org\/es\/wp-json\/wp\/v2\/comments?post=27289"}],"version-history":[{"count":0,"href":"https:\/\/exaudi.org\/es\/wp-json\/wp\/v2\/posts\/27289\/revisions"}],"wp:featuredmedia":[{"embeddable":true,"href":"https:\/\/exaudi.org\/es\/wp-json\/wp\/v2\/media\/27291"}],"wp:attachment":[{"href":"https:\/\/exaudi.org\/es\/wp-json\/wp\/v2\/media?parent=27289"}],"wp:term":[{"taxonomy":"category","embeddable":true,"href":"https:\/\/exaudi.org\/es\/wp-json\/wp\/v2\/categories?post=27289"},{"taxonomy":"post_tag","embeddable":true,"href":"https:\/\/exaudi.org\/es\/wp-json\/wp\/v2\/tags?post=27289"}],"curies":[{"name":"wp","href":"https:\/\/api.w.org\/{rel}","templated":true}]}}