{"id":2719,"date":"2021-03-01T15:16:53","date_gmt":"2021-03-01T15:16:53","guid":{"rendered":"https:\/\/exaudi.org\/?p=2719"},"modified":"2021-03-03T11:07:17","modified_gmt":"2021-03-03T11:07:17","slug":"benedicto-xvi-renuncia-conciencia","status":"publish","type":"post","link":"https:\/\/exaudi.org\/es\/benedicto-xvi-renuncia-conciencia\/","title":{"rendered":"Benedicto XVI: Su renuncia, una decisi\u00f3n tomada \u201cen plena conciencia\u201d"},"content":{"rendered":"<p>Benedicto XVI recuerda que el momento de su renuncia \u201cfue una decisi\u00f3n dif\u00edcil, pero la tom\u00e9 en plena conciencia y creo que hice bien\u201d en una entrevista concedida al peri\u00f3dico italiano <a href=\"https:\/\/www.corriere.it\/\" target=\"_blank\" rel=\"noopener\"><em>Corriere della Sera<\/em><\/a> publicada hoy, 1 de marzo de 2021. A lo largo de la misma, el papa em\u00e9rito reiter\u00f3 tambi\u00e9n: \u201cNo hay dos papas. El Papa es uno solo\u201d.<\/p>\n<p>Ayer, 28 de febrero, se cumpli\u00f3 el octavo aniversario desde que se hizo efectiva la renuncia al pontificado de Benedicto XVI, anunciada el 11 de febrero de 2013. De este modo, Joseph Ratzinger se convirti\u00f3 en el primer pont\u00edfice que renunciaba a su cargo de sucesor de Pedro en casi 600 a\u00f1os.<\/p>\n<p>\u201cAlgunos de mis amigos algo \u2018fan\u00e1ticos\u2019 siguen enfadados, no han querido aceptar mi decisi\u00f3n. Pienso en las teor\u00edas conspirativas que le siguieron: algunos dec\u00edan que era por el esc\u00e1ndalo Vatileaks, otros que era por un complot del lobby gay, otros que era por el caso del te\u00f3logo conservador lefebvriano Richard Williamson\u201d, explica el papa em\u00e9rito.<\/p>\n<p>\u201cNo quieren creer en una decisi\u00f3n tomada conscientemente. Pero tengo la conciencia tranquila\u201d, concluye sobre el asunto.<\/p>\n<h4><strong>Viaje a Irak y cardenal Basetti<\/strong><\/h4>\n<p>Asimismo, el papa em\u00e9rito habla sobre la pr\u00f3xima visita, <a href=\"https:\/\/exaudi.org\/es\/programa-logo-viaje-papa-irak\/\" target=\"_blank\" rel=\"noopener\">del 5 al 8 de marzo de 2021<\/a>, de Francisco a Irak: \u201cCreo que es un viaje muy importante. Desgraciadamente, cae en un momento muy dif\u00edcil que tambi\u00e9n lo convierte en un viaje peligroso: por razones de seguridad y por el Covid. Y luego est\u00e1 la inestable situaci\u00f3n iraqu\u00ed. Acompa\u00f1ar\u00e9 a Francisco con mi oraci\u00f3n\u201d.<\/p>\n<p>A lo largo de la entrevista, Benedicto XVI, que ya ha sido vacunado del coronavirus junto con el Papa Francisco, se refiri\u00f3 al presidente de la Conferencia Episcopal Italiana, el cardenal Gualtiero Bassetti, ya recuperado tras una larga batalla contra la COVID-19: \u201cAcabo de verle de nuevo y me ha dicho que ahora est\u00e1 mucho mejor. Lo encontr\u00e9 bien\u201d.<\/p>\n","protected":false},"excerpt":{"rendered":"<p>Entrevista en &#8216;Corriere de la Sera&#8217;<\/p>\n","protected":false},"author":5,"featured_media":2720,"comment_status":"closed","ping_status":"closed","sticky":false,"template":"","format":"standard","meta":{"_acf_changed":false,"_crdt_document":"","inline_featured_image":false,"footnotes":""},"categories":[142,132],"tags":[515,393,516],"class_list":["post-2719","post","type-post","status-publish","format-standard","has-post-thumbnail","hentry","category-papas","category-vaticano-es","tag-benedicto-xvi","tag-entrevista","tag-italia"],"acf":[],"yoast_head":"<!-- This site is optimized with the Yoast SEO plugin v27.5 - https:\/\/yoast.com\/product\/yoast-seo-wordpress\/ -->\n<title>Benedicto XVI: Su renuncia, una decisi\u00f3n tomada \u201cen plena conciencia\u201d &#8211; Exaudi<\/title>\n<meta name=\"description\" content=\"Benedicto XVI recuerda el momento de su renuncia \u201cfue una decisi\u00f3n dif\u00edcil, pero la tom\u00e9 en plena conciencia y creo que hice bien\u201d\" \/>\n<meta name=\"robots\" content=\"index, follow, max-snippet:-1, max-image-preview:large, max-video-preview:-1\" \/>\n<link rel=\"canonical\" href=\"https:\/\/exaudi.org\/es\/benedicto-xvi-renuncia-conciencia\/\" \/>\n<meta property=\"og:locale\" content=\"es_ES\" \/>\n<meta property=\"og:type\" content=\"article\" \/>\n<meta property=\"og:title\" content=\"Benedicto XVI: Su renuncia, una decisi\u00f3n tomada \u201cen plena conciencia\u201d &#8211; Exaudi\" \/>\n<meta property=\"og:description\" content=\"Benedicto XVI recuerda el momento de su renuncia \u201cfue una decisi\u00f3n dif\u00edcil, pero la tom\u00e9 en plena conciencia y creo que hice bien\u201d\" \/>\n<meta property=\"og:url\" content=\"https:\/\/exaudi.org\/es\/benedicto-xvi-renuncia-conciencia\/\" \/>\n<meta property=\"og:site_name\" content=\"Exaudi\" \/>\n<meta property=\"article:publisher\" content=\"https:\/\/www.facebook.com\/ExaudiNews\" \/>\n<meta property=\"article:published_time\" content=\"2021-03-01T15:16:53+00:00\" \/>\n<meta property=\"article:modified_time\" content=\"2021-03-03T11:07:17+00:00\" \/>\n<meta property=\"og:image\" content=\"https:\/\/exaudi.org\/wp-content\/uploads\/2021\/03\/Saludo-entre-el-papa-Benedicto-XVI-y-el-Papa-Francisco-1.jpg\" \/>\n\t<meta property=\"og:image:width\" content=\"2000\" \/>\n\t<meta property=\"og:image:height\" content=\"1334\" \/>\n\t<meta property=\"og:image:type\" content=\"image\/jpeg\" \/>\n<meta name=\"author\" content=\"Larissa I. L\u00f3pez\" \/>\n<meta name=\"twitter:card\" content=\"summary_large_image\" \/>\n<meta name=\"twitter:creator\" content=\"@Exaudi_News\" \/>\n<meta name=\"twitter:site\" content=\"@Exaudi_News\" \/>\n<meta name=\"twitter:label1\" content=\"Escrito por\" \/>\n\t<meta name=\"twitter:data1\" content=\"Larissa I. L\u00f3pez\" \/>\n\t<meta name=\"twitter:label2\" content=\"Tiempo de lectura\" \/>\n\t<meta name=\"twitter:data2\" content=\"2 minutos\" \/>\n<script type=\"application\/ld+json\" class=\"yoast-schema-graph\">{\"@context\":\"https:\\\/\\\/schema.org\",\"@graph\":[{\"@type\":\"Article\",\"@id\":\"https:\\\/\\\/exaudi.org\\\/es\\\/benedicto-xvi-renuncia-conciencia\\\/#article\",\"isPartOf\":{\"@id\":\"https:\\\/\\\/exaudi.org\\\/es\\\/benedicto-xvi-renuncia-conciencia\\\/\"},\"author\":{\"name\":\"Larissa I. L\u00f3pez\",\"@id\":\"https:\\\/\\\/exaudi.org\\\/#\\\/schema\\\/person\\\/7d2f77db033c2c0929edfab6dbe8c588\"},\"headline\":\"Benedicto XVI: Su renuncia, una decisi\u00f3n tomada \u201cen plena conciencia\u201d\",\"datePublished\":\"2021-03-01T15:16:53+00:00\",\"dateModified\":\"2021-03-03T11:07:17+00:00\",\"mainEntityOfPage\":{\"@id\":\"https:\\\/\\\/exaudi.org\\\/es\\\/benedicto-xvi-renuncia-conciencia\\\/\"},\"wordCount\":338,\"image\":{\"@id\":\"https:\\\/\\\/exaudi.org\\\/es\\\/benedicto-xvi-renuncia-conciencia\\\/#primaryimage\"},\"thumbnailUrl\":\"https:\\\/\\\/exaudi.org\\\/wp-content\\\/uploads\\\/2021\\\/03\\\/Saludo-entre-el-papa-Benedicto-XVI-y-el-Papa-Francisco-1.jpg\",\"keywords\":[\"Benedicto XVI\",\"Entrevista\",\"Italia\"],\"articleSection\":[\"Papas\",\"Vaticano\"],\"inLanguage\":\"es\"},{\"@type\":\"WebPage\",\"@id\":\"https:\\\/\\\/exaudi.org\\\/es\\\/benedicto-xvi-renuncia-conciencia\\\/\",\"url\":\"https:\\\/\\\/exaudi.org\\\/es\\\/benedicto-xvi-renuncia-conciencia\\\/\",\"name\":\"Benedicto XVI: Su renuncia, una decisi\u00f3n tomada \u201cen plena conciencia\u201d &#8211; Exaudi\",\"isPartOf\":{\"@id\":\"https:\\\/\\\/exaudi.org\\\/#website\"},\"primaryImageOfPage\":{\"@id\":\"https:\\\/\\\/exaudi.org\\\/es\\\/benedicto-xvi-renuncia-conciencia\\\/#primaryimage\"},\"image\":{\"@id\":\"https:\\\/\\\/exaudi.org\\\/es\\\/benedicto-xvi-renuncia-conciencia\\\/#primaryimage\"},\"thumbnailUrl\":\"https:\\\/\\\/exaudi.org\\\/wp-content\\\/uploads\\\/2021\\\/03\\\/Saludo-entre-el-papa-Benedicto-XVI-y-el-Papa-Francisco-1.jpg\",\"datePublished\":\"2021-03-01T15:16:53+00:00\",\"dateModified\":\"2021-03-03T11:07:17+00:00\",\"author\":{\"@id\":\"https:\\\/\\\/exaudi.org\\\/#\\\/schema\\\/person\\\/7d2f77db033c2c0929edfab6dbe8c588\"},\"description\":\"Benedicto XVI recuerda el momento de su renuncia \u201cfue una decisi\u00f3n dif\u00edcil, pero la tom\u00e9 en plena conciencia y creo que hice bien\u201d\",\"breadcrumb\":{\"@id\":\"https:\\\/\\\/exaudi.org\\\/es\\\/benedicto-xvi-renuncia-conciencia\\\/#breadcrumb\"},\"inLanguage\":\"es\",\"potentialAction\":[{\"@type\":\"ReadAction\",\"target\":[\"https:\\\/\\\/exaudi.org\\\/es\\\/benedicto-xvi-renuncia-conciencia\\\/\"]}]},{\"@type\":\"ImageObject\",\"inLanguage\":\"es\",\"@id\":\"https:\\\/\\\/exaudi.org\\\/es\\\/benedicto-xvi-renuncia-conciencia\\\/#primaryimage\",\"url\":\"https:\\\/\\\/exaudi.org\\\/wp-content\\\/uploads\\\/2021\\\/03\\\/Saludo-entre-el-papa-Benedicto-XVI-y-el-Papa-Francisco-1.jpg\",\"contentUrl\":\"https:\\\/\\\/exaudi.org\\\/wp-content\\\/uploads\\\/2021\\\/03\\\/Saludo-entre-el-papa-Benedicto-XVI-y-el-Papa-Francisco-1.jpg\",\"width\":2000,\"height\":1334,\"caption\":\"Saludo entre el papa Benedicto XVI y el Papa Francisco \u00a9 Vatican Media\"},{\"@type\":\"BreadcrumbList\",\"@id\":\"https:\\\/\\\/exaudi.org\\\/es\\\/benedicto-xvi-renuncia-conciencia\\\/#breadcrumb\",\"itemListElement\":[{\"@type\":\"ListItem\",\"position\":1,\"name\":\"Portada\",\"item\":\"https:\\\/\\\/exaudi.org\\\/es\\\/\"},{\"@type\":\"ListItem\",\"position\":2,\"name\":\"Benedicto XVI: Su renuncia, una decisi\u00f3n tomada \u201cen plena conciencia\u201d\"}]},{\"@type\":\"WebSite\",\"@id\":\"https:\\\/\\\/exaudi.org\\\/#website\",\"url\":\"https:\\\/\\\/exaudi.org\\\/\",\"name\":\"Exaudi\",\"description\":\"News\",\"potentialAction\":[{\"@type\":\"SearchAction\",\"target\":{\"@type\":\"EntryPoint\",\"urlTemplate\":\"https:\\\/\\\/exaudi.org\\\/?s={search_term_string}\"},\"query-input\":{\"@type\":\"PropertyValueSpecification\",\"valueRequired\":true,\"valueName\":\"search_term_string\"}}],\"inLanguage\":\"es\"},{\"@type\":\"Person\",\"@id\":\"https:\\\/\\\/exaudi.org\\\/#\\\/schema\\\/person\\\/7d2f77db033c2c0929edfab6dbe8c588\",\"name\":\"Larissa I. L\u00f3pez\",\"image\":{\"@type\":\"ImageObject\",\"inLanguage\":\"es\",\"@id\":\"https:\\\/\\\/secure.gravatar.com\\\/avatar\\\/db3ef399ff343d0bb9d25dc5198bc8ece5ac6d621eca79876697a354dabc1e3f?s=96&d=mm&r=g\",\"url\":\"https:\\\/\\\/secure.gravatar.com\\\/avatar\\\/db3ef399ff343d0bb9d25dc5198bc8ece5ac6d621eca79876697a354dabc1e3f?s=96&d=mm&r=g\",\"contentUrl\":\"https:\\\/\\\/secure.gravatar.com\\\/avatar\\\/db3ef399ff343d0bb9d25dc5198bc8ece5ac6d621eca79876697a354dabc1e3f?s=96&d=mm&r=g\",\"caption\":\"Larissa I. L\u00f3pez\"},\"description\":\"Doctora en Comunicaci\u00f3n. Mi trayectoria profesional ha transcurrido entre el \u00e1mbito de la comunicaci\u00f3n y el de la docencia. En los \u00faltimos a\u00f1os, he trabajado como coordinadora y redactora de la edici\u00f3n de ZENIT en espa\u00f1ol. Como profesora, he impartido clases en la universidad y en centros de FP y bachillerato. Cordobesa de nacimiento, tambi\u00e9n he vivido en Sevilla, Madrid y Roma\",\"url\":\"https:\\\/\\\/exaudi.org\\\/es\\\/author\\\/llopezexaudi-org\\\/\"}]}<\/script>\n<!-- \/ Yoast SEO plugin. -->","yoast_head_json":{"title":"Benedicto XVI: Su renuncia, una decisi\u00f3n tomada \u201cen plena conciencia\u201d &#8211; Exaudi","description":"Benedicto XVI recuerda el momento de su renuncia \u201cfue una decisi\u00f3n dif\u00edcil, pero la tom\u00e9 en plena conciencia y creo que hice bien\u201d","robots":{"index":"index","follow":"follow","max-snippet":"max-snippet:-1","max-image-preview":"max-image-preview:large","max-video-preview":"max-video-preview:-1"},"canonical":"https:\/\/exaudi.org\/es\/benedicto-xvi-renuncia-conciencia\/","og_locale":"es_ES","og_type":"article","og_title":"Benedicto XVI: Su renuncia, una decisi\u00f3n tomada \u201cen plena conciencia\u201d &#8211; Exaudi","og_description":"Benedicto XVI recuerda el momento de su renuncia \u201cfue una decisi\u00f3n dif\u00edcil, pero la tom\u00e9 en plena conciencia y creo que hice bien\u201d","og_url":"https:\/\/exaudi.org\/es\/benedicto-xvi-renuncia-conciencia\/","og_site_name":"Exaudi","article_publisher":"https:\/\/www.facebook.com\/ExaudiNews","article_published_time":"2021-03-01T15:16:53+00:00","article_modified_time":"2021-03-03T11:07:17+00:00","og_image":[{"width":2000,"height":1334,"url":"https:\/\/exaudi.org\/wp-content\/uploads\/2021\/03\/Saludo-entre-el-papa-Benedicto-XVI-y-el-Papa-Francisco-1.jpg","type":"image\/jpeg"}],"author":"Larissa I. L\u00f3pez","twitter_card":"summary_large_image","twitter_creator":"@Exaudi_News","twitter_site":"@Exaudi_News","twitter_misc":{"Escrito por":"Larissa I. L\u00f3pez","Tiempo de lectura":"2 minutos"},"schema":{"@context":"https:\/\/schema.org","@graph":[{"@type":"Article","@id":"https:\/\/exaudi.org\/es\/benedicto-xvi-renuncia-conciencia\/#article","isPartOf":{"@id":"https:\/\/exaudi.org\/es\/benedicto-xvi-renuncia-conciencia\/"},"author":{"name":"Larissa I. L\u00f3pez","@id":"https:\/\/exaudi.org\/#\/schema\/person\/7d2f77db033c2c0929edfab6dbe8c588"},"headline":"Benedicto XVI: Su renuncia, una decisi\u00f3n tomada \u201cen plena conciencia\u201d","datePublished":"2021-03-01T15:16:53+00:00","dateModified":"2021-03-03T11:07:17+00:00","mainEntityOfPage":{"@id":"https:\/\/exaudi.org\/es\/benedicto-xvi-renuncia-conciencia\/"},"wordCount":338,"image":{"@id":"https:\/\/exaudi.org\/es\/benedicto-xvi-renuncia-conciencia\/#primaryimage"},"thumbnailUrl":"https:\/\/exaudi.org\/wp-content\/uploads\/2021\/03\/Saludo-entre-el-papa-Benedicto-XVI-y-el-Papa-Francisco-1.jpg","keywords":["Benedicto XVI","Entrevista","Italia"],"articleSection":["Papas","Vaticano"],"inLanguage":"es"},{"@type":"WebPage","@id":"https:\/\/exaudi.org\/es\/benedicto-xvi-renuncia-conciencia\/","url":"https:\/\/exaudi.org\/es\/benedicto-xvi-renuncia-conciencia\/","name":"Benedicto XVI: Su renuncia, una decisi\u00f3n tomada \u201cen plena conciencia\u201d &#8211; Exaudi","isPartOf":{"@id":"https:\/\/exaudi.org\/#website"},"primaryImageOfPage":{"@id":"https:\/\/exaudi.org\/es\/benedicto-xvi-renuncia-conciencia\/#primaryimage"},"image":{"@id":"https:\/\/exaudi.org\/es\/benedicto-xvi-renuncia-conciencia\/#primaryimage"},"thumbnailUrl":"https:\/\/exaudi.org\/wp-content\/uploads\/2021\/03\/Saludo-entre-el-papa-Benedicto-XVI-y-el-Papa-Francisco-1.jpg","datePublished":"2021-03-01T15:16:53+00:00","dateModified":"2021-03-03T11:07:17+00:00","author":{"@id":"https:\/\/exaudi.org\/#\/schema\/person\/7d2f77db033c2c0929edfab6dbe8c588"},"description":"Benedicto XVI recuerda el momento de su renuncia \u201cfue una decisi\u00f3n dif\u00edcil, pero la tom\u00e9 en plena conciencia y creo que hice bien\u201d","breadcrumb":{"@id":"https:\/\/exaudi.org\/es\/benedicto-xvi-renuncia-conciencia\/#breadcrumb"},"inLanguage":"es","potentialAction":[{"@type":"ReadAction","target":["https:\/\/exaudi.org\/es\/benedicto-xvi-renuncia-conciencia\/"]}]},{"@type":"ImageObject","inLanguage":"es","@id":"https:\/\/exaudi.org\/es\/benedicto-xvi-renuncia-conciencia\/#primaryimage","url":"https:\/\/exaudi.org\/wp-content\/uploads\/2021\/03\/Saludo-entre-el-papa-Benedicto-XVI-y-el-Papa-Francisco-1.jpg","contentUrl":"https:\/\/exaudi.org\/wp-content\/uploads\/2021\/03\/Saludo-entre-el-papa-Benedicto-XVI-y-el-Papa-Francisco-1.jpg","width":2000,"height":1334,"caption":"Saludo entre el papa Benedicto XVI y el Papa Francisco \u00a9 Vatican Media"},{"@type":"BreadcrumbList","@id":"https:\/\/exaudi.org\/es\/benedicto-xvi-renuncia-conciencia\/#breadcrumb","itemListElement":[{"@type":"ListItem","position":1,"name":"Portada","item":"https:\/\/exaudi.org\/es\/"},{"@type":"ListItem","position":2,"name":"Benedicto XVI: Su renuncia, una decisi\u00f3n tomada \u201cen plena conciencia\u201d"}]},{"@type":"WebSite","@id":"https:\/\/exaudi.org\/#website","url":"https:\/\/exaudi.org\/","name":"Exaudi","description":"News","potentialAction":[{"@type":"SearchAction","target":{"@type":"EntryPoint","urlTemplate":"https:\/\/exaudi.org\/?s={search_term_string}"},"query-input":{"@type":"PropertyValueSpecification","valueRequired":true,"valueName":"search_term_string"}}],"inLanguage":"es"},{"@type":"Person","@id":"https:\/\/exaudi.org\/#\/schema\/person\/7d2f77db033c2c0929edfab6dbe8c588","name":"Larissa I. L\u00f3pez","image":{"@type":"ImageObject","inLanguage":"es","@id":"https:\/\/secure.gravatar.com\/avatar\/db3ef399ff343d0bb9d25dc5198bc8ece5ac6d621eca79876697a354dabc1e3f?s=96&d=mm&r=g","url":"https:\/\/secure.gravatar.com\/avatar\/db3ef399ff343d0bb9d25dc5198bc8ece5ac6d621eca79876697a354dabc1e3f?s=96&d=mm&r=g","contentUrl":"https:\/\/secure.gravatar.com\/avatar\/db3ef399ff343d0bb9d25dc5198bc8ece5ac6d621eca79876697a354dabc1e3f?s=96&d=mm&r=g","caption":"Larissa I. L\u00f3pez"},"description":"Doctora en Comunicaci\u00f3n. Mi trayectoria profesional ha transcurrido entre el \u00e1mbito de la comunicaci\u00f3n y el de la docencia. En los \u00faltimos a\u00f1os, he trabajado como coordinadora y redactora de la edici\u00f3n de ZENIT en espa\u00f1ol. Como profesora, he impartido clases en la universidad y en centros de FP y bachillerato. Cordobesa de nacimiento, tambi\u00e9n he vivido en Sevilla, Madrid y Roma","url":"https:\/\/exaudi.org\/es\/author\/llopezexaudi-org\/"}]}},"jetpack_featured_media_url":"https:\/\/exaudi.org\/wp-content\/uploads\/2021\/03\/Saludo-entre-el-papa-Benedicto-XVI-y-el-Papa-Francisco-1.jpg","jetpack_shortlink":"https:\/\/wp.me\/pgKjF2-HR","_links":{"self":[{"href":"https:\/\/exaudi.org\/es\/wp-json\/wp\/v2\/posts\/2719","targetHints":{"allow":["GET"]}}],"collection":[{"href":"https:\/\/exaudi.org\/es\/wp-json\/wp\/v2\/posts"}],"about":[{"href":"https:\/\/exaudi.org\/es\/wp-json\/wp\/v2\/types\/post"}],"author":[{"embeddable":true,"href":"https:\/\/exaudi.org\/es\/wp-json\/wp\/v2\/users\/5"}],"replies":[{"embeddable":true,"href":"https:\/\/exaudi.org\/es\/wp-json\/wp\/v2\/comments?post=2719"}],"version-history":[{"count":0,"href":"https:\/\/exaudi.org\/es\/wp-json\/wp\/v2\/posts\/2719\/revisions"}],"wp:featuredmedia":[{"embeddable":true,"href":"https:\/\/exaudi.org\/es\/wp-json\/wp\/v2\/media\/2720"}],"wp:attachment":[{"href":"https:\/\/exaudi.org\/es\/wp-json\/wp\/v2\/media?parent=2719"}],"wp:term":[{"taxonomy":"category","embeddable":true,"href":"https:\/\/exaudi.org\/es\/wp-json\/wp\/v2\/categories?post=2719"},{"taxonomy":"post_tag","embeddable":true,"href":"https:\/\/exaudi.org\/es\/wp-json\/wp\/v2\/tags?post=2719"}],"curies":[{"name":"wp","href":"https:\/\/api.w.org\/{rel}","templated":true}]}}