{"id":26990,"date":"2021-07-13T14:56:29","date_gmt":"2021-07-13T12:56:29","guid":{"rendered":"https:\/\/exaudi.org\/?p=26990"},"modified":"2021-07-15T09:08:59","modified_gmt":"2021-07-15T07:08:59","slug":"irak-pesame-papa-incendio-hospital-nassiriya","status":"publish","type":"post","link":"https:\/\/exaudi.org\/es\/irak-pesame-papa-incendio-hospital-nassiriya\/","title":{"rendered":"Irak: P\u00e9same del Papa por incendio en Nassiriya"},"content":{"rendered":"<p>El <a href=\"https:\/\/exaudi.org\/es\/papa-rehabilitacion-volver-lo-antes-posible\/\" target=\"_blank\" rel=\"noopener noreferrer\">Papa Francisco<\/a> ha enviado un telegrama, con firma del <a href=\"https:\/\/www.vatican.va\/roman_curia\/secretariat_state\/index_sp.htm\" target=\"_blank\" rel=\"noopener noreferrer\">secretario de Estado vaticano<\/a> Pietro Parolin, al nuncio apost\u00f3lico de Irak, Mitja Leskovar, para expresar su p\u00e9same por las v\u00edctimas del incendio ocurrido ayer, lunes 12 de julio de 2021, en el hospital <em>Imam Hussein<\/em> de la ciudad iraqu\u00ed de Nassiriya.<\/p>\n<p>En el documento, el cardenal Parolin destaca que \u201cSu Santidad el Papa Francisco asegura su cercan\u00eda espiritual a todos los afectados por el tr\u00e1gico incendio en la sala de aislamiento COVID del hospital al-Hussein de Nasiriyah\u201d. Profundamente entristecido, sigue, \u201creza especialmente por los fallecidos y por el consuelo de sus familiares y amigos que lloran su p\u00e9rdida\u201d, e invoca bendiciones de Dios para \u201clos pacientes, el personal y los cuidadores\u201d.<\/p>\n<h4><strong>Sucesos<\/strong><\/h4>\n<p>Seg\u00fan ha informado la agencia de noticas EuropaPress, son ya 64 personas declaradas fallecidas por el incendio en el hospital iraqu\u00ed. Entre los fallecidos hay siete trabajadores sanitarios, seg\u00fan una fuente m\u00e9dica citada por la agencia oficial de noticias nacional: \u201cLa cifra de muertos por el incendio del centro de aislamiento en el Hospital Iman Husein aument\u00f3 a 64 y 50 heridos\u201d.<\/p>\n<p>El Ministerio del Interior ha dicho que ha logrado controlar el incendio, ocurrido en una sala con decenas de pacientes positivos en coronavirus, mientras que la direcci\u00f3n de Salud del gobierno provincial ha declarado que la causa del incidente ha sido el uso incorrecto de bombas de ox\u00edgeno. El primer ministro ha anunciado el inicio de una investigaci\u00f3n y la declaraci\u00f3n de duelo oficial en el pa\u00eds.<\/p>\n<p>En esta l\u00ednea, el Gobierno provincial ha declarado el estado de emergencia y ha convocado a todos los doctores licenciados para atender a las v\u00edctimas del incendio. El pasado abril, Irak sufri\u00f3 otro incendio en el Hospital Ibn Jatib de Bagdad\u00a0que dej\u00f3 un balance de 130 y cuya causa se relacion\u00f3 con la explosi\u00f3n de una bombona de ox\u00edgeno en una de las unidades de cuidados intensivos del hospital, en el que estaban ingresados decenas de pacientes de coronavirus.<\/p>\n","protected":false},"excerpt":{"rendered":"<p>Telegrama al nuncio apost\u00f3lico Mitja Leskovar<\/p>\n","protected":false},"author":6,"featured_media":26992,"comment_status":"closed","ping_status":"closed","sticky":false,"template":"","format":"standard","meta":{"_acf_changed":false,"_crdt_document":"","inline_featured_image":false,"footnotes":""},"categories":[68,298],"tags":[3311,395,158,315],"class_list":["post-26990","post","type-post","status-publish","format-standard","has-post-thumbnail","hentry","category-leon-xiv","category-ultimas-noticias","tag-incendio","tag-irak","tag-papa-francisco","tag-telegrama"],"acf":[],"yoast_head":"<!-- This site is optimized with the Yoast SEO plugin v27.5 - https:\/\/yoast.com\/product\/yoast-seo-wordpress\/ -->\n<title>Irak: P\u00e9same del Papa por incendio en Nassiriya - Exaudi<\/title>\n<meta name=\"description\" content=\"Con firma del cardenal Parolin, el Papa ha enviado un telegrama de p\u00e9same por las v\u00edctimas del incendio en el hospital de Nassiriya , Irak.\" \/>\n<meta name=\"robots\" content=\"index, follow, max-snippet:-1, max-image-preview:large, max-video-preview:-1\" \/>\n<link rel=\"canonical\" href=\"https:\/\/exaudi.org\/es\/irak-pesame-papa-incendio-hospital-nassiriya\/\" \/>\n<meta property=\"og:locale\" content=\"es_ES\" \/>\n<meta property=\"og:type\" content=\"article\" \/>\n<meta property=\"og:title\" content=\"Irak: P\u00e9same del Papa por incendio en Nassiriya - Exaudi\" \/>\n<meta property=\"og:description\" content=\"Con firma del cardenal Parolin, el Papa ha enviado un telegrama de p\u00e9same por las v\u00edctimas del incendio en el hospital de Nassiriya , Irak.\" \/>\n<meta property=\"og:url\" content=\"https:\/\/exaudi.org\/es\/irak-pesame-papa-incendio-hospital-nassiriya\/\" \/>\n<meta property=\"og:site_name\" content=\"Exaudi\" \/>\n<meta property=\"article:publisher\" content=\"https:\/\/www.facebook.com\/ExaudiNews\" \/>\n<meta property=\"article:published_time\" content=\"2021-07-13T12:56:29+00:00\" \/>\n<meta property=\"article:modified_time\" content=\"2021-07-15T07:08:59+00:00\" \/>\n<meta property=\"og:image\" content=\"https:\/\/exaudi.org\/wp-content\/uploads\/2021\/07\/123c12c-1.jpeg\" \/>\n\t<meta property=\"og:image:width\" content=\"727\" \/>\n\t<meta property=\"og:image:height\" content=\"409\" \/>\n\t<meta property=\"og:image:type\" content=\"image\/jpeg\" \/>\n<meta name=\"author\" content=\"Gabriel Sales\" \/>\n<meta name=\"twitter:card\" content=\"summary_large_image\" \/>\n<meta name=\"twitter:creator\" content=\"@habemusman\" \/>\n<meta name=\"twitter:site\" content=\"@Exaudi_News\" \/>\n<meta name=\"twitter:label1\" content=\"Escrito por\" \/>\n\t<meta name=\"twitter:data1\" content=\"Gabriel Sales\" \/>\n\t<meta name=\"twitter:label2\" content=\"Tiempo de lectura\" \/>\n\t<meta name=\"twitter:data2\" content=\"2 minutos\" \/>\n<script type=\"application\/ld+json\" class=\"yoast-schema-graph\">{\"@context\":\"https:\\\/\\\/schema.org\",\"@graph\":[{\"@type\":\"Article\",\"@id\":\"https:\\\/\\\/exaudi.org\\\/es\\\/irak-pesame-papa-incendio-hospital-nassiriya\\\/#article\",\"isPartOf\":{\"@id\":\"https:\\\/\\\/exaudi.org\\\/es\\\/irak-pesame-papa-incendio-hospital-nassiriya\\\/\"},\"author\":{\"name\":\"Gabriel Sales\",\"@id\":\"https:\\\/\\\/exaudi.org\\\/#\\\/schema\\\/person\\\/d134b96438278131ce90c90c03fda6cd\"},\"headline\":\"Irak: P\u00e9same del Papa por incendio en Nassiriya\",\"datePublished\":\"2021-07-13T12:56:29+00:00\",\"dateModified\":\"2021-07-15T07:08:59+00:00\",\"mainEntityOfPage\":{\"@id\":\"https:\\\/\\\/exaudi.org\\\/es\\\/irak-pesame-papa-incendio-hospital-nassiriya\\\/\"},\"wordCount\":352,\"image\":{\"@id\":\"https:\\\/\\\/exaudi.org\\\/es\\\/irak-pesame-papa-incendio-hospital-nassiriya\\\/#primaryimage\"},\"thumbnailUrl\":\"https:\\\/\\\/exaudi.org\\\/wp-content\\\/uploads\\\/2021\\\/07\\\/123c12c-1.jpeg\",\"keywords\":[\"Incendio\",\"Irak\",\"papa francisco\",\"Telegrama\"],\"articleSection\":[\"Le\u00f3n XIV\",\"\u00daltimas noticias\"],\"inLanguage\":\"es\"},{\"@type\":\"WebPage\",\"@id\":\"https:\\\/\\\/exaudi.org\\\/es\\\/irak-pesame-papa-incendio-hospital-nassiriya\\\/\",\"url\":\"https:\\\/\\\/exaudi.org\\\/es\\\/irak-pesame-papa-incendio-hospital-nassiriya\\\/\",\"name\":\"Irak: P\u00e9same del Papa por incendio en Nassiriya - Exaudi\",\"isPartOf\":{\"@id\":\"https:\\\/\\\/exaudi.org\\\/#website\"},\"primaryImageOfPage\":{\"@id\":\"https:\\\/\\\/exaudi.org\\\/es\\\/irak-pesame-papa-incendio-hospital-nassiriya\\\/#primaryimage\"},\"image\":{\"@id\":\"https:\\\/\\\/exaudi.org\\\/es\\\/irak-pesame-papa-incendio-hospital-nassiriya\\\/#primaryimage\"},\"thumbnailUrl\":\"https:\\\/\\\/exaudi.org\\\/wp-content\\\/uploads\\\/2021\\\/07\\\/123c12c-1.jpeg\",\"datePublished\":\"2021-07-13T12:56:29+00:00\",\"dateModified\":\"2021-07-15T07:08:59+00:00\",\"author\":{\"@id\":\"https:\\\/\\\/exaudi.org\\\/#\\\/schema\\\/person\\\/d134b96438278131ce90c90c03fda6cd\"},\"description\":\"Con firma del cardenal Parolin, el Papa ha enviado un telegrama de p\u00e9same por las v\u00edctimas del incendio en el hospital de Nassiriya , Irak.\",\"breadcrumb\":{\"@id\":\"https:\\\/\\\/exaudi.org\\\/es\\\/irak-pesame-papa-incendio-hospital-nassiriya\\\/#breadcrumb\"},\"inLanguage\":\"es\",\"potentialAction\":[{\"@type\":\"ReadAction\",\"target\":[\"https:\\\/\\\/exaudi.org\\\/es\\\/irak-pesame-papa-incendio-hospital-nassiriya\\\/\"]}]},{\"@type\":\"ImageObject\",\"inLanguage\":\"es\",\"@id\":\"https:\\\/\\\/exaudi.org\\\/es\\\/irak-pesame-papa-incendio-hospital-nassiriya\\\/#primaryimage\",\"url\":\"https:\\\/\\\/exaudi.org\\\/wp-content\\\/uploads\\\/2021\\\/07\\\/123c12c-1.jpeg\",\"contentUrl\":\"https:\\\/\\\/exaudi.org\\\/wp-content\\\/uploads\\\/2021\\\/07\\\/123c12c-1.jpeg\",\"width\":727,\"height\":409,\"caption\":\"Escombros del incendio en Nassiriya \u00a9 Vatican Media\"},{\"@type\":\"BreadcrumbList\",\"@id\":\"https:\\\/\\\/exaudi.org\\\/es\\\/irak-pesame-papa-incendio-hospital-nassiriya\\\/#breadcrumb\",\"itemListElement\":[{\"@type\":\"ListItem\",\"position\":1,\"name\":\"Portada\",\"item\":\"https:\\\/\\\/exaudi.org\\\/es\\\/\"},{\"@type\":\"ListItem\",\"position\":2,\"name\":\"Irak: P\u00e9same del Papa por incendio en Nassiriya\"}]},{\"@type\":\"WebSite\",\"@id\":\"https:\\\/\\\/exaudi.org\\\/#website\",\"url\":\"https:\\\/\\\/exaudi.org\\\/\",\"name\":\"Exaudi\",\"description\":\"News\",\"potentialAction\":[{\"@type\":\"SearchAction\",\"target\":{\"@type\":\"EntryPoint\",\"urlTemplate\":\"https:\\\/\\\/exaudi.org\\\/?s={search_term_string}\"},\"query-input\":{\"@type\":\"PropertyValueSpecification\",\"valueRequired\":true,\"valueName\":\"search_term_string\"}}],\"inLanguage\":\"es\"},{\"@type\":\"Person\",\"@id\":\"https:\\\/\\\/exaudi.org\\\/#\\\/schema\\\/person\\\/d134b96438278131ce90c90c03fda6cd\",\"name\":\"Gabriel Sales\",\"image\":{\"@type\":\"ImageObject\",\"inLanguage\":\"es\",\"@id\":\"https:\\\/\\\/secure.gravatar.com\\\/avatar\\\/9b1269566f6a063ed26ffb3532b66a373cdde231ce5d0effb266167437fdaffd?s=96&d=mm&r=g\",\"url\":\"https:\\\/\\\/secure.gravatar.com\\\/avatar\\\/9b1269566f6a063ed26ffb3532b66a373cdde231ce5d0effb266167437fdaffd?s=96&d=mm&r=g\",\"contentUrl\":\"https:\\\/\\\/secure.gravatar.com\\\/avatar\\\/9b1269566f6a063ed26ffb3532b66a373cdde231ce5d0effb266167437fdaffd?s=96&d=mm&r=g\",\"caption\":\"Gabriel Sales\"},\"description\":\"Periodista y especialista en Comunicaci\u00f3n y Branding digital. Cin\u00e9filo y cr\u00edtico de cine y series de televisi\u00f3n.\",\"sameAs\":[\"https:\\\/\\\/www.instagram.com\\\/cine90segundos\\\/\",\"www.linkedin.com\\\/in\\\/habemusman\",\"https:\\\/\\\/x.com\\\/habemusman\",\"https:\\\/\\\/www.youtube.com\\\/channel\\\/UCVfCiOMkJ_C7T7OpyjuaLDg\"],\"url\":\"https:\\\/\\\/exaudi.org\\\/es\\\/author\\\/gsalesexaudi-org\\\/\"}]}<\/script>\n<!-- \/ Yoast SEO plugin. -->","yoast_head_json":{"title":"Irak: P\u00e9same del Papa por incendio en Nassiriya - Exaudi","description":"Con firma del cardenal Parolin, el Papa ha enviado un telegrama de p\u00e9same por las v\u00edctimas del incendio en el hospital de Nassiriya , Irak.","robots":{"index":"index","follow":"follow","max-snippet":"max-snippet:-1","max-image-preview":"max-image-preview:large","max-video-preview":"max-video-preview:-1"},"canonical":"https:\/\/exaudi.org\/es\/irak-pesame-papa-incendio-hospital-nassiriya\/","og_locale":"es_ES","og_type":"article","og_title":"Irak: P\u00e9same del Papa por incendio en Nassiriya - Exaudi","og_description":"Con firma del cardenal Parolin, el Papa ha enviado un telegrama de p\u00e9same por las v\u00edctimas del incendio en el hospital de Nassiriya , Irak.","og_url":"https:\/\/exaudi.org\/es\/irak-pesame-papa-incendio-hospital-nassiriya\/","og_site_name":"Exaudi","article_publisher":"https:\/\/www.facebook.com\/ExaudiNews","article_published_time":"2021-07-13T12:56:29+00:00","article_modified_time":"2021-07-15T07:08:59+00:00","og_image":[{"width":727,"height":409,"url":"https:\/\/exaudi.org\/wp-content\/uploads\/2021\/07\/123c12c-1.jpeg","type":"image\/jpeg"}],"author":"Gabriel Sales","twitter_card":"summary_large_image","twitter_creator":"@habemusman","twitter_site":"@Exaudi_News","twitter_misc":{"Escrito por":"Gabriel Sales","Tiempo de lectura":"2 minutos"},"schema":{"@context":"https:\/\/schema.org","@graph":[{"@type":"Article","@id":"https:\/\/exaudi.org\/es\/irak-pesame-papa-incendio-hospital-nassiriya\/#article","isPartOf":{"@id":"https:\/\/exaudi.org\/es\/irak-pesame-papa-incendio-hospital-nassiriya\/"},"author":{"name":"Gabriel Sales","@id":"https:\/\/exaudi.org\/#\/schema\/person\/d134b96438278131ce90c90c03fda6cd"},"headline":"Irak: P\u00e9same del Papa por incendio en Nassiriya","datePublished":"2021-07-13T12:56:29+00:00","dateModified":"2021-07-15T07:08:59+00:00","mainEntityOfPage":{"@id":"https:\/\/exaudi.org\/es\/irak-pesame-papa-incendio-hospital-nassiriya\/"},"wordCount":352,"image":{"@id":"https:\/\/exaudi.org\/es\/irak-pesame-papa-incendio-hospital-nassiriya\/#primaryimage"},"thumbnailUrl":"https:\/\/exaudi.org\/wp-content\/uploads\/2021\/07\/123c12c-1.jpeg","keywords":["Incendio","Irak","papa francisco","Telegrama"],"articleSection":["Le\u00f3n XIV","\u00daltimas noticias"],"inLanguage":"es"},{"@type":"WebPage","@id":"https:\/\/exaudi.org\/es\/irak-pesame-papa-incendio-hospital-nassiriya\/","url":"https:\/\/exaudi.org\/es\/irak-pesame-papa-incendio-hospital-nassiriya\/","name":"Irak: P\u00e9same del Papa por incendio en Nassiriya - Exaudi","isPartOf":{"@id":"https:\/\/exaudi.org\/#website"},"primaryImageOfPage":{"@id":"https:\/\/exaudi.org\/es\/irak-pesame-papa-incendio-hospital-nassiriya\/#primaryimage"},"image":{"@id":"https:\/\/exaudi.org\/es\/irak-pesame-papa-incendio-hospital-nassiriya\/#primaryimage"},"thumbnailUrl":"https:\/\/exaudi.org\/wp-content\/uploads\/2021\/07\/123c12c-1.jpeg","datePublished":"2021-07-13T12:56:29+00:00","dateModified":"2021-07-15T07:08:59+00:00","author":{"@id":"https:\/\/exaudi.org\/#\/schema\/person\/d134b96438278131ce90c90c03fda6cd"},"description":"Con firma del cardenal Parolin, el Papa ha enviado un telegrama de p\u00e9same por las v\u00edctimas del incendio en el hospital de Nassiriya , Irak.","breadcrumb":{"@id":"https:\/\/exaudi.org\/es\/irak-pesame-papa-incendio-hospital-nassiriya\/#breadcrumb"},"inLanguage":"es","potentialAction":[{"@type":"ReadAction","target":["https:\/\/exaudi.org\/es\/irak-pesame-papa-incendio-hospital-nassiriya\/"]}]},{"@type":"ImageObject","inLanguage":"es","@id":"https:\/\/exaudi.org\/es\/irak-pesame-papa-incendio-hospital-nassiriya\/#primaryimage","url":"https:\/\/exaudi.org\/wp-content\/uploads\/2021\/07\/123c12c-1.jpeg","contentUrl":"https:\/\/exaudi.org\/wp-content\/uploads\/2021\/07\/123c12c-1.jpeg","width":727,"height":409,"caption":"Escombros del incendio en Nassiriya \u00a9 Vatican Media"},{"@type":"BreadcrumbList","@id":"https:\/\/exaudi.org\/es\/irak-pesame-papa-incendio-hospital-nassiriya\/#breadcrumb","itemListElement":[{"@type":"ListItem","position":1,"name":"Portada","item":"https:\/\/exaudi.org\/es\/"},{"@type":"ListItem","position":2,"name":"Irak: P\u00e9same del Papa por incendio en Nassiriya"}]},{"@type":"WebSite","@id":"https:\/\/exaudi.org\/#website","url":"https:\/\/exaudi.org\/","name":"Exaudi","description":"News","potentialAction":[{"@type":"SearchAction","target":{"@type":"EntryPoint","urlTemplate":"https:\/\/exaudi.org\/?s={search_term_string}"},"query-input":{"@type":"PropertyValueSpecification","valueRequired":true,"valueName":"search_term_string"}}],"inLanguage":"es"},{"@type":"Person","@id":"https:\/\/exaudi.org\/#\/schema\/person\/d134b96438278131ce90c90c03fda6cd","name":"Gabriel Sales","image":{"@type":"ImageObject","inLanguage":"es","@id":"https:\/\/secure.gravatar.com\/avatar\/9b1269566f6a063ed26ffb3532b66a373cdde231ce5d0effb266167437fdaffd?s=96&d=mm&r=g","url":"https:\/\/secure.gravatar.com\/avatar\/9b1269566f6a063ed26ffb3532b66a373cdde231ce5d0effb266167437fdaffd?s=96&d=mm&r=g","contentUrl":"https:\/\/secure.gravatar.com\/avatar\/9b1269566f6a063ed26ffb3532b66a373cdde231ce5d0effb266167437fdaffd?s=96&d=mm&r=g","caption":"Gabriel Sales"},"description":"Periodista y especialista en Comunicaci\u00f3n y Branding digital. Cin\u00e9filo y cr\u00edtico de cine y series de televisi\u00f3n.","sameAs":["https:\/\/www.instagram.com\/cine90segundos\/","www.linkedin.com\/in\/habemusman","https:\/\/x.com\/habemusman","https:\/\/www.youtube.com\/channel\/UCVfCiOMkJ_C7T7OpyjuaLDg"],"url":"https:\/\/exaudi.org\/es\/author\/gsalesexaudi-org\/"}]}},"jetpack_featured_media_url":"https:\/\/exaudi.org\/wp-content\/uploads\/2021\/07\/123c12c-1.jpeg","jetpack_shortlink":"https:\/\/wp.me\/pgKjF2-71k","_links":{"self":[{"href":"https:\/\/exaudi.org\/es\/wp-json\/wp\/v2\/posts\/26990","targetHints":{"allow":["GET"]}}],"collection":[{"href":"https:\/\/exaudi.org\/es\/wp-json\/wp\/v2\/posts"}],"about":[{"href":"https:\/\/exaudi.org\/es\/wp-json\/wp\/v2\/types\/post"}],"author":[{"embeddable":true,"href":"https:\/\/exaudi.org\/es\/wp-json\/wp\/v2\/users\/6"}],"replies":[{"embeddable":true,"href":"https:\/\/exaudi.org\/es\/wp-json\/wp\/v2\/comments?post=26990"}],"version-history":[{"count":0,"href":"https:\/\/exaudi.org\/es\/wp-json\/wp\/v2\/posts\/26990\/revisions"}],"wp:featuredmedia":[{"embeddable":true,"href":"https:\/\/exaudi.org\/es\/wp-json\/wp\/v2\/media\/26992"}],"wp:attachment":[{"href":"https:\/\/exaudi.org\/es\/wp-json\/wp\/v2\/media?parent=26990"}],"wp:term":[{"taxonomy":"category","embeddable":true,"href":"https:\/\/exaudi.org\/es\/wp-json\/wp\/v2\/categories?post=26990"},{"taxonomy":"post_tag","embeddable":true,"href":"https:\/\/exaudi.org\/es\/wp-json\/wp\/v2\/tags?post=26990"}],"curies":[{"name":"wp","href":"https:\/\/api.w.org\/{rel}","templated":true}]}}