{"id":26979,"date":"2021-07-13T13:50:50","date_gmt":"2021-07-13T11:50:50","guid":{"rendered":"https:\/\/exaudi.org\/?p=26979"},"modified":"2021-07-13T19:06:06","modified_gmt":"2021-07-13T17:06:06","slug":"bolivia-episcopado-impulsa-educacion-tecnica","status":"publish","type":"post","link":"https:\/\/exaudi.org\/es\/bolivia-episcopado-impulsa-educacion-tecnica\/","title":{"rendered":"Bolivia: Episcopado impulsa la educaci\u00f3n t\u00e9cnica"},"content":{"rendered":"<div class=\"entry-content clearfix\">\n<p>El \u00c1rea de Educaci\u00f3n del <a href=\"https:\/\/iglesia.org.bo\/\" target=\"_blank\" rel=\"noopener noreferrer\">Episcopado de Bolivia<\/a> (CEB), como parte del consorcio CEMSE-CEE y el Proyecto de Formaci\u00f3n T\u00e9cnica Profesional, acompa\u00f1\u00f3 las actividades del 8 y 9 de julio en beneficio de estudiantes de Centros de Educaci\u00f3n Alternativa e Institutos T\u00e9cnicos y Tecnol\u00f3gicos\u00a0 de la Regi\u00f3n de Nor Yungas. El objetivo es fortalecer la educaci\u00f3n t\u00e9cnica de la regi\u00f3n.<\/p>\n<p>Con este compromiso, el <a href=\"https:\/\/exaudi.org\/es\/bolivia-iglesia-renueva-compromiso-paz-en-pais\/\" target=\"_blank\" rel=\"noopener noreferrer\">\u00c1rea de Educaci\u00f3n<\/a>, fue parte de los cuatro importantes actos organizados por los Centros de Educaci\u00f3n Alternativa Caranavi (Caranavi), Hno. Nilo Cullen (Alcoche), Renacer (Coroico) y el Instituto Tecnol\u00f3gico Caranavi (Caranavi), en los que participaron autoridades locales, asociaciones de productores y la comunidad educativa en general.<\/p>\n<p>Asimismo, estuvieron presentes autoridades nacionales como la Viceministra de Educaci\u00f3n Alternativa y Especial Sandra Cruz Nina, la Direcci\u00f3n Nacional de Educaci\u00f3n Especial y las Direcciones Distritales de Educaci\u00f3n.<\/p>\n<p>Los mencionados actos tuvieron el objetivo de entregar equipamiento y material de bioseguridad de parte del Proyecto FTP con su respectiva representaci\u00f3n. Del mismo modo, autoridades nacionales hicieron entrega de \u00edtems de nueva creaci\u00f3n para las instituciones educativas de todo el municipio, diez en total. Las actividades espec\u00edficas en estos eventos fueron:<\/p>\n<h4><strong>Beneficiados<\/strong><\/h4>\n<p>El Instituto Tecnol\u00f3gico Caranavi recibi\u00f3 el equipamiento para las carreras de Caficultura Empresarial y Agropecuaria. El Centro de Educaci\u00f3n Alternativa Caranavi recibi\u00f3 el equipamiento para las carreras de Parvularia y Belleza Integral, mencionar tambi\u00e9n que el CEA recibi\u00f3 un nuevo \u00edtem para educaci\u00f3n especial y otro para Parvularia.<\/p>\n<p>El Centro de Educaci\u00f3n Alternativa Hno. Nilo Cullen se benefici\u00f3 con el equipamiento para sus carreras de Agroforester\u00eda y Mec\u00e1nica Automotriz, esta \u00faltima carrera tambi\u00e9n recibi\u00f3 un nuevo \u00edtem. El Centro de Educaci\u00f3n Alternativa Renacer recibi\u00f3 el equipamiento para las carreras de Gastronom\u00eda y Agropecuaria.<\/p>\n<p>Cabe se\u00f1alar que las cuatro instituciones educativas recibieron una segunda dotaci\u00f3n de material e insumos de bioseguridad orientados a apoyar los protocolos que se vienen manejando para precautelar la salud del plantel docente y toda la comunidad educativa en esta situaci\u00f3n de emergencia sanitaria en todo el mundo. Los centros mencionados agradecieron las entregas convirtiendo cada uno de los eventos en verdaderas fiestas locales.<\/p>\n<p>El Proyecto FTP ejecutado por el Consorcio CEMSE-CEE, con financiamiento de la Cooperaci\u00f3n Suiza, apoya 35 centros (20 ITTs y 15 CEAs) en los departamentos de La Paz, Oruro, Cochabamba y Beni, siendo su objetivo general el de contribuir a una mayor equidad econ\u00f3mica y social, mejorando el acceso al empleo de la poblaci\u00f3n vulnerable a la pobreza, priorizando sectores con potencial productiva a trav\u00e9s de la formaci\u00f3n t\u00e9cnica, tecnol\u00f3gica y la capacitaci\u00f3n.<\/p>\n<\/div>\n","protected":false},"excerpt":{"rendered":"<p>Actividades del 8 y 9 de julio<\/p>\n","protected":false},"author":15,"featured_media":26980,"comment_status":"closed","ping_status":"closed","sticky":false,"template":"","format":"standard","meta":{"_acf_changed":false,"_crdt_document":"","inline_featured_image":false,"footnotes":""},"categories":[82,86,298],"tags":[2022,1854],"class_list":["post-26979","post","type-post","status-publish","format-standard","has-post-thumbnail","hentry","category-educacion","category-iglesia-local","category-ultimas-noticias","tag-conferencia-episcopal-boliviana-ceb","tag-educacion"],"acf":[],"yoast_head":"<!-- This site is optimized with the Yoast SEO plugin v27.5 - https:\/\/yoast.com\/product\/yoast-seo-wordpress\/ -->\n<title>Bolivia: Episcopado impulsa la educaci\u00f3n t\u00e9cnica &#8211; Exaudi<\/title>\n<meta name=\"description\" content=\"El \u00c1rea de Educaci\u00f3n del Episcopado de Bolivia particip\u00f3 de las actividades en beneficio de estudiantes de centros de educaci\u00f3n t\u00e9cnica.\" \/>\n<meta name=\"robots\" content=\"index, follow, max-snippet:-1, max-image-preview:large, max-video-preview:-1\" \/>\n<link rel=\"canonical\" href=\"https:\/\/exaudi.org\/es\/bolivia-episcopado-impulsa-educacion-tecnica\/\" \/>\n<meta property=\"og:locale\" content=\"es_ES\" \/>\n<meta property=\"og:type\" content=\"article\" \/>\n<meta property=\"og:title\" content=\"Bolivia: Episcopado impulsa la educaci\u00f3n t\u00e9cnica &#8211; Exaudi\" \/>\n<meta property=\"og:description\" content=\"El \u00c1rea de Educaci\u00f3n del Episcopado de Bolivia particip\u00f3 de las actividades en beneficio de estudiantes de centros de educaci\u00f3n t\u00e9cnica.\" \/>\n<meta property=\"og:url\" content=\"https:\/\/exaudi.org\/es\/bolivia-episcopado-impulsa-educacion-tecnica\/\" \/>\n<meta property=\"og:site_name\" content=\"Exaudi\" \/>\n<meta property=\"article:publisher\" content=\"https:\/\/www.facebook.com\/ExaudiNews\" \/>\n<meta property=\"article:author\" content=\"https:\/\/www.facebook.com\/ExaudiNoticias\/\" \/>\n<meta property=\"article:published_time\" content=\"2021-07-13T11:50:50+00:00\" \/>\n<meta property=\"article:modified_time\" content=\"2021-07-13T17:06:06+00:00\" \/>\n<meta property=\"og:image\" content=\"https:\/\/exaudi.org\/wp-content\/uploads\/2021\/07\/112c312c3123c.jpg\" \/>\n\t<meta property=\"og:image:width\" content=\"772\" \/>\n\t<meta property=\"og:image:height\" content=\"430\" \/>\n\t<meta property=\"og:image:type\" content=\"image\/jpeg\" \/>\n<meta name=\"author\" content=\"Exaudi Redacci\u00f3n\" \/>\n<meta name=\"twitter:card\" content=\"summary_large_image\" \/>\n<meta name=\"twitter:creator\" content=\"@Exaudi_noticias\" \/>\n<meta name=\"twitter:site\" content=\"@Exaudi_News\" \/>\n<meta name=\"twitter:label1\" content=\"Escrito por\" \/>\n\t<meta name=\"twitter:data1\" content=\"Exaudi Redacci\u00f3n\" \/>\n\t<meta name=\"twitter:label2\" content=\"Tiempo de lectura\" \/>\n\t<meta name=\"twitter:data2\" content=\"2 minutos\" \/>\n<script type=\"application\/ld+json\" class=\"yoast-schema-graph\">{\"@context\":\"https:\\\/\\\/schema.org\",\"@graph\":[{\"@type\":\"Article\",\"@id\":\"https:\\\/\\\/exaudi.org\\\/es\\\/bolivia-episcopado-impulsa-educacion-tecnica\\\/#article\",\"isPartOf\":{\"@id\":\"https:\\\/\\\/exaudi.org\\\/es\\\/bolivia-episcopado-impulsa-educacion-tecnica\\\/\"},\"author\":{\"name\":\"Exaudi Redacci\u00f3n\",\"@id\":\"https:\\\/\\\/exaudi.org\\\/#\\\/schema\\\/person\\\/f5fc8f063065e38742da7afe15f25df7\"},\"headline\":\"Bolivia: Episcopado impulsa la educaci\u00f3n t\u00e9cnica\",\"datePublished\":\"2021-07-13T11:50:50+00:00\",\"dateModified\":\"2021-07-13T17:06:06+00:00\",\"mainEntityOfPage\":{\"@id\":\"https:\\\/\\\/exaudi.org\\\/es\\\/bolivia-episcopado-impulsa-educacion-tecnica\\\/\"},\"wordCount\":465,\"image\":{\"@id\":\"https:\\\/\\\/exaudi.org\\\/es\\\/bolivia-episcopado-impulsa-educacion-tecnica\\\/#primaryimage\"},\"thumbnailUrl\":\"https:\\\/\\\/exaudi.org\\\/wp-content\\\/uploads\\\/2021\\\/07\\\/112c312c3123c.jpg\",\"keywords\":[\"Conferencia Episcopal Boliviana (CEB)\",\"Educaci\u00f3n\"],\"articleSection\":[\"Educaci\u00f3n\",\"Iglesia Local\",\"\u00daltimas noticias\"],\"inLanguage\":\"es\"},{\"@type\":\"WebPage\",\"@id\":\"https:\\\/\\\/exaudi.org\\\/es\\\/bolivia-episcopado-impulsa-educacion-tecnica\\\/\",\"url\":\"https:\\\/\\\/exaudi.org\\\/es\\\/bolivia-episcopado-impulsa-educacion-tecnica\\\/\",\"name\":\"Bolivia: Episcopado impulsa la educaci\u00f3n t\u00e9cnica &#8211; Exaudi\",\"isPartOf\":{\"@id\":\"https:\\\/\\\/exaudi.org\\\/#website\"},\"primaryImageOfPage\":{\"@id\":\"https:\\\/\\\/exaudi.org\\\/es\\\/bolivia-episcopado-impulsa-educacion-tecnica\\\/#primaryimage\"},\"image\":{\"@id\":\"https:\\\/\\\/exaudi.org\\\/es\\\/bolivia-episcopado-impulsa-educacion-tecnica\\\/#primaryimage\"},\"thumbnailUrl\":\"https:\\\/\\\/exaudi.org\\\/wp-content\\\/uploads\\\/2021\\\/07\\\/112c312c3123c.jpg\",\"datePublished\":\"2021-07-13T11:50:50+00:00\",\"dateModified\":\"2021-07-13T17:06:06+00:00\",\"author\":{\"@id\":\"https:\\\/\\\/exaudi.org\\\/#\\\/schema\\\/person\\\/f5fc8f063065e38742da7afe15f25df7\"},\"description\":\"El \u00c1rea de Educaci\u00f3n del Episcopado de Bolivia particip\u00f3 de las actividades en beneficio de estudiantes de centros de educaci\u00f3n t\u00e9cnica.\",\"breadcrumb\":{\"@id\":\"https:\\\/\\\/exaudi.org\\\/es\\\/bolivia-episcopado-impulsa-educacion-tecnica\\\/#breadcrumb\"},\"inLanguage\":\"es\",\"potentialAction\":[{\"@type\":\"ReadAction\",\"target\":[\"https:\\\/\\\/exaudi.org\\\/es\\\/bolivia-episcopado-impulsa-educacion-tecnica\\\/\"]}]},{\"@type\":\"ImageObject\",\"inLanguage\":\"es\",\"@id\":\"https:\\\/\\\/exaudi.org\\\/es\\\/bolivia-episcopado-impulsa-educacion-tecnica\\\/#primaryimage\",\"url\":\"https:\\\/\\\/exaudi.org\\\/wp-content\\\/uploads\\\/2021\\\/07\\\/112c312c3123c.jpg\",\"contentUrl\":\"https:\\\/\\\/exaudi.org\\\/wp-content\\\/uploads\\\/2021\\\/07\\\/112c312c3123c.jpg\",\"width\":772,\"height\":430,\"caption\":\"Actos del 8 y 9 de julio \u00a9 Episcopado Bolivia\"},{\"@type\":\"BreadcrumbList\",\"@id\":\"https:\\\/\\\/exaudi.org\\\/es\\\/bolivia-episcopado-impulsa-educacion-tecnica\\\/#breadcrumb\",\"itemListElement\":[{\"@type\":\"ListItem\",\"position\":1,\"name\":\"Portada\",\"item\":\"https:\\\/\\\/exaudi.org\\\/es\\\/\"},{\"@type\":\"ListItem\",\"position\":2,\"name\":\"Bolivia: Episcopado impulsa la educaci\u00f3n t\u00e9cnica\"}]},{\"@type\":\"WebSite\",\"@id\":\"https:\\\/\\\/exaudi.org\\\/#website\",\"url\":\"https:\\\/\\\/exaudi.org\\\/\",\"name\":\"Exaudi\",\"description\":\"News\",\"potentialAction\":[{\"@type\":\"SearchAction\",\"target\":{\"@type\":\"EntryPoint\",\"urlTemplate\":\"https:\\\/\\\/exaudi.org\\\/?s={search_term_string}\"},\"query-input\":{\"@type\":\"PropertyValueSpecification\",\"valueRequired\":true,\"valueName\":\"search_term_string\"}}],\"inLanguage\":\"es\"},{\"@type\":\"Person\",\"@id\":\"https:\\\/\\\/exaudi.org\\\/#\\\/schema\\\/person\\\/f5fc8f063065e38742da7afe15f25df7\",\"name\":\"Exaudi Redacci\u00f3n\",\"image\":{\"@type\":\"ImageObject\",\"inLanguage\":\"es\",\"@id\":\"https:\\\/\\\/secure.gravatar.com\\\/avatar\\\/fe0f6a059fb68d9b3e11bc5850dd4899b1c7492091a3cb6dd9b01b56ad828be2?s=96&d=mm&r=g\",\"url\":\"https:\\\/\\\/secure.gravatar.com\\\/avatar\\\/fe0f6a059fb68d9b3e11bc5850dd4899b1c7492091a3cb6dd9b01b56ad828be2?s=96&d=mm&r=g\",\"contentUrl\":\"https:\\\/\\\/secure.gravatar.com\\\/avatar\\\/fe0f6a059fb68d9b3e11bc5850dd4899b1c7492091a3cb6dd9b01b56ad828be2?s=96&d=mm&r=g\",\"caption\":\"Exaudi Redacci\u00f3n\"},\"description\":\"\u00bfQu\u00e9 es Exaudi News? Exaudi News es un medio de comunicaci\u00f3n cat\u00f3lico internacional que informa, forma y transforma, diariamente en espa\u00f1ol, ingl\u00e9s e italiano. A trav\u00e9s de noticias, art\u00edculos de an\u00e1lisis y transmisiones en directo de los eventos del Papa, Exaudi busca fortalecer la unidad de los cristianos y contribuir a la evangelizaci\u00f3n del mundo, siempre guiados por la doctrina social de la Iglesia. Trabajamos para acercar la verdad y los valores cristianos a cada rinc\u00f3n del planeta. \u00a1Ay\u00fadanos a transformar el mundo con Exaudi! En Exaudi creemos que la evangelizaci\u00f3n y la informaci\u00f3n de calidad pueden cambiar vidas. Para continuar con nuestra misi\u00f3n y expandir nuestro alcance, necesitamos tu ayuda. Adem\u00e1s, buscamos personas comprometidas que deseen unirse a nuestro equipo. Con tu apoyo, lograremos llegar a m\u00e1s personas, difundir el mensaje de Cristo y reforzar la unidad de los cristianos. \u00bfTe unes a nuestra misi\u00f3n? Para m\u00e1s informaci\u00f3n sobre c\u00f3mo colaborar, visita Exaudi.org\\\/es o cont\u00e1ctanos directamente: info@exaudi.org Exaudi: Informa, forma y transforma.\",\"sameAs\":[\"https:\\\/\\\/www.facebook.com\\\/ExaudiNoticias\\\/\",\"https:\\\/\\\/www.instagram.com\\\/exaudi_noticias\\\/\",\"https:\\\/\\\/x.com\\\/Exaudi_noticias\",\"https:\\\/\\\/www.youtube.com\\\/@exaudicatholicnews\"],\"url\":\"https:\\\/\\\/exaudi.org\\\/es\\\/author\\\/redaccionexaudi\\\/\"}]}<\/script>\n<!-- \/ Yoast SEO plugin. -->","yoast_head_json":{"title":"Bolivia: Episcopado impulsa la educaci\u00f3n t\u00e9cnica &#8211; Exaudi","description":"El \u00c1rea de Educaci\u00f3n del Episcopado de Bolivia particip\u00f3 de las actividades en beneficio de estudiantes de centros de educaci\u00f3n t\u00e9cnica.","robots":{"index":"index","follow":"follow","max-snippet":"max-snippet:-1","max-image-preview":"max-image-preview:large","max-video-preview":"max-video-preview:-1"},"canonical":"https:\/\/exaudi.org\/es\/bolivia-episcopado-impulsa-educacion-tecnica\/","og_locale":"es_ES","og_type":"article","og_title":"Bolivia: Episcopado impulsa la educaci\u00f3n t\u00e9cnica &#8211; Exaudi","og_description":"El \u00c1rea de Educaci\u00f3n del Episcopado de Bolivia particip\u00f3 de las actividades en beneficio de estudiantes de centros de educaci\u00f3n t\u00e9cnica.","og_url":"https:\/\/exaudi.org\/es\/bolivia-episcopado-impulsa-educacion-tecnica\/","og_site_name":"Exaudi","article_publisher":"https:\/\/www.facebook.com\/ExaudiNews","article_author":"https:\/\/www.facebook.com\/ExaudiNoticias\/","article_published_time":"2021-07-13T11:50:50+00:00","article_modified_time":"2021-07-13T17:06:06+00:00","og_image":[{"width":772,"height":430,"url":"https:\/\/exaudi.org\/wp-content\/uploads\/2021\/07\/112c312c3123c.jpg","type":"image\/jpeg"}],"author":"Exaudi Redacci\u00f3n","twitter_card":"summary_large_image","twitter_creator":"@Exaudi_noticias","twitter_site":"@Exaudi_News","twitter_misc":{"Escrito por":"Exaudi Redacci\u00f3n","Tiempo de lectura":"2 minutos"},"schema":{"@context":"https:\/\/schema.org","@graph":[{"@type":"Article","@id":"https:\/\/exaudi.org\/es\/bolivia-episcopado-impulsa-educacion-tecnica\/#article","isPartOf":{"@id":"https:\/\/exaudi.org\/es\/bolivia-episcopado-impulsa-educacion-tecnica\/"},"author":{"name":"Exaudi Redacci\u00f3n","@id":"https:\/\/exaudi.org\/#\/schema\/person\/f5fc8f063065e38742da7afe15f25df7"},"headline":"Bolivia: Episcopado impulsa la educaci\u00f3n t\u00e9cnica","datePublished":"2021-07-13T11:50:50+00:00","dateModified":"2021-07-13T17:06:06+00:00","mainEntityOfPage":{"@id":"https:\/\/exaudi.org\/es\/bolivia-episcopado-impulsa-educacion-tecnica\/"},"wordCount":465,"image":{"@id":"https:\/\/exaudi.org\/es\/bolivia-episcopado-impulsa-educacion-tecnica\/#primaryimage"},"thumbnailUrl":"https:\/\/exaudi.org\/wp-content\/uploads\/2021\/07\/112c312c3123c.jpg","keywords":["Conferencia Episcopal Boliviana (CEB)","Educaci\u00f3n"],"articleSection":["Educaci\u00f3n","Iglesia Local","\u00daltimas noticias"],"inLanguage":"es"},{"@type":"WebPage","@id":"https:\/\/exaudi.org\/es\/bolivia-episcopado-impulsa-educacion-tecnica\/","url":"https:\/\/exaudi.org\/es\/bolivia-episcopado-impulsa-educacion-tecnica\/","name":"Bolivia: Episcopado impulsa la educaci\u00f3n t\u00e9cnica &#8211; Exaudi","isPartOf":{"@id":"https:\/\/exaudi.org\/#website"},"primaryImageOfPage":{"@id":"https:\/\/exaudi.org\/es\/bolivia-episcopado-impulsa-educacion-tecnica\/#primaryimage"},"image":{"@id":"https:\/\/exaudi.org\/es\/bolivia-episcopado-impulsa-educacion-tecnica\/#primaryimage"},"thumbnailUrl":"https:\/\/exaudi.org\/wp-content\/uploads\/2021\/07\/112c312c3123c.jpg","datePublished":"2021-07-13T11:50:50+00:00","dateModified":"2021-07-13T17:06:06+00:00","author":{"@id":"https:\/\/exaudi.org\/#\/schema\/person\/f5fc8f063065e38742da7afe15f25df7"},"description":"El \u00c1rea de Educaci\u00f3n del Episcopado de Bolivia particip\u00f3 de las actividades en beneficio de estudiantes de centros de educaci\u00f3n t\u00e9cnica.","breadcrumb":{"@id":"https:\/\/exaudi.org\/es\/bolivia-episcopado-impulsa-educacion-tecnica\/#breadcrumb"},"inLanguage":"es","potentialAction":[{"@type":"ReadAction","target":["https:\/\/exaudi.org\/es\/bolivia-episcopado-impulsa-educacion-tecnica\/"]}]},{"@type":"ImageObject","inLanguage":"es","@id":"https:\/\/exaudi.org\/es\/bolivia-episcopado-impulsa-educacion-tecnica\/#primaryimage","url":"https:\/\/exaudi.org\/wp-content\/uploads\/2021\/07\/112c312c3123c.jpg","contentUrl":"https:\/\/exaudi.org\/wp-content\/uploads\/2021\/07\/112c312c3123c.jpg","width":772,"height":430,"caption":"Actos del 8 y 9 de julio \u00a9 Episcopado Bolivia"},{"@type":"BreadcrumbList","@id":"https:\/\/exaudi.org\/es\/bolivia-episcopado-impulsa-educacion-tecnica\/#breadcrumb","itemListElement":[{"@type":"ListItem","position":1,"name":"Portada","item":"https:\/\/exaudi.org\/es\/"},{"@type":"ListItem","position":2,"name":"Bolivia: Episcopado impulsa la educaci\u00f3n t\u00e9cnica"}]},{"@type":"WebSite","@id":"https:\/\/exaudi.org\/#website","url":"https:\/\/exaudi.org\/","name":"Exaudi","description":"News","potentialAction":[{"@type":"SearchAction","target":{"@type":"EntryPoint","urlTemplate":"https:\/\/exaudi.org\/?s={search_term_string}"},"query-input":{"@type":"PropertyValueSpecification","valueRequired":true,"valueName":"search_term_string"}}],"inLanguage":"es"},{"@type":"Person","@id":"https:\/\/exaudi.org\/#\/schema\/person\/f5fc8f063065e38742da7afe15f25df7","name":"Exaudi Redacci\u00f3n","image":{"@type":"ImageObject","inLanguage":"es","@id":"https:\/\/secure.gravatar.com\/avatar\/fe0f6a059fb68d9b3e11bc5850dd4899b1c7492091a3cb6dd9b01b56ad828be2?s=96&d=mm&r=g","url":"https:\/\/secure.gravatar.com\/avatar\/fe0f6a059fb68d9b3e11bc5850dd4899b1c7492091a3cb6dd9b01b56ad828be2?s=96&d=mm&r=g","contentUrl":"https:\/\/secure.gravatar.com\/avatar\/fe0f6a059fb68d9b3e11bc5850dd4899b1c7492091a3cb6dd9b01b56ad828be2?s=96&d=mm&r=g","caption":"Exaudi Redacci\u00f3n"},"description":"\u00bfQu\u00e9 es Exaudi News? Exaudi News es un medio de comunicaci\u00f3n cat\u00f3lico internacional que informa, forma y transforma, diariamente en espa\u00f1ol, ingl\u00e9s e italiano. A trav\u00e9s de noticias, art\u00edculos de an\u00e1lisis y transmisiones en directo de los eventos del Papa, Exaudi busca fortalecer la unidad de los cristianos y contribuir a la evangelizaci\u00f3n del mundo, siempre guiados por la doctrina social de la Iglesia. Trabajamos para acercar la verdad y los valores cristianos a cada rinc\u00f3n del planeta. \u00a1Ay\u00fadanos a transformar el mundo con Exaudi! En Exaudi creemos que la evangelizaci\u00f3n y la informaci\u00f3n de calidad pueden cambiar vidas. Para continuar con nuestra misi\u00f3n y expandir nuestro alcance, necesitamos tu ayuda. Adem\u00e1s, buscamos personas comprometidas que deseen unirse a nuestro equipo. Con tu apoyo, lograremos llegar a m\u00e1s personas, difundir el mensaje de Cristo y reforzar la unidad de los cristianos. \u00bfTe unes a nuestra misi\u00f3n? Para m\u00e1s informaci\u00f3n sobre c\u00f3mo colaborar, visita Exaudi.org\/es o cont\u00e1ctanos directamente: info@exaudi.org Exaudi: Informa, forma y transforma.","sameAs":["https:\/\/www.facebook.com\/ExaudiNoticias\/","https:\/\/www.instagram.com\/exaudi_noticias\/","https:\/\/x.com\/Exaudi_noticias","https:\/\/www.youtube.com\/@exaudicatholicnews"],"url":"https:\/\/exaudi.org\/es\/author\/redaccionexaudi\/"}]}},"jetpack_featured_media_url":"https:\/\/exaudi.org\/wp-content\/uploads\/2021\/07\/112c312c3123c.jpg","jetpack_shortlink":"https:\/\/wp.me\/pgKjF2-719","_links":{"self":[{"href":"https:\/\/exaudi.org\/es\/wp-json\/wp\/v2\/posts\/26979","targetHints":{"allow":["GET"]}}],"collection":[{"href":"https:\/\/exaudi.org\/es\/wp-json\/wp\/v2\/posts"}],"about":[{"href":"https:\/\/exaudi.org\/es\/wp-json\/wp\/v2\/types\/post"}],"author":[{"embeddable":true,"href":"https:\/\/exaudi.org\/es\/wp-json\/wp\/v2\/users\/15"}],"replies":[{"embeddable":true,"href":"https:\/\/exaudi.org\/es\/wp-json\/wp\/v2\/comments?post=26979"}],"version-history":[{"count":0,"href":"https:\/\/exaudi.org\/es\/wp-json\/wp\/v2\/posts\/26979\/revisions"}],"wp:featuredmedia":[{"embeddable":true,"href":"https:\/\/exaudi.org\/es\/wp-json\/wp\/v2\/media\/26980"}],"wp:attachment":[{"href":"https:\/\/exaudi.org\/es\/wp-json\/wp\/v2\/media?parent=26979"}],"wp:term":[{"taxonomy":"category","embeddable":true,"href":"https:\/\/exaudi.org\/es\/wp-json\/wp\/v2\/categories?post=26979"},{"taxonomy":"post_tag","embeddable":true,"href":"https:\/\/exaudi.org\/es\/wp-json\/wp\/v2\/tags?post=26979"}],"curies":[{"name":"wp","href":"https:\/\/api.w.org\/{rel}","templated":true}]}}