{"id":26935,"date":"2021-07-13T10:27:24","date_gmt":"2021-07-13T08:27:24","guid":{"rendered":"https:\/\/exaudi.org\/?p=26935"},"modified":"2021-07-13T19:22:31","modified_gmt":"2021-07-13T17:22:31","slug":"venezuela-exhortacion-pastoral-asamblea-plenaria","status":"publish","type":"post","link":"https:\/\/exaudi.org\/es\/venezuela-exhortacion-pastoral-asamblea-plenaria\/","title":{"rendered":"Venezuela: Exhortaci\u00f3n Pastoral tras la CXVI Asamblea Plenaria"},"content":{"rendered":"<p>Despu\u00e9s de celebrar su CXVI Asamblea Ordinaria Plenaria, los obispos de la <a href=\"https:\/\/conferenciaepiscopalvenezolana.com\/\" target=\"_blank\" rel=\"noopener noreferrer\">Conferencia Episcopal de Venezuela<\/a> (CEV) redactaron una Exhortaci\u00f3n Pastoral titulada \u201cTodo reino que se divide corre a la ruina\u201d, en la que, en base al pasaje 12, 25 del Evangelio de san Mateo, expresan al pueblo venezolano \u201cun mensaje de esperanza en el amor de Dios y de compromiso personal y comunitario en la refundaci\u00f3n de nuestro pa\u00eds, en medio de tantas calamidades y sufrimientos que nos aquejan\u201d.<\/p>\n<h4><strong>Vacunaci\u00f3n y educaci\u00f3n<\/strong><\/h4>\n<p>En el documento, firmado el lunes 12 de julio de 2021, la CEV\u00a0se refiere a la actual realidad del pa\u00eds, abordando diferentes t\u00f3picos del acontecer socio-pol\u00edtico: La crisis sanitaria, las dificultades de la pandemia y \u201cla falta de un serio plan de vacunaci\u00f3n\u201d. En esta l\u00ednea, asevera que \u201cNo se puede jugar con el derecho sagrado a la salud\u201d.<\/p>\n<p>Del mismo modo, los prelados de Venezuela abordan las vicisitudes que atraviesa el sistema educativo y aseguran que \u201clas pol\u00edticas educativas deben mirar a crear un Pacto Educativo Global, que involucre a todos, que ponga sobre la mesa el tema de la educaci\u00f3n no solo en el \u00e1mbito docente y familiar sino tambi\u00e9n en el proyecto de gobierno, en el campo empresarial, art\u00edstico, religioso\u201d.<\/p>\n<h4><strong>Violencia en Caracas<\/strong><\/h4>\n<p>En lo referente a los sucesos violentos ocurridos en la capital, en una referencia al <a href=\"https:\/\/exaudi.org\/es\/venezuela-comision-permanente-violencia-caracas\/\" target=\"_blank\" rel=\"noopener noreferrer\">Comunicado de la Comisi\u00f3n Permanente<\/a>, el Episcopado reafirma su solidaridad con las victimas de esta situaci\u00f3n y solicitan las instituciones del Estado \u201ca no violentar el principio de la centralidad y dignidad humana, por lo que hay que anteponer la seguridad personal de los ciudadanos por encima de cualquier otro inter\u00e9s\u201d.<\/p>\n<p>Al respecto, se\u00f1alan la situaci\u00f3n irregular por la que result\u00f3 perjudicada una ONG dedicada a los derechos humanos \u201cen particular el debido proceso, al ser detenidos y trasladados, sin permitir comunicaci\u00f3n alguna con sus familiares y con sus abogados\u201d, por lo que exhortan a las autoridades competentes \u201ca que cumplan su misi\u00f3n como lo propone la Constituci\u00f3n de la Rep\u00fablica Bolivariana de Venezuela en el art. 2\u201d y exigen \u201cresguardar la integridad f\u00edsica y la liberaci\u00f3n inmediata de los miembros de Fundaredes y de todas las organizaciones que velan y luchan por los derechos de todos los venezolanos\u201d.<\/p>\n<h4><strong>Ideolog\u00eda de g\u00e9nero y elecciones<\/strong><\/h4>\n<p>Seguidamente, los obispos advierten a la Asamblea Nacional sobre el peligro real de imponer la llamada \u201cideolog\u00eda del g\u00e9nero\u201d que \u201ccontradice la verdad cient\u00edfica y el sentido com\u00fan\u201d. Afirman que se trata de \u201cuna colonizaci\u00f3n ideol\u00f3gica que procede de grandes intereses econ\u00f3micos\u201d y que \u201cen aras de la \u2018libertad\u2019, se desdibujan los contornos naturales ente el var\u00f3n y la mujer, para dar cabida a una sexualidad llamada \u2018diversa&#8217;\u201d.<\/p>\n<p>En cuanto a las elecciones regionales, puntualizaron que \u201cson una excelente oportunidad para fortalecer liderazgos locales\u201d y para que los aspirantes \u00abvean all\u00ed una ocasi\u00f3n para servir a nuestros conciudadanos y promover el bien com\u00fan\u00bb, sin embargo, se\u00f1alan que \u201ctanto en el gobierno como en la oposici\u00f3n se producen fuertes antagonismos basados en ambiciones personales, sectarismos y ansias de poder, que se han agudizado ante la convocatoria a las pr\u00f3ximas elecciones\u00bb y que en la lucha por ocupar cargos de gobierno, \u00abpoco se piensa en el bien com\u00fan de nuestro sufrido pueblo y en la soluci\u00f3n de sus problemas b\u00e1sicos\u201d.<\/p>\n<p>A modo de conclusi\u00f3n, hacen un llamamiento a la solidaridad y la comuni\u00f3n como v\u00eda de resoluci\u00f3n de conflictos, pues afirman que \u201csolo si unimos esfuerzos y voluntades podremos sacar al pa\u00eds adelante\u201d. Y apuntan que tienen \u201cque unir esfuerzos para que haya una verdadera participaci\u00f3n de todos los ciudadanos en la refundaci\u00f3n de nuestra naci\u00f3n\u201d.<\/p>\n","protected":false},"excerpt":{"rendered":"<p>Vacunaci\u00f3n, educaci\u00f3n, violencia, Ideolog\u00eda de g\u00e9nero y elecciones<\/p>\n","protected":false},"author":6,"featured_media":26938,"comment_status":"closed","ping_status":"closed","sticky":false,"template":"","format":"standard","meta":{"_acf_changed":false,"_crdt_document":"","inline_featured_image":false,"footnotes":""},"categories":[86,298],"tags":[835,3306],"class_list":["post-26935","post","type-post","status-publish","format-standard","has-post-thumbnail","hentry","category-iglesia-local","category-ultimas-noticias","tag-conferencia-episcopal-de-venezuela-cev","tag-exhortacion-pastoral"],"acf":[],"yoast_head":"<!-- This site is optimized with the Yoast SEO plugin v27.5 - https:\/\/yoast.com\/product\/yoast-seo-wordpress\/ -->\n<title>Venezuela: Exhortaci\u00f3n Pastoral tras la CXVI Asamblea Plenaria - Exaudi<\/title>\n<meta name=\"description\" content=\"Tras la Asamblea Ordinaria Plenaria, los obispos de Venezuela redactaron una Exhortaci\u00f3n Pastoral sobre vacunaci\u00f3n, educaci\u00f3n y violencia.\" \/>\n<meta name=\"robots\" content=\"index, follow, max-snippet:-1, max-image-preview:large, max-video-preview:-1\" \/>\n<link rel=\"canonical\" href=\"https:\/\/exaudi.org\/es\/venezuela-exhortacion-pastoral-asamblea-plenaria\/\" \/>\n<meta property=\"og:locale\" content=\"es_ES\" \/>\n<meta property=\"og:type\" content=\"article\" \/>\n<meta property=\"og:title\" content=\"Venezuela: Exhortaci\u00f3n Pastoral tras la CXVI Asamblea Plenaria - Exaudi\" \/>\n<meta property=\"og:description\" content=\"Tras la Asamblea Ordinaria Plenaria, los obispos de Venezuela redactaron una Exhortaci\u00f3n Pastoral sobre vacunaci\u00f3n, educaci\u00f3n y violencia.\" \/>\n<meta property=\"og:url\" content=\"https:\/\/exaudi.org\/es\/venezuela-exhortacion-pastoral-asamblea-plenaria\/\" \/>\n<meta property=\"og:site_name\" content=\"Exaudi\" \/>\n<meta property=\"article:publisher\" content=\"https:\/\/www.facebook.com\/ExaudiNews\" \/>\n<meta property=\"article:published_time\" content=\"2021-07-13T08:27:24+00:00\" \/>\n<meta property=\"article:modified_time\" content=\"2021-07-13T17:22:31+00:00\" \/>\n<meta property=\"og:image\" content=\"https:\/\/exaudi.org\/wp-content\/uploads\/2021\/07\/123c12c2.jpeg\" \/>\n\t<meta property=\"og:image:width\" content=\"1109\" \/>\n\t<meta property=\"og:image:height\" content=\"693\" \/>\n\t<meta property=\"og:image:type\" content=\"image\/jpeg\" \/>\n<meta name=\"author\" content=\"Gabriel Sales\" \/>\n<meta name=\"twitter:card\" content=\"summary_large_image\" \/>\n<meta name=\"twitter:creator\" content=\"@habemusman\" \/>\n<meta name=\"twitter:site\" content=\"@Exaudi_News\" \/>\n<meta name=\"twitter:label1\" content=\"Escrito por\" \/>\n\t<meta name=\"twitter:data1\" content=\"Gabriel Sales\" \/>\n\t<meta name=\"twitter:label2\" content=\"Tiempo de lectura\" \/>\n\t<meta name=\"twitter:data2\" content=\"3 minutos\" \/>\n<script type=\"application\/ld+json\" class=\"yoast-schema-graph\">{\"@context\":\"https:\\\/\\\/schema.org\",\"@graph\":[{\"@type\":\"Article\",\"@id\":\"https:\\\/\\\/exaudi.org\\\/es\\\/venezuela-exhortacion-pastoral-asamblea-plenaria\\\/#article\",\"isPartOf\":{\"@id\":\"https:\\\/\\\/exaudi.org\\\/es\\\/venezuela-exhortacion-pastoral-asamblea-plenaria\\\/\"},\"author\":{\"name\":\"Gabriel Sales\",\"@id\":\"https:\\\/\\\/exaudi.org\\\/#\\\/schema\\\/person\\\/d134b96438278131ce90c90c03fda6cd\"},\"headline\":\"Venezuela: Exhortaci\u00f3n Pastoral tras la CXVI Asamblea Plenaria\",\"datePublished\":\"2021-07-13T08:27:24+00:00\",\"dateModified\":\"2021-07-13T17:22:31+00:00\",\"mainEntityOfPage\":{\"@id\":\"https:\\\/\\\/exaudi.org\\\/es\\\/venezuela-exhortacion-pastoral-asamblea-plenaria\\\/\"},\"wordCount\":659,\"image\":{\"@id\":\"https:\\\/\\\/exaudi.org\\\/es\\\/venezuela-exhortacion-pastoral-asamblea-plenaria\\\/#primaryimage\"},\"thumbnailUrl\":\"https:\\\/\\\/exaudi.org\\\/wp-content\\\/uploads\\\/2021\\\/07\\\/123c12c2.jpeg\",\"keywords\":[\"Conferencia Episcopal de Venezuela (CEV)\",\"Exhortaci\u00f3n Pastoral\"],\"articleSection\":[\"Iglesia Local\",\"\u00daltimas noticias\"],\"inLanguage\":\"es\"},{\"@type\":\"WebPage\",\"@id\":\"https:\\\/\\\/exaudi.org\\\/es\\\/venezuela-exhortacion-pastoral-asamblea-plenaria\\\/\",\"url\":\"https:\\\/\\\/exaudi.org\\\/es\\\/venezuela-exhortacion-pastoral-asamblea-plenaria\\\/\",\"name\":\"Venezuela: Exhortaci\u00f3n Pastoral tras la CXVI Asamblea Plenaria - Exaudi\",\"isPartOf\":{\"@id\":\"https:\\\/\\\/exaudi.org\\\/#website\"},\"primaryImageOfPage\":{\"@id\":\"https:\\\/\\\/exaudi.org\\\/es\\\/venezuela-exhortacion-pastoral-asamblea-plenaria\\\/#primaryimage\"},\"image\":{\"@id\":\"https:\\\/\\\/exaudi.org\\\/es\\\/venezuela-exhortacion-pastoral-asamblea-plenaria\\\/#primaryimage\"},\"thumbnailUrl\":\"https:\\\/\\\/exaudi.org\\\/wp-content\\\/uploads\\\/2021\\\/07\\\/123c12c2.jpeg\",\"datePublished\":\"2021-07-13T08:27:24+00:00\",\"dateModified\":\"2021-07-13T17:22:31+00:00\",\"author\":{\"@id\":\"https:\\\/\\\/exaudi.org\\\/#\\\/schema\\\/person\\\/d134b96438278131ce90c90c03fda6cd\"},\"description\":\"Tras la Asamblea Ordinaria Plenaria, los obispos de Venezuela redactaron una Exhortaci\u00f3n Pastoral sobre vacunaci\u00f3n, educaci\u00f3n y violencia.\",\"breadcrumb\":{\"@id\":\"https:\\\/\\\/exaudi.org\\\/es\\\/venezuela-exhortacion-pastoral-asamblea-plenaria\\\/#breadcrumb\"},\"inLanguage\":\"es\",\"potentialAction\":[{\"@type\":\"ReadAction\",\"target\":[\"https:\\\/\\\/exaudi.org\\\/es\\\/venezuela-exhortacion-pastoral-asamblea-plenaria\\\/\"]}]},{\"@type\":\"ImageObject\",\"inLanguage\":\"es\",\"@id\":\"https:\\\/\\\/exaudi.org\\\/es\\\/venezuela-exhortacion-pastoral-asamblea-plenaria\\\/#primaryimage\",\"url\":\"https:\\\/\\\/exaudi.org\\\/wp-content\\\/uploads\\\/2021\\\/07\\\/123c12c2.jpeg\",\"contentUrl\":\"https:\\\/\\\/exaudi.org\\\/wp-content\\\/uploads\\\/2021\\\/07\\\/123c12c2.jpeg\",\"width\":1109,\"height\":693,\"caption\":\"Pueblo de Venezuela en la calle con la bandera \u00a9 CELAM\"},{\"@type\":\"BreadcrumbList\",\"@id\":\"https:\\\/\\\/exaudi.org\\\/es\\\/venezuela-exhortacion-pastoral-asamblea-plenaria\\\/#breadcrumb\",\"itemListElement\":[{\"@type\":\"ListItem\",\"position\":1,\"name\":\"Portada\",\"item\":\"https:\\\/\\\/exaudi.org\\\/es\\\/\"},{\"@type\":\"ListItem\",\"position\":2,\"name\":\"Venezuela: Exhortaci\u00f3n Pastoral tras la CXVI Asamblea Plenaria\"}]},{\"@type\":\"WebSite\",\"@id\":\"https:\\\/\\\/exaudi.org\\\/#website\",\"url\":\"https:\\\/\\\/exaudi.org\\\/\",\"name\":\"Exaudi\",\"description\":\"News\",\"potentialAction\":[{\"@type\":\"SearchAction\",\"target\":{\"@type\":\"EntryPoint\",\"urlTemplate\":\"https:\\\/\\\/exaudi.org\\\/?s={search_term_string}\"},\"query-input\":{\"@type\":\"PropertyValueSpecification\",\"valueRequired\":true,\"valueName\":\"search_term_string\"}}],\"inLanguage\":\"es\"},{\"@type\":\"Person\",\"@id\":\"https:\\\/\\\/exaudi.org\\\/#\\\/schema\\\/person\\\/d134b96438278131ce90c90c03fda6cd\",\"name\":\"Gabriel Sales\",\"image\":{\"@type\":\"ImageObject\",\"inLanguage\":\"es\",\"@id\":\"https:\\\/\\\/secure.gravatar.com\\\/avatar\\\/9b1269566f6a063ed26ffb3532b66a373cdde231ce5d0effb266167437fdaffd?s=96&d=mm&r=g\",\"url\":\"https:\\\/\\\/secure.gravatar.com\\\/avatar\\\/9b1269566f6a063ed26ffb3532b66a373cdde231ce5d0effb266167437fdaffd?s=96&d=mm&r=g\",\"contentUrl\":\"https:\\\/\\\/secure.gravatar.com\\\/avatar\\\/9b1269566f6a063ed26ffb3532b66a373cdde231ce5d0effb266167437fdaffd?s=96&d=mm&r=g\",\"caption\":\"Gabriel Sales\"},\"description\":\"Periodista y especialista en Comunicaci\u00f3n y Branding digital. Cin\u00e9filo y cr\u00edtico de cine y series de televisi\u00f3n.\",\"sameAs\":[\"https:\\\/\\\/www.instagram.com\\\/cine90segundos\\\/\",\"www.linkedin.com\\\/in\\\/habemusman\",\"https:\\\/\\\/x.com\\\/habemusman\",\"https:\\\/\\\/www.youtube.com\\\/channel\\\/UCVfCiOMkJ_C7T7OpyjuaLDg\"],\"url\":\"https:\\\/\\\/exaudi.org\\\/es\\\/author\\\/gsalesexaudi-org\\\/\"}]}<\/script>\n<!-- \/ Yoast SEO plugin. -->","yoast_head_json":{"title":"Venezuela: Exhortaci\u00f3n Pastoral tras la CXVI Asamblea Plenaria - Exaudi","description":"Tras la Asamblea Ordinaria Plenaria, los obispos de Venezuela redactaron una Exhortaci\u00f3n Pastoral sobre vacunaci\u00f3n, educaci\u00f3n y violencia.","robots":{"index":"index","follow":"follow","max-snippet":"max-snippet:-1","max-image-preview":"max-image-preview:large","max-video-preview":"max-video-preview:-1"},"canonical":"https:\/\/exaudi.org\/es\/venezuela-exhortacion-pastoral-asamblea-plenaria\/","og_locale":"es_ES","og_type":"article","og_title":"Venezuela: Exhortaci\u00f3n Pastoral tras la CXVI Asamblea Plenaria - Exaudi","og_description":"Tras la Asamblea Ordinaria Plenaria, los obispos de Venezuela redactaron una Exhortaci\u00f3n Pastoral sobre vacunaci\u00f3n, educaci\u00f3n y violencia.","og_url":"https:\/\/exaudi.org\/es\/venezuela-exhortacion-pastoral-asamblea-plenaria\/","og_site_name":"Exaudi","article_publisher":"https:\/\/www.facebook.com\/ExaudiNews","article_published_time":"2021-07-13T08:27:24+00:00","article_modified_time":"2021-07-13T17:22:31+00:00","og_image":[{"width":1109,"height":693,"url":"https:\/\/exaudi.org\/wp-content\/uploads\/2021\/07\/123c12c2.jpeg","type":"image\/jpeg"}],"author":"Gabriel Sales","twitter_card":"summary_large_image","twitter_creator":"@habemusman","twitter_site":"@Exaudi_News","twitter_misc":{"Escrito por":"Gabriel Sales","Tiempo de lectura":"3 minutos"},"schema":{"@context":"https:\/\/schema.org","@graph":[{"@type":"Article","@id":"https:\/\/exaudi.org\/es\/venezuela-exhortacion-pastoral-asamblea-plenaria\/#article","isPartOf":{"@id":"https:\/\/exaudi.org\/es\/venezuela-exhortacion-pastoral-asamblea-plenaria\/"},"author":{"name":"Gabriel Sales","@id":"https:\/\/exaudi.org\/#\/schema\/person\/d134b96438278131ce90c90c03fda6cd"},"headline":"Venezuela: Exhortaci\u00f3n Pastoral tras la CXVI Asamblea Plenaria","datePublished":"2021-07-13T08:27:24+00:00","dateModified":"2021-07-13T17:22:31+00:00","mainEntityOfPage":{"@id":"https:\/\/exaudi.org\/es\/venezuela-exhortacion-pastoral-asamblea-plenaria\/"},"wordCount":659,"image":{"@id":"https:\/\/exaudi.org\/es\/venezuela-exhortacion-pastoral-asamblea-plenaria\/#primaryimage"},"thumbnailUrl":"https:\/\/exaudi.org\/wp-content\/uploads\/2021\/07\/123c12c2.jpeg","keywords":["Conferencia Episcopal de Venezuela (CEV)","Exhortaci\u00f3n Pastoral"],"articleSection":["Iglesia Local","\u00daltimas noticias"],"inLanguage":"es"},{"@type":"WebPage","@id":"https:\/\/exaudi.org\/es\/venezuela-exhortacion-pastoral-asamblea-plenaria\/","url":"https:\/\/exaudi.org\/es\/venezuela-exhortacion-pastoral-asamblea-plenaria\/","name":"Venezuela: Exhortaci\u00f3n Pastoral tras la CXVI Asamblea Plenaria - Exaudi","isPartOf":{"@id":"https:\/\/exaudi.org\/#website"},"primaryImageOfPage":{"@id":"https:\/\/exaudi.org\/es\/venezuela-exhortacion-pastoral-asamblea-plenaria\/#primaryimage"},"image":{"@id":"https:\/\/exaudi.org\/es\/venezuela-exhortacion-pastoral-asamblea-plenaria\/#primaryimage"},"thumbnailUrl":"https:\/\/exaudi.org\/wp-content\/uploads\/2021\/07\/123c12c2.jpeg","datePublished":"2021-07-13T08:27:24+00:00","dateModified":"2021-07-13T17:22:31+00:00","author":{"@id":"https:\/\/exaudi.org\/#\/schema\/person\/d134b96438278131ce90c90c03fda6cd"},"description":"Tras la Asamblea Ordinaria Plenaria, los obispos de Venezuela redactaron una Exhortaci\u00f3n Pastoral sobre vacunaci\u00f3n, educaci\u00f3n y violencia.","breadcrumb":{"@id":"https:\/\/exaudi.org\/es\/venezuela-exhortacion-pastoral-asamblea-plenaria\/#breadcrumb"},"inLanguage":"es","potentialAction":[{"@type":"ReadAction","target":["https:\/\/exaudi.org\/es\/venezuela-exhortacion-pastoral-asamblea-plenaria\/"]}]},{"@type":"ImageObject","inLanguage":"es","@id":"https:\/\/exaudi.org\/es\/venezuela-exhortacion-pastoral-asamblea-plenaria\/#primaryimage","url":"https:\/\/exaudi.org\/wp-content\/uploads\/2021\/07\/123c12c2.jpeg","contentUrl":"https:\/\/exaudi.org\/wp-content\/uploads\/2021\/07\/123c12c2.jpeg","width":1109,"height":693,"caption":"Pueblo de Venezuela en la calle con la bandera \u00a9 CELAM"},{"@type":"BreadcrumbList","@id":"https:\/\/exaudi.org\/es\/venezuela-exhortacion-pastoral-asamblea-plenaria\/#breadcrumb","itemListElement":[{"@type":"ListItem","position":1,"name":"Portada","item":"https:\/\/exaudi.org\/es\/"},{"@type":"ListItem","position":2,"name":"Venezuela: Exhortaci\u00f3n Pastoral tras la CXVI Asamblea Plenaria"}]},{"@type":"WebSite","@id":"https:\/\/exaudi.org\/#website","url":"https:\/\/exaudi.org\/","name":"Exaudi","description":"News","potentialAction":[{"@type":"SearchAction","target":{"@type":"EntryPoint","urlTemplate":"https:\/\/exaudi.org\/?s={search_term_string}"},"query-input":{"@type":"PropertyValueSpecification","valueRequired":true,"valueName":"search_term_string"}}],"inLanguage":"es"},{"@type":"Person","@id":"https:\/\/exaudi.org\/#\/schema\/person\/d134b96438278131ce90c90c03fda6cd","name":"Gabriel Sales","image":{"@type":"ImageObject","inLanguage":"es","@id":"https:\/\/secure.gravatar.com\/avatar\/9b1269566f6a063ed26ffb3532b66a373cdde231ce5d0effb266167437fdaffd?s=96&d=mm&r=g","url":"https:\/\/secure.gravatar.com\/avatar\/9b1269566f6a063ed26ffb3532b66a373cdde231ce5d0effb266167437fdaffd?s=96&d=mm&r=g","contentUrl":"https:\/\/secure.gravatar.com\/avatar\/9b1269566f6a063ed26ffb3532b66a373cdde231ce5d0effb266167437fdaffd?s=96&d=mm&r=g","caption":"Gabriel Sales"},"description":"Periodista y especialista en Comunicaci\u00f3n y Branding digital. Cin\u00e9filo y cr\u00edtico de cine y series de televisi\u00f3n.","sameAs":["https:\/\/www.instagram.com\/cine90segundos\/","www.linkedin.com\/in\/habemusman","https:\/\/x.com\/habemusman","https:\/\/www.youtube.com\/channel\/UCVfCiOMkJ_C7T7OpyjuaLDg"],"url":"https:\/\/exaudi.org\/es\/author\/gsalesexaudi-org\/"}]}},"jetpack_featured_media_url":"https:\/\/exaudi.org\/wp-content\/uploads\/2021\/07\/123c12c2.jpeg","jetpack_shortlink":"https:\/\/wp.me\/pgKjF2-70r","_links":{"self":[{"href":"https:\/\/exaudi.org\/es\/wp-json\/wp\/v2\/posts\/26935","targetHints":{"allow":["GET"]}}],"collection":[{"href":"https:\/\/exaudi.org\/es\/wp-json\/wp\/v2\/posts"}],"about":[{"href":"https:\/\/exaudi.org\/es\/wp-json\/wp\/v2\/types\/post"}],"author":[{"embeddable":true,"href":"https:\/\/exaudi.org\/es\/wp-json\/wp\/v2\/users\/6"}],"replies":[{"embeddable":true,"href":"https:\/\/exaudi.org\/es\/wp-json\/wp\/v2\/comments?post=26935"}],"version-history":[{"count":0,"href":"https:\/\/exaudi.org\/es\/wp-json\/wp\/v2\/posts\/26935\/revisions"}],"wp:featuredmedia":[{"embeddable":true,"href":"https:\/\/exaudi.org\/es\/wp-json\/wp\/v2\/media\/26938"}],"wp:attachment":[{"href":"https:\/\/exaudi.org\/es\/wp-json\/wp\/v2\/media?parent=26935"}],"wp:term":[{"taxonomy":"category","embeddable":true,"href":"https:\/\/exaudi.org\/es\/wp-json\/wp\/v2\/categories?post=26935"},{"taxonomy":"post_tag","embeddable":true,"href":"https:\/\/exaudi.org\/es\/wp-json\/wp\/v2\/tags?post=26935"}],"curies":[{"name":"wp","href":"https:\/\/api.w.org\/{rel}","templated":true}]}}