{"id":26804,"date":"2021-07-12T10:27:38","date_gmt":"2021-07-12T08:27:38","guid":{"rendered":"https:\/\/exaudi.org\/?p=26804"},"modified":"2021-07-13T10:27:40","modified_gmt":"2021-07-13T08:27:40","slug":"venezuela-comision-permanente-violencia-caracas","status":"publish","type":"post","link":"https:\/\/exaudi.org\/es\/venezuela-comision-permanente-violencia-caracas\/","title":{"rendered":"Venezuela: Comisi\u00f3n Permanente reprueba violencia en Caracas"},"content":{"rendered":"<p>La Comisi\u00f3n Permanente de la <a href=\"https:\/\/conferenciaepiscopalvenezolana.com\/\" target=\"_blank\" rel=\"noopener noreferrer\">Conferencia Episcopal de Venezuela<\/a> (CEV) emiti\u00f3 el pasado viernes 9 de julio un comunicado frente a la violencia suscitada en Caracas y otros lugares del pa\u00eds: \u201cUna vez m\u00e1s nos toca alzar la voz ante la violencia, ante la muerte. Una vez m\u00e1s nos sacude y nos entristece evidenciar c\u00f3mo el miedo, la barbarie, el atropello, el odio, se apoderan de las calles de nuestro pa\u00eds, de nuestras ciudades, de nuestras zonas populares\u201d.<\/p>\n<p>\u201cPor un lado es el resultado de dos d\u00e9cadas en las que se ha blandido la violencia desde el poder como arma pol\u00edtica, a diestra y siniestra, de palabra y obra, como amenaza y como hecho consumado. Si quienes detentan el poder no tienen otro medio para imponer su ideolog\u00eda trasnochada que el de la fuerza y la violencia, no hace falta esperar demasiado para observar una respuesta igualmente violenta\u201d, expresan los <a href=\"https:\/\/exaudi.org\/es\/trabajos-cxvi-conferencia-episcopal-venezuela\/\" target=\"_blank\" rel=\"noopener noreferrer\">obispos venezolanos.<\/a><\/p>\n<p>Asimismo, se\u00f1alan que \u201ceste estallido es adem\u00e1s la demostraci\u00f3n m\u00e1s evidente del fracaso de un modelo social y productivo\u201d, y aclaran que, \u201csi el r\u00e9gimen ha hecho todo cuanto ha podido para hacer imposible que los ciudadanos puedan ganarse la vida de una manera digna y suficiente, tampoco sorprende que haya quienes busquen ganarse la vida por medios delictivos\u201d.<\/p>\n<p>Y a\u00f1aden que es \u201cun fracaso del Estado como garante de la seguridad y de la paz. Para todos resulta obvio que no pocos miembros de los cuerpos de seguridad han dejado de ser garantes de la seguridad y la convivencia pac\u00edfica, y en muchos casos han abandonado por completo vastas regiones del pa\u00eds, especialmente las zonas rurales y populares\u201d.<\/p>\n<p>\u201cEl habitual respeto a la autoridad se ha transformado en desconfianza y temor a la autoridad, en vista de la distorsi\u00f3n de las irregulares funciones que hoy cumplen, incluyendo la extorsi\u00f3n y el soborno\u201d, asevera la Comisi\u00f3n Permanente del Episcopado de Venezuela.<\/p>\n<p>A modo de conclusi\u00f3n, los obispos llaman a \u201crespetar la vida de todo ser humano\u201d, ya que \u201ctodos somos seres dignos, todos somos hermanos, todos somos Hijos de Dios, y todos estamos llamados al Amor\u201d, y hacen llegar sus oraciones a \u201ctodos nuestros hermanos afectados por esta situaci\u00f3n, a los que tienen miedo, los que se ven obligados a desplazarse, los que se encuentran atrapados entre el enfrentamiento\u201d.<\/p>\n<h4><strong>Asamblea Plenaria 2021<\/strong><\/h4>\n<p>Los prelados de la CEV celebraron su CXVI Asamblea Ordinaria Plenaria, de manera virtual, del 7 al 9 de julio de 2021. En los trabajos, el Episcopado abord\u00f3 la II Asamblea Nacional de Pastoral, el proceso de escucha de la Asamblea Eclesial, el primer y\u00a0<a href=\"https:\/\/exaudi.org\/es\/venezuela-ii-encuentro-virtual-de-obispos-y-sacerdotes\/\" target=\"_blank\" rel=\"noopener noreferrer\">segundo encuentro virtual conjunto de obispos y sacerdotes<\/a>, el S\u00ednodo de la Sinodalidad y la reestructuraci\u00f3n del Secretariado Permanente del Episcopado Venezolano.<\/p>\n<p>Seg\u00fan inform\u00f3 el Episcopado, se han analizado la realidad del pa\u00eds en torno a la atenci\u00f3n pastoral a los migrantes venezolanos y la actual situaci\u00f3n de pandemia, as\u00ed como sobre el proceso de vacunaci\u00f3n que se lleva a cabo hasta el momento. La Asamblea culmin\u00f3 con la presentaci\u00f3n de la Exhortaci\u00f3n Pastoral y la reuni\u00f3n de la Comisi\u00f3n Permanente en sesi\u00f3n de tarde.<\/p>\n","protected":false},"excerpt":{"rendered":"<p>Llamamiento a trav\u00e9s de un comunicado<\/p>\n","protected":false},"author":6,"featured_media":26841,"comment_status":"closed","ping_status":"closed","sticky":false,"template":"","format":"standard","meta":{"_acf_changed":false,"_crdt_document":"","inline_featured_image":false,"footnotes":""},"categories":[86,94,298],"tags":[3290,371,835,725],"class_list":["post-26804","post","type-post","status-publish","format-standard","has-post-thumbnail","hentry","category-iglesia-local","category-justicia-y-paz","category-ultimas-noticias","tag-caracas","tag-comision-permanente","tag-conferencia-episcopal-de-venezuela-cev","tag-violencia"],"acf":[],"yoast_head":"<!-- This site is optimized with the Yoast SEO plugin v27.4 - https:\/\/yoast.com\/product\/yoast-seo-wordpress\/ -->\n<title>Venezuela: Comisi\u00f3n Permanente reprueba violencia en Caracas - Exaudi<\/title>\n<meta name=\"description\" content=\"La Comisi\u00f3n Permanente del Episcopado de Venezuela emiti\u00f3 un comunicado en el que reprueba la violencia suscitada en Caracas y otros lugares.\" \/>\n<meta name=\"robots\" content=\"index, follow, max-snippet:-1, max-image-preview:large, max-video-preview:-1\" \/>\n<link rel=\"canonical\" href=\"https:\/\/exaudi.org\/es\/venezuela-comision-permanente-violencia-caracas\/\" \/>\n<meta property=\"og:locale\" content=\"es_ES\" \/>\n<meta property=\"og:type\" content=\"article\" \/>\n<meta property=\"og:title\" content=\"Venezuela: Comisi\u00f3n Permanente reprueba violencia en Caracas - Exaudi\" \/>\n<meta property=\"og:description\" content=\"La Comisi\u00f3n Permanente del Episcopado de Venezuela emiti\u00f3 un comunicado en el que reprueba la violencia suscitada en Caracas y otros lugares.\" \/>\n<meta property=\"og:url\" content=\"https:\/\/exaudi.org\/es\/venezuela-comision-permanente-violencia-caracas\/\" \/>\n<meta property=\"og:site_name\" content=\"Exaudi\" \/>\n<meta property=\"article:publisher\" content=\"https:\/\/www.facebook.com\/ExaudiNews\" \/>\n<meta property=\"article:published_time\" content=\"2021-07-12T08:27:38+00:00\" \/>\n<meta property=\"article:modified_time\" content=\"2021-07-13T08:27:40+00:00\" \/>\n<meta property=\"og:image\" content=\"https:\/\/exaudi.org\/wp-content\/uploads\/2021\/07\/234v.jpeg\" \/>\n\t<meta property=\"og:image:width\" content=\"1263\" \/>\n\t<meta property=\"og:image:height\" content=\"731\" \/>\n\t<meta property=\"og:image:type\" content=\"image\/jpeg\" \/>\n<meta name=\"author\" content=\"Gabriel Sales\" \/>\n<meta name=\"twitter:card\" content=\"summary_large_image\" \/>\n<meta name=\"twitter:creator\" content=\"@habemusman\" \/>\n<meta name=\"twitter:site\" content=\"@Exaudi_News\" \/>\n<meta name=\"twitter:label1\" content=\"Escrito por\" \/>\n\t<meta name=\"twitter:data1\" content=\"Gabriel Sales\" \/>\n\t<meta name=\"twitter:label2\" content=\"Tiempo de lectura\" \/>\n\t<meta name=\"twitter:data2\" content=\"3 minutos\" \/>\n<script type=\"application\/ld+json\" class=\"yoast-schema-graph\">{\"@context\":\"https:\\\/\\\/schema.org\",\"@graph\":[{\"@type\":\"Article\",\"@id\":\"https:\\\/\\\/exaudi.org\\\/es\\\/venezuela-comision-permanente-violencia-caracas\\\/#article\",\"isPartOf\":{\"@id\":\"https:\\\/\\\/exaudi.org\\\/es\\\/venezuela-comision-permanente-violencia-caracas\\\/\"},\"author\":{\"name\":\"Gabriel Sales\",\"@id\":\"https:\\\/\\\/exaudi.org\\\/#\\\/schema\\\/person\\\/d134b96438278131ce90c90c03fda6cd\"},\"headline\":\"Venezuela: Comisi\u00f3n Permanente reprueba violencia en Caracas\",\"datePublished\":\"2021-07-12T08:27:38+00:00\",\"dateModified\":\"2021-07-13T08:27:40+00:00\",\"mainEntityOfPage\":{\"@id\":\"https:\\\/\\\/exaudi.org\\\/es\\\/venezuela-comision-permanente-violencia-caracas\\\/\"},\"wordCount\":551,\"image\":{\"@id\":\"https:\\\/\\\/exaudi.org\\\/es\\\/venezuela-comision-permanente-violencia-caracas\\\/#primaryimage\"},\"thumbnailUrl\":\"https:\\\/\\\/exaudi.org\\\/wp-content\\\/uploads\\\/2021\\\/07\\\/234v.jpeg\",\"keywords\":[\"Caracas\",\"Comisi\u00f3n Permanente\",\"Conferencia Episcopal de Venezuela (CEV)\",\"violencia\"],\"articleSection\":[\"Iglesia Local\",\"Justicia y Paz\",\"\u00daltimas noticias\"],\"inLanguage\":\"es\"},{\"@type\":\"WebPage\",\"@id\":\"https:\\\/\\\/exaudi.org\\\/es\\\/venezuela-comision-permanente-violencia-caracas\\\/\",\"url\":\"https:\\\/\\\/exaudi.org\\\/es\\\/venezuela-comision-permanente-violencia-caracas\\\/\",\"name\":\"Venezuela: Comisi\u00f3n Permanente reprueba violencia en Caracas - Exaudi\",\"isPartOf\":{\"@id\":\"https:\\\/\\\/exaudi.org\\\/#website\"},\"primaryImageOfPage\":{\"@id\":\"https:\\\/\\\/exaudi.org\\\/es\\\/venezuela-comision-permanente-violencia-caracas\\\/#primaryimage\"},\"image\":{\"@id\":\"https:\\\/\\\/exaudi.org\\\/es\\\/venezuela-comision-permanente-violencia-caracas\\\/#primaryimage\"},\"thumbnailUrl\":\"https:\\\/\\\/exaudi.org\\\/wp-content\\\/uploads\\\/2021\\\/07\\\/234v.jpeg\",\"datePublished\":\"2021-07-12T08:27:38+00:00\",\"dateModified\":\"2021-07-13T08:27:40+00:00\",\"author\":{\"@id\":\"https:\\\/\\\/exaudi.org\\\/#\\\/schema\\\/person\\\/d134b96438278131ce90c90c03fda6cd\"},\"description\":\"La Comisi\u00f3n Permanente del Episcopado de Venezuela emiti\u00f3 un comunicado en el que reprueba la violencia suscitada en Caracas y otros lugares.\",\"breadcrumb\":{\"@id\":\"https:\\\/\\\/exaudi.org\\\/es\\\/venezuela-comision-permanente-violencia-caracas\\\/#breadcrumb\"},\"inLanguage\":\"es\",\"potentialAction\":[{\"@type\":\"ReadAction\",\"target\":[\"https:\\\/\\\/exaudi.org\\\/es\\\/venezuela-comision-permanente-violencia-caracas\\\/\"]}]},{\"@type\":\"ImageObject\",\"inLanguage\":\"es\",\"@id\":\"https:\\\/\\\/exaudi.org\\\/es\\\/venezuela-comision-permanente-violencia-caracas\\\/#primaryimage\",\"url\":\"https:\\\/\\\/exaudi.org\\\/wp-content\\\/uploads\\\/2021\\\/07\\\/234v.jpeg\",\"contentUrl\":\"https:\\\/\\\/exaudi.org\\\/wp-content\\\/uploads\\\/2021\\\/07\\\/234v.jpeg\",\"width\":1263,\"height\":731,\"caption\":\"Agentes policiales cacheando a civiles \u00a9 CELAM\"},{\"@type\":\"BreadcrumbList\",\"@id\":\"https:\\\/\\\/exaudi.org\\\/es\\\/venezuela-comision-permanente-violencia-caracas\\\/#breadcrumb\",\"itemListElement\":[{\"@type\":\"ListItem\",\"position\":1,\"name\":\"Portada\",\"item\":\"https:\\\/\\\/exaudi.org\\\/es\\\/\"},{\"@type\":\"ListItem\",\"position\":2,\"name\":\"Venezuela: Comisi\u00f3n Permanente reprueba violencia en Caracas\"}]},{\"@type\":\"WebSite\",\"@id\":\"https:\\\/\\\/exaudi.org\\\/#website\",\"url\":\"https:\\\/\\\/exaudi.org\\\/\",\"name\":\"Exaudi\",\"description\":\"News\",\"potentialAction\":[{\"@type\":\"SearchAction\",\"target\":{\"@type\":\"EntryPoint\",\"urlTemplate\":\"https:\\\/\\\/exaudi.org\\\/?s={search_term_string}\"},\"query-input\":{\"@type\":\"PropertyValueSpecification\",\"valueRequired\":true,\"valueName\":\"search_term_string\"}}],\"inLanguage\":\"es\"},{\"@type\":\"Person\",\"@id\":\"https:\\\/\\\/exaudi.org\\\/#\\\/schema\\\/person\\\/d134b96438278131ce90c90c03fda6cd\",\"name\":\"Gabriel Sales\",\"image\":{\"@type\":\"ImageObject\",\"inLanguage\":\"es\",\"@id\":\"https:\\\/\\\/secure.gravatar.com\\\/avatar\\\/9b1269566f6a063ed26ffb3532b66a373cdde231ce5d0effb266167437fdaffd?s=96&d=mm&r=g\",\"url\":\"https:\\\/\\\/secure.gravatar.com\\\/avatar\\\/9b1269566f6a063ed26ffb3532b66a373cdde231ce5d0effb266167437fdaffd?s=96&d=mm&r=g\",\"contentUrl\":\"https:\\\/\\\/secure.gravatar.com\\\/avatar\\\/9b1269566f6a063ed26ffb3532b66a373cdde231ce5d0effb266167437fdaffd?s=96&d=mm&r=g\",\"caption\":\"Gabriel Sales\"},\"description\":\"Periodista y especialista en Comunicaci\u00f3n y Branding digital. Cin\u00e9filo y cr\u00edtico de cine y series de televisi\u00f3n.\",\"sameAs\":[\"https:\\\/\\\/www.instagram.com\\\/cine90segundos\\\/\",\"www.linkedin.com\\\/in\\\/habemusman\",\"https:\\\/\\\/x.com\\\/habemusman\",\"https:\\\/\\\/www.youtube.com\\\/channel\\\/UCVfCiOMkJ_C7T7OpyjuaLDg\"],\"url\":\"https:\\\/\\\/exaudi.org\\\/es\\\/author\\\/gsalesexaudi-org\\\/\"}]}<\/script>\n<!-- \/ Yoast SEO plugin. -->","yoast_head_json":{"title":"Venezuela: Comisi\u00f3n Permanente reprueba violencia en Caracas - Exaudi","description":"La Comisi\u00f3n Permanente del Episcopado de Venezuela emiti\u00f3 un comunicado en el que reprueba la violencia suscitada en Caracas y otros lugares.","robots":{"index":"index","follow":"follow","max-snippet":"max-snippet:-1","max-image-preview":"max-image-preview:large","max-video-preview":"max-video-preview:-1"},"canonical":"https:\/\/exaudi.org\/es\/venezuela-comision-permanente-violencia-caracas\/","og_locale":"es_ES","og_type":"article","og_title":"Venezuela: Comisi\u00f3n Permanente reprueba violencia en Caracas - Exaudi","og_description":"La Comisi\u00f3n Permanente del Episcopado de Venezuela emiti\u00f3 un comunicado en el que reprueba la violencia suscitada en Caracas y otros lugares.","og_url":"https:\/\/exaudi.org\/es\/venezuela-comision-permanente-violencia-caracas\/","og_site_name":"Exaudi","article_publisher":"https:\/\/www.facebook.com\/ExaudiNews","article_published_time":"2021-07-12T08:27:38+00:00","article_modified_time":"2021-07-13T08:27:40+00:00","og_image":[{"width":1263,"height":731,"url":"https:\/\/exaudi.org\/wp-content\/uploads\/2021\/07\/234v.jpeg","type":"image\/jpeg"}],"author":"Gabriel Sales","twitter_card":"summary_large_image","twitter_creator":"@habemusman","twitter_site":"@Exaudi_News","twitter_misc":{"Escrito por":"Gabriel Sales","Tiempo de lectura":"3 minutos"},"schema":{"@context":"https:\/\/schema.org","@graph":[{"@type":"Article","@id":"https:\/\/exaudi.org\/es\/venezuela-comision-permanente-violencia-caracas\/#article","isPartOf":{"@id":"https:\/\/exaudi.org\/es\/venezuela-comision-permanente-violencia-caracas\/"},"author":{"name":"Gabriel Sales","@id":"https:\/\/exaudi.org\/#\/schema\/person\/d134b96438278131ce90c90c03fda6cd"},"headline":"Venezuela: Comisi\u00f3n Permanente reprueba violencia en Caracas","datePublished":"2021-07-12T08:27:38+00:00","dateModified":"2021-07-13T08:27:40+00:00","mainEntityOfPage":{"@id":"https:\/\/exaudi.org\/es\/venezuela-comision-permanente-violencia-caracas\/"},"wordCount":551,"image":{"@id":"https:\/\/exaudi.org\/es\/venezuela-comision-permanente-violencia-caracas\/#primaryimage"},"thumbnailUrl":"https:\/\/exaudi.org\/wp-content\/uploads\/2021\/07\/234v.jpeg","keywords":["Caracas","Comisi\u00f3n Permanente","Conferencia Episcopal de Venezuela (CEV)","violencia"],"articleSection":["Iglesia Local","Justicia y Paz","\u00daltimas noticias"],"inLanguage":"es"},{"@type":"WebPage","@id":"https:\/\/exaudi.org\/es\/venezuela-comision-permanente-violencia-caracas\/","url":"https:\/\/exaudi.org\/es\/venezuela-comision-permanente-violencia-caracas\/","name":"Venezuela: Comisi\u00f3n Permanente reprueba violencia en Caracas - Exaudi","isPartOf":{"@id":"https:\/\/exaudi.org\/#website"},"primaryImageOfPage":{"@id":"https:\/\/exaudi.org\/es\/venezuela-comision-permanente-violencia-caracas\/#primaryimage"},"image":{"@id":"https:\/\/exaudi.org\/es\/venezuela-comision-permanente-violencia-caracas\/#primaryimage"},"thumbnailUrl":"https:\/\/exaudi.org\/wp-content\/uploads\/2021\/07\/234v.jpeg","datePublished":"2021-07-12T08:27:38+00:00","dateModified":"2021-07-13T08:27:40+00:00","author":{"@id":"https:\/\/exaudi.org\/#\/schema\/person\/d134b96438278131ce90c90c03fda6cd"},"description":"La Comisi\u00f3n Permanente del Episcopado de Venezuela emiti\u00f3 un comunicado en el que reprueba la violencia suscitada en Caracas y otros lugares.","breadcrumb":{"@id":"https:\/\/exaudi.org\/es\/venezuela-comision-permanente-violencia-caracas\/#breadcrumb"},"inLanguage":"es","potentialAction":[{"@type":"ReadAction","target":["https:\/\/exaudi.org\/es\/venezuela-comision-permanente-violencia-caracas\/"]}]},{"@type":"ImageObject","inLanguage":"es","@id":"https:\/\/exaudi.org\/es\/venezuela-comision-permanente-violencia-caracas\/#primaryimage","url":"https:\/\/exaudi.org\/wp-content\/uploads\/2021\/07\/234v.jpeg","contentUrl":"https:\/\/exaudi.org\/wp-content\/uploads\/2021\/07\/234v.jpeg","width":1263,"height":731,"caption":"Agentes policiales cacheando a civiles \u00a9 CELAM"},{"@type":"BreadcrumbList","@id":"https:\/\/exaudi.org\/es\/venezuela-comision-permanente-violencia-caracas\/#breadcrumb","itemListElement":[{"@type":"ListItem","position":1,"name":"Portada","item":"https:\/\/exaudi.org\/es\/"},{"@type":"ListItem","position":2,"name":"Venezuela: Comisi\u00f3n Permanente reprueba violencia en Caracas"}]},{"@type":"WebSite","@id":"https:\/\/exaudi.org\/#website","url":"https:\/\/exaudi.org\/","name":"Exaudi","description":"News","potentialAction":[{"@type":"SearchAction","target":{"@type":"EntryPoint","urlTemplate":"https:\/\/exaudi.org\/?s={search_term_string}"},"query-input":{"@type":"PropertyValueSpecification","valueRequired":true,"valueName":"search_term_string"}}],"inLanguage":"es"},{"@type":"Person","@id":"https:\/\/exaudi.org\/#\/schema\/person\/d134b96438278131ce90c90c03fda6cd","name":"Gabriel Sales","image":{"@type":"ImageObject","inLanguage":"es","@id":"https:\/\/secure.gravatar.com\/avatar\/9b1269566f6a063ed26ffb3532b66a373cdde231ce5d0effb266167437fdaffd?s=96&d=mm&r=g","url":"https:\/\/secure.gravatar.com\/avatar\/9b1269566f6a063ed26ffb3532b66a373cdde231ce5d0effb266167437fdaffd?s=96&d=mm&r=g","contentUrl":"https:\/\/secure.gravatar.com\/avatar\/9b1269566f6a063ed26ffb3532b66a373cdde231ce5d0effb266167437fdaffd?s=96&d=mm&r=g","caption":"Gabriel Sales"},"description":"Periodista y especialista en Comunicaci\u00f3n y Branding digital. Cin\u00e9filo y cr\u00edtico de cine y series de televisi\u00f3n.","sameAs":["https:\/\/www.instagram.com\/cine90segundos\/","www.linkedin.com\/in\/habemusman","https:\/\/x.com\/habemusman","https:\/\/www.youtube.com\/channel\/UCVfCiOMkJ_C7T7OpyjuaLDg"],"url":"https:\/\/exaudi.org\/es\/author\/gsalesexaudi-org\/"}]}},"jetpack_featured_media_url":"https:\/\/exaudi.org\/wp-content\/uploads\/2021\/07\/234v.jpeg","jetpack_shortlink":"https:\/\/wp.me\/pgKjF2-6Yk","_links":{"self":[{"href":"https:\/\/exaudi.org\/es\/wp-json\/wp\/v2\/posts\/26804","targetHints":{"allow":["GET"]}}],"collection":[{"href":"https:\/\/exaudi.org\/es\/wp-json\/wp\/v2\/posts"}],"about":[{"href":"https:\/\/exaudi.org\/es\/wp-json\/wp\/v2\/types\/post"}],"author":[{"embeddable":true,"href":"https:\/\/exaudi.org\/es\/wp-json\/wp\/v2\/users\/6"}],"replies":[{"embeddable":true,"href":"https:\/\/exaudi.org\/es\/wp-json\/wp\/v2\/comments?post=26804"}],"version-history":[{"count":0,"href":"https:\/\/exaudi.org\/es\/wp-json\/wp\/v2\/posts\/26804\/revisions"}],"wp:featuredmedia":[{"embeddable":true,"href":"https:\/\/exaudi.org\/es\/wp-json\/wp\/v2\/media\/26841"}],"wp:attachment":[{"href":"https:\/\/exaudi.org\/es\/wp-json\/wp\/v2\/media?parent=26804"}],"wp:term":[{"taxonomy":"category","embeddable":true,"href":"https:\/\/exaudi.org\/es\/wp-json\/wp\/v2\/categories?post=26804"},{"taxonomy":"post_tag","embeddable":true,"href":"https:\/\/exaudi.org\/es\/wp-json\/wp\/v2\/tags?post=26804"}],"curies":[{"name":"wp","href":"https:\/\/api.w.org\/{rel}","templated":true}]}}