{"id":26753,"date":"2021-07-11T15:02:12","date_gmt":"2021-07-11T13:02:12","guid":{"rendered":"https:\/\/exaudi.org\/?p=26753"},"modified":"2021-10-21T13:43:40","modified_gmt":"2021-10-21T11:43:40","slug":"papa-pide-fin-violencia-haiti","status":"publish","type":"post","link":"https:\/\/exaudi.org\/es\/papa-pide-fin-violencia-haiti\/","title":{"rendered":"Papa pide fin de violencia en Hait\u00ed"},"content":{"rendered":"<p>Tras el rezo del <a href=\"https:\/\/exaudi.org\/es\/papa-francisco-he-sentido-vuestra-cercania-y-el-apoyo-de-vuestras-oraciones\/\" target=\"_blank\" rel=\"noopener noreferrer\">\u00c1ngelus<\/a> de este domingo, 11 de julio de 2021, desde la 10\u00aa planta del Hospital Gemelli, el Papa Francisco hizo un llamamiento por el fin de la violencia en Hait\u00ed, una naci\u00f3n pobre sacudida esta semana por \u201cel asesinato de su presidente y la agresi\u00f3n a su esposa\u201d.<\/p>\n<p>Hoy es el \u201cDomingo del Mar\u201d, record\u00f3 el Papa, \u201cdedicado de manera especial a la gente de mar y a todos los que dependen del mar para su trabajo y sustento. Rezo por ellos y exhorto a todos a cuidar los oc\u00e9anos y los mares. Cuidar la salud de los mares: \u00a1nada de pl\u00e1stico en el mar!\u201d.<\/p>\n<p>Francisco record\u00f3 la fiesta de san Benito, abad y patr\u00f3n de Europa, y bendijo a todos los participantes de la peregrinaci\u00f3n de \u201dla Familia de Radio Mar\u00eda al Santuario de Czestochowa, en Polonia\u201d.<\/p>\n<p>A continuaci\u00f3n, siguen las palabras del Pont\u00edfice seg\u00fan la traducci\u00f3n oficial ofrecida por la <a href=\"https:\/\/www.vatican.va\/news_services\/press\/index_sp.htm\" target=\"_blank\" rel=\"noopener noreferrer\">Oficina de Prensa de la Santa Sede<\/a>:<\/p>\n<p>***<\/p>\n<h4><strong>Palabras despu\u00e9s del \u00c1ngelus<\/strong><\/h4>\n<p><em>Queridos hermanos y hermanas:<\/em><\/p>\n<p>En los \u00faltimos d\u00edas, mi oraci\u00f3n se ha dirigido a menudo a Hait\u00ed, tras el asesinato del presidente y la agresi\u00f3n a su esposa. Me sumo al sentido <a href=\"https:\/\/exaudi.org\/es\/haiti-obispos-condenan-asesinato-del-presidente-moise\/\" target=\"_blank\" rel=\"noopener noreferrer\">llamamiento de los obispos del pa\u00eds<\/a> para \u201cdeponer las armas, elegir la vida, elegir la convivencia fraternal en inter\u00e9s de todos y en inter\u00e9s de Hait\u00ed\u201d. Estoy cerca del querido pueblo haitiano; espero que la espiral de violencia cese y que la naci\u00f3n pueda reanudar el camino hacia un futuro de paz y concordia.<\/p>\n<p>Hoy es el \u201cDomingo del Mar\u201d, dedicado de manera especial a la gente de mar y a todos los que dependen del mar para su trabajo y sustento. Rezo por ellos y exhorto a todos a cuidar los oc\u00e9anos y los mares. Cuidar la salud de los mares: \u00a1nada de pl\u00e1stico en el mar!<\/p>\n<p>Recuerdo y bendigo a todos los que hoy participan en la peregrinaci\u00f3n de la Familia de Radio Mar\u00eda al Santuario de Czestochowa, en Polonia.<\/p>\n<p>Hoy se celebra la fiesta de San Benito, abad y patr\u00f3n de Europa. \u00a1Un abrazo a nuestro santo protector! Felicitemos a los benedictinos y benedictinas de todo el mundo. Y los mejores deseos para Europa, que est\u00e9 unida en sus valores fundacionales.<\/p>\n<p>\u00a1Y a todos, buen domingo! No os olvid\u00e9is de rezar por m\u00ed. Buen almuerzo y \u00a1hasta pronto!<\/p>\n","protected":false},"excerpt":{"rendered":"<p>Palabras despu\u00e9s de la oraci\u00f3n mariana<\/p>\n","protected":false},"author":7,"featured_media":26748,"comment_status":"closed","ping_status":"closed","sticky":false,"template":"","format":"standard","meta":{"_acf_changed":false,"_crdt_document":"","inline_featured_image":false,"footnotes":""},"categories":[70,298],"tags":[3287,793],"class_list":["post-26753","post","type-post","status-publish","format-standard","has-post-thumbnail","hentry","category-angelus-es","category-ultimas-noticias","tag-angelus-11-julio-2021","tag-haiti"],"acf":[],"yoast_head":"<!-- This site is optimized with the Yoast SEO plugin v27.4 - https:\/\/yoast.com\/product\/yoast-seo-wordpress\/ -->\n<title>Papa pide fin de violencia en Hait\u00ed &#8211; Exaudi<\/title>\n<meta name=\"description\" content=\"Tras el rezo del \u00c1ngelus, desde la 10\u00aa planta del Hospital Gemelli, el Papa hizo un llamamiento por el fin de la violencia en Hait\u00ed.\" \/>\n<meta name=\"robots\" content=\"index, follow, max-snippet:-1, max-image-preview:large, max-video-preview:-1\" \/>\n<link rel=\"canonical\" href=\"https:\/\/exaudi.org\/es\/papa-pide-fin-violencia-haiti\/\" \/>\n<meta property=\"og:locale\" content=\"es_ES\" \/>\n<meta property=\"og:type\" content=\"article\" \/>\n<meta property=\"og:title\" content=\"Papa pide fin de violencia en Hait\u00ed &#8211; Exaudi\" \/>\n<meta property=\"og:description\" content=\"Tras el rezo del \u00c1ngelus, desde la 10\u00aa planta del Hospital Gemelli, el Papa hizo un llamamiento por el fin de la violencia en Hait\u00ed.\" \/>\n<meta property=\"og:url\" content=\"https:\/\/exaudi.org\/es\/papa-pide-fin-violencia-haiti\/\" \/>\n<meta property=\"og:site_name\" content=\"Exaudi\" \/>\n<meta property=\"article:publisher\" content=\"https:\/\/www.facebook.com\/ExaudiNews\" \/>\n<meta property=\"article:published_time\" content=\"2021-07-11T13:02:12+00:00\" \/>\n<meta property=\"article:modified_time\" content=\"2021-10-21T11:43:40+00:00\" \/>\n<meta property=\"og:image\" content=\"https:\/\/exaudi.org\/wp-content\/uploads\/2021\/07\/Pellegrini-angelus.jpeg\" \/>\n\t<meta property=\"og:image:width\" content=\"1600\" \/>\n\t<meta property=\"og:image:height\" content=\"1200\" \/>\n\t<meta property=\"og:image:type\" content=\"image\/jpeg\" \/>\n<meta name=\"author\" content=\"Raquel Anillo\" \/>\n<meta name=\"twitter:card\" content=\"summary_large_image\" \/>\n<meta name=\"twitter:creator\" content=\"@Exaudi_News\" \/>\n<meta name=\"twitter:site\" content=\"@Exaudi_News\" \/>\n<meta name=\"twitter:label1\" content=\"Escrito por\" \/>\n\t<meta name=\"twitter:data1\" content=\"Raquel Anillo\" \/>\n\t<meta name=\"twitter:label2\" content=\"Tiempo de lectura\" \/>\n\t<meta name=\"twitter:data2\" content=\"2 minutos\" \/>\n<script type=\"application\/ld+json\" class=\"yoast-schema-graph\">{\"@context\":\"https:\\\/\\\/schema.org\",\"@graph\":[{\"@type\":\"Article\",\"@id\":\"https:\\\/\\\/exaudi.org\\\/es\\\/papa-pide-fin-violencia-haiti\\\/#article\",\"isPartOf\":{\"@id\":\"https:\\\/\\\/exaudi.org\\\/es\\\/papa-pide-fin-violencia-haiti\\\/\"},\"author\":{\"name\":\"Raquel Anillo\",\"@id\":\"https:\\\/\\\/exaudi.org\\\/#\\\/schema\\\/person\\\/6ff0af358a606d657c4b1b6e0d5c85cb\"},\"headline\":\"Papa pide fin de violencia en Hait\u00ed\",\"datePublished\":\"2021-07-11T13:02:12+00:00\",\"dateModified\":\"2021-10-21T11:43:40+00:00\",\"mainEntityOfPage\":{\"@id\":\"https:\\\/\\\/exaudi.org\\\/es\\\/papa-pide-fin-violencia-haiti\\\/\"},\"wordCount\":419,\"image\":{\"@id\":\"https:\\\/\\\/exaudi.org\\\/es\\\/papa-pide-fin-violencia-haiti\\\/#primaryimage\"},\"thumbnailUrl\":\"https:\\\/\\\/exaudi.org\\\/wp-content\\\/uploads\\\/2021\\\/07\\\/Pellegrini-angelus.jpeg\",\"keywords\":[\"\u00c1ngelus 11 julio 2021\",\"Hait\u00ed\"],\"articleSection\":[\"\u00c1ngelus\",\"\u00daltimas noticias\"],\"inLanguage\":\"es\"},{\"@type\":\"WebPage\",\"@id\":\"https:\\\/\\\/exaudi.org\\\/es\\\/papa-pide-fin-violencia-haiti\\\/\",\"url\":\"https:\\\/\\\/exaudi.org\\\/es\\\/papa-pide-fin-violencia-haiti\\\/\",\"name\":\"Papa pide fin de violencia en Hait\u00ed &#8211; Exaudi\",\"isPartOf\":{\"@id\":\"https:\\\/\\\/exaudi.org\\\/#website\"},\"primaryImageOfPage\":{\"@id\":\"https:\\\/\\\/exaudi.org\\\/es\\\/papa-pide-fin-violencia-haiti\\\/#primaryimage\"},\"image\":{\"@id\":\"https:\\\/\\\/exaudi.org\\\/es\\\/papa-pide-fin-violencia-haiti\\\/#primaryimage\"},\"thumbnailUrl\":\"https:\\\/\\\/exaudi.org\\\/wp-content\\\/uploads\\\/2021\\\/07\\\/Pellegrini-angelus.jpeg\",\"datePublished\":\"2021-07-11T13:02:12+00:00\",\"dateModified\":\"2021-10-21T11:43:40+00:00\",\"author\":{\"@id\":\"https:\\\/\\\/exaudi.org\\\/#\\\/schema\\\/person\\\/6ff0af358a606d657c4b1b6e0d5c85cb\"},\"description\":\"Tras el rezo del \u00c1ngelus, desde la 10\u00aa planta del Hospital Gemelli, el Papa hizo un llamamiento por el fin de la violencia en Hait\u00ed.\",\"breadcrumb\":{\"@id\":\"https:\\\/\\\/exaudi.org\\\/es\\\/papa-pide-fin-violencia-haiti\\\/#breadcrumb\"},\"inLanguage\":\"es\",\"potentialAction\":[{\"@type\":\"ReadAction\",\"target\":[\"https:\\\/\\\/exaudi.org\\\/es\\\/papa-pide-fin-violencia-haiti\\\/\"]}]},{\"@type\":\"ImageObject\",\"inLanguage\":\"es\",\"@id\":\"https:\\\/\\\/exaudi.org\\\/es\\\/papa-pide-fin-violencia-haiti\\\/#primaryimage\",\"url\":\"https:\\\/\\\/exaudi.org\\\/wp-content\\\/uploads\\\/2021\\\/07\\\/Pellegrini-angelus.jpeg\",\"contentUrl\":\"https:\\\/\\\/exaudi.org\\\/wp-content\\\/uploads\\\/2021\\\/07\\\/Pellegrini-angelus.jpeg\",\"width\":1600,\"height\":1200,\"caption\":\"\u00c1ngelus, 11 julio 2021\u00a9 Exaudi\"},{\"@type\":\"BreadcrumbList\",\"@id\":\"https:\\\/\\\/exaudi.org\\\/es\\\/papa-pide-fin-violencia-haiti\\\/#breadcrumb\",\"itemListElement\":[{\"@type\":\"ListItem\",\"position\":1,\"name\":\"Portada\",\"item\":\"https:\\\/\\\/exaudi.org\\\/es\\\/\"},{\"@type\":\"ListItem\",\"position\":2,\"name\":\"Papa pide fin de violencia en Hait\u00ed\"}]},{\"@type\":\"WebSite\",\"@id\":\"https:\\\/\\\/exaudi.org\\\/#website\",\"url\":\"https:\\\/\\\/exaudi.org\\\/\",\"name\":\"Exaudi\",\"description\":\"News\",\"potentialAction\":[{\"@type\":\"SearchAction\",\"target\":{\"@type\":\"EntryPoint\",\"urlTemplate\":\"https:\\\/\\\/exaudi.org\\\/?s={search_term_string}\"},\"query-input\":{\"@type\":\"PropertyValueSpecification\",\"valueRequired\":true,\"valueName\":\"search_term_string\"}}],\"inLanguage\":\"es\"},{\"@type\":\"Person\",\"@id\":\"https:\\\/\\\/exaudi.org\\\/#\\\/schema\\\/person\\\/6ff0af358a606d657c4b1b6e0d5c85cb\",\"name\":\"Raquel Anillo\",\"image\":{\"@type\":\"ImageObject\",\"inLanguage\":\"es\",\"@id\":\"https:\\\/\\\/secure.gravatar.com\\\/avatar\\\/7f88757c095badfcf277fb437d860f221e7a4fb83008b887cccb1f1299f66efb?s=96&d=mm&r=g\",\"url\":\"https:\\\/\\\/secure.gravatar.com\\\/avatar\\\/7f88757c095badfcf277fb437d860f221e7a4fb83008b887cccb1f1299f66efb?s=96&d=mm&r=g\",\"contentUrl\":\"https:\\\/\\\/secure.gravatar.com\\\/avatar\\\/7f88757c095badfcf277fb437d860f221e7a4fb83008b887cccb1f1299f66efb?s=96&d=mm&r=g\",\"caption\":\"Raquel Anillo\"},\"description\":\"Casada. Comprometida con la Iglesia. Traductora e int\u00e9rprete para la Comunidad Emmanuel, especialmente para las sesiones internacionales de Paray le Monial (Francia) 1986 al 2005. Colaboradora de Zenit de 2012-2014 y de 2017-2020 como traductora.\",\"url\":\"https:\\\/\\\/exaudi.org\\\/es\\\/author\\\/ranilloexaudi-org\\\/\"}]}<\/script>\n<!-- \/ Yoast SEO plugin. -->","yoast_head_json":{"title":"Papa pide fin de violencia en Hait\u00ed &#8211; Exaudi","description":"Tras el rezo del \u00c1ngelus, desde la 10\u00aa planta del Hospital Gemelli, el Papa hizo un llamamiento por el fin de la violencia en Hait\u00ed.","robots":{"index":"index","follow":"follow","max-snippet":"max-snippet:-1","max-image-preview":"max-image-preview:large","max-video-preview":"max-video-preview:-1"},"canonical":"https:\/\/exaudi.org\/es\/papa-pide-fin-violencia-haiti\/","og_locale":"es_ES","og_type":"article","og_title":"Papa pide fin de violencia en Hait\u00ed &#8211; Exaudi","og_description":"Tras el rezo del \u00c1ngelus, desde la 10\u00aa planta del Hospital Gemelli, el Papa hizo un llamamiento por el fin de la violencia en Hait\u00ed.","og_url":"https:\/\/exaudi.org\/es\/papa-pide-fin-violencia-haiti\/","og_site_name":"Exaudi","article_publisher":"https:\/\/www.facebook.com\/ExaudiNews","article_published_time":"2021-07-11T13:02:12+00:00","article_modified_time":"2021-10-21T11:43:40+00:00","og_image":[{"width":1600,"height":1200,"url":"https:\/\/exaudi.org\/wp-content\/uploads\/2021\/07\/Pellegrini-angelus.jpeg","type":"image\/jpeg"}],"author":"Raquel Anillo","twitter_card":"summary_large_image","twitter_creator":"@Exaudi_News","twitter_site":"@Exaudi_News","twitter_misc":{"Escrito por":"Raquel Anillo","Tiempo de lectura":"2 minutos"},"schema":{"@context":"https:\/\/schema.org","@graph":[{"@type":"Article","@id":"https:\/\/exaudi.org\/es\/papa-pide-fin-violencia-haiti\/#article","isPartOf":{"@id":"https:\/\/exaudi.org\/es\/papa-pide-fin-violencia-haiti\/"},"author":{"name":"Raquel Anillo","@id":"https:\/\/exaudi.org\/#\/schema\/person\/6ff0af358a606d657c4b1b6e0d5c85cb"},"headline":"Papa pide fin de violencia en Hait\u00ed","datePublished":"2021-07-11T13:02:12+00:00","dateModified":"2021-10-21T11:43:40+00:00","mainEntityOfPage":{"@id":"https:\/\/exaudi.org\/es\/papa-pide-fin-violencia-haiti\/"},"wordCount":419,"image":{"@id":"https:\/\/exaudi.org\/es\/papa-pide-fin-violencia-haiti\/#primaryimage"},"thumbnailUrl":"https:\/\/exaudi.org\/wp-content\/uploads\/2021\/07\/Pellegrini-angelus.jpeg","keywords":["\u00c1ngelus 11 julio 2021","Hait\u00ed"],"articleSection":["\u00c1ngelus","\u00daltimas noticias"],"inLanguage":"es"},{"@type":"WebPage","@id":"https:\/\/exaudi.org\/es\/papa-pide-fin-violencia-haiti\/","url":"https:\/\/exaudi.org\/es\/papa-pide-fin-violencia-haiti\/","name":"Papa pide fin de violencia en Hait\u00ed &#8211; Exaudi","isPartOf":{"@id":"https:\/\/exaudi.org\/#website"},"primaryImageOfPage":{"@id":"https:\/\/exaudi.org\/es\/papa-pide-fin-violencia-haiti\/#primaryimage"},"image":{"@id":"https:\/\/exaudi.org\/es\/papa-pide-fin-violencia-haiti\/#primaryimage"},"thumbnailUrl":"https:\/\/exaudi.org\/wp-content\/uploads\/2021\/07\/Pellegrini-angelus.jpeg","datePublished":"2021-07-11T13:02:12+00:00","dateModified":"2021-10-21T11:43:40+00:00","author":{"@id":"https:\/\/exaudi.org\/#\/schema\/person\/6ff0af358a606d657c4b1b6e0d5c85cb"},"description":"Tras el rezo del \u00c1ngelus, desde la 10\u00aa planta del Hospital Gemelli, el Papa hizo un llamamiento por el fin de la violencia en Hait\u00ed.","breadcrumb":{"@id":"https:\/\/exaudi.org\/es\/papa-pide-fin-violencia-haiti\/#breadcrumb"},"inLanguage":"es","potentialAction":[{"@type":"ReadAction","target":["https:\/\/exaudi.org\/es\/papa-pide-fin-violencia-haiti\/"]}]},{"@type":"ImageObject","inLanguage":"es","@id":"https:\/\/exaudi.org\/es\/papa-pide-fin-violencia-haiti\/#primaryimage","url":"https:\/\/exaudi.org\/wp-content\/uploads\/2021\/07\/Pellegrini-angelus.jpeg","contentUrl":"https:\/\/exaudi.org\/wp-content\/uploads\/2021\/07\/Pellegrini-angelus.jpeg","width":1600,"height":1200,"caption":"\u00c1ngelus, 11 julio 2021\u00a9 Exaudi"},{"@type":"BreadcrumbList","@id":"https:\/\/exaudi.org\/es\/papa-pide-fin-violencia-haiti\/#breadcrumb","itemListElement":[{"@type":"ListItem","position":1,"name":"Portada","item":"https:\/\/exaudi.org\/es\/"},{"@type":"ListItem","position":2,"name":"Papa pide fin de violencia en Hait\u00ed"}]},{"@type":"WebSite","@id":"https:\/\/exaudi.org\/#website","url":"https:\/\/exaudi.org\/","name":"Exaudi","description":"News","potentialAction":[{"@type":"SearchAction","target":{"@type":"EntryPoint","urlTemplate":"https:\/\/exaudi.org\/?s={search_term_string}"},"query-input":{"@type":"PropertyValueSpecification","valueRequired":true,"valueName":"search_term_string"}}],"inLanguage":"es"},{"@type":"Person","@id":"https:\/\/exaudi.org\/#\/schema\/person\/6ff0af358a606d657c4b1b6e0d5c85cb","name":"Raquel Anillo","image":{"@type":"ImageObject","inLanguage":"es","@id":"https:\/\/secure.gravatar.com\/avatar\/7f88757c095badfcf277fb437d860f221e7a4fb83008b887cccb1f1299f66efb?s=96&d=mm&r=g","url":"https:\/\/secure.gravatar.com\/avatar\/7f88757c095badfcf277fb437d860f221e7a4fb83008b887cccb1f1299f66efb?s=96&d=mm&r=g","contentUrl":"https:\/\/secure.gravatar.com\/avatar\/7f88757c095badfcf277fb437d860f221e7a4fb83008b887cccb1f1299f66efb?s=96&d=mm&r=g","caption":"Raquel Anillo"},"description":"Casada. Comprometida con la Iglesia. Traductora e int\u00e9rprete para la Comunidad Emmanuel, especialmente para las sesiones internacionales de Paray le Monial (Francia) 1986 al 2005. Colaboradora de Zenit de 2012-2014 y de 2017-2020 como traductora.","url":"https:\/\/exaudi.org\/es\/author\/ranilloexaudi-org\/"}]}},"jetpack_featured_media_url":"https:\/\/exaudi.org\/wp-content\/uploads\/2021\/07\/Pellegrini-angelus.jpeg","jetpack_shortlink":"https:\/\/wp.me\/pgKjF2-6Xv","_links":{"self":[{"href":"https:\/\/exaudi.org\/es\/wp-json\/wp\/v2\/posts\/26753","targetHints":{"allow":["GET"]}}],"collection":[{"href":"https:\/\/exaudi.org\/es\/wp-json\/wp\/v2\/posts"}],"about":[{"href":"https:\/\/exaudi.org\/es\/wp-json\/wp\/v2\/types\/post"}],"author":[{"embeddable":true,"href":"https:\/\/exaudi.org\/es\/wp-json\/wp\/v2\/users\/7"}],"replies":[{"embeddable":true,"href":"https:\/\/exaudi.org\/es\/wp-json\/wp\/v2\/comments?post=26753"}],"version-history":[{"count":0,"href":"https:\/\/exaudi.org\/es\/wp-json\/wp\/v2\/posts\/26753\/revisions"}],"wp:featuredmedia":[{"embeddable":true,"href":"https:\/\/exaudi.org\/es\/wp-json\/wp\/v2\/media\/26748"}],"wp:attachment":[{"href":"https:\/\/exaudi.org\/es\/wp-json\/wp\/v2\/media?parent=26753"}],"wp:term":[{"taxonomy":"category","embeddable":true,"href":"https:\/\/exaudi.org\/es\/wp-json\/wp\/v2\/categories?post=26753"},{"taxonomy":"post_tag","embeddable":true,"href":"https:\/\/exaudi.org\/es\/wp-json\/wp\/v2\/tags?post=26753"}],"curies":[{"name":"wp","href":"https:\/\/api.w.org\/{rel}","templated":true}]}}