{"id":26750,"date":"2021-07-11T14:23:58","date_gmt":"2021-07-11T12:23:58","guid":{"rendered":"https:\/\/exaudi.org\/?p=26750"},"modified":"2021-07-13T09:44:50","modified_gmt":"2021-07-13T07:44:50","slug":"papa-francisco-cercania-apoyo-oraciones","status":"publish","type":"post","link":"https:\/\/exaudi.org\/es\/papa-francisco-cercania-apoyo-oraciones\/","title":{"rendered":"Papa Francisco: \u201cHe sentido vuestra cercan\u00eda\u201d"},"content":{"rendered":"<p>En el rezo del <a href=\"https:\/\/exaudi.org\/es\/papa-pide-fin-violencia-haiti\/\" target=\"_blank\" rel=\"noopener noreferrer\">\u00c1ngelus<\/a>, desde el balc\u00f3n de la d\u00e9cima planta del Hospital\u00a0<em>Gemelli\u00a0<\/em>de Roma, el Papa Francisco expres\u00f3 lo siguiente. \u201cHe sentido vuestra cercan\u00eda y el apoyo de vuestras oraciones\u201d. Junto a \u00e9l se encontraban una ni\u00f1a, algunos enfermos y personal sanitario del hospital donde el Santo Padre fue operado del colon el pasado domingo a causa de una diverticulitis.<\/p>\n<p>El Santo Padre reflexion\u00f3 sobre el Evangelio de hoy, domingo, 11 de julio de 2021, en el que, \u201clos disc\u00edpulos de Jes\u00fas, enviados por \u00c9l, \u201cung\u00edan con aceite a muchos enfermos y los curaban\u201d (<em>Mc\u00a0<\/em>6,13). Este \u201caceite\u201d nos hace pensar tambi\u00e9n en el sacramento de la Unci\u00f3n de los enfermos, que da consuelo al esp\u00edritu y al cuerpo. Pero este \u201caceite\u201d es tambi\u00e9n la escucha, la cercan\u00eda, la atenci\u00f3n, la ternura de quien cuida a la persona enferma\u201d.<\/p>\n<p>El Papa quiso expresar su aprecio y su aliento a los m\u00e9dicos, a los sanitarios y a todo el personal de este hospital y de otros hospitales. \u201c\u00a1Cu\u00e1nto trabajan! Y recemos por todos los enfermos\u201d.<\/p>\n<p>A continuaci\u00f3n, siguen las palabras del Pont\u00edfice seg\u00fan la traducci\u00f3n oficial ofrecida por la <a href=\"https:\/\/www.vatican.va\/news_services\/press\/index_sp.htm\" target=\"_blank\" rel=\"noopener noreferrer\">Oficina de Prensa de la Santa Sede<\/a>:<\/p>\n<p>***<\/p>\n<h4><strong>Palabras antes del \u00c1ngelus<\/strong><\/h4>\n<p><em>Queridos hermanos y hermanas, \u00a1buenos d\u00edas!<\/em><\/p>\n<p>Me alegra poder mantener la cita dominical del \u00c1ngelus tambi\u00e9n aqu\u00ed desde el Hospital Gemelli. Os doy las gracias a todos: he sentido vuestra cercan\u00eda y el apoyo de vuestras oraciones. Gracias de todo coraz\u00f3n. El Evangelio que se lee hoy en la Liturgia narra que los disc\u00edpulos de Jes\u00fas, enviados por \u00c9l, \u201cung\u00edan con aceite a muchos enfermos y los curaban\u201d (<em>Mc\u00a0<\/em>6,13). Este \u201caceite\u201d nos hace pensar tambi\u00e9n en el sacramento de la Unci\u00f3n de los enfermos, que da consuelo al esp\u00edritu y al cuerpo. Pero este \u201caceite\u201d es tambi\u00e9n la escucha, la cercan\u00eda, la atenci\u00f3n, la ternura de quien cuida a la persona enferma: es como una caricia que hace que nos sintamos mejor, que calma el dolor y anima. Todos nosotros, todos, necesitamos tarde o temprano, esta \u201cunci\u00f3n\u201d, la cercan\u00eda y la ternura, y todos podemos d\u00e1rsela a alguien, con una visita, una llamada telef\u00f3nica, una mano tendida a quien necesita ayuda. Recordemos que, en el protocolo del Juicio Final (Mateo, 25) una de las cosas que nos preguntar\u00e1n ser\u00e1 la cercan\u00eda a los enfermos.<img loading=\"lazy\" decoding=\"async\" class=\"size-medium wp-image-26768 alignleft\" src=\"https:\/\/exaudi.org\/wp-content\/uploads\/2021\/07\/hospital-Gemelli-1-300x200.jpg\" alt=\"\" width=\"300\" height=\"200\" srcset=\"https:\/\/exaudi.org\/wp-content\/uploads\/2021\/07\/hospital-Gemelli-1-300x200.jpg 300w, https:\/\/exaudi.org\/wp-content\/uploads\/2021\/07\/hospital-Gemelli-1-1024x683.jpg 1024w, https:\/\/exaudi.org\/wp-content\/uploads\/2021\/07\/hospital-Gemelli-1-768x512.jpg 768w, https:\/\/exaudi.org\/wp-content\/uploads\/2021\/07\/hospital-Gemelli-1-1536x1024.jpg 1536w, https:\/\/exaudi.org\/wp-content\/uploads\/2021\/07\/hospital-Gemelli-1-150x100.jpg 150w, https:\/\/exaudi.org\/wp-content\/uploads\/2021\/07\/hospital-Gemelli-1-696x464.jpg 696w, https:\/\/exaudi.org\/wp-content\/uploads\/2021\/07\/hospital-Gemelli-1-1068x712.jpg 1068w, https:\/\/exaudi.org\/wp-content\/uploads\/2021\/07\/hospital-Gemelli-1-630x420.jpg 630w, https:\/\/exaudi.org\/wp-content\/uploads\/2021\/07\/hospital-Gemelli-1.jpg 1900w\" sizes=\"auto, (max-width: 300px) 100vw, 300px\" \/><\/p>\n<p>En estos d\u00edas de hospitalizaci\u00f3n, he experimentado una vez m\u00e1s lo importante que es un buen servicio sanitario, accesible a todos, como el que hay en Italia y en otros pa\u00edses. Un servicio sanitario gratuito que garantice un buen servicio accesible para todos. No debemos perder este bien tan precioso. \u00a1Tenemos que mantenerlo! Y para ello debemos esforzarnos todos, porque sirve a todos y requiere la contribuci\u00f3n de todos. Tambi\u00e9n en la Iglesia pasa a veces que alguna instituci\u00f3n sanitaria, debido a una gesti\u00f3n inadecuada, no va bien econ\u00f3micamente, y el primer pensamiento que se nos ocurre es venderla. Pero la vocaci\u00f3n, en la Iglesia, no es tener dinero, es hacer un servicio, y el servicio es siempre gratuito. No os olvid\u00e9is de esto: salvar las instituciones gratuitas.<img loading=\"lazy\" decoding=\"async\" class=\"size-medium wp-image-26777 alignright\" src=\"https:\/\/exaudi.org\/wp-content\/uploads\/2021\/07\/Hospital-Gemelli-6-300x200.jpg\" alt=\"\" width=\"300\" height=\"200\" srcset=\"https:\/\/exaudi.org\/wp-content\/uploads\/2021\/07\/Hospital-Gemelli-6-300x200.jpg 300w, https:\/\/exaudi.org\/wp-content\/uploads\/2021\/07\/Hospital-Gemelli-6-1024x683.jpg 1024w, https:\/\/exaudi.org\/wp-content\/uploads\/2021\/07\/Hospital-Gemelli-6-768x512.jpg 768w, https:\/\/exaudi.org\/wp-content\/uploads\/2021\/07\/Hospital-Gemelli-6-1536x1024.jpg 1536w, https:\/\/exaudi.org\/wp-content\/uploads\/2021\/07\/Hospital-Gemelli-6-150x100.jpg 150w, https:\/\/exaudi.org\/wp-content\/uploads\/2021\/07\/Hospital-Gemelli-6-696x464.jpg 696w, https:\/\/exaudi.org\/wp-content\/uploads\/2021\/07\/Hospital-Gemelli-6-1068x712.jpg 1068w, https:\/\/exaudi.org\/wp-content\/uploads\/2021\/07\/Hospital-Gemelli-6-630x420.jpg 630w, https:\/\/exaudi.org\/wp-content\/uploads\/2021\/07\/Hospital-Gemelli-6.jpg 1900w\" sizes=\"auto, (max-width: 300px) 100vw, 300px\" \/><\/p>\n<p>Quiero expresar mi aprecio y mi aliento a los m\u00e9dicos, a los sanitarios y a todo el personal de este hospital y de otros hospitales. \u00a1Cu\u00e1nto trabajan! Y recemos por todos los enfermos. Aqu\u00ed hay algunos peque\u00f1os amigos enfermos&#8230; \u00bfpor qu\u00e9 sufren los ni\u00f1os? Por qu\u00e9 sufren los ni\u00f1os es una pregunta que toca el coraz\u00f3n. Acompa\u00f1arlos con la oraci\u00f3n y rezar por todos los enfermos, especialmente por los que se encuentran en las condiciones m\u00e1s dif\u00edciles: que no se deje a nadie solo, que todos reciban la unci\u00f3n de la escucha, de la cercan\u00eda, de la ternura y del cuidado. Lo pedimos por intercesi\u00f3n de Mar\u00eda, nuestra Madre, Salud de los Enfermos.<\/p>\n","protected":false},"excerpt":{"rendered":"<p>Palabras antes del \u00c1ngelus<\/p>\n","protected":false},"author":7,"featured_media":26791,"comment_status":"closed","ping_status":"closed","sticky":false,"template":"","format":"standard","meta":{"_acf_changed":false,"_crdt_document":"","inline_featured_image":false,"footnotes":""},"categories":[70,298],"tags":[3287],"class_list":["post-26750","post","type-post","status-publish","format-standard","has-post-thumbnail","hentry","category-angelus-es","category-ultimas-noticias","tag-angelus-11-julio-2021"],"acf":[],"yoast_head":"<!-- This site is optimized with the Yoast SEO plugin v27.4 - https:\/\/yoast.com\/product\/yoast-seo-wordpress\/ -->\n<title>Papa Francisco: \u201cHe sentido vuestra cercan\u00eda\u201d - Exaudi Catholic News<\/title>\n<meta name=\"description\" content=\"En el rezo del \u00c1ngelus del domingo, el Papa expres\u00f3 lo siguiente: \u201cHe sentido vuestra cercan\u00eda y el apoyo de vuestras oraciones\u201d.\" \/>\n<meta name=\"robots\" content=\"index, follow, max-snippet:-1, max-image-preview:large, max-video-preview:-1\" \/>\n<link rel=\"canonical\" href=\"https:\/\/exaudi.org\/es\/papa-francisco-cercania-apoyo-oraciones\/\" \/>\n<meta property=\"og:locale\" content=\"es_ES\" \/>\n<meta property=\"og:type\" content=\"article\" \/>\n<meta property=\"og:title\" content=\"Papa Francisco: \u201cHe sentido vuestra cercan\u00eda\u201d - Exaudi Catholic News\" \/>\n<meta property=\"og:description\" content=\"En el rezo del \u00c1ngelus del domingo, el Papa expres\u00f3 lo siguiente: \u201cHe sentido vuestra cercan\u00eda y el apoyo de vuestras oraciones\u201d.\" \/>\n<meta property=\"og:url\" content=\"https:\/\/exaudi.org\/es\/papa-francisco-cercania-apoyo-oraciones\/\" \/>\n<meta property=\"og:site_name\" content=\"Exaudi\" \/>\n<meta property=\"article:publisher\" content=\"https:\/\/www.facebook.com\/ExaudiNews\" \/>\n<meta property=\"article:published_time\" content=\"2021-07-11T12:23:58+00:00\" \/>\n<meta property=\"article:modified_time\" content=\"2021-07-13T07:44:50+00:00\" \/>\n<meta property=\"og:image\" content=\"https:\/\/exaudi.org\/wp-content\/uploads\/2021\/07\/12c32.jpg\" \/>\n\t<meta property=\"og:image:width\" content=\"1851\" \/>\n\t<meta property=\"og:image:height\" content=\"1234\" \/>\n\t<meta property=\"og:image:type\" content=\"image\/jpeg\" \/>\n<meta name=\"author\" content=\"Raquel Anillo\" \/>\n<meta name=\"twitter:card\" content=\"summary_large_image\" \/>\n<meta name=\"twitter:creator\" content=\"@Exaudi_News\" \/>\n<meta name=\"twitter:site\" content=\"@Exaudi_News\" \/>\n<meta name=\"twitter:label1\" content=\"Escrito por\" \/>\n\t<meta name=\"twitter:data1\" content=\"Raquel Anillo\" \/>\n\t<meta name=\"twitter:label2\" content=\"Tiempo de lectura\" \/>\n\t<meta name=\"twitter:data2\" content=\"4 minutos\" \/>\n<script type=\"application\/ld+json\" class=\"yoast-schema-graph\">{\"@context\":\"https:\\\/\\\/schema.org\",\"@graph\":[{\"@type\":\"Article\",\"@id\":\"https:\\\/\\\/exaudi.org\\\/es\\\/papa-francisco-cercania-apoyo-oraciones\\\/#article\",\"isPartOf\":{\"@id\":\"https:\\\/\\\/exaudi.org\\\/es\\\/papa-francisco-cercania-apoyo-oraciones\\\/\"},\"author\":{\"name\":\"Raquel Anillo\",\"@id\":\"https:\\\/\\\/exaudi.org\\\/#\\\/schema\\\/person\\\/6ff0af358a606d657c4b1b6e0d5c85cb\"},\"headline\":\"Papa Francisco: \u201cHe sentido vuestra cercan\u00eda\u201d\",\"datePublished\":\"2021-07-11T12:23:58+00:00\",\"dateModified\":\"2021-07-13T07:44:50+00:00\",\"mainEntityOfPage\":{\"@id\":\"https:\\\/\\\/exaudi.org\\\/es\\\/papa-francisco-cercania-apoyo-oraciones\\\/\"},\"wordCount\":693,\"image\":{\"@id\":\"https:\\\/\\\/exaudi.org\\\/es\\\/papa-francisco-cercania-apoyo-oraciones\\\/#primaryimage\"},\"thumbnailUrl\":\"https:\\\/\\\/exaudi.org\\\/wp-content\\\/uploads\\\/2021\\\/07\\\/12c32.jpg\",\"keywords\":[\"\u00c1ngelus 11 julio 2021\"],\"articleSection\":[\"\u00c1ngelus\",\"\u00daltimas noticias\"],\"inLanguage\":\"es\"},{\"@type\":\"WebPage\",\"@id\":\"https:\\\/\\\/exaudi.org\\\/es\\\/papa-francisco-cercania-apoyo-oraciones\\\/\",\"url\":\"https:\\\/\\\/exaudi.org\\\/es\\\/papa-francisco-cercania-apoyo-oraciones\\\/\",\"name\":\"Papa Francisco: \u201cHe sentido vuestra cercan\u00eda\u201d - Exaudi Catholic News\",\"isPartOf\":{\"@id\":\"https:\\\/\\\/exaudi.org\\\/#website\"},\"primaryImageOfPage\":{\"@id\":\"https:\\\/\\\/exaudi.org\\\/es\\\/papa-francisco-cercania-apoyo-oraciones\\\/#primaryimage\"},\"image\":{\"@id\":\"https:\\\/\\\/exaudi.org\\\/es\\\/papa-francisco-cercania-apoyo-oraciones\\\/#primaryimage\"},\"thumbnailUrl\":\"https:\\\/\\\/exaudi.org\\\/wp-content\\\/uploads\\\/2021\\\/07\\\/12c32.jpg\",\"datePublished\":\"2021-07-11T12:23:58+00:00\",\"dateModified\":\"2021-07-13T07:44:50+00:00\",\"author\":{\"@id\":\"https:\\\/\\\/exaudi.org\\\/#\\\/schema\\\/person\\\/6ff0af358a606d657c4b1b6e0d5c85cb\"},\"description\":\"En el rezo del \u00c1ngelus del domingo, el Papa expres\u00f3 lo siguiente: \u201cHe sentido vuestra cercan\u00eda y el apoyo de vuestras oraciones\u201d.\",\"breadcrumb\":{\"@id\":\"https:\\\/\\\/exaudi.org\\\/es\\\/papa-francisco-cercania-apoyo-oraciones\\\/#breadcrumb\"},\"inLanguage\":\"es\",\"potentialAction\":[{\"@type\":\"ReadAction\",\"target\":[\"https:\\\/\\\/exaudi.org\\\/es\\\/papa-francisco-cercania-apoyo-oraciones\\\/\"]}]},{\"@type\":\"ImageObject\",\"inLanguage\":\"es\",\"@id\":\"https:\\\/\\\/exaudi.org\\\/es\\\/papa-francisco-cercania-apoyo-oraciones\\\/#primaryimage\",\"url\":\"https:\\\/\\\/exaudi.org\\\/wp-content\\\/uploads\\\/2021\\\/07\\\/12c32.jpg\",\"contentUrl\":\"https:\\\/\\\/exaudi.org\\\/wp-content\\\/uploads\\\/2021\\\/07\\\/12c32.jpg\",\"width\":1851,\"height\":1234,\"caption\":\"\u00c1ngelus 11 julio 2021 desde el balc\u00f3n del Gemelli \u00a9 Vatican Media\"},{\"@type\":\"BreadcrumbList\",\"@id\":\"https:\\\/\\\/exaudi.org\\\/es\\\/papa-francisco-cercania-apoyo-oraciones\\\/#breadcrumb\",\"itemListElement\":[{\"@type\":\"ListItem\",\"position\":1,\"name\":\"Portada\",\"item\":\"https:\\\/\\\/exaudi.org\\\/es\\\/\"},{\"@type\":\"ListItem\",\"position\":2,\"name\":\"Papa Francisco: \u201cHe sentido vuestra cercan\u00eda\u201d\"}]},{\"@type\":\"WebSite\",\"@id\":\"https:\\\/\\\/exaudi.org\\\/#website\",\"url\":\"https:\\\/\\\/exaudi.org\\\/\",\"name\":\"Exaudi\",\"description\":\"News\",\"potentialAction\":[{\"@type\":\"SearchAction\",\"target\":{\"@type\":\"EntryPoint\",\"urlTemplate\":\"https:\\\/\\\/exaudi.org\\\/?s={search_term_string}\"},\"query-input\":{\"@type\":\"PropertyValueSpecification\",\"valueRequired\":true,\"valueName\":\"search_term_string\"}}],\"inLanguage\":\"es\"},{\"@type\":\"Person\",\"@id\":\"https:\\\/\\\/exaudi.org\\\/#\\\/schema\\\/person\\\/6ff0af358a606d657c4b1b6e0d5c85cb\",\"name\":\"Raquel Anillo\",\"image\":{\"@type\":\"ImageObject\",\"inLanguage\":\"es\",\"@id\":\"https:\\\/\\\/secure.gravatar.com\\\/avatar\\\/7f88757c095badfcf277fb437d860f221e7a4fb83008b887cccb1f1299f66efb?s=96&d=mm&r=g\",\"url\":\"https:\\\/\\\/secure.gravatar.com\\\/avatar\\\/7f88757c095badfcf277fb437d860f221e7a4fb83008b887cccb1f1299f66efb?s=96&d=mm&r=g\",\"contentUrl\":\"https:\\\/\\\/secure.gravatar.com\\\/avatar\\\/7f88757c095badfcf277fb437d860f221e7a4fb83008b887cccb1f1299f66efb?s=96&d=mm&r=g\",\"caption\":\"Raquel Anillo\"},\"description\":\"Casada. Comprometida con la Iglesia. Traductora e int\u00e9rprete para la Comunidad Emmanuel, especialmente para las sesiones internacionales de Paray le Monial (Francia) 1986 al 2005. Colaboradora de Zenit de 2012-2014 y de 2017-2020 como traductora.\",\"url\":\"https:\\\/\\\/exaudi.org\\\/es\\\/author\\\/ranilloexaudi-org\\\/\"}]}<\/script>\n<!-- \/ Yoast SEO plugin. -->","yoast_head_json":{"title":"Papa Francisco: \u201cHe sentido vuestra cercan\u00eda\u201d - Exaudi Catholic News","description":"En el rezo del \u00c1ngelus del domingo, el Papa expres\u00f3 lo siguiente: \u201cHe sentido vuestra cercan\u00eda y el apoyo de vuestras oraciones\u201d.","robots":{"index":"index","follow":"follow","max-snippet":"max-snippet:-1","max-image-preview":"max-image-preview:large","max-video-preview":"max-video-preview:-1"},"canonical":"https:\/\/exaudi.org\/es\/papa-francisco-cercania-apoyo-oraciones\/","og_locale":"es_ES","og_type":"article","og_title":"Papa Francisco: \u201cHe sentido vuestra cercan\u00eda\u201d - Exaudi Catholic News","og_description":"En el rezo del \u00c1ngelus del domingo, el Papa expres\u00f3 lo siguiente: \u201cHe sentido vuestra cercan\u00eda y el apoyo de vuestras oraciones\u201d.","og_url":"https:\/\/exaudi.org\/es\/papa-francisco-cercania-apoyo-oraciones\/","og_site_name":"Exaudi","article_publisher":"https:\/\/www.facebook.com\/ExaudiNews","article_published_time":"2021-07-11T12:23:58+00:00","article_modified_time":"2021-07-13T07:44:50+00:00","og_image":[{"width":1851,"height":1234,"url":"https:\/\/exaudi.org\/wp-content\/uploads\/2021\/07\/12c32.jpg","type":"image\/jpeg"}],"author":"Raquel Anillo","twitter_card":"summary_large_image","twitter_creator":"@Exaudi_News","twitter_site":"@Exaudi_News","twitter_misc":{"Escrito por":"Raquel Anillo","Tiempo de lectura":"4 minutos"},"schema":{"@context":"https:\/\/schema.org","@graph":[{"@type":"Article","@id":"https:\/\/exaudi.org\/es\/papa-francisco-cercania-apoyo-oraciones\/#article","isPartOf":{"@id":"https:\/\/exaudi.org\/es\/papa-francisco-cercania-apoyo-oraciones\/"},"author":{"name":"Raquel Anillo","@id":"https:\/\/exaudi.org\/#\/schema\/person\/6ff0af358a606d657c4b1b6e0d5c85cb"},"headline":"Papa Francisco: \u201cHe sentido vuestra cercan\u00eda\u201d","datePublished":"2021-07-11T12:23:58+00:00","dateModified":"2021-07-13T07:44:50+00:00","mainEntityOfPage":{"@id":"https:\/\/exaudi.org\/es\/papa-francisco-cercania-apoyo-oraciones\/"},"wordCount":693,"image":{"@id":"https:\/\/exaudi.org\/es\/papa-francisco-cercania-apoyo-oraciones\/#primaryimage"},"thumbnailUrl":"https:\/\/exaudi.org\/wp-content\/uploads\/2021\/07\/12c32.jpg","keywords":["\u00c1ngelus 11 julio 2021"],"articleSection":["\u00c1ngelus","\u00daltimas noticias"],"inLanguage":"es"},{"@type":"WebPage","@id":"https:\/\/exaudi.org\/es\/papa-francisco-cercania-apoyo-oraciones\/","url":"https:\/\/exaudi.org\/es\/papa-francisco-cercania-apoyo-oraciones\/","name":"Papa Francisco: \u201cHe sentido vuestra cercan\u00eda\u201d - Exaudi Catholic News","isPartOf":{"@id":"https:\/\/exaudi.org\/#website"},"primaryImageOfPage":{"@id":"https:\/\/exaudi.org\/es\/papa-francisco-cercania-apoyo-oraciones\/#primaryimage"},"image":{"@id":"https:\/\/exaudi.org\/es\/papa-francisco-cercania-apoyo-oraciones\/#primaryimage"},"thumbnailUrl":"https:\/\/exaudi.org\/wp-content\/uploads\/2021\/07\/12c32.jpg","datePublished":"2021-07-11T12:23:58+00:00","dateModified":"2021-07-13T07:44:50+00:00","author":{"@id":"https:\/\/exaudi.org\/#\/schema\/person\/6ff0af358a606d657c4b1b6e0d5c85cb"},"description":"En el rezo del \u00c1ngelus del domingo, el Papa expres\u00f3 lo siguiente: \u201cHe sentido vuestra cercan\u00eda y el apoyo de vuestras oraciones\u201d.","breadcrumb":{"@id":"https:\/\/exaudi.org\/es\/papa-francisco-cercania-apoyo-oraciones\/#breadcrumb"},"inLanguage":"es","potentialAction":[{"@type":"ReadAction","target":["https:\/\/exaudi.org\/es\/papa-francisco-cercania-apoyo-oraciones\/"]}]},{"@type":"ImageObject","inLanguage":"es","@id":"https:\/\/exaudi.org\/es\/papa-francisco-cercania-apoyo-oraciones\/#primaryimage","url":"https:\/\/exaudi.org\/wp-content\/uploads\/2021\/07\/12c32.jpg","contentUrl":"https:\/\/exaudi.org\/wp-content\/uploads\/2021\/07\/12c32.jpg","width":1851,"height":1234,"caption":"\u00c1ngelus 11 julio 2021 desde el balc\u00f3n del Gemelli \u00a9 Vatican Media"},{"@type":"BreadcrumbList","@id":"https:\/\/exaudi.org\/es\/papa-francisco-cercania-apoyo-oraciones\/#breadcrumb","itemListElement":[{"@type":"ListItem","position":1,"name":"Portada","item":"https:\/\/exaudi.org\/es\/"},{"@type":"ListItem","position":2,"name":"Papa Francisco: \u201cHe sentido vuestra cercan\u00eda\u201d"}]},{"@type":"WebSite","@id":"https:\/\/exaudi.org\/#website","url":"https:\/\/exaudi.org\/","name":"Exaudi","description":"News","potentialAction":[{"@type":"SearchAction","target":{"@type":"EntryPoint","urlTemplate":"https:\/\/exaudi.org\/?s={search_term_string}"},"query-input":{"@type":"PropertyValueSpecification","valueRequired":true,"valueName":"search_term_string"}}],"inLanguage":"es"},{"@type":"Person","@id":"https:\/\/exaudi.org\/#\/schema\/person\/6ff0af358a606d657c4b1b6e0d5c85cb","name":"Raquel Anillo","image":{"@type":"ImageObject","inLanguage":"es","@id":"https:\/\/secure.gravatar.com\/avatar\/7f88757c095badfcf277fb437d860f221e7a4fb83008b887cccb1f1299f66efb?s=96&d=mm&r=g","url":"https:\/\/secure.gravatar.com\/avatar\/7f88757c095badfcf277fb437d860f221e7a4fb83008b887cccb1f1299f66efb?s=96&d=mm&r=g","contentUrl":"https:\/\/secure.gravatar.com\/avatar\/7f88757c095badfcf277fb437d860f221e7a4fb83008b887cccb1f1299f66efb?s=96&d=mm&r=g","caption":"Raquel Anillo"},"description":"Casada. Comprometida con la Iglesia. Traductora e int\u00e9rprete para la Comunidad Emmanuel, especialmente para las sesiones internacionales de Paray le Monial (Francia) 1986 al 2005. Colaboradora de Zenit de 2012-2014 y de 2017-2020 como traductora.","url":"https:\/\/exaudi.org\/es\/author\/ranilloexaudi-org\/"}]}},"jetpack_featured_media_url":"https:\/\/exaudi.org\/wp-content\/uploads\/2021\/07\/12c32.jpg","jetpack_shortlink":"https:\/\/wp.me\/pgKjF2-6Xs","_links":{"self":[{"href":"https:\/\/exaudi.org\/es\/wp-json\/wp\/v2\/posts\/26750","targetHints":{"allow":["GET"]}}],"collection":[{"href":"https:\/\/exaudi.org\/es\/wp-json\/wp\/v2\/posts"}],"about":[{"href":"https:\/\/exaudi.org\/es\/wp-json\/wp\/v2\/types\/post"}],"author":[{"embeddable":true,"href":"https:\/\/exaudi.org\/es\/wp-json\/wp\/v2\/users\/7"}],"replies":[{"embeddable":true,"href":"https:\/\/exaudi.org\/es\/wp-json\/wp\/v2\/comments?post=26750"}],"version-history":[{"count":0,"href":"https:\/\/exaudi.org\/es\/wp-json\/wp\/v2\/posts\/26750\/revisions"}],"wp:featuredmedia":[{"embeddable":true,"href":"https:\/\/exaudi.org\/es\/wp-json\/wp\/v2\/media\/26791"}],"wp:attachment":[{"href":"https:\/\/exaudi.org\/es\/wp-json\/wp\/v2\/media?parent=26750"}],"wp:term":[{"taxonomy":"category","embeddable":true,"href":"https:\/\/exaudi.org\/es\/wp-json\/wp\/v2\/categories?post=26750"},{"taxonomy":"post_tag","embeddable":true,"href":"https:\/\/exaudi.org\/es\/wp-json\/wp\/v2\/tags?post=26750"}],"curies":[{"name":"wp","href":"https:\/\/api.w.org\/{rel}","templated":true}]}}