{"id":26713,"date":"2021-07-11T10:35:15","date_gmt":"2021-07-11T08:35:15","guid":{"rendered":"https:\/\/exaudi.org\/?p=26713"},"modified":"2021-07-13T09:43:03","modified_gmt":"2021-07-13T07:43:03","slug":"colombia-virgen-chiquinquira-jardines-vaticanos","status":"publish","type":"post","link":"https:\/\/exaudi.org\/es\/colombia-virgen-chiquinquira-jardines-vaticanos\/","title":{"rendered":"Colombia: La Virgen de Chiquinquir\u00e1, en los Jardines Vaticanos"},"content":{"rendered":"<p>La imagen de la Virgen de Chiquinquir\u00e1 fue entronizada el pasado viernes 9 de julio en los Jardines Vaticanos, fecha que conmemora los 102 a\u00f1os de su coronaci\u00f3n como reina y patrona de <a href=\"https:\/\/exaudi.org\/es\/colombia-cxi-asamblea-plenaria-2021\/\" target=\"_blank\" rel=\"noopener noreferrer\">Colombia<\/a>. El mosaico se ubic\u00f3 en el denominado Basti\u00f3n del Maestro, donde se unir\u00e1 a otras advocaciones marianas de Am\u00e9rica Latina y el Caribe.<\/p>\n<p>Seg\u00fan inform\u00f3 <a href=\"https:\/\/www.vatican.va\/news_services\/press\/index_sp.htm\" target=\"_blank\" rel=\"noopener noreferrer\">Vatican News<\/a>, la imagen, que muestra a la Virgen acompa\u00f1ada por san Andr\u00e9s y san Antonio, compartir\u00e1 la secci\u00f3n vaticana con otras im\u00e1genes marianas, s\u00edmbolos provenientes de diversas partes del mundo. La ceremonia cont\u00f3 con la presencia del cardenal Giuseppe Bertello, presidente de la Gobernaci\u00f3n del Estado de la Ciudad del Vaticano, y de Jorge Mario Eastman Robledo, embajador de Colombia ante la Santa Sede.<\/p>\n<p><img loading=\"lazy\" decoding=\"async\" class=\"alignleft size-medium wp-image-26718\" src=\"https:\/\/exaudi.org\/wp-content\/uploads\/2021\/07\/cq5dam.thumbnail.cropped.1500.844-2-2-300x169.jpeg\" alt=\"Colombia Chiquinquir\u00e1 Jardines Vaticanos\" width=\"300\" height=\"169\" srcset=\"https:\/\/exaudi.org\/wp-content\/uploads\/2021\/07\/cq5dam.thumbnail.cropped.1500.844-2-2-300x169.jpeg 300w, https:\/\/exaudi.org\/wp-content\/uploads\/2021\/07\/cq5dam.thumbnail.cropped.1500.844-2-2-1024x576.jpeg 1024w, https:\/\/exaudi.org\/wp-content\/uploads\/2021\/07\/cq5dam.thumbnail.cropped.1500.844-2-2-768x432.jpeg 768w, https:\/\/exaudi.org\/wp-content\/uploads\/2021\/07\/cq5dam.thumbnail.cropped.1500.844-2-2-150x84.jpeg 150w, https:\/\/exaudi.org\/wp-content\/uploads\/2021\/07\/cq5dam.thumbnail.cropped.1500.844-2-2-696x392.jpeg 696w, https:\/\/exaudi.org\/wp-content\/uploads\/2021\/07\/cq5dam.thumbnail.cropped.1500.844-2-2-1068x601.jpeg 1068w, https:\/\/exaudi.org\/wp-content\/uploads\/2021\/07\/cq5dam.thumbnail.cropped.1500.844-2-2-746x420.jpeg 746w, https:\/\/exaudi.org\/wp-content\/uploads\/2021\/07\/cq5dam.thumbnail.cropped.1500.844-2-2.jpeg 1500w\" sizes=\"auto, (max-width: 300px) 100vw, 300px\" \/><\/p>\n<p>La iniciativa tambi\u00e9n fue promovida por los dominicos de la provincia de San Luis Bertr\u00e1n de Colombia, quienes calificaron este momento como \u201cun signo que nos invita a trabajar en comuni\u00f3n por el bienestar y la justicia social que demanda Colombia\u201d. El embajador de Colombia expres\u00f3 sobre la imagen que \u201cella es la madre de los Andes unidos\u201d.<\/p>\n<div>\n<h4><strong>Devoci\u00f3n actual<\/strong><\/h4>\n<p>El medio vaticano relata que fray Carlos Mario Alzate, rector del santuario de Nuestra Se\u00f1ora del Rosario de Chiquinquir\u00e1, explic\u00f3 que la presencia del mosaico de la patrona de Colombia en los jardines vaticanos ofrece una bella oportunidad para poner de relieve la vigencia de una devoci\u00f3n que ha acompa\u00f1ado al pa\u00eds desde hace m\u00e1s de 435 a\u00f1os como un \u00edcono espiritual, cultural y simb\u00f3lico.<\/p>\n<p>La imagen simb\u00f3lica del pa\u00eds se exhibe junto a otras famosas efigies marianas como la Virgen del Rosario de F\u00e1tima, patrona de Portugal o Nuestra Se\u00f1ora de Lourdes, as\u00ed como im\u00e1genes de Am\u00e9rica Latina como la Virgen del Quinche, patrona de Ecuador, Nuestra Se\u00f1ora de Guadalupe, patrona de M\u00e9xico, Nuestra Se\u00f1ora de Aparecida, patrona de Brasil, la de Luj\u00e1n de Argentina y la m\u00e1s reciente, la Virgen del Carmen, patrona de Chile.<\/p>\n<h4><strong>La obra de arte<\/strong><\/h4>\n<p>El CELAM describe que el mosaico se elabor\u00f3 con la t\u00e9cnica de origen italiano denominada <em>micromosaico,<\/em>\u00a0desarrollada en una f\u00e1brica de San Pedro en el siglo XVIII. Esta t\u00e9cnica consiste en la utilizaci\u00f3n de peque\u00f1os trozos de piedra, madera, metal y marfil que se ponen en una l\u00e1mina y se someten a temperaturas altas para lograr la coloraci\u00f3n necesaria y que debe ser vista a lo lejos para ser apreciada en su totalidad.<\/p>\n<p><img loading=\"lazy\" decoding=\"async\" class=\"alignright size-medium wp-image-26721\" src=\"https:\/\/exaudi.org\/wp-content\/uploads\/2021\/07\/cq5dam.thumbnail.cropped.1500.844-7-300x169.jpeg\" alt=\"\" width=\"300\" height=\"169\" srcset=\"https:\/\/exaudi.org\/wp-content\/uploads\/2021\/07\/cq5dam.thumbnail.cropped.1500.844-7-300x169.jpeg 300w, https:\/\/exaudi.org\/wp-content\/uploads\/2021\/07\/cq5dam.thumbnail.cropped.1500.844-7-1024x576.jpeg 1024w, https:\/\/exaudi.org\/wp-content\/uploads\/2021\/07\/cq5dam.thumbnail.cropped.1500.844-7-768x432.jpeg 768w, https:\/\/exaudi.org\/wp-content\/uploads\/2021\/07\/cq5dam.thumbnail.cropped.1500.844-7-150x84.jpeg 150w, https:\/\/exaudi.org\/wp-content\/uploads\/2021\/07\/cq5dam.thumbnail.cropped.1500.844-7-696x392.jpeg 696w, https:\/\/exaudi.org\/wp-content\/uploads\/2021\/07\/cq5dam.thumbnail.cropped.1500.844-7-1068x601.jpeg 1068w, https:\/\/exaudi.org\/wp-content\/uploads\/2021\/07\/cq5dam.thumbnail.cropped.1500.844-7-746x420.jpeg 746w, https:\/\/exaudi.org\/wp-content\/uploads\/2021\/07\/cq5dam.thumbnail.cropped.1500.844-7.jpeg 1500w\" sizes=\"auto, (max-width: 300px) 100vw, 300px\" \/><\/p>\n<p>La obra fue encargada al maestro Alvano Poli, que en su taller en Verona, trabaj\u00f3 con la dedicaci\u00f3n y precisi\u00f3n necesaria para lograr la bella obra de arte que adem\u00e1s cuenta con elementos adicionales que representan aspectos propios de la identidad cultural de Colombia como es el caso de las orqu\u00eddeas en metal que adornar\u00e1n los pies de Mar\u00eda y que son reconocidas en el mundo entero como un s\u00edmbolo del pa\u00eds.<\/p>\n<p>Otra de las particularidades es que tendr\u00e1 diferentes y vivos colores porque el lienzo original est\u00e1 elaborado en tonos ocres, muchos de los cuales se han deteriorado con el paso del tiempo. La obra original de Nuestra Se\u00f1ora del Rosario de Chiquinquir\u00e1 elaborada por el maestro Alonso de Narv\u00e1ez apel\u00f3 a la t\u00e9cnica que los artistas llaman \u201cal temple\u201d y obedece a otro tiempo hist\u00f3rico mientras que este mosaico muestra la riqueza del ensamblaje de peque\u00f1as piezas dispuestas para soportar los cambios del clima.<\/p>\n<\/div>\n","protected":false},"excerpt":{"rendered":"<p>Patrona de Colombia<\/p>\n","protected":false},"author":6,"featured_media":26729,"comment_status":"closed","ping_status":"closed","sticky":false,"template":"","format":"standard","meta":{"_acf_changed":false,"_crdt_document":"","inline_featured_image":false,"footnotes":""},"categories":[298,132],"tags":[3044,3283],"class_list":["post-26713","post","type-post","status-publish","format-standard","has-post-thumbnail","hentry","category-ultimas-noticias","category-vaticano-es","tag-jardines-vaticanos","tag-virgen-de-chiquinquira"],"acf":[],"yoast_head":"<!-- This site is optimized with the Yoast SEO plugin v27.5 - https:\/\/yoast.com\/product\/yoast-seo-wordpress\/ -->\n<title>Colombia: La Virgen de Chiquinquir\u00e1, en los Jardines Vaticanos - Exaudi<\/title>\n<meta name=\"description\" content=\"La imagen de la Virgen de Chiquinquir\u00e1, patrona de Colombia, fue entronizada el pasado viernes 9 de julio en los Jardines Vaticanos.\" \/>\n<meta name=\"robots\" content=\"index, follow, max-snippet:-1, max-image-preview:large, max-video-preview:-1\" \/>\n<link rel=\"canonical\" href=\"https:\/\/exaudi.org\/es\/colombia-virgen-chiquinquira-jardines-vaticanos\/\" \/>\n<meta property=\"og:locale\" content=\"es_ES\" \/>\n<meta property=\"og:type\" content=\"article\" \/>\n<meta property=\"og:title\" content=\"Colombia: La Virgen de Chiquinquir\u00e1, en los Jardines Vaticanos - Exaudi\" \/>\n<meta property=\"og:description\" content=\"La imagen de la Virgen de Chiquinquir\u00e1, patrona de Colombia, fue entronizada el pasado viernes 9 de julio en los Jardines Vaticanos.\" \/>\n<meta property=\"og:url\" content=\"https:\/\/exaudi.org\/es\/colombia-virgen-chiquinquira-jardines-vaticanos\/\" \/>\n<meta property=\"og:site_name\" content=\"Exaudi\" \/>\n<meta property=\"article:publisher\" content=\"https:\/\/www.facebook.com\/ExaudiNews\" \/>\n<meta property=\"article:published_time\" content=\"2021-07-11T08:35:15+00:00\" \/>\n<meta property=\"article:modified_time\" content=\"2021-07-13T07:43:03+00:00\" \/>\n<meta property=\"og:image\" content=\"https:\/\/exaudi.org\/wp-content\/uploads\/2021\/07\/123c.jpeg\" \/>\n\t<meta property=\"og:image:width\" content=\"1563\" \/>\n\t<meta property=\"og:image:height\" content=\"1169\" \/>\n\t<meta property=\"og:image:type\" content=\"image\/jpeg\" \/>\n<meta name=\"author\" content=\"Gabriel Sales\" \/>\n<meta name=\"twitter:card\" content=\"summary_large_image\" \/>\n<meta name=\"twitter:creator\" content=\"@habemusman\" \/>\n<meta name=\"twitter:site\" content=\"@Exaudi_News\" \/>\n<meta name=\"twitter:label1\" content=\"Escrito por\" \/>\n\t<meta name=\"twitter:data1\" content=\"Gabriel Sales\" \/>\n\t<meta name=\"twitter:label2\" content=\"Tiempo de lectura\" \/>\n\t<meta name=\"twitter:data2\" content=\"3 minutos\" \/>\n<script type=\"application\/ld+json\" class=\"yoast-schema-graph\">{\"@context\":\"https:\\\/\\\/schema.org\",\"@graph\":[{\"@type\":\"Article\",\"@id\":\"https:\\\/\\\/exaudi.org\\\/es\\\/colombia-virgen-chiquinquira-jardines-vaticanos\\\/#article\",\"isPartOf\":{\"@id\":\"https:\\\/\\\/exaudi.org\\\/es\\\/colombia-virgen-chiquinquira-jardines-vaticanos\\\/\"},\"author\":{\"name\":\"Gabriel Sales\",\"@id\":\"https:\\\/\\\/exaudi.org\\\/#\\\/schema\\\/person\\\/d134b96438278131ce90c90c03fda6cd\"},\"headline\":\"Colombia: La Virgen de Chiquinquir\u00e1, en los Jardines Vaticanos\",\"datePublished\":\"2021-07-11T08:35:15+00:00\",\"dateModified\":\"2021-07-13T07:43:03+00:00\",\"mainEntityOfPage\":{\"@id\":\"https:\\\/\\\/exaudi.org\\\/es\\\/colombia-virgen-chiquinquira-jardines-vaticanos\\\/\"},\"wordCount\":613,\"image\":{\"@id\":\"https:\\\/\\\/exaudi.org\\\/es\\\/colombia-virgen-chiquinquira-jardines-vaticanos\\\/#primaryimage\"},\"thumbnailUrl\":\"https:\\\/\\\/exaudi.org\\\/wp-content\\\/uploads\\\/2021\\\/07\\\/123c.jpeg\",\"keywords\":[\"Jardines Vaticanos\",\"Virgen de Chiquinquir\u00e1\"],\"articleSection\":[\"\u00daltimas noticias\",\"Vaticano\"],\"inLanguage\":\"es\"},{\"@type\":\"WebPage\",\"@id\":\"https:\\\/\\\/exaudi.org\\\/es\\\/colombia-virgen-chiquinquira-jardines-vaticanos\\\/\",\"url\":\"https:\\\/\\\/exaudi.org\\\/es\\\/colombia-virgen-chiquinquira-jardines-vaticanos\\\/\",\"name\":\"Colombia: La Virgen de Chiquinquir\u00e1, en los Jardines Vaticanos - Exaudi\",\"isPartOf\":{\"@id\":\"https:\\\/\\\/exaudi.org\\\/#website\"},\"primaryImageOfPage\":{\"@id\":\"https:\\\/\\\/exaudi.org\\\/es\\\/colombia-virgen-chiquinquira-jardines-vaticanos\\\/#primaryimage\"},\"image\":{\"@id\":\"https:\\\/\\\/exaudi.org\\\/es\\\/colombia-virgen-chiquinquira-jardines-vaticanos\\\/#primaryimage\"},\"thumbnailUrl\":\"https:\\\/\\\/exaudi.org\\\/wp-content\\\/uploads\\\/2021\\\/07\\\/123c.jpeg\",\"datePublished\":\"2021-07-11T08:35:15+00:00\",\"dateModified\":\"2021-07-13T07:43:03+00:00\",\"author\":{\"@id\":\"https:\\\/\\\/exaudi.org\\\/#\\\/schema\\\/person\\\/d134b96438278131ce90c90c03fda6cd\"},\"description\":\"La imagen de la Virgen de Chiquinquir\u00e1, patrona de Colombia, fue entronizada el pasado viernes 9 de julio en los Jardines Vaticanos.\",\"breadcrumb\":{\"@id\":\"https:\\\/\\\/exaudi.org\\\/es\\\/colombia-virgen-chiquinquira-jardines-vaticanos\\\/#breadcrumb\"},\"inLanguage\":\"es\",\"potentialAction\":[{\"@type\":\"ReadAction\",\"target\":[\"https:\\\/\\\/exaudi.org\\\/es\\\/colombia-virgen-chiquinquira-jardines-vaticanos\\\/\"]}]},{\"@type\":\"ImageObject\",\"inLanguage\":\"es\",\"@id\":\"https:\\\/\\\/exaudi.org\\\/es\\\/colombia-virgen-chiquinquira-jardines-vaticanos\\\/#primaryimage\",\"url\":\"https:\\\/\\\/exaudi.org\\\/wp-content\\\/uploads\\\/2021\\\/07\\\/123c.jpeg\",\"contentUrl\":\"https:\\\/\\\/exaudi.org\\\/wp-content\\\/uploads\\\/2021\\\/07\\\/123c.jpeg\",\"width\":1563,\"height\":1169,\"caption\":\"Ceremonia de entronizaci\u00f3n \u00a9 CELAM\"},{\"@type\":\"BreadcrumbList\",\"@id\":\"https:\\\/\\\/exaudi.org\\\/es\\\/colombia-virgen-chiquinquira-jardines-vaticanos\\\/#breadcrumb\",\"itemListElement\":[{\"@type\":\"ListItem\",\"position\":1,\"name\":\"Portada\",\"item\":\"https:\\\/\\\/exaudi.org\\\/es\\\/\"},{\"@type\":\"ListItem\",\"position\":2,\"name\":\"Colombia: La Virgen de Chiquinquir\u00e1, en los Jardines Vaticanos\"}]},{\"@type\":\"WebSite\",\"@id\":\"https:\\\/\\\/exaudi.org\\\/#website\",\"url\":\"https:\\\/\\\/exaudi.org\\\/\",\"name\":\"Exaudi\",\"description\":\"News\",\"potentialAction\":[{\"@type\":\"SearchAction\",\"target\":{\"@type\":\"EntryPoint\",\"urlTemplate\":\"https:\\\/\\\/exaudi.org\\\/?s={search_term_string}\"},\"query-input\":{\"@type\":\"PropertyValueSpecification\",\"valueRequired\":true,\"valueName\":\"search_term_string\"}}],\"inLanguage\":\"es\"},{\"@type\":\"Person\",\"@id\":\"https:\\\/\\\/exaudi.org\\\/#\\\/schema\\\/person\\\/d134b96438278131ce90c90c03fda6cd\",\"name\":\"Gabriel Sales\",\"image\":{\"@type\":\"ImageObject\",\"inLanguage\":\"es\",\"@id\":\"https:\\\/\\\/secure.gravatar.com\\\/avatar\\\/9b1269566f6a063ed26ffb3532b66a373cdde231ce5d0effb266167437fdaffd?s=96&d=mm&r=g\",\"url\":\"https:\\\/\\\/secure.gravatar.com\\\/avatar\\\/9b1269566f6a063ed26ffb3532b66a373cdde231ce5d0effb266167437fdaffd?s=96&d=mm&r=g\",\"contentUrl\":\"https:\\\/\\\/secure.gravatar.com\\\/avatar\\\/9b1269566f6a063ed26ffb3532b66a373cdde231ce5d0effb266167437fdaffd?s=96&d=mm&r=g\",\"caption\":\"Gabriel Sales\"},\"description\":\"Periodista y especialista en Comunicaci\u00f3n y Branding digital. Cin\u00e9filo y cr\u00edtico de cine y series de televisi\u00f3n.\",\"sameAs\":[\"https:\\\/\\\/www.instagram.com\\\/cine90segundos\\\/\",\"www.linkedin.com\\\/in\\\/habemusman\",\"https:\\\/\\\/x.com\\\/habemusman\",\"https:\\\/\\\/www.youtube.com\\\/channel\\\/UCVfCiOMkJ_C7T7OpyjuaLDg\"],\"url\":\"https:\\\/\\\/exaudi.org\\\/es\\\/author\\\/gsalesexaudi-org\\\/\"}]}<\/script>\n<!-- \/ Yoast SEO plugin. -->","yoast_head_json":{"title":"Colombia: La Virgen de Chiquinquir\u00e1, en los Jardines Vaticanos - Exaudi","description":"La imagen de la Virgen de Chiquinquir\u00e1, patrona de Colombia, fue entronizada el pasado viernes 9 de julio en los Jardines Vaticanos.","robots":{"index":"index","follow":"follow","max-snippet":"max-snippet:-1","max-image-preview":"max-image-preview:large","max-video-preview":"max-video-preview:-1"},"canonical":"https:\/\/exaudi.org\/es\/colombia-virgen-chiquinquira-jardines-vaticanos\/","og_locale":"es_ES","og_type":"article","og_title":"Colombia: La Virgen de Chiquinquir\u00e1, en los Jardines Vaticanos - Exaudi","og_description":"La imagen de la Virgen de Chiquinquir\u00e1, patrona de Colombia, fue entronizada el pasado viernes 9 de julio en los Jardines Vaticanos.","og_url":"https:\/\/exaudi.org\/es\/colombia-virgen-chiquinquira-jardines-vaticanos\/","og_site_name":"Exaudi","article_publisher":"https:\/\/www.facebook.com\/ExaudiNews","article_published_time":"2021-07-11T08:35:15+00:00","article_modified_time":"2021-07-13T07:43:03+00:00","og_image":[{"width":1563,"height":1169,"url":"https:\/\/exaudi.org\/wp-content\/uploads\/2021\/07\/123c.jpeg","type":"image\/jpeg"}],"author":"Gabriel Sales","twitter_card":"summary_large_image","twitter_creator":"@habemusman","twitter_site":"@Exaudi_News","twitter_misc":{"Escrito por":"Gabriel Sales","Tiempo de lectura":"3 minutos"},"schema":{"@context":"https:\/\/schema.org","@graph":[{"@type":"Article","@id":"https:\/\/exaudi.org\/es\/colombia-virgen-chiquinquira-jardines-vaticanos\/#article","isPartOf":{"@id":"https:\/\/exaudi.org\/es\/colombia-virgen-chiquinquira-jardines-vaticanos\/"},"author":{"name":"Gabriel Sales","@id":"https:\/\/exaudi.org\/#\/schema\/person\/d134b96438278131ce90c90c03fda6cd"},"headline":"Colombia: La Virgen de Chiquinquir\u00e1, en los Jardines Vaticanos","datePublished":"2021-07-11T08:35:15+00:00","dateModified":"2021-07-13T07:43:03+00:00","mainEntityOfPage":{"@id":"https:\/\/exaudi.org\/es\/colombia-virgen-chiquinquira-jardines-vaticanos\/"},"wordCount":613,"image":{"@id":"https:\/\/exaudi.org\/es\/colombia-virgen-chiquinquira-jardines-vaticanos\/#primaryimage"},"thumbnailUrl":"https:\/\/exaudi.org\/wp-content\/uploads\/2021\/07\/123c.jpeg","keywords":["Jardines Vaticanos","Virgen de Chiquinquir\u00e1"],"articleSection":["\u00daltimas noticias","Vaticano"],"inLanguage":"es"},{"@type":"WebPage","@id":"https:\/\/exaudi.org\/es\/colombia-virgen-chiquinquira-jardines-vaticanos\/","url":"https:\/\/exaudi.org\/es\/colombia-virgen-chiquinquira-jardines-vaticanos\/","name":"Colombia: La Virgen de Chiquinquir\u00e1, en los Jardines Vaticanos - Exaudi","isPartOf":{"@id":"https:\/\/exaudi.org\/#website"},"primaryImageOfPage":{"@id":"https:\/\/exaudi.org\/es\/colombia-virgen-chiquinquira-jardines-vaticanos\/#primaryimage"},"image":{"@id":"https:\/\/exaudi.org\/es\/colombia-virgen-chiquinquira-jardines-vaticanos\/#primaryimage"},"thumbnailUrl":"https:\/\/exaudi.org\/wp-content\/uploads\/2021\/07\/123c.jpeg","datePublished":"2021-07-11T08:35:15+00:00","dateModified":"2021-07-13T07:43:03+00:00","author":{"@id":"https:\/\/exaudi.org\/#\/schema\/person\/d134b96438278131ce90c90c03fda6cd"},"description":"La imagen de la Virgen de Chiquinquir\u00e1, patrona de Colombia, fue entronizada el pasado viernes 9 de julio en los Jardines Vaticanos.","breadcrumb":{"@id":"https:\/\/exaudi.org\/es\/colombia-virgen-chiquinquira-jardines-vaticanos\/#breadcrumb"},"inLanguage":"es","potentialAction":[{"@type":"ReadAction","target":["https:\/\/exaudi.org\/es\/colombia-virgen-chiquinquira-jardines-vaticanos\/"]}]},{"@type":"ImageObject","inLanguage":"es","@id":"https:\/\/exaudi.org\/es\/colombia-virgen-chiquinquira-jardines-vaticanos\/#primaryimage","url":"https:\/\/exaudi.org\/wp-content\/uploads\/2021\/07\/123c.jpeg","contentUrl":"https:\/\/exaudi.org\/wp-content\/uploads\/2021\/07\/123c.jpeg","width":1563,"height":1169,"caption":"Ceremonia de entronizaci\u00f3n \u00a9 CELAM"},{"@type":"BreadcrumbList","@id":"https:\/\/exaudi.org\/es\/colombia-virgen-chiquinquira-jardines-vaticanos\/#breadcrumb","itemListElement":[{"@type":"ListItem","position":1,"name":"Portada","item":"https:\/\/exaudi.org\/es\/"},{"@type":"ListItem","position":2,"name":"Colombia: La Virgen de Chiquinquir\u00e1, en los Jardines Vaticanos"}]},{"@type":"WebSite","@id":"https:\/\/exaudi.org\/#website","url":"https:\/\/exaudi.org\/","name":"Exaudi","description":"News","potentialAction":[{"@type":"SearchAction","target":{"@type":"EntryPoint","urlTemplate":"https:\/\/exaudi.org\/?s={search_term_string}"},"query-input":{"@type":"PropertyValueSpecification","valueRequired":true,"valueName":"search_term_string"}}],"inLanguage":"es"},{"@type":"Person","@id":"https:\/\/exaudi.org\/#\/schema\/person\/d134b96438278131ce90c90c03fda6cd","name":"Gabriel Sales","image":{"@type":"ImageObject","inLanguage":"es","@id":"https:\/\/secure.gravatar.com\/avatar\/9b1269566f6a063ed26ffb3532b66a373cdde231ce5d0effb266167437fdaffd?s=96&d=mm&r=g","url":"https:\/\/secure.gravatar.com\/avatar\/9b1269566f6a063ed26ffb3532b66a373cdde231ce5d0effb266167437fdaffd?s=96&d=mm&r=g","contentUrl":"https:\/\/secure.gravatar.com\/avatar\/9b1269566f6a063ed26ffb3532b66a373cdde231ce5d0effb266167437fdaffd?s=96&d=mm&r=g","caption":"Gabriel Sales"},"description":"Periodista y especialista en Comunicaci\u00f3n y Branding digital. Cin\u00e9filo y cr\u00edtico de cine y series de televisi\u00f3n.","sameAs":["https:\/\/www.instagram.com\/cine90segundos\/","www.linkedin.com\/in\/habemusman","https:\/\/x.com\/habemusman","https:\/\/www.youtube.com\/channel\/UCVfCiOMkJ_C7T7OpyjuaLDg"],"url":"https:\/\/exaudi.org\/es\/author\/gsalesexaudi-org\/"}]}},"jetpack_featured_media_url":"https:\/\/exaudi.org\/wp-content\/uploads\/2021\/07\/123c.jpeg","jetpack_shortlink":"https:\/\/wp.me\/pgKjF2-6WR","_links":{"self":[{"href":"https:\/\/exaudi.org\/es\/wp-json\/wp\/v2\/posts\/26713","targetHints":{"allow":["GET"]}}],"collection":[{"href":"https:\/\/exaudi.org\/es\/wp-json\/wp\/v2\/posts"}],"about":[{"href":"https:\/\/exaudi.org\/es\/wp-json\/wp\/v2\/types\/post"}],"author":[{"embeddable":true,"href":"https:\/\/exaudi.org\/es\/wp-json\/wp\/v2\/users\/6"}],"replies":[{"embeddable":true,"href":"https:\/\/exaudi.org\/es\/wp-json\/wp\/v2\/comments?post=26713"}],"version-history":[{"count":0,"href":"https:\/\/exaudi.org\/es\/wp-json\/wp\/v2\/posts\/26713\/revisions"}],"wp:featuredmedia":[{"embeddable":true,"href":"https:\/\/exaudi.org\/es\/wp-json\/wp\/v2\/media\/26729"}],"wp:attachment":[{"href":"https:\/\/exaudi.org\/es\/wp-json\/wp\/v2\/media?parent=26713"}],"wp:term":[{"taxonomy":"category","embeddable":true,"href":"https:\/\/exaudi.org\/es\/wp-json\/wp\/v2\/categories?post=26713"},{"taxonomy":"post_tag","embeddable":true,"href":"https:\/\/exaudi.org\/es\/wp-json\/wp\/v2\/tags?post=26713"}],"curies":[{"name":"wp","href":"https:\/\/api.w.org\/{rel}","templated":true}]}}