{"id":26578,"date":"2021-07-09T15:03:20","date_gmt":"2021-07-09T13:03:20","guid":{"rendered":"https:\/\/exaudi.org\/?p=26578"},"modified":"2021-07-11T10:17:19","modified_gmt":"2021-07-11T08:17:19","slug":"argentina-monsenor-ojea-volver-raiz-futuro","status":"publish","type":"post","link":"https:\/\/exaudi.org\/es\/argentina-monsenor-ojea-volver-raiz-futuro\/","title":{"rendered":"Argentina: Mons. Ojea exhorta volver a la ra\u00edz"},"content":{"rendered":"<p>Con motivo de la celebraci\u00f3n del D\u00eda de la Independencia de la Patria en <a href=\"https:\/\/exaudi.org\/es\/argentina-obispo-alto-valle-rio-negro\/\" target=\"_blank\" rel=\"noopener noreferrer\">Argentina<\/a> hoy viernes 9 de julio de 2021, monse\u00f1or Oscar Ojea, presidente de la <a href=\"https:\/\/www.episcopado.org\/\" target=\"_blank\" rel=\"noopener noreferrer\">Conferencia Episcopal Argentina<\/a> (CEA), envi\u00f3 ayer, d\u00eda jueves 8, un videomensaje en el que describe una naci\u00f3n \u201cfragmentada\u201d y pide volver a la ra\u00edz para poder construir el futuro.<\/p>\n<p>Al comienzo de su mensaje, Mons. Ojea comparte su pesar durante esta pandemia: \u201cMe ha llegado mucho al coraz\u00f3n el impedimento de los abuelos de acercarse a los nietos y de los nietos por no poder acercarse a los abuelos. Ha sido una de las cosas m\u00e1s dolorosas, y sigue si\u00e9ndolo en este tiempo\u201d.<\/p>\n<h4><strong>Volver a la ra\u00edz<\/strong><\/h4>\n<p>Seguidamente, el presidente de la CEA recuerda que el Papa Francisco cita a menudo al profeta Joel para decir lo siguiente: \u201cDerramar\u00e9 mi esp\u00edritu sobre toda carta. Sus hijos y sus hijas profetizar\u00e1n, los ancianos tendr\u00e1n sus sue\u00f1os y los j\u00f3venes ver\u00e1n visiones\u201d, pasaje que el Santo Padre emplea para hablar de \u201cunir los sue\u00f1os de los ancianos con la capacidad de futuro de los j\u00f3venes\u201d.<\/p>\n<p>\u201cEs imposible que los j\u00f3venes puedan hacer futuro si no se arraigan en el sue\u00f1o de los mayores. Y los sue\u00f1os de los mayores est\u00e1n llenos de experiencias, est\u00e1n llenos de cosas fuertemente vividas, est\u00e1n llenos de recuerdos. Pero hay que anclar all\u00ed, en las ra\u00edces, para poder crear hacia la eternidad\u201d, declara.<\/p>\n<p>\u201cUna de las cosas que realmente faltan en nuestra patria es esta unidad. Nuestros abuelos han so\u00f1ado tantas cosas para nosotros. Y sino nuestros bisabuelos. Tantas veces nos enorgullecemos al hablar de ellos. Su trabajo, lo que les ha costado tantas cosas. C\u00f3mo costaba la vida tambi\u00e9n antes. Qu\u00e9 importante es volver a esas herencias para poder reengancharnos con lo que nosotros tenemos que construir como futuro\u201d, a\u00f1ade.<\/p>\n<p>Por \u00faltimo, asegura que \u201cla patria es la ra\u00edz. Es important\u00edsimo volver a aquellas ra\u00edces que nos hicieron verdadera comunidad. Una comunidad plural, una comunidad diversa, pero una verdadera comunidad. Si anclamos all\u00ed, seguramente tendremos mucho asegurado acerca del futuro\u201d.<\/p>\n<p><iframe loading=\"lazy\" title=\"Monse\u00f1or Oscar Ojea | Mensaje para el D\u00eda de la Independencia\" width=\"500\" height=\"281\" src=\"https:\/\/www.youtube.com\/embed\/0hIdM4ggtWE?feature=oembed\" frameborder=\"0\" allow=\"accelerometer; autoplay; clipboard-write; encrypted-media; gyroscope; picture-in-picture; web-share\" referrerpolicy=\"strict-origin-when-cross-origin\" allowfullscreen><\/iframe><\/p>\n","protected":false},"excerpt":{"rendered":"<p>Mensaje para el D\u00eda de la Independencia de la Patria<\/p>\n","protected":false},"author":6,"featured_media":26581,"comment_status":"closed","ping_status":"closed","sticky":false,"template":"","format":"standard","meta":{"_acf_changed":false,"_crdt_document":"","inline_featured_image":false,"footnotes":""},"categories":[86,298],"tags":[742,3270,3115],"class_list":["post-26578","post","type-post","status-publish","format-standard","has-post-thumbnail","hentry","category-iglesia-local","category-ultimas-noticias","tag-conferencia-episcopal-argentina-cea","tag-dia-de-la-independencia","tag-monsenor-oscar-ojea"],"acf":[],"yoast_head":"<!-- This site is optimized with the Yoast SEO plugin v27.5 - https:\/\/yoast.com\/product\/yoast-seo-wordpress\/ -->\n<title>Argentina: Mons. Ojea exhorta volver a la ra\u00edz - Exaudi<\/title>\n<meta name=\"description\" content=\"En un videomensaje por el D\u00eda de la Independencia de la Patria en Argentina, monse\u00f1or Ojea exhorta a volver a la ra\u00edz de cara al futuro.\" \/>\n<meta name=\"robots\" content=\"index, follow, max-snippet:-1, max-image-preview:large, max-video-preview:-1\" \/>\n<link rel=\"canonical\" href=\"https:\/\/exaudi.org\/es\/argentina-monsenor-ojea-volver-raiz-futuro\/\" \/>\n<meta property=\"og:locale\" content=\"es_ES\" \/>\n<meta property=\"og:type\" content=\"article\" \/>\n<meta property=\"og:title\" content=\"Argentina: Mons. Ojea exhorta volver a la ra\u00edz - Exaudi\" \/>\n<meta property=\"og:description\" content=\"En un videomensaje por el D\u00eda de la Independencia de la Patria en Argentina, monse\u00f1or Ojea exhorta a volver a la ra\u00edz de cara al futuro.\" \/>\n<meta property=\"og:url\" content=\"https:\/\/exaudi.org\/es\/argentina-monsenor-ojea-volver-raiz-futuro\/\" \/>\n<meta property=\"og:site_name\" content=\"Exaudi\" \/>\n<meta property=\"article:publisher\" content=\"https:\/\/www.facebook.com\/ExaudiNews\" \/>\n<meta property=\"article:published_time\" content=\"2021-07-09T13:03:20+00:00\" \/>\n<meta property=\"article:modified_time\" content=\"2021-07-11T08:17:19+00:00\" \/>\n<meta property=\"og:image\" content=\"https:\/\/exaudi.org\/wp-content\/uploads\/2021\/07\/23v423v4-1.jpeg\" \/>\n\t<meta property=\"og:image:width\" content=\"724\" \/>\n\t<meta property=\"og:image:height\" content=\"407\" \/>\n\t<meta property=\"og:image:type\" content=\"image\/jpeg\" \/>\n<meta name=\"author\" content=\"Gabriel Sales\" \/>\n<meta name=\"twitter:card\" content=\"summary_large_image\" \/>\n<meta name=\"twitter:creator\" content=\"@habemusman\" \/>\n<meta name=\"twitter:site\" content=\"@Exaudi_News\" \/>\n<meta name=\"twitter:label1\" content=\"Escrito por\" \/>\n\t<meta name=\"twitter:data1\" content=\"Gabriel Sales\" \/>\n\t<meta name=\"twitter:label2\" content=\"Tiempo de lectura\" \/>\n\t<meta name=\"twitter:data2\" content=\"2 minutos\" \/>\n<script type=\"application\/ld+json\" class=\"yoast-schema-graph\">{\"@context\":\"https:\\\/\\\/schema.org\",\"@graph\":[{\"@type\":\"Article\",\"@id\":\"https:\\\/\\\/exaudi.org\\\/es\\\/argentina-monsenor-ojea-volver-raiz-futuro\\\/#article\",\"isPartOf\":{\"@id\":\"https:\\\/\\\/exaudi.org\\\/es\\\/argentina-monsenor-ojea-volver-raiz-futuro\\\/\"},\"author\":{\"name\":\"Gabriel Sales\",\"@id\":\"https:\\\/\\\/exaudi.org\\\/#\\\/schema\\\/person\\\/d134b96438278131ce90c90c03fda6cd\"},\"headline\":\"Argentina: Mons. Ojea exhorta volver a la ra\u00edz\",\"datePublished\":\"2021-07-09T13:03:20+00:00\",\"dateModified\":\"2021-07-11T08:17:19+00:00\",\"mainEntityOfPage\":{\"@id\":\"https:\\\/\\\/exaudi.org\\\/es\\\/argentina-monsenor-ojea-volver-raiz-futuro\\\/\"},\"wordCount\":390,\"image\":{\"@id\":\"https:\\\/\\\/exaudi.org\\\/es\\\/argentina-monsenor-ojea-volver-raiz-futuro\\\/#primaryimage\"},\"thumbnailUrl\":\"https:\\\/\\\/exaudi.org\\\/wp-content\\\/uploads\\\/2021\\\/07\\\/23v423v4-1.jpeg\",\"keywords\":[\"Conferencia Episcopal Argentina (CEA)\",\"D\u00eda de la Independencia\",\"Monse\u00f1or Oscar Ojea\"],\"articleSection\":[\"Iglesia Local\",\"\u00daltimas noticias\"],\"inLanguage\":\"es\"},{\"@type\":\"WebPage\",\"@id\":\"https:\\\/\\\/exaudi.org\\\/es\\\/argentina-monsenor-ojea-volver-raiz-futuro\\\/\",\"url\":\"https:\\\/\\\/exaudi.org\\\/es\\\/argentina-monsenor-ojea-volver-raiz-futuro\\\/\",\"name\":\"Argentina: Mons. Ojea exhorta volver a la ra\u00edz - Exaudi\",\"isPartOf\":{\"@id\":\"https:\\\/\\\/exaudi.org\\\/#website\"},\"primaryImageOfPage\":{\"@id\":\"https:\\\/\\\/exaudi.org\\\/es\\\/argentina-monsenor-ojea-volver-raiz-futuro\\\/#primaryimage\"},\"image\":{\"@id\":\"https:\\\/\\\/exaudi.org\\\/es\\\/argentina-monsenor-ojea-volver-raiz-futuro\\\/#primaryimage\"},\"thumbnailUrl\":\"https:\\\/\\\/exaudi.org\\\/wp-content\\\/uploads\\\/2021\\\/07\\\/23v423v4-1.jpeg\",\"datePublished\":\"2021-07-09T13:03:20+00:00\",\"dateModified\":\"2021-07-11T08:17:19+00:00\",\"author\":{\"@id\":\"https:\\\/\\\/exaudi.org\\\/#\\\/schema\\\/person\\\/d134b96438278131ce90c90c03fda6cd\"},\"description\":\"En un videomensaje por el D\u00eda de la Independencia de la Patria en Argentina, monse\u00f1or Ojea exhorta a volver a la ra\u00edz de cara al futuro.\",\"breadcrumb\":{\"@id\":\"https:\\\/\\\/exaudi.org\\\/es\\\/argentina-monsenor-ojea-volver-raiz-futuro\\\/#breadcrumb\"},\"inLanguage\":\"es\",\"potentialAction\":[{\"@type\":\"ReadAction\",\"target\":[\"https:\\\/\\\/exaudi.org\\\/es\\\/argentina-monsenor-ojea-volver-raiz-futuro\\\/\"]}]},{\"@type\":\"ImageObject\",\"inLanguage\":\"es\",\"@id\":\"https:\\\/\\\/exaudi.org\\\/es\\\/argentina-monsenor-ojea-volver-raiz-futuro\\\/#primaryimage\",\"url\":\"https:\\\/\\\/exaudi.org\\\/wp-content\\\/uploads\\\/2021\\\/07\\\/23v423v4-1.jpeg\",\"contentUrl\":\"https:\\\/\\\/exaudi.org\\\/wp-content\\\/uploads\\\/2021\\\/07\\\/23v423v4-1.jpeg\",\"width\":724,\"height\":407,\"caption\":\"Monse\u00f1or Ojea \u00a9 Vatican Media\"},{\"@type\":\"BreadcrumbList\",\"@id\":\"https:\\\/\\\/exaudi.org\\\/es\\\/argentina-monsenor-ojea-volver-raiz-futuro\\\/#breadcrumb\",\"itemListElement\":[{\"@type\":\"ListItem\",\"position\":1,\"name\":\"Portada\",\"item\":\"https:\\\/\\\/exaudi.org\\\/es\\\/\"},{\"@type\":\"ListItem\",\"position\":2,\"name\":\"Argentina: Mons. Ojea exhorta volver a la ra\u00edz\"}]},{\"@type\":\"WebSite\",\"@id\":\"https:\\\/\\\/exaudi.org\\\/#website\",\"url\":\"https:\\\/\\\/exaudi.org\\\/\",\"name\":\"Exaudi\",\"description\":\"News\",\"potentialAction\":[{\"@type\":\"SearchAction\",\"target\":{\"@type\":\"EntryPoint\",\"urlTemplate\":\"https:\\\/\\\/exaudi.org\\\/?s={search_term_string}\"},\"query-input\":{\"@type\":\"PropertyValueSpecification\",\"valueRequired\":true,\"valueName\":\"search_term_string\"}}],\"inLanguage\":\"es\"},{\"@type\":\"Person\",\"@id\":\"https:\\\/\\\/exaudi.org\\\/#\\\/schema\\\/person\\\/d134b96438278131ce90c90c03fda6cd\",\"name\":\"Gabriel Sales\",\"image\":{\"@type\":\"ImageObject\",\"inLanguage\":\"es\",\"@id\":\"https:\\\/\\\/secure.gravatar.com\\\/avatar\\\/9b1269566f6a063ed26ffb3532b66a373cdde231ce5d0effb266167437fdaffd?s=96&d=mm&r=g\",\"url\":\"https:\\\/\\\/secure.gravatar.com\\\/avatar\\\/9b1269566f6a063ed26ffb3532b66a373cdde231ce5d0effb266167437fdaffd?s=96&d=mm&r=g\",\"contentUrl\":\"https:\\\/\\\/secure.gravatar.com\\\/avatar\\\/9b1269566f6a063ed26ffb3532b66a373cdde231ce5d0effb266167437fdaffd?s=96&d=mm&r=g\",\"caption\":\"Gabriel Sales\"},\"description\":\"Periodista y especialista en Comunicaci\u00f3n y Branding digital. Cin\u00e9filo y cr\u00edtico de cine y series de televisi\u00f3n.\",\"sameAs\":[\"https:\\\/\\\/www.instagram.com\\\/cine90segundos\\\/\",\"www.linkedin.com\\\/in\\\/habemusman\",\"https:\\\/\\\/x.com\\\/habemusman\",\"https:\\\/\\\/www.youtube.com\\\/channel\\\/UCVfCiOMkJ_C7T7OpyjuaLDg\"],\"url\":\"https:\\\/\\\/exaudi.org\\\/es\\\/author\\\/gsalesexaudi-org\\\/\"}]}<\/script>\n<!-- \/ Yoast SEO plugin. -->","yoast_head_json":{"title":"Argentina: Mons. Ojea exhorta volver a la ra\u00edz - Exaudi","description":"En un videomensaje por el D\u00eda de la Independencia de la Patria en Argentina, monse\u00f1or Ojea exhorta a volver a la ra\u00edz de cara al futuro.","robots":{"index":"index","follow":"follow","max-snippet":"max-snippet:-1","max-image-preview":"max-image-preview:large","max-video-preview":"max-video-preview:-1"},"canonical":"https:\/\/exaudi.org\/es\/argentina-monsenor-ojea-volver-raiz-futuro\/","og_locale":"es_ES","og_type":"article","og_title":"Argentina: Mons. Ojea exhorta volver a la ra\u00edz - Exaudi","og_description":"En un videomensaje por el D\u00eda de la Independencia de la Patria en Argentina, monse\u00f1or Ojea exhorta a volver a la ra\u00edz de cara al futuro.","og_url":"https:\/\/exaudi.org\/es\/argentina-monsenor-ojea-volver-raiz-futuro\/","og_site_name":"Exaudi","article_publisher":"https:\/\/www.facebook.com\/ExaudiNews","article_published_time":"2021-07-09T13:03:20+00:00","article_modified_time":"2021-07-11T08:17:19+00:00","og_image":[{"width":724,"height":407,"url":"https:\/\/exaudi.org\/wp-content\/uploads\/2021\/07\/23v423v4-1.jpeg","type":"image\/jpeg"}],"author":"Gabriel Sales","twitter_card":"summary_large_image","twitter_creator":"@habemusman","twitter_site":"@Exaudi_News","twitter_misc":{"Escrito por":"Gabriel Sales","Tiempo de lectura":"2 minutos"},"schema":{"@context":"https:\/\/schema.org","@graph":[{"@type":"Article","@id":"https:\/\/exaudi.org\/es\/argentina-monsenor-ojea-volver-raiz-futuro\/#article","isPartOf":{"@id":"https:\/\/exaudi.org\/es\/argentina-monsenor-ojea-volver-raiz-futuro\/"},"author":{"name":"Gabriel Sales","@id":"https:\/\/exaudi.org\/#\/schema\/person\/d134b96438278131ce90c90c03fda6cd"},"headline":"Argentina: Mons. Ojea exhorta volver a la ra\u00edz","datePublished":"2021-07-09T13:03:20+00:00","dateModified":"2021-07-11T08:17:19+00:00","mainEntityOfPage":{"@id":"https:\/\/exaudi.org\/es\/argentina-monsenor-ojea-volver-raiz-futuro\/"},"wordCount":390,"image":{"@id":"https:\/\/exaudi.org\/es\/argentina-monsenor-ojea-volver-raiz-futuro\/#primaryimage"},"thumbnailUrl":"https:\/\/exaudi.org\/wp-content\/uploads\/2021\/07\/23v423v4-1.jpeg","keywords":["Conferencia Episcopal Argentina (CEA)","D\u00eda de la Independencia","Monse\u00f1or Oscar Ojea"],"articleSection":["Iglesia Local","\u00daltimas noticias"],"inLanguage":"es"},{"@type":"WebPage","@id":"https:\/\/exaudi.org\/es\/argentina-monsenor-ojea-volver-raiz-futuro\/","url":"https:\/\/exaudi.org\/es\/argentina-monsenor-ojea-volver-raiz-futuro\/","name":"Argentina: Mons. Ojea exhorta volver a la ra\u00edz - Exaudi","isPartOf":{"@id":"https:\/\/exaudi.org\/#website"},"primaryImageOfPage":{"@id":"https:\/\/exaudi.org\/es\/argentina-monsenor-ojea-volver-raiz-futuro\/#primaryimage"},"image":{"@id":"https:\/\/exaudi.org\/es\/argentina-monsenor-ojea-volver-raiz-futuro\/#primaryimage"},"thumbnailUrl":"https:\/\/exaudi.org\/wp-content\/uploads\/2021\/07\/23v423v4-1.jpeg","datePublished":"2021-07-09T13:03:20+00:00","dateModified":"2021-07-11T08:17:19+00:00","author":{"@id":"https:\/\/exaudi.org\/#\/schema\/person\/d134b96438278131ce90c90c03fda6cd"},"description":"En un videomensaje por el D\u00eda de la Independencia de la Patria en Argentina, monse\u00f1or Ojea exhorta a volver a la ra\u00edz de cara al futuro.","breadcrumb":{"@id":"https:\/\/exaudi.org\/es\/argentina-monsenor-ojea-volver-raiz-futuro\/#breadcrumb"},"inLanguage":"es","potentialAction":[{"@type":"ReadAction","target":["https:\/\/exaudi.org\/es\/argentina-monsenor-ojea-volver-raiz-futuro\/"]}]},{"@type":"ImageObject","inLanguage":"es","@id":"https:\/\/exaudi.org\/es\/argentina-monsenor-ojea-volver-raiz-futuro\/#primaryimage","url":"https:\/\/exaudi.org\/wp-content\/uploads\/2021\/07\/23v423v4-1.jpeg","contentUrl":"https:\/\/exaudi.org\/wp-content\/uploads\/2021\/07\/23v423v4-1.jpeg","width":724,"height":407,"caption":"Monse\u00f1or Ojea \u00a9 Vatican Media"},{"@type":"BreadcrumbList","@id":"https:\/\/exaudi.org\/es\/argentina-monsenor-ojea-volver-raiz-futuro\/#breadcrumb","itemListElement":[{"@type":"ListItem","position":1,"name":"Portada","item":"https:\/\/exaudi.org\/es\/"},{"@type":"ListItem","position":2,"name":"Argentina: Mons. Ojea exhorta volver a la ra\u00edz"}]},{"@type":"WebSite","@id":"https:\/\/exaudi.org\/#website","url":"https:\/\/exaudi.org\/","name":"Exaudi","description":"News","potentialAction":[{"@type":"SearchAction","target":{"@type":"EntryPoint","urlTemplate":"https:\/\/exaudi.org\/?s={search_term_string}"},"query-input":{"@type":"PropertyValueSpecification","valueRequired":true,"valueName":"search_term_string"}}],"inLanguage":"es"},{"@type":"Person","@id":"https:\/\/exaudi.org\/#\/schema\/person\/d134b96438278131ce90c90c03fda6cd","name":"Gabriel Sales","image":{"@type":"ImageObject","inLanguage":"es","@id":"https:\/\/secure.gravatar.com\/avatar\/9b1269566f6a063ed26ffb3532b66a373cdde231ce5d0effb266167437fdaffd?s=96&d=mm&r=g","url":"https:\/\/secure.gravatar.com\/avatar\/9b1269566f6a063ed26ffb3532b66a373cdde231ce5d0effb266167437fdaffd?s=96&d=mm&r=g","contentUrl":"https:\/\/secure.gravatar.com\/avatar\/9b1269566f6a063ed26ffb3532b66a373cdde231ce5d0effb266167437fdaffd?s=96&d=mm&r=g","caption":"Gabriel Sales"},"description":"Periodista y especialista en Comunicaci\u00f3n y Branding digital. Cin\u00e9filo y cr\u00edtico de cine y series de televisi\u00f3n.","sameAs":["https:\/\/www.instagram.com\/cine90segundos\/","www.linkedin.com\/in\/habemusman","https:\/\/x.com\/habemusman","https:\/\/www.youtube.com\/channel\/UCVfCiOMkJ_C7T7OpyjuaLDg"],"url":"https:\/\/exaudi.org\/es\/author\/gsalesexaudi-org\/"}]}},"jetpack_featured_media_url":"https:\/\/exaudi.org\/wp-content\/uploads\/2021\/07\/23v423v4-1.jpeg","jetpack_shortlink":"https:\/\/wp.me\/pgKjF2-6UG","_links":{"self":[{"href":"https:\/\/exaudi.org\/es\/wp-json\/wp\/v2\/posts\/26578","targetHints":{"allow":["GET"]}}],"collection":[{"href":"https:\/\/exaudi.org\/es\/wp-json\/wp\/v2\/posts"}],"about":[{"href":"https:\/\/exaudi.org\/es\/wp-json\/wp\/v2\/types\/post"}],"author":[{"embeddable":true,"href":"https:\/\/exaudi.org\/es\/wp-json\/wp\/v2\/users\/6"}],"replies":[{"embeddable":true,"href":"https:\/\/exaudi.org\/es\/wp-json\/wp\/v2\/comments?post=26578"}],"version-history":[{"count":0,"href":"https:\/\/exaudi.org\/es\/wp-json\/wp\/v2\/posts\/26578\/revisions"}],"wp:featuredmedia":[{"embeddable":true,"href":"https:\/\/exaudi.org\/es\/wp-json\/wp\/v2\/media\/26581"}],"wp:attachment":[{"href":"https:\/\/exaudi.org\/es\/wp-json\/wp\/v2\/media?parent=26578"}],"wp:term":[{"taxonomy":"category","embeddable":true,"href":"https:\/\/exaudi.org\/es\/wp-json\/wp\/v2\/categories?post=26578"},{"taxonomy":"post_tag","embeddable":true,"href":"https:\/\/exaudi.org\/es\/wp-json\/wp\/v2\/tags?post=26578"}],"curies":[{"name":"wp","href":"https:\/\/api.w.org\/{rel}","templated":true}]}}