{"id":26562,"date":"2021-07-09T12:49:03","date_gmt":"2021-07-09T10:49:03","guid":{"rendered":"https:\/\/exaudi.org\/?p=26562"},"modified":"2021-07-12T09:24:11","modified_gmt":"2021-07-12T07:24:11","slug":"papa-politicos-sudan-sur-dignidad-reconciliacion","status":"publish","type":"post","link":"https:\/\/exaudi.org\/es\/papa-politicos-sudan-sur-dignidad-reconciliacion\/","title":{"rendered":"Papa a pol\u00edticos de Sud\u00e1n del Sur: Dignidad y reconciliaci\u00f3n"},"content":{"rendered":"<p>El <a href=\"https:\/\/exaudi.org\/es\/papa-dia-tranquilo-saludo-a-ninos-de-oncologia\/\" target=\"_blank\" rel=\"noopener noreferrer\">Papa Francisco<\/a> ha enviado un mensaje a los l\u00edderes pol\u00edticos de Sud\u00e1n del Sur con ocasi\u00f3n del 10\u00ba Aniversario de la Independencia. En el documento, firmado tambi\u00e9n por el arzobispo de Canterbury, Justin Welby, y el moderador de la Iglesia de Escocia, el reverendo Jim Wallace, el Santo Padre exhorta a los gobernantes a buscar una naci\u00f3n que sea reflejo del Reino de Dios, \u201cdonde se respete la dignidad de todos y todos se reconcilien\u201d.<\/p>\n<p>Asimismo, el Pont\u00edfice, el arzobispo Welby y el moderador escoc\u00e9s, animan a los l\u00edderes sursudaneses a \u201cexperimentar una mayor confianza entre ustedes y ser m\u00e1s generosos en su servicio a su pueblo\u201d. Por \u00faltimo, les piden recordar el encuentro de pol\u00edticos y religiosos en el Vaticano en 2019 para dar forma a las promesas hechas en tal ocasi\u00f3n.<\/p>\n<p>A continuaci\u00f3n, sigue el texto completo del mensaje del Papa, ofrecido por la <a href=\"https:\/\/www.vatican.va\/news_services\/press\/index_sp.htm\" target=\"_blank\" rel=\"noopener noreferrer\">Oficina de Prensa de la Santa Sede<\/a>.<\/p>\n<p style=\"text-align: center\">***<\/p>\n<h4 style=\"text-align: center\"><strong>A sus excelencias<br \/>\nL\u00edderes pol\u00edticos de Sud\u00e1n del Sur<\/strong><\/h4>\n<p>Excelencias,<\/p>\n<p>En este d\u00eda en que se cumplen diez a\u00f1os de la Independencia de Sud\u00e1n del Sur, le enviamos nuestros m\u00e1s cordiales deseos, sabiendo que este aniversario trae a la memoria sus luchas y puntos pasados con esperanza en el futuro. Su naci\u00f3n ha sido bendecida con un inmenso potencial, y les animamos a que se esfuercen cada vez m\u00e1s para que su gente pueda disfrutar plenamente de los frutos de la independencia.<\/p>\n<p>La \u00faltima vez que les escribimos en Navidad, rezamos para que pudieran experimentar una mayor confianza entre ustedes y ser m\u00e1s generosos en su servicio a su pueblo. Desde entonces, nos complace ver algunos peque\u00f1os progresos. Por desgracia, su gente sigue viviendo en el miedo y la incertidumbre, y no tiene confianza en que su naci\u00f3n pueda, de hecho, llevar a cabo la \u201cjusticia, libertad y prosperidad\u201d celebradas en su himno nacional. Todav\u00eda queda mucho por hacer en Sur Sud\u00e1n por dar forma a una naci\u00f3n que refleje el Reino de Dios, donde se respete la dignidad de todos y todos se reconcilien (cf. 2 Corintios 5). Esto puede requerir un sacrificio personal por parte de los l\u00edderes.<\/p>\n<p>El propio ejemplo de liderazgo de Cristo lo ilustra poderosamente, y hoy queremos que sepan que nos unimos a ustedes cuando miran al futuro y buscan discernir de nuevo la mejor manera de servir a todo el pueblo de Sud\u00e1n del Sur.<\/p>\n<p>Recordamos con alegr\u00eda y agradecimiento el hist\u00f3rico encuentro de los l\u00edderes pol\u00edticos y religiosos de Sud\u00e1n del Sur en el Vaticano en 2019 y las reflexivas promesas hechas en esa ocasi\u00f3n. Rezamos para que esas promesas den forma a sus acciones, de modo que sea posible que visitemos y celebremos en persona con ustedes y su gente, honrando sus contribuciones a una naci\u00f3n que realiza las esperanzas del 9 de julio de 2011. Mientras tanto, invocamos sobre ustedes y sobre todos en Sud\u00e1n del Sur Las bendiciones de Dios para la fraternidad y la paz.<\/p>\n<p><strong>FRANCISCO<\/strong><\/p>\n<p><strong>JUSTIN WELBY<\/strong><\/p>\n<p><strong>JIM WALLACE<\/strong><\/p>\n<p><strong>\u00a9 Librer\u00eda Editora Vaticana<\/strong><\/p>\n","protected":false},"excerpt":{"rendered":"<p>Mensaje por 10\u00ba Aniversario de Independencia<\/p>\n","protected":false},"author":6,"featured_media":26563,"comment_status":"closed","ping_status":"closed","sticky":false,"template":"","format":"standard","meta":{"_acf_changed":false,"_crdt_document":"","inline_featured_image":false,"footnotes":""},"categories":[118,298],"tags":[3269,174,158,1971],"class_list":["post-26562","post","type-post","status-publish","format-standard","has-post-thumbnail","hentry","category-mensajes","category-ultimas-noticias","tag-lideres-politicos","tag-mensaje","tag-papa-francisco","tag-sudan-del-sur"],"acf":[],"yoast_head":"<!-- This site is optimized with the Yoast SEO plugin v27.4 - https:\/\/yoast.com\/product\/yoast-seo-wordpress\/ -->\n<title>Papa a pol\u00edticos de Sud\u00e1n del Sur: Dignidad y reconciliaci\u00f3n - Exaudi<\/title>\n<meta name=\"description\" content=\"En su carta a los l\u00edderes pol\u00edticos de Sud\u00e1n del Sur, el Papa exhorta a buscar una naci\u00f3n que respete la dignidad de todos.\" \/>\n<meta name=\"robots\" content=\"index, follow, max-snippet:-1, max-image-preview:large, max-video-preview:-1\" \/>\n<link rel=\"canonical\" href=\"https:\/\/exaudi.org\/es\/papa-politicos-sudan-sur-dignidad-reconciliacion\/\" \/>\n<meta property=\"og:locale\" content=\"es_ES\" \/>\n<meta property=\"og:type\" content=\"article\" \/>\n<meta property=\"og:title\" content=\"Papa a pol\u00edticos de Sud\u00e1n del Sur: Dignidad y reconciliaci\u00f3n - Exaudi\" \/>\n<meta property=\"og:description\" content=\"En su carta a los l\u00edderes pol\u00edticos de Sud\u00e1n del Sur, el Papa exhorta a buscar una naci\u00f3n que respete la dignidad de todos.\" \/>\n<meta property=\"og:url\" content=\"https:\/\/exaudi.org\/es\/papa-politicos-sudan-sur-dignidad-reconciliacion\/\" \/>\n<meta property=\"og:site_name\" content=\"Exaudi\" \/>\n<meta property=\"article:publisher\" content=\"https:\/\/www.facebook.com\/ExaudiNews\" \/>\n<meta property=\"article:published_time\" content=\"2021-07-09T10:49:03+00:00\" \/>\n<meta property=\"article:modified_time\" content=\"2021-07-12T07:24:11+00:00\" \/>\n<meta property=\"og:image\" content=\"https:\/\/exaudi.org\/wp-content\/uploads\/2021\/07\/23v423v4.jpeg\" \/>\n\t<meta property=\"og:image:width\" content=\"727\" \/>\n\t<meta property=\"og:image:height\" content=\"409\" \/>\n\t<meta property=\"og:image:type\" content=\"image\/jpeg\" \/>\n<meta name=\"author\" content=\"Gabriel Sales\" \/>\n<meta name=\"twitter:card\" content=\"summary_large_image\" \/>\n<meta name=\"twitter:creator\" content=\"@habemusman\" \/>\n<meta name=\"twitter:site\" content=\"@Exaudi_News\" \/>\n<meta name=\"twitter:label1\" content=\"Escrito por\" \/>\n\t<meta name=\"twitter:data1\" content=\"Gabriel Sales\" \/>\n\t<meta name=\"twitter:label2\" content=\"Tiempo de lectura\" \/>\n\t<meta name=\"twitter:data2\" content=\"3 minutos\" \/>\n<script type=\"application\/ld+json\" class=\"yoast-schema-graph\">{\"@context\":\"https:\\\/\\\/schema.org\",\"@graph\":[{\"@type\":\"Article\",\"@id\":\"https:\\\/\\\/exaudi.org\\\/es\\\/papa-politicos-sudan-sur-dignidad-reconciliacion\\\/#article\",\"isPartOf\":{\"@id\":\"https:\\\/\\\/exaudi.org\\\/es\\\/papa-politicos-sudan-sur-dignidad-reconciliacion\\\/\"},\"author\":{\"name\":\"Gabriel Sales\",\"@id\":\"https:\\\/\\\/exaudi.org\\\/#\\\/schema\\\/person\\\/d134b96438278131ce90c90c03fda6cd\"},\"headline\":\"Papa a pol\u00edticos de Sud\u00e1n del Sur: Dignidad y reconciliaci\u00f3n\",\"datePublished\":\"2021-07-09T10:49:03+00:00\",\"dateModified\":\"2021-07-12T07:24:11+00:00\",\"mainEntityOfPage\":{\"@id\":\"https:\\\/\\\/exaudi.org\\\/es\\\/papa-politicos-sudan-sur-dignidad-reconciliacion\\\/\"},\"wordCount\":544,\"image\":{\"@id\":\"https:\\\/\\\/exaudi.org\\\/es\\\/papa-politicos-sudan-sur-dignidad-reconciliacion\\\/#primaryimage\"},\"thumbnailUrl\":\"https:\\\/\\\/exaudi.org\\\/wp-content\\\/uploads\\\/2021\\\/07\\\/23v423v4.jpeg\",\"keywords\":[\"L\u00edderes pol\u00edticos\",\"mensaje\",\"papa francisco\",\"Sud\u00e1n del Sur\"],\"articleSection\":[\"Mensajes\",\"\u00daltimas noticias\"],\"inLanguage\":\"es\"},{\"@type\":\"WebPage\",\"@id\":\"https:\\\/\\\/exaudi.org\\\/es\\\/papa-politicos-sudan-sur-dignidad-reconciliacion\\\/\",\"url\":\"https:\\\/\\\/exaudi.org\\\/es\\\/papa-politicos-sudan-sur-dignidad-reconciliacion\\\/\",\"name\":\"Papa a pol\u00edticos de Sud\u00e1n del Sur: Dignidad y reconciliaci\u00f3n - Exaudi\",\"isPartOf\":{\"@id\":\"https:\\\/\\\/exaudi.org\\\/#website\"},\"primaryImageOfPage\":{\"@id\":\"https:\\\/\\\/exaudi.org\\\/es\\\/papa-politicos-sudan-sur-dignidad-reconciliacion\\\/#primaryimage\"},\"image\":{\"@id\":\"https:\\\/\\\/exaudi.org\\\/es\\\/papa-politicos-sudan-sur-dignidad-reconciliacion\\\/#primaryimage\"},\"thumbnailUrl\":\"https:\\\/\\\/exaudi.org\\\/wp-content\\\/uploads\\\/2021\\\/07\\\/23v423v4.jpeg\",\"datePublished\":\"2021-07-09T10:49:03+00:00\",\"dateModified\":\"2021-07-12T07:24:11+00:00\",\"author\":{\"@id\":\"https:\\\/\\\/exaudi.org\\\/#\\\/schema\\\/person\\\/d134b96438278131ce90c90c03fda6cd\"},\"description\":\"En su carta a los l\u00edderes pol\u00edticos de Sud\u00e1n del Sur, el Papa exhorta a buscar una naci\u00f3n que respete la dignidad de todos.\",\"breadcrumb\":{\"@id\":\"https:\\\/\\\/exaudi.org\\\/es\\\/papa-politicos-sudan-sur-dignidad-reconciliacion\\\/#breadcrumb\"},\"inLanguage\":\"es\",\"potentialAction\":[{\"@type\":\"ReadAction\",\"target\":[\"https:\\\/\\\/exaudi.org\\\/es\\\/papa-politicos-sudan-sur-dignidad-reconciliacion\\\/\"]}]},{\"@type\":\"ImageObject\",\"inLanguage\":\"es\",\"@id\":\"https:\\\/\\\/exaudi.org\\\/es\\\/papa-politicos-sudan-sur-dignidad-reconciliacion\\\/#primaryimage\",\"url\":\"https:\\\/\\\/exaudi.org\\\/wp-content\\\/uploads\\\/2021\\\/07\\\/23v423v4.jpeg\",\"contentUrl\":\"https:\\\/\\\/exaudi.org\\\/wp-content\\\/uploads\\\/2021\\\/07\\\/23v423v4.jpeg\",\"width\":727,\"height\":409,\"caption\":\"Retiro espiritual en el Vaticano con los l\u00edderes de Sud\u00e1n del Sur \u00a9 Vatican Media\"},{\"@type\":\"BreadcrumbList\",\"@id\":\"https:\\\/\\\/exaudi.org\\\/es\\\/papa-politicos-sudan-sur-dignidad-reconciliacion\\\/#breadcrumb\",\"itemListElement\":[{\"@type\":\"ListItem\",\"position\":1,\"name\":\"Portada\",\"item\":\"https:\\\/\\\/exaudi.org\\\/es\\\/\"},{\"@type\":\"ListItem\",\"position\":2,\"name\":\"Papa a pol\u00edticos de Sud\u00e1n del Sur: Dignidad y reconciliaci\u00f3n\"}]},{\"@type\":\"WebSite\",\"@id\":\"https:\\\/\\\/exaudi.org\\\/#website\",\"url\":\"https:\\\/\\\/exaudi.org\\\/\",\"name\":\"Exaudi\",\"description\":\"News\",\"potentialAction\":[{\"@type\":\"SearchAction\",\"target\":{\"@type\":\"EntryPoint\",\"urlTemplate\":\"https:\\\/\\\/exaudi.org\\\/?s={search_term_string}\"},\"query-input\":{\"@type\":\"PropertyValueSpecification\",\"valueRequired\":true,\"valueName\":\"search_term_string\"}}],\"inLanguage\":\"es\"},{\"@type\":\"Person\",\"@id\":\"https:\\\/\\\/exaudi.org\\\/#\\\/schema\\\/person\\\/d134b96438278131ce90c90c03fda6cd\",\"name\":\"Gabriel Sales\",\"image\":{\"@type\":\"ImageObject\",\"inLanguage\":\"es\",\"@id\":\"https:\\\/\\\/secure.gravatar.com\\\/avatar\\\/9b1269566f6a063ed26ffb3532b66a373cdde231ce5d0effb266167437fdaffd?s=96&d=mm&r=g\",\"url\":\"https:\\\/\\\/secure.gravatar.com\\\/avatar\\\/9b1269566f6a063ed26ffb3532b66a373cdde231ce5d0effb266167437fdaffd?s=96&d=mm&r=g\",\"contentUrl\":\"https:\\\/\\\/secure.gravatar.com\\\/avatar\\\/9b1269566f6a063ed26ffb3532b66a373cdde231ce5d0effb266167437fdaffd?s=96&d=mm&r=g\",\"caption\":\"Gabriel Sales\"},\"description\":\"Periodista y especialista en Comunicaci\u00f3n y Branding digital. Cin\u00e9filo y cr\u00edtico de cine y series de televisi\u00f3n.\",\"sameAs\":[\"https:\\\/\\\/www.instagram.com\\\/cine90segundos\\\/\",\"www.linkedin.com\\\/in\\\/habemusman\",\"https:\\\/\\\/x.com\\\/habemusman\",\"https:\\\/\\\/www.youtube.com\\\/channel\\\/UCVfCiOMkJ_C7T7OpyjuaLDg\"],\"url\":\"https:\\\/\\\/exaudi.org\\\/es\\\/author\\\/gsalesexaudi-org\\\/\"}]}<\/script>\n<!-- \/ Yoast SEO plugin. -->","yoast_head_json":{"title":"Papa a pol\u00edticos de Sud\u00e1n del Sur: Dignidad y reconciliaci\u00f3n - Exaudi","description":"En su carta a los l\u00edderes pol\u00edticos de Sud\u00e1n del Sur, el Papa exhorta a buscar una naci\u00f3n que respete la dignidad de todos.","robots":{"index":"index","follow":"follow","max-snippet":"max-snippet:-1","max-image-preview":"max-image-preview:large","max-video-preview":"max-video-preview:-1"},"canonical":"https:\/\/exaudi.org\/es\/papa-politicos-sudan-sur-dignidad-reconciliacion\/","og_locale":"es_ES","og_type":"article","og_title":"Papa a pol\u00edticos de Sud\u00e1n del Sur: Dignidad y reconciliaci\u00f3n - Exaudi","og_description":"En su carta a los l\u00edderes pol\u00edticos de Sud\u00e1n del Sur, el Papa exhorta a buscar una naci\u00f3n que respete la dignidad de todos.","og_url":"https:\/\/exaudi.org\/es\/papa-politicos-sudan-sur-dignidad-reconciliacion\/","og_site_name":"Exaudi","article_publisher":"https:\/\/www.facebook.com\/ExaudiNews","article_published_time":"2021-07-09T10:49:03+00:00","article_modified_time":"2021-07-12T07:24:11+00:00","og_image":[{"width":727,"height":409,"url":"https:\/\/exaudi.org\/wp-content\/uploads\/2021\/07\/23v423v4.jpeg","type":"image\/jpeg"}],"author":"Gabriel Sales","twitter_card":"summary_large_image","twitter_creator":"@habemusman","twitter_site":"@Exaudi_News","twitter_misc":{"Escrito por":"Gabriel Sales","Tiempo de lectura":"3 minutos"},"schema":{"@context":"https:\/\/schema.org","@graph":[{"@type":"Article","@id":"https:\/\/exaudi.org\/es\/papa-politicos-sudan-sur-dignidad-reconciliacion\/#article","isPartOf":{"@id":"https:\/\/exaudi.org\/es\/papa-politicos-sudan-sur-dignidad-reconciliacion\/"},"author":{"name":"Gabriel Sales","@id":"https:\/\/exaudi.org\/#\/schema\/person\/d134b96438278131ce90c90c03fda6cd"},"headline":"Papa a pol\u00edticos de Sud\u00e1n del Sur: Dignidad y reconciliaci\u00f3n","datePublished":"2021-07-09T10:49:03+00:00","dateModified":"2021-07-12T07:24:11+00:00","mainEntityOfPage":{"@id":"https:\/\/exaudi.org\/es\/papa-politicos-sudan-sur-dignidad-reconciliacion\/"},"wordCount":544,"image":{"@id":"https:\/\/exaudi.org\/es\/papa-politicos-sudan-sur-dignidad-reconciliacion\/#primaryimage"},"thumbnailUrl":"https:\/\/exaudi.org\/wp-content\/uploads\/2021\/07\/23v423v4.jpeg","keywords":["L\u00edderes pol\u00edticos","mensaje","papa francisco","Sud\u00e1n del Sur"],"articleSection":["Mensajes","\u00daltimas noticias"],"inLanguage":"es"},{"@type":"WebPage","@id":"https:\/\/exaudi.org\/es\/papa-politicos-sudan-sur-dignidad-reconciliacion\/","url":"https:\/\/exaudi.org\/es\/papa-politicos-sudan-sur-dignidad-reconciliacion\/","name":"Papa a pol\u00edticos de Sud\u00e1n del Sur: Dignidad y reconciliaci\u00f3n - Exaudi","isPartOf":{"@id":"https:\/\/exaudi.org\/#website"},"primaryImageOfPage":{"@id":"https:\/\/exaudi.org\/es\/papa-politicos-sudan-sur-dignidad-reconciliacion\/#primaryimage"},"image":{"@id":"https:\/\/exaudi.org\/es\/papa-politicos-sudan-sur-dignidad-reconciliacion\/#primaryimage"},"thumbnailUrl":"https:\/\/exaudi.org\/wp-content\/uploads\/2021\/07\/23v423v4.jpeg","datePublished":"2021-07-09T10:49:03+00:00","dateModified":"2021-07-12T07:24:11+00:00","author":{"@id":"https:\/\/exaudi.org\/#\/schema\/person\/d134b96438278131ce90c90c03fda6cd"},"description":"En su carta a los l\u00edderes pol\u00edticos de Sud\u00e1n del Sur, el Papa exhorta a buscar una naci\u00f3n que respete la dignidad de todos.","breadcrumb":{"@id":"https:\/\/exaudi.org\/es\/papa-politicos-sudan-sur-dignidad-reconciliacion\/#breadcrumb"},"inLanguage":"es","potentialAction":[{"@type":"ReadAction","target":["https:\/\/exaudi.org\/es\/papa-politicos-sudan-sur-dignidad-reconciliacion\/"]}]},{"@type":"ImageObject","inLanguage":"es","@id":"https:\/\/exaudi.org\/es\/papa-politicos-sudan-sur-dignidad-reconciliacion\/#primaryimage","url":"https:\/\/exaudi.org\/wp-content\/uploads\/2021\/07\/23v423v4.jpeg","contentUrl":"https:\/\/exaudi.org\/wp-content\/uploads\/2021\/07\/23v423v4.jpeg","width":727,"height":409,"caption":"Retiro espiritual en el Vaticano con los l\u00edderes de Sud\u00e1n del Sur \u00a9 Vatican Media"},{"@type":"BreadcrumbList","@id":"https:\/\/exaudi.org\/es\/papa-politicos-sudan-sur-dignidad-reconciliacion\/#breadcrumb","itemListElement":[{"@type":"ListItem","position":1,"name":"Portada","item":"https:\/\/exaudi.org\/es\/"},{"@type":"ListItem","position":2,"name":"Papa a pol\u00edticos de Sud\u00e1n del Sur: Dignidad y reconciliaci\u00f3n"}]},{"@type":"WebSite","@id":"https:\/\/exaudi.org\/#website","url":"https:\/\/exaudi.org\/","name":"Exaudi","description":"News","potentialAction":[{"@type":"SearchAction","target":{"@type":"EntryPoint","urlTemplate":"https:\/\/exaudi.org\/?s={search_term_string}"},"query-input":{"@type":"PropertyValueSpecification","valueRequired":true,"valueName":"search_term_string"}}],"inLanguage":"es"},{"@type":"Person","@id":"https:\/\/exaudi.org\/#\/schema\/person\/d134b96438278131ce90c90c03fda6cd","name":"Gabriel Sales","image":{"@type":"ImageObject","inLanguage":"es","@id":"https:\/\/secure.gravatar.com\/avatar\/9b1269566f6a063ed26ffb3532b66a373cdde231ce5d0effb266167437fdaffd?s=96&d=mm&r=g","url":"https:\/\/secure.gravatar.com\/avatar\/9b1269566f6a063ed26ffb3532b66a373cdde231ce5d0effb266167437fdaffd?s=96&d=mm&r=g","contentUrl":"https:\/\/secure.gravatar.com\/avatar\/9b1269566f6a063ed26ffb3532b66a373cdde231ce5d0effb266167437fdaffd?s=96&d=mm&r=g","caption":"Gabriel Sales"},"description":"Periodista y especialista en Comunicaci\u00f3n y Branding digital. Cin\u00e9filo y cr\u00edtico de cine y series de televisi\u00f3n.","sameAs":["https:\/\/www.instagram.com\/cine90segundos\/","www.linkedin.com\/in\/habemusman","https:\/\/x.com\/habemusman","https:\/\/www.youtube.com\/channel\/UCVfCiOMkJ_C7T7OpyjuaLDg"],"url":"https:\/\/exaudi.org\/es\/author\/gsalesexaudi-org\/"}]}},"jetpack_featured_media_url":"https:\/\/exaudi.org\/wp-content\/uploads\/2021\/07\/23v423v4.jpeg","jetpack_shortlink":"https:\/\/wp.me\/pgKjF2-6Uq","_links":{"self":[{"href":"https:\/\/exaudi.org\/es\/wp-json\/wp\/v2\/posts\/26562","targetHints":{"allow":["GET"]}}],"collection":[{"href":"https:\/\/exaudi.org\/es\/wp-json\/wp\/v2\/posts"}],"about":[{"href":"https:\/\/exaudi.org\/es\/wp-json\/wp\/v2\/types\/post"}],"author":[{"embeddable":true,"href":"https:\/\/exaudi.org\/es\/wp-json\/wp\/v2\/users\/6"}],"replies":[{"embeddable":true,"href":"https:\/\/exaudi.org\/es\/wp-json\/wp\/v2\/comments?post=26562"}],"version-history":[{"count":0,"href":"https:\/\/exaudi.org\/es\/wp-json\/wp\/v2\/posts\/26562\/revisions"}],"wp:featuredmedia":[{"embeddable":true,"href":"https:\/\/exaudi.org\/es\/wp-json\/wp\/v2\/media\/26563"}],"wp:attachment":[{"href":"https:\/\/exaudi.org\/es\/wp-json\/wp\/v2\/media?parent=26562"}],"wp:term":[{"taxonomy":"category","embeddable":true,"href":"https:\/\/exaudi.org\/es\/wp-json\/wp\/v2\/categories?post=26562"},{"taxonomy":"post_tag","embeddable":true,"href":"https:\/\/exaudi.org\/es\/wp-json\/wp\/v2\/tags?post=26562"}],"curies":[{"name":"wp","href":"https:\/\/api.w.org\/{rel}","templated":true}]}}