{"id":26542,"date":"2021-07-11T09:00:56","date_gmt":"2021-07-11T07:00:56","guid":{"rendered":"https:\/\/exaudi.org\/?p=26542"},"modified":"2021-07-11T11:11:04","modified_gmt":"2021-07-11T09:11:04","slug":"evangelio-11-julio-2021-discipulos-misioneros","status":"publish","type":"post","link":"https:\/\/exaudi.org\/es\/evangelio-11-julio-2021-discipulos-misioneros\/","title":{"rendered":"Evangelio, 11 de julio 2021: \u201cSomos disc\u00edpulos misioneros\u201d"},"content":{"rendered":"<p><a href=\"https:\/\/exaudi.org\/es\/author\/jorgemiro\/\">El padre Jorge Mir\u00f3<\/a> comparte con los lectores de Exaudi su comentario sobre el Evangelio de hoy, 11 de julio de 2021, <a href=\"https:\/\/www.dominicos.org\/predicacion\/homilia\/11-7-2021\/\" target=\"_blank\" rel=\"noopener noreferrer\">XV Domingo del Tiempo Ordinario.<\/a><\/p>\n<p>***<\/p>\n<p><span style=\"font-weight: 400\">Toda la vida es vocaci\u00f3n, llamada de Dios. Existes por Dios, porque te ama, te ha llamado a la vida y te sigue llamando cada d\u00eda. Y, como dice la segunda lectura, Dios te llama a ser santo y a ser hijo. Por eso, cada d\u00eda necesitas escuchar al Se\u00f1or: \u00a1Ojal\u00e1 escuch\u00e9is hoy la voz del Se\u00f1or, no endurezc\u00e1is vuestro coraz\u00f3n! Y cada d\u00eda est\u00e1s llamado a responder al Se\u00f1or, a vivir una vida de relaci\u00f3n y de amistad con el Se\u00f1or, a vivir el discipulado.<\/span><\/p>\n<p><span style=\"font-weight: 400\">Y la Palabra nos recuerda que la Iglesia est\u00e1 llamada a anunciar el Evangelio: somos disc\u00edpulos misioneros.<\/span><\/p>\n<p><span style=\"font-weight: 400\">La misi\u00f3n de Cristo y del Esp\u00edritu Santo se realiza en la Iglesia, Cuerpo de Cristo y Templo del Esp\u00edritu Santo. La misi\u00f3n de la Iglesia no se a\u00f1ade a la de Cristo y del Esp\u00edritu Santo, sino que es su sacramento: con todo su ser y en todos sus miembros ha sido enviada para anunciar y dar testimonio (cf. Catecismo 737s).<\/span><\/p>\n<p><span style=\"font-weight: 400\">Toda la Iglesia es apost\u00f3lica mientras permanezca, a trav\u00e9s de los sucesores de san Pedro y de los ap\u00f3stoles, en comuni\u00f3n de fe y de vida con su origen. Toda la Iglesia es apost\u00f3lica en cuanto que ella es \u201cenviada\u201d al mundo entero; todos los miembros de la Iglesia, aunque de diferentes maneras, tienen parte en este env\u00edo.<\/span><\/p>\n<p><span style=\"font-weight: 400\">Jes\u00fas los env\u00eda de dos en dos: han de ser testigos; no conferenciantes, que hablan de conocimientos meramente aprendidos; ni \u201cchismosos\u201d, que hablan de o\u00eddas. El aut\u00e9ntico anuncio del evangelio es dar fe de que la palabra de Jes\u00fas tiene vida eterna, dar fe de que Dios existe y act\u00faa en la vida de cada d\u00eda, dar fe que el Evangelio es, de verdad, una buena noticia.<\/span><\/p>\n<p><span style=\"font-weight: 400\">Jes\u00fas los manda en pura gratuidad. No deben confiar en los medios humanos, sino en el nombre de Jes\u00fas. No deben preocuparse por el \u00e9xito. Han de testimoniar su absoluta confianza en Dios, que cuida del disc\u00edpulo. Su vida ser\u00e1, as\u00ed, signo de que el Reino de Dios ha llegado en Jes\u00fas.<\/span><\/p>\n<p><span style=\"font-weight: 400\">Deben predicar la conversi\u00f3n, expulsar demonios y curar enfermos. Las tres cosas van juntas. No se pueden separar. La predicaci\u00f3n debe ir acompa\u00f1ada de la curaci\u00f3n de los enfermos, curaci\u00f3n corporal y espiritual. Estas sanaciones ser\u00e1n signo de un don mayor: anuncio de la nueva vida, que procede del Se\u00f1or, y preanuncio de la resurrecci\u00f3n y la vida eterna a la que Dios nos llama.<\/span><\/p>\n<p><span style=\"font-weight: 400\">Y tambi\u00e9n de expulsar los demonios: todas las mentiras y enga\u00f1os que inducen al hombre a dudar del amor de Dios y querer<\/span> <span style=\"font-weight: 400\">ocupar su lugar: la soberbia, el orgullo, el odio, la codicia\u2026 son sometidas, derrotadas y convertidas por el poder de la Palabra de Jesucristo y el don de su Esp\u00edritu.<\/span><\/p>\n<p><span style=\"font-weight: 400\">\u00bfC\u00f3mo te est\u00e1 pidiendo hoy el Se\u00f1or que anuncies la buena noticia del Evangelio?\u00a0<\/span><\/p>\n<p><span style=\"font-weight: 400\">A toda la tierra alcanza su preg\u00f3n (cf. Sal 19, 5).<\/span><\/p>\n<p><span style=\"font-weight: 400\">\u00a1Ven Esp\u00edritu Santo! (cf. Lc 11, 13).<\/span><\/p>\n<p><span style=\"font-weight: 400\">\u00a1Feliz Domingo! \u00a1Feliz Eucarist\u00eda!<\/span><\/p>\n","protected":false},"excerpt":{"rendered":"<p>\u201cEllos salieron a predicar la conversi\u00f3n\u201d<\/p>\n","protected":false},"author":20,"featured_media":26543,"comment_status":"closed","ping_status":"closed","sticky":false,"template":"","format":"standard","meta":{"_acf_changed":false,"_crdt_document":"","inline_featured_image":false,"footnotes":""},"categories":[96,298],"tags":[368,3266,2900],"class_list":["post-26542","post","type-post","status-publish","format-standard","has-post-thumbnail","hentry","category-espiritualidad","category-ultimas-noticias","tag-comentario-del-evangelio","tag-discipulos","tag-mision"],"acf":[],"yoast_head":"<!-- This site is optimized with the Yoast SEO plugin v27.4 - https:\/\/yoast.com\/product\/yoast-seo-wordpress\/ -->\n<title>Evangelio, 11 de julio 2021: \u201cSomos disc\u00edpulos misioneros\u201d - Exaudi<\/title>\n<meta name=\"description\" content=\"El padre Jorge Mir\u00f3 comparte su comentario sobre el Evangelio de hoy, 11 de julio de 2021, XV Domingo del Tiempo Ordinario.\" \/>\n<meta name=\"robots\" content=\"index, follow, max-snippet:-1, max-image-preview:large, max-video-preview:-1\" \/>\n<link rel=\"canonical\" href=\"https:\/\/exaudi.org\/es\/evangelio-11-julio-2021-discipulos-misioneros\/\" \/>\n<meta property=\"og:locale\" content=\"es_ES\" \/>\n<meta property=\"og:type\" content=\"article\" \/>\n<meta property=\"og:title\" content=\"Evangelio, 11 de julio 2021: \u201cSomos disc\u00edpulos misioneros\u201d - Exaudi\" \/>\n<meta property=\"og:description\" content=\"El padre Jorge Mir\u00f3 comparte su comentario sobre el Evangelio de hoy, 11 de julio de 2021, XV Domingo del Tiempo Ordinario.\" \/>\n<meta property=\"og:url\" content=\"https:\/\/exaudi.org\/es\/evangelio-11-julio-2021-discipulos-misioneros\/\" \/>\n<meta property=\"og:site_name\" content=\"Exaudi\" \/>\n<meta property=\"article:publisher\" content=\"https:\/\/www.facebook.com\/ExaudiNews\" \/>\n<meta property=\"article:published_time\" content=\"2021-07-11T07:00:56+00:00\" \/>\n<meta property=\"article:modified_time\" content=\"2021-07-11T09:11:04+00:00\" \/>\n<meta property=\"og:image\" content=\"https:\/\/exaudi.org\/wp-content\/uploads\/2021\/07\/123c12c3-scaled.jpg\" \/>\n\t<meta property=\"og:image:width\" content=\"2560\" \/>\n\t<meta property=\"og:image:height\" content=\"1921\" \/>\n\t<meta property=\"og:image:type\" content=\"image\/jpeg\" \/>\n<meta name=\"author\" content=\"Jorge Mir\u00f3\" \/>\n<meta name=\"twitter:card\" content=\"summary_large_image\" \/>\n<meta name=\"twitter:creator\" content=\"@Exaudi_News\" \/>\n<meta name=\"twitter:site\" content=\"@Exaudi_News\" \/>\n<meta name=\"twitter:label1\" content=\"Escrito por\" \/>\n\t<meta name=\"twitter:data1\" content=\"Jorge Mir\u00f3\" \/>\n\t<meta name=\"twitter:label2\" content=\"Tiempo de lectura\" \/>\n\t<meta name=\"twitter:data2\" content=\"3 minutos\" \/>\n<script type=\"application\/ld+json\" class=\"yoast-schema-graph\">{\"@context\":\"https:\\\/\\\/schema.org\",\"@graph\":[{\"@type\":\"Article\",\"@id\":\"https:\\\/\\\/exaudi.org\\\/es\\\/evangelio-11-julio-2021-discipulos-misioneros\\\/#article\",\"isPartOf\":{\"@id\":\"https:\\\/\\\/exaudi.org\\\/es\\\/evangelio-11-julio-2021-discipulos-misioneros\\\/\"},\"author\":{\"name\":\"Jorge Mir\u00f3\",\"@id\":\"https:\\\/\\\/exaudi.org\\\/#\\\/schema\\\/person\\\/a258c56b05e63b2b367bdca29e0ed3e3\"},\"headline\":\"Evangelio, 11 de julio 2021: \u201cSomos disc\u00edpulos misioneros\u201d\",\"datePublished\":\"2021-07-11T07:00:56+00:00\",\"dateModified\":\"2021-07-11T09:11:04+00:00\",\"mainEntityOfPage\":{\"@id\":\"https:\\\/\\\/exaudi.org\\\/es\\\/evangelio-11-julio-2021-discipulos-misioneros\\\/\"},\"wordCount\":577,\"image\":{\"@id\":\"https:\\\/\\\/exaudi.org\\\/es\\\/evangelio-11-julio-2021-discipulos-misioneros\\\/#primaryimage\"},\"thumbnailUrl\":\"https:\\\/\\\/exaudi.org\\\/wp-content\\\/uploads\\\/2021\\\/07\\\/123c12c3-scaled.jpg\",\"keywords\":[\"Comentario del Evangelio\",\"Disc\u00edpulos\",\"Misi\u00f3n\"],\"articleSection\":[\"Espiritualidad\",\"\u00daltimas noticias\"],\"inLanguage\":\"es\"},{\"@type\":\"WebPage\",\"@id\":\"https:\\\/\\\/exaudi.org\\\/es\\\/evangelio-11-julio-2021-discipulos-misioneros\\\/\",\"url\":\"https:\\\/\\\/exaudi.org\\\/es\\\/evangelio-11-julio-2021-discipulos-misioneros\\\/\",\"name\":\"Evangelio, 11 de julio 2021: \u201cSomos disc\u00edpulos misioneros\u201d - Exaudi\",\"isPartOf\":{\"@id\":\"https:\\\/\\\/exaudi.org\\\/#website\"},\"primaryImageOfPage\":{\"@id\":\"https:\\\/\\\/exaudi.org\\\/es\\\/evangelio-11-julio-2021-discipulos-misioneros\\\/#primaryimage\"},\"image\":{\"@id\":\"https:\\\/\\\/exaudi.org\\\/es\\\/evangelio-11-julio-2021-discipulos-misioneros\\\/#primaryimage\"},\"thumbnailUrl\":\"https:\\\/\\\/exaudi.org\\\/wp-content\\\/uploads\\\/2021\\\/07\\\/123c12c3-scaled.jpg\",\"datePublished\":\"2021-07-11T07:00:56+00:00\",\"dateModified\":\"2021-07-11T09:11:04+00:00\",\"author\":{\"@id\":\"https:\\\/\\\/exaudi.org\\\/#\\\/schema\\\/person\\\/a258c56b05e63b2b367bdca29e0ed3e3\"},\"description\":\"El padre Jorge Mir\u00f3 comparte su comentario sobre el Evangelio de hoy, 11 de julio de 2021, XV Domingo del Tiempo Ordinario.\",\"breadcrumb\":{\"@id\":\"https:\\\/\\\/exaudi.org\\\/es\\\/evangelio-11-julio-2021-discipulos-misioneros\\\/#breadcrumb\"},\"inLanguage\":\"es\",\"potentialAction\":[{\"@type\":\"ReadAction\",\"target\":[\"https:\\\/\\\/exaudi.org\\\/es\\\/evangelio-11-julio-2021-discipulos-misioneros\\\/\"]}]},{\"@type\":\"ImageObject\",\"inLanguage\":\"es\",\"@id\":\"https:\\\/\\\/exaudi.org\\\/es\\\/evangelio-11-julio-2021-discipulos-misioneros\\\/#primaryimage\",\"url\":\"https:\\\/\\\/exaudi.org\\\/wp-content\\\/uploads\\\/2021\\\/07\\\/123c12c3-scaled.jpg\",\"contentUrl\":\"https:\\\/\\\/exaudi.org\\\/wp-content\\\/uploads\\\/2021\\\/07\\\/123c12c3-scaled.jpg\",\"width\":2560,\"height\":1921,\"caption\":\"Misioneros \u00a9 Cathopic. Fray Soto\"},{\"@type\":\"BreadcrumbList\",\"@id\":\"https:\\\/\\\/exaudi.org\\\/es\\\/evangelio-11-julio-2021-discipulos-misioneros\\\/#breadcrumb\",\"itemListElement\":[{\"@type\":\"ListItem\",\"position\":1,\"name\":\"Portada\",\"item\":\"https:\\\/\\\/exaudi.org\\\/es\\\/\"},{\"@type\":\"ListItem\",\"position\":2,\"name\":\"Evangelio, 11 de julio 2021: \u201cSomos disc\u00edpulos misioneros\u201d\"}]},{\"@type\":\"WebSite\",\"@id\":\"https:\\\/\\\/exaudi.org\\\/#website\",\"url\":\"https:\\\/\\\/exaudi.org\\\/\",\"name\":\"Exaudi\",\"description\":\"News\",\"potentialAction\":[{\"@type\":\"SearchAction\",\"target\":{\"@type\":\"EntryPoint\",\"urlTemplate\":\"https:\\\/\\\/exaudi.org\\\/?s={search_term_string}\"},\"query-input\":{\"@type\":\"PropertyValueSpecification\",\"valueRequired\":true,\"valueName\":\"search_term_string\"}}],\"inLanguage\":\"es\"},{\"@type\":\"Person\",\"@id\":\"https:\\\/\\\/exaudi.org\\\/#\\\/schema\\\/person\\\/a258c56b05e63b2b367bdca29e0ed3e3\",\"name\":\"Jorge Mir\u00f3\",\"image\":{\"@type\":\"ImageObject\",\"inLanguage\":\"es\",\"@id\":\"https:\\\/\\\/secure.gravatar.com\\\/avatar\\\/f5ea26c436669b01b7b02124bf13596df002525d6f392707d301543be365bd44?s=96&d=mm&r=g\",\"url\":\"https:\\\/\\\/secure.gravatar.com\\\/avatar\\\/f5ea26c436669b01b7b02124bf13596df002525d6f392707d301543be365bd44?s=96&d=mm&r=g\",\"contentUrl\":\"https:\\\/\\\/secure.gravatar.com\\\/avatar\\\/f5ea26c436669b01b7b02124bf13596df002525d6f392707d301543be365bd44?s=96&d=mm&r=g\",\"caption\":\"Jorge Mir\u00f3\"},\"description\":\"Sacerdote de la archidi\u00f3cesis de Valencia y profesor en la Facultad de Ciencias Jur\u00eddicas, Econ\u00f3micas y Sociales de la Universidad Cat\u00f3lica de Valencia\",\"url\":\"https:\\\/\\\/exaudi.org\\\/es\\\/author\\\/jorgemiro\\\/\"}]}<\/script>\n<!-- \/ Yoast SEO plugin. -->","yoast_head_json":{"title":"Evangelio, 11 de julio 2021: \u201cSomos disc\u00edpulos misioneros\u201d - Exaudi","description":"El padre Jorge Mir\u00f3 comparte su comentario sobre el Evangelio de hoy, 11 de julio de 2021, XV Domingo del Tiempo Ordinario.","robots":{"index":"index","follow":"follow","max-snippet":"max-snippet:-1","max-image-preview":"max-image-preview:large","max-video-preview":"max-video-preview:-1"},"canonical":"https:\/\/exaudi.org\/es\/evangelio-11-julio-2021-discipulos-misioneros\/","og_locale":"es_ES","og_type":"article","og_title":"Evangelio, 11 de julio 2021: \u201cSomos disc\u00edpulos misioneros\u201d - Exaudi","og_description":"El padre Jorge Mir\u00f3 comparte su comentario sobre el Evangelio de hoy, 11 de julio de 2021, XV Domingo del Tiempo Ordinario.","og_url":"https:\/\/exaudi.org\/es\/evangelio-11-julio-2021-discipulos-misioneros\/","og_site_name":"Exaudi","article_publisher":"https:\/\/www.facebook.com\/ExaudiNews","article_published_time":"2021-07-11T07:00:56+00:00","article_modified_time":"2021-07-11T09:11:04+00:00","og_image":[{"width":2560,"height":1921,"url":"https:\/\/exaudi.org\/wp-content\/uploads\/2021\/07\/123c12c3-scaled.jpg","type":"image\/jpeg"}],"author":"Jorge Mir\u00f3","twitter_card":"summary_large_image","twitter_creator":"@Exaudi_News","twitter_site":"@Exaudi_News","twitter_misc":{"Escrito por":"Jorge Mir\u00f3","Tiempo de lectura":"3 minutos"},"schema":{"@context":"https:\/\/schema.org","@graph":[{"@type":"Article","@id":"https:\/\/exaudi.org\/es\/evangelio-11-julio-2021-discipulos-misioneros\/#article","isPartOf":{"@id":"https:\/\/exaudi.org\/es\/evangelio-11-julio-2021-discipulos-misioneros\/"},"author":{"name":"Jorge Mir\u00f3","@id":"https:\/\/exaudi.org\/#\/schema\/person\/a258c56b05e63b2b367bdca29e0ed3e3"},"headline":"Evangelio, 11 de julio 2021: \u201cSomos disc\u00edpulos misioneros\u201d","datePublished":"2021-07-11T07:00:56+00:00","dateModified":"2021-07-11T09:11:04+00:00","mainEntityOfPage":{"@id":"https:\/\/exaudi.org\/es\/evangelio-11-julio-2021-discipulos-misioneros\/"},"wordCount":577,"image":{"@id":"https:\/\/exaudi.org\/es\/evangelio-11-julio-2021-discipulos-misioneros\/#primaryimage"},"thumbnailUrl":"https:\/\/exaudi.org\/wp-content\/uploads\/2021\/07\/123c12c3-scaled.jpg","keywords":["Comentario del Evangelio","Disc\u00edpulos","Misi\u00f3n"],"articleSection":["Espiritualidad","\u00daltimas noticias"],"inLanguage":"es"},{"@type":"WebPage","@id":"https:\/\/exaudi.org\/es\/evangelio-11-julio-2021-discipulos-misioneros\/","url":"https:\/\/exaudi.org\/es\/evangelio-11-julio-2021-discipulos-misioneros\/","name":"Evangelio, 11 de julio 2021: \u201cSomos disc\u00edpulos misioneros\u201d - Exaudi","isPartOf":{"@id":"https:\/\/exaudi.org\/#website"},"primaryImageOfPage":{"@id":"https:\/\/exaudi.org\/es\/evangelio-11-julio-2021-discipulos-misioneros\/#primaryimage"},"image":{"@id":"https:\/\/exaudi.org\/es\/evangelio-11-julio-2021-discipulos-misioneros\/#primaryimage"},"thumbnailUrl":"https:\/\/exaudi.org\/wp-content\/uploads\/2021\/07\/123c12c3-scaled.jpg","datePublished":"2021-07-11T07:00:56+00:00","dateModified":"2021-07-11T09:11:04+00:00","author":{"@id":"https:\/\/exaudi.org\/#\/schema\/person\/a258c56b05e63b2b367bdca29e0ed3e3"},"description":"El padre Jorge Mir\u00f3 comparte su comentario sobre el Evangelio de hoy, 11 de julio de 2021, XV Domingo del Tiempo Ordinario.","breadcrumb":{"@id":"https:\/\/exaudi.org\/es\/evangelio-11-julio-2021-discipulos-misioneros\/#breadcrumb"},"inLanguage":"es","potentialAction":[{"@type":"ReadAction","target":["https:\/\/exaudi.org\/es\/evangelio-11-julio-2021-discipulos-misioneros\/"]}]},{"@type":"ImageObject","inLanguage":"es","@id":"https:\/\/exaudi.org\/es\/evangelio-11-julio-2021-discipulos-misioneros\/#primaryimage","url":"https:\/\/exaudi.org\/wp-content\/uploads\/2021\/07\/123c12c3-scaled.jpg","contentUrl":"https:\/\/exaudi.org\/wp-content\/uploads\/2021\/07\/123c12c3-scaled.jpg","width":2560,"height":1921,"caption":"Misioneros \u00a9 Cathopic. Fray Soto"},{"@type":"BreadcrumbList","@id":"https:\/\/exaudi.org\/es\/evangelio-11-julio-2021-discipulos-misioneros\/#breadcrumb","itemListElement":[{"@type":"ListItem","position":1,"name":"Portada","item":"https:\/\/exaudi.org\/es\/"},{"@type":"ListItem","position":2,"name":"Evangelio, 11 de julio 2021: \u201cSomos disc\u00edpulos misioneros\u201d"}]},{"@type":"WebSite","@id":"https:\/\/exaudi.org\/#website","url":"https:\/\/exaudi.org\/","name":"Exaudi","description":"News","potentialAction":[{"@type":"SearchAction","target":{"@type":"EntryPoint","urlTemplate":"https:\/\/exaudi.org\/?s={search_term_string}"},"query-input":{"@type":"PropertyValueSpecification","valueRequired":true,"valueName":"search_term_string"}}],"inLanguage":"es"},{"@type":"Person","@id":"https:\/\/exaudi.org\/#\/schema\/person\/a258c56b05e63b2b367bdca29e0ed3e3","name":"Jorge Mir\u00f3","image":{"@type":"ImageObject","inLanguage":"es","@id":"https:\/\/secure.gravatar.com\/avatar\/f5ea26c436669b01b7b02124bf13596df002525d6f392707d301543be365bd44?s=96&d=mm&r=g","url":"https:\/\/secure.gravatar.com\/avatar\/f5ea26c436669b01b7b02124bf13596df002525d6f392707d301543be365bd44?s=96&d=mm&r=g","contentUrl":"https:\/\/secure.gravatar.com\/avatar\/f5ea26c436669b01b7b02124bf13596df002525d6f392707d301543be365bd44?s=96&d=mm&r=g","caption":"Jorge Mir\u00f3"},"description":"Sacerdote de la archidi\u00f3cesis de Valencia y profesor en la Facultad de Ciencias Jur\u00eddicas, Econ\u00f3micas y Sociales de la Universidad Cat\u00f3lica de Valencia","url":"https:\/\/exaudi.org\/es\/author\/jorgemiro\/"}]}},"jetpack_featured_media_url":"https:\/\/exaudi.org\/wp-content\/uploads\/2021\/07\/123c12c3-scaled.jpg","jetpack_shortlink":"https:\/\/wp.me\/pgKjF2-6U6","_links":{"self":[{"href":"https:\/\/exaudi.org\/es\/wp-json\/wp\/v2\/posts\/26542","targetHints":{"allow":["GET"]}}],"collection":[{"href":"https:\/\/exaudi.org\/es\/wp-json\/wp\/v2\/posts"}],"about":[{"href":"https:\/\/exaudi.org\/es\/wp-json\/wp\/v2\/types\/post"}],"author":[{"embeddable":true,"href":"https:\/\/exaudi.org\/es\/wp-json\/wp\/v2\/users\/20"}],"replies":[{"embeddable":true,"href":"https:\/\/exaudi.org\/es\/wp-json\/wp\/v2\/comments?post=26542"}],"version-history":[{"count":0,"href":"https:\/\/exaudi.org\/es\/wp-json\/wp\/v2\/posts\/26542\/revisions"}],"wp:featuredmedia":[{"embeddable":true,"href":"https:\/\/exaudi.org\/es\/wp-json\/wp\/v2\/media\/26543"}],"wp:attachment":[{"href":"https:\/\/exaudi.org\/es\/wp-json\/wp\/v2\/media?parent=26542"}],"wp:term":[{"taxonomy":"category","embeddable":true,"href":"https:\/\/exaudi.org\/es\/wp-json\/wp\/v2\/categories?post=26542"},{"taxonomy":"post_tag","embeddable":true,"href":"https:\/\/exaudi.org\/es\/wp-json\/wp\/v2\/tags?post=26542"}],"curies":[{"name":"wp","href":"https:\/\/api.w.org\/{rel}","templated":true}]}}