{"id":26531,"date":"2021-07-09T10:58:28","date_gmt":"2021-07-09T08:58:28","guid":{"rendered":"https:\/\/exaudi.org\/?p=26531"},"modified":"2021-07-09T16:58:20","modified_gmt":"2021-07-09T14:58:20","slug":"xvi-asamblea-general-sinodo-obispos-relator-general","status":"publish","type":"post","link":"https:\/\/exaudi.org\/es\/xvi-asamblea-general-sinodo-obispos-relator-general\/","title":{"rendered":"XVI Asamblea General S\u00ednodo de Obispos: Nuevo relator general"},"content":{"rendered":"<p>Ayer, jueves 8 de julio de 2021, el Papa Francisco nombr\u00f3 relator general de la XVI Asamblea General Ordinaria del <a href=\"https:\/\/exaudi.org\/es\/sinodo-de-los-obispos-entrevista-al-cardenal-grech\/\" target=\"_blank\" rel=\"noopener noreferrer\">S\u00ednodo de los Obispos<\/a> al cardenal Jean-Claude Hollerich, arzobispo de Luxemburgo. De esta manera inform\u00f3 la <a href=\"https:\/\/www.vatican.va\/news_services\/press\/index_sp.htm\" target=\"_blank\" rel=\"noopener noreferrer\">Oficina de Prensa de la Santa Sede.<\/a><\/p>\n<h4><strong>Cardenal Hollerich<\/strong><\/h4>\n<p>Seg\u00fan describe el Vaticano, el purpurado Jean-Claude Hollerich naci\u00f3 en 1958 en Differdange, archidi\u00f3cesis de Luxemburgo. Tras sus estudios secundarios en la Escuela Apost\u00f3lica de Clairefontaine y en el Liceo cl\u00e1sico de Diekirch, se traslad\u00f3 a Roma para iniciar su formaci\u00f3n sacerdotal en la Pontificia Universidad Gregoriana.<\/p>\n<p>En 1981 ingres\u00f3 en la Compa\u00f1\u00eda de Jes\u00fas, en la provincia del sur de B\u00e9lgica y Luxemburgo, y realiz\u00f3 su noviciado en Namur durante dos a\u00f1os. En 1985 visit\u00f3 por primera vez Jap\u00f3n, donde en cuatro a\u00f1os perfeccion\u00f3 primero su conocimiento de la lengua y la cultura locales y luego retom\u00f3 sus estudios teol\u00f3gicos en la Universidad Sophia de Tokio, completando su formaci\u00f3n en Alemania, en la <em>Philosophisch-Theologische Hochschule Sankt Georgen<\/em> de Frankfurt, donde se licenci\u00f3.<\/p>\n<p>Fue ordenado sacerdote en Bruselas en 1990, y curs\u00f3 cuatro a\u00f1os de estudios de lengua y literatura alemanas en la <em>Ludwig-Maximilians Universit\u00e4t<\/em> de M\u00fanich, que complet\u00f3 con una licenciatura concedida en 1994, con una tesis sobre <em>Das Konstantinopolitanische Glaubensbekenntnis<\/em>. <em>Eine Textuntersuchung.<\/em><\/p>\n<p>En 2001 realiz\u00f3 sus estudios de doctorado en el <em>Institut pour les \u00c9tudes de l&#8217;Union Europ\u00e9enne<\/em>, en Bonn, Alemania, y el 18 de octubre de 2002 emiti\u00f3 sus votos perpetuos en la Iglesia de San Ignacio de Tokio, pasando a la provincia japonesa de la Compa\u00f1\u00eda, para la que, de nuevo hasta 2006, fue delegado provincial para la promoci\u00f3n de las vocaciones (desde 2002), director del Centro Cat\u00f3lico de la Universidad Sophia (desde 2003) y de una peque\u00f1a comunidad de jesuitas en la capital (desde 2004).<\/p>\n<p>En 2008 fue elegido rector de la comunidad de 65 jesuitas de la Universidad Sophia y vicerrector para asuntos generales y estudiantiles de la misma instituci\u00f3n, entrando en contacto directo con las numerosas comunidades acad\u00e9micas de Asia, Europa y Am\u00e9rica. Al mismo tiempo fue consultor de la provincia japonesa de la Compa\u00f1\u00eda de Jes\u00fas.<\/p>\n<p>Regres\u00f3 a su pa\u00eds natal en 2011, ya que el 12 de julio de ese a\u00f1o fue nombrado por el Papa Ratzinger arzobispo de Luxemburgo. El 16 de octubre siguiente recibi\u00f3 la ordenaci\u00f3n episcopal en la catedral de Luxemburgo, de manos de su predecesor Fernand Franck, co-consagrado por el cardenal de Colonia, Joachim Meisner, y el arzobispo de Tokio, Peter Takeo Okada, eligiendo como lema Annuntiate.<\/p>\n<p>En 2015 particip\u00f3 en la decimocuarta asamblea general ordinaria del S\u00ednodo de los Obispos centrada en la vocaci\u00f3n y misi\u00f3n de la familia; esta experiencia se repiti\u00f3 en 2018, con la decimoquinta asamblea dedicada a los j\u00f3venes.<\/p>\n<p>Presidente de la Conferencia de las Comisiones Iustitia et Pax de Europa (2014-2018), el 29 de septiembre de 2017 fue elegido para dirigir la Comisi\u00f3n para los J\u00f3venes en el seno del Consejo de Conferencias Episcopales de Europa (CCEE). El 8 de marzo de 2018 asumi\u00f3 la presidencia de la Comisi\u00f3n que re\u00fane a los obispos europeos con el objetivo de examinar la pol\u00edtica y la legislaci\u00f3n de la Uni\u00f3n Europea (UE) desde el punto de vista de la doctrina social de la Iglesia.<\/p>\n<p>Desde el pasado 3 de abril, tambi\u00e9n preside el <em>Coetus internationalis ministrantium<\/em> (CIM), la asociaci\u00f3n internacional de monaguillos.\u00a0Creado y proclamado Cardenal por el Papa Francisco en el consistorio del 5 de octubre de 2019, del T\u00edtulo de San Giovanni Crisostomo a Monte Sacro Alto.<\/p>\n","protected":false},"excerpt":{"rendered":"<p>Cardenal Jean-Claude Hollerich<\/p>\n","protected":false},"author":6,"featured_media":26532,"comment_status":"closed","ping_status":"closed","sticky":false,"template":"","format":"standard","meta":{"_acf_changed":false,"_crdt_document":"","inline_featured_image":false,"footnotes":""},"categories":[144,298,132],"tags":[292,158,3264,2429],"class_list":["post-26531","post","type-post","status-publish","format-standard","has-post-thumbnail","hentry","category-sinodos-es","category-ultimas-noticias","category-vaticano-es","tag-nombramiento","tag-papa-francisco","tag-relator-general","tag-sinodo-de-los-obispos"],"acf":[],"yoast_head":"<!-- This site is optimized with the Yoast SEO plugin v27.5 - https:\/\/yoast.com\/product\/yoast-seo-wordpress\/ -->\n<title>XVI Asamblea General S\u00ednodo de Obispos: Nuevo relator general<\/title>\n<meta name=\"description\" content=\"El Papa nombr\u00f3 relator general de la XVI Asamblea General Ordinaria del S\u00ednodo de los Obispos al cardenal Jean-Claude Hollerich.\" \/>\n<meta name=\"robots\" content=\"index, follow, max-snippet:-1, max-image-preview:large, max-video-preview:-1\" \/>\n<link rel=\"canonical\" href=\"https:\/\/exaudi.org\/es\/xvi-asamblea-general-sinodo-obispos-relator-general\/\" \/>\n<meta property=\"og:locale\" content=\"es_ES\" \/>\n<meta property=\"og:type\" content=\"article\" \/>\n<meta property=\"og:title\" content=\"XVI Asamblea General S\u00ednodo de Obispos: Nuevo relator general\" \/>\n<meta property=\"og:description\" content=\"El Papa nombr\u00f3 relator general de la XVI Asamblea General Ordinaria del S\u00ednodo de los Obispos al cardenal Jean-Claude Hollerich.\" \/>\n<meta property=\"og:url\" content=\"https:\/\/exaudi.org\/es\/xvi-asamblea-general-sinodo-obispos-relator-general\/\" \/>\n<meta property=\"og:site_name\" content=\"Exaudi\" \/>\n<meta property=\"article:publisher\" content=\"https:\/\/www.facebook.com\/ExaudiNews\" \/>\n<meta property=\"article:published_time\" content=\"2021-07-09T08:58:28+00:00\" \/>\n<meta property=\"article:modified_time\" content=\"2021-07-09T14:58:20+00:00\" \/>\n<meta property=\"og:image\" content=\"https:\/\/exaudi.org\/wp-content\/uploads\/2021\/07\/234vv.jpeg\" \/>\n\t<meta property=\"og:image:width\" content=\"727\" \/>\n\t<meta property=\"og:image:height\" content=\"408\" \/>\n\t<meta property=\"og:image:type\" content=\"image\/jpeg\" \/>\n<meta name=\"author\" content=\"Gabriel Sales\" \/>\n<meta name=\"twitter:card\" content=\"summary_large_image\" \/>\n<meta name=\"twitter:creator\" content=\"@habemusman\" \/>\n<meta name=\"twitter:site\" content=\"@Exaudi_News\" \/>\n<meta name=\"twitter:label1\" content=\"Escrito por\" \/>\n\t<meta name=\"twitter:data1\" content=\"Gabriel Sales\" \/>\n\t<meta name=\"twitter:label2\" content=\"Tiempo de lectura\" \/>\n\t<meta name=\"twitter:data2\" content=\"3 minutos\" \/>\n<script type=\"application\/ld+json\" class=\"yoast-schema-graph\">{\"@context\":\"https:\\\/\\\/schema.org\",\"@graph\":[{\"@type\":\"Article\",\"@id\":\"https:\\\/\\\/exaudi.org\\\/es\\\/xvi-asamblea-general-sinodo-obispos-relator-general\\\/#article\",\"isPartOf\":{\"@id\":\"https:\\\/\\\/exaudi.org\\\/es\\\/xvi-asamblea-general-sinodo-obispos-relator-general\\\/\"},\"author\":{\"name\":\"Gabriel Sales\",\"@id\":\"https:\\\/\\\/exaudi.org\\\/#\\\/schema\\\/person\\\/d134b96438278131ce90c90c03fda6cd\"},\"headline\":\"XVI Asamblea General S\u00ednodo de Obispos: Nuevo relator general\",\"datePublished\":\"2021-07-09T08:58:28+00:00\",\"dateModified\":\"2021-07-09T14:58:20+00:00\",\"mainEntityOfPage\":{\"@id\":\"https:\\\/\\\/exaudi.org\\\/es\\\/xvi-asamblea-general-sinodo-obispos-relator-general\\\/\"},\"wordCount\":608,\"image\":{\"@id\":\"https:\\\/\\\/exaudi.org\\\/es\\\/xvi-asamblea-general-sinodo-obispos-relator-general\\\/#primaryimage\"},\"thumbnailUrl\":\"https:\\\/\\\/exaudi.org\\\/wp-content\\\/uploads\\\/2021\\\/07\\\/234vv.jpeg\",\"keywords\":[\"Nombramiento\",\"papa francisco\",\"Relator general\",\"S\u00ednodo de los obispos\"],\"articleSection\":[\"S\u00ednodos\",\"\u00daltimas noticias\",\"Vaticano\"],\"inLanguage\":\"es\"},{\"@type\":\"WebPage\",\"@id\":\"https:\\\/\\\/exaudi.org\\\/es\\\/xvi-asamblea-general-sinodo-obispos-relator-general\\\/\",\"url\":\"https:\\\/\\\/exaudi.org\\\/es\\\/xvi-asamblea-general-sinodo-obispos-relator-general\\\/\",\"name\":\"XVI Asamblea General S\u00ednodo de Obispos: Nuevo relator general\",\"isPartOf\":{\"@id\":\"https:\\\/\\\/exaudi.org\\\/#website\"},\"primaryImageOfPage\":{\"@id\":\"https:\\\/\\\/exaudi.org\\\/es\\\/xvi-asamblea-general-sinodo-obispos-relator-general\\\/#primaryimage\"},\"image\":{\"@id\":\"https:\\\/\\\/exaudi.org\\\/es\\\/xvi-asamblea-general-sinodo-obispos-relator-general\\\/#primaryimage\"},\"thumbnailUrl\":\"https:\\\/\\\/exaudi.org\\\/wp-content\\\/uploads\\\/2021\\\/07\\\/234vv.jpeg\",\"datePublished\":\"2021-07-09T08:58:28+00:00\",\"dateModified\":\"2021-07-09T14:58:20+00:00\",\"author\":{\"@id\":\"https:\\\/\\\/exaudi.org\\\/#\\\/schema\\\/person\\\/d134b96438278131ce90c90c03fda6cd\"},\"description\":\"El Papa nombr\u00f3 relator general de la XVI Asamblea General Ordinaria del S\u00ednodo de los Obispos al cardenal Jean-Claude Hollerich.\",\"breadcrumb\":{\"@id\":\"https:\\\/\\\/exaudi.org\\\/es\\\/xvi-asamblea-general-sinodo-obispos-relator-general\\\/#breadcrumb\"},\"inLanguage\":\"es\",\"potentialAction\":[{\"@type\":\"ReadAction\",\"target\":[\"https:\\\/\\\/exaudi.org\\\/es\\\/xvi-asamblea-general-sinodo-obispos-relator-general\\\/\"]}]},{\"@type\":\"ImageObject\",\"inLanguage\":\"es\",\"@id\":\"https:\\\/\\\/exaudi.org\\\/es\\\/xvi-asamblea-general-sinodo-obispos-relator-general\\\/#primaryimage\",\"url\":\"https:\\\/\\\/exaudi.org\\\/wp-content\\\/uploads\\\/2021\\\/07\\\/234vv.jpeg\",\"contentUrl\":\"https:\\\/\\\/exaudi.org\\\/wp-content\\\/uploads\\\/2021\\\/07\\\/234vv.jpeg\",\"width\":727,\"height\":408,\"caption\":\"Cardenal Hollerich \u00a9 Iglesia de Luxemburgo\"},{\"@type\":\"BreadcrumbList\",\"@id\":\"https:\\\/\\\/exaudi.org\\\/es\\\/xvi-asamblea-general-sinodo-obispos-relator-general\\\/#breadcrumb\",\"itemListElement\":[{\"@type\":\"ListItem\",\"position\":1,\"name\":\"Portada\",\"item\":\"https:\\\/\\\/exaudi.org\\\/es\\\/\"},{\"@type\":\"ListItem\",\"position\":2,\"name\":\"XVI Asamblea General S\u00ednodo de Obispos: Nuevo relator general\"}]},{\"@type\":\"WebSite\",\"@id\":\"https:\\\/\\\/exaudi.org\\\/#website\",\"url\":\"https:\\\/\\\/exaudi.org\\\/\",\"name\":\"Exaudi\",\"description\":\"News\",\"potentialAction\":[{\"@type\":\"SearchAction\",\"target\":{\"@type\":\"EntryPoint\",\"urlTemplate\":\"https:\\\/\\\/exaudi.org\\\/?s={search_term_string}\"},\"query-input\":{\"@type\":\"PropertyValueSpecification\",\"valueRequired\":true,\"valueName\":\"search_term_string\"}}],\"inLanguage\":\"es\"},{\"@type\":\"Person\",\"@id\":\"https:\\\/\\\/exaudi.org\\\/#\\\/schema\\\/person\\\/d134b96438278131ce90c90c03fda6cd\",\"name\":\"Gabriel Sales\",\"image\":{\"@type\":\"ImageObject\",\"inLanguage\":\"es\",\"@id\":\"https:\\\/\\\/secure.gravatar.com\\\/avatar\\\/9b1269566f6a063ed26ffb3532b66a373cdde231ce5d0effb266167437fdaffd?s=96&d=mm&r=g\",\"url\":\"https:\\\/\\\/secure.gravatar.com\\\/avatar\\\/9b1269566f6a063ed26ffb3532b66a373cdde231ce5d0effb266167437fdaffd?s=96&d=mm&r=g\",\"contentUrl\":\"https:\\\/\\\/secure.gravatar.com\\\/avatar\\\/9b1269566f6a063ed26ffb3532b66a373cdde231ce5d0effb266167437fdaffd?s=96&d=mm&r=g\",\"caption\":\"Gabriel Sales\"},\"description\":\"Periodista y especialista en Comunicaci\u00f3n y Branding digital. Cin\u00e9filo y cr\u00edtico de cine y series de televisi\u00f3n.\",\"sameAs\":[\"https:\\\/\\\/www.instagram.com\\\/cine90segundos\\\/\",\"www.linkedin.com\\\/in\\\/habemusman\",\"https:\\\/\\\/x.com\\\/habemusman\",\"https:\\\/\\\/www.youtube.com\\\/channel\\\/UCVfCiOMkJ_C7T7OpyjuaLDg\"],\"url\":\"https:\\\/\\\/exaudi.org\\\/es\\\/author\\\/gsalesexaudi-org\\\/\"}]}<\/script>\n<!-- \/ Yoast SEO plugin. -->","yoast_head_json":{"title":"XVI Asamblea General S\u00ednodo de Obispos: Nuevo relator general","description":"El Papa nombr\u00f3 relator general de la XVI Asamblea General Ordinaria del S\u00ednodo de los Obispos al cardenal Jean-Claude Hollerich.","robots":{"index":"index","follow":"follow","max-snippet":"max-snippet:-1","max-image-preview":"max-image-preview:large","max-video-preview":"max-video-preview:-1"},"canonical":"https:\/\/exaudi.org\/es\/xvi-asamblea-general-sinodo-obispos-relator-general\/","og_locale":"es_ES","og_type":"article","og_title":"XVI Asamblea General S\u00ednodo de Obispos: Nuevo relator general","og_description":"El Papa nombr\u00f3 relator general de la XVI Asamblea General Ordinaria del S\u00ednodo de los Obispos al cardenal Jean-Claude Hollerich.","og_url":"https:\/\/exaudi.org\/es\/xvi-asamblea-general-sinodo-obispos-relator-general\/","og_site_name":"Exaudi","article_publisher":"https:\/\/www.facebook.com\/ExaudiNews","article_published_time":"2021-07-09T08:58:28+00:00","article_modified_time":"2021-07-09T14:58:20+00:00","og_image":[{"width":727,"height":408,"url":"https:\/\/exaudi.org\/wp-content\/uploads\/2021\/07\/234vv.jpeg","type":"image\/jpeg"}],"author":"Gabriel Sales","twitter_card":"summary_large_image","twitter_creator":"@habemusman","twitter_site":"@Exaudi_News","twitter_misc":{"Escrito por":"Gabriel Sales","Tiempo de lectura":"3 minutos"},"schema":{"@context":"https:\/\/schema.org","@graph":[{"@type":"Article","@id":"https:\/\/exaudi.org\/es\/xvi-asamblea-general-sinodo-obispos-relator-general\/#article","isPartOf":{"@id":"https:\/\/exaudi.org\/es\/xvi-asamblea-general-sinodo-obispos-relator-general\/"},"author":{"name":"Gabriel Sales","@id":"https:\/\/exaudi.org\/#\/schema\/person\/d134b96438278131ce90c90c03fda6cd"},"headline":"XVI Asamblea General S\u00ednodo de Obispos: Nuevo relator general","datePublished":"2021-07-09T08:58:28+00:00","dateModified":"2021-07-09T14:58:20+00:00","mainEntityOfPage":{"@id":"https:\/\/exaudi.org\/es\/xvi-asamblea-general-sinodo-obispos-relator-general\/"},"wordCount":608,"image":{"@id":"https:\/\/exaudi.org\/es\/xvi-asamblea-general-sinodo-obispos-relator-general\/#primaryimage"},"thumbnailUrl":"https:\/\/exaudi.org\/wp-content\/uploads\/2021\/07\/234vv.jpeg","keywords":["Nombramiento","papa francisco","Relator general","S\u00ednodo de los obispos"],"articleSection":["S\u00ednodos","\u00daltimas noticias","Vaticano"],"inLanguage":"es"},{"@type":"WebPage","@id":"https:\/\/exaudi.org\/es\/xvi-asamblea-general-sinodo-obispos-relator-general\/","url":"https:\/\/exaudi.org\/es\/xvi-asamblea-general-sinodo-obispos-relator-general\/","name":"XVI Asamblea General S\u00ednodo de Obispos: Nuevo relator general","isPartOf":{"@id":"https:\/\/exaudi.org\/#website"},"primaryImageOfPage":{"@id":"https:\/\/exaudi.org\/es\/xvi-asamblea-general-sinodo-obispos-relator-general\/#primaryimage"},"image":{"@id":"https:\/\/exaudi.org\/es\/xvi-asamblea-general-sinodo-obispos-relator-general\/#primaryimage"},"thumbnailUrl":"https:\/\/exaudi.org\/wp-content\/uploads\/2021\/07\/234vv.jpeg","datePublished":"2021-07-09T08:58:28+00:00","dateModified":"2021-07-09T14:58:20+00:00","author":{"@id":"https:\/\/exaudi.org\/#\/schema\/person\/d134b96438278131ce90c90c03fda6cd"},"description":"El Papa nombr\u00f3 relator general de la XVI Asamblea General Ordinaria del S\u00ednodo de los Obispos al cardenal Jean-Claude Hollerich.","breadcrumb":{"@id":"https:\/\/exaudi.org\/es\/xvi-asamblea-general-sinodo-obispos-relator-general\/#breadcrumb"},"inLanguage":"es","potentialAction":[{"@type":"ReadAction","target":["https:\/\/exaudi.org\/es\/xvi-asamblea-general-sinodo-obispos-relator-general\/"]}]},{"@type":"ImageObject","inLanguage":"es","@id":"https:\/\/exaudi.org\/es\/xvi-asamblea-general-sinodo-obispos-relator-general\/#primaryimage","url":"https:\/\/exaudi.org\/wp-content\/uploads\/2021\/07\/234vv.jpeg","contentUrl":"https:\/\/exaudi.org\/wp-content\/uploads\/2021\/07\/234vv.jpeg","width":727,"height":408,"caption":"Cardenal Hollerich \u00a9 Iglesia de Luxemburgo"},{"@type":"BreadcrumbList","@id":"https:\/\/exaudi.org\/es\/xvi-asamblea-general-sinodo-obispos-relator-general\/#breadcrumb","itemListElement":[{"@type":"ListItem","position":1,"name":"Portada","item":"https:\/\/exaudi.org\/es\/"},{"@type":"ListItem","position":2,"name":"XVI Asamblea General S\u00ednodo de Obispos: Nuevo relator general"}]},{"@type":"WebSite","@id":"https:\/\/exaudi.org\/#website","url":"https:\/\/exaudi.org\/","name":"Exaudi","description":"News","potentialAction":[{"@type":"SearchAction","target":{"@type":"EntryPoint","urlTemplate":"https:\/\/exaudi.org\/?s={search_term_string}"},"query-input":{"@type":"PropertyValueSpecification","valueRequired":true,"valueName":"search_term_string"}}],"inLanguage":"es"},{"@type":"Person","@id":"https:\/\/exaudi.org\/#\/schema\/person\/d134b96438278131ce90c90c03fda6cd","name":"Gabriel Sales","image":{"@type":"ImageObject","inLanguage":"es","@id":"https:\/\/secure.gravatar.com\/avatar\/9b1269566f6a063ed26ffb3532b66a373cdde231ce5d0effb266167437fdaffd?s=96&d=mm&r=g","url":"https:\/\/secure.gravatar.com\/avatar\/9b1269566f6a063ed26ffb3532b66a373cdde231ce5d0effb266167437fdaffd?s=96&d=mm&r=g","contentUrl":"https:\/\/secure.gravatar.com\/avatar\/9b1269566f6a063ed26ffb3532b66a373cdde231ce5d0effb266167437fdaffd?s=96&d=mm&r=g","caption":"Gabriel Sales"},"description":"Periodista y especialista en Comunicaci\u00f3n y Branding digital. Cin\u00e9filo y cr\u00edtico de cine y series de televisi\u00f3n.","sameAs":["https:\/\/www.instagram.com\/cine90segundos\/","www.linkedin.com\/in\/habemusman","https:\/\/x.com\/habemusman","https:\/\/www.youtube.com\/channel\/UCVfCiOMkJ_C7T7OpyjuaLDg"],"url":"https:\/\/exaudi.org\/es\/author\/gsalesexaudi-org\/"}]}},"jetpack_featured_media_url":"https:\/\/exaudi.org\/wp-content\/uploads\/2021\/07\/234vv.jpeg","jetpack_shortlink":"https:\/\/wp.me\/pgKjF2-6TV","_links":{"self":[{"href":"https:\/\/exaudi.org\/es\/wp-json\/wp\/v2\/posts\/26531","targetHints":{"allow":["GET"]}}],"collection":[{"href":"https:\/\/exaudi.org\/es\/wp-json\/wp\/v2\/posts"}],"about":[{"href":"https:\/\/exaudi.org\/es\/wp-json\/wp\/v2\/types\/post"}],"author":[{"embeddable":true,"href":"https:\/\/exaudi.org\/es\/wp-json\/wp\/v2\/users\/6"}],"replies":[{"embeddable":true,"href":"https:\/\/exaudi.org\/es\/wp-json\/wp\/v2\/comments?post=26531"}],"version-history":[{"count":0,"href":"https:\/\/exaudi.org\/es\/wp-json\/wp\/v2\/posts\/26531\/revisions"}],"wp:featuredmedia":[{"embeddable":true,"href":"https:\/\/exaudi.org\/es\/wp-json\/wp\/v2\/media\/26532"}],"wp:attachment":[{"href":"https:\/\/exaudi.org\/es\/wp-json\/wp\/v2\/media?parent=26531"}],"wp:term":[{"taxonomy":"category","embeddable":true,"href":"https:\/\/exaudi.org\/es\/wp-json\/wp\/v2\/categories?post=26531"},{"taxonomy":"post_tag","embeddable":true,"href":"https:\/\/exaudi.org\/es\/wp-json\/wp\/v2\/tags?post=26531"}],"curies":[{"name":"wp","href":"https:\/\/api.w.org\/{rel}","templated":true}]}}