{"id":26378,"date":"2021-07-08T09:18:41","date_gmt":"2021-07-08T07:18:41","guid":{"rendered":"https:\/\/exaudi.org\/?p=26378"},"modified":"2021-07-09T13:04:38","modified_gmt":"2021-07-09T11:04:38","slug":"nicaragua-iglesia-aboga-por-el-respeto-a-los-derechos-humanos","status":"publish","type":"post","link":"https:\/\/exaudi.org\/es\/nicaragua-iglesia-aboga-por-el-respeto-a-los-derechos-humanos\/","title":{"rendered":"Nicaragua: Iglesia aboga por \u201crespeto a los derechos humanos\u201d"},"content":{"rendered":"<p>La <a href=\"https:\/\/exaudi.org\/es\/nicaragua-misa-en-honor-a-la-sangre-de-cristo\/\" target=\"_blank\" rel=\"noopener noreferrer\">Iglesia de Nicaragua<\/a>, a trav\u00e9s de la <a href=\"https:\/\/www.facebook.com\/arquidiocesisdemanagua\/photos\/a.1485720698319112\/3701828750041618\/\">Comisi\u00f3n de Justicia y Paz de la arquidi\u00f3cesis de Managua<\/a> emiti\u00f3 este mi\u00e9rcoles, 7 de julio de 2021, un nuevo comunicado en el que piden preservar los derechos humanos y expresan que \u201cfrente al panorama electoral debemos exigir con los medios disponibles el respeto al voto del pueblo para que las elecciones sean cre\u00edbles, justas y transparentes\u201d. El texto se hace p\u00fablico en medio de una nueva oleada de crisis de derechos humanos para l\u00edderes opositores al gobierno.<\/p>\n<h4><strong>Respeto a la voluntad popular<\/strong><\/h4>\n<p>\u201cComo cristianos, abogamos por el respeto a la voluntad de los ciudadanos expresada en comicios libres, por el respeto a los derechos humanos de todos los nicarag\u00fcenses, de los injustamente detenidos y por la inmediata restituci\u00f3n de sus derechos civiles\u201d, expresa el mensaje pastoral.<\/p>\n<p>Nicaragua vivir\u00e1 el pr\u00f3ximo 7 de noviembre elecciones generales donde se elegir\u00e1n a presidente, vicepresidente y diputados de la asamblea nacional. El llamado de la arquidi\u00f3cesis de Managua se da en medio de una ola detenciones que ha emprendido el Gobierno y que mantiene bajo arresto a 6 aspirantes a la Presidencia y otros 20 l\u00edderes, opositores entre ellos la historiadora Dora Mar\u00eda T\u00e9llez y la hija de la ex presidenta de Nicaragua Cristiana Chamorro Barrios.<\/p>\n<h4><strong>Aumento de migraci\u00f3n <\/strong><\/h4>\n<p>La Comisi\u00f3n de Justicia y Paz de la arquidi\u00f3cesis de Managua, tambi\u00e9n se refiri\u00f3 al aumento de la migraci\u00f3n de nicarag\u00fcenses \u201cen su gran mayor\u00eda j\u00f3venes por persecuciones pol\u00edticas\u201d, denuncian.<\/p>\n<p>En el documento remiten a la homil\u00eda de <a href=\"https:\/\/www.facebook.com\/diocesisdematagalpa\">monse\u00f1or Rolando \u00c1lvarez, obispo de Matagalpa<\/a> en el que el pasado 27 de junio de este a\u00f1o, en el que expres\u00f3 que en \u201cNicaragua no solo hay miedo, sino tambi\u00e9n, tiene terror, angustia y zozobra. \u00a1Cu\u00e1ntos nicarag\u00fcenses piensan que hemos entrado a un t\u00fanel, a una noche de oscuridad! \u00a1Cu\u00e1nto miedo en la noche! La noche se ha convertido en sin\u00f3nimo de miedo y terror\u201d.<\/p>\n<p>Recientemente, la organizaci\u00f3n <em>Nicaraguan American Human Rights Alliance<\/em> alert\u00f3 sobre los peligros a los que se exponen los ciudadanos que salen del pa\u00eds por pasos ciegos (migraci\u00f3n ilegal), como los secuestros, extorsiones, violaciones, y hasta la muerte.<\/p>\n<p>En 2018, en el contexto de la crisis sociopol\u00edtica, alrededor de 100,000 nicarag\u00fcenses optaron por el exilio, seg\u00fan datos de la <a href=\"https:\/\/www.acnur.org\/\">Agencia de la ONU para los Refugiados (ACNUR<\/a>)<strong>.<\/strong> Costa Rica alberga a m\u00e1s de 85.000 solicitantes de asilo o refugio de nicarag\u00fcenses que huyeron de la violencia y la persecuci\u00f3n pol\u00edtica en el marco de esas manifestaciones, seg\u00fan los datos de ACNUR.<\/p>\n<h4><strong>Llamado a practicar la caridad <\/strong><\/h4>\n<p>El desempleo, la crisis sanitaria, as\u00ed como el aumento de la pobreza y la crisis de derechos humanos que se vive en el pa\u00eds son temas que preocupan a la arquidi\u00f3cesis de Managua, que recuerda en el comunicado que \u201cfrente a esta realidad el cristiano act\u00faa confiando en el Se\u00f1or, practicando la caridad, la justicia, resisti\u00e9ndose a la tentaci\u00f3n de caer en la violencia\u201d.<\/p>\n","protected":false},"excerpt":{"rendered":"<p>Y al voto del pueblo en las pr\u00f3ximas elecciones<\/p>\n","protected":false},"author":29,"featured_media":26379,"comment_status":"closed","ping_status":"closed","sticky":false,"template":"","format":"standard","meta":{"_acf_changed":false,"_crdt_document":"","inline_featured_image":false,"footnotes":""},"categories":[86,94,298],"tags":[802,606,3252,1269],"class_list":["post-26378","post","type-post","status-publish","format-standard","has-post-thumbnail","hentry","category-iglesia-local","category-justicia-y-paz","category-ultimas-noticias","tag-derechos-humanos","tag-elecciones","tag-justicia-y-paz","tag-nicaragua"],"acf":[],"yoast_head":"<!-- This site is optimized with the Yoast SEO plugin v27.4 - https:\/\/yoast.com\/product\/yoast-seo-wordpress\/ -->\n<title>Nicaragua: Iglesia aboga por \u201crespeto a los derechos humanos\u201d &#8211; Exaudi<\/title>\n<meta name=\"description\" content=\"La Iglesia de Nicaragua, emiten un nuevo comunicado en el que piden preservar los derechos humanos en medio de la crisis sociopol\u00edtica actual\" \/>\n<meta name=\"robots\" content=\"index, follow, max-snippet:-1, max-image-preview:large, max-video-preview:-1\" \/>\n<link rel=\"canonical\" href=\"https:\/\/exaudi.org\/es\/nicaragua-iglesia-aboga-por-el-respeto-a-los-derechos-humanos\/\" \/>\n<meta property=\"og:locale\" content=\"es_ES\" \/>\n<meta property=\"og:type\" content=\"article\" \/>\n<meta property=\"og:title\" content=\"Nicaragua: Iglesia aboga por \u201crespeto a los derechos humanos\u201d &#8211; Exaudi\" \/>\n<meta property=\"og:description\" content=\"La Iglesia de Nicaragua, emiten un nuevo comunicado en el que piden preservar los derechos humanos en medio de la crisis sociopol\u00edtica actual\" \/>\n<meta property=\"og:url\" content=\"https:\/\/exaudi.org\/es\/nicaragua-iglesia-aboga-por-el-respeto-a-los-derechos-humanos\/\" \/>\n<meta property=\"og:site_name\" content=\"Exaudi\" \/>\n<meta property=\"article:publisher\" content=\"https:\/\/www.facebook.com\/ExaudiNews\" \/>\n<meta property=\"article:published_time\" content=\"2021-07-08T07:18:41+00:00\" \/>\n<meta property=\"article:modified_time\" content=\"2021-07-09T11:04:38+00:00\" \/>\n<meta property=\"og:image\" content=\"https:\/\/exaudi.org\/wp-content\/uploads\/2021\/07\/50856611851_737a2a17b4_b-1.jpg\" \/>\n\t<meta property=\"og:image:width\" content=\"1024\" \/>\n\t<meta property=\"og:image:height\" content=\"684\" \/>\n\t<meta property=\"og:image:type\" content=\"image\/jpeg\" \/>\n<meta name=\"author\" content=\"Cristhian Alvarenga\" \/>\n<meta name=\"twitter:card\" content=\"summary_large_image\" \/>\n<meta name=\"twitter:creator\" content=\"@Exaudi_News\" \/>\n<meta name=\"twitter:site\" content=\"@Exaudi_News\" \/>\n<meta name=\"twitter:label1\" content=\"Escrito por\" \/>\n\t<meta name=\"twitter:data1\" content=\"Cristhian Alvarenga\" \/>\n\t<meta name=\"twitter:label2\" content=\"Tiempo de lectura\" \/>\n\t<meta name=\"twitter:data2\" content=\"3 minutos\" \/>\n<script type=\"application\/ld+json\" class=\"yoast-schema-graph\">{\"@context\":\"https:\\\/\\\/schema.org\",\"@graph\":[{\"@type\":\"Article\",\"@id\":\"https:\\\/\\\/exaudi.org\\\/es\\\/nicaragua-iglesia-aboga-por-el-respeto-a-los-derechos-humanos\\\/#article\",\"isPartOf\":{\"@id\":\"https:\\\/\\\/exaudi.org\\\/es\\\/nicaragua-iglesia-aboga-por-el-respeto-a-los-derechos-humanos\\\/\"},\"author\":{\"name\":\"Cristhian Alvarenga\",\"@id\":\"https:\\\/\\\/exaudi.org\\\/#\\\/schema\\\/person\\\/cc0c4abb8e41070fb467c5272d6726d1\"},\"headline\":\"Nicaragua: Iglesia aboga por \u201crespeto a los derechos humanos\u201d\",\"datePublished\":\"2021-07-08T07:18:41+00:00\",\"dateModified\":\"2021-07-09T11:04:38+00:00\",\"mainEntityOfPage\":{\"@id\":\"https:\\\/\\\/exaudi.org\\\/es\\\/nicaragua-iglesia-aboga-por-el-respeto-a-los-derechos-humanos\\\/\"},\"wordCount\":536,\"image\":{\"@id\":\"https:\\\/\\\/exaudi.org\\\/es\\\/nicaragua-iglesia-aboga-por-el-respeto-a-los-derechos-humanos\\\/#primaryimage\"},\"thumbnailUrl\":\"https:\\\/\\\/exaudi.org\\\/wp-content\\\/uploads\\\/2021\\\/07\\\/50856611851_737a2a17b4_b-1.jpg\",\"keywords\":[\"Derechos Humanos\",\"Elecciones\",\"Justicia y paz\",\"Nicaragua\"],\"articleSection\":[\"Iglesia Local\",\"Justicia y Paz\",\"\u00daltimas noticias\"],\"inLanguage\":\"es\"},{\"@type\":\"WebPage\",\"@id\":\"https:\\\/\\\/exaudi.org\\\/es\\\/nicaragua-iglesia-aboga-por-el-respeto-a-los-derechos-humanos\\\/\",\"url\":\"https:\\\/\\\/exaudi.org\\\/es\\\/nicaragua-iglesia-aboga-por-el-respeto-a-los-derechos-humanos\\\/\",\"name\":\"Nicaragua: Iglesia aboga por \u201crespeto a los derechos humanos\u201d &#8211; Exaudi\",\"isPartOf\":{\"@id\":\"https:\\\/\\\/exaudi.org\\\/#website\"},\"primaryImageOfPage\":{\"@id\":\"https:\\\/\\\/exaudi.org\\\/es\\\/nicaragua-iglesia-aboga-por-el-respeto-a-los-derechos-humanos\\\/#primaryimage\"},\"image\":{\"@id\":\"https:\\\/\\\/exaudi.org\\\/es\\\/nicaragua-iglesia-aboga-por-el-respeto-a-los-derechos-humanos\\\/#primaryimage\"},\"thumbnailUrl\":\"https:\\\/\\\/exaudi.org\\\/wp-content\\\/uploads\\\/2021\\\/07\\\/50856611851_737a2a17b4_b-1.jpg\",\"datePublished\":\"2021-07-08T07:18:41+00:00\",\"dateModified\":\"2021-07-09T11:04:38+00:00\",\"author\":{\"@id\":\"https:\\\/\\\/exaudi.org\\\/#\\\/schema\\\/person\\\/cc0c4abb8e41070fb467c5272d6726d1\"},\"description\":\"La Iglesia de Nicaragua, emiten un nuevo comunicado en el que piden preservar los derechos humanos en medio de la crisis sociopol\u00edtica actual\",\"breadcrumb\":{\"@id\":\"https:\\\/\\\/exaudi.org\\\/es\\\/nicaragua-iglesia-aboga-por-el-respeto-a-los-derechos-humanos\\\/#breadcrumb\"},\"inLanguage\":\"es\",\"potentialAction\":[{\"@type\":\"ReadAction\",\"target\":[\"https:\\\/\\\/exaudi.org\\\/es\\\/nicaragua-iglesia-aboga-por-el-respeto-a-los-derechos-humanos\\\/\"]}]},{\"@type\":\"ImageObject\",\"inLanguage\":\"es\",\"@id\":\"https:\\\/\\\/exaudi.org\\\/es\\\/nicaragua-iglesia-aboga-por-el-respeto-a-los-derechos-humanos\\\/#primaryimage\",\"url\":\"https:\\\/\\\/exaudi.org\\\/wp-content\\\/uploads\\\/2021\\\/07\\\/50856611851_737a2a17b4_b-1.jpg\",\"contentUrl\":\"https:\\\/\\\/exaudi.org\\\/wp-content\\\/uploads\\\/2021\\\/07\\\/50856611851_737a2a17b4_b-1.jpg\",\"width\":1024,\"height\":684,\"caption\":\"Monse\u00f1or Carlos Avil\u00e9s, coordinador de la Comisi\u00f3n de Justicia y Paz de la arquidi\u00f3cesis de Managua \u00a9 Nayira Valenzuela\"},{\"@type\":\"BreadcrumbList\",\"@id\":\"https:\\\/\\\/exaudi.org\\\/es\\\/nicaragua-iglesia-aboga-por-el-respeto-a-los-derechos-humanos\\\/#breadcrumb\",\"itemListElement\":[{\"@type\":\"ListItem\",\"position\":1,\"name\":\"Portada\",\"item\":\"https:\\\/\\\/exaudi.org\\\/es\\\/\"},{\"@type\":\"ListItem\",\"position\":2,\"name\":\"Nicaragua: Iglesia aboga por \u201crespeto a los derechos humanos\u201d\"}]},{\"@type\":\"WebSite\",\"@id\":\"https:\\\/\\\/exaudi.org\\\/#website\",\"url\":\"https:\\\/\\\/exaudi.org\\\/\",\"name\":\"Exaudi\",\"description\":\"News\",\"potentialAction\":[{\"@type\":\"SearchAction\",\"target\":{\"@type\":\"EntryPoint\",\"urlTemplate\":\"https:\\\/\\\/exaudi.org\\\/?s={search_term_string}\"},\"query-input\":{\"@type\":\"PropertyValueSpecification\",\"valueRequired\":true,\"valueName\":\"search_term_string\"}}],\"inLanguage\":\"es\"},{\"@type\":\"Person\",\"@id\":\"https:\\\/\\\/exaudi.org\\\/#\\\/schema\\\/person\\\/cc0c4abb8e41070fb467c5272d6726d1\",\"name\":\"Cristhian Alvarenga\",\"image\":{\"@type\":\"ImageObject\",\"inLanguage\":\"es\",\"@id\":\"https:\\\/\\\/secure.gravatar.com\\\/avatar\\\/4d1e961ad75d3388e09e7a712fdb4ee1c94d947afa0d5dbfdcbd86a5c99bcb40?s=96&d=mm&r=g\",\"url\":\"https:\\\/\\\/secure.gravatar.com\\\/avatar\\\/4d1e961ad75d3388e09e7a712fdb4ee1c94d947afa0d5dbfdcbd86a5c99bcb40?s=96&d=mm&r=g\",\"contentUrl\":\"https:\\\/\\\/secure.gravatar.com\\\/avatar\\\/4d1e961ad75d3388e09e7a712fdb4ee1c94d947afa0d5dbfdcbd86a5c99bcb40?s=96&d=mm&r=g\",\"caption\":\"Cristhian Alvarenga\"},\"description\":\"Periodista de profesi\u00f3n. Del 2015 al 2020 coordin\u00e9 el \u00e1rea de prensa en la di\u00f3cesis de Le\u00f3n, Nicaragua y fui parte de la comisi\u00f3n de comunicaci\u00f3n diocesana, soy el autor del blog Iglesia en Salida, (https:\\\/\\\/www.facebook.com\\\/IglesiaEnSalidaOrg), un espacio de informaci\u00f3n y comunicaci\u00f3n, orientado a generar reflexi\u00f3n, investigaci\u00f3n e informaci\u00f3n sobre el quehacer pastoral de la Iglesia Cat\u00f3lica en Nicaragua, as\u00ed como promover devociones para fomentar nuestra fe. Me gusta producir podcast y escribir poes\u00eda. La defensa del medio ambiente y de los Derechos Humanos debe de ser siempre un compromiso para aportar a un mundo m\u00e1s humano y justo.\",\"url\":\"https:\\\/\\\/exaudi.org\\\/es\\\/author\\\/cristhianalvarenga\\\/\"}]}<\/script>\n<!-- \/ Yoast SEO plugin. -->","yoast_head_json":{"title":"Nicaragua: Iglesia aboga por \u201crespeto a los derechos humanos\u201d &#8211; Exaudi","description":"La Iglesia de Nicaragua, emiten un nuevo comunicado en el que piden preservar los derechos humanos en medio de la crisis sociopol\u00edtica actual","robots":{"index":"index","follow":"follow","max-snippet":"max-snippet:-1","max-image-preview":"max-image-preview:large","max-video-preview":"max-video-preview:-1"},"canonical":"https:\/\/exaudi.org\/es\/nicaragua-iglesia-aboga-por-el-respeto-a-los-derechos-humanos\/","og_locale":"es_ES","og_type":"article","og_title":"Nicaragua: Iglesia aboga por \u201crespeto a los derechos humanos\u201d &#8211; Exaudi","og_description":"La Iglesia de Nicaragua, emiten un nuevo comunicado en el que piden preservar los derechos humanos en medio de la crisis sociopol\u00edtica actual","og_url":"https:\/\/exaudi.org\/es\/nicaragua-iglesia-aboga-por-el-respeto-a-los-derechos-humanos\/","og_site_name":"Exaudi","article_publisher":"https:\/\/www.facebook.com\/ExaudiNews","article_published_time":"2021-07-08T07:18:41+00:00","article_modified_time":"2021-07-09T11:04:38+00:00","og_image":[{"width":1024,"height":684,"url":"https:\/\/exaudi.org\/wp-content\/uploads\/2021\/07\/50856611851_737a2a17b4_b-1.jpg","type":"image\/jpeg"}],"author":"Cristhian Alvarenga","twitter_card":"summary_large_image","twitter_creator":"@Exaudi_News","twitter_site":"@Exaudi_News","twitter_misc":{"Escrito por":"Cristhian Alvarenga","Tiempo de lectura":"3 minutos"},"schema":{"@context":"https:\/\/schema.org","@graph":[{"@type":"Article","@id":"https:\/\/exaudi.org\/es\/nicaragua-iglesia-aboga-por-el-respeto-a-los-derechos-humanos\/#article","isPartOf":{"@id":"https:\/\/exaudi.org\/es\/nicaragua-iglesia-aboga-por-el-respeto-a-los-derechos-humanos\/"},"author":{"name":"Cristhian Alvarenga","@id":"https:\/\/exaudi.org\/#\/schema\/person\/cc0c4abb8e41070fb467c5272d6726d1"},"headline":"Nicaragua: Iglesia aboga por \u201crespeto a los derechos humanos\u201d","datePublished":"2021-07-08T07:18:41+00:00","dateModified":"2021-07-09T11:04:38+00:00","mainEntityOfPage":{"@id":"https:\/\/exaudi.org\/es\/nicaragua-iglesia-aboga-por-el-respeto-a-los-derechos-humanos\/"},"wordCount":536,"image":{"@id":"https:\/\/exaudi.org\/es\/nicaragua-iglesia-aboga-por-el-respeto-a-los-derechos-humanos\/#primaryimage"},"thumbnailUrl":"https:\/\/exaudi.org\/wp-content\/uploads\/2021\/07\/50856611851_737a2a17b4_b-1.jpg","keywords":["Derechos Humanos","Elecciones","Justicia y paz","Nicaragua"],"articleSection":["Iglesia Local","Justicia y Paz","\u00daltimas noticias"],"inLanguage":"es"},{"@type":"WebPage","@id":"https:\/\/exaudi.org\/es\/nicaragua-iglesia-aboga-por-el-respeto-a-los-derechos-humanos\/","url":"https:\/\/exaudi.org\/es\/nicaragua-iglesia-aboga-por-el-respeto-a-los-derechos-humanos\/","name":"Nicaragua: Iglesia aboga por \u201crespeto a los derechos humanos\u201d &#8211; Exaudi","isPartOf":{"@id":"https:\/\/exaudi.org\/#website"},"primaryImageOfPage":{"@id":"https:\/\/exaudi.org\/es\/nicaragua-iglesia-aboga-por-el-respeto-a-los-derechos-humanos\/#primaryimage"},"image":{"@id":"https:\/\/exaudi.org\/es\/nicaragua-iglesia-aboga-por-el-respeto-a-los-derechos-humanos\/#primaryimage"},"thumbnailUrl":"https:\/\/exaudi.org\/wp-content\/uploads\/2021\/07\/50856611851_737a2a17b4_b-1.jpg","datePublished":"2021-07-08T07:18:41+00:00","dateModified":"2021-07-09T11:04:38+00:00","author":{"@id":"https:\/\/exaudi.org\/#\/schema\/person\/cc0c4abb8e41070fb467c5272d6726d1"},"description":"La Iglesia de Nicaragua, emiten un nuevo comunicado en el que piden preservar los derechos humanos en medio de la crisis sociopol\u00edtica actual","breadcrumb":{"@id":"https:\/\/exaudi.org\/es\/nicaragua-iglesia-aboga-por-el-respeto-a-los-derechos-humanos\/#breadcrumb"},"inLanguage":"es","potentialAction":[{"@type":"ReadAction","target":["https:\/\/exaudi.org\/es\/nicaragua-iglesia-aboga-por-el-respeto-a-los-derechos-humanos\/"]}]},{"@type":"ImageObject","inLanguage":"es","@id":"https:\/\/exaudi.org\/es\/nicaragua-iglesia-aboga-por-el-respeto-a-los-derechos-humanos\/#primaryimage","url":"https:\/\/exaudi.org\/wp-content\/uploads\/2021\/07\/50856611851_737a2a17b4_b-1.jpg","contentUrl":"https:\/\/exaudi.org\/wp-content\/uploads\/2021\/07\/50856611851_737a2a17b4_b-1.jpg","width":1024,"height":684,"caption":"Monse\u00f1or Carlos Avil\u00e9s, coordinador de la Comisi\u00f3n de Justicia y Paz de la arquidi\u00f3cesis de Managua \u00a9 Nayira Valenzuela"},{"@type":"BreadcrumbList","@id":"https:\/\/exaudi.org\/es\/nicaragua-iglesia-aboga-por-el-respeto-a-los-derechos-humanos\/#breadcrumb","itemListElement":[{"@type":"ListItem","position":1,"name":"Portada","item":"https:\/\/exaudi.org\/es\/"},{"@type":"ListItem","position":2,"name":"Nicaragua: Iglesia aboga por \u201crespeto a los derechos humanos\u201d"}]},{"@type":"WebSite","@id":"https:\/\/exaudi.org\/#website","url":"https:\/\/exaudi.org\/","name":"Exaudi","description":"News","potentialAction":[{"@type":"SearchAction","target":{"@type":"EntryPoint","urlTemplate":"https:\/\/exaudi.org\/?s={search_term_string}"},"query-input":{"@type":"PropertyValueSpecification","valueRequired":true,"valueName":"search_term_string"}}],"inLanguage":"es"},{"@type":"Person","@id":"https:\/\/exaudi.org\/#\/schema\/person\/cc0c4abb8e41070fb467c5272d6726d1","name":"Cristhian Alvarenga","image":{"@type":"ImageObject","inLanguage":"es","@id":"https:\/\/secure.gravatar.com\/avatar\/4d1e961ad75d3388e09e7a712fdb4ee1c94d947afa0d5dbfdcbd86a5c99bcb40?s=96&d=mm&r=g","url":"https:\/\/secure.gravatar.com\/avatar\/4d1e961ad75d3388e09e7a712fdb4ee1c94d947afa0d5dbfdcbd86a5c99bcb40?s=96&d=mm&r=g","contentUrl":"https:\/\/secure.gravatar.com\/avatar\/4d1e961ad75d3388e09e7a712fdb4ee1c94d947afa0d5dbfdcbd86a5c99bcb40?s=96&d=mm&r=g","caption":"Cristhian Alvarenga"},"description":"Periodista de profesi\u00f3n. Del 2015 al 2020 coordin\u00e9 el \u00e1rea de prensa en la di\u00f3cesis de Le\u00f3n, Nicaragua y fui parte de la comisi\u00f3n de comunicaci\u00f3n diocesana, soy el autor del blog Iglesia en Salida, (https:\/\/www.facebook.com\/IglesiaEnSalidaOrg), un espacio de informaci\u00f3n y comunicaci\u00f3n, orientado a generar reflexi\u00f3n, investigaci\u00f3n e informaci\u00f3n sobre el quehacer pastoral de la Iglesia Cat\u00f3lica en Nicaragua, as\u00ed como promover devociones para fomentar nuestra fe. Me gusta producir podcast y escribir poes\u00eda. La defensa del medio ambiente y de los Derechos Humanos debe de ser siempre un compromiso para aportar a un mundo m\u00e1s humano y justo.","url":"https:\/\/exaudi.org\/es\/author\/cristhianalvarenga\/"}]}},"jetpack_featured_media_url":"https:\/\/exaudi.org\/wp-content\/uploads\/2021\/07\/50856611851_737a2a17b4_b-1.jpg","jetpack_shortlink":"https:\/\/wp.me\/pgKjF2-6Rs","_links":{"self":[{"href":"https:\/\/exaudi.org\/es\/wp-json\/wp\/v2\/posts\/26378","targetHints":{"allow":["GET"]}}],"collection":[{"href":"https:\/\/exaudi.org\/es\/wp-json\/wp\/v2\/posts"}],"about":[{"href":"https:\/\/exaudi.org\/es\/wp-json\/wp\/v2\/types\/post"}],"author":[{"embeddable":true,"href":"https:\/\/exaudi.org\/es\/wp-json\/wp\/v2\/users\/29"}],"replies":[{"embeddable":true,"href":"https:\/\/exaudi.org\/es\/wp-json\/wp\/v2\/comments?post=26378"}],"version-history":[{"count":0,"href":"https:\/\/exaudi.org\/es\/wp-json\/wp\/v2\/posts\/26378\/revisions"}],"wp:featuredmedia":[{"embeddable":true,"href":"https:\/\/exaudi.org\/es\/wp-json\/wp\/v2\/media\/26379"}],"wp:attachment":[{"href":"https:\/\/exaudi.org\/es\/wp-json\/wp\/v2\/media?parent=26378"}],"wp:term":[{"taxonomy":"category","embeddable":true,"href":"https:\/\/exaudi.org\/es\/wp-json\/wp\/v2\/categories?post=26378"},{"taxonomy":"post_tag","embeddable":true,"href":"https:\/\/exaudi.org\/es\/wp-json\/wp\/v2\/tags?post=26378"}],"curies":[{"name":"wp","href":"https:\/\/api.w.org\/{rel}","templated":true}]}}