{"id":26243,"date":"2021-07-07T10:10:53","date_gmt":"2021-07-07T08:10:53","guid":{"rendered":"https:\/\/exaudi.org\/?p=26243"},"modified":"2021-07-08T09:20:25","modified_gmt":"2021-07-08T07:20:25","slug":"cardenal-arizmendi-otro-pais-desde-dios","status":"publish","type":"post","link":"https:\/\/exaudi.org\/es\/cardenal-arizmendi-otro-pais-desde-dios\/","title":{"rendered":"Cardenal Arizmendi: Otro pa\u00eds, desde Dios"},"content":{"rendered":"<p>El cardenal\u00a0<a href=\"https:\/\/exaudi.org\/es\/author\/felipearizmendi\/\">Felipe Arizmendi Esquivel<\/a>, obispo em\u00e9rito de San Crist\u00f3bal de Las Casas y responsable de la Doctrina de la Fe en la\u00a0<a href=\"https:\/\/www.cem.org.mx\/\">Conferencia del Episcopado Mexicano<\/a>\u00a0(CEM), ofrece a los lectores de Exaudi su art\u00edculo semanal titulado \u201cOtro pa\u00eds, desde Dios\u201d.<\/p>\n<h4><strong>Ver<\/strong><\/h4>\n<p>La delincuencia organizada est\u00e1 invadiendo muchos espacios; gobierna e impone sus leyes, y nuestro pueblo se siente desprotegido. Adem\u00e1s de los extremos, como son los asesinatos y los secuestros, en la vida ordinaria hacen lo que quieren, sin quien les contenga. Pongo s\u00f3lo un ejemplo: el kilo de tortilla, que es el alimento de ma\u00edz b\u00e1sico para la mayor\u00eda, hace un a\u00f1o costaba quince pesos; luego lo subieron a dieciocho, debiendo entregar a esos grupos tres pesos por cada kilo; despu\u00e9s a diecinueve y, ahora, a veinte pesos (casi un d\u00f3lar). Los simples ciudadanos nada podemos hacer, para evitar esta arbitrariedad. \u00bfDios nos puede ayudar a resolver esto? Claro que puede, pues es todopoderoso y puede hacer hasta milagros, pero de ordinario nos necesita a nosotros para transformar las realidades, pues para eso nos hizo a su imagen y semejanza. Nosotros somos los constructores de la sociedad que queremos. Dios nos ense\u00f1a el camino, pero no nos obliga a seguir sus senderos. El nos necesita para cambiar este pa\u00eds, pero somos libres para hacer lo que queramos. Sin Dios, nos destruimos unos a otros, como Ca\u00edn que mat\u00f3 a su propio hermano.<\/p>\n<p>Un jefe de esos grupos criminales acostumbra entrar a un templo a hacer oraci\u00f3n, porque es muy devoto de la Virgen. Cuando llega, dos de sus pistoleros est\u00e1n a la puerta del templo, para protegerlo, y otros dos a la entrada del atrio, para que nadie entre. \u00bfEso es fe? \u00bfDios y la Virgen le escuchan y le ayudan? Claro que le escuchan y le ayudan, pero no para hacer el mal, sino para que se convierta y cambie de vida, si \u00e9l est\u00e1 dispuesto a escuchar a Dios.<\/p>\n<p>Muchos, desde nuestras familias, aprendimos a darle a Dios el lugar que le corresponde y a esforzarnos por vivir conforme a sus mandamientos. Por esa fe que recibimos desde nuestro bautismo y que cultivaron nuestros padres, la inmensa mayor\u00eda somos gente buena, pac\u00edficos, respetuosos de los dem\u00e1s y solidarios. Pero muchos de los delincuentes proceden de familias sin educaci\u00f3n en la fe, sin br\u00fajula que les ilumine en la vida, expuestos a dejarse embaucar por quienes tienen como m\u00e1xima aspiraci\u00f3n el dinero y el placer. Si conocieran a Dios, si escucharan su Palabra, si se acercaran a los sacramentos, otra ser\u00eda su vida y otro ser\u00eda nuestro pa\u00eds.<\/p>\n<p>Sin embargo, los Estados de la Rep\u00fablica donde m\u00e1s se han recrudecido el crimen y el narcotr\u00e1fico, tienen los m\u00e1s altos porcentajes de cat\u00f3licos en el pa\u00eds. \u00bfEsto significa que no sirve la religi\u00f3n? Claro que sirve; pero es una llamada de atenci\u00f3n para revisar la pastoral evangelizadora que llevamos a cabo, porque quien en verdad encuentra a Dios, en Cristo, lleva otro estilo de vida. El verdadero Dios nos ense\u00f1a el camino del bien, de la justicia, del respeto a los otros, del amor al pr\u00f3jimo, pero nos deja en libertad para hacerle caso, o para vivir como si El no existiera. Dios puede cambiar nuestro pa\u00eds, siempre y cuando nosotros adecuemos nuestra voluntad a la suya.<\/p>\n<h4><strong>P<\/strong><strong>ensar<\/strong><\/h4>\n<p>El Papa Francisco, en su enc\u00edclica <em><a href=\"https:\/\/exaudi.org\/es\/enciclica-fratelli-tutti-papa\/\" target=\"_blank\" rel=\"noopener noreferrer\">Fratelli tutti<\/a>, <\/em>dice: \u201cLa fe colma de motivaciones inauditas el reconocimiento del otro, porque quien cree puede llegar a reconocer que Dios ama a cada ser humano con un amor infinito y que con ello le confiere una dignidad infinita. A esto se agrega que creemos que Cristo derram\u00f3 su sangre por todos y cada uno, por lo cual nadie queda fuera de su amor universal. Y si vamos a la fuente \u00faltima, que es la vida \u00edntima de Dios, nos encontramos con una comunidad de tres Personas, origen y modelo perfecto de toda vida en com\u00fan\u201d (85).<\/p>\n<p>Los obispos mexicanos, en nuestro Proyecto Global de Pastoral 2021+2033, decimos: \u201cConstatamos que existe un gran d\u00e9ficit en la formaci\u00f3n cristiana del Pueblo de Dios; hay un analfabetismo religioso preocupante en un gran n\u00famero de creyentes, permaneciendo en ellos una gran confusi\u00f3n y vac\u00edo en el conocimiento de las verdades fundamentales de su fe; esto se manifiesta en la superficialidad de sus compromisos sacramentales y en la ligereza de la vivencia de los valores del Evangelio en su vida diaria\u201d (80).<\/p>\n<p>\u201cSomos conscientes que es fundamental descubrir que ante esta realidad que nos desaf\u00eda y cuestiona,\u00a0a todos nos toca recomenzar desde Cristo. Partir de este encuentro personal y transformador de cada creyente con Jes\u00fas en su vida, que abre un aut\u00e9ntico proceso de conversi\u00f3n, comuni\u00f3n y solidaridad. Este momento de encuentro con el Hijo de Dios es fundamental en la vida de todo cristiano, pero es necesario promover creativamente esta experiencia desde nuestras parroquias, grupos y movimientos apost\u00f3licos, para que sea un encuentro pleno de fe, que va m\u00e1s all\u00e1 de lo institucional, lo burocr\u00e1tico o lo meramente \u201cclientelar\u201d.\u00a0Ning\u00fan cat\u00f3lico podr\u00e1 vivir con pasi\u00f3n y responsabilidad su fe sin esta experiencia\u00a0kerigm\u00e1tica\u00a0y catequ\u00e9tica de Jes\u00fas vivo.\u00a0Muchos cat\u00f3licos se averg\u00fcenzan de su pertenencia eclesial, pues como pastores no les hemos ayudado a dar sentido a su existencia, en esta realidad concreta e hist\u00f3rica\u201d (85).<\/p>\n<h4><strong>Actuar<\/strong><\/h4>\n<p>Apreciemos nuestra fe, como un motor de cambio personal, familiar y social. Abramos el coraz\u00f3n a Dios que nos ense\u00f1a el camino de la fraternidad, del respeto a los otros y del amor solidario. Eduquemos a las familias, a ni\u00f1os y j\u00f3venes, para que descubran el amor de Dios manifestado en Cristo, y esforc\u00e9monos por vivir conforme a la luz y al camino que El nos ofrece. Si Dios est\u00e1 en nuestras vidas, el pa\u00eds cambiar\u00e1 y viviremos en paz; si lo ignoramos, iremos de mal en peor.<\/p>\n<audio class=\"wp-audio-shortcode\" id=\"audio-26243-1\" preload=\"none\" style=\"width: 100%;\" controls=\"controls\"><source type=\"audio\/mpeg\" src=\"https:\/\/exaudi.org\/wp-content\/uploads\/2021\/07\/Articulo-7-julio.mp3?_=1\" \/><a href=\"https:\/\/exaudi.org\/wp-content\/uploads\/2021\/07\/Articulo-7-julio.mp3\">https:\/\/exaudi.org\/wp-content\/uploads\/2021\/07\/Articulo-7-julio.mp3<\/a><\/audio>\n","protected":false},"excerpt":{"rendered":"<p>Apreciar la fe como \u201cmotor de cambio personal, familiar y social\u201d<\/p>\n","protected":false},"author":24,"featured_media":26244,"comment_status":"open","ping_status":"open","sticky":false,"template":"","format":"standard","meta":{"_acf_changed":false,"_crdt_document":"","inline_featured_image":false,"footnotes":""},"categories":[298,130],"tags":[413,3241,3164,415],"class_list":["post-26243","post","type-post","status-publish","format-standard","has-post-thumbnail","hentry","category-ultimas-noticias","category-voces","tag-cardenal-felipe-arizmendi-esquivel","tag-dios","tag-fe-es","tag-mexico"],"acf":[],"yoast_head":"<!-- This site is optimized with the Yoast SEO plugin v27.4 - https:\/\/yoast.com\/product\/yoast-seo-wordpress\/ -->\n<title>Cardenal Arizmendi: Otro pa\u00eds, desde Dios &#8211; Exaudi<\/title>\n<meta name=\"description\" content=\"El cardenal\u00a0Felipe Arizmendi Esquivel, obispo em\u00e9rito de San Crist\u00f3bal de Las Casas, ofrece su art\u00edculo titulado \u201cOtro pa\u00eds, desde Dios\u201d.\" \/>\n<meta name=\"robots\" content=\"index, follow, max-snippet:-1, max-image-preview:large, max-video-preview:-1\" \/>\n<link rel=\"canonical\" href=\"https:\/\/exaudi.org\/es\/cardenal-arizmendi-otro-pais-desde-dios\/\" \/>\n<meta property=\"og:locale\" content=\"es_ES\" \/>\n<meta property=\"og:type\" content=\"article\" \/>\n<meta property=\"og:title\" content=\"Cardenal Arizmendi: Otro pa\u00eds, desde Dios &#8211; Exaudi\" \/>\n<meta property=\"og:description\" content=\"El cardenal\u00a0Felipe Arizmendi Esquivel, obispo em\u00e9rito de San Crist\u00f3bal de Las Casas, ofrece su art\u00edculo titulado \u201cOtro pa\u00eds, desde Dios\u201d.\" \/>\n<meta property=\"og:url\" content=\"https:\/\/exaudi.org\/es\/cardenal-arizmendi-otro-pais-desde-dios\/\" \/>\n<meta property=\"og:site_name\" content=\"Exaudi\" \/>\n<meta property=\"article:publisher\" content=\"https:\/\/www.facebook.com\/ExaudiNews\" \/>\n<meta property=\"article:published_time\" content=\"2021-07-07T08:10:53+00:00\" \/>\n<meta property=\"article:modified_time\" content=\"2021-07-08T07:20:25+00:00\" \/>\n<meta property=\"og:image\" content=\"https:\/\/exaudi.org\/wp-content\/uploads\/2021\/07\/pexels-ricardo-esquivel-1573471-scaled.jpg\" \/>\n\t<meta property=\"og:image:width\" content=\"2560\" \/>\n\t<meta property=\"og:image:height\" content=\"1710\" \/>\n\t<meta property=\"og:image:type\" content=\"image\/jpeg\" \/>\n<meta name=\"author\" content=\"Cardenal Felipe Arizmendi\" \/>\n<meta name=\"twitter:card\" content=\"summary_large_image\" \/>\n<meta name=\"twitter:creator\" content=\"@Exaudi_News\" \/>\n<meta name=\"twitter:site\" content=\"@Exaudi_News\" \/>\n<meta name=\"twitter:label1\" content=\"Escrito por\" \/>\n\t<meta name=\"twitter:data1\" content=\"Cardenal Felipe Arizmendi\" \/>\n\t<meta name=\"twitter:label2\" content=\"Tiempo de lectura\" \/>\n\t<meta name=\"twitter:data2\" content=\"5 minutos\" \/>\n<script type=\"application\/ld+json\" class=\"yoast-schema-graph\">{\"@context\":\"https:\\\/\\\/schema.org\",\"@graph\":[{\"@type\":\"Article\",\"@id\":\"https:\\\/\\\/exaudi.org\\\/es\\\/cardenal-arizmendi-otro-pais-desde-dios\\\/#article\",\"isPartOf\":{\"@id\":\"https:\\\/\\\/exaudi.org\\\/es\\\/cardenal-arizmendi-otro-pais-desde-dios\\\/\"},\"author\":{\"name\":\"Cardenal Felipe Arizmendi\",\"@id\":\"https:\\\/\\\/exaudi.org\\\/#\\\/schema\\\/person\\\/c7d223f87e58f1105d044d8da1439102\"},\"headline\":\"Cardenal Arizmendi: Otro pa\u00eds, desde Dios\",\"datePublished\":\"2021-07-07T08:10:53+00:00\",\"dateModified\":\"2021-07-08T07:20:25+00:00\",\"mainEntityOfPage\":{\"@id\":\"https:\\\/\\\/exaudi.org\\\/es\\\/cardenal-arizmendi-otro-pais-desde-dios\\\/\"},\"wordCount\":1054,\"commentCount\":0,\"image\":{\"@id\":\"https:\\\/\\\/exaudi.org\\\/es\\\/cardenal-arizmendi-otro-pais-desde-dios\\\/#primaryimage\"},\"thumbnailUrl\":\"https:\\\/\\\/exaudi.org\\\/wp-content\\\/uploads\\\/2021\\\/07\\\/pexels-ricardo-esquivel-1573471-scaled.jpg\",\"keywords\":[\"Cardenal Felipe Arizmendi Esquivel\",\"Dios\",\"fe\",\"M\u00e9xico\"],\"articleSection\":[\"\u00daltimas noticias\",\"Voces\"],\"inLanguage\":\"es\",\"potentialAction\":[{\"@type\":\"CommentAction\",\"name\":\"Comment\",\"target\":[\"https:\\\/\\\/exaudi.org\\\/es\\\/cardenal-arizmendi-otro-pais-desde-dios\\\/#respond\"]}]},{\"@type\":\"WebPage\",\"@id\":\"https:\\\/\\\/exaudi.org\\\/es\\\/cardenal-arizmendi-otro-pais-desde-dios\\\/\",\"url\":\"https:\\\/\\\/exaudi.org\\\/es\\\/cardenal-arizmendi-otro-pais-desde-dios\\\/\",\"name\":\"Cardenal Arizmendi: Otro pa\u00eds, desde Dios &#8211; Exaudi\",\"isPartOf\":{\"@id\":\"https:\\\/\\\/exaudi.org\\\/#website\"},\"primaryImageOfPage\":{\"@id\":\"https:\\\/\\\/exaudi.org\\\/es\\\/cardenal-arizmendi-otro-pais-desde-dios\\\/#primaryimage\"},\"image\":{\"@id\":\"https:\\\/\\\/exaudi.org\\\/es\\\/cardenal-arizmendi-otro-pais-desde-dios\\\/#primaryimage\"},\"thumbnailUrl\":\"https:\\\/\\\/exaudi.org\\\/wp-content\\\/uploads\\\/2021\\\/07\\\/pexels-ricardo-esquivel-1573471-scaled.jpg\",\"datePublished\":\"2021-07-07T08:10:53+00:00\",\"dateModified\":\"2021-07-08T07:20:25+00:00\",\"author\":{\"@id\":\"https:\\\/\\\/exaudi.org\\\/#\\\/schema\\\/person\\\/c7d223f87e58f1105d044d8da1439102\"},\"description\":\"El cardenal\u00a0Felipe Arizmendi Esquivel, obispo em\u00e9rito de San Crist\u00f3bal de Las Casas, ofrece su art\u00edculo titulado \u201cOtro pa\u00eds, desde Dios\u201d.\",\"breadcrumb\":{\"@id\":\"https:\\\/\\\/exaudi.org\\\/es\\\/cardenal-arizmendi-otro-pais-desde-dios\\\/#breadcrumb\"},\"inLanguage\":\"es\",\"potentialAction\":[{\"@type\":\"ReadAction\",\"target\":[\"https:\\\/\\\/exaudi.org\\\/es\\\/cardenal-arizmendi-otro-pais-desde-dios\\\/\"]}]},{\"@type\":\"ImageObject\",\"inLanguage\":\"es\",\"@id\":\"https:\\\/\\\/exaudi.org\\\/es\\\/cardenal-arizmendi-otro-pais-desde-dios\\\/#primaryimage\",\"url\":\"https:\\\/\\\/exaudi.org\\\/wp-content\\\/uploads\\\/2021\\\/07\\\/pexels-ricardo-esquivel-1573471-scaled.jpg\",\"contentUrl\":\"https:\\\/\\\/exaudi.org\\\/wp-content\\\/uploads\\\/2021\\\/07\\\/pexels-ricardo-esquivel-1573471-scaled.jpg\",\"width\":2560,\"height\":1710,\"caption\":\"Toluca de Lerdo \u00a9 Pexels. Ricardo Esquivel\"},{\"@type\":\"BreadcrumbList\",\"@id\":\"https:\\\/\\\/exaudi.org\\\/es\\\/cardenal-arizmendi-otro-pais-desde-dios\\\/#breadcrumb\",\"itemListElement\":[{\"@type\":\"ListItem\",\"position\":1,\"name\":\"Portada\",\"item\":\"https:\\\/\\\/exaudi.org\\\/es\\\/\"},{\"@type\":\"ListItem\",\"position\":2,\"name\":\"Cardenal Arizmendi: Otro pa\u00eds, desde Dios\"}]},{\"@type\":\"WebSite\",\"@id\":\"https:\\\/\\\/exaudi.org\\\/#website\",\"url\":\"https:\\\/\\\/exaudi.org\\\/\",\"name\":\"Exaudi\",\"description\":\"News\",\"potentialAction\":[{\"@type\":\"SearchAction\",\"target\":{\"@type\":\"EntryPoint\",\"urlTemplate\":\"https:\\\/\\\/exaudi.org\\\/?s={search_term_string}\"},\"query-input\":{\"@type\":\"PropertyValueSpecification\",\"valueRequired\":true,\"valueName\":\"search_term_string\"}}],\"inLanguage\":\"es\"},{\"@type\":\"Person\",\"@id\":\"https:\\\/\\\/exaudi.org\\\/#\\\/schema\\\/person\\\/c7d223f87e58f1105d044d8da1439102\",\"name\":\"Cardenal Felipe Arizmendi\",\"image\":{\"@type\":\"ImageObject\",\"inLanguage\":\"es\",\"@id\":\"https:\\\/\\\/secure.gravatar.com\\\/avatar\\\/4ffc5520d896b86d39346168903de33a17ef0f23d16de0ff45062c1ff422ed2f?s=96&d=mm&r=g\",\"url\":\"https:\\\/\\\/secure.gravatar.com\\\/avatar\\\/4ffc5520d896b86d39346168903de33a17ef0f23d16de0ff45062c1ff422ed2f?s=96&d=mm&r=g\",\"contentUrl\":\"https:\\\/\\\/secure.gravatar.com\\\/avatar\\\/4ffc5520d896b86d39346168903de33a17ef0f23d16de0ff45062c1ff422ed2f?s=96&d=mm&r=g\",\"caption\":\"Cardenal Felipe Arizmendi\"},\"description\":\"Nacido en Chiltepec el 1 de mayo de 1940. Estudi\u00f3 Humanidades y Filosof\u00eda en el Seminario de Toluca, de 1952 a 1959. Curs\u00f3 la Teolog\u00eda en la Universidad Pontificia de Salamanca, Espa\u00f1a, de 1959 a 1963, obteniendo la licenciatura en Teolog\u00eda Dogm\u00e1tica. Por su cuenta, se especializ\u00f3 en Liturgia. Fue ordenado sacerdote el 25 de agosto de 1963 en Toluca. Sirvi\u00f3 como Vicario Parroquial en tres parroquias por tres a\u00f1os y medio y fue p\u00e1rroco de una comunidad ind\u00edgena otom\u00ed, de 1967 a 1970. Fue Director Espiritual del Seminario de Toluca por diez a\u00f1os, y Rector del mismo de 1981 a 1991. El 7 de marzo de 1991, fue ordenado obispo de la di\u00f3cesis de Tapachula, donde estuvo hasta el 30 de abril del a\u00f1o 2000. El 1 de mayo del 2000, inici\u00f3 su ministerio episcopal como XLVI obispo de la di\u00f3cesis de San Crist\u00f3bal de las Casas, Chiapas, una de las di\u00f3cesis m\u00e1s antiguas de M\u00e9xico, erigida en 1539; all\u00ed sirvi\u00f3 por casi 18 a\u00f1os. Ha ocupado diversos cargos en la Conferencia del Episcopado Mexicano y en el CELAM. El 3 de noviembre de 2017, el Papa Francisco le acept\u00f3, por edad, su renuncia al servicio episcopal en esta di\u00f3cesis, que entreg\u00f3 a su sucesor el 3 de enero de 2018. Desde entonces, reside en la ciudad de Toluca. Desde 1979, escribe art\u00edculos de actualidad en varios medios religiosos y civiles. Es autor de varias publicaciones.\",\"url\":\"https:\\\/\\\/exaudi.org\\\/es\\\/author\\\/felipearizmendi\\\/\"}]}<\/script>\n<!-- \/ Yoast SEO plugin. -->","yoast_head_json":{"title":"Cardenal Arizmendi: Otro pa\u00eds, desde Dios &#8211; Exaudi","description":"El cardenal\u00a0Felipe Arizmendi Esquivel, obispo em\u00e9rito de San Crist\u00f3bal de Las Casas, ofrece su art\u00edculo titulado \u201cOtro pa\u00eds, desde Dios\u201d.","robots":{"index":"index","follow":"follow","max-snippet":"max-snippet:-1","max-image-preview":"max-image-preview:large","max-video-preview":"max-video-preview:-1"},"canonical":"https:\/\/exaudi.org\/es\/cardenal-arizmendi-otro-pais-desde-dios\/","og_locale":"es_ES","og_type":"article","og_title":"Cardenal Arizmendi: Otro pa\u00eds, desde Dios &#8211; Exaudi","og_description":"El cardenal\u00a0Felipe Arizmendi Esquivel, obispo em\u00e9rito de San Crist\u00f3bal de Las Casas, ofrece su art\u00edculo titulado \u201cOtro pa\u00eds, desde Dios\u201d.","og_url":"https:\/\/exaudi.org\/es\/cardenal-arizmendi-otro-pais-desde-dios\/","og_site_name":"Exaudi","article_publisher":"https:\/\/www.facebook.com\/ExaudiNews","article_published_time":"2021-07-07T08:10:53+00:00","article_modified_time":"2021-07-08T07:20:25+00:00","og_image":[{"width":2560,"height":1710,"url":"https:\/\/exaudi.org\/wp-content\/uploads\/2021\/07\/pexels-ricardo-esquivel-1573471-scaled.jpg","type":"image\/jpeg"}],"author":"Cardenal Felipe Arizmendi","twitter_card":"summary_large_image","twitter_creator":"@Exaudi_News","twitter_site":"@Exaudi_News","twitter_misc":{"Escrito por":"Cardenal Felipe Arizmendi","Tiempo de lectura":"5 minutos"},"schema":{"@context":"https:\/\/schema.org","@graph":[{"@type":"Article","@id":"https:\/\/exaudi.org\/es\/cardenal-arizmendi-otro-pais-desde-dios\/#article","isPartOf":{"@id":"https:\/\/exaudi.org\/es\/cardenal-arizmendi-otro-pais-desde-dios\/"},"author":{"name":"Cardenal Felipe Arizmendi","@id":"https:\/\/exaudi.org\/#\/schema\/person\/c7d223f87e58f1105d044d8da1439102"},"headline":"Cardenal Arizmendi: Otro pa\u00eds, desde Dios","datePublished":"2021-07-07T08:10:53+00:00","dateModified":"2021-07-08T07:20:25+00:00","mainEntityOfPage":{"@id":"https:\/\/exaudi.org\/es\/cardenal-arizmendi-otro-pais-desde-dios\/"},"wordCount":1054,"commentCount":0,"image":{"@id":"https:\/\/exaudi.org\/es\/cardenal-arizmendi-otro-pais-desde-dios\/#primaryimage"},"thumbnailUrl":"https:\/\/exaudi.org\/wp-content\/uploads\/2021\/07\/pexels-ricardo-esquivel-1573471-scaled.jpg","keywords":["Cardenal Felipe Arizmendi Esquivel","Dios","fe","M\u00e9xico"],"articleSection":["\u00daltimas noticias","Voces"],"inLanguage":"es","potentialAction":[{"@type":"CommentAction","name":"Comment","target":["https:\/\/exaudi.org\/es\/cardenal-arizmendi-otro-pais-desde-dios\/#respond"]}]},{"@type":"WebPage","@id":"https:\/\/exaudi.org\/es\/cardenal-arizmendi-otro-pais-desde-dios\/","url":"https:\/\/exaudi.org\/es\/cardenal-arizmendi-otro-pais-desde-dios\/","name":"Cardenal Arizmendi: Otro pa\u00eds, desde Dios &#8211; Exaudi","isPartOf":{"@id":"https:\/\/exaudi.org\/#website"},"primaryImageOfPage":{"@id":"https:\/\/exaudi.org\/es\/cardenal-arizmendi-otro-pais-desde-dios\/#primaryimage"},"image":{"@id":"https:\/\/exaudi.org\/es\/cardenal-arizmendi-otro-pais-desde-dios\/#primaryimage"},"thumbnailUrl":"https:\/\/exaudi.org\/wp-content\/uploads\/2021\/07\/pexels-ricardo-esquivel-1573471-scaled.jpg","datePublished":"2021-07-07T08:10:53+00:00","dateModified":"2021-07-08T07:20:25+00:00","author":{"@id":"https:\/\/exaudi.org\/#\/schema\/person\/c7d223f87e58f1105d044d8da1439102"},"description":"El cardenal\u00a0Felipe Arizmendi Esquivel, obispo em\u00e9rito de San Crist\u00f3bal de Las Casas, ofrece su art\u00edculo titulado \u201cOtro pa\u00eds, desde Dios\u201d.","breadcrumb":{"@id":"https:\/\/exaudi.org\/es\/cardenal-arizmendi-otro-pais-desde-dios\/#breadcrumb"},"inLanguage":"es","potentialAction":[{"@type":"ReadAction","target":["https:\/\/exaudi.org\/es\/cardenal-arizmendi-otro-pais-desde-dios\/"]}]},{"@type":"ImageObject","inLanguage":"es","@id":"https:\/\/exaudi.org\/es\/cardenal-arizmendi-otro-pais-desde-dios\/#primaryimage","url":"https:\/\/exaudi.org\/wp-content\/uploads\/2021\/07\/pexels-ricardo-esquivel-1573471-scaled.jpg","contentUrl":"https:\/\/exaudi.org\/wp-content\/uploads\/2021\/07\/pexels-ricardo-esquivel-1573471-scaled.jpg","width":2560,"height":1710,"caption":"Toluca de Lerdo \u00a9 Pexels. Ricardo Esquivel"},{"@type":"BreadcrumbList","@id":"https:\/\/exaudi.org\/es\/cardenal-arizmendi-otro-pais-desde-dios\/#breadcrumb","itemListElement":[{"@type":"ListItem","position":1,"name":"Portada","item":"https:\/\/exaudi.org\/es\/"},{"@type":"ListItem","position":2,"name":"Cardenal Arizmendi: Otro pa\u00eds, desde Dios"}]},{"@type":"WebSite","@id":"https:\/\/exaudi.org\/#website","url":"https:\/\/exaudi.org\/","name":"Exaudi","description":"News","potentialAction":[{"@type":"SearchAction","target":{"@type":"EntryPoint","urlTemplate":"https:\/\/exaudi.org\/?s={search_term_string}"},"query-input":{"@type":"PropertyValueSpecification","valueRequired":true,"valueName":"search_term_string"}}],"inLanguage":"es"},{"@type":"Person","@id":"https:\/\/exaudi.org\/#\/schema\/person\/c7d223f87e58f1105d044d8da1439102","name":"Cardenal Felipe Arizmendi","image":{"@type":"ImageObject","inLanguage":"es","@id":"https:\/\/secure.gravatar.com\/avatar\/4ffc5520d896b86d39346168903de33a17ef0f23d16de0ff45062c1ff422ed2f?s=96&d=mm&r=g","url":"https:\/\/secure.gravatar.com\/avatar\/4ffc5520d896b86d39346168903de33a17ef0f23d16de0ff45062c1ff422ed2f?s=96&d=mm&r=g","contentUrl":"https:\/\/secure.gravatar.com\/avatar\/4ffc5520d896b86d39346168903de33a17ef0f23d16de0ff45062c1ff422ed2f?s=96&d=mm&r=g","caption":"Cardenal Felipe Arizmendi"},"description":"Nacido en Chiltepec el 1 de mayo de 1940. Estudi\u00f3 Humanidades y Filosof\u00eda en el Seminario de Toluca, de 1952 a 1959. Curs\u00f3 la Teolog\u00eda en la Universidad Pontificia de Salamanca, Espa\u00f1a, de 1959 a 1963, obteniendo la licenciatura en Teolog\u00eda Dogm\u00e1tica. Por su cuenta, se especializ\u00f3 en Liturgia. Fue ordenado sacerdote el 25 de agosto de 1963 en Toluca. Sirvi\u00f3 como Vicario Parroquial en tres parroquias por tres a\u00f1os y medio y fue p\u00e1rroco de una comunidad ind\u00edgena otom\u00ed, de 1967 a 1970. Fue Director Espiritual del Seminario de Toluca por diez a\u00f1os, y Rector del mismo de 1981 a 1991. El 7 de marzo de 1991, fue ordenado obispo de la di\u00f3cesis de Tapachula, donde estuvo hasta el 30 de abril del a\u00f1o 2000. El 1 de mayo del 2000, inici\u00f3 su ministerio episcopal como XLVI obispo de la di\u00f3cesis de San Crist\u00f3bal de las Casas, Chiapas, una de las di\u00f3cesis m\u00e1s antiguas de M\u00e9xico, erigida en 1539; all\u00ed sirvi\u00f3 por casi 18 a\u00f1os. Ha ocupado diversos cargos en la Conferencia del Episcopado Mexicano y en el CELAM. El 3 de noviembre de 2017, el Papa Francisco le acept\u00f3, por edad, su renuncia al servicio episcopal en esta di\u00f3cesis, que entreg\u00f3 a su sucesor el 3 de enero de 2018. Desde entonces, reside en la ciudad de Toluca. Desde 1979, escribe art\u00edculos de actualidad en varios medios religiosos y civiles. Es autor de varias publicaciones.","url":"https:\/\/exaudi.org\/es\/author\/felipearizmendi\/"}]}},"jetpack_featured_media_url":"https:\/\/exaudi.org\/wp-content\/uploads\/2021\/07\/pexels-ricardo-esquivel-1573471-scaled.jpg","jetpack_shortlink":"https:\/\/wp.me\/pgKjF2-6Ph","_links":{"self":[{"href":"https:\/\/exaudi.org\/es\/wp-json\/wp\/v2\/posts\/26243","targetHints":{"allow":["GET"]}}],"collection":[{"href":"https:\/\/exaudi.org\/es\/wp-json\/wp\/v2\/posts"}],"about":[{"href":"https:\/\/exaudi.org\/es\/wp-json\/wp\/v2\/types\/post"}],"author":[{"embeddable":true,"href":"https:\/\/exaudi.org\/es\/wp-json\/wp\/v2\/users\/24"}],"replies":[{"embeddable":true,"href":"https:\/\/exaudi.org\/es\/wp-json\/wp\/v2\/comments?post=26243"}],"version-history":[{"count":0,"href":"https:\/\/exaudi.org\/es\/wp-json\/wp\/v2\/posts\/26243\/revisions"}],"wp:featuredmedia":[{"embeddable":true,"href":"https:\/\/exaudi.org\/es\/wp-json\/wp\/v2\/media\/26244"}],"wp:attachment":[{"href":"https:\/\/exaudi.org\/es\/wp-json\/wp\/v2\/media?parent=26243"}],"wp:term":[{"taxonomy":"category","embeddable":true,"href":"https:\/\/exaudi.org\/es\/wp-json\/wp\/v2\/categories?post=26243"},{"taxonomy":"post_tag","embeddable":true,"href":"https:\/\/exaudi.org\/es\/wp-json\/wp\/v2\/tags?post=26243"}],"curies":[{"name":"wp","href":"https:\/\/api.w.org\/{rel}","templated":true}]}}