{"id":26066,"date":"2021-07-05T17:21:42","date_gmt":"2021-07-05T15:21:42","guid":{"rendered":"https:\/\/exaudi.org\/?p=26066"},"modified":"2021-07-06T17:32:37","modified_gmt":"2021-07-06T15:32:37","slug":"hermana-zully-rojas-ministerio-de-mujeres-espiritu-misionero","status":"publish","type":"post","link":"https:\/\/exaudi.org\/es\/hermana-zully-rojas-ministerio-de-mujeres-espiritu-misionero\/","title":{"rendered":"Hermana Zully: Ministerio de mujeres, \u201cfecundado por esp\u00edritu misionero\u201d"},"content":{"rendered":"<p>La religiosa peruana Zully Rojas, misionera Dominica del Rosario, destaca que \u201cel ministerio de mujeres ind\u00edgenas ha sido fecundado por esp\u00edritu misionero\u201d.<\/p>\n<p>De acuerdo a una nota del <a href=\"https:\/\/www.celam.org\/\" target=\"_blank\" rel=\"noopener noreferrer\">Consejo Episcopal Latinoamericano<\/a> (CELAM), la hermana Zully Rojas Quispe presta su servicio misionero a la Iglesia desde la Pastoral Ind\u00edgena y coordina el Equipo Itinerante que visita las Comunidades Ind\u00edgenas del Bajo Madre de Dios en Per\u00fa. Es integrante del Consejo Pastoral del Vicariato de Puerto Maldonado.<\/p>\n<p>La religiosa naci\u00f3 en Ica, centro sur del Per\u00fa. Lleva 4 a\u00f1os asentada en Puerto Maldonado, donde el Papa Francisco en 2018 inici\u00f3 el camino sinodal de la regi\u00f3n Panamaz\u00f3nica. Rojas particip\u00f3 activamente en S\u00ednodo de la Amazon\u00eda en octubre de 2019, en Roma, por eso celebra el proceso de <a href=\"https:\/\/exaudi.org\/es\/ecuador-vicario-de-puyo-confiere-ministerios-indigenas\/\" target=\"_blank\" rel=\"noopener noreferrer\">otorgar ministerios de acolitado y lectorado en Puyo<\/a>, Ecuador. Para ella, esto \u201cha sido fecundado por el Esp\u00edritu a trav\u00e9s del acompa\u00f1amiento de misioneras y misioneros, que han compartido su fe con el pueblo creyente\u201d.<\/p>\n<h4><strong>Oraci\u00f3n y formaci\u00f3n<\/strong><\/h4>\n<p>La hermana Zully recuerda que \u201cnuestra Congregaci\u00f3n de Misioneras Dominicas del Rosario, tuvo una comunidad en Puyo, casi 15 a\u00f1os, y su misi\u00f3n estuvo orientada, desde una pastoral de conjunto, al servicio de las comunidades ind\u00edgenas y campesinas, en el Centro de formaci\u00f3n de agentes de pastoral, especialmente formaci\u00f3n y promoci\u00f3n de la Mujer\u201d.<\/p>\n<p>De hecho, \u201cjunto a otras Religiosas, hemos aportado con la semilla del Evangelio, para que la Mujer Nativa ofrezca al Se\u00f1or sus dones, y estos ministerios conferidos a Susana y Aurea, sigan fecundado otras vidas\u201d.<\/p>\n<p>Es por ello que \u201ces importante la formaci\u00f3n teol\u00f3gica, b\u00edblica. Tenemos que releer la Sagrada Escritura, acercarnos a las cartas \u2018aut\u00e9nticas\u2019 de Pablo, a otros escritos del siglo I. Es curioso, pero las mujeres nos sentimos obligadas a fundamentar el servicio que desde siempre hemos realizado\u201d.<\/p>\n<p>Por ello \u201cla RUAH, inspirar\u00e1 los nuevos cambios, y las mujeres permaneceremos fieles como hasta ahora, para seguir recorriendo juntas y juntos el Camino que el Se\u00f1or quiere para su Iglesia. En este sentido, la formaci\u00f3n, unida a la oraci\u00f3n, nos ayudar\u00e1 a vivir el proceso de conversi\u00f3n necesario para todas y todos\u201d.<\/p>\n<h4><strong>Nuevos ministerios femeninos<\/strong><\/h4>\n<p>La Madre sinodal recalca que \u201cla instituci\u00f3n y el reconocimiento de los nuevos ministerios femeninos, forman parte del proceso sinodal y hay que continuar con su implementaci\u00f3n, sin dejarlos al olvido\u201d.<\/p>\n<p>\u201cLos obispos tienen los mecanismos adecuados para hacerlo, pues recordemos que en el mes de enero del presente a\u00f1o, el Papa Francisco public\u00f3 la carta Apost\u00f3lica en forma\u00a0 de <em>Motu Proprio<\/em>\u00a0<em>Spiritus Domini<\/em><strong>,<\/strong>\u00a0modificando el canon 230 del DDCC, institucionalizando lo que ya venimos viviendo las mujeres en muchos lugares\u201d, acot\u00f3.<\/p>\n<p>Por tanto \u201ctengo fe en el proceso iniciado, no hay vuelta atr\u00e1s y a seguir adelante, que el Se\u00f1or nos vuelve a confiar la misi\u00f3n, como a Mar\u00eda Magdalena: \u2018Ve y dile a mis hermanos\u2019\u201d.<\/p>\n<h4><strong>Ministerios ind\u00edgenas en Ecuador<\/strong><\/h4>\n<p>El vicario apost\u00f3lico de Puyo, Ecuador, monse\u00f1or Rafael Cob, confiri\u00f3 el ministerio de la Palabra y de la Eucarist\u00eda a cinco servidores de las comunidades de Boveras Montalvo, informa el\u00a0<a href=\"http:\/\/celam.org\/\" target=\"_blank\" rel=\"noopener noreferrer\">Consejo Episcopal Latinoamericano<\/a> (CELAM) en una nota. Se trat\u00f3 de tres hombres y dos mujeres: Franklin, Andres, Juan, Susana y Aurea y la ceremonia se efectu\u00f3 en el marco de la visita pastoral del prelado a las comunidades ind\u00edgenas Kichwas asentadas en la selva amaz\u00f3nica ecuatoriana.<\/p>\n<p>Esta es la primera vez\u00a0que se confieren estos ministerios a mujeres, despu\u00e9s que el Papa Francisco diera la autorizaci\u00f3n para conferirles este ministerio, idea recogida en el S\u00ednodo Especial para la Amazon\u00eda que, como parte de otras determinaciones del Pont\u00edfice, manifiesta su deseo de entregar cargos de responsabilidad a las mujeres y laicos dentro de la Iglesia.<\/p>\n","protected":false},"excerpt":{"rendered":"<p>Recientemente conferidos en Ecuador<\/p>\n","protected":false},"author":5,"featured_media":26068,"comment_status":"open","ping_status":"open","sticky":false,"template":"","format":"standard","meta":{"_acf_changed":false,"_crdt_document":"","inline_featured_image":false,"footnotes":""},"categories":[86,98,298],"tags":[320,3219,3220,2900],"class_list":["post-26066","post","type-post","status-publish","format-standard","has-post-thumbnail","hentry","category-iglesia-local","category-testimonios","category-ultimas-noticias","tag-amazonia","tag-hermana-zully-rojas","tag-ministerios-femeninos","tag-mision"],"acf":[],"yoast_head":"<!-- This site is optimized with the Yoast SEO plugin v27.5 - https:\/\/yoast.com\/product\/yoast-seo-wordpress\/ -->\n<title>Hermana Zully: Ministerio de mujeres, \u201cfecundado por esp\u00edritu misionero\u201d &#8211; Exaudi<\/title>\n<meta name=\"description\" content=\"La religiosa misionera peruana Zully Rojas, destaca que \u201cel ministerio de mujeres ind\u00edgenas ha sido fecundado por esp\u00edritu misionero\u201d.\" \/>\n<meta name=\"robots\" content=\"index, follow, max-snippet:-1, max-image-preview:large, max-video-preview:-1\" \/>\n<link rel=\"canonical\" href=\"https:\/\/exaudi.org\/es\/hermana-zully-rojas-ministerio-de-mujeres-espiritu-misionero\/\" \/>\n<meta property=\"og:locale\" content=\"es_ES\" \/>\n<meta property=\"og:type\" content=\"article\" \/>\n<meta property=\"og:title\" content=\"Hermana Zully: Ministerio de mujeres, \u201cfecundado por esp\u00edritu misionero\u201d &#8211; Exaudi\" \/>\n<meta property=\"og:description\" content=\"La religiosa misionera peruana Zully Rojas, destaca que \u201cel ministerio de mujeres ind\u00edgenas ha sido fecundado por esp\u00edritu misionero\u201d.\" \/>\n<meta property=\"og:url\" content=\"https:\/\/exaudi.org\/es\/hermana-zully-rojas-ministerio-de-mujeres-espiritu-misionero\/\" \/>\n<meta property=\"og:site_name\" content=\"Exaudi\" \/>\n<meta property=\"article:publisher\" content=\"https:\/\/www.facebook.com\/ExaudiNews\" \/>\n<meta property=\"article:published_time\" content=\"2021-07-05T15:21:42+00:00\" \/>\n<meta property=\"article:modified_time\" content=\"2021-07-06T15:32:37+00:00\" \/>\n<meta property=\"og:image\" content=\"https:\/\/exaudi.org\/wp-content\/uploads\/2021\/07\/Hermana-Zully-Rojas.jpeg\" \/>\n\t<meta property=\"og:image:width\" content=\"1280\" \/>\n\t<meta property=\"og:image:height\" content=\"960\" \/>\n\t<meta property=\"og:image:type\" content=\"image\/jpeg\" \/>\n<meta name=\"author\" content=\"Larissa I. L\u00f3pez\" \/>\n<meta name=\"twitter:card\" content=\"summary_large_image\" \/>\n<meta name=\"twitter:creator\" content=\"@Exaudi_News\" \/>\n<meta name=\"twitter:site\" content=\"@Exaudi_News\" \/>\n<meta name=\"twitter:label1\" content=\"Escrito por\" \/>\n\t<meta name=\"twitter:data1\" content=\"Larissa I. L\u00f3pez\" \/>\n\t<meta name=\"twitter:label2\" content=\"Tiempo de lectura\" \/>\n\t<meta name=\"twitter:data2\" content=\"3 minutos\" \/>\n<script type=\"application\/ld+json\" class=\"yoast-schema-graph\">{\"@context\":\"https:\\\/\\\/schema.org\",\"@graph\":[{\"@type\":\"Article\",\"@id\":\"https:\\\/\\\/exaudi.org\\\/es\\\/hermana-zully-rojas-ministerio-de-mujeres-espiritu-misionero\\\/#article\",\"isPartOf\":{\"@id\":\"https:\\\/\\\/exaudi.org\\\/es\\\/hermana-zully-rojas-ministerio-de-mujeres-espiritu-misionero\\\/\"},\"author\":{\"name\":\"Larissa I. L\u00f3pez\",\"@id\":\"https:\\\/\\\/exaudi.org\\\/#\\\/schema\\\/person\\\/7d2f77db033c2c0929edfab6dbe8c588\"},\"headline\":\"Hermana Zully: Ministerio de mujeres, \u201cfecundado por esp\u00edritu misionero\u201d\",\"datePublished\":\"2021-07-05T15:21:42+00:00\",\"dateModified\":\"2021-07-06T15:32:37+00:00\",\"mainEntityOfPage\":{\"@id\":\"https:\\\/\\\/exaudi.org\\\/es\\\/hermana-zully-rojas-ministerio-de-mujeres-espiritu-misionero\\\/\"},\"wordCount\":663,\"commentCount\":0,\"image\":{\"@id\":\"https:\\\/\\\/exaudi.org\\\/es\\\/hermana-zully-rojas-ministerio-de-mujeres-espiritu-misionero\\\/#primaryimage\"},\"thumbnailUrl\":\"https:\\\/\\\/exaudi.org\\\/wp-content\\\/uploads\\\/2021\\\/07\\\/Hermana-Zully-Rojas.jpeg\",\"keywords\":[\"Amazon\u00eda\",\"Hermana Zully Rojas\",\"Ministerios femeninos\",\"Misi\u00f3n\"],\"articleSection\":[\"Iglesia Local\",\"Testimonios\",\"\u00daltimas noticias\"],\"inLanguage\":\"es\",\"potentialAction\":[{\"@type\":\"CommentAction\",\"name\":\"Comment\",\"target\":[\"https:\\\/\\\/exaudi.org\\\/es\\\/hermana-zully-rojas-ministerio-de-mujeres-espiritu-misionero\\\/#respond\"]}]},{\"@type\":\"WebPage\",\"@id\":\"https:\\\/\\\/exaudi.org\\\/es\\\/hermana-zully-rojas-ministerio-de-mujeres-espiritu-misionero\\\/\",\"url\":\"https:\\\/\\\/exaudi.org\\\/es\\\/hermana-zully-rojas-ministerio-de-mujeres-espiritu-misionero\\\/\",\"name\":\"Hermana Zully: Ministerio de mujeres, \u201cfecundado por esp\u00edritu misionero\u201d &#8211; Exaudi\",\"isPartOf\":{\"@id\":\"https:\\\/\\\/exaudi.org\\\/#website\"},\"primaryImageOfPage\":{\"@id\":\"https:\\\/\\\/exaudi.org\\\/es\\\/hermana-zully-rojas-ministerio-de-mujeres-espiritu-misionero\\\/#primaryimage\"},\"image\":{\"@id\":\"https:\\\/\\\/exaudi.org\\\/es\\\/hermana-zully-rojas-ministerio-de-mujeres-espiritu-misionero\\\/#primaryimage\"},\"thumbnailUrl\":\"https:\\\/\\\/exaudi.org\\\/wp-content\\\/uploads\\\/2021\\\/07\\\/Hermana-Zully-Rojas.jpeg\",\"datePublished\":\"2021-07-05T15:21:42+00:00\",\"dateModified\":\"2021-07-06T15:32:37+00:00\",\"author\":{\"@id\":\"https:\\\/\\\/exaudi.org\\\/#\\\/schema\\\/person\\\/7d2f77db033c2c0929edfab6dbe8c588\"},\"description\":\"La religiosa misionera peruana Zully Rojas, destaca que \u201cel ministerio de mujeres ind\u00edgenas ha sido fecundado por esp\u00edritu misionero\u201d.\",\"breadcrumb\":{\"@id\":\"https:\\\/\\\/exaudi.org\\\/es\\\/hermana-zully-rojas-ministerio-de-mujeres-espiritu-misionero\\\/#breadcrumb\"},\"inLanguage\":\"es\",\"potentialAction\":[{\"@type\":\"ReadAction\",\"target\":[\"https:\\\/\\\/exaudi.org\\\/es\\\/hermana-zully-rojas-ministerio-de-mujeres-espiritu-misionero\\\/\"]}]},{\"@type\":\"ImageObject\",\"inLanguage\":\"es\",\"@id\":\"https:\\\/\\\/exaudi.org\\\/es\\\/hermana-zully-rojas-ministerio-de-mujeres-espiritu-misionero\\\/#primaryimage\",\"url\":\"https:\\\/\\\/exaudi.org\\\/wp-content\\\/uploads\\\/2021\\\/07\\\/Hermana-Zully-Rojas.jpeg\",\"contentUrl\":\"https:\\\/\\\/exaudi.org\\\/wp-content\\\/uploads\\\/2021\\\/07\\\/Hermana-Zully-Rojas.jpeg\",\"width\":1280,\"height\":960,\"caption\":\"Hermana Zully Rojas \u00a9 CELAM\"},{\"@type\":\"BreadcrumbList\",\"@id\":\"https:\\\/\\\/exaudi.org\\\/es\\\/hermana-zully-rojas-ministerio-de-mujeres-espiritu-misionero\\\/#breadcrumb\",\"itemListElement\":[{\"@type\":\"ListItem\",\"position\":1,\"name\":\"Portada\",\"item\":\"https:\\\/\\\/exaudi.org\\\/es\\\/\"},{\"@type\":\"ListItem\",\"position\":2,\"name\":\"Hermana Zully: Ministerio de mujeres, \u201cfecundado por esp\u00edritu misionero\u201d\"}]},{\"@type\":\"WebSite\",\"@id\":\"https:\\\/\\\/exaudi.org\\\/#website\",\"url\":\"https:\\\/\\\/exaudi.org\\\/\",\"name\":\"Exaudi\",\"description\":\"News\",\"potentialAction\":[{\"@type\":\"SearchAction\",\"target\":{\"@type\":\"EntryPoint\",\"urlTemplate\":\"https:\\\/\\\/exaudi.org\\\/?s={search_term_string}\"},\"query-input\":{\"@type\":\"PropertyValueSpecification\",\"valueRequired\":true,\"valueName\":\"search_term_string\"}}],\"inLanguage\":\"es\"},{\"@type\":\"Person\",\"@id\":\"https:\\\/\\\/exaudi.org\\\/#\\\/schema\\\/person\\\/7d2f77db033c2c0929edfab6dbe8c588\",\"name\":\"Larissa I. L\u00f3pez\",\"image\":{\"@type\":\"ImageObject\",\"inLanguage\":\"es\",\"@id\":\"https:\\\/\\\/secure.gravatar.com\\\/avatar\\\/db3ef399ff343d0bb9d25dc5198bc8ece5ac6d621eca79876697a354dabc1e3f?s=96&d=mm&r=g\",\"url\":\"https:\\\/\\\/secure.gravatar.com\\\/avatar\\\/db3ef399ff343d0bb9d25dc5198bc8ece5ac6d621eca79876697a354dabc1e3f?s=96&d=mm&r=g\",\"contentUrl\":\"https:\\\/\\\/secure.gravatar.com\\\/avatar\\\/db3ef399ff343d0bb9d25dc5198bc8ece5ac6d621eca79876697a354dabc1e3f?s=96&d=mm&r=g\",\"caption\":\"Larissa I. L\u00f3pez\"},\"description\":\"Doctora en Comunicaci\u00f3n. Mi trayectoria profesional ha transcurrido entre el \u00e1mbito de la comunicaci\u00f3n y el de la docencia. En los \u00faltimos a\u00f1os, he trabajado como coordinadora y redactora de la edici\u00f3n de ZENIT en espa\u00f1ol. Como profesora, he impartido clases en la universidad y en centros de FP y bachillerato. Cordobesa de nacimiento, tambi\u00e9n he vivido en Sevilla, Madrid y Roma\",\"url\":\"https:\\\/\\\/exaudi.org\\\/es\\\/author\\\/llopezexaudi-org\\\/\"}]}<\/script>\n<!-- \/ Yoast SEO plugin. -->","yoast_head_json":{"title":"Hermana Zully: Ministerio de mujeres, \u201cfecundado por esp\u00edritu misionero\u201d &#8211; Exaudi","description":"La religiosa misionera peruana Zully Rojas, destaca que \u201cel ministerio de mujeres ind\u00edgenas ha sido fecundado por esp\u00edritu misionero\u201d.","robots":{"index":"index","follow":"follow","max-snippet":"max-snippet:-1","max-image-preview":"max-image-preview:large","max-video-preview":"max-video-preview:-1"},"canonical":"https:\/\/exaudi.org\/es\/hermana-zully-rojas-ministerio-de-mujeres-espiritu-misionero\/","og_locale":"es_ES","og_type":"article","og_title":"Hermana Zully: Ministerio de mujeres, \u201cfecundado por esp\u00edritu misionero\u201d &#8211; Exaudi","og_description":"La religiosa misionera peruana Zully Rojas, destaca que \u201cel ministerio de mujeres ind\u00edgenas ha sido fecundado por esp\u00edritu misionero\u201d.","og_url":"https:\/\/exaudi.org\/es\/hermana-zully-rojas-ministerio-de-mujeres-espiritu-misionero\/","og_site_name":"Exaudi","article_publisher":"https:\/\/www.facebook.com\/ExaudiNews","article_published_time":"2021-07-05T15:21:42+00:00","article_modified_time":"2021-07-06T15:32:37+00:00","og_image":[{"width":1280,"height":960,"url":"https:\/\/exaudi.org\/wp-content\/uploads\/2021\/07\/Hermana-Zully-Rojas.jpeg","type":"image\/jpeg"}],"author":"Larissa I. L\u00f3pez","twitter_card":"summary_large_image","twitter_creator":"@Exaudi_News","twitter_site":"@Exaudi_News","twitter_misc":{"Escrito por":"Larissa I. L\u00f3pez","Tiempo de lectura":"3 minutos"},"schema":{"@context":"https:\/\/schema.org","@graph":[{"@type":"Article","@id":"https:\/\/exaudi.org\/es\/hermana-zully-rojas-ministerio-de-mujeres-espiritu-misionero\/#article","isPartOf":{"@id":"https:\/\/exaudi.org\/es\/hermana-zully-rojas-ministerio-de-mujeres-espiritu-misionero\/"},"author":{"name":"Larissa I. L\u00f3pez","@id":"https:\/\/exaudi.org\/#\/schema\/person\/7d2f77db033c2c0929edfab6dbe8c588"},"headline":"Hermana Zully: Ministerio de mujeres, \u201cfecundado por esp\u00edritu misionero\u201d","datePublished":"2021-07-05T15:21:42+00:00","dateModified":"2021-07-06T15:32:37+00:00","mainEntityOfPage":{"@id":"https:\/\/exaudi.org\/es\/hermana-zully-rojas-ministerio-de-mujeres-espiritu-misionero\/"},"wordCount":663,"commentCount":0,"image":{"@id":"https:\/\/exaudi.org\/es\/hermana-zully-rojas-ministerio-de-mujeres-espiritu-misionero\/#primaryimage"},"thumbnailUrl":"https:\/\/exaudi.org\/wp-content\/uploads\/2021\/07\/Hermana-Zully-Rojas.jpeg","keywords":["Amazon\u00eda","Hermana Zully Rojas","Ministerios femeninos","Misi\u00f3n"],"articleSection":["Iglesia Local","Testimonios","\u00daltimas noticias"],"inLanguage":"es","potentialAction":[{"@type":"CommentAction","name":"Comment","target":["https:\/\/exaudi.org\/es\/hermana-zully-rojas-ministerio-de-mujeres-espiritu-misionero\/#respond"]}]},{"@type":"WebPage","@id":"https:\/\/exaudi.org\/es\/hermana-zully-rojas-ministerio-de-mujeres-espiritu-misionero\/","url":"https:\/\/exaudi.org\/es\/hermana-zully-rojas-ministerio-de-mujeres-espiritu-misionero\/","name":"Hermana Zully: Ministerio de mujeres, \u201cfecundado por esp\u00edritu misionero\u201d &#8211; Exaudi","isPartOf":{"@id":"https:\/\/exaudi.org\/#website"},"primaryImageOfPage":{"@id":"https:\/\/exaudi.org\/es\/hermana-zully-rojas-ministerio-de-mujeres-espiritu-misionero\/#primaryimage"},"image":{"@id":"https:\/\/exaudi.org\/es\/hermana-zully-rojas-ministerio-de-mujeres-espiritu-misionero\/#primaryimage"},"thumbnailUrl":"https:\/\/exaudi.org\/wp-content\/uploads\/2021\/07\/Hermana-Zully-Rojas.jpeg","datePublished":"2021-07-05T15:21:42+00:00","dateModified":"2021-07-06T15:32:37+00:00","author":{"@id":"https:\/\/exaudi.org\/#\/schema\/person\/7d2f77db033c2c0929edfab6dbe8c588"},"description":"La religiosa misionera peruana Zully Rojas, destaca que \u201cel ministerio de mujeres ind\u00edgenas ha sido fecundado por esp\u00edritu misionero\u201d.","breadcrumb":{"@id":"https:\/\/exaudi.org\/es\/hermana-zully-rojas-ministerio-de-mujeres-espiritu-misionero\/#breadcrumb"},"inLanguage":"es","potentialAction":[{"@type":"ReadAction","target":["https:\/\/exaudi.org\/es\/hermana-zully-rojas-ministerio-de-mujeres-espiritu-misionero\/"]}]},{"@type":"ImageObject","inLanguage":"es","@id":"https:\/\/exaudi.org\/es\/hermana-zully-rojas-ministerio-de-mujeres-espiritu-misionero\/#primaryimage","url":"https:\/\/exaudi.org\/wp-content\/uploads\/2021\/07\/Hermana-Zully-Rojas.jpeg","contentUrl":"https:\/\/exaudi.org\/wp-content\/uploads\/2021\/07\/Hermana-Zully-Rojas.jpeg","width":1280,"height":960,"caption":"Hermana Zully Rojas \u00a9 CELAM"},{"@type":"BreadcrumbList","@id":"https:\/\/exaudi.org\/es\/hermana-zully-rojas-ministerio-de-mujeres-espiritu-misionero\/#breadcrumb","itemListElement":[{"@type":"ListItem","position":1,"name":"Portada","item":"https:\/\/exaudi.org\/es\/"},{"@type":"ListItem","position":2,"name":"Hermana Zully: Ministerio de mujeres, \u201cfecundado por esp\u00edritu misionero\u201d"}]},{"@type":"WebSite","@id":"https:\/\/exaudi.org\/#website","url":"https:\/\/exaudi.org\/","name":"Exaudi","description":"News","potentialAction":[{"@type":"SearchAction","target":{"@type":"EntryPoint","urlTemplate":"https:\/\/exaudi.org\/?s={search_term_string}"},"query-input":{"@type":"PropertyValueSpecification","valueRequired":true,"valueName":"search_term_string"}}],"inLanguage":"es"},{"@type":"Person","@id":"https:\/\/exaudi.org\/#\/schema\/person\/7d2f77db033c2c0929edfab6dbe8c588","name":"Larissa I. L\u00f3pez","image":{"@type":"ImageObject","inLanguage":"es","@id":"https:\/\/secure.gravatar.com\/avatar\/db3ef399ff343d0bb9d25dc5198bc8ece5ac6d621eca79876697a354dabc1e3f?s=96&d=mm&r=g","url":"https:\/\/secure.gravatar.com\/avatar\/db3ef399ff343d0bb9d25dc5198bc8ece5ac6d621eca79876697a354dabc1e3f?s=96&d=mm&r=g","contentUrl":"https:\/\/secure.gravatar.com\/avatar\/db3ef399ff343d0bb9d25dc5198bc8ece5ac6d621eca79876697a354dabc1e3f?s=96&d=mm&r=g","caption":"Larissa I. L\u00f3pez"},"description":"Doctora en Comunicaci\u00f3n. Mi trayectoria profesional ha transcurrido entre el \u00e1mbito de la comunicaci\u00f3n y el de la docencia. En los \u00faltimos a\u00f1os, he trabajado como coordinadora y redactora de la edici\u00f3n de ZENIT en espa\u00f1ol. Como profesora, he impartido clases en la universidad y en centros de FP y bachillerato. Cordobesa de nacimiento, tambi\u00e9n he vivido en Sevilla, Madrid y Roma","url":"https:\/\/exaudi.org\/es\/author\/llopezexaudi-org\/"}]}},"jetpack_featured_media_url":"https:\/\/exaudi.org\/wp-content\/uploads\/2021\/07\/Hermana-Zully-Rojas.jpeg","jetpack_shortlink":"https:\/\/wp.me\/pgKjF2-6Mq","_links":{"self":[{"href":"https:\/\/exaudi.org\/es\/wp-json\/wp\/v2\/posts\/26066","targetHints":{"allow":["GET"]}}],"collection":[{"href":"https:\/\/exaudi.org\/es\/wp-json\/wp\/v2\/posts"}],"about":[{"href":"https:\/\/exaudi.org\/es\/wp-json\/wp\/v2\/types\/post"}],"author":[{"embeddable":true,"href":"https:\/\/exaudi.org\/es\/wp-json\/wp\/v2\/users\/5"}],"replies":[{"embeddable":true,"href":"https:\/\/exaudi.org\/es\/wp-json\/wp\/v2\/comments?post=26066"}],"version-history":[{"count":0,"href":"https:\/\/exaudi.org\/es\/wp-json\/wp\/v2\/posts\/26066\/revisions"}],"wp:featuredmedia":[{"embeddable":true,"href":"https:\/\/exaudi.org\/es\/wp-json\/wp\/v2\/media\/26068"}],"wp:attachment":[{"href":"https:\/\/exaudi.org\/es\/wp-json\/wp\/v2\/media?parent=26066"}],"wp:term":[{"taxonomy":"category","embeddable":true,"href":"https:\/\/exaudi.org\/es\/wp-json\/wp\/v2\/categories?post=26066"},{"taxonomy":"post_tag","embeddable":true,"href":"https:\/\/exaudi.org\/es\/wp-json\/wp\/v2\/tags?post=26066"}],"curies":[{"name":"wp","href":"https:\/\/api.w.org\/{rel}","templated":true}]}}