{"id":26037,"date":"2021-07-05T13:52:49","date_gmt":"2021-07-05T11:52:49","guid":{"rendered":"https:\/\/exaudi.org\/?p=26037"},"modified":"2021-07-05T13:58:35","modified_gmt":"2021-07-05T11:58:35","slug":"ecuador-obispo-tulcan-vicario-esmeraldas","status":"publish","type":"post","link":"https:\/\/exaudi.org\/es\/ecuador-obispo-tulcan-vicario-esmeraldas\/","title":{"rendered":"Ecuador: Nombrados obispo de Tulc\u00e1n y vicario de Esmeraldas"},"content":{"rendered":"<p>El Papa Francisco ha nombrado obispo de la <a href=\"https:\/\/www.facebook.com\/Di%C3%B3cesis-de-Tulc%C3%A1n-353664418377575\/\" target=\"_blank\" rel=\"noopener noreferrer\">di\u00f3cesis de Tulc\u00e1n<\/a>, Ecuador, a monse\u00f1or Luis Bernardino N\u00fa\u00f1ez Villac\u00eds y vicario apost\u00f3lico de Esmeraldas, Ecuador, a monse\u00f1or Antonio Crameri. Previamente, el Santo Padre ha aceptado la renuncia al gobierno pastoral del mismo vicariato apost\u00f3lico presentada por Mons. Eugenio Arellano Fern\u00e1ndez.<\/p>\n<p>As\u00ed ha informado hoy, 5 de julio de 2021, la Oficina de Prensa de la Santa Sede.<\/p>\n<h4><strong>Mons. Luis Bernardino N\u00fa\u00f1ez Villac\u00eds\u00a0<\/strong><\/h4>\n<p>Naci\u00f3 el 27 de mayo de 1963 en San Juan Bautista de Ambato, en la di\u00f3cesis de Ambato. Asisti\u00f3 al Seminario Mayor San Jos\u00e9 de Quito\u00a0y complet\u00f3 sus estudios eclesi\u00e1sticos de Filosof\u00eda y Teolog\u00eda en la\u00a0Pontificia Universidad Cat\u00f3lica del Ecuador\u00a0(1983-1990), donde posteriormente obtuvo un m\u00e1ster en Teolog\u00eda. Adem\u00e1s, se licenci\u00f3 en Teolog\u00eda Pastoral en la\u00a0Facultad de Teolog\u00eda del Triveneto\u00a0de Padua (2006) y realiz\u00f3 cursos de Misionolog\u00eda y Pastoral Familiar en\u00a0el Instituto Teol\u00f3gico Pastoral para Am\u00e9rica Latina (ITEPAL)\u00a0de Bogot\u00e1 (Colombia).<\/p>\n<p>Fue ordenado sacerdote el 29 de junio de 1990, incardinado en la di\u00f3cesis de Ambato, donde fue p\u00e1rroco en varias parroquias, profesor en el\u00a0Seminario Mayor Cristo Sacerdote, vicerrector del\u00a0Seminario Menor San P\u00edo X, vicario de Pastoral Rural y miembro del Consejo Presbiteral. Hasta ahora ha sido vicario general de la di\u00f3cesis de Ambato y p\u00e1rroco de\u00a0San Antonio de Padua\u00a0en Ambato.<\/p>\n<h4><strong>Mons. Antonio Crameri<\/strong><\/h4>\n<p>Naci\u00f3 en Locardo, Cant\u00f3n Ticino (Suiza), el 4 de enero de 1969. Ingres\u00f3 en el Seminario de la Sociedad de Sacerdotes de San Jos\u00e9 Cottolengo en Tur\u00edn y recibi\u00f3 la ordenaci\u00f3n sacerdotal el 8 de junio de 1996, incardin\u00e1ndose en la Sociedad de palabra. Obtuvo la Licenciatura en Teolog\u00eda de la Pastoral de la Salud en el Instituto Internacional de Teolog\u00eda de la Pastoral de la Salud <em>Camillianum<\/em> Roma, Italia.<\/p>\n<p>En Italia ha ocupado los siguientes cargos: colaborador en la comunidad de recuperaci\u00f3n de Pinerolo y en la comunidad de La Verbena para el tratamiento de drogodependientes; profesor sustituto en el Seminario de la Piccola Casa de Tur\u00edn.<\/p>\n<p>Al llegar al Ecuador fue p\u00e1rroco de Santa Marianita en la Misi\u00f3n de Esmeraldas, coordinador de catequesis, miembro del consejo presbiteral y responsable de la formaci\u00f3n de di\u00e1conos permanentes (2002-2016). Tambi\u00e9n ejerci\u00f3 como p\u00e1rroco de San Agust\u00edn en Flavio Alfaro y de Novillo en la archidi\u00f3cesis de Portoviejo. El Papa Francisco lo nombr\u00f3 obispo auxiliar de Guayaquil, Ecuador, el 20 de diciembre de 2019.<\/p>\n","protected":false},"excerpt":{"rendered":"<p>Por el Santo Padre<\/p>\n","protected":false},"author":5,"featured_media":26038,"comment_status":"open","ping_status":"open","sticky":false,"template":"","format":"standard","meta":{"_acf_changed":false,"_crdt_document":"","inline_featured_image":false,"footnotes":""},"categories":[86,298],"tags":[1058],"class_list":["post-26037","post","type-post","status-publish","format-standard","has-post-thumbnail","hentry","category-iglesia-local","category-ultimas-noticias","tag-ecuador-es"],"acf":[],"yoast_head":"<!-- This site is optimized with the Yoast SEO plugin v27.5 - https:\/\/yoast.com\/product\/yoast-seo-wordpress\/ -->\n<title>Ecuador: Nombrados obispo de Tulc\u00e1n y vicario de Esmeraldas &#8211; Exaudi<\/title>\n<meta name=\"description\" content=\"Ecuador: El Papa Francisco ha nombrado al obispo de Tulc\u00e1n, Mons. N\u00fa\u00f1ez Villac\u00eds\u00a0 y al vicario apost\u00f3lico de Esmeraldas, Mons. Crameri\" \/>\n<meta name=\"robots\" content=\"index, follow, max-snippet:-1, max-image-preview:large, max-video-preview:-1\" \/>\n<link rel=\"canonical\" href=\"https:\/\/exaudi.org\/es\/ecuador-obispo-tulcan-vicario-esmeraldas\/\" \/>\n<meta property=\"og:locale\" content=\"es_ES\" \/>\n<meta property=\"og:type\" content=\"article\" \/>\n<meta property=\"og:title\" content=\"Ecuador: Nombrados obispo de Tulc\u00e1n y vicario de Esmeraldas &#8211; Exaudi\" \/>\n<meta property=\"og:description\" content=\"Ecuador: El Papa Francisco ha nombrado al obispo de Tulc\u00e1n, Mons. N\u00fa\u00f1ez Villac\u00eds\u00a0 y al vicario apost\u00f3lico de Esmeraldas, Mons. Crameri\" \/>\n<meta property=\"og:url\" content=\"https:\/\/exaudi.org\/es\/ecuador-obispo-tulcan-vicario-esmeraldas\/\" \/>\n<meta property=\"og:site_name\" content=\"Exaudi\" \/>\n<meta property=\"article:publisher\" content=\"https:\/\/www.facebook.com\/ExaudiNews\" \/>\n<meta property=\"article:published_time\" content=\"2021-07-05T11:52:49+00:00\" \/>\n<meta property=\"article:modified_time\" content=\"2021-07-05T11:58:35+00:00\" \/>\n<meta property=\"og:image\" content=\"https:\/\/exaudi.org\/wp-content\/uploads\/2021\/07\/Mons.-Antonio-Crameri.png\" \/>\n\t<meta property=\"og:image:width\" content=\"854\" \/>\n\t<meta property=\"og:image:height\" content=\"885\" \/>\n\t<meta property=\"og:image:type\" content=\"image\/png\" \/>\n<meta name=\"author\" content=\"Larissa I. L\u00f3pez\" \/>\n<meta name=\"twitter:card\" content=\"summary_large_image\" \/>\n<meta name=\"twitter:creator\" content=\"@Exaudi_News\" \/>\n<meta name=\"twitter:site\" content=\"@Exaudi_News\" \/>\n<meta name=\"twitter:label1\" content=\"Escrito por\" \/>\n\t<meta name=\"twitter:data1\" content=\"Larissa I. L\u00f3pez\" \/>\n\t<meta name=\"twitter:label2\" content=\"Tiempo de lectura\" \/>\n\t<meta name=\"twitter:data2\" content=\"2 minutos\" \/>\n<script type=\"application\/ld+json\" class=\"yoast-schema-graph\">{\"@context\":\"https:\\\/\\\/schema.org\",\"@graph\":[{\"@type\":\"Article\",\"@id\":\"https:\\\/\\\/exaudi.org\\\/es\\\/ecuador-obispo-tulcan-vicario-esmeraldas\\\/#article\",\"isPartOf\":{\"@id\":\"https:\\\/\\\/exaudi.org\\\/es\\\/ecuador-obispo-tulcan-vicario-esmeraldas\\\/\"},\"author\":{\"name\":\"Larissa I. L\u00f3pez\",\"@id\":\"https:\\\/\\\/exaudi.org\\\/#\\\/schema\\\/person\\\/7d2f77db033c2c0929edfab6dbe8c588\"},\"headline\":\"Ecuador: Nombrados obispo de Tulc\u00e1n y vicario de Esmeraldas\",\"datePublished\":\"2021-07-05T11:52:49+00:00\",\"dateModified\":\"2021-07-05T11:58:35+00:00\",\"mainEntityOfPage\":{\"@id\":\"https:\\\/\\\/exaudi.org\\\/es\\\/ecuador-obispo-tulcan-vicario-esmeraldas\\\/\"},\"wordCount\":438,\"commentCount\":0,\"image\":{\"@id\":\"https:\\\/\\\/exaudi.org\\\/es\\\/ecuador-obispo-tulcan-vicario-esmeraldas\\\/#primaryimage\"},\"thumbnailUrl\":\"https:\\\/\\\/exaudi.org\\\/wp-content\\\/uploads\\\/2021\\\/07\\\/Mons.-Antonio-Crameri.png\",\"keywords\":[\"ecuador\"],\"articleSection\":[\"Iglesia Local\",\"\u00daltimas noticias\"],\"inLanguage\":\"es\",\"potentialAction\":[{\"@type\":\"CommentAction\",\"name\":\"Comment\",\"target\":[\"https:\\\/\\\/exaudi.org\\\/es\\\/ecuador-obispo-tulcan-vicario-esmeraldas\\\/#respond\"]}]},{\"@type\":\"WebPage\",\"@id\":\"https:\\\/\\\/exaudi.org\\\/es\\\/ecuador-obispo-tulcan-vicario-esmeraldas\\\/\",\"url\":\"https:\\\/\\\/exaudi.org\\\/es\\\/ecuador-obispo-tulcan-vicario-esmeraldas\\\/\",\"name\":\"Ecuador: Nombrados obispo de Tulc\u00e1n y vicario de Esmeraldas &#8211; Exaudi\",\"isPartOf\":{\"@id\":\"https:\\\/\\\/exaudi.org\\\/#website\"},\"primaryImageOfPage\":{\"@id\":\"https:\\\/\\\/exaudi.org\\\/es\\\/ecuador-obispo-tulcan-vicario-esmeraldas\\\/#primaryimage\"},\"image\":{\"@id\":\"https:\\\/\\\/exaudi.org\\\/es\\\/ecuador-obispo-tulcan-vicario-esmeraldas\\\/#primaryimage\"},\"thumbnailUrl\":\"https:\\\/\\\/exaudi.org\\\/wp-content\\\/uploads\\\/2021\\\/07\\\/Mons.-Antonio-Crameri.png\",\"datePublished\":\"2021-07-05T11:52:49+00:00\",\"dateModified\":\"2021-07-05T11:58:35+00:00\",\"author\":{\"@id\":\"https:\\\/\\\/exaudi.org\\\/#\\\/schema\\\/person\\\/7d2f77db033c2c0929edfab6dbe8c588\"},\"description\":\"Ecuador: El Papa Francisco ha nombrado al obispo de Tulc\u00e1n, Mons. N\u00fa\u00f1ez Villac\u00eds\u00a0 y al vicario apost\u00f3lico de Esmeraldas, Mons. Crameri\",\"breadcrumb\":{\"@id\":\"https:\\\/\\\/exaudi.org\\\/es\\\/ecuador-obispo-tulcan-vicario-esmeraldas\\\/#breadcrumb\"},\"inLanguage\":\"es\",\"potentialAction\":[{\"@type\":\"ReadAction\",\"target\":[\"https:\\\/\\\/exaudi.org\\\/es\\\/ecuador-obispo-tulcan-vicario-esmeraldas\\\/\"]}]},{\"@type\":\"ImageObject\",\"inLanguage\":\"es\",\"@id\":\"https:\\\/\\\/exaudi.org\\\/es\\\/ecuador-obispo-tulcan-vicario-esmeraldas\\\/#primaryimage\",\"url\":\"https:\\\/\\\/exaudi.org\\\/wp-content\\\/uploads\\\/2021\\\/07\\\/Mons.-Antonio-Crameri.png\",\"contentUrl\":\"https:\\\/\\\/exaudi.org\\\/wp-content\\\/uploads\\\/2021\\\/07\\\/Mons.-Antonio-Crameri.png\",\"width\":854,\"height\":885,\"caption\":\"Monse\u00f1or Antonio Crameri \u00a9 Arquidi\u00f3cesis de Guayaquil\"},{\"@type\":\"BreadcrumbList\",\"@id\":\"https:\\\/\\\/exaudi.org\\\/es\\\/ecuador-obispo-tulcan-vicario-esmeraldas\\\/#breadcrumb\",\"itemListElement\":[{\"@type\":\"ListItem\",\"position\":1,\"name\":\"Portada\",\"item\":\"https:\\\/\\\/exaudi.org\\\/es\\\/\"},{\"@type\":\"ListItem\",\"position\":2,\"name\":\"Ecuador: Nombrados obispo de Tulc\u00e1n y vicario de Esmeraldas\"}]},{\"@type\":\"WebSite\",\"@id\":\"https:\\\/\\\/exaudi.org\\\/#website\",\"url\":\"https:\\\/\\\/exaudi.org\\\/\",\"name\":\"Exaudi\",\"description\":\"News\",\"potentialAction\":[{\"@type\":\"SearchAction\",\"target\":{\"@type\":\"EntryPoint\",\"urlTemplate\":\"https:\\\/\\\/exaudi.org\\\/?s={search_term_string}\"},\"query-input\":{\"@type\":\"PropertyValueSpecification\",\"valueRequired\":true,\"valueName\":\"search_term_string\"}}],\"inLanguage\":\"es\"},{\"@type\":\"Person\",\"@id\":\"https:\\\/\\\/exaudi.org\\\/#\\\/schema\\\/person\\\/7d2f77db033c2c0929edfab6dbe8c588\",\"name\":\"Larissa I. L\u00f3pez\",\"image\":{\"@type\":\"ImageObject\",\"inLanguage\":\"es\",\"@id\":\"https:\\\/\\\/secure.gravatar.com\\\/avatar\\\/db3ef399ff343d0bb9d25dc5198bc8ece5ac6d621eca79876697a354dabc1e3f?s=96&d=mm&r=g\",\"url\":\"https:\\\/\\\/secure.gravatar.com\\\/avatar\\\/db3ef399ff343d0bb9d25dc5198bc8ece5ac6d621eca79876697a354dabc1e3f?s=96&d=mm&r=g\",\"contentUrl\":\"https:\\\/\\\/secure.gravatar.com\\\/avatar\\\/db3ef399ff343d0bb9d25dc5198bc8ece5ac6d621eca79876697a354dabc1e3f?s=96&d=mm&r=g\",\"caption\":\"Larissa I. L\u00f3pez\"},\"description\":\"Doctora en Comunicaci\u00f3n. Mi trayectoria profesional ha transcurrido entre el \u00e1mbito de la comunicaci\u00f3n y el de la docencia. En los \u00faltimos a\u00f1os, he trabajado como coordinadora y redactora de la edici\u00f3n de ZENIT en espa\u00f1ol. Como profesora, he impartido clases en la universidad y en centros de FP y bachillerato. Cordobesa de nacimiento, tambi\u00e9n he vivido en Sevilla, Madrid y Roma\",\"url\":\"https:\\\/\\\/exaudi.org\\\/es\\\/author\\\/llopezexaudi-org\\\/\"}]}<\/script>\n<!-- \/ Yoast SEO plugin. -->","yoast_head_json":{"title":"Ecuador: Nombrados obispo de Tulc\u00e1n y vicario de Esmeraldas &#8211; Exaudi","description":"Ecuador: El Papa Francisco ha nombrado al obispo de Tulc\u00e1n, Mons. N\u00fa\u00f1ez Villac\u00eds\u00a0 y al vicario apost\u00f3lico de Esmeraldas, Mons. Crameri","robots":{"index":"index","follow":"follow","max-snippet":"max-snippet:-1","max-image-preview":"max-image-preview:large","max-video-preview":"max-video-preview:-1"},"canonical":"https:\/\/exaudi.org\/es\/ecuador-obispo-tulcan-vicario-esmeraldas\/","og_locale":"es_ES","og_type":"article","og_title":"Ecuador: Nombrados obispo de Tulc\u00e1n y vicario de Esmeraldas &#8211; Exaudi","og_description":"Ecuador: El Papa Francisco ha nombrado al obispo de Tulc\u00e1n, Mons. N\u00fa\u00f1ez Villac\u00eds\u00a0 y al vicario apost\u00f3lico de Esmeraldas, Mons. Crameri","og_url":"https:\/\/exaudi.org\/es\/ecuador-obispo-tulcan-vicario-esmeraldas\/","og_site_name":"Exaudi","article_publisher":"https:\/\/www.facebook.com\/ExaudiNews","article_published_time":"2021-07-05T11:52:49+00:00","article_modified_time":"2021-07-05T11:58:35+00:00","og_image":[{"width":854,"height":885,"url":"https:\/\/exaudi.org\/wp-content\/uploads\/2021\/07\/Mons.-Antonio-Crameri.png","type":"image\/png"}],"author":"Larissa I. L\u00f3pez","twitter_card":"summary_large_image","twitter_creator":"@Exaudi_News","twitter_site":"@Exaudi_News","twitter_misc":{"Escrito por":"Larissa I. L\u00f3pez","Tiempo de lectura":"2 minutos"},"schema":{"@context":"https:\/\/schema.org","@graph":[{"@type":"Article","@id":"https:\/\/exaudi.org\/es\/ecuador-obispo-tulcan-vicario-esmeraldas\/#article","isPartOf":{"@id":"https:\/\/exaudi.org\/es\/ecuador-obispo-tulcan-vicario-esmeraldas\/"},"author":{"name":"Larissa I. L\u00f3pez","@id":"https:\/\/exaudi.org\/#\/schema\/person\/7d2f77db033c2c0929edfab6dbe8c588"},"headline":"Ecuador: Nombrados obispo de Tulc\u00e1n y vicario de Esmeraldas","datePublished":"2021-07-05T11:52:49+00:00","dateModified":"2021-07-05T11:58:35+00:00","mainEntityOfPage":{"@id":"https:\/\/exaudi.org\/es\/ecuador-obispo-tulcan-vicario-esmeraldas\/"},"wordCount":438,"commentCount":0,"image":{"@id":"https:\/\/exaudi.org\/es\/ecuador-obispo-tulcan-vicario-esmeraldas\/#primaryimage"},"thumbnailUrl":"https:\/\/exaudi.org\/wp-content\/uploads\/2021\/07\/Mons.-Antonio-Crameri.png","keywords":["ecuador"],"articleSection":["Iglesia Local","\u00daltimas noticias"],"inLanguage":"es","potentialAction":[{"@type":"CommentAction","name":"Comment","target":["https:\/\/exaudi.org\/es\/ecuador-obispo-tulcan-vicario-esmeraldas\/#respond"]}]},{"@type":"WebPage","@id":"https:\/\/exaudi.org\/es\/ecuador-obispo-tulcan-vicario-esmeraldas\/","url":"https:\/\/exaudi.org\/es\/ecuador-obispo-tulcan-vicario-esmeraldas\/","name":"Ecuador: Nombrados obispo de Tulc\u00e1n y vicario de Esmeraldas &#8211; Exaudi","isPartOf":{"@id":"https:\/\/exaudi.org\/#website"},"primaryImageOfPage":{"@id":"https:\/\/exaudi.org\/es\/ecuador-obispo-tulcan-vicario-esmeraldas\/#primaryimage"},"image":{"@id":"https:\/\/exaudi.org\/es\/ecuador-obispo-tulcan-vicario-esmeraldas\/#primaryimage"},"thumbnailUrl":"https:\/\/exaudi.org\/wp-content\/uploads\/2021\/07\/Mons.-Antonio-Crameri.png","datePublished":"2021-07-05T11:52:49+00:00","dateModified":"2021-07-05T11:58:35+00:00","author":{"@id":"https:\/\/exaudi.org\/#\/schema\/person\/7d2f77db033c2c0929edfab6dbe8c588"},"description":"Ecuador: El Papa Francisco ha nombrado al obispo de Tulc\u00e1n, Mons. N\u00fa\u00f1ez Villac\u00eds\u00a0 y al vicario apost\u00f3lico de Esmeraldas, Mons. Crameri","breadcrumb":{"@id":"https:\/\/exaudi.org\/es\/ecuador-obispo-tulcan-vicario-esmeraldas\/#breadcrumb"},"inLanguage":"es","potentialAction":[{"@type":"ReadAction","target":["https:\/\/exaudi.org\/es\/ecuador-obispo-tulcan-vicario-esmeraldas\/"]}]},{"@type":"ImageObject","inLanguage":"es","@id":"https:\/\/exaudi.org\/es\/ecuador-obispo-tulcan-vicario-esmeraldas\/#primaryimage","url":"https:\/\/exaudi.org\/wp-content\/uploads\/2021\/07\/Mons.-Antonio-Crameri.png","contentUrl":"https:\/\/exaudi.org\/wp-content\/uploads\/2021\/07\/Mons.-Antonio-Crameri.png","width":854,"height":885,"caption":"Monse\u00f1or Antonio Crameri \u00a9 Arquidi\u00f3cesis de Guayaquil"},{"@type":"BreadcrumbList","@id":"https:\/\/exaudi.org\/es\/ecuador-obispo-tulcan-vicario-esmeraldas\/#breadcrumb","itemListElement":[{"@type":"ListItem","position":1,"name":"Portada","item":"https:\/\/exaudi.org\/es\/"},{"@type":"ListItem","position":2,"name":"Ecuador: Nombrados obispo de Tulc\u00e1n y vicario de Esmeraldas"}]},{"@type":"WebSite","@id":"https:\/\/exaudi.org\/#website","url":"https:\/\/exaudi.org\/","name":"Exaudi","description":"News","potentialAction":[{"@type":"SearchAction","target":{"@type":"EntryPoint","urlTemplate":"https:\/\/exaudi.org\/?s={search_term_string}"},"query-input":{"@type":"PropertyValueSpecification","valueRequired":true,"valueName":"search_term_string"}}],"inLanguage":"es"},{"@type":"Person","@id":"https:\/\/exaudi.org\/#\/schema\/person\/7d2f77db033c2c0929edfab6dbe8c588","name":"Larissa I. L\u00f3pez","image":{"@type":"ImageObject","inLanguage":"es","@id":"https:\/\/secure.gravatar.com\/avatar\/db3ef399ff343d0bb9d25dc5198bc8ece5ac6d621eca79876697a354dabc1e3f?s=96&d=mm&r=g","url":"https:\/\/secure.gravatar.com\/avatar\/db3ef399ff343d0bb9d25dc5198bc8ece5ac6d621eca79876697a354dabc1e3f?s=96&d=mm&r=g","contentUrl":"https:\/\/secure.gravatar.com\/avatar\/db3ef399ff343d0bb9d25dc5198bc8ece5ac6d621eca79876697a354dabc1e3f?s=96&d=mm&r=g","caption":"Larissa I. L\u00f3pez"},"description":"Doctora en Comunicaci\u00f3n. Mi trayectoria profesional ha transcurrido entre el \u00e1mbito de la comunicaci\u00f3n y el de la docencia. En los \u00faltimos a\u00f1os, he trabajado como coordinadora y redactora de la edici\u00f3n de ZENIT en espa\u00f1ol. Como profesora, he impartido clases en la universidad y en centros de FP y bachillerato. Cordobesa de nacimiento, tambi\u00e9n he vivido en Sevilla, Madrid y Roma","url":"https:\/\/exaudi.org\/es\/author\/llopezexaudi-org\/"}]}},"jetpack_featured_media_url":"https:\/\/exaudi.org\/wp-content\/uploads\/2021\/07\/Mons.-Antonio-Crameri.png","jetpack_shortlink":"https:\/\/wp.me\/pgKjF2-6LX","_links":{"self":[{"href":"https:\/\/exaudi.org\/es\/wp-json\/wp\/v2\/posts\/26037","targetHints":{"allow":["GET"]}}],"collection":[{"href":"https:\/\/exaudi.org\/es\/wp-json\/wp\/v2\/posts"}],"about":[{"href":"https:\/\/exaudi.org\/es\/wp-json\/wp\/v2\/types\/post"}],"author":[{"embeddable":true,"href":"https:\/\/exaudi.org\/es\/wp-json\/wp\/v2\/users\/5"}],"replies":[{"embeddable":true,"href":"https:\/\/exaudi.org\/es\/wp-json\/wp\/v2\/comments?post=26037"}],"version-history":[{"count":0,"href":"https:\/\/exaudi.org\/es\/wp-json\/wp\/v2\/posts\/26037\/revisions"}],"wp:featuredmedia":[{"embeddable":true,"href":"https:\/\/exaudi.org\/es\/wp-json\/wp\/v2\/media\/26038"}],"wp:attachment":[{"href":"https:\/\/exaudi.org\/es\/wp-json\/wp\/v2\/media?parent=26037"}],"wp:term":[{"taxonomy":"category","embeddable":true,"href":"https:\/\/exaudi.org\/es\/wp-json\/wp\/v2\/categories?post=26037"},{"taxonomy":"post_tag","embeddable":true,"href":"https:\/\/exaudi.org\/es\/wp-json\/wp\/v2\/tags?post=26037"}],"curies":[{"name":"wp","href":"https:\/\/api.w.org\/{rel}","templated":true}]}}