{"id":25206,"date":"2021-06-30T15:03:43","date_gmt":"2021-06-30T13:03:43","guid":{"rendered":"https:\/\/exaudi.org\/?p=25206"},"modified":"2021-07-02T09:41:48","modified_gmt":"2021-07-02T07:41:48","slug":"video-papa-julio-2021-amistad-social","status":"publish","type":"post","link":"https:\/\/exaudi.org\/es\/video-papa-julio-2021-amistad-social\/","title":{"rendered":"Video del Papa, julio 2021: La amistad social"},"content":{"rendered":"<p>El <a href=\"https:\/\/www.youtube.com\/watch?v=s2_Bh9vU7Hw\" target=\"_blank\" rel=\"noopener noreferrer\">Video del Papa<\/a>, que recoge la intenci\u00f3n de oraci\u00f3n que\u00a0el Santo Padre\u00a0conf\u00eda a toda la\u00a0Iglesia Cat\u00f3lica\u00a0a trav\u00e9s de la\u00a0<a href=\"https:\/\/www.popesprayer.va\/\">Red Mundial de Oraci\u00f3n del Papa<\/a>, se centra en el mes de julio de 2021 en la amistad social, un camino propuesto para un mundo enfermo en\u00a0<em>Fratelli tutti<\/em>: \u201cRezamos para que, en situaciones sociales, econ\u00f3micas y pol\u00edticas conflictivas, seamos valientes y apasionados art\u00edfices del di\u00e1logo y la amistad\u201d, pide Francisco.<\/p>\n<p>\u201cDice la Biblia que el que encuentra un amigo encuentra un tesoro\u201d, expresa el Santo Padre al principio de su mensaje, difundido hoy, 30 de junio de 2021.<\/p>\n<p>\u201cMe gustar\u00eda proponer a todos ir m\u00e1s all\u00e1 de los grupos de amigos y construir la amistad social tan necesaria para la buena convivencia. Reencontrarnos especialmente con los m\u00e1s pobres y vulnerables. Los que est\u00e1n en las periferias. Alejarnos de los populismos que explotan la angustia del pueblo sin dar soluciones proponiendo una m\u00edstica que no resuelve nada\u201d, anima.<\/p>\n<p>\u201cHuir de la enemistad social que solo destruye y salir de la \u201cpolarizaci\u00f3n\u201d. Y esto no siempre es f\u00e1cil, especialmente hoy cuando una parte de la pol\u00edtica, la sociedad y los medios se empe\u00f1an en crear enemigos para derrotarlos en un juego de poder\u201d, insiste el Papa Francisco.<\/p>\n<p>Por \u00faltimo, el Obispo de Roma apunta que \u201cEl di\u00e1logo es el camino para mirar la realidad de una manera nueva, para vivir con pasi\u00f3n los desaf\u00edos de la construcci\u00f3n del bien com\u00fan\u201d.<\/p>\n<h4><b>Frente a la polarizaci\u00f3n, di\u00e1logo por el bien com\u00fan<\/b><\/h4>\n<p>La Red Mundial de oraci\u00f3n del Papa explica en una nota que, \u201caunque en general se puede decir que, a nivel mundial, el n\u00famero de muertes en guerras viene disminuyendo desde 1946, los conflictos y la violencia a nivel de sociedad siguen m\u00e1s vigentes que nunca. Y aunque a veces no se manifieste de formas f\u00edsicas, se puede observar una polarizaci\u00f3n creciente que llega a contaminar muchas relaciones\u201d.<\/p>\n<p>Ya lo advirti\u00f3 Francisco en 2016: \u201cVemos, por ejemplo, c\u00f3mo r\u00e1pidamente el que est\u00e1 a nuestro lado ya no s\u00f3lo posee el estado de desconocido o inmigrante o refugiado, sino que se convierte en una amenaza; posee el estado de enemigo\u201d. Desde entonces ve\u00eda \u201ccon preocupaci\u00f3n c\u00f3mo la polarizaci\u00f3n y la enemistad era tambi\u00e9n un &#8216;virus&#8217; que invad\u00eda nuestras formas de pensar, de sentir y de actuar\u201d.<\/p>\n<p>En\u00a0<em>Fratelli tutti,\u00a0<\/em>subraya la Red Mundial, el Sucesor de Pedro dedic\u00f3 el cap\u00edtulo sexto a la amistad social: \u201cEl aut\u00e9ntico di\u00e1logo social supone la capacidad de respetar el punto de vista del otro aceptando la posibilidad de que encierre algunas convicciones o intereses leg\u00edtimos\u201d (<i>FT<\/i>\u00a0203). En su intenci\u00f3n de julio refuerza esta idea reivindicando el di\u00e1logo como la gran oportunidad \u201cpara mirar la realidad de una manera nueva, para vivir con pasi\u00f3n los desaf\u00edos de la construcci\u00f3n del bien com\u00fan\u201d.<\/p>\n<p>\u201cVenimos de tierras lejanas, tenemos diferentes costumbres, color de piel, idiomas y condici\u00f3n social; pensamos distinto e incluso celebramos la fe con ritos diversos. Y nada de esto nos hace enemigos, al contrario, es una de nuestras mayores riquezas\u201d, dijo tambi\u00e9n Francisco hace unos a\u00f1os.<\/p>\n<h4 class=\"p3\"><b>Personas constructoras de la amistad social<\/b><\/h4>\n<p>El padre Fr\u00e9d\u00e9ric Fornos, director Internacional de la Red Mundial de Oraci\u00f3n del Papa, declara que esta intenci\u00f3n \u201cpone de relieve el \u00e9nfasis del Santo Padre<span class=\"Apple-converted-space\">\u00a0\u00a0<\/span>que \u201cpodamos hacer renacer entre todos un deseo mundial de hermandad\u201d. El aut\u00e9ntico di\u00e1logo, \u201ctiene que ser nuestra primera opci\u00f3n para solucionar los conflictos sociales, econ\u00f3micos y pol\u00edticos\u201d.<\/p>\n<p>\u201cTodos los estudios acad\u00e9micos internacionales ense\u00f1an que la polarizaci\u00f3n ha crecido mucho en los \u00faltimos a\u00f1os, hasta en las democracias m\u00e1s firmes. Por eso, ser arquitectos de amistad y de reconciliaci\u00f3n es a\u00fan m\u00e1s urgente en el mundo de hoy, donde, como record\u00f3 <a href=\"https:\/\/exaudi.org\/es\/benedicto-xvi-cumple-70-anos-sacerdote\/\" target=\"_blank\" rel=\"noopener noreferrer\">Benedicto XVI<\/a> en su carta enc\u00edclica <i>Caritas in veritate, <\/i>la sociedad cada vez m\u00e1s globalizada nos hace m\u00e1s cercanos, pero no m\u00e1s hermanos. Esto no depende de nuestras \u00fanicas fuerzas por eso es necesario rezar por esta intenci\u00f3n. Pedimos a Jesucristo ayudarnos en este camino, \u00c9l es el camino para la verdadera amistad social\u201d, finaliza.<\/p>\n<h4><strong>El desaf\u00edo de la humanidad<\/strong><\/h4>\n<p>Tal y como indica la Red Mundial de Oraci\u00f3n, los conflictos y la enemistad muchas veces comienzan con \u201cla intolerancia, las microagresiones entre seres queridos y familiares, el acoso por redes sociales o <em>cyberbulying<\/em>, las discusiones con ideolog\u00edas polarizadas que no buscan la verdad, o la falta de escucha y empat\u00eda\u201d.<\/p>\n<p>\u00bfQu\u00e9 significa la amistad social y c\u00f3mo se puede construir? La Red Mundial recomienda: \u201cFomentar la cultura del encuentro sin excluir a nadie, abrir nuestros ojos para mirar las heridas de tantos hermanos y hermanas privados de su dignidad, reconocer la dignidad humana siempre y en cualquier circunstancia, invertir a favor de los fr\u00e1giles, aunque no sea rentable, con pol\u00edticas de Estado orientadas al bienestar de todas las personas, y acercarse, expresarse, escucharse, mirarse, conocerse, tratar de comprenderse, buscar puntos de contacto\u201d.<\/p>\n<p><iframe loading=\"lazy\" title=\"La amistad social \u2013 El Video del Papa 7 \u2013 Julio 2021\" width=\"500\" height=\"281\" src=\"https:\/\/www.youtube.com\/embed\/s2_Bh9vU7Hw?feature=oembed\" frameborder=\"0\" allow=\"accelerometer; autoplay; clipboard-write; encrypted-media; gyroscope; picture-in-picture; web-share\" referrerpolicy=\"strict-origin-when-cross-origin\" allowfullscreen><\/iframe><\/p>\n","protected":false},"excerpt":{"rendered":"<p>Intenci\u00f3n de oraci\u00f3n para toda la Iglesia<\/p>\n","protected":false},"author":6,"featured_media":25208,"comment_status":"closed","ping_status":"closed","sticky":false,"template":"","format":"standard","meta":{"_acf_changed":false,"_crdt_document":"","inline_featured_image":false,"footnotes":""},"categories":[68],"tags":[3133,3132,236],"class_list":["post-25206","post","type-post","status-publish","format-standard","has-post-thumbnail","hentry","category-leon-xiv","tag-amistad-social","tag-julio-de-2021","tag-video-del-papa"],"acf":[],"yoast_head":"<!-- This site is optimized with the Yoast SEO plugin v27.5 - https:\/\/yoast.com\/product\/yoast-seo-wordpress\/ -->\n<title>Video del Papa, julio 2021: La amistad social &#8211; Exaudi<\/title>\n<meta name=\"description\" content=\"El Video del Papa, que recoge su intenci\u00f3n de oraci\u00f3n para toda la\u00a0Iglesia, se centra en el mes de julio de 2021 en la amistad social.\" \/>\n<meta name=\"robots\" content=\"index, follow, max-snippet:-1, max-image-preview:large, max-video-preview:-1\" \/>\n<link rel=\"canonical\" href=\"https:\/\/exaudi.org\/es\/video-papa-julio-2021-amistad-social\/\" \/>\n<meta property=\"og:locale\" content=\"es_ES\" \/>\n<meta property=\"og:type\" content=\"article\" \/>\n<meta property=\"og:title\" content=\"Video del Papa, julio 2021: La amistad social &#8211; Exaudi\" \/>\n<meta property=\"og:description\" content=\"El Video del Papa, que recoge su intenci\u00f3n de oraci\u00f3n para toda la\u00a0Iglesia, se centra en el mes de julio de 2021 en la amistad social.\" \/>\n<meta property=\"og:url\" content=\"https:\/\/exaudi.org\/es\/video-papa-julio-2021-amistad-social\/\" \/>\n<meta property=\"og:site_name\" content=\"Exaudi\" \/>\n<meta property=\"article:publisher\" content=\"https:\/\/www.facebook.com\/ExaudiNews\" \/>\n<meta property=\"article:published_time\" content=\"2021-06-30T13:03:43+00:00\" \/>\n<meta property=\"article:modified_time\" content=\"2021-07-02T07:41:48+00:00\" \/>\n<meta property=\"og:image\" content=\"https:\/\/exaudi.org\/wp-content\/uploads\/2021\/06\/123c-2-scaled.jpg\" \/>\n\t<meta property=\"og:image:width\" content=\"2560\" \/>\n\t<meta property=\"og:image:height\" content=\"1707\" \/>\n\t<meta property=\"og:image:type\" content=\"image\/jpeg\" \/>\n<meta name=\"author\" content=\"Gabriel Sales\" \/>\n<meta name=\"twitter:card\" content=\"summary_large_image\" \/>\n<meta name=\"twitter:creator\" content=\"@habemusman\" \/>\n<meta name=\"twitter:site\" content=\"@Exaudi_News\" \/>\n<meta name=\"twitter:label1\" content=\"Escrito por\" \/>\n\t<meta name=\"twitter:data1\" content=\"Gabriel Sales\" \/>\n\t<meta name=\"twitter:label2\" content=\"Tiempo de lectura\" \/>\n\t<meta name=\"twitter:data2\" content=\"4 minutos\" \/>\n<script type=\"application\/ld+json\" class=\"yoast-schema-graph\">{\"@context\":\"https:\\\/\\\/schema.org\",\"@graph\":[{\"@type\":\"Article\",\"@id\":\"https:\\\/\\\/exaudi.org\\\/es\\\/video-papa-julio-2021-amistad-social\\\/#article\",\"isPartOf\":{\"@id\":\"https:\\\/\\\/exaudi.org\\\/es\\\/video-papa-julio-2021-amistad-social\\\/\"},\"author\":{\"name\":\"Gabriel Sales\",\"@id\":\"https:\\\/\\\/exaudi.org\\\/#\\\/schema\\\/person\\\/d134b96438278131ce90c90c03fda6cd\"},\"headline\":\"Video del Papa, julio 2021: La amistad social\",\"datePublished\":\"2021-06-30T13:03:43+00:00\",\"dateModified\":\"2021-07-02T07:41:48+00:00\",\"mainEntityOfPage\":{\"@id\":\"https:\\\/\\\/exaudi.org\\\/es\\\/video-papa-julio-2021-amistad-social\\\/\"},\"wordCount\":906,\"image\":{\"@id\":\"https:\\\/\\\/exaudi.org\\\/es\\\/video-papa-julio-2021-amistad-social\\\/#primaryimage\"},\"thumbnailUrl\":\"https:\\\/\\\/exaudi.org\\\/wp-content\\\/uploads\\\/2021\\\/06\\\/123c-2-scaled.jpg\",\"keywords\":[\"Amistad social\",\"Julio de 2021\",\"v\u00eddeo del papa\"],\"articleSection\":[\"Le\u00f3n XIV\"],\"inLanguage\":\"es\"},{\"@type\":\"WebPage\",\"@id\":\"https:\\\/\\\/exaudi.org\\\/es\\\/video-papa-julio-2021-amistad-social\\\/\",\"url\":\"https:\\\/\\\/exaudi.org\\\/es\\\/video-papa-julio-2021-amistad-social\\\/\",\"name\":\"Video del Papa, julio 2021: La amistad social &#8211; Exaudi\",\"isPartOf\":{\"@id\":\"https:\\\/\\\/exaudi.org\\\/#website\"},\"primaryImageOfPage\":{\"@id\":\"https:\\\/\\\/exaudi.org\\\/es\\\/video-papa-julio-2021-amistad-social\\\/#primaryimage\"},\"image\":{\"@id\":\"https:\\\/\\\/exaudi.org\\\/es\\\/video-papa-julio-2021-amistad-social\\\/#primaryimage\"},\"thumbnailUrl\":\"https:\\\/\\\/exaudi.org\\\/wp-content\\\/uploads\\\/2021\\\/06\\\/123c-2-scaled.jpg\",\"datePublished\":\"2021-06-30T13:03:43+00:00\",\"dateModified\":\"2021-07-02T07:41:48+00:00\",\"author\":{\"@id\":\"https:\\\/\\\/exaudi.org\\\/#\\\/schema\\\/person\\\/d134b96438278131ce90c90c03fda6cd\"},\"description\":\"El Video del Papa, que recoge su intenci\u00f3n de oraci\u00f3n para toda la\u00a0Iglesia, se centra en el mes de julio de 2021 en la amistad social.\",\"breadcrumb\":{\"@id\":\"https:\\\/\\\/exaudi.org\\\/es\\\/video-papa-julio-2021-amistad-social\\\/#breadcrumb\"},\"inLanguage\":\"es\",\"potentialAction\":[{\"@type\":\"ReadAction\",\"target\":[\"https:\\\/\\\/exaudi.org\\\/es\\\/video-papa-julio-2021-amistad-social\\\/\"]}]},{\"@type\":\"ImageObject\",\"inLanguage\":\"es\",\"@id\":\"https:\\\/\\\/exaudi.org\\\/es\\\/video-papa-julio-2021-amistad-social\\\/#primaryimage\",\"url\":\"https:\\\/\\\/exaudi.org\\\/wp-content\\\/uploads\\\/2021\\\/06\\\/123c-2-scaled.jpg\",\"contentUrl\":\"https:\\\/\\\/exaudi.org\\\/wp-content\\\/uploads\\\/2021\\\/06\\\/123c-2-scaled.jpg\",\"width\":2560,\"height\":1707,\"caption\":\"Grupo de j\u00f3venes reunidos en la monta\u00f1a \u00a9 Cathopic\"},{\"@type\":\"BreadcrumbList\",\"@id\":\"https:\\\/\\\/exaudi.org\\\/es\\\/video-papa-julio-2021-amistad-social\\\/#breadcrumb\",\"itemListElement\":[{\"@type\":\"ListItem\",\"position\":1,\"name\":\"Portada\",\"item\":\"https:\\\/\\\/exaudi.org\\\/es\\\/\"},{\"@type\":\"ListItem\",\"position\":2,\"name\":\"Video del Papa, julio 2021: La amistad social\"}]},{\"@type\":\"WebSite\",\"@id\":\"https:\\\/\\\/exaudi.org\\\/#website\",\"url\":\"https:\\\/\\\/exaudi.org\\\/\",\"name\":\"Exaudi\",\"description\":\"News\",\"potentialAction\":[{\"@type\":\"SearchAction\",\"target\":{\"@type\":\"EntryPoint\",\"urlTemplate\":\"https:\\\/\\\/exaudi.org\\\/?s={search_term_string}\"},\"query-input\":{\"@type\":\"PropertyValueSpecification\",\"valueRequired\":true,\"valueName\":\"search_term_string\"}}],\"inLanguage\":\"es\"},{\"@type\":\"Person\",\"@id\":\"https:\\\/\\\/exaudi.org\\\/#\\\/schema\\\/person\\\/d134b96438278131ce90c90c03fda6cd\",\"name\":\"Gabriel Sales\",\"image\":{\"@type\":\"ImageObject\",\"inLanguage\":\"es\",\"@id\":\"https:\\\/\\\/secure.gravatar.com\\\/avatar\\\/9b1269566f6a063ed26ffb3532b66a373cdde231ce5d0effb266167437fdaffd?s=96&d=mm&r=g\",\"url\":\"https:\\\/\\\/secure.gravatar.com\\\/avatar\\\/9b1269566f6a063ed26ffb3532b66a373cdde231ce5d0effb266167437fdaffd?s=96&d=mm&r=g\",\"contentUrl\":\"https:\\\/\\\/secure.gravatar.com\\\/avatar\\\/9b1269566f6a063ed26ffb3532b66a373cdde231ce5d0effb266167437fdaffd?s=96&d=mm&r=g\",\"caption\":\"Gabriel Sales\"},\"description\":\"Periodista y especialista en Comunicaci\u00f3n y Branding digital. Cin\u00e9filo y cr\u00edtico de cine y series de televisi\u00f3n.\",\"sameAs\":[\"https:\\\/\\\/www.instagram.com\\\/cine90segundos\\\/\",\"www.linkedin.com\\\/in\\\/habemusman\",\"https:\\\/\\\/x.com\\\/habemusman\",\"https:\\\/\\\/www.youtube.com\\\/channel\\\/UCVfCiOMkJ_C7T7OpyjuaLDg\"],\"url\":\"https:\\\/\\\/exaudi.org\\\/es\\\/author\\\/gsalesexaudi-org\\\/\"}]}<\/script>\n<!-- \/ Yoast SEO plugin. -->","yoast_head_json":{"title":"Video del Papa, julio 2021: La amistad social &#8211; Exaudi","description":"El Video del Papa, que recoge su intenci\u00f3n de oraci\u00f3n para toda la\u00a0Iglesia, se centra en el mes de julio de 2021 en la amistad social.","robots":{"index":"index","follow":"follow","max-snippet":"max-snippet:-1","max-image-preview":"max-image-preview:large","max-video-preview":"max-video-preview:-1"},"canonical":"https:\/\/exaudi.org\/es\/video-papa-julio-2021-amistad-social\/","og_locale":"es_ES","og_type":"article","og_title":"Video del Papa, julio 2021: La amistad social &#8211; Exaudi","og_description":"El Video del Papa, que recoge su intenci\u00f3n de oraci\u00f3n para toda la\u00a0Iglesia, se centra en el mes de julio de 2021 en la amistad social.","og_url":"https:\/\/exaudi.org\/es\/video-papa-julio-2021-amistad-social\/","og_site_name":"Exaudi","article_publisher":"https:\/\/www.facebook.com\/ExaudiNews","article_published_time":"2021-06-30T13:03:43+00:00","article_modified_time":"2021-07-02T07:41:48+00:00","og_image":[{"width":2560,"height":1707,"url":"https:\/\/exaudi.org\/wp-content\/uploads\/2021\/06\/123c-2-scaled.jpg","type":"image\/jpeg"}],"author":"Gabriel Sales","twitter_card":"summary_large_image","twitter_creator":"@habemusman","twitter_site":"@Exaudi_News","twitter_misc":{"Escrito por":"Gabriel Sales","Tiempo de lectura":"4 minutos"},"schema":{"@context":"https:\/\/schema.org","@graph":[{"@type":"Article","@id":"https:\/\/exaudi.org\/es\/video-papa-julio-2021-amistad-social\/#article","isPartOf":{"@id":"https:\/\/exaudi.org\/es\/video-papa-julio-2021-amistad-social\/"},"author":{"name":"Gabriel Sales","@id":"https:\/\/exaudi.org\/#\/schema\/person\/d134b96438278131ce90c90c03fda6cd"},"headline":"Video del Papa, julio 2021: La amistad social","datePublished":"2021-06-30T13:03:43+00:00","dateModified":"2021-07-02T07:41:48+00:00","mainEntityOfPage":{"@id":"https:\/\/exaudi.org\/es\/video-papa-julio-2021-amistad-social\/"},"wordCount":906,"image":{"@id":"https:\/\/exaudi.org\/es\/video-papa-julio-2021-amistad-social\/#primaryimage"},"thumbnailUrl":"https:\/\/exaudi.org\/wp-content\/uploads\/2021\/06\/123c-2-scaled.jpg","keywords":["Amistad social","Julio de 2021","v\u00eddeo del papa"],"articleSection":["Le\u00f3n XIV"],"inLanguage":"es"},{"@type":"WebPage","@id":"https:\/\/exaudi.org\/es\/video-papa-julio-2021-amistad-social\/","url":"https:\/\/exaudi.org\/es\/video-papa-julio-2021-amistad-social\/","name":"Video del Papa, julio 2021: La amistad social &#8211; Exaudi","isPartOf":{"@id":"https:\/\/exaudi.org\/#website"},"primaryImageOfPage":{"@id":"https:\/\/exaudi.org\/es\/video-papa-julio-2021-amistad-social\/#primaryimage"},"image":{"@id":"https:\/\/exaudi.org\/es\/video-papa-julio-2021-amistad-social\/#primaryimage"},"thumbnailUrl":"https:\/\/exaudi.org\/wp-content\/uploads\/2021\/06\/123c-2-scaled.jpg","datePublished":"2021-06-30T13:03:43+00:00","dateModified":"2021-07-02T07:41:48+00:00","author":{"@id":"https:\/\/exaudi.org\/#\/schema\/person\/d134b96438278131ce90c90c03fda6cd"},"description":"El Video del Papa, que recoge su intenci\u00f3n de oraci\u00f3n para toda la\u00a0Iglesia, se centra en el mes de julio de 2021 en la amistad social.","breadcrumb":{"@id":"https:\/\/exaudi.org\/es\/video-papa-julio-2021-amistad-social\/#breadcrumb"},"inLanguage":"es","potentialAction":[{"@type":"ReadAction","target":["https:\/\/exaudi.org\/es\/video-papa-julio-2021-amistad-social\/"]}]},{"@type":"ImageObject","inLanguage":"es","@id":"https:\/\/exaudi.org\/es\/video-papa-julio-2021-amistad-social\/#primaryimage","url":"https:\/\/exaudi.org\/wp-content\/uploads\/2021\/06\/123c-2-scaled.jpg","contentUrl":"https:\/\/exaudi.org\/wp-content\/uploads\/2021\/06\/123c-2-scaled.jpg","width":2560,"height":1707,"caption":"Grupo de j\u00f3venes reunidos en la monta\u00f1a \u00a9 Cathopic"},{"@type":"BreadcrumbList","@id":"https:\/\/exaudi.org\/es\/video-papa-julio-2021-amistad-social\/#breadcrumb","itemListElement":[{"@type":"ListItem","position":1,"name":"Portada","item":"https:\/\/exaudi.org\/es\/"},{"@type":"ListItem","position":2,"name":"Video del Papa, julio 2021: La amistad social"}]},{"@type":"WebSite","@id":"https:\/\/exaudi.org\/#website","url":"https:\/\/exaudi.org\/","name":"Exaudi","description":"News","potentialAction":[{"@type":"SearchAction","target":{"@type":"EntryPoint","urlTemplate":"https:\/\/exaudi.org\/?s={search_term_string}"},"query-input":{"@type":"PropertyValueSpecification","valueRequired":true,"valueName":"search_term_string"}}],"inLanguage":"es"},{"@type":"Person","@id":"https:\/\/exaudi.org\/#\/schema\/person\/d134b96438278131ce90c90c03fda6cd","name":"Gabriel Sales","image":{"@type":"ImageObject","inLanguage":"es","@id":"https:\/\/secure.gravatar.com\/avatar\/9b1269566f6a063ed26ffb3532b66a373cdde231ce5d0effb266167437fdaffd?s=96&d=mm&r=g","url":"https:\/\/secure.gravatar.com\/avatar\/9b1269566f6a063ed26ffb3532b66a373cdde231ce5d0effb266167437fdaffd?s=96&d=mm&r=g","contentUrl":"https:\/\/secure.gravatar.com\/avatar\/9b1269566f6a063ed26ffb3532b66a373cdde231ce5d0effb266167437fdaffd?s=96&d=mm&r=g","caption":"Gabriel Sales"},"description":"Periodista y especialista en Comunicaci\u00f3n y Branding digital. Cin\u00e9filo y cr\u00edtico de cine y series de televisi\u00f3n.","sameAs":["https:\/\/www.instagram.com\/cine90segundos\/","www.linkedin.com\/in\/habemusman","https:\/\/x.com\/habemusman","https:\/\/www.youtube.com\/channel\/UCVfCiOMkJ_C7T7OpyjuaLDg"],"url":"https:\/\/exaudi.org\/es\/author\/gsalesexaudi-org\/"}]}},"jetpack_featured_media_url":"https:\/\/exaudi.org\/wp-content\/uploads\/2021\/06\/123c-2-scaled.jpg","jetpack_shortlink":"https:\/\/wp.me\/pgKjF2-6yy","_links":{"self":[{"href":"https:\/\/exaudi.org\/es\/wp-json\/wp\/v2\/posts\/25206","targetHints":{"allow":["GET"]}}],"collection":[{"href":"https:\/\/exaudi.org\/es\/wp-json\/wp\/v2\/posts"}],"about":[{"href":"https:\/\/exaudi.org\/es\/wp-json\/wp\/v2\/types\/post"}],"author":[{"embeddable":true,"href":"https:\/\/exaudi.org\/es\/wp-json\/wp\/v2\/users\/6"}],"replies":[{"embeddable":true,"href":"https:\/\/exaudi.org\/es\/wp-json\/wp\/v2\/comments?post=25206"}],"version-history":[{"count":0,"href":"https:\/\/exaudi.org\/es\/wp-json\/wp\/v2\/posts\/25206\/revisions"}],"wp:featuredmedia":[{"embeddable":true,"href":"https:\/\/exaudi.org\/es\/wp-json\/wp\/v2\/media\/25208"}],"wp:attachment":[{"href":"https:\/\/exaudi.org\/es\/wp-json\/wp\/v2\/media?parent=25206"}],"wp:term":[{"taxonomy":"category","embeddable":true,"href":"https:\/\/exaudi.org\/es\/wp-json\/wp\/v2\/categories?post=25206"},{"taxonomy":"post_tag","embeddable":true,"href":"https:\/\/exaudi.org\/es\/wp-json\/wp\/v2\/tags?post=25206"}],"curies":[{"name":"wp","href":"https:\/\/api.w.org\/{rel}","templated":true}]}}