{"id":25199,"date":"2021-06-30T13:35:42","date_gmt":"2021-06-30T11:35:42","guid":{"rendered":"https:\/\/exaudi.org\/?p=25199"},"modified":"2021-06-30T16:35:13","modified_gmt":"2021-06-30T14:35:13","slug":"bolivia-iglesia-renueva-compromiso-paz-en-pais","status":"publish","type":"post","link":"https:\/\/exaudi.org\/es\/bolivia-iglesia-renueva-compromiso-paz-en-pais\/","title":{"rendered":"Bolivia: Iglesia renueva su compromiso con la paz"},"content":{"rendered":"<p>La Iglesia en Bolivia, a trav\u00e9s de la Secretar\u00eda General de la Conferencia Episcopal Boliviana, dio a conocer el pasado 15 de junio un \u201cInforme \u2013 Memoria de los Hechos del Proceso de Pacificaci\u00f3n en Bolivia\u201d, ocurridos entre octubre 2019 y enero 2020: \u201cNuestro compromiso es con el pueblo boliviano, con la paz y con la construcci\u00f3n de un mejor pa\u00eds para todos en fraternidad\u201d, afirma el comunicado de la CEB, que tambi\u00e9n fue entregado al Papa Francisco.<\/p>\n<p>Tal y como indica una nota de <a href=\"https:\/\/www.iglesiaviva.net\/\" target=\"_blank\" rel=\"noopener noreferrer\">Iglesia Viva<\/a>, organismo informativo de la CEB, el 20 de octubre de 2019, el anuncio del resultado electoral por parte del Tribunal Supremo Electoral (TSE), anunciando la victoria del presidente saliente Morales, fue seguido de d\u00edas de fuertes <a href=\"https:\/\/exaudi.org\/es\/bolivia-obispos-pronunciamientos-2019\/\" target=\"_blank\" rel=\"noopener noreferrer\">protestas y enfrentamientos<\/a> violentos entre los partidarios de Morales y los de su opositor Mesa, que tambi\u00e9n provoc\u00f3 varias muertes.<\/p>\n<p>Entonces, la CEB hab\u00eda expres\u00f3 su profunda preocupaci\u00f3n por la situaci\u00f3n en el pa\u00eds, pidiendo el fin de la violencia entre los bolivianos y fomentando el di\u00e1logo entre las partes para resolver el conflicto, con la declaraci\u00f3n \u201cEntendimiento y paz, con verdad y justicia\u201d.<\/p>\n<p>Los obispos de Bolivia \u201cpreocupados ante las diversas informaciones que han circulado en el pa\u00eds referentes a los hechos que tuvieron lugar en Bolivia, desde el 20 de octubre del a\u00f1o 2019 hasta el 20 de enero de 2020, hemos elaborado un informe-memoria puesto que estamos convencidos de la necesidad de que se conozca la verdad, y a partir de ah\u00ed se reconstruya la unidad nacional\u201d, indica el comunicado del Episcopado.<\/p>\n<h4><strong>Iglesia facilitadora del di\u00e1logo<\/strong><\/h4>\n<p>Si bien el documento del 15 de junio de 2021 recuerda cada hecho significativo en sus 25 p\u00e1ginas, el tema central es la solicitud de la no violencia y en el texto la Iglesia renueva su compromiso con la justicia, la paz y la no violencia. El citado informe-memoria \u201cse elabora desde la mirada de la Iglesia Cat\u00f3lica como facilitadora del proceso de di\u00e1logo. En \u00e9l se presenta el relato de los eventos en los que la Conferencia Episcopal Boliviana (CEB) particip\u00f3 desde su labor pastoral en la b\u00fasqueda de la verdad, la paz y la justicia\u201d.<\/p>\n<p>\u201cCreemos que el pueblo boliviano merece conocer el proceso a trav\u00e9s del cual se hizo todo lo posible para lograr salir de la grave crisis pol\u00edtica y social del 2019. Nuestro compromiso es con el pueblo boliviano, con la paz y con la construcci\u00f3n de un mejor pa\u00eds para todos en fraternidad\u201d, se lee en el texto.<\/p>\n<p>Los obispos indican tambi\u00e9n que dicho informe-memoria se ha entregado para su conocimiento al Santo Padre Francisco, a la Secretar\u00eda de Estado de la Santa Sede, a la Nunciatura Apost\u00f3lica en Bolivia, al Consejo Episcopal Latinoamericano (CELAM), a las diferentes Conferencias Episcopales de Latinoam\u00e9rica y el Caribe, y al Ministerio P\u00fablico.<\/p>\n<h4><strong>Compromiso de la Iglesia con la paz<\/strong><\/h4>\n<p>Tal y como informa la agencia misionera Fides, la Iglesia en Bolivia demostr\u00f3 en 2019 que mantiene su compromiso de pacificar el pa\u00eds. Tras la presentaci\u00f3n de los puntos del acuerdo alcanzado entre representantes de la Conferencia Episcopal Boliviana, la Organizaci\u00f3n de Naciones Unidas y la Uni\u00f3n Europea, al final de los di\u00e1logos en las semanas de noviembre de 2019, varias di\u00f3cesis han organizaron encuentros o celebraciones para fomentar la uni\u00f3n entre la poblaci\u00f3n.<\/p>\n<p>De acuerdo a la misma fuente, la presencia de los cat\u00f3licos ha marcado mucho la actividad de las instituciones de car\u00e1cter \u00e9tico, social y de derechos humanos. Desde el punto de vista geopol\u00edtico, los primeros acuerdos para negociar el futuro pac\u00edfico de Bolivia fueron exitosos no solo porque hay un vac\u00edo institucional en Bolivia, sino porque el pueblo boliviano conf\u00eda en quienes se han puesto en el mismo nivel de vida y sufrimiento que la gente com\u00fan, como obispos, sacerdotes y religiosos.<\/p>\n<p>Tras el inicio del mandato de las nuevas autoridades, el lunes 3 de mayo, Bolivia inici\u00f3 una nueva p\u00e1gina en su historia democr\u00e1tica en un contexto muy fr\u00e1gil, porque no hay mayor\u00eda pol\u00edtica en los cargos gubernamentales.<\/p>\n","protected":false},"excerpt":{"rendered":"<p>Presentaci\u00f3n de un Informe-Memoria<\/p>\n","protected":false},"author":5,"featured_media":25200,"comment_status":"closed","ping_status":"closed","sticky":false,"template":"","format":"standard","meta":{"_acf_changed":false,"_crdt_document":"","inline_featured_image":false,"footnotes":""},"categories":[86,94,298],"tags":[1338,2022,625],"class_list":["post-25199","post","type-post","status-publish","format-standard","has-post-thumbnail","hentry","category-iglesia-local","category-justicia-y-paz","category-ultimas-noticias","tag-bolivia","tag-conferencia-episcopal-boliviana-ceb","tag-paz"],"acf":[],"yoast_head":"<!-- This site is optimized with the Yoast SEO plugin v27.5 - https:\/\/yoast.com\/product\/yoast-seo-wordpress\/ -->\n<title>Bolivia: Iglesia renueva su compromiso con la paz &#8211; Exaudi<\/title>\n<meta name=\"description\" content=\"La Iglesia present\u00f3 \u201cInforme \u2013 Memoria de los Hechos del Proceso de Pacificaci\u00f3n en Bolivia\u201d, renovando su compromiso con la paz en el pa\u00eds\" \/>\n<meta name=\"robots\" content=\"index, follow, max-snippet:-1, max-image-preview:large, max-video-preview:-1\" \/>\n<link rel=\"canonical\" href=\"https:\/\/exaudi.org\/es\/bolivia-iglesia-renueva-compromiso-paz-en-pais\/\" \/>\n<meta property=\"og:locale\" content=\"es_ES\" \/>\n<meta property=\"og:type\" content=\"article\" \/>\n<meta property=\"og:title\" content=\"Bolivia: Iglesia renueva su compromiso con la paz &#8211; Exaudi\" \/>\n<meta property=\"og:description\" content=\"La Iglesia present\u00f3 \u201cInforme \u2013 Memoria de los Hechos del Proceso de Pacificaci\u00f3n en Bolivia\u201d, renovando su compromiso con la paz en el pa\u00eds\" \/>\n<meta property=\"og:url\" content=\"https:\/\/exaudi.org\/es\/bolivia-iglesia-renueva-compromiso-paz-en-pais\/\" \/>\n<meta property=\"og:site_name\" content=\"Exaudi\" \/>\n<meta property=\"article:publisher\" content=\"https:\/\/www.facebook.com\/ExaudiNews\" \/>\n<meta property=\"article:published_time\" content=\"2021-06-30T11:35:42+00:00\" \/>\n<meta property=\"article:modified_time\" content=\"2021-06-30T14:35:13+00:00\" \/>\n<meta property=\"og:image\" content=\"https:\/\/exaudi.org\/wp-content\/uploads\/2021\/06\/Presentacion-de-Informe-\u2013-Memoria-de-los-Hechos-del-Proceso-de-Pacificacion-en-Bolivia.jpeg\" \/>\n\t<meta property=\"og:image:width\" content=\"1280\" \/>\n\t<meta property=\"og:image:height\" content=\"853\" \/>\n\t<meta property=\"og:image:type\" content=\"image\/jpeg\" \/>\n<meta name=\"author\" content=\"Larissa I. L\u00f3pez\" \/>\n<meta name=\"twitter:card\" content=\"summary_large_image\" \/>\n<meta name=\"twitter:creator\" content=\"@Exaudi_News\" \/>\n<meta name=\"twitter:site\" content=\"@Exaudi_News\" \/>\n<meta name=\"twitter:label1\" content=\"Escrito por\" \/>\n\t<meta name=\"twitter:data1\" content=\"Larissa I. L\u00f3pez\" \/>\n\t<meta name=\"twitter:label2\" content=\"Tiempo de lectura\" \/>\n\t<meta name=\"twitter:data2\" content=\"3 minutos\" \/>\n<script type=\"application\/ld+json\" class=\"yoast-schema-graph\">{\"@context\":\"https:\\\/\\\/schema.org\",\"@graph\":[{\"@type\":\"Article\",\"@id\":\"https:\\\/\\\/exaudi.org\\\/es\\\/bolivia-iglesia-renueva-compromiso-paz-en-pais\\\/#article\",\"isPartOf\":{\"@id\":\"https:\\\/\\\/exaudi.org\\\/es\\\/bolivia-iglesia-renueva-compromiso-paz-en-pais\\\/\"},\"author\":{\"name\":\"Larissa I. L\u00f3pez\",\"@id\":\"https:\\\/\\\/exaudi.org\\\/#\\\/schema\\\/person\\\/7d2f77db033c2c0929edfab6dbe8c588\"},\"headline\":\"Bolivia: Iglesia renueva su compromiso con la paz\",\"datePublished\":\"2021-06-30T11:35:42+00:00\",\"dateModified\":\"2021-06-30T14:35:13+00:00\",\"mainEntityOfPage\":{\"@id\":\"https:\\\/\\\/exaudi.org\\\/es\\\/bolivia-iglesia-renueva-compromiso-paz-en-pais\\\/\"},\"wordCount\":708,\"image\":{\"@id\":\"https:\\\/\\\/exaudi.org\\\/es\\\/bolivia-iglesia-renueva-compromiso-paz-en-pais\\\/#primaryimage\"},\"thumbnailUrl\":\"https:\\\/\\\/exaudi.org\\\/wp-content\\\/uploads\\\/2021\\\/06\\\/Presentacion-de-Informe-\u2013-Memoria-de-los-Hechos-del-Proceso-de-Pacificacion-en-Bolivia.jpeg\",\"keywords\":[\"Bolivia\",\"Conferencia Episcopal Boliviana (CEB)\",\"Paz\"],\"articleSection\":[\"Iglesia Local\",\"Justicia y Paz\",\"\u00daltimas noticias\"],\"inLanguage\":\"es\"},{\"@type\":\"WebPage\",\"@id\":\"https:\\\/\\\/exaudi.org\\\/es\\\/bolivia-iglesia-renueva-compromiso-paz-en-pais\\\/\",\"url\":\"https:\\\/\\\/exaudi.org\\\/es\\\/bolivia-iglesia-renueva-compromiso-paz-en-pais\\\/\",\"name\":\"Bolivia: Iglesia renueva su compromiso con la paz &#8211; Exaudi\",\"isPartOf\":{\"@id\":\"https:\\\/\\\/exaudi.org\\\/#website\"},\"primaryImageOfPage\":{\"@id\":\"https:\\\/\\\/exaudi.org\\\/es\\\/bolivia-iglesia-renueva-compromiso-paz-en-pais\\\/#primaryimage\"},\"image\":{\"@id\":\"https:\\\/\\\/exaudi.org\\\/es\\\/bolivia-iglesia-renueva-compromiso-paz-en-pais\\\/#primaryimage\"},\"thumbnailUrl\":\"https:\\\/\\\/exaudi.org\\\/wp-content\\\/uploads\\\/2021\\\/06\\\/Presentacion-de-Informe-\u2013-Memoria-de-los-Hechos-del-Proceso-de-Pacificacion-en-Bolivia.jpeg\",\"datePublished\":\"2021-06-30T11:35:42+00:00\",\"dateModified\":\"2021-06-30T14:35:13+00:00\",\"author\":{\"@id\":\"https:\\\/\\\/exaudi.org\\\/#\\\/schema\\\/person\\\/7d2f77db033c2c0929edfab6dbe8c588\"},\"description\":\"La Iglesia present\u00f3 \u201cInforme \u2013 Memoria de los Hechos del Proceso de Pacificaci\u00f3n en Bolivia\u201d, renovando su compromiso con la paz en el pa\u00eds\",\"breadcrumb\":{\"@id\":\"https:\\\/\\\/exaudi.org\\\/es\\\/bolivia-iglesia-renueva-compromiso-paz-en-pais\\\/#breadcrumb\"},\"inLanguage\":\"es\",\"potentialAction\":[{\"@type\":\"ReadAction\",\"target\":[\"https:\\\/\\\/exaudi.org\\\/es\\\/bolivia-iglesia-renueva-compromiso-paz-en-pais\\\/\"]}]},{\"@type\":\"ImageObject\",\"inLanguage\":\"es\",\"@id\":\"https:\\\/\\\/exaudi.org\\\/es\\\/bolivia-iglesia-renueva-compromiso-paz-en-pais\\\/#primaryimage\",\"url\":\"https:\\\/\\\/exaudi.org\\\/wp-content\\\/uploads\\\/2021\\\/06\\\/Presentacion-de-Informe-\u2013-Memoria-de-los-Hechos-del-Proceso-de-Pacificacion-en-Bolivia.jpeg\",\"contentUrl\":\"https:\\\/\\\/exaudi.org\\\/wp-content\\\/uploads\\\/2021\\\/06\\\/Presentacion-de-Informe-\u2013-Memoria-de-los-Hechos-del-Proceso-de-Pacificacion-en-Bolivia.jpeg\",\"width\":1280,\"height\":853,\"caption\":\"Presentaci\u00f3n de \u201cInforme \u2013 Memoria de los Hechos del Proceso de Pacificaci\u00f3n en Bolivia\u201d \u00a9 CEB\"},{\"@type\":\"BreadcrumbList\",\"@id\":\"https:\\\/\\\/exaudi.org\\\/es\\\/bolivia-iglesia-renueva-compromiso-paz-en-pais\\\/#breadcrumb\",\"itemListElement\":[{\"@type\":\"ListItem\",\"position\":1,\"name\":\"Portada\",\"item\":\"https:\\\/\\\/exaudi.org\\\/es\\\/\"},{\"@type\":\"ListItem\",\"position\":2,\"name\":\"Bolivia: Iglesia renueva su compromiso con la paz\"}]},{\"@type\":\"WebSite\",\"@id\":\"https:\\\/\\\/exaudi.org\\\/#website\",\"url\":\"https:\\\/\\\/exaudi.org\\\/\",\"name\":\"Exaudi\",\"description\":\"News\",\"potentialAction\":[{\"@type\":\"SearchAction\",\"target\":{\"@type\":\"EntryPoint\",\"urlTemplate\":\"https:\\\/\\\/exaudi.org\\\/?s={search_term_string}\"},\"query-input\":{\"@type\":\"PropertyValueSpecification\",\"valueRequired\":true,\"valueName\":\"search_term_string\"}}],\"inLanguage\":\"es\"},{\"@type\":\"Person\",\"@id\":\"https:\\\/\\\/exaudi.org\\\/#\\\/schema\\\/person\\\/7d2f77db033c2c0929edfab6dbe8c588\",\"name\":\"Larissa I. L\u00f3pez\",\"image\":{\"@type\":\"ImageObject\",\"inLanguage\":\"es\",\"@id\":\"https:\\\/\\\/secure.gravatar.com\\\/avatar\\\/db3ef399ff343d0bb9d25dc5198bc8ece5ac6d621eca79876697a354dabc1e3f?s=96&d=mm&r=g\",\"url\":\"https:\\\/\\\/secure.gravatar.com\\\/avatar\\\/db3ef399ff343d0bb9d25dc5198bc8ece5ac6d621eca79876697a354dabc1e3f?s=96&d=mm&r=g\",\"contentUrl\":\"https:\\\/\\\/secure.gravatar.com\\\/avatar\\\/db3ef399ff343d0bb9d25dc5198bc8ece5ac6d621eca79876697a354dabc1e3f?s=96&d=mm&r=g\",\"caption\":\"Larissa I. L\u00f3pez\"},\"description\":\"Doctora en Comunicaci\u00f3n. Mi trayectoria profesional ha transcurrido entre el \u00e1mbito de la comunicaci\u00f3n y el de la docencia. En los \u00faltimos a\u00f1os, he trabajado como coordinadora y redactora de la edici\u00f3n de ZENIT en espa\u00f1ol. Como profesora, he impartido clases en la universidad y en centros de FP y bachillerato. Cordobesa de nacimiento, tambi\u00e9n he vivido en Sevilla, Madrid y Roma\",\"url\":\"https:\\\/\\\/exaudi.org\\\/es\\\/author\\\/llopezexaudi-org\\\/\"}]}<\/script>\n<!-- \/ Yoast SEO plugin. -->","yoast_head_json":{"title":"Bolivia: Iglesia renueva su compromiso con la paz &#8211; Exaudi","description":"La Iglesia present\u00f3 \u201cInforme \u2013 Memoria de los Hechos del Proceso de Pacificaci\u00f3n en Bolivia\u201d, renovando su compromiso con la paz en el pa\u00eds","robots":{"index":"index","follow":"follow","max-snippet":"max-snippet:-1","max-image-preview":"max-image-preview:large","max-video-preview":"max-video-preview:-1"},"canonical":"https:\/\/exaudi.org\/es\/bolivia-iglesia-renueva-compromiso-paz-en-pais\/","og_locale":"es_ES","og_type":"article","og_title":"Bolivia: Iglesia renueva su compromiso con la paz &#8211; Exaudi","og_description":"La Iglesia present\u00f3 \u201cInforme \u2013 Memoria de los Hechos del Proceso de Pacificaci\u00f3n en Bolivia\u201d, renovando su compromiso con la paz en el pa\u00eds","og_url":"https:\/\/exaudi.org\/es\/bolivia-iglesia-renueva-compromiso-paz-en-pais\/","og_site_name":"Exaudi","article_publisher":"https:\/\/www.facebook.com\/ExaudiNews","article_published_time":"2021-06-30T11:35:42+00:00","article_modified_time":"2021-06-30T14:35:13+00:00","og_image":[{"width":1280,"height":853,"url":"https:\/\/exaudi.org\/wp-content\/uploads\/2021\/06\/Presentacion-de-Informe-\u2013-Memoria-de-los-Hechos-del-Proceso-de-Pacificacion-en-Bolivia.jpeg","type":"image\/jpeg"}],"author":"Larissa I. L\u00f3pez","twitter_card":"summary_large_image","twitter_creator":"@Exaudi_News","twitter_site":"@Exaudi_News","twitter_misc":{"Escrito por":"Larissa I. L\u00f3pez","Tiempo de lectura":"3 minutos"},"schema":{"@context":"https:\/\/schema.org","@graph":[{"@type":"Article","@id":"https:\/\/exaudi.org\/es\/bolivia-iglesia-renueva-compromiso-paz-en-pais\/#article","isPartOf":{"@id":"https:\/\/exaudi.org\/es\/bolivia-iglesia-renueva-compromiso-paz-en-pais\/"},"author":{"name":"Larissa I. L\u00f3pez","@id":"https:\/\/exaudi.org\/#\/schema\/person\/7d2f77db033c2c0929edfab6dbe8c588"},"headline":"Bolivia: Iglesia renueva su compromiso con la paz","datePublished":"2021-06-30T11:35:42+00:00","dateModified":"2021-06-30T14:35:13+00:00","mainEntityOfPage":{"@id":"https:\/\/exaudi.org\/es\/bolivia-iglesia-renueva-compromiso-paz-en-pais\/"},"wordCount":708,"image":{"@id":"https:\/\/exaudi.org\/es\/bolivia-iglesia-renueva-compromiso-paz-en-pais\/#primaryimage"},"thumbnailUrl":"https:\/\/exaudi.org\/wp-content\/uploads\/2021\/06\/Presentacion-de-Informe-\u2013-Memoria-de-los-Hechos-del-Proceso-de-Pacificacion-en-Bolivia.jpeg","keywords":["Bolivia","Conferencia Episcopal Boliviana (CEB)","Paz"],"articleSection":["Iglesia Local","Justicia y Paz","\u00daltimas noticias"],"inLanguage":"es"},{"@type":"WebPage","@id":"https:\/\/exaudi.org\/es\/bolivia-iglesia-renueva-compromiso-paz-en-pais\/","url":"https:\/\/exaudi.org\/es\/bolivia-iglesia-renueva-compromiso-paz-en-pais\/","name":"Bolivia: Iglesia renueva su compromiso con la paz &#8211; Exaudi","isPartOf":{"@id":"https:\/\/exaudi.org\/#website"},"primaryImageOfPage":{"@id":"https:\/\/exaudi.org\/es\/bolivia-iglesia-renueva-compromiso-paz-en-pais\/#primaryimage"},"image":{"@id":"https:\/\/exaudi.org\/es\/bolivia-iglesia-renueva-compromiso-paz-en-pais\/#primaryimage"},"thumbnailUrl":"https:\/\/exaudi.org\/wp-content\/uploads\/2021\/06\/Presentacion-de-Informe-\u2013-Memoria-de-los-Hechos-del-Proceso-de-Pacificacion-en-Bolivia.jpeg","datePublished":"2021-06-30T11:35:42+00:00","dateModified":"2021-06-30T14:35:13+00:00","author":{"@id":"https:\/\/exaudi.org\/#\/schema\/person\/7d2f77db033c2c0929edfab6dbe8c588"},"description":"La Iglesia present\u00f3 \u201cInforme \u2013 Memoria de los Hechos del Proceso de Pacificaci\u00f3n en Bolivia\u201d, renovando su compromiso con la paz en el pa\u00eds","breadcrumb":{"@id":"https:\/\/exaudi.org\/es\/bolivia-iglesia-renueva-compromiso-paz-en-pais\/#breadcrumb"},"inLanguage":"es","potentialAction":[{"@type":"ReadAction","target":["https:\/\/exaudi.org\/es\/bolivia-iglesia-renueva-compromiso-paz-en-pais\/"]}]},{"@type":"ImageObject","inLanguage":"es","@id":"https:\/\/exaudi.org\/es\/bolivia-iglesia-renueva-compromiso-paz-en-pais\/#primaryimage","url":"https:\/\/exaudi.org\/wp-content\/uploads\/2021\/06\/Presentacion-de-Informe-\u2013-Memoria-de-los-Hechos-del-Proceso-de-Pacificacion-en-Bolivia.jpeg","contentUrl":"https:\/\/exaudi.org\/wp-content\/uploads\/2021\/06\/Presentacion-de-Informe-\u2013-Memoria-de-los-Hechos-del-Proceso-de-Pacificacion-en-Bolivia.jpeg","width":1280,"height":853,"caption":"Presentaci\u00f3n de \u201cInforme \u2013 Memoria de los Hechos del Proceso de Pacificaci\u00f3n en Bolivia\u201d \u00a9 CEB"},{"@type":"BreadcrumbList","@id":"https:\/\/exaudi.org\/es\/bolivia-iglesia-renueva-compromiso-paz-en-pais\/#breadcrumb","itemListElement":[{"@type":"ListItem","position":1,"name":"Portada","item":"https:\/\/exaudi.org\/es\/"},{"@type":"ListItem","position":2,"name":"Bolivia: Iglesia renueva su compromiso con la paz"}]},{"@type":"WebSite","@id":"https:\/\/exaudi.org\/#website","url":"https:\/\/exaudi.org\/","name":"Exaudi","description":"News","potentialAction":[{"@type":"SearchAction","target":{"@type":"EntryPoint","urlTemplate":"https:\/\/exaudi.org\/?s={search_term_string}"},"query-input":{"@type":"PropertyValueSpecification","valueRequired":true,"valueName":"search_term_string"}}],"inLanguage":"es"},{"@type":"Person","@id":"https:\/\/exaudi.org\/#\/schema\/person\/7d2f77db033c2c0929edfab6dbe8c588","name":"Larissa I. L\u00f3pez","image":{"@type":"ImageObject","inLanguage":"es","@id":"https:\/\/secure.gravatar.com\/avatar\/db3ef399ff343d0bb9d25dc5198bc8ece5ac6d621eca79876697a354dabc1e3f?s=96&d=mm&r=g","url":"https:\/\/secure.gravatar.com\/avatar\/db3ef399ff343d0bb9d25dc5198bc8ece5ac6d621eca79876697a354dabc1e3f?s=96&d=mm&r=g","contentUrl":"https:\/\/secure.gravatar.com\/avatar\/db3ef399ff343d0bb9d25dc5198bc8ece5ac6d621eca79876697a354dabc1e3f?s=96&d=mm&r=g","caption":"Larissa I. L\u00f3pez"},"description":"Doctora en Comunicaci\u00f3n. Mi trayectoria profesional ha transcurrido entre el \u00e1mbito de la comunicaci\u00f3n y el de la docencia. En los \u00faltimos a\u00f1os, he trabajado como coordinadora y redactora de la edici\u00f3n de ZENIT en espa\u00f1ol. Como profesora, he impartido clases en la universidad y en centros de FP y bachillerato. Cordobesa de nacimiento, tambi\u00e9n he vivido en Sevilla, Madrid y Roma","url":"https:\/\/exaudi.org\/es\/author\/llopezexaudi-org\/"}]}},"jetpack_featured_media_url":"https:\/\/exaudi.org\/wp-content\/uploads\/2021\/06\/Presentacion-de-Informe-\u2013-Memoria-de-los-Hechos-del-Proceso-de-Pacificacion-en-Bolivia.jpeg","jetpack_shortlink":"https:\/\/wp.me\/pgKjF2-6yr","_links":{"self":[{"href":"https:\/\/exaudi.org\/es\/wp-json\/wp\/v2\/posts\/25199","targetHints":{"allow":["GET"]}}],"collection":[{"href":"https:\/\/exaudi.org\/es\/wp-json\/wp\/v2\/posts"}],"about":[{"href":"https:\/\/exaudi.org\/es\/wp-json\/wp\/v2\/types\/post"}],"author":[{"embeddable":true,"href":"https:\/\/exaudi.org\/es\/wp-json\/wp\/v2\/users\/5"}],"replies":[{"embeddable":true,"href":"https:\/\/exaudi.org\/es\/wp-json\/wp\/v2\/comments?post=25199"}],"version-history":[{"count":0,"href":"https:\/\/exaudi.org\/es\/wp-json\/wp\/v2\/posts\/25199\/revisions"}],"wp:featuredmedia":[{"embeddable":true,"href":"https:\/\/exaudi.org\/es\/wp-json\/wp\/v2\/media\/25200"}],"wp:attachment":[{"href":"https:\/\/exaudi.org\/es\/wp-json\/wp\/v2\/media?parent=25199"}],"wp:term":[{"taxonomy":"category","embeddable":true,"href":"https:\/\/exaudi.org\/es\/wp-json\/wp\/v2\/categories?post=25199"},{"taxonomy":"post_tag","embeddable":true,"href":"https:\/\/exaudi.org\/es\/wp-json\/wp\/v2\/tags?post=25199"}],"curies":[{"name":"wp","href":"https:\/\/api.w.org\/{rel}","templated":true}]}}