{"id":25172,"date":"2021-06-30T12:30:44","date_gmt":"2021-06-30T10:30:44","guid":{"rendered":"https:\/\/exaudi.org\/?p=25172"},"modified":"2021-07-02T09:19:03","modified_gmt":"2021-07-02T07:19:03","slug":"catequesis-papa-pablo-verdadero-apostol","status":"publish","type":"post","link":"https:\/\/exaudi.org\/es\/catequesis-papa-pablo-verdadero-apostol\/","title":{"rendered":"Catequesis del Papa: \u201cPablo, verdadero ap\u00f3stol\u201d"},"content":{"rendered":"<p style=\"text-align: justify\">En la catequesis de la <a href=\"https:\/\/exaudi.org\/es\/papa-francisco-san-pablo-verdad-evangelio\/\" target=\"_blank\" rel=\"noopener noreferrer\">audiencia general<\/a> de hoy, 30 de junio de 2021, el Papa Francisco ha relatado c\u00f3mo el ap\u00f3stol san Pablo, en su carta a los g\u00e1latas, \u201cnos indica tambi\u00e9n a nosotros c\u00f3mo comportarnos cuando se crean conflictos dentro de la comunidad\u201d, ya que \u201celige el camino de ir m\u00e1s en profundidad, porque lo que est\u00e1 en juego es la verdad del Evangelio y la libertad de los cristianos\u201d.<\/p>\n<p style=\"text-align: justify\">La audiencia general de este mi\u00e9rcoles ha sido emitida desde la el patio de San D\u00e1maso del Palacio Apost\u00f3lico vaticano, de nuevo con p\u00fablico, cumpliendo las medidas de prevenci\u00f3n frente a la COVID-19. El Santo Padre ha continuado con el ciclo de catequesis sobre la carta de san Pablo a los g\u00e1latas, y hoy se ha centrado en \u00e9l como \u201cVerdadero Ap\u00f3stol\u201d (Lectura: Gal 1,1.13.15-16).<\/p>\n<h4><strong>Conversi\u00f3n de Pablo<\/strong><\/h4>\n<figure id=\"attachment_25177\" aria-describedby=\"caption-attachment-25177\" style=\"width: 300px\" class=\"wp-caption alignleft\"><img loading=\"lazy\" decoding=\"async\" class=\"size-medium wp-image-25177\" src=\"https:\/\/exaudi.org\/wp-content\/uploads\/2021\/06\/DSC6729-300x200.jpg\" alt=\"catequesis Papa Pablo ap\u00f3stol\" width=\"300\" height=\"200\" srcset=\"https:\/\/exaudi.org\/wp-content\/uploads\/2021\/06\/DSC6729-300x200.jpg 300w, https:\/\/exaudi.org\/wp-content\/uploads\/2021\/06\/DSC6729-1024x683.jpg 1024w, https:\/\/exaudi.org\/wp-content\/uploads\/2021\/06\/DSC6729-768x512.jpg 768w, https:\/\/exaudi.org\/wp-content\/uploads\/2021\/06\/DSC6729-1536x1024.jpg 1536w, https:\/\/exaudi.org\/wp-content\/uploads\/2021\/06\/DSC6729-2048x1365.jpg 2048w, https:\/\/exaudi.org\/wp-content\/uploads\/2021\/06\/DSC6729-150x100.jpg 150w, https:\/\/exaudi.org\/wp-content\/uploads\/2021\/06\/DSC6729-696x464.jpg 696w, https:\/\/exaudi.org\/wp-content\/uploads\/2021\/06\/DSC6729-1068x712.jpg 1068w, https:\/\/exaudi.org\/wp-content\/uploads\/2021\/06\/DSC6729-1920x1280.jpg 1920w, https:\/\/exaudi.org\/wp-content\/uploads\/2021\/06\/DSC6729-630x420.jpg 630w\" sizes=\"auto, (max-width: 300px) 100vw, 300px\" \/><figcaption id=\"caption-attachment-25177\" class=\"wp-caption-text\">Audiencia general 30 junio 2021 \u00a9 Vatican Media<\/figcaption><\/figure>\n<p>Al comienzo de su catequesis, el Pont\u00edfice ha relatado que, estando la comunidad de los g\u00e1latas en crisis de fe, san Pablo les muestra en su carta \u201csu preocupaci\u00f3n para que los g\u00e1latas sigan el camino correcto: es la preocupaci\u00f3n de un padre, que gener\u00f3 las comunidades en la fe\u201d. Su intenci\u00f3n, explica, es reafirmarles \u201cla novedad del Evangelio, que los g\u00e1latas han recibido de su predicaci\u00f3n, para construir la verdadera identidad sobre la que fundar la propia existencia\u201d.<\/p>\n<p>Ha destacado c\u00f3mo san Pablo recuerda a los g\u00e1latas \u201cque es un verdadero ap\u00f3stol no por m\u00e9rito propio, sino por la llamada de Dios. \u00c9l mismo cuenta la historia de su vocaci\u00f3n y conversi\u00f3n, que coincide con la aparici\u00f3n de Cristo Resucitado durante el viaje hacia Damasco\u201d.<\/p>\n<p>\u201c\u00c9l insiste al subrayar que hab\u00eda perseguido ferozmente a la Iglesia y que hab\u00eda sido un &#8216;blasfemo, un perseguidor y un insolente&#8217;, no escatima en adjetivos: \u00e9l mismo se califica as\u00ed, por otro lado, evidencia la misericordia de Dios con \u00e9l, que le lleva a vivir una transformaci\u00f3n radical\u201d, se\u00f1ala el Papa.<\/p>\n<h4><strong>Llamada del Se\u00f1or<\/strong><\/h4>\n<figure id=\"attachment_25180\" aria-describedby=\"caption-attachment-25180\" style=\"width: 300px\" class=\"wp-caption alignright\"><img loading=\"lazy\" decoding=\"async\" class=\"size-medium wp-image-25180\" src=\"https:\/\/exaudi.org\/wp-content\/uploads\/2021\/06\/DSC6835-300x200.jpg\" alt=\"\" width=\"300\" height=\"200\" srcset=\"https:\/\/exaudi.org\/wp-content\/uploads\/2021\/06\/DSC6835-300x200.jpg 300w, https:\/\/exaudi.org\/wp-content\/uploads\/2021\/06\/DSC6835-1024x683.jpg 1024w, https:\/\/exaudi.org\/wp-content\/uploads\/2021\/06\/DSC6835-768x512.jpg 768w, https:\/\/exaudi.org\/wp-content\/uploads\/2021\/06\/DSC6835-1536x1024.jpg 1536w, https:\/\/exaudi.org\/wp-content\/uploads\/2021\/06\/DSC6835-2048x1365.jpg 2048w, https:\/\/exaudi.org\/wp-content\/uploads\/2021\/06\/DSC6835-150x100.jpg 150w, https:\/\/exaudi.org\/wp-content\/uploads\/2021\/06\/DSC6835-696x464.jpg 696w, https:\/\/exaudi.org\/wp-content\/uploads\/2021\/06\/DSC6835-1068x712.jpg 1068w, https:\/\/exaudi.org\/wp-content\/uploads\/2021\/06\/DSC6835-1920x1280.jpg 1920w, https:\/\/exaudi.org\/wp-content\/uploads\/2021\/06\/DSC6835-630x420.jpg 630w\" sizes=\"auto, (max-width: 300px) 100vw, 300px\" \/><figcaption id=\"caption-attachment-25180\" class=\"wp-caption-text\">Audiencia general 30 junio 2021 \u00a9 Vatican Media<\/figcaption><\/figure>\n<p>Francisco ha desarrollado que \u201clos caminos del Se\u00f1or son inescrutables. Lo tocamos con la mano cada d\u00eda, pero sobre todo si pensamos en los momentos en los que el Se\u00f1or nos ha llamado. No debemos olvidar nunca el tiempo y la forma en la que Dios ha entrado en nuestra vida: tener fijo en el coraz\u00f3n y en la mente ese encuentro con la gracia, cuando Dios ha cambiado nuestra existencia\u201d.<\/p>\n<p>\u201cNo hay nada casual, porque todo ha sido preparado en el dise\u00f1o de Dios. \u00c9l teje nuestra historia, la historia de cada uno de nosotros: \u00c9l teje nuestra historia y, si nosotros correspondemos con confianza a su plan de salvaci\u00f3n, nos damos cuenta. La llamada conlleva siempre una misi\u00f3n a la que estamos destinados; por esto se nos pide que nos preparemos con seriedad, sabiendo que es Dios mismo quien nos env\u00eda, Dios mismo que nos sostiene con su gracia\u201d, concluye.<\/p>\n<p>A continuaci\u00f3n, sigue la catequesis completa del Obispo de Roma, ofrecida por la <a href=\"https:\/\/www.vatican.va\/news_services\/press\/index_sp.htm\" target=\"_blank\" rel=\"noopener noreferrer\">Oficina de Prensa de la Santa Sede.<\/a><\/p>\n<p>***<\/p>\n<h4><b>Catequesis 2. <i>Pablo, verdadero ap\u00f3stol<\/i><\/b><\/h4>\n<figure id=\"attachment_25183\" aria-describedby=\"caption-attachment-25183\" style=\"width: 300px\" class=\"wp-caption alignleft\"><img loading=\"lazy\" decoding=\"async\" class=\"size-medium wp-image-25183\" src=\"https:\/\/exaudi.org\/wp-content\/uploads\/2021\/06\/DSC5980-300x200.jpg\" alt=\"\" width=\"300\" height=\"200\" srcset=\"https:\/\/exaudi.org\/wp-content\/uploads\/2021\/06\/DSC5980-300x200.jpg 300w, https:\/\/exaudi.org\/wp-content\/uploads\/2021\/06\/DSC5980-1024x683.jpg 1024w, https:\/\/exaudi.org\/wp-content\/uploads\/2021\/06\/DSC5980-768x512.jpg 768w, https:\/\/exaudi.org\/wp-content\/uploads\/2021\/06\/DSC5980-1536x1024.jpg 1536w, https:\/\/exaudi.org\/wp-content\/uploads\/2021\/06\/DSC5980-2048x1365.jpg 2048w, https:\/\/exaudi.org\/wp-content\/uploads\/2021\/06\/DSC5980-150x100.jpg 150w, https:\/\/exaudi.org\/wp-content\/uploads\/2021\/06\/DSC5980-696x464.jpg 696w, https:\/\/exaudi.org\/wp-content\/uploads\/2021\/06\/DSC5980-1068x712.jpg 1068w, https:\/\/exaudi.org\/wp-content\/uploads\/2021\/06\/DSC5980-1920x1280.jpg 1920w, https:\/\/exaudi.org\/wp-content\/uploads\/2021\/06\/DSC5980-630x420.jpg 630w\" sizes=\"auto, (max-width: 300px) 100vw, 300px\" \/><figcaption id=\"caption-attachment-25183\" class=\"wp-caption-text\">Audiencia general 30 junio 2021 \u00a9 Vatican Media<\/figcaption><\/figure>\n<p><i>Hermanos y hermanas, \u00a1buenos d\u00edas!<\/i><\/p>\n<p>Nos adentramos poco a poco en la Carta a los G\u00e1latas. Hemos visto que estos cristianos se encuentran en conflicto sobre c\u00f3mo vivir la fe. El ap\u00f3stol Pablo empieza a escribir su Carta record\u00e1ndoles las relaciones pasadas, el malestar por la distancia y el amor inmutable que tiene por cada uno de ellos. Sin embargo, no deja de se\u00f1alar su preocupaci\u00f3n para que los g\u00e1latas sigan el camino correcto: es la preocupaci\u00f3n de un padre, que gener\u00f3 las comunidades en la fe. Su intenci\u00f3n es muy clara: es necesario reafirmar la novedad del Evangelio, que los g\u00e1latas han recibido de su predicaci\u00f3n, para construir la verdadera identidad sobre la que fundar la propia existencia. Y este es el principio: reafirmar la novedad del Evangelio, lo que los g\u00e1latas han recibido del Ap\u00f3stol.<\/p>\n<p>Descubrimos en seguida que Pablo es un profundo conocedor del misterio del Cristo. Desde el principio de su Carta no sigue los bajos argumentos de sus detractores. El ap\u00f3stol \u201cvuela alto\u201d y nos indica tambi\u00e9n a nosotros c\u00f3mo comportarnos cuando se crean conflictos dentro de la comunidad. De hecho, solo hacia el final de Carta, se aclara que el n\u00facleo de la controversia suscitada es el de la circuncisi\u00f3n, por tanto, de la principal tradici\u00f3n jud\u00eda. Pablo elige el camino de ir m\u00e1s en profundidad, porque lo que est\u00e1 en juego es la verdad del Evangelio y la libertad de los cristianos, que es parte integrante del mismo. No se detiene en la superficie de los problemas, de los conflictos, como a menudo tenemos la tentaci\u00f3n para encontrar en seguida una soluci\u00f3n que ilusiona para poner a todos de acuerdo con un compromiso. Pablo ama a Jes\u00fas y sabe que Jes\u00fas no es un hombre-Dios de acuerdos. No funciona as\u00ed con el Evangelio y el Ap\u00f3stol ha elegido seguir el camino m\u00e1s arduo. Escribe as\u00ed: \u201cPorque \u00bfbusco yo ahora el favor de los hombres o el de Dios?\u201d\u00a0\u00c9l no trata de hacer la paz con todos. Y contin\u00faa: \u201c\u00bfO es que intento agradar a los hombres? Si todav\u00eda tratara de agradar a los hombres, ya no ser\u00eda siervo de Cristo\u201d (<i>Gal<\/i>\u00a01,10).<\/p>\n<figure id=\"attachment_25186\" aria-describedby=\"caption-attachment-25186\" style=\"width: 300px\" class=\"wp-caption alignright\"><img loading=\"lazy\" decoding=\"async\" class=\"size-medium wp-image-25186\" src=\"https:\/\/exaudi.org\/wp-content\/uploads\/2021\/06\/DSC4849-300x200.jpg\" alt=\"\" width=\"300\" height=\"200\" srcset=\"https:\/\/exaudi.org\/wp-content\/uploads\/2021\/06\/DSC4849-300x200.jpg 300w, https:\/\/exaudi.org\/wp-content\/uploads\/2021\/06\/DSC4849-1024x683.jpg 1024w, https:\/\/exaudi.org\/wp-content\/uploads\/2021\/06\/DSC4849-768x512.jpg 768w, https:\/\/exaudi.org\/wp-content\/uploads\/2021\/06\/DSC4849-1536x1024.jpg 1536w, https:\/\/exaudi.org\/wp-content\/uploads\/2021\/06\/DSC4849-2048x1365.jpg 2048w, https:\/\/exaudi.org\/wp-content\/uploads\/2021\/06\/DSC4849-150x100.jpg 150w, https:\/\/exaudi.org\/wp-content\/uploads\/2021\/06\/DSC4849-696x464.jpg 696w, https:\/\/exaudi.org\/wp-content\/uploads\/2021\/06\/DSC4849-1068x712.jpg 1068w, https:\/\/exaudi.org\/wp-content\/uploads\/2021\/06\/DSC4849-1920x1280.jpg 1920w, https:\/\/exaudi.org\/wp-content\/uploads\/2021\/06\/DSC4849-630x420.jpg 630w\" sizes=\"auto, (max-width: 300px) 100vw, 300px\" \/><figcaption id=\"caption-attachment-25186\" class=\"wp-caption-text\">Audiencia general 30 junio 2021 \u00a9 Vatican Media<\/figcaption><\/figure>\n<p>En primer lugar, Pablo se siente en el deber de recordar a los g\u00e1latas que es un verdadero ap\u00f3stol no por m\u00e9rito propio, sino por la llamada de Dios. \u00c9l mismo cuenta la historia de su vocaci\u00f3n y conversi\u00f3n, que coincide con la aparici\u00f3n de Cristo Resucitado durante el viaje hacia Damasco (cfr.\u00a0<i>Hch\u00a0<\/i>9,1-9). Es interesante observar lo que afirma de su vida precedente a ese suceso: \u201cEncarnizadamente persegu\u00eda a la Iglesia de Dios y la devastaba, y c\u00f3mo sobrepasaba en el Juda\u00edsmo a muchos de mis compatriotas contempor\u00e1neos, super\u00e1ndoles en el celo por las tradiciones de mis padres\u201d (<i>Gal<\/i> 1,13-14). Pablo osa afirmar que \u00e9l en el juda\u00edsmo superaba a todos, era un verdadero fariseo celante \u201cen cuanto a la justicia de la Ley, intachable\u201d (<i>Fil<\/i> 3,6). En dos ocasiones destaca que hab\u00eda sido un defensor de las \u201ctradiciones de los padres\u201d y un \u201cconvencido defensor de la ley\u201d. Esta es la historia de Pablo.<\/p>\n<p>Por un lado, \u00e9l insiste al subrayar que hab\u00eda perseguido ferozmente a la Iglesia y que hab\u00eda sido un \u201cblasfemo, un perseguidor y un insolente\u201d (<i>1 Tm<\/i> 1,13) no escatima en adjetivos: \u00e9l mismo se califica as\u00ed, por otro lado, evidencia la misericordia de Dios con \u00e9l, que le lleva a vivir una transformaci\u00f3n radical, bien conocida por todos. Escribe: \u201cPero personalmente no me conoc\u00edan las Iglesias de Judea que est\u00e1n en Cristo. Solamente hab\u00edan o\u00eddo decir: \u201cEl que antes nos persegu\u00eda ahora anuncia la buena nueva de la fe que entonces quer\u00eda destruir\u201d (<i>Gal<\/i>\u00a01,22-23). Se ha convertido, ha cambiado, ha cambiado el coraz\u00f3n. Pablo evidencia as\u00ed la verdad de su vocaci\u00f3n a trav\u00e9s del impresionante contraste que se hab\u00eda creado en su vida: de perseguidor de los cristianos porque no observaban las tradiciones y la ley, hab\u00eda sido llamado a convertirse en ap\u00f3stol para anunciar el Evangelio de Jesucristo. Pero vemos que Pablo es libre: es libre para anunciar el Evangelio y es tambi\u00e9n libre para confesar sus pecados. \u201cYo era as\u00ed\u201d: es la verdad que da la libertad del coraz\u00f3n, es la libertad de Dios.<\/p>\n<figure id=\"attachment_25313\" aria-describedby=\"caption-attachment-25313\" style=\"width: 300px\" class=\"wp-caption alignleft\"><img loading=\"lazy\" decoding=\"async\" class=\"size-medium wp-image-25313\" src=\"https:\/\/exaudi.org\/wp-content\/uploads\/2021\/06\/cq5dam.web_.800.800-6-4-300x200.jpeg\" alt=\"\" width=\"300\" height=\"200\" srcset=\"https:\/\/exaudi.org\/wp-content\/uploads\/2021\/06\/cq5dam.web_.800.800-6-4-300x200.jpeg 300w, https:\/\/exaudi.org\/wp-content\/uploads\/2021\/06\/cq5dam.web_.800.800-6-4-768x512.jpeg 768w, https:\/\/exaudi.org\/wp-content\/uploads\/2021\/06\/cq5dam.web_.800.800-6-4-150x100.jpeg 150w, https:\/\/exaudi.org\/wp-content\/uploads\/2021\/06\/cq5dam.web_.800.800-6-4-696x464.jpeg 696w, https:\/\/exaudi.org\/wp-content\/uploads\/2021\/06\/cq5dam.web_.800.800-6-4-630x420.jpeg 630w, https:\/\/exaudi.org\/wp-content\/uploads\/2021\/06\/cq5dam.web_.800.800-6-4.jpeg 800w\" sizes=\"auto, (max-width: 300px) 100vw, 300px\" \/><figcaption id=\"caption-attachment-25313\" class=\"wp-caption-text\">Audiencia general 30 junio 2021 \u00a9 Vatican Media<\/figcaption><\/figure>\n<p>Pensando en su historia, Pablo est\u00e1 lleno de maravilla y de reconocimiento. Es como si quisiera decir a los g\u00e1latas que \u00e9l podr\u00eda ser de todo menos un ap\u00f3stol. Hab\u00eda sido educado desde ni\u00f1o para ser un irreprensible observador de la ley mosaica, y las circunstancias le hab\u00edan llevado a combatir los disc\u00edpulos de Cristo. Sin embargo, sucedi\u00f3 algo inesperado: Dios, con su gracia, le hab\u00eda revelado a su Hijo muerto y resucitado, para que \u00e9l se convirtiera en anunciador en medio de los paganos (cfr.\u00a0<i>Gal<\/i>\u00a01,15-6).<\/p>\n<p>\u00a1Los caminos del Se\u00f1or son inescrutables! Lo tocamos con la mano cada d\u00eda, pero sobre todo si pensamos en los momentos en los que el Se\u00f1or nos ha llamado. No debemos olvidar nunca el tiempo y la forma en la que Dios ha entrado en nuestra vida: tener fijo en el coraz\u00f3n y en la mente ese encuentro con la gracia, cuando Dios ha cambiado nuestra existencia. Cu\u00e1ntas veces, delante de las grandes obras del Se\u00f1or, surge de forma espont\u00e1nea la pregunta: pero \u00bfc\u00f3mo es posible que Dios se sirva de un pecador, de una persona fr\u00e1gil y d\u00e9bil, para realizar su voluntad? Sin embargo, no hay nada casual, porque todo ha sido preparado en el dise\u00f1o de Dios. \u00c9l teje nuestra historia, la historia de cada uno de nosotros: \u00c9l teje nuestra historia y, si nosotros correspondemos con confianza a su plan de salvaci\u00f3n, nos damos cuenta. La llamada conlleva siempre una misi\u00f3n a la que estamos destinados; por esto se nos pide que nos preparemos con seriedad, sabiendo que es Dios mismo quien nos env\u00eda, Dios mismo que nos sostiene con su gracia. Hermanos y hermanas, dej\u00e9monos conducir por esta conciencia: el primado de la gracia transforma la existencia y la hace digna de ser puesta al servicio del Evangelio. El primado de la gracia cubre todos los pecados, cambia los corazones, cambia la vida, nos hace ver caminos nuevos. \u00a1No olvidemos esto!<\/p>\n<p><strong>\u00a9 Librer\u00eda Editora Vaticana<\/strong><\/p>\n","protected":false},"excerpt":{"rendered":"<p>Texto completo<\/p>\n","protected":false},"author":6,"featured_media":25174,"comment_status":"closed","ping_status":"closed","sticky":false,"template":"","format":"standard","meta":{"_acf_changed":false,"_crdt_document":"","inline_featured_image":false,"footnotes":""},"categories":[112],"tags":[179,158,3122],"class_list":["post-25172","post","type-post","status-publish","format-standard","has-post-thumbnail","hentry","category-audiencia-general","tag-audiencia-general","tag-papa-francisco","tag-san-pablo-es"],"acf":[],"yoast_head":"<!-- This site is optimized with the Yoast SEO plugin v27.4 - https:\/\/yoast.com\/product\/yoast-seo-wordpress\/ -->\n<title>Catequesis del Papa: \u201cPablo, verdadero ap\u00f3stol\u201d &#8211; Exaudi<\/title>\n<meta name=\"description\" content=\"En la catequesis de la Audiencia general de hoy, el Papa ha relatado c\u00f3mo el ap\u00f3stol Pablo ahonda en el Evangelio y la verdadera libertad.\" \/>\n<meta name=\"robots\" content=\"index, follow, max-snippet:-1, max-image-preview:large, max-video-preview:-1\" \/>\n<link rel=\"canonical\" href=\"https:\/\/exaudi.org\/es\/catequesis-papa-pablo-verdadero-apostol\/\" \/>\n<meta property=\"og:locale\" content=\"es_ES\" \/>\n<meta property=\"og:type\" content=\"article\" \/>\n<meta property=\"og:title\" content=\"Catequesis del Papa: \u201cPablo, verdadero ap\u00f3stol\u201d &#8211; Exaudi\" \/>\n<meta property=\"og:description\" content=\"En la catequesis de la Audiencia general de hoy, el Papa ha relatado c\u00f3mo el ap\u00f3stol Pablo ahonda en el Evangelio y la verdadera libertad.\" \/>\n<meta property=\"og:url\" content=\"https:\/\/exaudi.org\/es\/catequesis-papa-pablo-verdadero-apostol\/\" \/>\n<meta property=\"og:site_name\" content=\"Exaudi\" \/>\n<meta property=\"article:publisher\" content=\"https:\/\/www.facebook.com\/ExaudiNews\" \/>\n<meta property=\"article:published_time\" content=\"2021-06-30T10:30:44+00:00\" \/>\n<meta property=\"article:modified_time\" content=\"2021-07-02T07:19:03+00:00\" \/>\n<meta property=\"og:image\" content=\"https:\/\/exaudi.org\/wp-content\/uploads\/2021\/06\/234v33-scaled.jpg\" \/>\n\t<meta property=\"og:image:width\" content=\"2560\" \/>\n\t<meta property=\"og:image:height\" content=\"1707\" \/>\n\t<meta property=\"og:image:type\" content=\"image\/jpeg\" \/>\n<meta name=\"author\" content=\"Gabriel Sales\" \/>\n<meta name=\"twitter:card\" content=\"summary_large_image\" \/>\n<meta name=\"twitter:creator\" content=\"@habemusman\" \/>\n<meta name=\"twitter:site\" content=\"@Exaudi_News\" \/>\n<meta name=\"twitter:label1\" content=\"Escrito por\" \/>\n\t<meta name=\"twitter:data1\" content=\"Gabriel Sales\" \/>\n\t<meta name=\"twitter:label2\" content=\"Tiempo de lectura\" \/>\n\t<meta name=\"twitter:data2\" content=\"8 minutos\" \/>\n<script type=\"application\/ld+json\" class=\"yoast-schema-graph\">{\"@context\":\"https:\\\/\\\/schema.org\",\"@graph\":[{\"@type\":\"Article\",\"@id\":\"https:\\\/\\\/exaudi.org\\\/es\\\/catequesis-papa-pablo-verdadero-apostol\\\/#article\",\"isPartOf\":{\"@id\":\"https:\\\/\\\/exaudi.org\\\/es\\\/catequesis-papa-pablo-verdadero-apostol\\\/\"},\"author\":{\"name\":\"Gabriel Sales\",\"@id\":\"https:\\\/\\\/exaudi.org\\\/#\\\/schema\\\/person\\\/d134b96438278131ce90c90c03fda6cd\"},\"headline\":\"Catequesis del Papa: \u201cPablo, verdadero ap\u00f3stol\u201d\",\"datePublished\":\"2021-06-30T10:30:44+00:00\",\"dateModified\":\"2021-07-02T07:19:03+00:00\",\"mainEntityOfPage\":{\"@id\":\"https:\\\/\\\/exaudi.org\\\/es\\\/catequesis-papa-pablo-verdadero-apostol\\\/\"},\"wordCount\":1718,\"image\":{\"@id\":\"https:\\\/\\\/exaudi.org\\\/es\\\/catequesis-papa-pablo-verdadero-apostol\\\/#primaryimage\"},\"thumbnailUrl\":\"https:\\\/\\\/exaudi.org\\\/wp-content\\\/uploads\\\/2021\\\/06\\\/234v33-scaled.jpg\",\"keywords\":[\"audiencia general\",\"papa francisco\",\"San Pablo\"],\"articleSection\":[\"Audiencia General\"],\"inLanguage\":\"es\"},{\"@type\":\"WebPage\",\"@id\":\"https:\\\/\\\/exaudi.org\\\/es\\\/catequesis-papa-pablo-verdadero-apostol\\\/\",\"url\":\"https:\\\/\\\/exaudi.org\\\/es\\\/catequesis-papa-pablo-verdadero-apostol\\\/\",\"name\":\"Catequesis del Papa: \u201cPablo, verdadero ap\u00f3stol\u201d &#8211; Exaudi\",\"isPartOf\":{\"@id\":\"https:\\\/\\\/exaudi.org\\\/#website\"},\"primaryImageOfPage\":{\"@id\":\"https:\\\/\\\/exaudi.org\\\/es\\\/catequesis-papa-pablo-verdadero-apostol\\\/#primaryimage\"},\"image\":{\"@id\":\"https:\\\/\\\/exaudi.org\\\/es\\\/catequesis-papa-pablo-verdadero-apostol\\\/#primaryimage\"},\"thumbnailUrl\":\"https:\\\/\\\/exaudi.org\\\/wp-content\\\/uploads\\\/2021\\\/06\\\/234v33-scaled.jpg\",\"datePublished\":\"2021-06-30T10:30:44+00:00\",\"dateModified\":\"2021-07-02T07:19:03+00:00\",\"author\":{\"@id\":\"https:\\\/\\\/exaudi.org\\\/#\\\/schema\\\/person\\\/d134b96438278131ce90c90c03fda6cd\"},\"description\":\"En la catequesis de la Audiencia general de hoy, el Papa ha relatado c\u00f3mo el ap\u00f3stol Pablo ahonda en el Evangelio y la verdadera libertad.\",\"breadcrumb\":{\"@id\":\"https:\\\/\\\/exaudi.org\\\/es\\\/catequesis-papa-pablo-verdadero-apostol\\\/#breadcrumb\"},\"inLanguage\":\"es\",\"potentialAction\":[{\"@type\":\"ReadAction\",\"target\":[\"https:\\\/\\\/exaudi.org\\\/es\\\/catequesis-papa-pablo-verdadero-apostol\\\/\"]}]},{\"@type\":\"ImageObject\",\"inLanguage\":\"es\",\"@id\":\"https:\\\/\\\/exaudi.org\\\/es\\\/catequesis-papa-pablo-verdadero-apostol\\\/#primaryimage\",\"url\":\"https:\\\/\\\/exaudi.org\\\/wp-content\\\/uploads\\\/2021\\\/06\\\/234v33-scaled.jpg\",\"contentUrl\":\"https:\\\/\\\/exaudi.org\\\/wp-content\\\/uploads\\\/2021\\\/06\\\/234v33-scaled.jpg\",\"width\":2560,\"height\":1707,\"caption\":\"Audiencia general 30 junio 2021 \u00a9 Vatican Media\"},{\"@type\":\"BreadcrumbList\",\"@id\":\"https:\\\/\\\/exaudi.org\\\/es\\\/catequesis-papa-pablo-verdadero-apostol\\\/#breadcrumb\",\"itemListElement\":[{\"@type\":\"ListItem\",\"position\":1,\"name\":\"Portada\",\"item\":\"https:\\\/\\\/exaudi.org\\\/es\\\/\"},{\"@type\":\"ListItem\",\"position\":2,\"name\":\"Catequesis del Papa: \u201cPablo, verdadero ap\u00f3stol\u201d\"}]},{\"@type\":\"WebSite\",\"@id\":\"https:\\\/\\\/exaudi.org\\\/#website\",\"url\":\"https:\\\/\\\/exaudi.org\\\/\",\"name\":\"Exaudi\",\"description\":\"News\",\"potentialAction\":[{\"@type\":\"SearchAction\",\"target\":{\"@type\":\"EntryPoint\",\"urlTemplate\":\"https:\\\/\\\/exaudi.org\\\/?s={search_term_string}\"},\"query-input\":{\"@type\":\"PropertyValueSpecification\",\"valueRequired\":true,\"valueName\":\"search_term_string\"}}],\"inLanguage\":\"es\"},{\"@type\":\"Person\",\"@id\":\"https:\\\/\\\/exaudi.org\\\/#\\\/schema\\\/person\\\/d134b96438278131ce90c90c03fda6cd\",\"name\":\"Gabriel Sales\",\"image\":{\"@type\":\"ImageObject\",\"inLanguage\":\"es\",\"@id\":\"https:\\\/\\\/secure.gravatar.com\\\/avatar\\\/9b1269566f6a063ed26ffb3532b66a373cdde231ce5d0effb266167437fdaffd?s=96&d=mm&r=g\",\"url\":\"https:\\\/\\\/secure.gravatar.com\\\/avatar\\\/9b1269566f6a063ed26ffb3532b66a373cdde231ce5d0effb266167437fdaffd?s=96&d=mm&r=g\",\"contentUrl\":\"https:\\\/\\\/secure.gravatar.com\\\/avatar\\\/9b1269566f6a063ed26ffb3532b66a373cdde231ce5d0effb266167437fdaffd?s=96&d=mm&r=g\",\"caption\":\"Gabriel Sales\"},\"description\":\"Periodista y especialista en Comunicaci\u00f3n y Branding digital. Cin\u00e9filo y cr\u00edtico de cine y series de televisi\u00f3n.\",\"sameAs\":[\"https:\\\/\\\/www.instagram.com\\\/cine90segundos\\\/\",\"www.linkedin.com\\\/in\\\/habemusman\",\"https:\\\/\\\/x.com\\\/habemusman\",\"https:\\\/\\\/www.youtube.com\\\/channel\\\/UCVfCiOMkJ_C7T7OpyjuaLDg\"],\"url\":\"https:\\\/\\\/exaudi.org\\\/es\\\/author\\\/gsalesexaudi-org\\\/\"}]}<\/script>\n<!-- \/ Yoast SEO plugin. -->","yoast_head_json":{"title":"Catequesis del Papa: \u201cPablo, verdadero ap\u00f3stol\u201d &#8211; Exaudi","description":"En la catequesis de la Audiencia general de hoy, el Papa ha relatado c\u00f3mo el ap\u00f3stol Pablo ahonda en el Evangelio y la verdadera libertad.","robots":{"index":"index","follow":"follow","max-snippet":"max-snippet:-1","max-image-preview":"max-image-preview:large","max-video-preview":"max-video-preview:-1"},"canonical":"https:\/\/exaudi.org\/es\/catequesis-papa-pablo-verdadero-apostol\/","og_locale":"es_ES","og_type":"article","og_title":"Catequesis del Papa: \u201cPablo, verdadero ap\u00f3stol\u201d &#8211; Exaudi","og_description":"En la catequesis de la Audiencia general de hoy, el Papa ha relatado c\u00f3mo el ap\u00f3stol Pablo ahonda en el Evangelio y la verdadera libertad.","og_url":"https:\/\/exaudi.org\/es\/catequesis-papa-pablo-verdadero-apostol\/","og_site_name":"Exaudi","article_publisher":"https:\/\/www.facebook.com\/ExaudiNews","article_published_time":"2021-06-30T10:30:44+00:00","article_modified_time":"2021-07-02T07:19:03+00:00","og_image":[{"width":2560,"height":1707,"url":"https:\/\/exaudi.org\/wp-content\/uploads\/2021\/06\/234v33-scaled.jpg","type":"image\/jpeg"}],"author":"Gabriel Sales","twitter_card":"summary_large_image","twitter_creator":"@habemusman","twitter_site":"@Exaudi_News","twitter_misc":{"Escrito por":"Gabriel Sales","Tiempo de lectura":"8 minutos"},"schema":{"@context":"https:\/\/schema.org","@graph":[{"@type":"Article","@id":"https:\/\/exaudi.org\/es\/catequesis-papa-pablo-verdadero-apostol\/#article","isPartOf":{"@id":"https:\/\/exaudi.org\/es\/catequesis-papa-pablo-verdadero-apostol\/"},"author":{"name":"Gabriel Sales","@id":"https:\/\/exaudi.org\/#\/schema\/person\/d134b96438278131ce90c90c03fda6cd"},"headline":"Catequesis del Papa: \u201cPablo, verdadero ap\u00f3stol\u201d","datePublished":"2021-06-30T10:30:44+00:00","dateModified":"2021-07-02T07:19:03+00:00","mainEntityOfPage":{"@id":"https:\/\/exaudi.org\/es\/catequesis-papa-pablo-verdadero-apostol\/"},"wordCount":1718,"image":{"@id":"https:\/\/exaudi.org\/es\/catequesis-papa-pablo-verdadero-apostol\/#primaryimage"},"thumbnailUrl":"https:\/\/exaudi.org\/wp-content\/uploads\/2021\/06\/234v33-scaled.jpg","keywords":["audiencia general","papa francisco","San Pablo"],"articleSection":["Audiencia General"],"inLanguage":"es"},{"@type":"WebPage","@id":"https:\/\/exaudi.org\/es\/catequesis-papa-pablo-verdadero-apostol\/","url":"https:\/\/exaudi.org\/es\/catequesis-papa-pablo-verdadero-apostol\/","name":"Catequesis del Papa: \u201cPablo, verdadero ap\u00f3stol\u201d &#8211; Exaudi","isPartOf":{"@id":"https:\/\/exaudi.org\/#website"},"primaryImageOfPage":{"@id":"https:\/\/exaudi.org\/es\/catequesis-papa-pablo-verdadero-apostol\/#primaryimage"},"image":{"@id":"https:\/\/exaudi.org\/es\/catequesis-papa-pablo-verdadero-apostol\/#primaryimage"},"thumbnailUrl":"https:\/\/exaudi.org\/wp-content\/uploads\/2021\/06\/234v33-scaled.jpg","datePublished":"2021-06-30T10:30:44+00:00","dateModified":"2021-07-02T07:19:03+00:00","author":{"@id":"https:\/\/exaudi.org\/#\/schema\/person\/d134b96438278131ce90c90c03fda6cd"},"description":"En la catequesis de la Audiencia general de hoy, el Papa ha relatado c\u00f3mo el ap\u00f3stol Pablo ahonda en el Evangelio y la verdadera libertad.","breadcrumb":{"@id":"https:\/\/exaudi.org\/es\/catequesis-papa-pablo-verdadero-apostol\/#breadcrumb"},"inLanguage":"es","potentialAction":[{"@type":"ReadAction","target":["https:\/\/exaudi.org\/es\/catequesis-papa-pablo-verdadero-apostol\/"]}]},{"@type":"ImageObject","inLanguage":"es","@id":"https:\/\/exaudi.org\/es\/catequesis-papa-pablo-verdadero-apostol\/#primaryimage","url":"https:\/\/exaudi.org\/wp-content\/uploads\/2021\/06\/234v33-scaled.jpg","contentUrl":"https:\/\/exaudi.org\/wp-content\/uploads\/2021\/06\/234v33-scaled.jpg","width":2560,"height":1707,"caption":"Audiencia general 30 junio 2021 \u00a9 Vatican Media"},{"@type":"BreadcrumbList","@id":"https:\/\/exaudi.org\/es\/catequesis-papa-pablo-verdadero-apostol\/#breadcrumb","itemListElement":[{"@type":"ListItem","position":1,"name":"Portada","item":"https:\/\/exaudi.org\/es\/"},{"@type":"ListItem","position":2,"name":"Catequesis del Papa: \u201cPablo, verdadero ap\u00f3stol\u201d"}]},{"@type":"WebSite","@id":"https:\/\/exaudi.org\/#website","url":"https:\/\/exaudi.org\/","name":"Exaudi","description":"News","potentialAction":[{"@type":"SearchAction","target":{"@type":"EntryPoint","urlTemplate":"https:\/\/exaudi.org\/?s={search_term_string}"},"query-input":{"@type":"PropertyValueSpecification","valueRequired":true,"valueName":"search_term_string"}}],"inLanguage":"es"},{"@type":"Person","@id":"https:\/\/exaudi.org\/#\/schema\/person\/d134b96438278131ce90c90c03fda6cd","name":"Gabriel Sales","image":{"@type":"ImageObject","inLanguage":"es","@id":"https:\/\/secure.gravatar.com\/avatar\/9b1269566f6a063ed26ffb3532b66a373cdde231ce5d0effb266167437fdaffd?s=96&d=mm&r=g","url":"https:\/\/secure.gravatar.com\/avatar\/9b1269566f6a063ed26ffb3532b66a373cdde231ce5d0effb266167437fdaffd?s=96&d=mm&r=g","contentUrl":"https:\/\/secure.gravatar.com\/avatar\/9b1269566f6a063ed26ffb3532b66a373cdde231ce5d0effb266167437fdaffd?s=96&d=mm&r=g","caption":"Gabriel Sales"},"description":"Periodista y especialista en Comunicaci\u00f3n y Branding digital. Cin\u00e9filo y cr\u00edtico de cine y series de televisi\u00f3n.","sameAs":["https:\/\/www.instagram.com\/cine90segundos\/","www.linkedin.com\/in\/habemusman","https:\/\/x.com\/habemusman","https:\/\/www.youtube.com\/channel\/UCVfCiOMkJ_C7T7OpyjuaLDg"],"url":"https:\/\/exaudi.org\/es\/author\/gsalesexaudi-org\/"}]}},"jetpack_featured_media_url":"https:\/\/exaudi.org\/wp-content\/uploads\/2021\/06\/234v33-scaled.jpg","jetpack_shortlink":"https:\/\/wp.me\/pgKjF2-6y0","_links":{"self":[{"href":"https:\/\/exaudi.org\/es\/wp-json\/wp\/v2\/posts\/25172","targetHints":{"allow":["GET"]}}],"collection":[{"href":"https:\/\/exaudi.org\/es\/wp-json\/wp\/v2\/posts"}],"about":[{"href":"https:\/\/exaudi.org\/es\/wp-json\/wp\/v2\/types\/post"}],"author":[{"embeddable":true,"href":"https:\/\/exaudi.org\/es\/wp-json\/wp\/v2\/users\/6"}],"replies":[{"embeddable":true,"href":"https:\/\/exaudi.org\/es\/wp-json\/wp\/v2\/comments?post=25172"}],"version-history":[{"count":0,"href":"https:\/\/exaudi.org\/es\/wp-json\/wp\/v2\/posts\/25172\/revisions"}],"wp:featuredmedia":[{"embeddable":true,"href":"https:\/\/exaudi.org\/es\/wp-json\/wp\/v2\/media\/25174"}],"wp:attachment":[{"href":"https:\/\/exaudi.org\/es\/wp-json\/wp\/v2\/media?parent=25172"}],"wp:term":[{"taxonomy":"category","embeddable":true,"href":"https:\/\/exaudi.org\/es\/wp-json\/wp\/v2\/categories?post=25172"},{"taxonomy":"post_tag","embeddable":true,"href":"https:\/\/exaudi.org\/es\/wp-json\/wp\/v2\/tags?post=25172"}],"curies":[{"name":"wp","href":"https:\/\/api.w.org\/{rel}","templated":true}]}}