{"id":25065,"date":"2021-06-30T10:52:01","date_gmt":"2021-06-30T08:52:01","guid":{"rendered":"https:\/\/exaudi.org\/?p=25065"},"modified":"2021-07-01T09:42:44","modified_gmt":"2021-07-01T07:42:44","slug":"papa-saludo-peregrinos-eparquia-kosice","status":"publish","type":"post","link":"https:\/\/exaudi.org\/es\/papa-saludo-peregrinos-eparquia-kosice\/","title":{"rendered":"Eslovaquia: Papa saluda a peregrinos de Eparqu\u00eda de Ko\u0161ice"},"content":{"rendered":"<p>En la <a href=\"https:\/\/exaudi.org\/es\/papa-francisco-san-pablo-verdad-evangelio\/\" target=\"_blank\" rel=\"noopener noreferrer\">audiencia general<\/a> de este mi\u00e9rcoles 30 de junio de 2021, antes de su habitual saludo a los fieles de lengua italiana, el Papa Francisco ha aprovechado para saludar a los fieles eslovacos peregrinos \u201cde acci\u00f3n de gracias de la Eparqu\u00eda de Ko\u0161ice, que celebra el 350 aniversario del llanto milagroso del icono de Nuestra Se\u00f1ora de Kloko\u010dov, dirigido por su arzobispo, monse\u00f1or Cyril Vasi\u013e\u201d.<\/p>\n<p>El Santo Padre ha pedido \u201cque esta celebraci\u00f3n de la Madre de Dios renueve en vuestro pueblo la fe y el sentido vivo de su intercesi\u00f3n en vuestro camino\u201d, y ha bendecido \u201cde coraz\u00f3n\u201d a los fieles de Eslovaquia y a sus seres queridos, al tiempo que exclamaba <em>\u201c\u00a1Sl\u00e1va Isusu Christu!\u201d.<\/em><\/p>\n<p>El pasado 24 de junio, el Papa acept\u00f3 la renuncia al gobierno pastoral de la Eparqu\u00eda de Ko\u0161ice para los cat\u00f3licos de rito bizantino, Eslovaquia, presentada por Milan Chautur, y nombr\u00f3 en este cargo a Mons. Cyril Vasil&#8217;, hasta ese momento administrador apost\u00f3lico sede plena de la misma circunscripci\u00f3n, conservando para \u00e9l el t\u00edtulo personal de arzobispo.<\/p>\n<h4><strong>Audiencia a peregrinos eslovacos<\/strong><\/h4>\n<p>El 6 de octubre de 2018, el Pont\u00edfice recibi\u00f3 en el Aula Pablo VI del Vaticano a los casi 1300 peregrinos eslovacos que viajaron a Roma en peregrinaci\u00f3n, con motivo de la celebraci\u00f3n jubilar por los 200 a\u00f1os de la Eparqu\u00eda de Pre\u0161ov, actual sede metropolitana <em>sui iuris<\/em> greco-cat\u00f3lica eslovaca.<\/p>\n<p>En su discurso, salud\u00f3 a los presentes, empezando por su metropolitano, monse\u00f1or J\u00e1n Babjak, y siguiendo por sus hermanos obispos, Mons. Chautur de la Eparqu\u00eda de Ko\u0161ice, Mons. Rusn\u00e1k de Bratislava y el prelado en Canad\u00e1, Mons. Pac\u00e1k.<\/p>\n<p>A los presentes en la audiencia, les anim\u00f3 a continuar con la obra de gu\u00eda del Pueblo de Dios y proseguir con el ejemplo de los beatos obispos m\u00e1rtires Peter Pavol Gojdi\u010d y Vasi\u013e Hopko. Les llam\u00f3 a difundir \u201cla bondad, la generosidad y la mansedumbre, con profunda humildad y sencillez\u201d, aguardando como \u201cpastores seg\u00fan el coraz\u00f3n de Dios que es Padre\u201d, y siguiendo las huellas de Cristo \u201cque ha venido no para ser servido sino para servir\u201d.<\/p>\n<h4><b>El testimonio de san Pablo<\/b><\/h4>\n<p>En la audiencia general de esta ma\u00f1ana, \u00faltima antes de la pausa de verano que Francisco se toma para el mes de julio, el Santo Padre ha ilustrado c\u00f3mo san Pablo ahonda en \u201cla verdad del Evangelio y sobre todo la libertad de los cristianos\u201d, nos ense\u00f1a a \u201cvolar alto y nos indica c\u00f3mo comportarnos cuando surgen problemas en la comunidad eclesial\u201d.<\/p>\n<p>Hoy, 30 de junio de 2021, el Obispo de Roma ha presidido la audiencia general en el patio San D\u00e1maso del <a href=\"http:\/\/www.vatican.va\/news_services\/press\/documentazione\/documents\/sp_ss_scv\/informazione_generale\/sp_ss_scv_info-generale_sp.html\" target=\"_blank\" rel=\"noopener noreferrer\">Palacio Apost\u00f3lico\u00a0vaticano<\/a>, transmitida en directo, de nuevo con fieles, adapt\u00e1ndose a las medidas de prevenci\u00f3n frente a la\u00a0<a href=\"https:\/\/exaudi.org\/es\/cardenal-felipe-arizmendi-vacunas-para-la-vida\/\" target=\"_blank\" rel=\"noopener noreferrer\">COVID-19<\/a>, y ha continuado con el ciclo de catequesis sobre la carta de san Pablo a los G\u00e1latas, centr\u00e1ndose en \u00e9l como \u201cverdadero ap\u00f3stol\u201d.<\/p>\n","protected":false},"excerpt":{"rendered":"<p>Peregrinos por el 350 aniversario del llanto milagroso del icono de Nuestra Se\u00f1ora de Kloko\u010dov<\/p>\n","protected":false},"author":6,"featured_media":25066,"comment_status":"closed","ping_status":"closed","sticky":false,"template":"","format":"standard","meta":{"_acf_changed":false,"_crdt_document":"","inline_featured_image":false,"footnotes":""},"categories":[112,298],"tags":[179,3126,3127,158,523],"class_list":["post-25065","post","type-post","status-publish","format-standard","has-post-thumbnail","hentry","category-audiencia-general","category-ultimas-noticias","tag-audiencia-general","tag-eparquia-de-kosice","tag-eslovaquia","tag-papa-francisco","tag-saludo"],"acf":[],"yoast_head":"<!-- This site is optimized with the Yoast SEO plugin v27.5 - https:\/\/yoast.com\/product\/yoast-seo-wordpress\/ -->\n<title>Eslovaquia: Papa saluda a peregrinos de Eparqu\u00eda de Ko\u0161ice - Exaudi<\/title>\n<meta name=\"description\" content=\"Antes de su habitual saludo a los fieles de lengua italiana, el Papa ha saludado a los peregrinos presentes de la Eparqu\u00eda de Ko\u0161ice.\" \/>\n<meta name=\"robots\" content=\"index, follow, max-snippet:-1, max-image-preview:large, max-video-preview:-1\" \/>\n<link rel=\"canonical\" href=\"https:\/\/exaudi.org\/es\/papa-saludo-peregrinos-eparquia-kosice\/\" \/>\n<meta property=\"og:locale\" content=\"es_ES\" \/>\n<meta property=\"og:type\" content=\"article\" \/>\n<meta property=\"og:title\" content=\"Eslovaquia: Papa saluda a peregrinos de Eparqu\u00eda de Ko\u0161ice - Exaudi\" \/>\n<meta property=\"og:description\" content=\"Antes de su habitual saludo a los fieles de lengua italiana, el Papa ha saludado a los peregrinos presentes de la Eparqu\u00eda de Ko\u0161ice.\" \/>\n<meta property=\"og:url\" content=\"https:\/\/exaudi.org\/es\/papa-saludo-peregrinos-eparquia-kosice\/\" \/>\n<meta property=\"og:site_name\" content=\"Exaudi\" \/>\n<meta property=\"article:publisher\" content=\"https:\/\/www.facebook.com\/ExaudiNews\" \/>\n<meta property=\"article:published_time\" content=\"2021-06-30T08:52:01+00:00\" \/>\n<meta property=\"article:modified_time\" content=\"2021-07-01T07:42:44+00:00\" \/>\n<meta property=\"og:image\" content=\"https:\/\/exaudi.org\/wp-content\/uploads\/2021\/06\/234v2v33.jpeg\" \/>\n\t<meta property=\"og:image:width\" content=\"777\" \/>\n\t<meta property=\"og:image:height\" content=\"518\" \/>\n\t<meta property=\"og:image:type\" content=\"image\/jpeg\" \/>\n<meta name=\"author\" content=\"Gabriel Sales\" \/>\n<meta name=\"twitter:card\" content=\"summary_large_image\" \/>\n<meta name=\"twitter:creator\" content=\"@habemusman\" \/>\n<meta name=\"twitter:site\" content=\"@Exaudi_News\" \/>\n<meta name=\"twitter:label1\" content=\"Escrito por\" \/>\n\t<meta name=\"twitter:data1\" content=\"Gabriel Sales\" \/>\n\t<meta name=\"twitter:label2\" content=\"Tiempo de lectura\" \/>\n\t<meta name=\"twitter:data2\" content=\"3 minutos\" \/>\n<script type=\"application\/ld+json\" class=\"yoast-schema-graph\">{\"@context\":\"https:\\\/\\\/schema.org\",\"@graph\":[{\"@type\":\"Article\",\"@id\":\"https:\\\/\\\/exaudi.org\\\/es\\\/papa-saludo-peregrinos-eparquia-kosice\\\/#article\",\"isPartOf\":{\"@id\":\"https:\\\/\\\/exaudi.org\\\/es\\\/papa-saludo-peregrinos-eparquia-kosice\\\/\"},\"author\":{\"name\":\"Gabriel Sales\",\"@id\":\"https:\\\/\\\/exaudi.org\\\/#\\\/schema\\\/person\\\/d134b96438278131ce90c90c03fda6cd\"},\"headline\":\"Eslovaquia: Papa saluda a peregrinos de Eparqu\u00eda de Ko\u0161ice\",\"datePublished\":\"2021-06-30T08:52:01+00:00\",\"dateModified\":\"2021-07-01T07:42:44+00:00\",\"mainEntityOfPage\":{\"@id\":\"https:\\\/\\\/exaudi.org\\\/es\\\/papa-saludo-peregrinos-eparquia-kosice\\\/\"},\"wordCount\":521,\"image\":{\"@id\":\"https:\\\/\\\/exaudi.org\\\/es\\\/papa-saludo-peregrinos-eparquia-kosice\\\/#primaryimage\"},\"thumbnailUrl\":\"https:\\\/\\\/exaudi.org\\\/wp-content\\\/uploads\\\/2021\\\/06\\\/234v2v33.jpeg\",\"keywords\":[\"audiencia general\",\"Eparqu\u00eda de Ko\u0161ice\",\"Eslovaquia\",\"papa francisco\",\"Saludo\"],\"articleSection\":[\"Audiencia General\",\"\u00daltimas noticias\"],\"inLanguage\":\"es\"},{\"@type\":\"WebPage\",\"@id\":\"https:\\\/\\\/exaudi.org\\\/es\\\/papa-saludo-peregrinos-eparquia-kosice\\\/\",\"url\":\"https:\\\/\\\/exaudi.org\\\/es\\\/papa-saludo-peregrinos-eparquia-kosice\\\/\",\"name\":\"Eslovaquia: Papa saluda a peregrinos de Eparqu\u00eda de Ko\u0161ice - Exaudi\",\"isPartOf\":{\"@id\":\"https:\\\/\\\/exaudi.org\\\/#website\"},\"primaryImageOfPage\":{\"@id\":\"https:\\\/\\\/exaudi.org\\\/es\\\/papa-saludo-peregrinos-eparquia-kosice\\\/#primaryimage\"},\"image\":{\"@id\":\"https:\\\/\\\/exaudi.org\\\/es\\\/papa-saludo-peregrinos-eparquia-kosice\\\/#primaryimage\"},\"thumbnailUrl\":\"https:\\\/\\\/exaudi.org\\\/wp-content\\\/uploads\\\/2021\\\/06\\\/234v2v33.jpeg\",\"datePublished\":\"2021-06-30T08:52:01+00:00\",\"dateModified\":\"2021-07-01T07:42:44+00:00\",\"author\":{\"@id\":\"https:\\\/\\\/exaudi.org\\\/#\\\/schema\\\/person\\\/d134b96438278131ce90c90c03fda6cd\"},\"description\":\"Antes de su habitual saludo a los fieles de lengua italiana, el Papa ha saludado a los peregrinos presentes de la Eparqu\u00eda de Ko\u0161ice.\",\"breadcrumb\":{\"@id\":\"https:\\\/\\\/exaudi.org\\\/es\\\/papa-saludo-peregrinos-eparquia-kosice\\\/#breadcrumb\"},\"inLanguage\":\"es\",\"potentialAction\":[{\"@type\":\"ReadAction\",\"target\":[\"https:\\\/\\\/exaudi.org\\\/es\\\/papa-saludo-peregrinos-eparquia-kosice\\\/\"]}]},{\"@type\":\"ImageObject\",\"inLanguage\":\"es\",\"@id\":\"https:\\\/\\\/exaudi.org\\\/es\\\/papa-saludo-peregrinos-eparquia-kosice\\\/#primaryimage\",\"url\":\"https:\\\/\\\/exaudi.org\\\/wp-content\\\/uploads\\\/2021\\\/06\\\/234v2v33.jpeg\",\"contentUrl\":\"https:\\\/\\\/exaudi.org\\\/wp-content\\\/uploads\\\/2021\\\/06\\\/234v2v33.jpeg\",\"width\":777,\"height\":518,\"caption\":\"El Papa recibe en 2018 a peregrinos de las eparqu\u00edas eslovacas \u00a9 Vatican Media\"},{\"@type\":\"BreadcrumbList\",\"@id\":\"https:\\\/\\\/exaudi.org\\\/es\\\/papa-saludo-peregrinos-eparquia-kosice\\\/#breadcrumb\",\"itemListElement\":[{\"@type\":\"ListItem\",\"position\":1,\"name\":\"Portada\",\"item\":\"https:\\\/\\\/exaudi.org\\\/es\\\/\"},{\"@type\":\"ListItem\",\"position\":2,\"name\":\"Eslovaquia: Papa saluda a peregrinos de Eparqu\u00eda de Ko\u0161ice\"}]},{\"@type\":\"WebSite\",\"@id\":\"https:\\\/\\\/exaudi.org\\\/#website\",\"url\":\"https:\\\/\\\/exaudi.org\\\/\",\"name\":\"Exaudi\",\"description\":\"News\",\"potentialAction\":[{\"@type\":\"SearchAction\",\"target\":{\"@type\":\"EntryPoint\",\"urlTemplate\":\"https:\\\/\\\/exaudi.org\\\/?s={search_term_string}\"},\"query-input\":{\"@type\":\"PropertyValueSpecification\",\"valueRequired\":true,\"valueName\":\"search_term_string\"}}],\"inLanguage\":\"es\"},{\"@type\":\"Person\",\"@id\":\"https:\\\/\\\/exaudi.org\\\/#\\\/schema\\\/person\\\/d134b96438278131ce90c90c03fda6cd\",\"name\":\"Gabriel Sales\",\"image\":{\"@type\":\"ImageObject\",\"inLanguage\":\"es\",\"@id\":\"https:\\\/\\\/secure.gravatar.com\\\/avatar\\\/9b1269566f6a063ed26ffb3532b66a373cdde231ce5d0effb266167437fdaffd?s=96&d=mm&r=g\",\"url\":\"https:\\\/\\\/secure.gravatar.com\\\/avatar\\\/9b1269566f6a063ed26ffb3532b66a373cdde231ce5d0effb266167437fdaffd?s=96&d=mm&r=g\",\"contentUrl\":\"https:\\\/\\\/secure.gravatar.com\\\/avatar\\\/9b1269566f6a063ed26ffb3532b66a373cdde231ce5d0effb266167437fdaffd?s=96&d=mm&r=g\",\"caption\":\"Gabriel Sales\"},\"description\":\"Periodista y especialista en Comunicaci\u00f3n y Branding digital. Cin\u00e9filo y cr\u00edtico de cine y series de televisi\u00f3n.\",\"sameAs\":[\"https:\\\/\\\/www.instagram.com\\\/cine90segundos\\\/\",\"www.linkedin.com\\\/in\\\/habemusman\",\"https:\\\/\\\/x.com\\\/habemusman\",\"https:\\\/\\\/www.youtube.com\\\/channel\\\/UCVfCiOMkJ_C7T7OpyjuaLDg\"],\"url\":\"https:\\\/\\\/exaudi.org\\\/es\\\/author\\\/gsalesexaudi-org\\\/\"}]}<\/script>\n<!-- \/ Yoast SEO plugin. -->","yoast_head_json":{"title":"Eslovaquia: Papa saluda a peregrinos de Eparqu\u00eda de Ko\u0161ice - Exaudi","description":"Antes de su habitual saludo a los fieles de lengua italiana, el Papa ha saludado a los peregrinos presentes de la Eparqu\u00eda de Ko\u0161ice.","robots":{"index":"index","follow":"follow","max-snippet":"max-snippet:-1","max-image-preview":"max-image-preview:large","max-video-preview":"max-video-preview:-1"},"canonical":"https:\/\/exaudi.org\/es\/papa-saludo-peregrinos-eparquia-kosice\/","og_locale":"es_ES","og_type":"article","og_title":"Eslovaquia: Papa saluda a peregrinos de Eparqu\u00eda de Ko\u0161ice - Exaudi","og_description":"Antes de su habitual saludo a los fieles de lengua italiana, el Papa ha saludado a los peregrinos presentes de la Eparqu\u00eda de Ko\u0161ice.","og_url":"https:\/\/exaudi.org\/es\/papa-saludo-peregrinos-eparquia-kosice\/","og_site_name":"Exaudi","article_publisher":"https:\/\/www.facebook.com\/ExaudiNews","article_published_time":"2021-06-30T08:52:01+00:00","article_modified_time":"2021-07-01T07:42:44+00:00","og_image":[{"width":777,"height":518,"url":"https:\/\/exaudi.org\/wp-content\/uploads\/2021\/06\/234v2v33.jpeg","type":"image\/jpeg"}],"author":"Gabriel Sales","twitter_card":"summary_large_image","twitter_creator":"@habemusman","twitter_site":"@Exaudi_News","twitter_misc":{"Escrito por":"Gabriel Sales","Tiempo de lectura":"3 minutos"},"schema":{"@context":"https:\/\/schema.org","@graph":[{"@type":"Article","@id":"https:\/\/exaudi.org\/es\/papa-saludo-peregrinos-eparquia-kosice\/#article","isPartOf":{"@id":"https:\/\/exaudi.org\/es\/papa-saludo-peregrinos-eparquia-kosice\/"},"author":{"name":"Gabriel Sales","@id":"https:\/\/exaudi.org\/#\/schema\/person\/d134b96438278131ce90c90c03fda6cd"},"headline":"Eslovaquia: Papa saluda a peregrinos de Eparqu\u00eda de Ko\u0161ice","datePublished":"2021-06-30T08:52:01+00:00","dateModified":"2021-07-01T07:42:44+00:00","mainEntityOfPage":{"@id":"https:\/\/exaudi.org\/es\/papa-saludo-peregrinos-eparquia-kosice\/"},"wordCount":521,"image":{"@id":"https:\/\/exaudi.org\/es\/papa-saludo-peregrinos-eparquia-kosice\/#primaryimage"},"thumbnailUrl":"https:\/\/exaudi.org\/wp-content\/uploads\/2021\/06\/234v2v33.jpeg","keywords":["audiencia general","Eparqu\u00eda de Ko\u0161ice","Eslovaquia","papa francisco","Saludo"],"articleSection":["Audiencia General","\u00daltimas noticias"],"inLanguage":"es"},{"@type":"WebPage","@id":"https:\/\/exaudi.org\/es\/papa-saludo-peregrinos-eparquia-kosice\/","url":"https:\/\/exaudi.org\/es\/papa-saludo-peregrinos-eparquia-kosice\/","name":"Eslovaquia: Papa saluda a peregrinos de Eparqu\u00eda de Ko\u0161ice - Exaudi","isPartOf":{"@id":"https:\/\/exaudi.org\/#website"},"primaryImageOfPage":{"@id":"https:\/\/exaudi.org\/es\/papa-saludo-peregrinos-eparquia-kosice\/#primaryimage"},"image":{"@id":"https:\/\/exaudi.org\/es\/papa-saludo-peregrinos-eparquia-kosice\/#primaryimage"},"thumbnailUrl":"https:\/\/exaudi.org\/wp-content\/uploads\/2021\/06\/234v2v33.jpeg","datePublished":"2021-06-30T08:52:01+00:00","dateModified":"2021-07-01T07:42:44+00:00","author":{"@id":"https:\/\/exaudi.org\/#\/schema\/person\/d134b96438278131ce90c90c03fda6cd"},"description":"Antes de su habitual saludo a los fieles de lengua italiana, el Papa ha saludado a los peregrinos presentes de la Eparqu\u00eda de Ko\u0161ice.","breadcrumb":{"@id":"https:\/\/exaudi.org\/es\/papa-saludo-peregrinos-eparquia-kosice\/#breadcrumb"},"inLanguage":"es","potentialAction":[{"@type":"ReadAction","target":["https:\/\/exaudi.org\/es\/papa-saludo-peregrinos-eparquia-kosice\/"]}]},{"@type":"ImageObject","inLanguage":"es","@id":"https:\/\/exaudi.org\/es\/papa-saludo-peregrinos-eparquia-kosice\/#primaryimage","url":"https:\/\/exaudi.org\/wp-content\/uploads\/2021\/06\/234v2v33.jpeg","contentUrl":"https:\/\/exaudi.org\/wp-content\/uploads\/2021\/06\/234v2v33.jpeg","width":777,"height":518,"caption":"El Papa recibe en 2018 a peregrinos de las eparqu\u00edas eslovacas \u00a9 Vatican Media"},{"@type":"BreadcrumbList","@id":"https:\/\/exaudi.org\/es\/papa-saludo-peregrinos-eparquia-kosice\/#breadcrumb","itemListElement":[{"@type":"ListItem","position":1,"name":"Portada","item":"https:\/\/exaudi.org\/es\/"},{"@type":"ListItem","position":2,"name":"Eslovaquia: Papa saluda a peregrinos de Eparqu\u00eda de Ko\u0161ice"}]},{"@type":"WebSite","@id":"https:\/\/exaudi.org\/#website","url":"https:\/\/exaudi.org\/","name":"Exaudi","description":"News","potentialAction":[{"@type":"SearchAction","target":{"@type":"EntryPoint","urlTemplate":"https:\/\/exaudi.org\/?s={search_term_string}"},"query-input":{"@type":"PropertyValueSpecification","valueRequired":true,"valueName":"search_term_string"}}],"inLanguage":"es"},{"@type":"Person","@id":"https:\/\/exaudi.org\/#\/schema\/person\/d134b96438278131ce90c90c03fda6cd","name":"Gabriel Sales","image":{"@type":"ImageObject","inLanguage":"es","@id":"https:\/\/secure.gravatar.com\/avatar\/9b1269566f6a063ed26ffb3532b66a373cdde231ce5d0effb266167437fdaffd?s=96&d=mm&r=g","url":"https:\/\/secure.gravatar.com\/avatar\/9b1269566f6a063ed26ffb3532b66a373cdde231ce5d0effb266167437fdaffd?s=96&d=mm&r=g","contentUrl":"https:\/\/secure.gravatar.com\/avatar\/9b1269566f6a063ed26ffb3532b66a373cdde231ce5d0effb266167437fdaffd?s=96&d=mm&r=g","caption":"Gabriel Sales"},"description":"Periodista y especialista en Comunicaci\u00f3n y Branding digital. Cin\u00e9filo y cr\u00edtico de cine y series de televisi\u00f3n.","sameAs":["https:\/\/www.instagram.com\/cine90segundos\/","www.linkedin.com\/in\/habemusman","https:\/\/x.com\/habemusman","https:\/\/www.youtube.com\/channel\/UCVfCiOMkJ_C7T7OpyjuaLDg"],"url":"https:\/\/exaudi.org\/es\/author\/gsalesexaudi-org\/"}]}},"jetpack_featured_media_url":"https:\/\/exaudi.org\/wp-content\/uploads\/2021\/06\/234v2v33.jpeg","jetpack_shortlink":"https:\/\/wp.me\/pgKjF2-6wh","_links":{"self":[{"href":"https:\/\/exaudi.org\/es\/wp-json\/wp\/v2\/posts\/25065","targetHints":{"allow":["GET"]}}],"collection":[{"href":"https:\/\/exaudi.org\/es\/wp-json\/wp\/v2\/posts"}],"about":[{"href":"https:\/\/exaudi.org\/es\/wp-json\/wp\/v2\/types\/post"}],"author":[{"embeddable":true,"href":"https:\/\/exaudi.org\/es\/wp-json\/wp\/v2\/users\/6"}],"replies":[{"embeddable":true,"href":"https:\/\/exaudi.org\/es\/wp-json\/wp\/v2\/comments?post=25065"}],"version-history":[{"count":0,"href":"https:\/\/exaudi.org\/es\/wp-json\/wp\/v2\/posts\/25065\/revisions"}],"wp:featuredmedia":[{"embeddable":true,"href":"https:\/\/exaudi.org\/es\/wp-json\/wp\/v2\/media\/25066"}],"wp:attachment":[{"href":"https:\/\/exaudi.org\/es\/wp-json\/wp\/v2\/media?parent=25065"}],"wp:term":[{"taxonomy":"category","embeddable":true,"href":"https:\/\/exaudi.org\/es\/wp-json\/wp\/v2\/categories?post=25065"},{"taxonomy":"post_tag","embeddable":true,"href":"https:\/\/exaudi.org\/es\/wp-json\/wp\/v2\/tags?post=25065"}],"curies":[{"name":"wp","href":"https:\/\/api.w.org\/{rel}","templated":true}]}}