{"id":25007,"date":"2021-06-30T08:46:52","date_gmt":"2021-06-30T06:46:52","guid":{"rendered":"https:\/\/exaudi.org\/?p=25007"},"modified":"2021-06-30T16:39:12","modified_gmt":"2021-06-30T14:39:12","slug":"cardenal-arizmendi-otro-pais-desde-la-familia","status":"publish","type":"post","link":"https:\/\/exaudi.org\/es\/cardenal-arizmendi-otro-pais-desde-la-familia\/","title":{"rendered":"Cardenal Arizmendi: \u201cOtro pa\u00eds, desde la familia\u201d"},"content":{"rendered":"<p>El cardenal\u00a0<a href=\"https:\/\/exaudi.org\/es\/author\/felipearizmendi\/\">Felipe Arizmendi Esquivel<\/a>, obispo em\u00e9rito de San Crist\u00f3bal de Las Casas y responsable de la Doctrina de la Fe en la\u00a0<a href=\"https:\/\/www.cem.org.mx\/\">Conferencia del Episcopado Mexicano<\/a>\u00a0(CEM), ofrece a los lectores de Exaudi su art\u00edculo semanal titulado \u201cOtro pa\u00eds, desde la familia\u201d.<\/p>\n<p>***<\/p>\n<h4><strong>Ver<\/strong><\/h4>\n<p>Se nos ha descompuesto mucho el pa\u00eds, por la pandemia, la corrupci\u00f3n, la pobreza, y sobre todo por la violencia, por el dominio del crimen organizado, por sus amenazas si no cumples sus exigencias, por las extorsiones a los pobres y la sensaci\u00f3n de que el gobierno central les ha abandonado, porque \u00e9ste tom\u00f3 la opci\u00f3n pol\u00edtica de no declararles la guerra, con lo cual ellos se sienten due\u00f1os de vidas y territorios, con capacidad armada para hacer dinero en formas muy arbitrarias. Esos grupos no entienden buenas razones. \u00bfQu\u00e9 hacer? \u00bfS\u00f3lo quejarnos contra el gobierno? Tenemos un recurso fundamental: las familias bien constituidas, que educan para el amor fraterno, para el trabajo honrado y para la paz social.<\/p>\n<p>Muchos de nosotros procedemos de hogares sencillos y pobres, con limitaciones, pero trabajadores y honrados, fieles a sus compromisos familiares y solidarios con los dem\u00e1s. All\u00ed aprendimos el valor de la fraternidad, el respeto a los dem\u00e1s, el trabajo sacrificado, el perd\u00f3n mutuo, la austeridad, la fe en Dios y el amor al pr\u00f3jimo. \u00a1Qu\u00e9 valiosas son nuestras familias! Nos educaron para ser ciudadanos responsables, cristianos conscientes, miembros respetuosos de la comunidad y solidarios con los pobres. \u00a1Estas son las familias que pueden salvar a un pueblo y a un pa\u00eds!<\/p>\n<h4><strong>P<\/strong><strong>ensar<\/strong><\/h4>\n<p>Sobre estas realidades, el Papa Francisco nos dijo a los obispos mexicanos, en la Catedral de la Ciudad de M\u00e9xico:<\/p>\n<p>\u201cLes ruego por favor no minusvalorar el desafi\u0301o e\u0301tico y anti ci\u0301vico que el narcotra\u0301fico representa para la juventud y para la entera sociedad mexicana, comprendida la Iglesia. La proporcio\u0301n del feno\u0301meno, la complejidad de sus causas, la inmensidad de su extensio\u0301n, como meta\u0301stasis que devora, la gravedad de la violencia que disgrega y sus trastornadas conexiones, no nos consienten a nosotros, Pastores de la Iglesia, refugiarnos en condenas gene\u0301ricas, sino que exigen un coraje profe\u0301tico y un serio y cualificado proyecto pastoral para contribuir, gradualmente, a entretejer aquella delicada red humana, sin la cual todos seri\u0301amos desde el inicio derrotados por tal insidiosa amenaza. So\u0301lo comenzando por las familias; acerca\u0301ndonos y abrazando la periferia humana y existencial de los territorios desolados de nuestras ciudades; involucrando a las comunidades parroquiales, las escuelas, las instituciones comunitarias, las comunidades poli\u0301ticas, las estructuras de seguridad; so\u0301lo asi\u0301 se podra\u0301 liberar totalmente de las aguas en las cuales lamentablemente se ahogan tantas vidas, sea la vida de quien muere como vi\u0301ctima, sea la de quien delante de Dios tendra\u0301 siempre las manos manchadas de sangre, aunque tenga los bolsillos llenos de dinero so\u0301rdido y la conciencia anestesiada\u201d (13-II-2016).<\/p>\n<p>En atenci\u00f3n a este llamado del Papa, los obispos mexicanos elaboramos nuestro Proyecto Global Pastoral 2031+2033<em>, <\/em>en que decimos:<\/p>\n<p><em>\u201c<\/em>Hoy vivimos situaciones que nos han rebasado en mucho y que son un verdadero calvario para personas, familias y comunidades enteras, en una espiral de dolor a la que por el momento no se le ve fin. Muchos pueblos en nuestro pa\u00eds experimentan constantemente la inseguridad, el miedo, el abandono de sus hogares y una completa orfandad por parte de quienes tienen la obligaci\u00f3n de proteger sus vidas y cuidar sus bienes. Tal parece que esta situaci\u00f3n de violencia ha rebasado a las autoridades en muchas partes del pa\u00eds, los grupos delincuenciales se han establecido como verdaderos due\u00f1os y se\u00f1ores de espacios y cotos de poder y, debido a la furia y a la capacidad de terror de muchos de ellos, han puesto a prueba la fuerza de la ley y del orden. Son muchos los sufrimientos que a causa de la violencia a lo largo de estos \u00faltimos a\u00f1os se han ido acumulando en las familias del pueblo mexicano\u201d (PGP 56).<\/p>\n<p>\u201cEl panorama social se ha ido ensombreciendo paulatinamente por el fortalecimiento alarmante del crimen organizado que tiene m\u00faltiples ramificaciones y un entorno internacional que lo alimenta y fortalece, corrompiendo la mente y el coraz\u00f3n de personas y autoridades.\u00a0 La introducci\u00f3n de una narco-cultura en nuestra sociedad mexicana, de conseguir dinero r\u00e1pido, f\u00e1cil y de cualquier forma, ha venido a da\u00f1ar profundamente la mente de muchas personas, a quienes no les importa matar, robar, extorsionar, secuestrar o hacer cualquier cosa con tal de conseguir sus objetivos. Hechos tristemente exaltados cada d\u00eda como material medi\u00e1tico por los medios de comunicaci\u00f3n. Son muchas las causas que alimentan esta hoguera y que mantienen encendida esta llama de dolor: la p\u00e9rdida de valores, la desintegraci\u00f3n familiar, la falta de oportunidades, los trabajos mal remunerados, la corrupci\u00f3n galopante en todos los niveles, la ingobernabilidad, la impunidad, etc. Esta sociedad que tendr\u00eda que ofrecer a todos los ciudadanos las condiciones necesarias para vivir con dignidad, est\u00e1 da\u00f1ada y es necesario que todos como miembros de ella tomemos conciencia de esta realidad y nos hagamos responsables, para que pueda cumplir como un espacio de vida digna para todos sus miembros\u201d (PGP 57).<\/p>\n<p>Ante esta realidad, sostenemos que hay esperanza para transformar el pa\u00eds, a partir de familias bien constituidas:<\/p>\n<p><em>\u00a0<\/em>\u201cNos alegra y damos gracias a Dios por el don de la familia en nuestro pueblo mexicano. Nosotros amamos nuestra familia porque ella constituye una de las bases fundamentales de la sociedad y de la Iglesia. Cu\u00e1nta alegr\u00eda encontramos en aquellos espacios dom\u00e9sticos que tejen con cari\u00f1o cada d\u00eda la vida de los esposos, hijos, nietos, hermanos, y todas aquellas relaciones familiares que fortalecen a la persona, experimentando constantemente la solidaridad y el cari\u00f1o en ella. Esta realidad humana sigue siendo motivo de esperanza porque constituye el lugar fundamental donde se forman los verdaderos ciudadanos y cristianos para nuestra patria. Cu\u00e1nto bien nos hace ver la fidelidad, la entrega, el trabajo de cada d\u00eda, el amor de padre y madre, abuelas, t\u00edos y madres solteras criando y educando a sus hijos\u201d (PGP 49).<\/p>\n<h4><strong><em>\u00a0<\/em><\/strong><strong>Actuar<\/strong><\/h4>\n<p>Nuestro episcopado propone \u201catender especialmente a las necesidades materiales y espirituales de la familia, base fundamental de la sociedad y de la Iglesia, para que cumpla su misi\u00f3n de educar en los valores humanos y cristianos\u201d (PGP 173 d).<\/p>\n<p>Apreciemos nuestra familia y hagamos hasta lo imposible para que no se destruyan los hogares, que se mantengan fieles, que eduquen a sus hijos en el amor, el trabajo y la solidaridad social. Eduquemos a los j\u00f3venes para que aprendan a valorar la familia y le pongan s\u00f3lidos cimientos a su posible matrimonio. Desde la familia, podemos reconstruir nuestro pa\u00eds.<\/p>\n<audio class=\"wp-audio-shortcode\" id=\"audio-25007-1\" preload=\"none\" style=\"width: 100%;\" controls=\"controls\"><source type=\"audio\/mpeg\" src=\"https:\/\/exaudi.org\/wp-content\/uploads\/2021\/06\/Articulo-30-junio.mp3?_=1\" \/><a href=\"https:\/\/exaudi.org\/wp-content\/uploads\/2021\/06\/Articulo-30-junio.mp3\">https:\/\/exaudi.org\/wp-content\/uploads\/2021\/06\/Articulo-30-junio.mp3<\/a><\/audio>\n","protected":false},"excerpt":{"rendered":"<p>\u201cDesde la familia, podemos reconstruir nuestro pa\u00eds\u201d<\/p>\n","protected":false},"author":24,"featured_media":25008,"comment_status":"open","ping_status":"open","sticky":false,"template":"","format":"standard","meta":{"_acf_changed":false,"_crdt_document":"","inline_featured_image":false,"footnotes":""},"categories":[298,130],"tags":[413,617,415],"class_list":["post-25007","post","type-post","status-publish","format-standard","has-post-thumbnail","hentry","category-ultimas-noticias","category-voces","tag-cardenal-felipe-arizmendi-esquivel","tag-familia","tag-mexico"],"acf":[],"yoast_head":"<!-- This site is optimized with the Yoast SEO plugin v27.5 - https:\/\/yoast.com\/product\/yoast-seo-wordpress\/ -->\n<title>Cardenal Arizmendi: \u201cOtro pa\u00eds, desde la familia\u201d &#8211; Exaudi<\/title>\n<meta name=\"description\" content=\"El cardenal\u00a0Felipe Arizmendi, obispo em\u00e9rito de San Crist\u00f3bal de Las Casas, su art\u00edculo semanal titulado \u201cOtro pa\u00eds, desde la familia\u201d.\" \/>\n<meta name=\"robots\" content=\"index, follow, max-snippet:-1, max-image-preview:large, max-video-preview:-1\" \/>\n<link rel=\"canonical\" href=\"https:\/\/exaudi.org\/es\/cardenal-arizmendi-otro-pais-desde-la-familia\/\" \/>\n<meta property=\"og:locale\" content=\"es_ES\" \/>\n<meta property=\"og:type\" content=\"article\" \/>\n<meta property=\"og:title\" content=\"Cardenal Arizmendi: \u201cOtro pa\u00eds, desde la familia\u201d &#8211; Exaudi\" \/>\n<meta property=\"og:description\" content=\"El cardenal\u00a0Felipe Arizmendi, obispo em\u00e9rito de San Crist\u00f3bal de Las Casas, su art\u00edculo semanal titulado \u201cOtro pa\u00eds, desde la familia\u201d.\" \/>\n<meta property=\"og:url\" content=\"https:\/\/exaudi.org\/es\/cardenal-arizmendi-otro-pais-desde-la-familia\/\" \/>\n<meta property=\"og:site_name\" content=\"Exaudi\" \/>\n<meta property=\"article:publisher\" content=\"https:\/\/www.facebook.com\/ExaudiNews\" \/>\n<meta property=\"article:published_time\" content=\"2021-06-30T06:46:52+00:00\" \/>\n<meta property=\"article:modified_time\" content=\"2021-06-30T14:39:12+00:00\" \/>\n<meta property=\"og:image\" content=\"https:\/\/exaudi.org\/wp-content\/uploads\/2021\/06\/pexels-migs-reyes-4205505-scaled.jpg\" \/>\n\t<meta property=\"og:image:width\" content=\"2560\" \/>\n\t<meta property=\"og:image:height\" content=\"1707\" \/>\n\t<meta property=\"og:image:type\" content=\"image\/jpeg\" \/>\n<meta name=\"author\" content=\"Cardenal Felipe Arizmendi\" \/>\n<meta name=\"twitter:card\" content=\"summary_large_image\" \/>\n<meta name=\"twitter:creator\" content=\"@Exaudi_News\" \/>\n<meta name=\"twitter:site\" content=\"@Exaudi_News\" \/>\n<meta name=\"twitter:label1\" content=\"Escrito por\" \/>\n\t<meta name=\"twitter:data1\" content=\"Cardenal Felipe Arizmendi\" \/>\n\t<meta name=\"twitter:label2\" content=\"Tiempo de lectura\" \/>\n\t<meta name=\"twitter:data2\" content=\"5 minutos\" \/>\n<script type=\"application\/ld+json\" class=\"yoast-schema-graph\">{\"@context\":\"https:\\\/\\\/schema.org\",\"@graph\":[{\"@type\":\"Article\",\"@id\":\"https:\\\/\\\/exaudi.org\\\/es\\\/cardenal-arizmendi-otro-pais-desde-la-familia\\\/#article\",\"isPartOf\":{\"@id\":\"https:\\\/\\\/exaudi.org\\\/es\\\/cardenal-arizmendi-otro-pais-desde-la-familia\\\/\"},\"author\":{\"name\":\"Cardenal Felipe Arizmendi\",\"@id\":\"https:\\\/\\\/exaudi.org\\\/#\\\/schema\\\/person\\\/c7d223f87e58f1105d044d8da1439102\"},\"headline\":\"Cardenal Arizmendi: \u201cOtro pa\u00eds, desde la familia\u201d\",\"datePublished\":\"2021-06-30T06:46:52+00:00\",\"dateModified\":\"2021-06-30T14:39:12+00:00\",\"mainEntityOfPage\":{\"@id\":\"https:\\\/\\\/exaudi.org\\\/es\\\/cardenal-arizmendi-otro-pais-desde-la-familia\\\/\"},\"wordCount\":1179,\"commentCount\":0,\"image\":{\"@id\":\"https:\\\/\\\/exaudi.org\\\/es\\\/cardenal-arizmendi-otro-pais-desde-la-familia\\\/#primaryimage\"},\"thumbnailUrl\":\"https:\\\/\\\/exaudi.org\\\/wp-content\\\/uploads\\\/2021\\\/06\\\/pexels-migs-reyes-4205505-scaled.jpg\",\"keywords\":[\"Cardenal Felipe Arizmendi Esquivel\",\"Familia\",\"M\u00e9xico\"],\"articleSection\":[\"\u00daltimas noticias\",\"Voces\"],\"inLanguage\":\"es\",\"potentialAction\":[{\"@type\":\"CommentAction\",\"name\":\"Comment\",\"target\":[\"https:\\\/\\\/exaudi.org\\\/es\\\/cardenal-arizmendi-otro-pais-desde-la-familia\\\/#respond\"]}]},{\"@type\":\"WebPage\",\"@id\":\"https:\\\/\\\/exaudi.org\\\/es\\\/cardenal-arizmendi-otro-pais-desde-la-familia\\\/\",\"url\":\"https:\\\/\\\/exaudi.org\\\/es\\\/cardenal-arizmendi-otro-pais-desde-la-familia\\\/\",\"name\":\"Cardenal Arizmendi: \u201cOtro pa\u00eds, desde la familia\u201d &#8211; Exaudi\",\"isPartOf\":{\"@id\":\"https:\\\/\\\/exaudi.org\\\/#website\"},\"primaryImageOfPage\":{\"@id\":\"https:\\\/\\\/exaudi.org\\\/es\\\/cardenal-arizmendi-otro-pais-desde-la-familia\\\/#primaryimage\"},\"image\":{\"@id\":\"https:\\\/\\\/exaudi.org\\\/es\\\/cardenal-arizmendi-otro-pais-desde-la-familia\\\/#primaryimage\"},\"thumbnailUrl\":\"https:\\\/\\\/exaudi.org\\\/wp-content\\\/uploads\\\/2021\\\/06\\\/pexels-migs-reyes-4205505-scaled.jpg\",\"datePublished\":\"2021-06-30T06:46:52+00:00\",\"dateModified\":\"2021-06-30T14:39:12+00:00\",\"author\":{\"@id\":\"https:\\\/\\\/exaudi.org\\\/#\\\/schema\\\/person\\\/c7d223f87e58f1105d044d8da1439102\"},\"description\":\"El cardenal\u00a0Felipe Arizmendi, obispo em\u00e9rito de San Crist\u00f3bal de Las Casas, su art\u00edculo semanal titulado \u201cOtro pa\u00eds, desde la familia\u201d.\",\"breadcrumb\":{\"@id\":\"https:\\\/\\\/exaudi.org\\\/es\\\/cardenal-arizmendi-otro-pais-desde-la-familia\\\/#breadcrumb\"},\"inLanguage\":\"es\",\"potentialAction\":[{\"@type\":\"ReadAction\",\"target\":[\"https:\\\/\\\/exaudi.org\\\/es\\\/cardenal-arizmendi-otro-pais-desde-la-familia\\\/\"]}]},{\"@type\":\"ImageObject\",\"inLanguage\":\"es\",\"@id\":\"https:\\\/\\\/exaudi.org\\\/es\\\/cardenal-arizmendi-otro-pais-desde-la-familia\\\/#primaryimage\",\"url\":\"https:\\\/\\\/exaudi.org\\\/wp-content\\\/uploads\\\/2021\\\/06\\\/pexels-migs-reyes-4205505-scaled.jpg\",\"contentUrl\":\"https:\\\/\\\/exaudi.org\\\/wp-content\\\/uploads\\\/2021\\\/06\\\/pexels-migs-reyes-4205505-scaled.jpg\",\"width\":2560,\"height\":1707,\"caption\":\"Cardenal Arizmendi pa\u00eds familia\"},{\"@type\":\"BreadcrumbList\",\"@id\":\"https:\\\/\\\/exaudi.org\\\/es\\\/cardenal-arizmendi-otro-pais-desde-la-familia\\\/#breadcrumb\",\"itemListElement\":[{\"@type\":\"ListItem\",\"position\":1,\"name\":\"Portada\",\"item\":\"https:\\\/\\\/exaudi.org\\\/es\\\/\"},{\"@type\":\"ListItem\",\"position\":2,\"name\":\"Cardenal Arizmendi: \u201cOtro pa\u00eds, desde la familia\u201d\"}]},{\"@type\":\"WebSite\",\"@id\":\"https:\\\/\\\/exaudi.org\\\/#website\",\"url\":\"https:\\\/\\\/exaudi.org\\\/\",\"name\":\"Exaudi\",\"description\":\"News\",\"potentialAction\":[{\"@type\":\"SearchAction\",\"target\":{\"@type\":\"EntryPoint\",\"urlTemplate\":\"https:\\\/\\\/exaudi.org\\\/?s={search_term_string}\"},\"query-input\":{\"@type\":\"PropertyValueSpecification\",\"valueRequired\":true,\"valueName\":\"search_term_string\"}}],\"inLanguage\":\"es\"},{\"@type\":\"Person\",\"@id\":\"https:\\\/\\\/exaudi.org\\\/#\\\/schema\\\/person\\\/c7d223f87e58f1105d044d8da1439102\",\"name\":\"Cardenal Felipe Arizmendi\",\"image\":{\"@type\":\"ImageObject\",\"inLanguage\":\"es\",\"@id\":\"https:\\\/\\\/secure.gravatar.com\\\/avatar\\\/4ffc5520d896b86d39346168903de33a17ef0f23d16de0ff45062c1ff422ed2f?s=96&d=mm&r=g\",\"url\":\"https:\\\/\\\/secure.gravatar.com\\\/avatar\\\/4ffc5520d896b86d39346168903de33a17ef0f23d16de0ff45062c1ff422ed2f?s=96&d=mm&r=g\",\"contentUrl\":\"https:\\\/\\\/secure.gravatar.com\\\/avatar\\\/4ffc5520d896b86d39346168903de33a17ef0f23d16de0ff45062c1ff422ed2f?s=96&d=mm&r=g\",\"caption\":\"Cardenal Felipe Arizmendi\"},\"description\":\"Nacido en Chiltepec el 1 de mayo de 1940. Estudi\u00f3 Humanidades y Filosof\u00eda en el Seminario de Toluca, de 1952 a 1959. Curs\u00f3 la Teolog\u00eda en la Universidad Pontificia de Salamanca, Espa\u00f1a, de 1959 a 1963, obteniendo la licenciatura en Teolog\u00eda Dogm\u00e1tica. Por su cuenta, se especializ\u00f3 en Liturgia. Fue ordenado sacerdote el 25 de agosto de 1963 en Toluca. Sirvi\u00f3 como Vicario Parroquial en tres parroquias por tres a\u00f1os y medio y fue p\u00e1rroco de una comunidad ind\u00edgena otom\u00ed, de 1967 a 1970. Fue Director Espiritual del Seminario de Toluca por diez a\u00f1os, y Rector del mismo de 1981 a 1991. El 7 de marzo de 1991, fue ordenado obispo de la di\u00f3cesis de Tapachula, donde estuvo hasta el 30 de abril del a\u00f1o 2000. El 1 de mayo del 2000, inici\u00f3 su ministerio episcopal como XLVI obispo de la di\u00f3cesis de San Crist\u00f3bal de las Casas, Chiapas, una de las di\u00f3cesis m\u00e1s antiguas de M\u00e9xico, erigida en 1539; all\u00ed sirvi\u00f3 por casi 18 a\u00f1os. Ha ocupado diversos cargos en la Conferencia del Episcopado Mexicano y en el CELAM. El 3 de noviembre de 2017, el Papa Francisco le acept\u00f3, por edad, su renuncia al servicio episcopal en esta di\u00f3cesis, que entreg\u00f3 a su sucesor el 3 de enero de 2018. Desde entonces, reside en la ciudad de Toluca. Desde 1979, escribe art\u00edculos de actualidad en varios medios religiosos y civiles. Es autor de varias publicaciones.\",\"url\":\"https:\\\/\\\/exaudi.org\\\/es\\\/author\\\/felipearizmendi\\\/\"}]}<\/script>\n<!-- \/ Yoast SEO plugin. -->","yoast_head_json":{"title":"Cardenal Arizmendi: \u201cOtro pa\u00eds, desde la familia\u201d &#8211; Exaudi","description":"El cardenal\u00a0Felipe Arizmendi, obispo em\u00e9rito de San Crist\u00f3bal de Las Casas, su art\u00edculo semanal titulado \u201cOtro pa\u00eds, desde la familia\u201d.","robots":{"index":"index","follow":"follow","max-snippet":"max-snippet:-1","max-image-preview":"max-image-preview:large","max-video-preview":"max-video-preview:-1"},"canonical":"https:\/\/exaudi.org\/es\/cardenal-arizmendi-otro-pais-desde-la-familia\/","og_locale":"es_ES","og_type":"article","og_title":"Cardenal Arizmendi: \u201cOtro pa\u00eds, desde la familia\u201d &#8211; Exaudi","og_description":"El cardenal\u00a0Felipe Arizmendi, obispo em\u00e9rito de San Crist\u00f3bal de Las Casas, su art\u00edculo semanal titulado \u201cOtro pa\u00eds, desde la familia\u201d.","og_url":"https:\/\/exaudi.org\/es\/cardenal-arizmendi-otro-pais-desde-la-familia\/","og_site_name":"Exaudi","article_publisher":"https:\/\/www.facebook.com\/ExaudiNews","article_published_time":"2021-06-30T06:46:52+00:00","article_modified_time":"2021-06-30T14:39:12+00:00","og_image":[{"width":2560,"height":1707,"url":"https:\/\/exaudi.org\/wp-content\/uploads\/2021\/06\/pexels-migs-reyes-4205505-scaled.jpg","type":"image\/jpeg"}],"author":"Cardenal Felipe Arizmendi","twitter_card":"summary_large_image","twitter_creator":"@Exaudi_News","twitter_site":"@Exaudi_News","twitter_misc":{"Escrito por":"Cardenal Felipe Arizmendi","Tiempo de lectura":"5 minutos"},"schema":{"@context":"https:\/\/schema.org","@graph":[{"@type":"Article","@id":"https:\/\/exaudi.org\/es\/cardenal-arizmendi-otro-pais-desde-la-familia\/#article","isPartOf":{"@id":"https:\/\/exaudi.org\/es\/cardenal-arizmendi-otro-pais-desde-la-familia\/"},"author":{"name":"Cardenal Felipe Arizmendi","@id":"https:\/\/exaudi.org\/#\/schema\/person\/c7d223f87e58f1105d044d8da1439102"},"headline":"Cardenal Arizmendi: \u201cOtro pa\u00eds, desde la familia\u201d","datePublished":"2021-06-30T06:46:52+00:00","dateModified":"2021-06-30T14:39:12+00:00","mainEntityOfPage":{"@id":"https:\/\/exaudi.org\/es\/cardenal-arizmendi-otro-pais-desde-la-familia\/"},"wordCount":1179,"commentCount":0,"image":{"@id":"https:\/\/exaudi.org\/es\/cardenal-arizmendi-otro-pais-desde-la-familia\/#primaryimage"},"thumbnailUrl":"https:\/\/exaudi.org\/wp-content\/uploads\/2021\/06\/pexels-migs-reyes-4205505-scaled.jpg","keywords":["Cardenal Felipe Arizmendi Esquivel","Familia","M\u00e9xico"],"articleSection":["\u00daltimas noticias","Voces"],"inLanguage":"es","potentialAction":[{"@type":"CommentAction","name":"Comment","target":["https:\/\/exaudi.org\/es\/cardenal-arizmendi-otro-pais-desde-la-familia\/#respond"]}]},{"@type":"WebPage","@id":"https:\/\/exaudi.org\/es\/cardenal-arizmendi-otro-pais-desde-la-familia\/","url":"https:\/\/exaudi.org\/es\/cardenal-arizmendi-otro-pais-desde-la-familia\/","name":"Cardenal Arizmendi: \u201cOtro pa\u00eds, desde la familia\u201d &#8211; Exaudi","isPartOf":{"@id":"https:\/\/exaudi.org\/#website"},"primaryImageOfPage":{"@id":"https:\/\/exaudi.org\/es\/cardenal-arizmendi-otro-pais-desde-la-familia\/#primaryimage"},"image":{"@id":"https:\/\/exaudi.org\/es\/cardenal-arizmendi-otro-pais-desde-la-familia\/#primaryimage"},"thumbnailUrl":"https:\/\/exaudi.org\/wp-content\/uploads\/2021\/06\/pexels-migs-reyes-4205505-scaled.jpg","datePublished":"2021-06-30T06:46:52+00:00","dateModified":"2021-06-30T14:39:12+00:00","author":{"@id":"https:\/\/exaudi.org\/#\/schema\/person\/c7d223f87e58f1105d044d8da1439102"},"description":"El cardenal\u00a0Felipe Arizmendi, obispo em\u00e9rito de San Crist\u00f3bal de Las Casas, su art\u00edculo semanal titulado \u201cOtro pa\u00eds, desde la familia\u201d.","breadcrumb":{"@id":"https:\/\/exaudi.org\/es\/cardenal-arizmendi-otro-pais-desde-la-familia\/#breadcrumb"},"inLanguage":"es","potentialAction":[{"@type":"ReadAction","target":["https:\/\/exaudi.org\/es\/cardenal-arizmendi-otro-pais-desde-la-familia\/"]}]},{"@type":"ImageObject","inLanguage":"es","@id":"https:\/\/exaudi.org\/es\/cardenal-arizmendi-otro-pais-desde-la-familia\/#primaryimage","url":"https:\/\/exaudi.org\/wp-content\/uploads\/2021\/06\/pexels-migs-reyes-4205505-scaled.jpg","contentUrl":"https:\/\/exaudi.org\/wp-content\/uploads\/2021\/06\/pexels-migs-reyes-4205505-scaled.jpg","width":2560,"height":1707,"caption":"Cardenal Arizmendi pa\u00eds familia"},{"@type":"BreadcrumbList","@id":"https:\/\/exaudi.org\/es\/cardenal-arizmendi-otro-pais-desde-la-familia\/#breadcrumb","itemListElement":[{"@type":"ListItem","position":1,"name":"Portada","item":"https:\/\/exaudi.org\/es\/"},{"@type":"ListItem","position":2,"name":"Cardenal Arizmendi: \u201cOtro pa\u00eds, desde la familia\u201d"}]},{"@type":"WebSite","@id":"https:\/\/exaudi.org\/#website","url":"https:\/\/exaudi.org\/","name":"Exaudi","description":"News","potentialAction":[{"@type":"SearchAction","target":{"@type":"EntryPoint","urlTemplate":"https:\/\/exaudi.org\/?s={search_term_string}"},"query-input":{"@type":"PropertyValueSpecification","valueRequired":true,"valueName":"search_term_string"}}],"inLanguage":"es"},{"@type":"Person","@id":"https:\/\/exaudi.org\/#\/schema\/person\/c7d223f87e58f1105d044d8da1439102","name":"Cardenal Felipe Arizmendi","image":{"@type":"ImageObject","inLanguage":"es","@id":"https:\/\/secure.gravatar.com\/avatar\/4ffc5520d896b86d39346168903de33a17ef0f23d16de0ff45062c1ff422ed2f?s=96&d=mm&r=g","url":"https:\/\/secure.gravatar.com\/avatar\/4ffc5520d896b86d39346168903de33a17ef0f23d16de0ff45062c1ff422ed2f?s=96&d=mm&r=g","contentUrl":"https:\/\/secure.gravatar.com\/avatar\/4ffc5520d896b86d39346168903de33a17ef0f23d16de0ff45062c1ff422ed2f?s=96&d=mm&r=g","caption":"Cardenal Felipe Arizmendi"},"description":"Nacido en Chiltepec el 1 de mayo de 1940. Estudi\u00f3 Humanidades y Filosof\u00eda en el Seminario de Toluca, de 1952 a 1959. Curs\u00f3 la Teolog\u00eda en la Universidad Pontificia de Salamanca, Espa\u00f1a, de 1959 a 1963, obteniendo la licenciatura en Teolog\u00eda Dogm\u00e1tica. Por su cuenta, se especializ\u00f3 en Liturgia. Fue ordenado sacerdote el 25 de agosto de 1963 en Toluca. Sirvi\u00f3 como Vicario Parroquial en tres parroquias por tres a\u00f1os y medio y fue p\u00e1rroco de una comunidad ind\u00edgena otom\u00ed, de 1967 a 1970. Fue Director Espiritual del Seminario de Toluca por diez a\u00f1os, y Rector del mismo de 1981 a 1991. El 7 de marzo de 1991, fue ordenado obispo de la di\u00f3cesis de Tapachula, donde estuvo hasta el 30 de abril del a\u00f1o 2000. El 1 de mayo del 2000, inici\u00f3 su ministerio episcopal como XLVI obispo de la di\u00f3cesis de San Crist\u00f3bal de las Casas, Chiapas, una de las di\u00f3cesis m\u00e1s antiguas de M\u00e9xico, erigida en 1539; all\u00ed sirvi\u00f3 por casi 18 a\u00f1os. Ha ocupado diversos cargos en la Conferencia del Episcopado Mexicano y en el CELAM. El 3 de noviembre de 2017, el Papa Francisco le acept\u00f3, por edad, su renuncia al servicio episcopal en esta di\u00f3cesis, que entreg\u00f3 a su sucesor el 3 de enero de 2018. Desde entonces, reside en la ciudad de Toluca. Desde 1979, escribe art\u00edculos de actualidad en varios medios religiosos y civiles. Es autor de varias publicaciones.","url":"https:\/\/exaudi.org\/es\/author\/felipearizmendi\/"}]}},"jetpack_featured_media_url":"https:\/\/exaudi.org\/wp-content\/uploads\/2021\/06\/pexels-migs-reyes-4205505-scaled.jpg","jetpack_shortlink":"https:\/\/wp.me\/pgKjF2-6vl","_links":{"self":[{"href":"https:\/\/exaudi.org\/es\/wp-json\/wp\/v2\/posts\/25007","targetHints":{"allow":["GET"]}}],"collection":[{"href":"https:\/\/exaudi.org\/es\/wp-json\/wp\/v2\/posts"}],"about":[{"href":"https:\/\/exaudi.org\/es\/wp-json\/wp\/v2\/types\/post"}],"author":[{"embeddable":true,"href":"https:\/\/exaudi.org\/es\/wp-json\/wp\/v2\/users\/24"}],"replies":[{"embeddable":true,"href":"https:\/\/exaudi.org\/es\/wp-json\/wp\/v2\/comments?post=25007"}],"version-history":[{"count":0,"href":"https:\/\/exaudi.org\/es\/wp-json\/wp\/v2\/posts\/25007\/revisions"}],"wp:featuredmedia":[{"embeddable":true,"href":"https:\/\/exaudi.org\/es\/wp-json\/wp\/v2\/media\/25008"}],"wp:attachment":[{"href":"https:\/\/exaudi.org\/es\/wp-json\/wp\/v2\/media?parent=25007"}],"wp:term":[{"taxonomy":"category","embeddable":true,"href":"https:\/\/exaudi.org\/es\/wp-json\/wp\/v2\/categories?post=25007"},{"taxonomy":"post_tag","embeddable":true,"href":"https:\/\/exaudi.org\/es\/wp-json\/wp\/v2\/tags?post=25007"}],"curies":[{"name":"wp","href":"https:\/\/api.w.org\/{rel}","templated":true}]}}