{"id":24934,"date":"2021-06-29T15:43:38","date_gmt":"2021-06-29T13:43:38","guid":{"rendered":"https:\/\/exaudi.org\/?p=24934"},"modified":"2021-06-30T15:03:46","modified_gmt":"2021-06-30T13:03:46","slug":"benedicto-xvi-cumple-70-anos-sacerdote","status":"publish","type":"post","link":"https:\/\/exaudi.org\/es\/benedicto-xvi-cumple-70-anos-sacerdote\/","title":{"rendered":"Benedicto XVI cumple 70 a\u00f1os como sacerdote"},"content":{"rendered":"<p>Hoy, 29 de junio de 2021, el <a href=\"https:\/\/www.vatican.va\/content\/benedict-xvi\/es.html\" target=\"_blank\" rel=\"noopener noreferrer\">papa Benedicto XVI<\/a> cumple 70 a\u00f1os como sacerdote. Este hito ha suscitado un profundo elogio por parte del Papa Francisco, que ha recordado la ocasi\u00f3n tras <a href=\"https:\/\/exaudi.org\/es\/papa-francisco-jesus-pregunta-quien-soy-yo-para-ti\/\" target=\"_blank\" rel=\"noopener noreferrer\">rezar el \u00c1ngelus<\/a> del mediod\u00eda con los fieles reunidos en la Plaza de San Pedro por la <a href=\"https:\/\/exaudi.org\/es\/san-pedro-san-pablo-significado\/\" target=\"_blank\" rel=\"noopener noreferrer\">Solemnidad de San Pedro y San Pablo.<\/a><\/p>\n<p>\u201cY hoy se cumple un aniversario que toca el coraz\u00f3n de todos nosotros: hace 70 a\u00f1os, el papa Benedicto fue ordenado sacerdote\u201d, ha se\u00f1alado el Pont\u00edfice. \u201cA ti, Benedicto, querido padre y hermano van nuestro afecto, nuestra gratitud y nuestra cercan\u00eda\u201d.<\/p>\n<p>\u201cVive en el monasterio, un lugar destinado a albergar a las comunidades contemplativas aqu\u00ed en el Vaticano para que puedan rezar por la Iglesia. Ahora es el contemplativo del Vaticano, que pasa su vida rezando por la Iglesia y por la di\u00f3cesis de Roma, de la que es obispo em\u00e9rito\u201d. \u201cGracias, Benedicto, querido padre y hermano. Gracias por tu testimonio cre\u00edble. Gracias por tu mirada, constantemente dirigida hacia el horizonte de Dios: \u00a1gracias!\u201d<\/p>\n<p>Ordenado sacerdote en 1951 en su Baviera natal, Ratzinger emprendi\u00f3 una carrera acad\u00e9mica y se consolid\u00f3 como un te\u00f3logo de gran prestigio a finales de los a\u00f1os cincuenta. Fue nombrado profesor titular en 1958, a la edad de 31 a\u00f1os. Tras una larga carrera como profesor de teolog\u00eda en varias universidades alemanas, fue nombrado arzobispo de M\u00fanich y Freising y creado cardenal por el papa Pablo VI en 1977, una promoci\u00f3n inusual para alguien con poca experiencia pastoral.<\/p>\n<p>En 1981 fue nombrado prefecto de la Congregaci\u00f3n para la Doctrina de la Fe, uno de los dicasterios m\u00e1s importantes de la Curia Romana. Desde 2002 hasta su elecci\u00f3n como Sumo Pont\u00edfice, fue tambi\u00e9n decano del Colegio Cardenalicio. Antes de ser Papa, fue un asesor clave de Juan Pablo II. Anunci\u00f3 su renuncia como el 11 de febrero de 2013. Vive en Roma desde 1981.<\/p>\n<p><a href=\"https:\/\/exaudi.org\/es\/feliz-94-cumpleanos-benedicto-xvi\/\" target=\"_blank\" rel=\"noopener noreferrer\">Benedicto XVI celebr\u00f3 recientemente su 94\u00ba cumplea\u00f1os.<\/a><\/p>\n","protected":false},"excerpt":{"rendered":"<p>Francisco conmemora la ocasi\u00f3n tras rezar el \u00c1ngelus<\/p>\n","protected":false},"author":4,"featured_media":24947,"comment_status":"closed","ping_status":"closed","sticky":false,"template":"","format":"standard","meta":{"_acf_changed":false,"_crdt_document":"","inline_featured_image":false,"footnotes":""},"categories":[142,298],"tags":[1772,515],"class_list":["post-24934","post","type-post","status-publish","format-standard","has-post-thumbnail","hentry","category-papas","category-ultimas-noticias","tag-aniversario","tag-benedicto-xvi"],"acf":[],"yoast_head":"<!-- This site is optimized with the Yoast SEO plugin v27.5 - https:\/\/yoast.com\/product\/yoast-seo-wordpress\/ -->\n<title>Benedicto XVI cumple 70 a\u00f1os como sacerdote &#8211; Exaudi<\/title>\n<meta name=\"description\" content=\"Hoy, 29 de junio de 2021, el papa Benedicto XVI cumple el 70 a\u00f1os como sacerdote, hito recordado por Francisco en el rezo del \u00c1ngelus.\" \/>\n<meta name=\"robots\" content=\"index, follow, max-snippet:-1, max-image-preview:large, max-video-preview:-1\" \/>\n<link rel=\"canonical\" href=\"https:\/\/exaudi.org\/es\/benedicto-xvi-cumple-70-anos-sacerdote\/\" \/>\n<meta property=\"og:locale\" content=\"es_ES\" \/>\n<meta property=\"og:type\" content=\"article\" \/>\n<meta property=\"og:title\" content=\"Benedicto XVI cumple 70 a\u00f1os como sacerdote &#8211; Exaudi\" \/>\n<meta property=\"og:description\" content=\"Hoy, 29 de junio de 2021, el papa Benedicto XVI cumple el 70 a\u00f1os como sacerdote, hito recordado por Francisco en el rezo del \u00c1ngelus.\" \/>\n<meta property=\"og:url\" content=\"https:\/\/exaudi.org\/es\/benedicto-xvi-cumple-70-anos-sacerdote\/\" \/>\n<meta property=\"og:site_name\" content=\"Exaudi\" \/>\n<meta property=\"article:publisher\" content=\"https:\/\/www.facebook.com\/ExaudiNews\" \/>\n<meta property=\"article:published_time\" content=\"2021-06-29T13:43:38+00:00\" \/>\n<meta property=\"article:modified_time\" content=\"2021-06-30T13:03:46+00:00\" \/>\n<meta property=\"og:image\" content=\"https:\/\/exaudi.org\/wp-content\/uploads\/2021\/06\/34b534b5.jpeg\" \/>\n\t<meta property=\"og:image:width\" content=\"1447\" \/>\n\t<meta property=\"og:image:height\" content=\"815\" \/>\n\t<meta property=\"og:image:type\" content=\"image\/jpeg\" \/>\n<meta name=\"author\" content=\"Jim Fair\" \/>\n<meta name=\"twitter:card\" content=\"summary_large_image\" \/>\n<meta name=\"twitter:creator\" content=\"@Exaudi_News\" \/>\n<meta name=\"twitter:site\" content=\"@Exaudi_News\" \/>\n<meta name=\"twitter:label1\" content=\"Escrito por\" \/>\n\t<meta name=\"twitter:data1\" content=\"Jim Fair\" \/>\n\t<meta name=\"twitter:label2\" content=\"Tiempo de lectura\" \/>\n\t<meta name=\"twitter:data2\" content=\"2 minutos\" \/>\n<script type=\"application\/ld+json\" class=\"yoast-schema-graph\">{\"@context\":\"https:\\\/\\\/schema.org\",\"@graph\":[{\"@type\":\"Article\",\"@id\":\"https:\\\/\\\/exaudi.org\\\/es\\\/benedicto-xvi-cumple-70-anos-sacerdote\\\/#article\",\"isPartOf\":{\"@id\":\"https:\\\/\\\/exaudi.org\\\/es\\\/benedicto-xvi-cumple-70-anos-sacerdote\\\/\"},\"author\":{\"name\":\"Jim Fair\",\"@id\":\"https:\\\/\\\/exaudi.org\\\/#\\\/schema\\\/person\\\/010bdf0d65f801cd06f263d9b37ae0f4\"},\"headline\":\"Benedicto XVI cumple 70 a\u00f1os como sacerdote\",\"datePublished\":\"2021-06-29T13:43:38+00:00\",\"dateModified\":\"2021-06-30T13:03:46+00:00\",\"mainEntityOfPage\":{\"@id\":\"https:\\\/\\\/exaudi.org\\\/es\\\/benedicto-xvi-cumple-70-anos-sacerdote\\\/\"},\"wordCount\":338,\"image\":{\"@id\":\"https:\\\/\\\/exaudi.org\\\/es\\\/benedicto-xvi-cumple-70-anos-sacerdote\\\/#primaryimage\"},\"thumbnailUrl\":\"https:\\\/\\\/exaudi.org\\\/wp-content\\\/uploads\\\/2021\\\/06\\\/34b534b5.jpeg\",\"keywords\":[\"Aniversario\",\"Benedicto XVI\"],\"articleSection\":[\"Papas\",\"\u00daltimas noticias\"],\"inLanguage\":\"es\"},{\"@type\":\"WebPage\",\"@id\":\"https:\\\/\\\/exaudi.org\\\/es\\\/benedicto-xvi-cumple-70-anos-sacerdote\\\/\",\"url\":\"https:\\\/\\\/exaudi.org\\\/es\\\/benedicto-xvi-cumple-70-anos-sacerdote\\\/\",\"name\":\"Benedicto XVI cumple 70 a\u00f1os como sacerdote &#8211; Exaudi\",\"isPartOf\":{\"@id\":\"https:\\\/\\\/exaudi.org\\\/#website\"},\"primaryImageOfPage\":{\"@id\":\"https:\\\/\\\/exaudi.org\\\/es\\\/benedicto-xvi-cumple-70-anos-sacerdote\\\/#primaryimage\"},\"image\":{\"@id\":\"https:\\\/\\\/exaudi.org\\\/es\\\/benedicto-xvi-cumple-70-anos-sacerdote\\\/#primaryimage\"},\"thumbnailUrl\":\"https:\\\/\\\/exaudi.org\\\/wp-content\\\/uploads\\\/2021\\\/06\\\/34b534b5.jpeg\",\"datePublished\":\"2021-06-29T13:43:38+00:00\",\"dateModified\":\"2021-06-30T13:03:46+00:00\",\"author\":{\"@id\":\"https:\\\/\\\/exaudi.org\\\/#\\\/schema\\\/person\\\/010bdf0d65f801cd06f263d9b37ae0f4\"},\"description\":\"Hoy, 29 de junio de 2021, el papa Benedicto XVI cumple el 70 a\u00f1os como sacerdote, hito recordado por Francisco en el rezo del \u00c1ngelus.\",\"breadcrumb\":{\"@id\":\"https:\\\/\\\/exaudi.org\\\/es\\\/benedicto-xvi-cumple-70-anos-sacerdote\\\/#breadcrumb\"},\"inLanguage\":\"es\",\"potentialAction\":[{\"@type\":\"ReadAction\",\"target\":[\"https:\\\/\\\/exaudi.org\\\/es\\\/benedicto-xvi-cumple-70-anos-sacerdote\\\/\"]}]},{\"@type\":\"ImageObject\",\"inLanguage\":\"es\",\"@id\":\"https:\\\/\\\/exaudi.org\\\/es\\\/benedicto-xvi-cumple-70-anos-sacerdote\\\/#primaryimage\",\"url\":\"https:\\\/\\\/exaudi.org\\\/wp-content\\\/uploads\\\/2021\\\/06\\\/34b534b5.jpeg\",\"contentUrl\":\"https:\\\/\\\/exaudi.org\\\/wp-content\\\/uploads\\\/2021\\\/06\\\/34b534b5.jpeg\",\"width\":1447,\"height\":815,\"caption\":\"Papa Francisco junto al papa em\u00e9rito Benedicto XVI \u00a9 Vatican Media\"},{\"@type\":\"BreadcrumbList\",\"@id\":\"https:\\\/\\\/exaudi.org\\\/es\\\/benedicto-xvi-cumple-70-anos-sacerdote\\\/#breadcrumb\",\"itemListElement\":[{\"@type\":\"ListItem\",\"position\":1,\"name\":\"Portada\",\"item\":\"https:\\\/\\\/exaudi.org\\\/es\\\/\"},{\"@type\":\"ListItem\",\"position\":2,\"name\":\"Benedicto XVI cumple 70 a\u00f1os como sacerdote\"}]},{\"@type\":\"WebSite\",\"@id\":\"https:\\\/\\\/exaudi.org\\\/#website\",\"url\":\"https:\\\/\\\/exaudi.org\\\/\",\"name\":\"Exaudi\",\"description\":\"News\",\"potentialAction\":[{\"@type\":\"SearchAction\",\"target\":{\"@type\":\"EntryPoint\",\"urlTemplate\":\"https:\\\/\\\/exaudi.org\\\/?s={search_term_string}\"},\"query-input\":{\"@type\":\"PropertyValueSpecification\",\"valueRequired\":true,\"valueName\":\"search_term_string\"}}],\"inLanguage\":\"es\"},{\"@type\":\"Person\",\"@id\":\"https:\\\/\\\/exaudi.org\\\/#\\\/schema\\\/person\\\/010bdf0d65f801cd06f263d9b37ae0f4\",\"name\":\"Jim Fair\",\"image\":{\"@type\":\"ImageObject\",\"inLanguage\":\"es\",\"@id\":\"https:\\\/\\\/secure.gravatar.com\\\/avatar\\\/d9e9a2d31abad3e51c5d8f0279fc9b21b66199b8a85886455445ed562fd46934?s=96&d=mm&r=g\",\"url\":\"https:\\\/\\\/secure.gravatar.com\\\/avatar\\\/d9e9a2d31abad3e51c5d8f0279fc9b21b66199b8a85886455445ed562fd46934?s=96&d=mm&r=g\",\"contentUrl\":\"https:\\\/\\\/secure.gravatar.com\\\/avatar\\\/d9e9a2d31abad3e51c5d8f0279fc9b21b66199b8a85886455445ed562fd46934?s=96&d=mm&r=g\",\"caption\":\"Jim Fair\"},\"description\":\"Jim Fair has spent the past two decades as a communicator for Catholic organizations. He is a convert to the Catholic faith and is grateful to his wife, Charmaine, for her continuing efforts to save his soul. They have a son and daughter, both happily married, and four grandchildren. Before devoting his life full-time to things Catholic, Jim enjoyed a 23-year career in various communications roles for large corporations. Before that, he worked as a newspaper reporter, photographer, and editor. He has served as president of the Chicago Public Relations Forum, chairman of the American Petroleum Institute General Committee on Communications, and a fellow of Greater Leadership Chicago. He was a member of the founding committee of the chemical industry\u2019s Responsible Care Program. Jim is an active member of St. John Vianney Parish in Northlake, Illinois, where he chairs the finance council.\",\"url\":\"https:\\\/\\\/exaudi.org\\\/es\\\/author\\\/jfairexaudi-org\\\/\"}]}<\/script>\n<!-- \/ Yoast SEO plugin. -->","yoast_head_json":{"title":"Benedicto XVI cumple 70 a\u00f1os como sacerdote &#8211; Exaudi","description":"Hoy, 29 de junio de 2021, el papa Benedicto XVI cumple el 70 a\u00f1os como sacerdote, hito recordado por Francisco en el rezo del \u00c1ngelus.","robots":{"index":"index","follow":"follow","max-snippet":"max-snippet:-1","max-image-preview":"max-image-preview:large","max-video-preview":"max-video-preview:-1"},"canonical":"https:\/\/exaudi.org\/es\/benedicto-xvi-cumple-70-anos-sacerdote\/","og_locale":"es_ES","og_type":"article","og_title":"Benedicto XVI cumple 70 a\u00f1os como sacerdote &#8211; Exaudi","og_description":"Hoy, 29 de junio de 2021, el papa Benedicto XVI cumple el 70 a\u00f1os como sacerdote, hito recordado por Francisco en el rezo del \u00c1ngelus.","og_url":"https:\/\/exaudi.org\/es\/benedicto-xvi-cumple-70-anos-sacerdote\/","og_site_name":"Exaudi","article_publisher":"https:\/\/www.facebook.com\/ExaudiNews","article_published_time":"2021-06-29T13:43:38+00:00","article_modified_time":"2021-06-30T13:03:46+00:00","og_image":[{"width":1447,"height":815,"url":"https:\/\/exaudi.org\/wp-content\/uploads\/2021\/06\/34b534b5.jpeg","type":"image\/jpeg"}],"author":"Jim Fair","twitter_card":"summary_large_image","twitter_creator":"@Exaudi_News","twitter_site":"@Exaudi_News","twitter_misc":{"Escrito por":"Jim Fair","Tiempo de lectura":"2 minutos"},"schema":{"@context":"https:\/\/schema.org","@graph":[{"@type":"Article","@id":"https:\/\/exaudi.org\/es\/benedicto-xvi-cumple-70-anos-sacerdote\/#article","isPartOf":{"@id":"https:\/\/exaudi.org\/es\/benedicto-xvi-cumple-70-anos-sacerdote\/"},"author":{"name":"Jim Fair","@id":"https:\/\/exaudi.org\/#\/schema\/person\/010bdf0d65f801cd06f263d9b37ae0f4"},"headline":"Benedicto XVI cumple 70 a\u00f1os como sacerdote","datePublished":"2021-06-29T13:43:38+00:00","dateModified":"2021-06-30T13:03:46+00:00","mainEntityOfPage":{"@id":"https:\/\/exaudi.org\/es\/benedicto-xvi-cumple-70-anos-sacerdote\/"},"wordCount":338,"image":{"@id":"https:\/\/exaudi.org\/es\/benedicto-xvi-cumple-70-anos-sacerdote\/#primaryimage"},"thumbnailUrl":"https:\/\/exaudi.org\/wp-content\/uploads\/2021\/06\/34b534b5.jpeg","keywords":["Aniversario","Benedicto XVI"],"articleSection":["Papas","\u00daltimas noticias"],"inLanguage":"es"},{"@type":"WebPage","@id":"https:\/\/exaudi.org\/es\/benedicto-xvi-cumple-70-anos-sacerdote\/","url":"https:\/\/exaudi.org\/es\/benedicto-xvi-cumple-70-anos-sacerdote\/","name":"Benedicto XVI cumple 70 a\u00f1os como sacerdote &#8211; Exaudi","isPartOf":{"@id":"https:\/\/exaudi.org\/#website"},"primaryImageOfPage":{"@id":"https:\/\/exaudi.org\/es\/benedicto-xvi-cumple-70-anos-sacerdote\/#primaryimage"},"image":{"@id":"https:\/\/exaudi.org\/es\/benedicto-xvi-cumple-70-anos-sacerdote\/#primaryimage"},"thumbnailUrl":"https:\/\/exaudi.org\/wp-content\/uploads\/2021\/06\/34b534b5.jpeg","datePublished":"2021-06-29T13:43:38+00:00","dateModified":"2021-06-30T13:03:46+00:00","author":{"@id":"https:\/\/exaudi.org\/#\/schema\/person\/010bdf0d65f801cd06f263d9b37ae0f4"},"description":"Hoy, 29 de junio de 2021, el papa Benedicto XVI cumple el 70 a\u00f1os como sacerdote, hito recordado por Francisco en el rezo del \u00c1ngelus.","breadcrumb":{"@id":"https:\/\/exaudi.org\/es\/benedicto-xvi-cumple-70-anos-sacerdote\/#breadcrumb"},"inLanguage":"es","potentialAction":[{"@type":"ReadAction","target":["https:\/\/exaudi.org\/es\/benedicto-xvi-cumple-70-anos-sacerdote\/"]}]},{"@type":"ImageObject","inLanguage":"es","@id":"https:\/\/exaudi.org\/es\/benedicto-xvi-cumple-70-anos-sacerdote\/#primaryimage","url":"https:\/\/exaudi.org\/wp-content\/uploads\/2021\/06\/34b534b5.jpeg","contentUrl":"https:\/\/exaudi.org\/wp-content\/uploads\/2021\/06\/34b534b5.jpeg","width":1447,"height":815,"caption":"Papa Francisco junto al papa em\u00e9rito Benedicto XVI \u00a9 Vatican Media"},{"@type":"BreadcrumbList","@id":"https:\/\/exaudi.org\/es\/benedicto-xvi-cumple-70-anos-sacerdote\/#breadcrumb","itemListElement":[{"@type":"ListItem","position":1,"name":"Portada","item":"https:\/\/exaudi.org\/es\/"},{"@type":"ListItem","position":2,"name":"Benedicto XVI cumple 70 a\u00f1os como sacerdote"}]},{"@type":"WebSite","@id":"https:\/\/exaudi.org\/#website","url":"https:\/\/exaudi.org\/","name":"Exaudi","description":"News","potentialAction":[{"@type":"SearchAction","target":{"@type":"EntryPoint","urlTemplate":"https:\/\/exaudi.org\/?s={search_term_string}"},"query-input":{"@type":"PropertyValueSpecification","valueRequired":true,"valueName":"search_term_string"}}],"inLanguage":"es"},{"@type":"Person","@id":"https:\/\/exaudi.org\/#\/schema\/person\/010bdf0d65f801cd06f263d9b37ae0f4","name":"Jim Fair","image":{"@type":"ImageObject","inLanguage":"es","@id":"https:\/\/secure.gravatar.com\/avatar\/d9e9a2d31abad3e51c5d8f0279fc9b21b66199b8a85886455445ed562fd46934?s=96&d=mm&r=g","url":"https:\/\/secure.gravatar.com\/avatar\/d9e9a2d31abad3e51c5d8f0279fc9b21b66199b8a85886455445ed562fd46934?s=96&d=mm&r=g","contentUrl":"https:\/\/secure.gravatar.com\/avatar\/d9e9a2d31abad3e51c5d8f0279fc9b21b66199b8a85886455445ed562fd46934?s=96&d=mm&r=g","caption":"Jim Fair"},"description":"Jim Fair has spent the past two decades as a communicator for Catholic organizations. He is a convert to the Catholic faith and is grateful to his wife, Charmaine, for her continuing efforts to save his soul. They have a son and daughter, both happily married, and four grandchildren. Before devoting his life full-time to things Catholic, Jim enjoyed a 23-year career in various communications roles for large corporations. Before that, he worked as a newspaper reporter, photographer, and editor. He has served as president of the Chicago Public Relations Forum, chairman of the American Petroleum Institute General Committee on Communications, and a fellow of Greater Leadership Chicago. He was a member of the founding committee of the chemical industry\u2019s Responsible Care Program. Jim is an active member of St. John Vianney Parish in Northlake, Illinois, where he chairs the finance council.","url":"https:\/\/exaudi.org\/es\/author\/jfairexaudi-org\/"}]}},"jetpack_featured_media_url":"https:\/\/exaudi.org\/wp-content\/uploads\/2021\/06\/34b534b5.jpeg","jetpack_shortlink":"https:\/\/wp.me\/pgKjF2-6ua","_links":{"self":[{"href":"https:\/\/exaudi.org\/es\/wp-json\/wp\/v2\/posts\/24934","targetHints":{"allow":["GET"]}}],"collection":[{"href":"https:\/\/exaudi.org\/es\/wp-json\/wp\/v2\/posts"}],"about":[{"href":"https:\/\/exaudi.org\/es\/wp-json\/wp\/v2\/types\/post"}],"author":[{"embeddable":true,"href":"https:\/\/exaudi.org\/es\/wp-json\/wp\/v2\/users\/4"}],"replies":[{"embeddable":true,"href":"https:\/\/exaudi.org\/es\/wp-json\/wp\/v2\/comments?post=24934"}],"version-history":[{"count":0,"href":"https:\/\/exaudi.org\/es\/wp-json\/wp\/v2\/posts\/24934\/revisions"}],"wp:featuredmedia":[{"embeddable":true,"href":"https:\/\/exaudi.org\/es\/wp-json\/wp\/v2\/media\/24947"}],"wp:attachment":[{"href":"https:\/\/exaudi.org\/es\/wp-json\/wp\/v2\/media?parent=24934"}],"wp:term":[{"taxonomy":"category","embeddable":true,"href":"https:\/\/exaudi.org\/es\/wp-json\/wp\/v2\/categories?post=24934"},{"taxonomy":"post_tag","embeddable":true,"href":"https:\/\/exaudi.org\/es\/wp-json\/wp\/v2\/tags?post=24934"}],"curies":[{"name":"wp","href":"https:\/\/api.w.org\/{rel}","templated":true}]}}