{"id":24846,"date":"2021-06-29T11:12:44","date_gmt":"2021-06-29T09:12:44","guid":{"rendered":"https:\/\/exaudi.org\/?p=24846"},"modified":"2021-06-29T21:42:08","modified_gmt":"2021-06-29T19:42:08","slug":"mexico-rugarcia-atentado-reynosa-2021","status":"publish","type":"post","link":"https:\/\/exaudi.org\/es\/mexico-rugarcia-atentado-reynosa-2021\/","title":{"rendered":"M\u00e9xico: Mons. Rugarc\u00eda habla del atentado en Reynosa"},"content":{"rendered":"<p>Monse\u00f1or Eugenio Andr\u00e9s Lira Rugarc\u00eda, obispo de la <a href=\"http:\/\/diocesisdematamoros.org\/\" target=\"_blank\" rel=\"noopener noreferrer\">di\u00f3cesis de Matamoros<\/a>, M\u00e9xico, ha se\u00f1alado ante la prensa que \u201cla gente de Reynosa est\u00e1 herida, conmocionada y aterrorizada, y lamentablemente estamos acostumbrados a la violencia, que no deber\u00eda ser, ya que todos tenemos derecho a una vida segura y en paz\u201d, declaraci\u00f3n hecha tras el atentado contra 15 personas el pasado 19 de junio de 2021.<\/p>\n<p>Seg\u00fan ha informado la Agencia\u00a0<em>Fides\u00a0<\/em>en una nota, Mons. Rugarc\u00eda expres\u00f3 ante los medios que \u201cmuchas familias han tenido que enterrar a sus seres queridos con dolor: padres, hermanos, hijos y amigos, que les han sido arrebatados injustamente. \u00a1Es horrible!\u201d, y que \u201ces una cosa injusta que pocos tengan que obligar a todos a no poder salir de casa para ir a trabajar, ir a la iglesia, visitar familias. No se puede aceptar vivir con miedo. Es un da\u00f1o emocional, f\u00edsico, social. Espiritual y econ\u00f3mico\u201d.<\/p>\n<p>Aunque a\u00fan no se conoce al autor de esta masacre, se sabe que las v\u00edctimas eran civiles comunes, entre ellos un taxista, un estudiante de enfermer\u00eda, algunos trabajadores obreros. Las autoridades informaron inicialmente que se trataba de un enfrentamiento entre c\u00e1rteles de la droga, pero luego qued\u00f3 claro que se trataba de una acci\u00f3n para sembrar el terror y dejar un mensaje criminal entre la gente.<\/p>\n<p><em>Fides\u00a0<\/em>describe que Tamaulipas es un estado ubicado en la frontera con Texas, donde desde hace alg\u00fan tiempo operan varios grupos dedicados al narcotr\u00e1fico y tr\u00e1fico de personas a Estados Unidos, como el Cartel del Golfo. El s\u00e1bado 26 de junio, parte de la poblaci\u00f3n de Reynosa sali\u00f3 a las calles dando vida a una manifestaci\u00f3n en las principales calles de la ciudad, pidiendo la paz.<\/p>\n<h4><strong>El Papa reprueba el atentado<\/strong><\/h4>\n<p>A trav\u00e9s de una carta enviada por el\u00a0<a href=\"https:\/\/exaudi.org\/es\/visita-cardenal-parolin-mexico-superar-polarizacion\/\" target=\"_blank\" rel=\"noopener noreferrer\">cardenal Pietro Parolin<\/a>, secretario de Estado del Vaticano, al obispo de Matamoros, el <a href=\"https:\/\/exaudi.org\/es\/papa-patriarcas-catolicos-oriente-medio-sal-tierra\/\" target=\"_blank\" rel=\"noopener noreferrer\">Papa Francisco<\/a> mostr\u00f3 su cercan\u00eda a las v\u00edctimas del <a href=\"https:\/\/exaudi.org\/es\/mexico-papa-atentado-reynosa\/\" target=\"_blank\" rel=\"noopener noreferrer\">atentado registrado en Reynosa<\/a>.\u00a0El documento, seg\u00fan comparti\u00f3 la Nunciatura Apost\u00f3lica mexicana, fue enviado el 25 de junio y comienza de la siguiente manera: \u201cAl conocer la triste noticia del sangriento enfrentamiento que tuvo lugar en Reynosa, y en el que numerosas personas inocentes perdieron la vida, el Santo Padre ofrece sufragios por el eterno descanso de los fallecidos, a la vez que reitera su firme reprobaci\u00f3n por este episodio de injustificable violencia que enluta a esa comunidad cristiana\u201d.<\/p>\n<p>En esta l\u00ednea, el cardenal Parolin ruega a Mons. Rugarc\u00eda transmita \u201cel sentido p\u00e9same de Su Santidad a los familiares que lloran la p\u00e9rdida de sus seres queridos, mientras pide al Se\u00f1or, Pr\u00edncipe de la Paz, que convierta el coraz\u00f3n de los violentos y conceda a los deudos consuelo espiritual y serenidad de vida\u201d.<\/p>\n","protected":false},"excerpt":{"rendered":"<p>Declaraci\u00f3n a la prensa<\/p>\n","protected":false},"author":6,"featured_media":24623,"comment_status":"closed","ping_status":"closed","sticky":false,"template":"","format":"standard","meta":{"_acf_changed":false,"_crdt_document":"","inline_featured_image":false,"footnotes":""},"categories":[86,298],"tags":[316,3112,415,3088],"class_list":["post-24846","post","type-post","status-publish","format-standard","has-post-thumbnail","hentry","category-iglesia-local","category-ultimas-noticias","tag-atentado","tag-diocesis-de-matamoros","tag-mexico","tag-reynosa"],"acf":[],"yoast_head":"<!-- This site is optimized with the Yoast SEO plugin v27.5 - https:\/\/yoast.com\/product\/yoast-seo-wordpress\/ -->\n<title>M\u00e9xico: Mons. Rugarc\u00eda habla del atentado en Reynosa - Exaudi<\/title>\n<meta name=\"description\" content=\"Tras el atentado sufrido en Reynosa, M\u00e9xico, el pasado 19 de junio, Mons. Rugarc\u00eda, obispo de Matamoros ha expresado su pesar a los medios.\" \/>\n<meta name=\"robots\" content=\"index, follow, max-snippet:-1, max-image-preview:large, max-video-preview:-1\" \/>\n<link rel=\"canonical\" href=\"https:\/\/exaudi.org\/es\/mexico-rugarcia-atentado-reynosa-2021\/\" \/>\n<meta property=\"og:locale\" content=\"es_ES\" \/>\n<meta property=\"og:type\" content=\"article\" \/>\n<meta property=\"og:title\" content=\"M\u00e9xico: Mons. Rugarc\u00eda habla del atentado en Reynosa - Exaudi\" \/>\n<meta property=\"og:description\" content=\"Tras el atentado sufrido en Reynosa, M\u00e9xico, el pasado 19 de junio, Mons. Rugarc\u00eda, obispo de Matamoros ha expresado su pesar a los medios.\" \/>\n<meta property=\"og:url\" content=\"https:\/\/exaudi.org\/es\/mexico-rugarcia-atentado-reynosa-2021\/\" \/>\n<meta property=\"og:site_name\" content=\"Exaudi\" \/>\n<meta property=\"article:publisher\" content=\"https:\/\/www.facebook.com\/ExaudiNews\" \/>\n<meta property=\"article:published_time\" content=\"2021-06-29T09:12:44+00:00\" \/>\n<meta property=\"article:modified_time\" content=\"2021-06-29T19:42:08+00:00\" \/>\n<meta property=\"og:image\" content=\"https:\/\/exaudi.org\/wp-content\/uploads\/2021\/06\/34vg534v-scaled.jpg\" \/>\n\t<meta property=\"og:image:width\" content=\"2560\" \/>\n\t<meta property=\"og:image:height\" content=\"1707\" \/>\n\t<meta property=\"og:image:type\" content=\"image\/jpeg\" \/>\n<meta name=\"author\" content=\"Gabriel Sales\" \/>\n<meta name=\"twitter:card\" content=\"summary_large_image\" \/>\n<meta name=\"twitter:creator\" content=\"@habemusman\" \/>\n<meta name=\"twitter:site\" content=\"@Exaudi_News\" \/>\n<meta name=\"twitter:label1\" content=\"Escrito por\" \/>\n\t<meta name=\"twitter:data1\" content=\"Gabriel Sales\" \/>\n\t<meta name=\"twitter:label2\" content=\"Tiempo de lectura\" \/>\n\t<meta name=\"twitter:data2\" content=\"2 minutos\" \/>\n<script type=\"application\/ld+json\" class=\"yoast-schema-graph\">{\"@context\":\"https:\\\/\\\/schema.org\",\"@graph\":[{\"@type\":\"Article\",\"@id\":\"https:\\\/\\\/exaudi.org\\\/es\\\/mexico-rugarcia-atentado-reynosa-2021\\\/#article\",\"isPartOf\":{\"@id\":\"https:\\\/\\\/exaudi.org\\\/es\\\/mexico-rugarcia-atentado-reynosa-2021\\\/\"},\"author\":{\"name\":\"Gabriel Sales\",\"@id\":\"https:\\\/\\\/exaudi.org\\\/#\\\/schema\\\/person\\\/d134b96438278131ce90c90c03fda6cd\"},\"headline\":\"M\u00e9xico: Mons. Rugarc\u00eda habla del atentado en Reynosa\",\"datePublished\":\"2021-06-29T09:12:44+00:00\",\"dateModified\":\"2021-06-29T19:42:08+00:00\",\"mainEntityOfPage\":{\"@id\":\"https:\\\/\\\/exaudi.org\\\/es\\\/mexico-rugarcia-atentado-reynosa-2021\\\/\"},\"wordCount\":493,\"image\":{\"@id\":\"https:\\\/\\\/exaudi.org\\\/es\\\/mexico-rugarcia-atentado-reynosa-2021\\\/#primaryimage\"},\"thumbnailUrl\":\"https:\\\/\\\/exaudi.org\\\/wp-content\\\/uploads\\\/2021\\\/06\\\/34vg534v-scaled.jpg\",\"keywords\":[\"Atentado\",\"Di\u00f3cesis de Matamoros\",\"M\u00e9xico\",\"Reynosa\"],\"articleSection\":[\"Iglesia Local\",\"\u00daltimas noticias\"],\"inLanguage\":\"es\"},{\"@type\":\"WebPage\",\"@id\":\"https:\\\/\\\/exaudi.org\\\/es\\\/mexico-rugarcia-atentado-reynosa-2021\\\/\",\"url\":\"https:\\\/\\\/exaudi.org\\\/es\\\/mexico-rugarcia-atentado-reynosa-2021\\\/\",\"name\":\"M\u00e9xico: Mons. Rugarc\u00eda habla del atentado en Reynosa - Exaudi\",\"isPartOf\":{\"@id\":\"https:\\\/\\\/exaudi.org\\\/#website\"},\"primaryImageOfPage\":{\"@id\":\"https:\\\/\\\/exaudi.org\\\/es\\\/mexico-rugarcia-atentado-reynosa-2021\\\/#primaryimage\"},\"image\":{\"@id\":\"https:\\\/\\\/exaudi.org\\\/es\\\/mexico-rugarcia-atentado-reynosa-2021\\\/#primaryimage\"},\"thumbnailUrl\":\"https:\\\/\\\/exaudi.org\\\/wp-content\\\/uploads\\\/2021\\\/06\\\/34vg534v-scaled.jpg\",\"datePublished\":\"2021-06-29T09:12:44+00:00\",\"dateModified\":\"2021-06-29T19:42:08+00:00\",\"author\":{\"@id\":\"https:\\\/\\\/exaudi.org\\\/#\\\/schema\\\/person\\\/d134b96438278131ce90c90c03fda6cd\"},\"description\":\"Tras el atentado sufrido en Reynosa, M\u00e9xico, el pasado 19 de junio, Mons. Rugarc\u00eda, obispo de Matamoros ha expresado su pesar a los medios.\",\"breadcrumb\":{\"@id\":\"https:\\\/\\\/exaudi.org\\\/es\\\/mexico-rugarcia-atentado-reynosa-2021\\\/#breadcrumb\"},\"inLanguage\":\"es\",\"potentialAction\":[{\"@type\":\"ReadAction\",\"target\":[\"https:\\\/\\\/exaudi.org\\\/es\\\/mexico-rugarcia-atentado-reynosa-2021\\\/\"]}]},{\"@type\":\"ImageObject\",\"inLanguage\":\"es\",\"@id\":\"https:\\\/\\\/exaudi.org\\\/es\\\/mexico-rugarcia-atentado-reynosa-2021\\\/#primaryimage\",\"url\":\"https:\\\/\\\/exaudi.org\\\/wp-content\\\/uploads\\\/2021\\\/06\\\/34vg534v-scaled.jpg\",\"contentUrl\":\"https:\\\/\\\/exaudi.org\\\/wp-content\\\/uploads\\\/2021\\\/06\\\/34vg534v-scaled.jpg\",\"width\":2560,\"height\":1707,\"caption\":\"Bandera de M\u00e9xico \u00a9 Pexels\"},{\"@type\":\"BreadcrumbList\",\"@id\":\"https:\\\/\\\/exaudi.org\\\/es\\\/mexico-rugarcia-atentado-reynosa-2021\\\/#breadcrumb\",\"itemListElement\":[{\"@type\":\"ListItem\",\"position\":1,\"name\":\"Portada\",\"item\":\"https:\\\/\\\/exaudi.org\\\/es\\\/\"},{\"@type\":\"ListItem\",\"position\":2,\"name\":\"M\u00e9xico: Mons. Rugarc\u00eda habla del atentado en Reynosa\"}]},{\"@type\":\"WebSite\",\"@id\":\"https:\\\/\\\/exaudi.org\\\/#website\",\"url\":\"https:\\\/\\\/exaudi.org\\\/\",\"name\":\"Exaudi\",\"description\":\"News\",\"potentialAction\":[{\"@type\":\"SearchAction\",\"target\":{\"@type\":\"EntryPoint\",\"urlTemplate\":\"https:\\\/\\\/exaudi.org\\\/?s={search_term_string}\"},\"query-input\":{\"@type\":\"PropertyValueSpecification\",\"valueRequired\":true,\"valueName\":\"search_term_string\"}}],\"inLanguage\":\"es\"},{\"@type\":\"Person\",\"@id\":\"https:\\\/\\\/exaudi.org\\\/#\\\/schema\\\/person\\\/d134b96438278131ce90c90c03fda6cd\",\"name\":\"Gabriel Sales\",\"image\":{\"@type\":\"ImageObject\",\"inLanguage\":\"es\",\"@id\":\"https:\\\/\\\/secure.gravatar.com\\\/avatar\\\/9b1269566f6a063ed26ffb3532b66a373cdde231ce5d0effb266167437fdaffd?s=96&d=mm&r=g\",\"url\":\"https:\\\/\\\/secure.gravatar.com\\\/avatar\\\/9b1269566f6a063ed26ffb3532b66a373cdde231ce5d0effb266167437fdaffd?s=96&d=mm&r=g\",\"contentUrl\":\"https:\\\/\\\/secure.gravatar.com\\\/avatar\\\/9b1269566f6a063ed26ffb3532b66a373cdde231ce5d0effb266167437fdaffd?s=96&d=mm&r=g\",\"caption\":\"Gabriel Sales\"},\"description\":\"Periodista y especialista en Comunicaci\u00f3n y Branding digital. Cin\u00e9filo y cr\u00edtico de cine y series de televisi\u00f3n.\",\"sameAs\":[\"https:\\\/\\\/www.instagram.com\\\/cine90segundos\\\/\",\"www.linkedin.com\\\/in\\\/habemusman\",\"https:\\\/\\\/x.com\\\/habemusman\",\"https:\\\/\\\/www.youtube.com\\\/channel\\\/UCVfCiOMkJ_C7T7OpyjuaLDg\"],\"url\":\"https:\\\/\\\/exaudi.org\\\/es\\\/author\\\/gsalesexaudi-org\\\/\"}]}<\/script>\n<!-- \/ Yoast SEO plugin. -->","yoast_head_json":{"title":"M\u00e9xico: Mons. Rugarc\u00eda habla del atentado en Reynosa - Exaudi","description":"Tras el atentado sufrido en Reynosa, M\u00e9xico, el pasado 19 de junio, Mons. Rugarc\u00eda, obispo de Matamoros ha expresado su pesar a los medios.","robots":{"index":"index","follow":"follow","max-snippet":"max-snippet:-1","max-image-preview":"max-image-preview:large","max-video-preview":"max-video-preview:-1"},"canonical":"https:\/\/exaudi.org\/es\/mexico-rugarcia-atentado-reynosa-2021\/","og_locale":"es_ES","og_type":"article","og_title":"M\u00e9xico: Mons. Rugarc\u00eda habla del atentado en Reynosa - Exaudi","og_description":"Tras el atentado sufrido en Reynosa, M\u00e9xico, el pasado 19 de junio, Mons. Rugarc\u00eda, obispo de Matamoros ha expresado su pesar a los medios.","og_url":"https:\/\/exaudi.org\/es\/mexico-rugarcia-atentado-reynosa-2021\/","og_site_name":"Exaudi","article_publisher":"https:\/\/www.facebook.com\/ExaudiNews","article_published_time":"2021-06-29T09:12:44+00:00","article_modified_time":"2021-06-29T19:42:08+00:00","og_image":[{"width":2560,"height":1707,"url":"https:\/\/exaudi.org\/wp-content\/uploads\/2021\/06\/34vg534v-scaled.jpg","type":"image\/jpeg"}],"author":"Gabriel Sales","twitter_card":"summary_large_image","twitter_creator":"@habemusman","twitter_site":"@Exaudi_News","twitter_misc":{"Escrito por":"Gabriel Sales","Tiempo de lectura":"2 minutos"},"schema":{"@context":"https:\/\/schema.org","@graph":[{"@type":"Article","@id":"https:\/\/exaudi.org\/es\/mexico-rugarcia-atentado-reynosa-2021\/#article","isPartOf":{"@id":"https:\/\/exaudi.org\/es\/mexico-rugarcia-atentado-reynosa-2021\/"},"author":{"name":"Gabriel Sales","@id":"https:\/\/exaudi.org\/#\/schema\/person\/d134b96438278131ce90c90c03fda6cd"},"headline":"M\u00e9xico: Mons. Rugarc\u00eda habla del atentado en Reynosa","datePublished":"2021-06-29T09:12:44+00:00","dateModified":"2021-06-29T19:42:08+00:00","mainEntityOfPage":{"@id":"https:\/\/exaudi.org\/es\/mexico-rugarcia-atentado-reynosa-2021\/"},"wordCount":493,"image":{"@id":"https:\/\/exaudi.org\/es\/mexico-rugarcia-atentado-reynosa-2021\/#primaryimage"},"thumbnailUrl":"https:\/\/exaudi.org\/wp-content\/uploads\/2021\/06\/34vg534v-scaled.jpg","keywords":["Atentado","Di\u00f3cesis de Matamoros","M\u00e9xico","Reynosa"],"articleSection":["Iglesia Local","\u00daltimas noticias"],"inLanguage":"es"},{"@type":"WebPage","@id":"https:\/\/exaudi.org\/es\/mexico-rugarcia-atentado-reynosa-2021\/","url":"https:\/\/exaudi.org\/es\/mexico-rugarcia-atentado-reynosa-2021\/","name":"M\u00e9xico: Mons. Rugarc\u00eda habla del atentado en Reynosa - Exaudi","isPartOf":{"@id":"https:\/\/exaudi.org\/#website"},"primaryImageOfPage":{"@id":"https:\/\/exaudi.org\/es\/mexico-rugarcia-atentado-reynosa-2021\/#primaryimage"},"image":{"@id":"https:\/\/exaudi.org\/es\/mexico-rugarcia-atentado-reynosa-2021\/#primaryimage"},"thumbnailUrl":"https:\/\/exaudi.org\/wp-content\/uploads\/2021\/06\/34vg534v-scaled.jpg","datePublished":"2021-06-29T09:12:44+00:00","dateModified":"2021-06-29T19:42:08+00:00","author":{"@id":"https:\/\/exaudi.org\/#\/schema\/person\/d134b96438278131ce90c90c03fda6cd"},"description":"Tras el atentado sufrido en Reynosa, M\u00e9xico, el pasado 19 de junio, Mons. Rugarc\u00eda, obispo de Matamoros ha expresado su pesar a los medios.","breadcrumb":{"@id":"https:\/\/exaudi.org\/es\/mexico-rugarcia-atentado-reynosa-2021\/#breadcrumb"},"inLanguage":"es","potentialAction":[{"@type":"ReadAction","target":["https:\/\/exaudi.org\/es\/mexico-rugarcia-atentado-reynosa-2021\/"]}]},{"@type":"ImageObject","inLanguage":"es","@id":"https:\/\/exaudi.org\/es\/mexico-rugarcia-atentado-reynosa-2021\/#primaryimage","url":"https:\/\/exaudi.org\/wp-content\/uploads\/2021\/06\/34vg534v-scaled.jpg","contentUrl":"https:\/\/exaudi.org\/wp-content\/uploads\/2021\/06\/34vg534v-scaled.jpg","width":2560,"height":1707,"caption":"Bandera de M\u00e9xico \u00a9 Pexels"},{"@type":"BreadcrumbList","@id":"https:\/\/exaudi.org\/es\/mexico-rugarcia-atentado-reynosa-2021\/#breadcrumb","itemListElement":[{"@type":"ListItem","position":1,"name":"Portada","item":"https:\/\/exaudi.org\/es\/"},{"@type":"ListItem","position":2,"name":"M\u00e9xico: Mons. Rugarc\u00eda habla del atentado en Reynosa"}]},{"@type":"WebSite","@id":"https:\/\/exaudi.org\/#website","url":"https:\/\/exaudi.org\/","name":"Exaudi","description":"News","potentialAction":[{"@type":"SearchAction","target":{"@type":"EntryPoint","urlTemplate":"https:\/\/exaudi.org\/?s={search_term_string}"},"query-input":{"@type":"PropertyValueSpecification","valueRequired":true,"valueName":"search_term_string"}}],"inLanguage":"es"},{"@type":"Person","@id":"https:\/\/exaudi.org\/#\/schema\/person\/d134b96438278131ce90c90c03fda6cd","name":"Gabriel Sales","image":{"@type":"ImageObject","inLanguage":"es","@id":"https:\/\/secure.gravatar.com\/avatar\/9b1269566f6a063ed26ffb3532b66a373cdde231ce5d0effb266167437fdaffd?s=96&d=mm&r=g","url":"https:\/\/secure.gravatar.com\/avatar\/9b1269566f6a063ed26ffb3532b66a373cdde231ce5d0effb266167437fdaffd?s=96&d=mm&r=g","contentUrl":"https:\/\/secure.gravatar.com\/avatar\/9b1269566f6a063ed26ffb3532b66a373cdde231ce5d0effb266167437fdaffd?s=96&d=mm&r=g","caption":"Gabriel Sales"},"description":"Periodista y especialista en Comunicaci\u00f3n y Branding digital. Cin\u00e9filo y cr\u00edtico de cine y series de televisi\u00f3n.","sameAs":["https:\/\/www.instagram.com\/cine90segundos\/","www.linkedin.com\/in\/habemusman","https:\/\/x.com\/habemusman","https:\/\/www.youtube.com\/channel\/UCVfCiOMkJ_C7T7OpyjuaLDg"],"url":"https:\/\/exaudi.org\/es\/author\/gsalesexaudi-org\/"}]}},"jetpack_featured_media_url":"https:\/\/exaudi.org\/wp-content\/uploads\/2021\/06\/34vg534v-scaled.jpg","jetpack_shortlink":"https:\/\/wp.me\/pgKjF2-6sK","_links":{"self":[{"href":"https:\/\/exaudi.org\/es\/wp-json\/wp\/v2\/posts\/24846","targetHints":{"allow":["GET"]}}],"collection":[{"href":"https:\/\/exaudi.org\/es\/wp-json\/wp\/v2\/posts"}],"about":[{"href":"https:\/\/exaudi.org\/es\/wp-json\/wp\/v2\/types\/post"}],"author":[{"embeddable":true,"href":"https:\/\/exaudi.org\/es\/wp-json\/wp\/v2\/users\/6"}],"replies":[{"embeddable":true,"href":"https:\/\/exaudi.org\/es\/wp-json\/wp\/v2\/comments?post=24846"}],"version-history":[{"count":0,"href":"https:\/\/exaudi.org\/es\/wp-json\/wp\/v2\/posts\/24846\/revisions"}],"wp:featuredmedia":[{"embeddable":true,"href":"https:\/\/exaudi.org\/es\/wp-json\/wp\/v2\/media\/24623"}],"wp:attachment":[{"href":"https:\/\/exaudi.org\/es\/wp-json\/wp\/v2\/media?parent=24846"}],"wp:term":[{"taxonomy":"category","embeddable":true,"href":"https:\/\/exaudi.org\/es\/wp-json\/wp\/v2\/categories?post=24846"},{"taxonomy":"post_tag","embeddable":true,"href":"https:\/\/exaudi.org\/es\/wp-json\/wp\/v2\/tags?post=24846"}],"curies":[{"name":"wp","href":"https:\/\/api.w.org\/{rel}","templated":true}]}}