{"id":24843,"date":"2021-06-29T12:21:48","date_gmt":"2021-06-29T10:21:48","guid":{"rendered":"https:\/\/exaudi.org\/?p=24843"},"modified":"2021-06-30T12:30:42","modified_gmt":"2021-06-30T10:30:42","slug":"papa-francisco-tocados-cristo-liberados","status":"publish","type":"post","link":"https:\/\/exaudi.org\/es\/papa-francisco-tocados-cristo-liberados\/","title":{"rendered":"Papa Francisco: Tocados por Cristo \u201csomos liberados\u201d"},"content":{"rendered":"<p>A las 9.30 horas de hoy, 29 de junio de 2021, el Papa Francisco ha presidido en la Bas\u00edlica Vaticana la Santa Misa por la <a href=\"https:\/\/exaudi.org\/es\/san-pedro-san-pablo-significado\/\" target=\"_blank\" rel=\"noopener noreferrer\">Solemnidad de los santos Ap\u00f3stoles Pedro y Pablo<\/a>. En su homil\u00eda, el Santo Padre ha expresado que, as\u00ed como los ap\u00f3stoles Pedro y Pablo, tocados por Cristo, \u201ctambi\u00e9n nosotros somos liberados. Siempre necesitamos ser liberados, porque s\u00f3lo una Iglesia libre es una Iglesia cre\u00edble\u201d,<\/p>\n<p>A lo largo de la celebraci\u00f3n, se ha presentado solemnemente a los nuevos arzobispos metropolitanos, quienes han presentado su juramento, y el Pont\u00edfice ha bendecido los palios, tomando la confesi\u00f3n del ap\u00f3stol Pedro. Dicho palio ser\u00e1 impuesto por cada representante pontificio en la respectiva sede metropolitana. En la Eucarist\u00eda, el Papa ha estado acompa\u00f1ado por el metropolitano de Caldedonia, <a href=\"https:\/\/exaudi.org\/es\/metropolitano-emmanuel-balance-del-camino-ecumenico\/\" target=\"_blank\" rel=\"noopener noreferrer\">Emmanuel Adamakis<\/a>, el ortodoxo griego de Buenos Aires Iosif Bosch y el di\u00e1cono patriarcal Barnabas Grigoriadis.<\/p>\n<h4><strong>Son libres porque fueron liberados<\/strong><\/h4>\n<figure id=\"attachment_24863\" aria-describedby=\"caption-attachment-24863\" style=\"width: 300px\" class=\"wp-caption alignleft\"><img loading=\"lazy\" decoding=\"async\" class=\"size-medium wp-image-24863\" src=\"https:\/\/exaudi.org\/wp-content\/uploads\/2021\/06\/cq5dam.web_.800.800-22-300x200.jpeg\" alt=\"Papa Cristo liberados\" width=\"300\" height=\"200\" srcset=\"https:\/\/exaudi.org\/wp-content\/uploads\/2021\/06\/cq5dam.web_.800.800-22-300x200.jpeg 300w, https:\/\/exaudi.org\/wp-content\/uploads\/2021\/06\/cq5dam.web_.800.800-22-768x512.jpeg 768w, https:\/\/exaudi.org\/wp-content\/uploads\/2021\/06\/cq5dam.web_.800.800-22-150x100.jpeg 150w, https:\/\/exaudi.org\/wp-content\/uploads\/2021\/06\/cq5dam.web_.800.800-22-696x464.jpeg 696w, https:\/\/exaudi.org\/wp-content\/uploads\/2021\/06\/cq5dam.web_.800.800-22-630x420.jpeg 630w, https:\/\/exaudi.org\/wp-content\/uploads\/2021\/06\/cq5dam.web_.800.800-22.jpeg 800w\" sizes=\"auto, (max-width: 300px) 100vw, 300px\" \/><figcaption id=\"caption-attachment-24863\" class=\"wp-caption-text\">Homil\u00eda Papa San Pedro y San Pablo \u00a9 Vatican Media<\/figcaption><\/figure>\n<p>Al comienzo de su homil\u00eda, el Papa ha se\u00f1alado sobre san Pedro y san Pablo que, \u201cen el centro de su historia no est\u00e1n sus capacidades, sino que en el centro est\u00e1 el encuentro con Cristo que cambi\u00f3 sus vidas. Experimentaron un amor que los san\u00f3 y los liber\u00f3 y, por ello, se convirtieron en ap\u00f3stoles y ministros de liberaci\u00f3n para los dem\u00e1s\u201d.<\/p>\n<p>\u201cPedro, el pescador de Galilea, fue liberado ante todo del sentimiento de inadecuaci\u00f3n y de la amargura del fracaso, y esto ocurri\u00f3 gracias al amor incondicional de Jes\u00fas (&#8230;) Jes\u00fas lo am\u00f3 gratuitamente y apost\u00f3 por \u00e9l. Lo anim\u00f3 a no rendirse, a echar de nuevo las redes al mar, a caminar sobre las aguas, a mirar con valent\u00eda su propia debilidad, a seguirlo en el camino de la cruz, a dar la vida por sus hermanos, a apacentar sus ovejas\u201d, explica.<\/p>\n<p>San Pablo, contin\u00faa, \u201cfue liberado de la esclavitud m\u00e1s opresiva, la de su ego. Y de Saulo, el nombre del primer rey de Israel, pas\u00f3 a ser Pablo, que significa &#8216;peque\u00f1o&#8217;. Fue librado tambi\u00e9n del celo religioso que lo hab\u00eda hecho encarnizado defensor de las tradiciones que hab\u00eda recibido y violento perseguidor de los cristianos\u201d.<\/p>\n<h4><strong>Salir del miedo y del ego<\/strong><\/h4>\n<figure id=\"attachment_24866\" aria-describedby=\"caption-attachment-24866\" style=\"width: 300px\" class=\"wp-caption alignright\"><img loading=\"lazy\" decoding=\"async\" class=\"size-medium wp-image-24866\" src=\"https:\/\/exaudi.org\/wp-content\/uploads\/2021\/06\/cq5dam.web_.800.800-1-5-300x200.jpeg\" alt=\"\" width=\"300\" height=\"200\" srcset=\"https:\/\/exaudi.org\/wp-content\/uploads\/2021\/06\/cq5dam.web_.800.800-1-5-300x200.jpeg 300w, https:\/\/exaudi.org\/wp-content\/uploads\/2021\/06\/cq5dam.web_.800.800-1-5-768x512.jpeg 768w, https:\/\/exaudi.org\/wp-content\/uploads\/2021\/06\/cq5dam.web_.800.800-1-5-150x100.jpeg 150w, https:\/\/exaudi.org\/wp-content\/uploads\/2021\/06\/cq5dam.web_.800.800-1-5-696x464.jpeg 696w, https:\/\/exaudi.org\/wp-content\/uploads\/2021\/06\/cq5dam.web_.800.800-1-5-630x420.jpeg 630w, https:\/\/exaudi.org\/wp-content\/uploads\/2021\/06\/cq5dam.web_.800.800-1-5.jpeg 800w\" sizes=\"auto, (max-width: 300px) 100vw, 300px\" \/><figcaption id=\"caption-attachment-24866\" class=\"wp-caption-text\">Homil\u00eda Papa San Pedro y San Pablo \u00a9 Vatican Media<\/figcaption><\/figure>\n<p>Francisco ha indicado que \u201cla Iglesia mira a estos dos gigantes de la fe y ve a dos Ap\u00f3stoles que liberaron la fuerza del Evangelio en el mundo, s\u00f3lo porque antes fueron liberados por su encuentro con Cristo. \u00c9l no los juzg\u00f3, no los humill\u00f3, sino que comparti\u00f3 su vida con afecto y cercan\u00eda, apoy\u00e1ndolos con su propia oraci\u00f3n y a veces reprendi\u00e9ndolos para moverlos a que cambiaran\u201d.<\/p>\n<p>Como Pedro, aclara, \u201cestamos llamados a liberarnos de la sensaci\u00f3n de derrota ante nuestra pesca, a veces infructuosa; a liberarnos del miedo que nos inmoviliza y nos hace temerosos, encerr\u00e1ndonos en nuestras seguridades y quit\u00e1ndonos la valent\u00eda de la profec\u00eda\u201d.<\/p>\n<p>Como Pablo, a\u00f1ade, \u201cestamos llamados a ser libres de las hipocres\u00edas de la exterioridad, a ser libres de la tentaci\u00f3n de imponernos con la fuerza del mundo en lugar de hacerlo con la debilidad que da cabida a Dios, libres de una observancia religiosa que nos vuelve r\u00edgidos e inflexibles, libres de v\u00ednculos ambiguos con el poder y del miedo a ser incomprendidos y atacados\u201d.<\/p>\n<p>A continuaci\u00f3n, sigue el texto completo de la homil\u00eda del Obispo de Roma ofrecido por la <a href=\"https:\/\/www.vatican.va\/news_services\/press\/index_sp.htm\" target=\"_blank\" rel=\"noopener noreferrer\">Oficina de Prensa de la Santa Sede.<\/a><\/p>\n<p style=\"text-align: center\">***<\/p>\n<div class=\"abstract text parbase vaticanrichtext\">\n<p style=\"text-align: center\"><strong>SANTA MISA Y BENDICI\u00d3N DE LOS PALIOS PARA LOS NUEVOS ARZOBISPOS METROPOLITANOS<\/strong><br \/>\n<strong>EN LA SOLEMNIDAD DE SAN PEDRO Y SAN PABLO<\/strong><\/p>\n<p style=\"text-align: center\"><i><b><span class=\"title-1-color\">HOMIL\u00cdA DEL SANTO PADRE FRANCISCO<\/span><\/b><\/i><\/p>\n<figure id=\"attachment_24869\" aria-describedby=\"caption-attachment-24869\" style=\"width: 300px\" class=\"wp-caption alignleft\"><img loading=\"lazy\" decoding=\"async\" class=\"size-medium wp-image-24869\" src=\"https:\/\/exaudi.org\/wp-content\/uploads\/2021\/06\/cq5dam.web_.800.800-3-3-300x200.jpeg\" alt=\"Papa Cristo liberados\" width=\"300\" height=\"200\" srcset=\"https:\/\/exaudi.org\/wp-content\/uploads\/2021\/06\/cq5dam.web_.800.800-3-3-300x200.jpeg 300w, https:\/\/exaudi.org\/wp-content\/uploads\/2021\/06\/cq5dam.web_.800.800-3-3-768x512.jpeg 768w, https:\/\/exaudi.org\/wp-content\/uploads\/2021\/06\/cq5dam.web_.800.800-3-3-150x100.jpeg 150w, https:\/\/exaudi.org\/wp-content\/uploads\/2021\/06\/cq5dam.web_.800.800-3-3-696x464.jpeg 696w, https:\/\/exaudi.org\/wp-content\/uploads\/2021\/06\/cq5dam.web_.800.800-3-3-630x420.jpeg 630w, https:\/\/exaudi.org\/wp-content\/uploads\/2021\/06\/cq5dam.web_.800.800-3-3.jpeg 800w\" sizes=\"auto, (max-width: 300px) 100vw, 300px\" \/><figcaption id=\"caption-attachment-24869\" class=\"wp-caption-text\">Homil\u00eda Papa San Pedro y San Pablo \u00a9 Vatican Media<\/figcaption><\/figure>\n<\/div>\n<div class=\"text parbase vaticanrichtext\">\n<p>Dos grandes Ap\u00f3stoles, Ap\u00f3stoles del Evangelio, y columnas de la Iglesia: Pedro y Pablo. Hoy celebramos su memoria. Observemos de cerca a estos dos testigos de la fe. En el centro de su historia no est\u00e1n sus capacidades, sino que en el centro est\u00e1 el encuentro con Cristo que cambi\u00f3 sus vidas. Experimentaron un amor que los san\u00f3 y los liber\u00f3 y, por ello, se convirtieron en ap\u00f3stoles y ministros de liberaci\u00f3n para los dem\u00e1s.<\/p>\n<p>Pedro y Pablo son libres s\u00f3lo porque fueron liberados. Deteng\u00e1monos en este punto central.<\/p>\n<p>Pedro, el pescador de Galilea, fue liberado ante todo del sentimiento de inadecuaci\u00f3n y de la amargura del fracaso, y esto ocurri\u00f3 gracias al amor incondicional de Jes\u00fas. Aunque era un pescador experto, varias veces experiment\u00f3, en plena noche, el amargo sabor de la derrota por no haber pescado nada (cf.\u00a0Lc\u00a05,5;\u00a0Jn\u00a021,5) y, ante las redes vac\u00edas, tuvo la tentaci\u00f3n de abandonarlo todo. A pesar de ser fuerte e impetuoso, a menudo se dej\u00f3 llevar por el miedo (cf.\u00a0Mt\u00a014,30). Si bien era un apasionado disc\u00edpulo del Se\u00f1or, sigui\u00f3 razonando seg\u00fan el mundo, sin ser capaz de entender y aceptar el significado de la cruz de Cristo (cf.\u00a0Mt\u00a016,22). Aunque dec\u00eda que estaba dispuesto a dar la vida por \u00c9l, fue suficiente sentir que sospechaban que era uno de los suyos para asustarse y llegar a negar al Maestro (cf.\u00a0Mc\u00a014,66-72).<\/p>\n<figure id=\"attachment_24872\" aria-describedby=\"caption-attachment-24872\" style=\"width: 300px\" class=\"wp-caption alignright\"><img loading=\"lazy\" decoding=\"async\" class=\"size-medium wp-image-24872\" src=\"https:\/\/exaudi.org\/wp-content\/uploads\/2021\/06\/cq5dam.web_.800.800-4-2-300x200.jpeg\" alt=\"\" width=\"300\" height=\"200\" srcset=\"https:\/\/exaudi.org\/wp-content\/uploads\/2021\/06\/cq5dam.web_.800.800-4-2-300x200.jpeg 300w, https:\/\/exaudi.org\/wp-content\/uploads\/2021\/06\/cq5dam.web_.800.800-4-2-768x512.jpeg 768w, https:\/\/exaudi.org\/wp-content\/uploads\/2021\/06\/cq5dam.web_.800.800-4-2-150x100.jpeg 150w, https:\/\/exaudi.org\/wp-content\/uploads\/2021\/06\/cq5dam.web_.800.800-4-2-696x464.jpeg 696w, https:\/\/exaudi.org\/wp-content\/uploads\/2021\/06\/cq5dam.web_.800.800-4-2-630x420.jpeg 630w, https:\/\/exaudi.org\/wp-content\/uploads\/2021\/06\/cq5dam.web_.800.800-4-2.jpeg 800w\" sizes=\"auto, (max-width: 300px) 100vw, 300px\" \/><figcaption id=\"caption-attachment-24872\" class=\"wp-caption-text\">Homil\u00eda Papa San Pedro y San Pablo \u00a9 Vatican Media<\/figcaption><\/figure>\n<p>Sin embargo, Jes\u00fas lo am\u00f3 gratuitamente y apost\u00f3 por \u00e9l. Lo anim\u00f3 a no rendirse, a echar de nuevo las redes al mar, a caminar sobre las aguas, a mirar con valent\u00eda su propia debilidad, a seguirlo en el camino de la cruz, a dar la vida por sus hermanos, a apacentar sus ovejas. De este modo lo liber\u00f3 del miedo, de los c\u00e1lculos basados \u00fanicamente en las seguridades humanas, de las preocupaciones mundanas, infundi\u00e9ndole el valor de arriesgarlo todo y la alegr\u00eda de sentirse pescador de hombres. Y lo llam\u00f3 precisamente a \u00e9l para que confirmara a sus hermanos en la fe (cf.\u00a0Lc\u00a022,32). A \u00e9l le dio \u2015como hemos escuchado en el Evangelio\u2015 las llaves para abrir las puertas que conducen al encuentro con el Se\u00f1or y el poder de atar y desatar: atar los hermanos a Cristo y desatar los nudos y las cadenas de sus vidas (cf.\u00a0Mt\u00a016,19).<\/p>\n<p>Todo esto fue posible s\u00f3lo porque \u2015como nos dice la primera lectura\u2015 Pedro fue el primero en ser liberado. Se rompieron las cadenas que lo ten\u00edan prisionero y, al igual que hab\u00eda ocurrido en la noche que los israelitas fueron liberados de la esclavitud en Egipto, se le pidi\u00f3 que se levantara r\u00e1pidamente, que se pusiera el cintur\u00f3n y se atara las sandalias para poder salir. Y el Se\u00f1or le abri\u00f3 las puertas de par en par (cf.\u00a0Hch\u00a012,7-10). Es una nueva historia de apertura, de liberaci\u00f3n, de cadenas rotas, de salida del cautiverio que encierra.\u00a0Pedro tuvo la experiencia de la Pascua: el Se\u00f1or lo liber\u00f3.<\/p>\n<figure id=\"attachment_24878\" aria-describedby=\"caption-attachment-24878\" style=\"width: 300px\" class=\"wp-caption alignleft\"><img loading=\"lazy\" decoding=\"async\" class=\"size-medium wp-image-24878\" src=\"https:\/\/exaudi.org\/wp-content\/uploads\/2021\/06\/cq5dam.web_.800.800-5-2-300x200.jpeg\" alt=\"\" width=\"300\" height=\"200\" srcset=\"https:\/\/exaudi.org\/wp-content\/uploads\/2021\/06\/cq5dam.web_.800.800-5-2-300x200.jpeg 300w, https:\/\/exaudi.org\/wp-content\/uploads\/2021\/06\/cq5dam.web_.800.800-5-2-768x512.jpeg 768w, https:\/\/exaudi.org\/wp-content\/uploads\/2021\/06\/cq5dam.web_.800.800-5-2-150x100.jpeg 150w, https:\/\/exaudi.org\/wp-content\/uploads\/2021\/06\/cq5dam.web_.800.800-5-2-696x464.jpeg 696w, https:\/\/exaudi.org\/wp-content\/uploads\/2021\/06\/cq5dam.web_.800.800-5-2-630x420.jpeg 630w, https:\/\/exaudi.org\/wp-content\/uploads\/2021\/06\/cq5dam.web_.800.800-5-2.jpeg 800w\" sizes=\"auto, (max-width: 300px) 100vw, 300px\" \/><figcaption id=\"caption-attachment-24878\" class=\"wp-caption-text\">Homil\u00eda Papa San Pedro y San Pablo \u00a9 Vatican Media<\/figcaption><\/figure>\n<p>Tambi\u00e9n el ap\u00f3stol Pablo experiment\u00f3 la liberaci\u00f3n de Cristo. Fue liberado de la esclavitud m\u00e1s opresiva, la de su ego. Y de Saulo, el nombre del primer rey de Israel, pas\u00f3 a ser Pablo, que significa \u201cpeque\u00f1o\u201d. Fue librado tambi\u00e9n del celo religioso que lo hab\u00eda hecho encarnizado defensor de las tradiciones que hab\u00eda recibido (cf.\u00a0Gal\u00a01,14) y violento perseguidor de los cristianos. Fue liberado. La observancia formal de la religi\u00f3n y la defensa a capa y espada de la tradici\u00f3n, en lugar de abrirlo al amor de Dios y de sus hermanos, lo volvieron r\u00edgido: era un fundamentalista. Dios lo libr\u00f3 de esto, pero no le ahorr\u00f3, en cambio, muchas debilidades y dificultades que hicieron m\u00e1s fecunda su misi\u00f3n evangelizadora: las fatigas del apostolado, la enfermedad f\u00edsica (cf.\u00a0Ga\u00a04,13-14), la violencia, la persecuci\u00f3n, los naufragios, el hambre y la sed, y \u2014como \u00e9l mismo contaba\u2014 una espina que lo atormentaba en la carne (cf.\u00a02 Co\u00a012,7-10).<\/p>\n<p>As\u00ed, Pablo comprendi\u00f3 que \u201cDios eligi\u00f3 lo d\u00e9bil del mundo para confundir a los fuertes\u201d (1 Co\u00a01,27), que todo lo podemos en aquel que nos fortalece (cf.\u00a0Flp\u00a04,13), que nada puede separarnos de su amor (cf.\u00a0Rm 8,35-39). Por eso, al final de su vida \u2015como nos dice la segunda lectura\u2015 Pablo pudo decir: \u201cel Se\u00f1or me asisti\u00f3\u201d y \u201cme seguir\u00e1 librando de toda obra mala\u201d (2 Tm\u00a04,17).\u00a0Pablo tuvo la experiencia de la Pascua: el Se\u00f1or lo liber\u00f3.<\/p>\n<figure id=\"attachment_24881\" aria-describedby=\"caption-attachment-24881\" style=\"width: 300px\" class=\"wp-caption alignright\"><img loading=\"lazy\" decoding=\"async\" class=\"size-medium wp-image-24881\" src=\"https:\/\/exaudi.org\/wp-content\/uploads\/2021\/06\/cq5dam.web_.800.800-6-3-300x200.jpeg\" alt=\"\" width=\"300\" height=\"200\" srcset=\"https:\/\/exaudi.org\/wp-content\/uploads\/2021\/06\/cq5dam.web_.800.800-6-3-300x200.jpeg 300w, https:\/\/exaudi.org\/wp-content\/uploads\/2021\/06\/cq5dam.web_.800.800-6-3-768x512.jpeg 768w, https:\/\/exaudi.org\/wp-content\/uploads\/2021\/06\/cq5dam.web_.800.800-6-3-150x100.jpeg 150w, https:\/\/exaudi.org\/wp-content\/uploads\/2021\/06\/cq5dam.web_.800.800-6-3-696x464.jpeg 696w, https:\/\/exaudi.org\/wp-content\/uploads\/2021\/06\/cq5dam.web_.800.800-6-3-630x420.jpeg 630w, https:\/\/exaudi.org\/wp-content\/uploads\/2021\/06\/cq5dam.web_.800.800-6-3.jpeg 800w\" sizes=\"auto, (max-width: 300px) 100vw, 300px\" \/><figcaption id=\"caption-attachment-24881\" class=\"wp-caption-text\">Homil\u00eda Papa San Pedro y San Pablo \u00a9 Vatican Media<\/figcaption><\/figure>\n<p>Queridos hermanos y hermanas, la Iglesia mira a estos dos gigantes de la fe y ve a dos Ap\u00f3stoles que liberaron la fuerza del Evangelio en el mundo, s\u00f3lo porque antes fueron liberados por su encuentro con Cristo. \u00c9l no los juzg\u00f3, no los humill\u00f3, sino que comparti\u00f3 su vida con afecto y cercan\u00eda, apoy\u00e1ndolos con su propia oraci\u00f3n y a veces reprendi\u00e9ndolos para moverlos a que cambiaran. A Pedro, Jes\u00fas le dice con ternura: \u201cHe rogado por ti para que no pierdas tu fe\u201d (Lc 22,32), a Pablo le pregunta: \u201cSaulo, Saulo, \u00bfpor qu\u00e9 me persigues?\u201d (Hch\u00a09,4). Jes\u00fas hace lo mismo con nosotros: nos asegura su cercan\u00eda rezando por nosotros e intercediendo ante el Padre, y nos reprende con dulzura cuando nos equivocamos, para que podamos encontrar la fuerza de levantarnos y reanudar el camino.<\/p>\n<p>Tocados por el Se\u00f1or, tambi\u00e9n nosotros somos liberados. Siempre necesitamos ser liberados, porque s\u00f3lo una Iglesia libre es una Iglesia cre\u00edble. Como Pedro, estamos llamados a liberarnos de la sensaci\u00f3n de derrota ante nuestra pesca, a veces infructuosa; a liberarnos del miedo que nos inmoviliza y nos hace temerosos, encerr\u00e1ndonos en nuestras seguridades y quit\u00e1ndonos la valent\u00eda de la profec\u00eda. Como Pablo, estamos llamados a ser libres de las hipocres\u00edas de la exterioridad, a ser libres de la tentaci\u00f3n de imponernos con la fuerza del mundo en lugar de hacerlo con la debilidad que da cabida a Dios, libres de una observancia religiosa que nos vuelve r\u00edgidos e inflexibles, libres de v\u00ednculos ambiguos con el poder y del miedo a ser incomprendidos y atacados.<\/p>\n<figure id=\"attachment_24884\" aria-describedby=\"caption-attachment-24884\" style=\"width: 300px\" class=\"wp-caption alignleft\"><img loading=\"lazy\" decoding=\"async\" class=\"size-medium wp-image-24884\" src=\"https:\/\/exaudi.org\/wp-content\/uploads\/2021\/06\/cq5dam.web_.800.800-8-2-300x200.jpeg\" alt=\"\" width=\"300\" height=\"200\" srcset=\"https:\/\/exaudi.org\/wp-content\/uploads\/2021\/06\/cq5dam.web_.800.800-8-2-300x200.jpeg 300w, https:\/\/exaudi.org\/wp-content\/uploads\/2021\/06\/cq5dam.web_.800.800-8-2-768x512.jpeg 768w, https:\/\/exaudi.org\/wp-content\/uploads\/2021\/06\/cq5dam.web_.800.800-8-2-150x100.jpeg 150w, https:\/\/exaudi.org\/wp-content\/uploads\/2021\/06\/cq5dam.web_.800.800-8-2-696x464.jpeg 696w, https:\/\/exaudi.org\/wp-content\/uploads\/2021\/06\/cq5dam.web_.800.800-8-2-630x420.jpeg 630w, https:\/\/exaudi.org\/wp-content\/uploads\/2021\/06\/cq5dam.web_.800.800-8-2.jpeg 800w\" sizes=\"auto, (max-width: 300px) 100vw, 300px\" \/><figcaption id=\"caption-attachment-24884\" class=\"wp-caption-text\">Homil\u00eda Papa San Pedro y San Pablo \u00a9 Vatican Media<\/figcaption><\/figure>\n<p>Pedro y Pablo nos dan la imagen de una Iglesia confiada a nuestras manos, pero conducida por el Se\u00f1or con fidelidad y ternura \u2015es \u00c9l quien gu\u00eda a la Iglesia\u2015; de una Iglesia d\u00e9bil, pero fuerte por la presencia de Dios; la imagen de una Iglesia liberada que puede ofrecer al mundo la liberaci\u00f3n que no puede darse a s\u00ed mismo: liberaci\u00f3n del pecado, de la muerte, de la resignaci\u00f3n, del sentimiento de injusticia, de la p\u00e9rdida de esperanza, que envilece la vida de las mujeres y los hombres de nuestro tiempo.<\/p>\n<p>Pregunt\u00e9monos hoy, en esta celebraci\u00f3n y despu\u00e9s de ella, pregunt\u00e9monos, \u00bfcu\u00e1nta necesidad de liberaci\u00f3n tienen nuestras ciudades, nuestras sociedades, nuestro mundo? \u00a1Cu\u00e1ntas cadenas hay que romper y cu\u00e1ntas puertas con barrotes hay que abrir! Podemos ser colaboradores de esta liberaci\u00f3n, pero s\u00f3lo si antes nos dejamos liberar por la novedad de Jes\u00fas y caminamos en la libertad del Esp\u00edritu Santo.<\/p>\n<figure id=\"attachment_24887\" aria-describedby=\"caption-attachment-24887\" style=\"width: 300px\" class=\"wp-caption alignright\"><img loading=\"lazy\" decoding=\"async\" class=\"size-medium wp-image-24887\" src=\"https:\/\/exaudi.org\/wp-content\/uploads\/2021\/06\/cq5dam.web_.800.800-9-1-300x200.jpeg\" alt=\"Papa Cristo liberados\" width=\"300\" height=\"200\" srcset=\"https:\/\/exaudi.org\/wp-content\/uploads\/2021\/06\/cq5dam.web_.800.800-9-1-300x200.jpeg 300w, https:\/\/exaudi.org\/wp-content\/uploads\/2021\/06\/cq5dam.web_.800.800-9-1-768x512.jpeg 768w, https:\/\/exaudi.org\/wp-content\/uploads\/2021\/06\/cq5dam.web_.800.800-9-1-150x100.jpeg 150w, https:\/\/exaudi.org\/wp-content\/uploads\/2021\/06\/cq5dam.web_.800.800-9-1-696x464.jpeg 696w, https:\/\/exaudi.org\/wp-content\/uploads\/2021\/06\/cq5dam.web_.800.800-9-1-630x420.jpeg 630w, https:\/\/exaudi.org\/wp-content\/uploads\/2021\/06\/cq5dam.web_.800.800-9-1.jpeg 800w\" sizes=\"auto, (max-width: 300px) 100vw, 300px\" \/><figcaption id=\"caption-attachment-24887\" class=\"wp-caption-text\">Homil\u00eda Papa San Pedro y San Pablo \u00a9 Vatican Media<\/figcaption><\/figure>\n<p>Hoy nuestros hermanos arzobispos reciben el palio. Este signo de unidad con Pedro recuerda la misi\u00f3n del pastor que da su vida por el reba\u00f1o. Dando su vida, el pastor, liberado de s\u00ed mismo, se convierte en instrumento de liberaci\u00f3n para sus hermanos. Hoy nos acompa\u00f1a la Delegaci\u00f3n del Patriarcado Ecum\u00e9nico, enviada para esta ocasi\u00f3n por nuestro querido hermano Bartolom\u00e9: vuestra grata presencia es un precioso signo de unidad en el camino de liberaci\u00f3n de las distancias que dividen escandalosamente a los creyentes en Cristo. Gracias por vuestra presencia.<\/p>\n<p>Rezamos por vosotros, por los pastores, por la Iglesia, por todos nosotros para que,\u00a0liberados\u00a0por Cristo, seamos\u00a0ap\u00f3stoles de liberaci\u00f3n\u00a0en el mundo entero.<\/p>\n<\/div>\n<p><strong>\u00a9 Librer\u00eda Editora Vaticana<\/strong><\/p>\n","protected":false},"excerpt":{"rendered":"<p>Santa Misa por la Solemnidad de los Santos Pedro y Pablo<\/p>\n","protected":false},"author":6,"featured_media":24859,"comment_status":"closed","ping_status":"closed","sticky":false,"template":"","format":"standard","meta":{"_acf_changed":false,"_crdt_document":"","inline_featured_image":false,"footnotes":""},"categories":[114,298],"tags":[173,3110,704],"class_list":["post-24843","post","type-post","status-publish","format-standard","has-post-thumbnail","hentry","category-homilias","category-ultimas-noticias","tag-homilia","tag-san-pedro-y-san-pablo","tag-santa-misa"],"acf":[],"yoast_head":"<!-- This site is optimized with the Yoast SEO plugin v27.5 - https:\/\/yoast.com\/product\/yoast-seo-wordpress\/ -->\n<title>Papa Francisco: Tocados por Cristo \u201csomos liberados\u201d - Exaudi<\/title>\n<meta name=\"description\" content=\"En la homil\u00eda de la Santa Misa por la Solemnidad de san Pedro y san Pablo, el Papa Francisco ha dicho que por Cristo somos liberados.\" \/>\n<meta name=\"robots\" content=\"index, follow, max-snippet:-1, max-image-preview:large, max-video-preview:-1\" \/>\n<link rel=\"canonical\" href=\"https:\/\/exaudi.org\/es\/papa-francisco-tocados-cristo-liberados\/\" \/>\n<meta property=\"og:locale\" content=\"es_ES\" \/>\n<meta property=\"og:type\" content=\"article\" \/>\n<meta property=\"og:title\" content=\"Papa Francisco: Tocados por Cristo \u201csomos liberados\u201d - Exaudi\" \/>\n<meta property=\"og:description\" content=\"En la homil\u00eda de la Santa Misa por la Solemnidad de san Pedro y san Pablo, el Papa Francisco ha dicho que por Cristo somos liberados.\" \/>\n<meta property=\"og:url\" content=\"https:\/\/exaudi.org\/es\/papa-francisco-tocados-cristo-liberados\/\" \/>\n<meta property=\"og:site_name\" content=\"Exaudi\" \/>\n<meta property=\"article:publisher\" content=\"https:\/\/www.facebook.com\/ExaudiNews\" \/>\n<meta property=\"article:published_time\" content=\"2021-06-29T10:21:48+00:00\" \/>\n<meta property=\"article:modified_time\" content=\"2021-06-30T10:30:42+00:00\" \/>\n<meta property=\"og:image\" content=\"https:\/\/exaudi.org\/wp-content\/uploads\/2021\/06\/43c2333.jpeg\" \/>\n\t<meta property=\"og:image:width\" content=\"1455\" \/>\n\t<meta property=\"og:image:height\" content=\"819\" \/>\n\t<meta property=\"og:image:type\" content=\"image\/jpeg\" \/>\n<meta name=\"author\" content=\"Gabriel Sales\" \/>\n<meta name=\"twitter:card\" content=\"summary_large_image\" \/>\n<meta name=\"twitter:creator\" content=\"@habemusman\" \/>\n<meta name=\"twitter:site\" content=\"@Exaudi_News\" \/>\n<meta name=\"twitter:label1\" content=\"Escrito por\" \/>\n\t<meta name=\"twitter:data1\" content=\"Gabriel Sales\" \/>\n\t<meta name=\"twitter:label2\" content=\"Tiempo de lectura\" \/>\n\t<meta name=\"twitter:data2\" content=\"11 minutos\" \/>\n<script type=\"application\/ld+json\" class=\"yoast-schema-graph\">{\"@context\":\"https:\\\/\\\/schema.org\",\"@graph\":[{\"@type\":\"Article\",\"@id\":\"https:\\\/\\\/exaudi.org\\\/es\\\/papa-francisco-tocados-cristo-liberados\\\/#article\",\"isPartOf\":{\"@id\":\"https:\\\/\\\/exaudi.org\\\/es\\\/papa-francisco-tocados-cristo-liberados\\\/\"},\"author\":{\"name\":\"Gabriel Sales\",\"@id\":\"https:\\\/\\\/exaudi.org\\\/#\\\/schema\\\/person\\\/d134b96438278131ce90c90c03fda6cd\"},\"headline\":\"Papa Francisco: Tocados por Cristo \u201csomos liberados\u201d\",\"datePublished\":\"2021-06-29T10:21:48+00:00\",\"dateModified\":\"2021-06-30T10:30:42+00:00\",\"mainEntityOfPage\":{\"@id\":\"https:\\\/\\\/exaudi.org\\\/es\\\/papa-francisco-tocados-cristo-liberados\\\/\"},\"wordCount\":2121,\"image\":{\"@id\":\"https:\\\/\\\/exaudi.org\\\/es\\\/papa-francisco-tocados-cristo-liberados\\\/#primaryimage\"},\"thumbnailUrl\":\"https:\\\/\\\/exaudi.org\\\/wp-content\\\/uploads\\\/2021\\\/06\\\/43c2333.jpeg\",\"keywords\":[\"homil\u00eda\",\"San Pedro y San Pablo\",\"Santa Misa\"],\"articleSection\":[\"Homilias\",\"\u00daltimas noticias\"],\"inLanguage\":\"es\"},{\"@type\":\"WebPage\",\"@id\":\"https:\\\/\\\/exaudi.org\\\/es\\\/papa-francisco-tocados-cristo-liberados\\\/\",\"url\":\"https:\\\/\\\/exaudi.org\\\/es\\\/papa-francisco-tocados-cristo-liberados\\\/\",\"name\":\"Papa Francisco: Tocados por Cristo \u201csomos liberados\u201d - Exaudi\",\"isPartOf\":{\"@id\":\"https:\\\/\\\/exaudi.org\\\/#website\"},\"primaryImageOfPage\":{\"@id\":\"https:\\\/\\\/exaudi.org\\\/es\\\/papa-francisco-tocados-cristo-liberados\\\/#primaryimage\"},\"image\":{\"@id\":\"https:\\\/\\\/exaudi.org\\\/es\\\/papa-francisco-tocados-cristo-liberados\\\/#primaryimage\"},\"thumbnailUrl\":\"https:\\\/\\\/exaudi.org\\\/wp-content\\\/uploads\\\/2021\\\/06\\\/43c2333.jpeg\",\"datePublished\":\"2021-06-29T10:21:48+00:00\",\"dateModified\":\"2021-06-30T10:30:42+00:00\",\"author\":{\"@id\":\"https:\\\/\\\/exaudi.org\\\/#\\\/schema\\\/person\\\/d134b96438278131ce90c90c03fda6cd\"},\"description\":\"En la homil\u00eda de la Santa Misa por la Solemnidad de san Pedro y san Pablo, el Papa Francisco ha dicho que por Cristo somos liberados.\",\"breadcrumb\":{\"@id\":\"https:\\\/\\\/exaudi.org\\\/es\\\/papa-francisco-tocados-cristo-liberados\\\/#breadcrumb\"},\"inLanguage\":\"es\",\"potentialAction\":[{\"@type\":\"ReadAction\",\"target\":[\"https:\\\/\\\/exaudi.org\\\/es\\\/papa-francisco-tocados-cristo-liberados\\\/\"]}]},{\"@type\":\"ImageObject\",\"inLanguage\":\"es\",\"@id\":\"https:\\\/\\\/exaudi.org\\\/es\\\/papa-francisco-tocados-cristo-liberados\\\/#primaryimage\",\"url\":\"https:\\\/\\\/exaudi.org\\\/wp-content\\\/uploads\\\/2021\\\/06\\\/43c2333.jpeg\",\"contentUrl\":\"https:\\\/\\\/exaudi.org\\\/wp-content\\\/uploads\\\/2021\\\/06\\\/43c2333.jpeg\",\"width\":1455,\"height\":819,\"caption\":\"Homil\u00eda Papa San Pedro y San Pablo \u00a9 Vatican Media\"},{\"@type\":\"BreadcrumbList\",\"@id\":\"https:\\\/\\\/exaudi.org\\\/es\\\/papa-francisco-tocados-cristo-liberados\\\/#breadcrumb\",\"itemListElement\":[{\"@type\":\"ListItem\",\"position\":1,\"name\":\"Portada\",\"item\":\"https:\\\/\\\/exaudi.org\\\/es\\\/\"},{\"@type\":\"ListItem\",\"position\":2,\"name\":\"Papa Francisco: Tocados por Cristo \u201csomos liberados\u201d\"}]},{\"@type\":\"WebSite\",\"@id\":\"https:\\\/\\\/exaudi.org\\\/#website\",\"url\":\"https:\\\/\\\/exaudi.org\\\/\",\"name\":\"Exaudi\",\"description\":\"News\",\"potentialAction\":[{\"@type\":\"SearchAction\",\"target\":{\"@type\":\"EntryPoint\",\"urlTemplate\":\"https:\\\/\\\/exaudi.org\\\/?s={search_term_string}\"},\"query-input\":{\"@type\":\"PropertyValueSpecification\",\"valueRequired\":true,\"valueName\":\"search_term_string\"}}],\"inLanguage\":\"es\"},{\"@type\":\"Person\",\"@id\":\"https:\\\/\\\/exaudi.org\\\/#\\\/schema\\\/person\\\/d134b96438278131ce90c90c03fda6cd\",\"name\":\"Gabriel Sales\",\"image\":{\"@type\":\"ImageObject\",\"inLanguage\":\"es\",\"@id\":\"https:\\\/\\\/secure.gravatar.com\\\/avatar\\\/9b1269566f6a063ed26ffb3532b66a373cdde231ce5d0effb266167437fdaffd?s=96&d=mm&r=g\",\"url\":\"https:\\\/\\\/secure.gravatar.com\\\/avatar\\\/9b1269566f6a063ed26ffb3532b66a373cdde231ce5d0effb266167437fdaffd?s=96&d=mm&r=g\",\"contentUrl\":\"https:\\\/\\\/secure.gravatar.com\\\/avatar\\\/9b1269566f6a063ed26ffb3532b66a373cdde231ce5d0effb266167437fdaffd?s=96&d=mm&r=g\",\"caption\":\"Gabriel Sales\"},\"description\":\"Periodista y especialista en Comunicaci\u00f3n y Branding digital. Cin\u00e9filo y cr\u00edtico de cine y series de televisi\u00f3n.\",\"sameAs\":[\"https:\\\/\\\/www.instagram.com\\\/cine90segundos\\\/\",\"www.linkedin.com\\\/in\\\/habemusman\",\"https:\\\/\\\/x.com\\\/habemusman\",\"https:\\\/\\\/www.youtube.com\\\/channel\\\/UCVfCiOMkJ_C7T7OpyjuaLDg\"],\"url\":\"https:\\\/\\\/exaudi.org\\\/es\\\/author\\\/gsalesexaudi-org\\\/\"}]}<\/script>\n<!-- \/ Yoast SEO plugin. -->","yoast_head_json":{"title":"Papa Francisco: Tocados por Cristo \u201csomos liberados\u201d - Exaudi","description":"En la homil\u00eda de la Santa Misa por la Solemnidad de san Pedro y san Pablo, el Papa Francisco ha dicho que por Cristo somos liberados.","robots":{"index":"index","follow":"follow","max-snippet":"max-snippet:-1","max-image-preview":"max-image-preview:large","max-video-preview":"max-video-preview:-1"},"canonical":"https:\/\/exaudi.org\/es\/papa-francisco-tocados-cristo-liberados\/","og_locale":"es_ES","og_type":"article","og_title":"Papa Francisco: Tocados por Cristo \u201csomos liberados\u201d - Exaudi","og_description":"En la homil\u00eda de la Santa Misa por la Solemnidad de san Pedro y san Pablo, el Papa Francisco ha dicho que por Cristo somos liberados.","og_url":"https:\/\/exaudi.org\/es\/papa-francisco-tocados-cristo-liberados\/","og_site_name":"Exaudi","article_publisher":"https:\/\/www.facebook.com\/ExaudiNews","article_published_time":"2021-06-29T10:21:48+00:00","article_modified_time":"2021-06-30T10:30:42+00:00","og_image":[{"width":1455,"height":819,"url":"https:\/\/exaudi.org\/wp-content\/uploads\/2021\/06\/43c2333.jpeg","type":"image\/jpeg"}],"author":"Gabriel Sales","twitter_card":"summary_large_image","twitter_creator":"@habemusman","twitter_site":"@Exaudi_News","twitter_misc":{"Escrito por":"Gabriel Sales","Tiempo de lectura":"11 minutos"},"schema":{"@context":"https:\/\/schema.org","@graph":[{"@type":"Article","@id":"https:\/\/exaudi.org\/es\/papa-francisco-tocados-cristo-liberados\/#article","isPartOf":{"@id":"https:\/\/exaudi.org\/es\/papa-francisco-tocados-cristo-liberados\/"},"author":{"name":"Gabriel Sales","@id":"https:\/\/exaudi.org\/#\/schema\/person\/d134b96438278131ce90c90c03fda6cd"},"headline":"Papa Francisco: Tocados por Cristo \u201csomos liberados\u201d","datePublished":"2021-06-29T10:21:48+00:00","dateModified":"2021-06-30T10:30:42+00:00","mainEntityOfPage":{"@id":"https:\/\/exaudi.org\/es\/papa-francisco-tocados-cristo-liberados\/"},"wordCount":2121,"image":{"@id":"https:\/\/exaudi.org\/es\/papa-francisco-tocados-cristo-liberados\/#primaryimage"},"thumbnailUrl":"https:\/\/exaudi.org\/wp-content\/uploads\/2021\/06\/43c2333.jpeg","keywords":["homil\u00eda","San Pedro y San Pablo","Santa Misa"],"articleSection":["Homilias","\u00daltimas noticias"],"inLanguage":"es"},{"@type":"WebPage","@id":"https:\/\/exaudi.org\/es\/papa-francisco-tocados-cristo-liberados\/","url":"https:\/\/exaudi.org\/es\/papa-francisco-tocados-cristo-liberados\/","name":"Papa Francisco: Tocados por Cristo \u201csomos liberados\u201d - Exaudi","isPartOf":{"@id":"https:\/\/exaudi.org\/#website"},"primaryImageOfPage":{"@id":"https:\/\/exaudi.org\/es\/papa-francisco-tocados-cristo-liberados\/#primaryimage"},"image":{"@id":"https:\/\/exaudi.org\/es\/papa-francisco-tocados-cristo-liberados\/#primaryimage"},"thumbnailUrl":"https:\/\/exaudi.org\/wp-content\/uploads\/2021\/06\/43c2333.jpeg","datePublished":"2021-06-29T10:21:48+00:00","dateModified":"2021-06-30T10:30:42+00:00","author":{"@id":"https:\/\/exaudi.org\/#\/schema\/person\/d134b96438278131ce90c90c03fda6cd"},"description":"En la homil\u00eda de la Santa Misa por la Solemnidad de san Pedro y san Pablo, el Papa Francisco ha dicho que por Cristo somos liberados.","breadcrumb":{"@id":"https:\/\/exaudi.org\/es\/papa-francisco-tocados-cristo-liberados\/#breadcrumb"},"inLanguage":"es","potentialAction":[{"@type":"ReadAction","target":["https:\/\/exaudi.org\/es\/papa-francisco-tocados-cristo-liberados\/"]}]},{"@type":"ImageObject","inLanguage":"es","@id":"https:\/\/exaudi.org\/es\/papa-francisco-tocados-cristo-liberados\/#primaryimage","url":"https:\/\/exaudi.org\/wp-content\/uploads\/2021\/06\/43c2333.jpeg","contentUrl":"https:\/\/exaudi.org\/wp-content\/uploads\/2021\/06\/43c2333.jpeg","width":1455,"height":819,"caption":"Homil\u00eda Papa San Pedro y San Pablo \u00a9 Vatican Media"},{"@type":"BreadcrumbList","@id":"https:\/\/exaudi.org\/es\/papa-francisco-tocados-cristo-liberados\/#breadcrumb","itemListElement":[{"@type":"ListItem","position":1,"name":"Portada","item":"https:\/\/exaudi.org\/es\/"},{"@type":"ListItem","position":2,"name":"Papa Francisco: Tocados por Cristo \u201csomos liberados\u201d"}]},{"@type":"WebSite","@id":"https:\/\/exaudi.org\/#website","url":"https:\/\/exaudi.org\/","name":"Exaudi","description":"News","potentialAction":[{"@type":"SearchAction","target":{"@type":"EntryPoint","urlTemplate":"https:\/\/exaudi.org\/?s={search_term_string}"},"query-input":{"@type":"PropertyValueSpecification","valueRequired":true,"valueName":"search_term_string"}}],"inLanguage":"es"},{"@type":"Person","@id":"https:\/\/exaudi.org\/#\/schema\/person\/d134b96438278131ce90c90c03fda6cd","name":"Gabriel Sales","image":{"@type":"ImageObject","inLanguage":"es","@id":"https:\/\/secure.gravatar.com\/avatar\/9b1269566f6a063ed26ffb3532b66a373cdde231ce5d0effb266167437fdaffd?s=96&d=mm&r=g","url":"https:\/\/secure.gravatar.com\/avatar\/9b1269566f6a063ed26ffb3532b66a373cdde231ce5d0effb266167437fdaffd?s=96&d=mm&r=g","contentUrl":"https:\/\/secure.gravatar.com\/avatar\/9b1269566f6a063ed26ffb3532b66a373cdde231ce5d0effb266167437fdaffd?s=96&d=mm&r=g","caption":"Gabriel Sales"},"description":"Periodista y especialista en Comunicaci\u00f3n y Branding digital. Cin\u00e9filo y cr\u00edtico de cine y series de televisi\u00f3n.","sameAs":["https:\/\/www.instagram.com\/cine90segundos\/","www.linkedin.com\/in\/habemusman","https:\/\/x.com\/habemusman","https:\/\/www.youtube.com\/channel\/UCVfCiOMkJ_C7T7OpyjuaLDg"],"url":"https:\/\/exaudi.org\/es\/author\/gsalesexaudi-org\/"}]}},"jetpack_featured_media_url":"https:\/\/exaudi.org\/wp-content\/uploads\/2021\/06\/43c2333.jpeg","jetpack_shortlink":"https:\/\/wp.me\/pgKjF2-6sH","_links":{"self":[{"href":"https:\/\/exaudi.org\/es\/wp-json\/wp\/v2\/posts\/24843","targetHints":{"allow":["GET"]}}],"collection":[{"href":"https:\/\/exaudi.org\/es\/wp-json\/wp\/v2\/posts"}],"about":[{"href":"https:\/\/exaudi.org\/es\/wp-json\/wp\/v2\/types\/post"}],"author":[{"embeddable":true,"href":"https:\/\/exaudi.org\/es\/wp-json\/wp\/v2\/users\/6"}],"replies":[{"embeddable":true,"href":"https:\/\/exaudi.org\/es\/wp-json\/wp\/v2\/comments?post=24843"}],"version-history":[{"count":0,"href":"https:\/\/exaudi.org\/es\/wp-json\/wp\/v2\/posts\/24843\/revisions"}],"wp:featuredmedia":[{"embeddable":true,"href":"https:\/\/exaudi.org\/es\/wp-json\/wp\/v2\/media\/24859"}],"wp:attachment":[{"href":"https:\/\/exaudi.org\/es\/wp-json\/wp\/v2\/media?parent=24843"}],"wp:term":[{"taxonomy":"category","embeddable":true,"href":"https:\/\/exaudi.org\/es\/wp-json\/wp\/v2\/categories?post=24843"},{"taxonomy":"post_tag","embeddable":true,"href":"https:\/\/exaudi.org\/es\/wp-json\/wp\/v2\/tags?post=24843"}],"curies":[{"name":"wp","href":"https:\/\/api.w.org\/{rel}","templated":true}]}}