{"id":24680,"date":"2021-06-28T15:25:58","date_gmt":"2021-06-28T13:25:58","guid":{"rendered":"https:\/\/exaudi.org\/?p=24680"},"modified":"2021-06-29T13:54:03","modified_gmt":"2021-06-29T11:54:03","slug":"evangelizame_-me-gusta-importante-dios","status":"publish","type":"post","link":"https:\/\/exaudi.org\/es\/evangelizame_-me-gusta-importante-dios\/","title":{"rendered":"@evangelizame: El \u201cme gusta\u201d m\u00e1s importante, el de Dios"},"content":{"rendered":"<p><span style=\"font-weight: 400\">Carlos Gonzales es un joven peruano de 26 a\u00f1os que cursa Ingenier\u00eda Industrial. Se dedica a crear contenido formativo desde su proyecto en redes, @evangelizame: <\/span><span style=\"font-weight: 400\">\u201cVengo de una familia que sembr\u00f3 en m\u00ed desde muy peque\u00f1o la semilla de la fe, la cual ha ido germinando y creciendo a lo largo de todos estos a\u00f1os de la mano de mi familia, mis amigos y Dios. He experimentado la presencia de Cristo en mi vida, much\u00edsimas veces, en situaciones muy alegres y tambi\u00e9n en algunas muy dif\u00edciles\u201d.<\/span><\/p>\n<h4><strong>No estuve ni estar\u00e9 s\u00f3lo<\/strong><\/h4>\n<p><span style=\"font-weight: 400\">Carlos, a pesar de pertenecer a una familia cat\u00f3lica, no sent\u00eda que era suficiente para entender d\u00f3nde estaba Dios en su vida, pues desde muy peque\u00f1o pas\u00f3 por diversas experiencias de <em>bullying<\/em> en el colegio. Eso endureci\u00f3 mucho su coraz\u00f3n, no permiti\u00e9ndole ver las cosas buenas que suced\u00edan a su alrededor y dejaba entrar a su mente, poco a poco, muchos cuestionamientos de s\u00ed mismo que le deprim\u00edan cada d\u00eda m\u00e1s. <\/span><\/p>\n<p><span style=\"font-weight: 400\">Sus padres optaron por abrir sus c\u00edrculos de amistades en el deporte, en la catequesis para ni\u00f1os e incluso tuvo la oportunidad de participar de una experiencia vocacional a los 14 a\u00f1os, pero eso no terminaba de llenar ese vac\u00edo en su coraz\u00f3n.<\/span><\/p>\n<p><img loading=\"lazy\" decoding=\"async\" class=\"alignleft size-medium wp-image-24685\" src=\"https:\/\/exaudi.org\/wp-content\/uploads\/2021\/06\/IMG-20190122-WA0027-300x225.jpg\" alt=\"\" width=\"300\" height=\"225\" srcset=\"https:\/\/exaudi.org\/wp-content\/uploads\/2021\/06\/IMG-20190122-WA0027-300x225.jpg 300w, https:\/\/exaudi.org\/wp-content\/uploads\/2021\/06\/IMG-20190122-WA0027-1024x768.jpg 1024w, https:\/\/exaudi.org\/wp-content\/uploads\/2021\/06\/IMG-20190122-WA0027-768x576.jpg 768w, https:\/\/exaudi.org\/wp-content\/uploads\/2021\/06\/IMG-20190122-WA0027-150x113.jpg 150w, https:\/\/exaudi.org\/wp-content\/uploads\/2021\/06\/IMG-20190122-WA0027-696x522.jpg 696w, https:\/\/exaudi.org\/wp-content\/uploads\/2021\/06\/IMG-20190122-WA0027-1068x801.jpg 1068w, https:\/\/exaudi.org\/wp-content\/uploads\/2021\/06\/IMG-20190122-WA0027-560x420.jpg 560w, https:\/\/exaudi.org\/wp-content\/uploads\/2021\/06\/IMG-20190122-WA0027-80x60.jpg 80w, https:\/\/exaudi.org\/wp-content\/uploads\/2021\/06\/IMG-20190122-WA0027-265x198.jpg 265w, https:\/\/exaudi.org\/wp-content\/uploads\/2021\/06\/IMG-20190122-WA0027.jpg 1280w\" sizes=\"auto, (max-width: 300px) 100vw, 300px\" \/><\/p>\n<p><span style=\"font-weight: 400\">\u201cEs costumbre que en mi parroquia Cristo Salvador, al t\u00e9rmino de cada retiro, los participantes llegaban a la parroquia en medio de much\u00edsima algarab\u00eda y alabanzas, fue entonces que un domingo vi c\u00f3mo llegaron un grupo de j\u00f3venes de un retiro llamado EJE (Encuentro de J\u00f3venes en el Esp\u00edritu) que llamar\u00f3n mucho mi atenci\u00f3n. Recuerdo que, al terminar esa misa, no dude en pedirle a mis padres que me dieran la oportunidad de poder vivir el siguiente encuentro Ejista en el 2010. Fue as\u00ed, que a mis 15 a\u00f1os pude vivir ese primer gran encuentro con Dios que cambi\u00f3 totalmente mi vida, a\u00fan recuerdo cada detalle que recib\u00ed ese fin de semana. Era verdaderamente el llamado de Dios, el que me llam\u00f3 a vivir ese retiro\u201d, relata.<\/span><\/p>\n<p><span style=\"font-weight: 400\">\u201cMi vida cambi\u00f3 en adelante, la comunidad me form\u00f3 y Dios me dio una misi\u00f3n, pas\u00e9 de ser un chico bastante introvertido a ser un loco m\u00e1s por Cristo. Pude demostrarme a m\u00ed mismo que era m\u00e1s grande que mis dudas y mis prejuicios, aprend\u00ed a valorarme mucho y en especial a valorar los regalos de Dios en mi vida, pude ver que Jes\u00fas s\u00ed estuvo en cada momento de mi vida. No estuve, ni estar\u00e9 s\u00f3lo, fue la mejor respuesta que llevo en mi coraz\u00f3n de mis primeros momentos profundos de oraci\u00f3n\u201d, expresa.<\/span><\/p>\n<p><span style=\"font-weight: 400\">\u201cTodo esto no lo pod\u00eda dejar para m\u00ed definitivamente, mi personalidad siempre me ha permitido compartirlo con los dem\u00e1s, y poder ser ese <a href=\"https:\/\/exaudi.org\/es\/idaniaibarra-encuentro-con-dios-en-dolor\/\" target=\"_blank\" rel=\"noopener noreferrer\">testimonio<\/a> del vivo amor de Dios para con los dem\u00e1s\u201d, concluye. <\/span>A continuaci\u00f3n, sigue la entrevista completa.<\/p>\n<p>***<\/p>\n<p><b>Walter G\u00f3mez: \u00bfC\u00f3mo surge evangel\u00edzame?<\/b><\/p>\n<p><img loading=\"lazy\" decoding=\"async\" class=\"alignright size-medium wp-image-24688\" src=\"https:\/\/exaudi.org\/wp-content\/uploads\/2021\/06\/20190127_102008-225x300.jpg\" alt=\"@evangelizame Dios\" width=\"225\" height=\"300\" srcset=\"https:\/\/exaudi.org\/wp-content\/uploads\/2021\/06\/20190127_102008-225x300.jpg 225w, https:\/\/exaudi.org\/wp-content\/uploads\/2021\/06\/20190127_102008-768x1024.jpg 768w, https:\/\/exaudi.org\/wp-content\/uploads\/2021\/06\/20190127_102008-1152x1536.jpg 1152w, https:\/\/exaudi.org\/wp-content\/uploads\/2021\/06\/20190127_102008-1536x2048.jpg 1536w, https:\/\/exaudi.org\/wp-content\/uploads\/2021\/06\/20190127_102008-150x200.jpg?crop=1 150w, https:\/\/exaudi.org\/wp-content\/uploads\/2021\/06\/20190127_102008-300x400.jpg?crop=1 300w, https:\/\/exaudi.org\/wp-content\/uploads\/2021\/06\/20190127_102008-696x928.jpg 696w, https:\/\/exaudi.org\/wp-content\/uploads\/2021\/06\/20190127_102008-1068x1424.jpg 1068w, https:\/\/exaudi.org\/wp-content\/uploads\/2021\/06\/20190127_102008-scaled.jpg 1920w, https:\/\/exaudi.org\/wp-content\/uploads\/2021\/06\/20190127_102008-315x420.jpg 315w\" sizes=\"auto, (max-width: 225px) 100vw, 225px\" \/><\/p>\n<p><span style=\"font-weight: 400\"><strong>@evangelizame_:<\/strong> En mi af\u00e1n de ayudar siempre a los dem\u00e1s, cuando reci\u00e9n exist\u00eda WhatsApp, sol\u00eda enviar frases de la palabra de Dios y de algunos santos que conoc\u00eda a mis amigos m\u00e1s cercanos todos los d\u00edas. Era para m\u00ed, muy grato recibir esas respuestas de \u201cera lo que necesitaba\u201d o \u201cmuch\u00edsimas gracias era la respuesta que quer\u00eda\u201d, hasta el punto que sent\u00ed que era para algo estaba llamado a hacer y seguir desarroll\u00e1ndolo para que m\u00e1s personas se vean beneficiadas.<\/span><\/p>\n<p><span style=\"font-weight: 400\"> Fue as\u00ed, que en el 2016 decid\u00ed crear y dirigir solo una p\u00e1gina en Facebook llamada Evangelizameme, porque un\u00eda ese lado evangelizador que quer\u00eda llevar y a la vez con memes c\u00f3mo en ese entonces reci\u00e9n se estaba haciendo s\u00faper popular. Desde ese d\u00eda, hasta la fecha, siento que ha sido la mejor decisi\u00f3n de mi vida.<\/span><\/p>\n<p><span style=\"font-weight: 400\">Luego de la JMJ 2019, Panam\u00e1, decid\u00ed darle un cierto giro a la p\u00e1gina para que pase de ser s\u00f3lo memes, a nuevo contenido como: ilustraciones, infograf\u00edas, Reels, frases de santos, un podcast e incluso un canal en Discord que ahora preparo con un espectacular equipo (Sam y Nat).\u00a0<\/span><span style=\"font-weight: 400\">Un encuentro con Jes\u00fas en las calles digitales<\/span><\/p>\n<p><b>Walter G\u00f3mez: .\u00bfQu\u00e9 experiencia te ha marcado m\u00e1s en el camino de evangelizaci\u00f3n?<\/b><\/p>\n<p><span style=\"font-weight: 400\"><strong>@evangelizame_:<\/strong> A lo largo de mi camino he vivido much\u00edsimas hermosas experiencias junto a la p\u00e1gina, he sido bendecido con much\u00edsimos nuevos hermanos y lo mejor de todo es que he logrado cosas inimaginables de la mano de Dios. Vivo infinitamente agradecido por la decisi\u00f3n que tom\u00e9 al aceptar el llamado a evangelizar en redes sociales, pues he podido ver c\u00f3mo act\u00faa Dios de tan cerca.<\/span><\/p>\n<p><span style=\"font-weight: 400\">Una de las mejores experiencias que he vivido gracias a Evangel\u00edzame, fue en una etapa muy dif\u00edcil en mi vida, pues en el camino uno no sabe qu\u00e9 cosas le pueden pasar a uno o a sus seres m\u00e1s queridos. En el 2018 mi pap\u00e1 fue diagnosticado de c\u00e1ncer y toda esa carga emocional fue muy dura para m\u00ed, como para seguir llevando esa alegr\u00eda que caracterizaba a la p\u00e1gina.<\/span><\/p>\n<p><img loading=\"lazy\" decoding=\"async\" class=\"alignleft size-medium wp-image-24691\" src=\"https:\/\/exaudi.org\/wp-content\/uploads\/2021\/06\/20180118_152050-300x169.jpg\" alt=\"\" width=\"300\" height=\"169\" srcset=\"https:\/\/exaudi.org\/wp-content\/uploads\/2021\/06\/20180118_152050-300x169.jpg 300w, https:\/\/exaudi.org\/wp-content\/uploads\/2021\/06\/20180118_152050-1024x576.jpg 1024w, https:\/\/exaudi.org\/wp-content\/uploads\/2021\/06\/20180118_152050-768x432.jpg 768w, https:\/\/exaudi.org\/wp-content\/uploads\/2021\/06\/20180118_152050-1536x864.jpg 1536w, https:\/\/exaudi.org\/wp-content\/uploads\/2021\/06\/20180118_152050-2048x1152.jpg 2048w, https:\/\/exaudi.org\/wp-content\/uploads\/2021\/06\/20180118_152050-150x84.jpg 150w, https:\/\/exaudi.org\/wp-content\/uploads\/2021\/06\/20180118_152050-696x392.jpg 696w, https:\/\/exaudi.org\/wp-content\/uploads\/2021\/06\/20180118_152050-1068x601.jpg 1068w, https:\/\/exaudi.org\/wp-content\/uploads\/2021\/06\/20180118_152050-1920x1080.jpg 1920w, https:\/\/exaudi.org\/wp-content\/uploads\/2021\/06\/20180118_152050-747x420.jpg 747w\" sizes=\"auto, (max-width: 300px) 100vw, 300px\" \/><\/p>\n<p><span style=\"font-weight: 400\">Ten\u00eda mucho miedo y tristeza de s\u00f3lo pensar que mi pap\u00e1 estaba luchando por su vida. En casa asum\u00ed nuevas responsabilidades que me obligar\u00edan a dejar de lado la evangelizaci\u00f3n en redes por un tiempo, sin embargo, mi p\u00e1gina comenz\u00f3 a evangelizarme a m\u00ed.<\/span><\/p>\n<p><span style=\"font-weight: 400\">Hubo una noche en la que les cont\u00e9 a los seguidores de la p\u00e1gina, todo lo que acontec\u00eda en mi vida en ese momento, por primera vez hac\u00eda p\u00fablico por lo que pasaba en mi vida y lo que pod\u00eda pasar con mi pap\u00e1, pero sent\u00eda que ten\u00eda que decirlo. Al rato, recib\u00ed muchos mensajes de aliento y de oraciones por \u00e9l que me conmovieron mucho. Verdaderamente, me sent\u00eda rodeado por tantos corazones que en alg\u00fan momento habr\u00e9 alegrado con las publicaciones que Dios me inspiraba cada d\u00eda.<\/span><\/p>\n<p><span style=\"font-weight: 400\">En este tiempo de mucho dolor, conoc\u00ed una bell\u00edsima advocaci\u00f3n mariana, Nuestra Se\u00f1ora Desatanudos, en la cual me refugiaba much\u00edsimo para alcanzar esa paz que necesitaba para seguir adelante. Por otro lado, el servicio evangelizador de mi familia tambi\u00e9n comenzaba a dar frutos de oraci\u00f3n por mi pap\u00e1 los cuales me ense\u00f1aron al poder de la misma. Hoy, mi pap\u00e1 se encuentra totalmente recuperado y libre del c\u00e1ncer y se lo debo enteramente a la inmensa misericordia de Dios.<\/span><\/p>\n<p><span style=\"font-weight: 400\"> M\u00e1s que nunca, he vuelto a evangelizar en redes sociales con un nuevo esp\u00edritu, con un coraz\u00f3n renovado y dispuesto a abr\u00edrselo a m\u00e1s personas para llevarles este testimonio de amor del Se\u00f1or. Esta nueva sangre, me ha permitido ahora tener un hermoso equipo con el cual trabajo para hacer crecer la familia de Evangel\u00edzame, m\u00e1s que seguidores, los veo ahora como parte de mi familia.<\/span><\/p>\n<p><b>Walter G\u00f3mez: Comparte con nosotros, cinco consejos para iniciar un proyecto de evangelizaci\u00f3n en redes.<\/b><\/p>\n<p><img loading=\"lazy\" decoding=\"async\" class=\"alignright size-medium wp-image-24694\" src=\"https:\/\/exaudi.org\/wp-content\/uploads\/2021\/06\/107733987_20054-300x225.jpg\" alt=\"@evangelizame Dios\" width=\"300\" height=\"225\" srcset=\"https:\/\/exaudi.org\/wp-content\/uploads\/2021\/06\/107733987_20054-300x225.jpg 300w, https:\/\/exaudi.org\/wp-content\/uploads\/2021\/06\/107733987_20054-1024x768.jpg 1024w, https:\/\/exaudi.org\/wp-content\/uploads\/2021\/06\/107733987_20054-768x576.jpg 768w, https:\/\/exaudi.org\/wp-content\/uploads\/2021\/06\/107733987_20054-150x113.jpg 150w, https:\/\/exaudi.org\/wp-content\/uploads\/2021\/06\/107733987_20054-696x522.jpg 696w, https:\/\/exaudi.org\/wp-content\/uploads\/2021\/06\/107733987_20054-1068x801.jpg 1068w, https:\/\/exaudi.org\/wp-content\/uploads\/2021\/06\/107733987_20054-560x420.jpg 560w, https:\/\/exaudi.org\/wp-content\/uploads\/2021\/06\/107733987_20054-80x60.jpg 80w, https:\/\/exaudi.org\/wp-content\/uploads\/2021\/06\/107733987_20054-265x198.jpg 265w, https:\/\/exaudi.org\/wp-content\/uploads\/2021\/06\/107733987_20054.jpg 1280w\" sizes=\"auto, (max-width: 300px) 100vw, 300px\" \/><\/p>\n<p><span style=\"font-weight: 400\"><strong>@evangelizame_:<\/strong> Cinco consejos me quedan cortos, pero los infaltables para iniciar un proyecto de evangelizaci\u00f3n en redes son:<\/span><\/p>\n<p><span style=\"font-weight: 400\">En primer lugar, hacer de tu proyecto un servicio plenamente entregado a Dios y seg\u00fan los talentos que \u00e9l te ha dado. La entrega y escuchar en tu coraz\u00f3n que es lo que el Se\u00f1or quiere de ti es primordial y te lo dice un ingeniero de profesi\u00f3n, pero comunicador de vocaci\u00f3n.<\/span><\/p>\n<p><span style=\"font-weight: 400\">Lo segundo, es reconocer que el \u201cme gusta\u201d m\u00e1s importante es el de Dios. Todo siempre para \u00c9l y nada m\u00e1s que para \u00c9l. Nosotros no somos due\u00f1os de nuestros proyectos, somos meros instrumentos de su plan perfecto.<\/span><\/p>\n<p><span style=\"font-weight: 400\">Eso nos lleva al tercer consejo, Jes\u00fas no va por las 99, \u00c9l va tras la que se perdi\u00f3. Nuestros n\u00fameros de seguidores que ir\u00e1n creciendo de a pocos, no te precipites en ir por las noventa y nueva, anda una por una, pues todas merecen un lugar especial en tu proyecto de evangelizaci\u00f3n.<\/span><\/p>\n<p><span style=\"font-weight: 400\">Otro consejo que les dar\u00eda es, no permitan que el ruido del mundo apague la voz de Dios en su coraz\u00f3n. El camino se hace m\u00e1s dif\u00edcil, pero de la mano del Se\u00f1or, no estamos solos. No venimos a este mundo a vegetar, Jes\u00fas nos invita a dejar huella en el camino, as\u00ed como \u00c9l estando en la tierra lo hizo. El Papa Francisco me inspir\u00f3 mucho con estas palabras en la JMJ 2016, Cracovia.<\/span><\/p>\n<p><span style=\"font-weight: 400\">Finalmente, te invito a que puedas llevar a m\u00e1s personas a Dios, con tu testimonio. La mejor evangelizaci\u00f3n que puedes hacer en redes, es con tu misma historia de vida. Seamos coherentes, dediquemos detr\u00e1s de c\u00e1maras a la defensa de nuestra fe y su doctrina. Seamos Santos, viviendo en lo ordinario de manera extraordinaria, ser santo est\u00e1 a una decisi\u00f3n de distancia.<\/span><\/p>\n<p><span style=\"font-weight: 400\">Redes: <a href=\"https:\/\/www.instagram.com\/evangelizame_\/?hl=es\" target=\"_blank\" rel=\"noopener noreferrer\">@evangelizame_\u00a0<\/a><\/span><\/p>\n","protected":false},"excerpt":{"rendered":"<p>Testimonio de Carlos Gonzales<\/p>\n","protected":false},"author":58,"featured_media":24681,"comment_status":"closed","ping_status":"closed","sticky":false,"template":"","format":"standard","meta":{"_acf_changed":false,"_crdt_document":"","inline_featured_image":false,"footnotes":""},"categories":[],"tags":[3096,2781,2781],"class_list":["post-24680","post","type-post","status-publish","format-standard","has-post-thumbnail","hentry","tag-evangelizame_","tag-testimonio"],"acf":[],"yoast_head":"<!-- This site is optimized with the Yoast SEO plugin v27.5 - https:\/\/yoast.com\/product\/yoast-seo-wordpress\/ -->\n<title>@evangelizame: El \u201cme gusta\u201d m\u00e1s importante, el de Dios - Exaudi<\/title>\n<meta name=\"description\" content=\"Carlos Gonzales, @evangelizame en las redes sociales, comparte con los lectores de Exaudi su testimonio de fe en Dios a lo largo de su vida.\" \/>\n<meta name=\"robots\" content=\"index, follow, max-snippet:-1, max-image-preview:large, max-video-preview:-1\" \/>\n<link rel=\"canonical\" href=\"https:\/\/exaudi.org\/es\/evangelizame_-me-gusta-importante-dios\/\" \/>\n<meta property=\"og:locale\" content=\"es_ES\" \/>\n<meta property=\"og:type\" content=\"article\" \/>\n<meta property=\"og:title\" content=\"@evangelizame: El \u201cme gusta\u201d m\u00e1s importante, el de Dios - Exaudi\" \/>\n<meta property=\"og:description\" content=\"Carlos Gonzales, @evangelizame en las redes sociales, comparte con los lectores de Exaudi su testimonio de fe en Dios a lo largo de su vida.\" \/>\n<meta property=\"og:url\" content=\"https:\/\/exaudi.org\/es\/evangelizame_-me-gusta-importante-dios\/\" \/>\n<meta property=\"og:site_name\" content=\"Exaudi\" \/>\n<meta property=\"article:publisher\" content=\"https:\/\/www.facebook.com\/ExaudiNews\" \/>\n<meta property=\"article:published_time\" content=\"2021-06-28T13:25:58+00:00\" \/>\n<meta property=\"article:modified_time\" content=\"2021-06-29T11:54:03+00:00\" \/>\n<meta property=\"og:image\" content=\"https:\/\/exaudi.org\/wp-content\/uploads\/2021\/06\/12c2c-scaled.jpg\" \/>\n\t<meta property=\"og:image:width\" content=\"2560\" \/>\n\t<meta property=\"og:image:height\" content=\"1920\" \/>\n\t<meta property=\"og:image:type\" content=\"image\/jpeg\" \/>\n<meta name=\"author\" content=\"Walter G\u00f3mez\" \/>\n<meta name=\"twitter:card\" content=\"summary_large_image\" \/>\n<meta name=\"twitter:creator\" content=\"@Exaudi_News\" \/>\n<meta name=\"twitter:site\" content=\"@Exaudi_News\" \/>\n<meta name=\"twitter:label1\" content=\"Escrito por\" \/>\n\t<meta name=\"twitter:data1\" content=\"Walter G\u00f3mez\" \/>\n\t<meta name=\"twitter:label2\" content=\"Tiempo de lectura\" \/>\n\t<meta name=\"twitter:data2\" content=\"7 minutos\" \/>\n<script type=\"application\/ld+json\" class=\"yoast-schema-graph\">{\"@context\":\"https:\\\/\\\/schema.org\",\"@graph\":[{\"@type\":\"Article\",\"@id\":\"https:\\\/\\\/exaudi.org\\\/es\\\/evangelizame_-me-gusta-importante-dios\\\/#article\",\"isPartOf\":{\"@id\":\"https:\\\/\\\/exaudi.org\\\/es\\\/evangelizame_-me-gusta-importante-dios\\\/\"},\"author\":{\"name\":\"Walter G\u00f3mez\",\"@id\":\"https:\\\/\\\/exaudi.org\\\/#\\\/schema\\\/person\\\/f999568e852e610acdb343e2cf56aeb4\"},\"headline\":\"@evangelizame: El \u201cme gusta\u201d m\u00e1s importante, el de Dios\",\"datePublished\":\"2021-06-28T13:25:58+00:00\",\"dateModified\":\"2021-06-29T11:54:03+00:00\",\"mainEntityOfPage\":{\"@id\":\"https:\\\/\\\/exaudi.org\\\/es\\\/evangelizame_-me-gusta-importante-dios\\\/\"},\"wordCount\":1552,\"image\":{\"@id\":\"https:\\\/\\\/exaudi.org\\\/es\\\/evangelizame_-me-gusta-importante-dios\\\/#primaryimage\"},\"thumbnailUrl\":\"https:\\\/\\\/exaudi.org\\\/wp-content\\\/uploads\\\/2021\\\/06\\\/12c2c-scaled.jpg\",\"keywords\":[\"@evangelizame_\",\"Testimonio\",\"Testimonio\"],\"inLanguage\":\"es\"},{\"@type\":\"WebPage\",\"@id\":\"https:\\\/\\\/exaudi.org\\\/es\\\/evangelizame_-me-gusta-importante-dios\\\/\",\"url\":\"https:\\\/\\\/exaudi.org\\\/es\\\/evangelizame_-me-gusta-importante-dios\\\/\",\"name\":\"@evangelizame: El \u201cme gusta\u201d m\u00e1s importante, el de Dios - Exaudi\",\"isPartOf\":{\"@id\":\"https:\\\/\\\/exaudi.org\\\/#website\"},\"primaryImageOfPage\":{\"@id\":\"https:\\\/\\\/exaudi.org\\\/es\\\/evangelizame_-me-gusta-importante-dios\\\/#primaryimage\"},\"image\":{\"@id\":\"https:\\\/\\\/exaudi.org\\\/es\\\/evangelizame_-me-gusta-importante-dios\\\/#primaryimage\"},\"thumbnailUrl\":\"https:\\\/\\\/exaudi.org\\\/wp-content\\\/uploads\\\/2021\\\/06\\\/12c2c-scaled.jpg\",\"datePublished\":\"2021-06-28T13:25:58+00:00\",\"dateModified\":\"2021-06-29T11:54:03+00:00\",\"author\":{\"@id\":\"https:\\\/\\\/exaudi.org\\\/#\\\/schema\\\/person\\\/f999568e852e610acdb343e2cf56aeb4\"},\"description\":\"Carlos Gonzales, @evangelizame en las redes sociales, comparte con los lectores de Exaudi su testimonio de fe en Dios a lo largo de su vida.\",\"breadcrumb\":{\"@id\":\"https:\\\/\\\/exaudi.org\\\/es\\\/evangelizame_-me-gusta-importante-dios\\\/#breadcrumb\"},\"inLanguage\":\"es\",\"potentialAction\":[{\"@type\":\"ReadAction\",\"target\":[\"https:\\\/\\\/exaudi.org\\\/es\\\/evangelizame_-me-gusta-importante-dios\\\/\"]}]},{\"@type\":\"ImageObject\",\"inLanguage\":\"es\",\"@id\":\"https:\\\/\\\/exaudi.org\\\/es\\\/evangelizame_-me-gusta-importante-dios\\\/#primaryimage\",\"url\":\"https:\\\/\\\/exaudi.org\\\/wp-content\\\/uploads\\\/2021\\\/06\\\/12c2c-scaled.jpg\",\"contentUrl\":\"https:\\\/\\\/exaudi.org\\\/wp-content\\\/uploads\\\/2021\\\/06\\\/12c2c-scaled.jpg\",\"width\":2560,\"height\":1920,\"caption\":\"@evangelizame_ @ Carlos Gonzales\"},{\"@type\":\"BreadcrumbList\",\"@id\":\"https:\\\/\\\/exaudi.org\\\/es\\\/evangelizame_-me-gusta-importante-dios\\\/#breadcrumb\",\"itemListElement\":[{\"@type\":\"ListItem\",\"position\":1,\"name\":\"Portada\",\"item\":\"https:\\\/\\\/exaudi.org\\\/es\\\/\"},{\"@type\":\"ListItem\",\"position\":2,\"name\":\"@evangelizame: El \u201cme gusta\u201d m\u00e1s importante, el de Dios\"}]},{\"@type\":\"WebSite\",\"@id\":\"https:\\\/\\\/exaudi.org\\\/#website\",\"url\":\"https:\\\/\\\/exaudi.org\\\/\",\"name\":\"Exaudi\",\"description\":\"News\",\"potentialAction\":[{\"@type\":\"SearchAction\",\"target\":{\"@type\":\"EntryPoint\",\"urlTemplate\":\"https:\\\/\\\/exaudi.org\\\/?s={search_term_string}\"},\"query-input\":{\"@type\":\"PropertyValueSpecification\",\"valueRequired\":true,\"valueName\":\"search_term_string\"}}],\"inLanguage\":\"es\"},{\"@type\":\"Person\",\"@id\":\"https:\\\/\\\/exaudi.org\\\/#\\\/schema\\\/person\\\/f999568e852e610acdb343e2cf56aeb4\",\"name\":\"Walter G\u00f3mez\",\"image\":{\"@type\":\"ImageObject\",\"inLanguage\":\"es\",\"@id\":\"https:\\\/\\\/secure.gravatar.com\\\/avatar\\\/1e711c42832ce61e1348a3aaa361e332e4f599b2a0ea4a17c6de17e3314f3695?s=96&d=mm&r=g\",\"url\":\"https:\\\/\\\/secure.gravatar.com\\\/avatar\\\/1e711c42832ce61e1348a3aaa361e332e4f599b2a0ea4a17c6de17e3314f3695?s=96&d=mm&r=g\",\"contentUrl\":\"https:\\\/\\\/secure.gravatar.com\\\/avatar\\\/1e711c42832ce61e1348a3aaa361e332e4f599b2a0ea4a17c6de17e3314f3695?s=96&d=mm&r=g\",\"caption\":\"Walter G\u00f3mez\"},\"description\":\"@Walter.ilustra, Creador de contenido. Estudio Dise\u00f1o Integral de Comunicaci\u00f3n. Soy activista social desde la Iglesia, estoy comprometido con la defensa provida en todas sus etapas y promuevo una educaci\u00f3n sexual responsable e integral para j\u00f3venes. He creado, dise\u00f1ado y colaborado en distintas plataformas de evangelizaci\u00f3n. Dise\u00f1ador Freelance. Todos mis procesos creativos inician con oraci\u00f3n. Nicarag\u00fcense.\",\"url\":\"https:\\\/\\\/exaudi.org\\\/es\\\/author\\\/waltergomez\\\/\"}]}<\/script>\n<!-- \/ Yoast SEO plugin. -->","yoast_head_json":{"title":"@evangelizame: El \u201cme gusta\u201d m\u00e1s importante, el de Dios - Exaudi","description":"Carlos Gonzales, @evangelizame en las redes sociales, comparte con los lectores de Exaudi su testimonio de fe en Dios a lo largo de su vida.","robots":{"index":"index","follow":"follow","max-snippet":"max-snippet:-1","max-image-preview":"max-image-preview:large","max-video-preview":"max-video-preview:-1"},"canonical":"https:\/\/exaudi.org\/es\/evangelizame_-me-gusta-importante-dios\/","og_locale":"es_ES","og_type":"article","og_title":"@evangelizame: El \u201cme gusta\u201d m\u00e1s importante, el de Dios - Exaudi","og_description":"Carlos Gonzales, @evangelizame en las redes sociales, comparte con los lectores de Exaudi su testimonio de fe en Dios a lo largo de su vida.","og_url":"https:\/\/exaudi.org\/es\/evangelizame_-me-gusta-importante-dios\/","og_site_name":"Exaudi","article_publisher":"https:\/\/www.facebook.com\/ExaudiNews","article_published_time":"2021-06-28T13:25:58+00:00","article_modified_time":"2021-06-29T11:54:03+00:00","og_image":[{"width":2560,"height":1920,"url":"https:\/\/exaudi.org\/wp-content\/uploads\/2021\/06\/12c2c-scaled.jpg","type":"image\/jpeg"}],"author":"Walter G\u00f3mez","twitter_card":"summary_large_image","twitter_creator":"@Exaudi_News","twitter_site":"@Exaudi_News","twitter_misc":{"Escrito por":"Walter G\u00f3mez","Tiempo de lectura":"7 minutos"},"schema":{"@context":"https:\/\/schema.org","@graph":[{"@type":"Article","@id":"https:\/\/exaudi.org\/es\/evangelizame_-me-gusta-importante-dios\/#article","isPartOf":{"@id":"https:\/\/exaudi.org\/es\/evangelizame_-me-gusta-importante-dios\/"},"author":{"name":"Walter G\u00f3mez","@id":"https:\/\/exaudi.org\/#\/schema\/person\/f999568e852e610acdb343e2cf56aeb4"},"headline":"@evangelizame: El \u201cme gusta\u201d m\u00e1s importante, el de Dios","datePublished":"2021-06-28T13:25:58+00:00","dateModified":"2021-06-29T11:54:03+00:00","mainEntityOfPage":{"@id":"https:\/\/exaudi.org\/es\/evangelizame_-me-gusta-importante-dios\/"},"wordCount":1552,"image":{"@id":"https:\/\/exaudi.org\/es\/evangelizame_-me-gusta-importante-dios\/#primaryimage"},"thumbnailUrl":"https:\/\/exaudi.org\/wp-content\/uploads\/2021\/06\/12c2c-scaled.jpg","keywords":["@evangelizame_","Testimonio","Testimonio"],"inLanguage":"es"},{"@type":"WebPage","@id":"https:\/\/exaudi.org\/es\/evangelizame_-me-gusta-importante-dios\/","url":"https:\/\/exaudi.org\/es\/evangelizame_-me-gusta-importante-dios\/","name":"@evangelizame: El \u201cme gusta\u201d m\u00e1s importante, el de Dios - Exaudi","isPartOf":{"@id":"https:\/\/exaudi.org\/#website"},"primaryImageOfPage":{"@id":"https:\/\/exaudi.org\/es\/evangelizame_-me-gusta-importante-dios\/#primaryimage"},"image":{"@id":"https:\/\/exaudi.org\/es\/evangelizame_-me-gusta-importante-dios\/#primaryimage"},"thumbnailUrl":"https:\/\/exaudi.org\/wp-content\/uploads\/2021\/06\/12c2c-scaled.jpg","datePublished":"2021-06-28T13:25:58+00:00","dateModified":"2021-06-29T11:54:03+00:00","author":{"@id":"https:\/\/exaudi.org\/#\/schema\/person\/f999568e852e610acdb343e2cf56aeb4"},"description":"Carlos Gonzales, @evangelizame en las redes sociales, comparte con los lectores de Exaudi su testimonio de fe en Dios a lo largo de su vida.","breadcrumb":{"@id":"https:\/\/exaudi.org\/es\/evangelizame_-me-gusta-importante-dios\/#breadcrumb"},"inLanguage":"es","potentialAction":[{"@type":"ReadAction","target":["https:\/\/exaudi.org\/es\/evangelizame_-me-gusta-importante-dios\/"]}]},{"@type":"ImageObject","inLanguage":"es","@id":"https:\/\/exaudi.org\/es\/evangelizame_-me-gusta-importante-dios\/#primaryimage","url":"https:\/\/exaudi.org\/wp-content\/uploads\/2021\/06\/12c2c-scaled.jpg","contentUrl":"https:\/\/exaudi.org\/wp-content\/uploads\/2021\/06\/12c2c-scaled.jpg","width":2560,"height":1920,"caption":"@evangelizame_ @ Carlos Gonzales"},{"@type":"BreadcrumbList","@id":"https:\/\/exaudi.org\/es\/evangelizame_-me-gusta-importante-dios\/#breadcrumb","itemListElement":[{"@type":"ListItem","position":1,"name":"Portada","item":"https:\/\/exaudi.org\/es\/"},{"@type":"ListItem","position":2,"name":"@evangelizame: El \u201cme gusta\u201d m\u00e1s importante, el de Dios"}]},{"@type":"WebSite","@id":"https:\/\/exaudi.org\/#website","url":"https:\/\/exaudi.org\/","name":"Exaudi","description":"News","potentialAction":[{"@type":"SearchAction","target":{"@type":"EntryPoint","urlTemplate":"https:\/\/exaudi.org\/?s={search_term_string}"},"query-input":{"@type":"PropertyValueSpecification","valueRequired":true,"valueName":"search_term_string"}}],"inLanguage":"es"},{"@type":"Person","@id":"https:\/\/exaudi.org\/#\/schema\/person\/f999568e852e610acdb343e2cf56aeb4","name":"Walter G\u00f3mez","image":{"@type":"ImageObject","inLanguage":"es","@id":"https:\/\/secure.gravatar.com\/avatar\/1e711c42832ce61e1348a3aaa361e332e4f599b2a0ea4a17c6de17e3314f3695?s=96&d=mm&r=g","url":"https:\/\/secure.gravatar.com\/avatar\/1e711c42832ce61e1348a3aaa361e332e4f599b2a0ea4a17c6de17e3314f3695?s=96&d=mm&r=g","contentUrl":"https:\/\/secure.gravatar.com\/avatar\/1e711c42832ce61e1348a3aaa361e332e4f599b2a0ea4a17c6de17e3314f3695?s=96&d=mm&r=g","caption":"Walter G\u00f3mez"},"description":"@Walter.ilustra, Creador de contenido. Estudio Dise\u00f1o Integral de Comunicaci\u00f3n. Soy activista social desde la Iglesia, estoy comprometido con la defensa provida en todas sus etapas y promuevo una educaci\u00f3n sexual responsable e integral para j\u00f3venes. He creado, dise\u00f1ado y colaborado en distintas plataformas de evangelizaci\u00f3n. Dise\u00f1ador Freelance. Todos mis procesos creativos inician con oraci\u00f3n. Nicarag\u00fcense.","url":"https:\/\/exaudi.org\/es\/author\/waltergomez\/"}]}},"jetpack_featured_media_url":"https:\/\/exaudi.org\/wp-content\/uploads\/2021\/06\/12c2c-scaled.jpg","jetpack_shortlink":"https:\/\/wp.me\/pgKjF2-6q4","_links":{"self":[{"href":"https:\/\/exaudi.org\/es\/wp-json\/wp\/v2\/posts\/24680","targetHints":{"allow":["GET"]}}],"collection":[{"href":"https:\/\/exaudi.org\/es\/wp-json\/wp\/v2\/posts"}],"about":[{"href":"https:\/\/exaudi.org\/es\/wp-json\/wp\/v2\/types\/post"}],"author":[{"embeddable":true,"href":"https:\/\/exaudi.org\/es\/wp-json\/wp\/v2\/users\/58"}],"replies":[{"embeddable":true,"href":"https:\/\/exaudi.org\/es\/wp-json\/wp\/v2\/comments?post=24680"}],"version-history":[{"count":0,"href":"https:\/\/exaudi.org\/es\/wp-json\/wp\/v2\/posts\/24680\/revisions"}],"wp:featuredmedia":[{"embeddable":true,"href":"https:\/\/exaudi.org\/es\/wp-json\/wp\/v2\/media\/24681"}],"wp:attachment":[{"href":"https:\/\/exaudi.org\/es\/wp-json\/wp\/v2\/media?parent=24680"}],"wp:term":[{"taxonomy":"category","embeddable":true,"href":"https:\/\/exaudi.org\/es\/wp-json\/wp\/v2\/categories?post=24680"},{"taxonomy":"post_tag","embeddable":true,"href":"https:\/\/exaudi.org\/es\/wp-json\/wp\/v2\/tags?post=24680"}],"curies":[{"name":"wp","href":"https:\/\/api.w.org\/{rel}","templated":true}]}}