{"id":24651,"date":"2025-06-29T08:00:07","date_gmt":"2025-06-29T06:00:07","guid":{"rendered":"https:\/\/exaudi.org\/?p=24651"},"modified":"2025-07-05T10:56:52","modified_gmt":"2025-07-05T08:56:52","slug":"san-pedro-san-pablo-significado","status":"publish","type":"post","link":"https:\/\/exaudi.org\/es\/san-pedro-san-pablo-significado\/","title":{"rendered":"Santos Pedro y Pablo: Significado e imposici\u00f3n de palios"},"content":{"rendered":"<p><a href=\"https:\/\/exaudi.org\/es\/author\/alejandrovazquezdodero\/\" target=\"_blank\" rel=\"noopener noreferrer\">D. Alejandro V\u00e1zquez-Dodero<\/a> comparte con los lectores de Exaudi un art\u00edculo sobre la <a href=\"https:\/\/exaudi.org\/es\/san-pedro-y-san-pablo-29-junio\/\" target=\"_blank\" rel=\"noopener noreferrer\">solemnidad de San Pedro y San Pablo<\/a> de hoy, 29 de junio, analizando el significado de la fiesta y la imposici\u00f3n de palios.<\/p>\n<p><iframe title=\"Spotify Embed: Santos Pedro y Pablo: Significado e imposici\u00f3n de palios\" style=\"border-radius: 12px\" width=\"100%\" height=\"152\" frameborder=\"0\" allowfullscreen allow=\"autoplay; clipboard-write; encrypted-media; fullscreen; picture-in-picture\" loading=\"lazy\" src=\"https:\/\/open.spotify.com\/embed\/episode\/6cHIQ6u7TdVgcDIyJUAzwr?si=0783c11da3bf4228&#038;utm_source=oembed\"><\/iframe><\/p>\n<p><span style=\"font-weight: 400;\">Cada 29 de junio celebramos solemnemente a los santos Pedro y Pablo, denominados tradicionalmente \u201ccolumnas de la Iglesia\u201d, aut\u00e9ntico testimonio de cumplimiento de una misi\u00f3n con la que se indentificaron y a la que consagraron sus vidas hasta el martirio.<\/span><\/p>\n<p><span style=\"font-weight: 400;\">En palabras del Papa Francisco, \u201c<\/span><span style=\"font-weight: 400;\">son nuestros compa\u00f1eros de viaje en la b\u00fasqueda de Dios, son nuestra gu\u00eda en el camino de la fe y de la santidad; ellos nos empujan hacia Jes\u00fas, para hacer todo aquello que \u00c9l nos pide<\/span><span style=\"font-weight: 400;\">\u201d.\u00a0<\/span><\/p>\n<p><span style=\"font-weight: 400;\">Benedicto XVI los proclam\u00f3 \u201cpatronos principales de la Iglesia de Roma\u201d, y subray\u00f3 que ambos concentran el mensaje del santo Evangelio.<\/span><\/p>\n<h3><b>San Pedro<\/b><\/h3>\n<p><span style=\"font-weight: 400;\">Natural de Betsaida, naci\u00f3 a finales del siglo I a.C., y falleci\u00f3 en el a\u00f1o 67. Conocido tambi\u00e9n como Cefas. Pescador de oficio en el mar de Galilea.\u00a0<\/span><span style=\"font-weight: 400;\">Es el disc\u00edpulo m\u00e1s citado del Nuevo Testamento en general, y de los cuatro Evangelios y los Hechos de los Ap\u00f3stoles en particular.<\/span><\/p>\n<p><span style=\"font-weight: 400;\">Conocido como el \u201cpr\u00edncipe de los ap\u00f3stoles\u201d, la Iglesia lo identifica como el primer Pont\u00edfice, bas\u00e1ndose para ello en las palabras que Cristo le dirigi\u00f3: \u201cT\u00fa eres Pedro, y sobre esta piedra edificar\u00e9 mi Iglesia, y el poder de la muerte no prevalecer\u00e1 contra ella. Yo te dar\u00e9 las llaves del reino de los cielos. Todo lo que ates en la tierra, quedar\u00e1 atado en el cielo, y todo lo que desates en la tierra, quedar\u00e1 desatado en el cielo\u201d (Mateo 16, 18-19). A san Pedro se le encomienda la funci\u00f3n o ministerio petrino.<\/span><\/p>\n<p><span style=\"font-weight: 400;\">Pedro, el amigo fr\u00e1gil y apasionado de Jes\u00fas \u2013le negar\u00eda por tres veces antes de ser crucificado\u2013 es el hombre elegido por Cristo para ser \u201cla roca\u201d de la Iglesia. Acept\u00f3 con humildad su misi\u00f3n hasta el final de su vida. Sus restos mortales reposan en la Bas\u00edlica de San Pedro en el Vaticano, meta de millones de peregrinos llegados de todo el mundo.<\/span><\/p>\n<p><span style=\"font-weight: 400;\">Se le atribuye el contenido del Evangelio de san Marcos, en cuanto que pudo \u00e9ste recoger lo predicado por el pr\u00edncipe de los ap\u00f3stoles y reflejarlo en su Evangelio. Adem\u00e1s, se le atribuyen dos ep\u00edstolas.\u00a0<\/span><span style=\"font-weight: 400;\">San Pedro acabar\u00eda sus d\u00edas en Roma, donde fue obispo, y all\u00ed morir\u00eda martirizado. Fue sepultado a poca distancia de su martirio, lugar \u00e9se de su sepultura que resultar\u00eda elegido para la construcci\u00f3n de la bas\u00edlica que hoy podemos disfrutar en la Ciudad Eterna.<\/span><\/p>\n<h3><b>San Pablo<\/b><\/h3>\n<p><span style=\"font-weight: 400;\">Pablo de Tarso, de nombre jud\u00edo\u00a0Saulo de Tarso\u00a0o\u00a0Saulo Pablo, conocido como\u00a0san Pablo. Naci\u00f3 en <\/span><a href=\"https:\/\/es.wikipedia.org\/wiki\/Tarso_(Turqu%C3%ADa)\" target=\"_blank\" rel=\"noopener\"><span style=\"font-weight: 400;\">Tarso<\/span><\/a><span style=\"font-weight: 400;\">,\u00a0<\/span><a href=\"https:\/\/es.wikipedia.org\/wiki\/Cilicia\" target=\"_blank\" rel=\"noopener\"><span style=\"font-weight: 400;\">Cilicia<\/span><\/a><span style=\"font-weight: 400;\">, entre el\u00a05 y 10\u00a0d.C.<\/span><a href=\"https:\/\/es.wikipedia.org\/wiki\/Pablo_de_Tarso#cite_note-BdeJ1803-3\"><span style=\"font-weight: 400;\">,<\/span><\/a><span style=\"font-weight: 400;\"> y muri\u00f3 en <\/span><a href=\"https:\/\/es.wikipedia.org\/wiki\/Roma\" target=\"_blank\" rel=\"noopener\"><span style=\"font-weight: 400;\">Roma<\/span><\/a><span style=\"font-weight: 400;\"> entre el 58 y 67.\u00a0<\/span><span style=\"font-weight: 400;\">Llamado el \u201cAp\u00f3stol de los gentiles\u201d, el \u201cAp\u00f3stol de las naciones\u201d, o simplemente \u201cel Ap\u00f3stol\u201d.<\/span><\/p>\n<p><span style=\"font-weight: 400;\">Fund\u00f3 varias comunidades cristianas y evangeliz\u00f3 en los m\u00e1s importantes centros urbanos del\u00a0<\/span><a href=\"https:\/\/es.wikipedia.org\/wiki\/Imperio_romano\" target=\"_blank\" rel=\"noopener\"><span style=\"font-weight: 400;\">imperio romano<\/span><\/a><span style=\"font-weight: 400;\">, tales como Antioqu\u00eda, Corinto, \u00c9feso y Roma.\u00a0<\/span><span style=\"font-weight: 400;\">Pablo, que comenz\u00f3 persiguiendo cristianos, se convertir\u00eda, como dec\u00edamos, en el ap\u00f3stol de los gentiles. Modelo de evangelizador para todos los cat\u00f3licos.<\/span><\/p>\n<p><span style=\"font-weight: 400;\">Redact\u00f3 algunos de los primeros escritos can\u00f3nicos cristianos, incluyendo el m\u00e1s antiguo conocido, la\u00a0<\/span><a href=\"https:\/\/es.wikipedia.org\/wiki\/Primera_ep%C3%ADstola_a_los_tesalonicenses\" target=\"_blank\" rel=\"noopener\"><span style=\"font-weight: 400;\">Primera ep\u00edstola a los tesalonicenses<\/span><\/a><span style=\"font-weight: 400;\">. Autor de las llamadas\u00a0ep\u00edstolas paulinas, dirigidas a: romanos, la\u00a0<\/span><a href=\"https:\/\/es.wikipedia.org\/wiki\/Primera_ep%C3%ADstola_a_los_corintios\" target=\"_blank\" rel=\"noopener\"><span style=\"font-weight: 400;\">primera<\/span><\/a><span style=\"font-weight: 400;\">\u00a0y la\u00a0<\/span><a href=\"https:\/\/es.wikipedia.org\/wiki\/Segunda_ep%C3%ADstola_a_los_corintios\" target=\"_blank\" rel=\"noopener\"><span style=\"font-weight: 400;\">segunda a los corintios<\/span><\/a><span style=\"font-weight: 400;\">, g\u00e1latas, filipenses, tesalonicenses, y a Filem\u00f3n.\u00a0<\/span><\/p>\n<p><span style=\"font-weight: 400;\">Parece que muri\u00f3 m\u00e1rtir, decapitado, seg\u00fan se extrae del\u00a0<\/span><a href=\"https:\/\/es.wikipedia.org\/wiki\/Ap%C3%B3crifo_(religi%C3%B3n)\" target=\"_blank\" rel=\"noopener\"><span style=\"font-weight: 400;\">texto ap\u00f3crifo<\/span><\/a><span style=\"font-weight: 400;\">\u00a0escrito en el a\u00f1o 160 conocido bajo el t\u00edtulo de\u00a0<\/span><a href=\"https:\/\/es.wikipedia.org\/wiki\/Hechos_de_Pablo\" target=\"_blank\" rel=\"noopener\"><span style=\"font-weight: 400;\">Hechos de Pablo<\/span><\/a><span style=\"font-weight: 400;\">.<\/span><\/p>\n<h3><b>Imposici\u00f3n de palios arzobispales<\/b><\/h3>\n<p><span style=\"font-weight: 400;\">La funci\u00f3n o ministerio petrino que se le encomend\u00f3 a san Pedro como romano pont\u00edfice necesita unos colaboradores. Ello para la eficacia del gobierno de la Iglesia, m\u00e1xime en una organizaci\u00f3n, la eclesial, de \u00e1mbito universal.\u00a0<\/span><\/p>\n<p><span style=\"font-weight: 400;\">Parte esencial de esa colaboraci\u00f3n la prestan los arzobispos \u2013obispos al frente de di\u00f3cesis particularmente importantes\u2013. Entre ellos hay algunos denominados \u201carzobispos metropolitanos\u201d por estar al cargo de la provincia eclesi\u00e1stica en la que se encuentran sus archidi\u00f3cesis.<\/span><\/p>\n<p><span style=\"font-weight: 400;\">Pues bien, cada 29 de junio, por ser la solemnidad de los ap\u00f3stoles Pedro y Pablo, el Papa bendice los \u201cpalios\u201d\u00a0destinados a los arzobispos metropolitanos.<\/span><\/p>\n<p><span style=\"font-weight: 400;\">\u00bfQu\u00e9 es un palio arzobispal? Es un ornamento de lana blanca con forma de faja circular que carga sobre los hombros, de la cual penden ante el pecho y en la espalda dos tiras rectangulares con cruces negras o rojas de seda. Simboliza la potestad que tienen los arzobispos en su \u00e1mbito, y tambi\u00e9n el lazo de comuni\u00f3n con el Romano Pont\u00edfice.<\/span><\/p>\n<p><span style=\"font-weight: 400;\">Hasta san Juan Pablo II, tras bendecirlo, el Papa enviaba un palio a cada uno de los arzobispos metropolitanos nombrados en el a\u00f1o inmediato anterior, a quienes se les impon\u00eda en sus archidi\u00f3cesis.\u00a0<\/span><\/p>\n<p><span style=\"font-weight: 400;\">Con el Papa polaco se inici\u00f3 un nuevo per\u00edodo, al invitar a los nuevos metropolitanos a concelebrar con \u00e9l en la bas\u00edlica de San Pedro, e imponerles el palio durante la Misa. Esta costumbre permaneci\u00f3 tambi\u00e9n durante el pontificado de Benedicto XVI y los dos primeros a\u00f1os del papa Francisco.<\/span><\/p>\n<p><span style=\"font-weight: 400;\">Desde 2015 los nuevos metropolitanos estar\u00edan en Roma, concelebrar\u00edan la Eucarist\u00eda con el Santo Padre y participar\u00edan en el rito de bendici\u00f3n de los palios, pero no habr\u00eda imposici\u00f3n: simplemente recibir\u00edan el palio designado para ellos de parte del Santo Padre de forma m\u00e1s sencilla y privada, queriendo de ese modo significar su comuni\u00f3n jer\u00e1rquica.<\/span><\/p>\n<p><span style=\"font-weight: 400;\">La imposici\u00f3n, as\u00ed, a fecha de hoy se efect\u00faa en las respectivas archidi\u00f3cesis por parte de los nuncios apost\u00f3licos \u2013representantes de la Santa Sede en cada Estado\u2013, para reforzar la relaci\u00f3n de los metropolitanos con su iglesia local y posibilitar a sus fieles participar en la ceremonia.<\/span><\/p>\n<p><img loading=\"lazy\" decoding=\"async\" class=\"size-full wp-image-79450 alignnone\" src=\"https:\/\/exaudi.org\/wp-content\/uploads\/2021\/06\/San-P-y-Pb-01.jpg\" alt=\"\" width=\"879\" height=\"880\" srcset=\"https:\/\/exaudi.org\/wp-content\/uploads\/2021\/06\/San-P-y-Pb-01.jpg 879w, https:\/\/exaudi.org\/wp-content\/uploads\/2021\/06\/San-P-y-Pb-01-300x300.jpg 300w, https:\/\/exaudi.org\/wp-content\/uploads\/2021\/06\/San-P-y-Pb-01-100x100.jpg?crop=1 100w, https:\/\/exaudi.org\/wp-content\/uploads\/2021\/06\/San-P-y-Pb-01-770x771.jpg 770w, https:\/\/exaudi.org\/wp-content\/uploads\/2021\/06\/San-P-y-Pb-01-500x501.jpg 500w, https:\/\/exaudi.org\/wp-content\/uploads\/2021\/06\/San-P-y-Pb-01-293x293.jpg 293w, https:\/\/exaudi.org\/wp-content\/uploads\/2021\/06\/San-P-y-Pb-01-390x390.jpg 390w, https:\/\/exaudi.org\/wp-content\/uploads\/2021\/06\/San-P-y-Pb-01-585x585.jpg 585w\" sizes=\"auto, (max-width: 879px) 100vw, 879px\" \/><\/p>\n","protected":false},"excerpt":{"rendered":"<p>An\u00e1lisis de la solemnidad<\/p>\n","protected":false},"author":26,"featured_media":24829,"comment_status":"closed","ping_status":"closed","sticky":false,"template":"","format":"standard","meta":{"_acf_changed":false,"_crdt_document":"","inline_featured_image":false,"footnotes":""},"categories":[96,2772],"tags":[449,3122,1404,3090,4953,2783],"class_list":["post-24651","post","type-post","status-publish","format-standard","has-post-thumbnail","hentry","category-espiritualidad","category-santoral","tag-iglesia-catolica","tag-san-pablo-es","tag-san-pedro","tag-solemnidad-de-san-pedro-y-san-pablo","tag-trending-es","tag-unidad"],"acf":[],"yoast_head":"<!-- This site is optimized with the Yoast SEO plugin v27.5 - https:\/\/yoast.com\/product\/yoast-seo-wordpress\/ -->\n<title>Santos Pedro y Pablo: Significado e imposici\u00f3n de palios - Exaudi<\/title>\n<meta name=\"description\" content=\"Alejandro V\u00e1zquez-Dodero comparte con los lectores de Exaudi un art\u00edculo sobre el significado de la fiesta de los santos Pedro y Pablo.\" \/>\n<meta name=\"robots\" content=\"index, follow, max-snippet:-1, max-image-preview:large, max-video-preview:-1\" \/>\n<link rel=\"canonical\" href=\"https:\/\/exaudi.org\/es\/san-pedro-san-pablo-significado\/\" \/>\n<meta property=\"og:locale\" content=\"es_ES\" \/>\n<meta property=\"og:type\" content=\"article\" \/>\n<meta property=\"og:title\" content=\"Santos Pedro y Pablo: Significado e imposici\u00f3n de palios - Exaudi\" \/>\n<meta property=\"og:description\" content=\"Alejandro V\u00e1zquez-Dodero comparte con los lectores de Exaudi un art\u00edculo sobre el significado de la fiesta de los santos Pedro y Pablo.\" \/>\n<meta property=\"og:url\" content=\"https:\/\/exaudi.org\/es\/san-pedro-san-pablo-significado\/\" \/>\n<meta property=\"og:site_name\" content=\"Exaudi\" \/>\n<meta property=\"article:publisher\" content=\"https:\/\/www.facebook.com\/ExaudiNews\" \/>\n<meta property=\"article:published_time\" content=\"2025-06-29T06:00:07+00:00\" \/>\n<meta property=\"article:modified_time\" content=\"2025-07-05T08:56:52+00:00\" \/>\n<meta property=\"og:image\" content=\"https:\/\/exaudi.org\/wp-content\/uploads\/2021\/06\/2v34v342.png\" \/>\n\t<meta property=\"og:image:width\" content=\"671\" \/>\n\t<meta property=\"og:image:height\" content=\"369\" \/>\n\t<meta property=\"og:image:type\" content=\"image\/png\" \/>\n<meta name=\"author\" content=\"Alejandro V\u00e1zquez-Dodero\" \/>\n<meta name=\"twitter:card\" content=\"summary_large_image\" \/>\n<meta name=\"twitter:creator\" content=\"@Exaudi_News\" \/>\n<meta name=\"twitter:site\" content=\"@Exaudi_News\" \/>\n<meta name=\"twitter:label1\" content=\"Escrito por\" \/>\n\t<meta name=\"twitter:data1\" content=\"Alejandro V\u00e1zquez-Dodero\" \/>\n\t<meta name=\"twitter:label2\" content=\"Tiempo de lectura\" \/>\n\t<meta name=\"twitter:data2\" content=\"5 minutos\" \/>\n<script type=\"application\/ld+json\" class=\"yoast-schema-graph\">{\"@context\":\"https:\\\/\\\/schema.org\",\"@graph\":[{\"@type\":\"Article\",\"@id\":\"https:\\\/\\\/exaudi.org\\\/es\\\/san-pedro-san-pablo-significado\\\/#article\",\"isPartOf\":{\"@id\":\"https:\\\/\\\/exaudi.org\\\/es\\\/san-pedro-san-pablo-significado\\\/\"},\"author\":{\"name\":\"Alejandro V\u00e1zquez-Dodero\",\"@id\":\"https:\\\/\\\/exaudi.org\\\/#\\\/schema\\\/person\\\/92c3b53d811ba0c7815ee9f2b6e9db4d\"},\"headline\":\"Santos Pedro y Pablo: Significado e imposici\u00f3n de palios\",\"datePublished\":\"2025-06-29T06:00:07+00:00\",\"dateModified\":\"2025-07-05T08:56:52+00:00\",\"mainEntityOfPage\":{\"@id\":\"https:\\\/\\\/exaudi.org\\\/es\\\/san-pedro-san-pablo-significado\\\/\"},\"wordCount\":1045,\"image\":{\"@id\":\"https:\\\/\\\/exaudi.org\\\/es\\\/san-pedro-san-pablo-significado\\\/#primaryimage\"},\"thumbnailUrl\":\"https:\\\/\\\/exaudi.org\\\/wp-content\\\/uploads\\\/2021\\\/06\\\/2v34v342.png\",\"keywords\":[\"Iglesia cat\u00f3lica\",\"San Pablo\",\"San Pedro\",\"Solemnidad de San Pedro y San Pablo\",\"Trending\",\"Unidad\"],\"articleSection\":[\"Espiritualidad\",\"Santoral\"],\"inLanguage\":\"es\"},{\"@type\":\"WebPage\",\"@id\":\"https:\\\/\\\/exaudi.org\\\/es\\\/san-pedro-san-pablo-significado\\\/\",\"url\":\"https:\\\/\\\/exaudi.org\\\/es\\\/san-pedro-san-pablo-significado\\\/\",\"name\":\"Santos Pedro y Pablo: Significado e imposici\u00f3n de palios - Exaudi\",\"isPartOf\":{\"@id\":\"https:\\\/\\\/exaudi.org\\\/#website\"},\"primaryImageOfPage\":{\"@id\":\"https:\\\/\\\/exaudi.org\\\/es\\\/san-pedro-san-pablo-significado\\\/#primaryimage\"},\"image\":{\"@id\":\"https:\\\/\\\/exaudi.org\\\/es\\\/san-pedro-san-pablo-significado\\\/#primaryimage\"},\"thumbnailUrl\":\"https:\\\/\\\/exaudi.org\\\/wp-content\\\/uploads\\\/2021\\\/06\\\/2v34v342.png\",\"datePublished\":\"2025-06-29T06:00:07+00:00\",\"dateModified\":\"2025-07-05T08:56:52+00:00\",\"author\":{\"@id\":\"https:\\\/\\\/exaudi.org\\\/#\\\/schema\\\/person\\\/92c3b53d811ba0c7815ee9f2b6e9db4d\"},\"description\":\"Alejandro V\u00e1zquez-Dodero comparte con los lectores de Exaudi un art\u00edculo sobre el significado de la fiesta de los santos Pedro y Pablo.\",\"breadcrumb\":{\"@id\":\"https:\\\/\\\/exaudi.org\\\/es\\\/san-pedro-san-pablo-significado\\\/#breadcrumb\"},\"inLanguage\":\"es\",\"potentialAction\":[{\"@type\":\"ReadAction\",\"target\":[\"https:\\\/\\\/exaudi.org\\\/es\\\/san-pedro-san-pablo-significado\\\/\"]}]},{\"@type\":\"ImageObject\",\"inLanguage\":\"es\",\"@id\":\"https:\\\/\\\/exaudi.org\\\/es\\\/san-pedro-san-pablo-significado\\\/#primaryimage\",\"url\":\"https:\\\/\\\/exaudi.org\\\/wp-content\\\/uploads\\\/2021\\\/06\\\/2v34v342.png\",\"contentUrl\":\"https:\\\/\\\/exaudi.org\\\/wp-content\\\/uploads\\\/2021\\\/06\\\/2v34v342.png\",\"width\":671,\"height\":369,\"caption\":\"San Pedro San Pablo \u00a9 Papapaboys.me\"},{\"@type\":\"BreadcrumbList\",\"@id\":\"https:\\\/\\\/exaudi.org\\\/es\\\/san-pedro-san-pablo-significado\\\/#breadcrumb\",\"itemListElement\":[{\"@type\":\"ListItem\",\"position\":1,\"name\":\"Portada\",\"item\":\"https:\\\/\\\/exaudi.org\\\/es\\\/\"},{\"@type\":\"ListItem\",\"position\":2,\"name\":\"Santos Pedro y Pablo: Significado e imposici\u00f3n de palios\"}]},{\"@type\":\"WebSite\",\"@id\":\"https:\\\/\\\/exaudi.org\\\/#website\",\"url\":\"https:\\\/\\\/exaudi.org\\\/\",\"name\":\"Exaudi\",\"description\":\"News\",\"potentialAction\":[{\"@type\":\"SearchAction\",\"target\":{\"@type\":\"EntryPoint\",\"urlTemplate\":\"https:\\\/\\\/exaudi.org\\\/?s={search_term_string}\"},\"query-input\":{\"@type\":\"PropertyValueSpecification\",\"valueRequired\":true,\"valueName\":\"search_term_string\"}}],\"inLanguage\":\"es\"},{\"@type\":\"Person\",\"@id\":\"https:\\\/\\\/exaudi.org\\\/#\\\/schema\\\/person\\\/92c3b53d811ba0c7815ee9f2b6e9db4d\",\"name\":\"Alejandro V\u00e1zquez-Dodero\",\"image\":{\"@type\":\"ImageObject\",\"inLanguage\":\"es\",\"@id\":\"https:\\\/\\\/secure.gravatar.com\\\/avatar\\\/bad313f8609ab64235c2da55729d9fa0f698a0ae799a6b6821fd6be478044636?s=96&d=mm&r=g\",\"url\":\"https:\\\/\\\/secure.gravatar.com\\\/avatar\\\/bad313f8609ab64235c2da55729d9fa0f698a0ae799a6b6821fd6be478044636?s=96&d=mm&r=g\",\"contentUrl\":\"https:\\\/\\\/secure.gravatar.com\\\/avatar\\\/bad313f8609ab64235c2da55729d9fa0f698a0ae799a6b6821fd6be478044636?s=96&d=mm&r=g\",\"caption\":\"Alejandro V\u00e1zquez-Dodero\"},\"description\":\"Licenciado en Derecho por la Universidad de Barcelona y licenciado y doctor en Derecho Can\u00f3nico por la Pontificia Universidad de la Santa Cruz de Roma. Ordenado sacerdote en 2015. Su trayectoria profesional previa a su ordenaci\u00f3n transcurri\u00f3 entre el ejercicio de la abogac\u00eda en Garrigues Abogados y Asesores Tributarios y Amat &amp; Vidal-Quadras Advocats, y el desempe\u00f1o del cargo de secretario general en la Universidad Internacional de Catalu\u00f1a. Ha colaborado en diversos medios con art\u00edculos de opini\u00f3n acerca de cuestiones jur\u00eddicas y sociol\u00f3gicas. Ha residido en Barcelona, su ciudad natal, y en Roma y Madrid.\",\"url\":\"https:\\\/\\\/exaudi.org\\\/es\\\/author\\\/alejandrovazquezdodero\\\/\"}]}<\/script>\n<!-- \/ Yoast SEO plugin. -->","yoast_head_json":{"title":"Santos Pedro y Pablo: Significado e imposici\u00f3n de palios - Exaudi","description":"Alejandro V\u00e1zquez-Dodero comparte con los lectores de Exaudi un art\u00edculo sobre el significado de la fiesta de los santos Pedro y Pablo.","robots":{"index":"index","follow":"follow","max-snippet":"max-snippet:-1","max-image-preview":"max-image-preview:large","max-video-preview":"max-video-preview:-1"},"canonical":"https:\/\/exaudi.org\/es\/san-pedro-san-pablo-significado\/","og_locale":"es_ES","og_type":"article","og_title":"Santos Pedro y Pablo: Significado e imposici\u00f3n de palios - Exaudi","og_description":"Alejandro V\u00e1zquez-Dodero comparte con los lectores de Exaudi un art\u00edculo sobre el significado de la fiesta de los santos Pedro y Pablo.","og_url":"https:\/\/exaudi.org\/es\/san-pedro-san-pablo-significado\/","og_site_name":"Exaudi","article_publisher":"https:\/\/www.facebook.com\/ExaudiNews","article_published_time":"2025-06-29T06:00:07+00:00","article_modified_time":"2025-07-05T08:56:52+00:00","og_image":[{"width":671,"height":369,"url":"https:\/\/exaudi.org\/wp-content\/uploads\/2021\/06\/2v34v342.png","type":"image\/png"}],"author":"Alejandro V\u00e1zquez-Dodero","twitter_card":"summary_large_image","twitter_creator":"@Exaudi_News","twitter_site":"@Exaudi_News","twitter_misc":{"Escrito por":"Alejandro V\u00e1zquez-Dodero","Tiempo de lectura":"5 minutos"},"schema":{"@context":"https:\/\/schema.org","@graph":[{"@type":"Article","@id":"https:\/\/exaudi.org\/es\/san-pedro-san-pablo-significado\/#article","isPartOf":{"@id":"https:\/\/exaudi.org\/es\/san-pedro-san-pablo-significado\/"},"author":{"name":"Alejandro V\u00e1zquez-Dodero","@id":"https:\/\/exaudi.org\/#\/schema\/person\/92c3b53d811ba0c7815ee9f2b6e9db4d"},"headline":"Santos Pedro y Pablo: Significado e imposici\u00f3n de palios","datePublished":"2025-06-29T06:00:07+00:00","dateModified":"2025-07-05T08:56:52+00:00","mainEntityOfPage":{"@id":"https:\/\/exaudi.org\/es\/san-pedro-san-pablo-significado\/"},"wordCount":1045,"image":{"@id":"https:\/\/exaudi.org\/es\/san-pedro-san-pablo-significado\/#primaryimage"},"thumbnailUrl":"https:\/\/exaudi.org\/wp-content\/uploads\/2021\/06\/2v34v342.png","keywords":["Iglesia cat\u00f3lica","San Pablo","San Pedro","Solemnidad de San Pedro y San Pablo","Trending","Unidad"],"articleSection":["Espiritualidad","Santoral"],"inLanguage":"es"},{"@type":"WebPage","@id":"https:\/\/exaudi.org\/es\/san-pedro-san-pablo-significado\/","url":"https:\/\/exaudi.org\/es\/san-pedro-san-pablo-significado\/","name":"Santos Pedro y Pablo: Significado e imposici\u00f3n de palios - Exaudi","isPartOf":{"@id":"https:\/\/exaudi.org\/#website"},"primaryImageOfPage":{"@id":"https:\/\/exaudi.org\/es\/san-pedro-san-pablo-significado\/#primaryimage"},"image":{"@id":"https:\/\/exaudi.org\/es\/san-pedro-san-pablo-significado\/#primaryimage"},"thumbnailUrl":"https:\/\/exaudi.org\/wp-content\/uploads\/2021\/06\/2v34v342.png","datePublished":"2025-06-29T06:00:07+00:00","dateModified":"2025-07-05T08:56:52+00:00","author":{"@id":"https:\/\/exaudi.org\/#\/schema\/person\/92c3b53d811ba0c7815ee9f2b6e9db4d"},"description":"Alejandro V\u00e1zquez-Dodero comparte con los lectores de Exaudi un art\u00edculo sobre el significado de la fiesta de los santos Pedro y Pablo.","breadcrumb":{"@id":"https:\/\/exaudi.org\/es\/san-pedro-san-pablo-significado\/#breadcrumb"},"inLanguage":"es","potentialAction":[{"@type":"ReadAction","target":["https:\/\/exaudi.org\/es\/san-pedro-san-pablo-significado\/"]}]},{"@type":"ImageObject","inLanguage":"es","@id":"https:\/\/exaudi.org\/es\/san-pedro-san-pablo-significado\/#primaryimage","url":"https:\/\/exaudi.org\/wp-content\/uploads\/2021\/06\/2v34v342.png","contentUrl":"https:\/\/exaudi.org\/wp-content\/uploads\/2021\/06\/2v34v342.png","width":671,"height":369,"caption":"San Pedro San Pablo \u00a9 Papapaboys.me"},{"@type":"BreadcrumbList","@id":"https:\/\/exaudi.org\/es\/san-pedro-san-pablo-significado\/#breadcrumb","itemListElement":[{"@type":"ListItem","position":1,"name":"Portada","item":"https:\/\/exaudi.org\/es\/"},{"@type":"ListItem","position":2,"name":"Santos Pedro y Pablo: Significado e imposici\u00f3n de palios"}]},{"@type":"WebSite","@id":"https:\/\/exaudi.org\/#website","url":"https:\/\/exaudi.org\/","name":"Exaudi","description":"News","potentialAction":[{"@type":"SearchAction","target":{"@type":"EntryPoint","urlTemplate":"https:\/\/exaudi.org\/?s={search_term_string}"},"query-input":{"@type":"PropertyValueSpecification","valueRequired":true,"valueName":"search_term_string"}}],"inLanguage":"es"},{"@type":"Person","@id":"https:\/\/exaudi.org\/#\/schema\/person\/92c3b53d811ba0c7815ee9f2b6e9db4d","name":"Alejandro V\u00e1zquez-Dodero","image":{"@type":"ImageObject","inLanguage":"es","@id":"https:\/\/secure.gravatar.com\/avatar\/bad313f8609ab64235c2da55729d9fa0f698a0ae799a6b6821fd6be478044636?s=96&d=mm&r=g","url":"https:\/\/secure.gravatar.com\/avatar\/bad313f8609ab64235c2da55729d9fa0f698a0ae799a6b6821fd6be478044636?s=96&d=mm&r=g","contentUrl":"https:\/\/secure.gravatar.com\/avatar\/bad313f8609ab64235c2da55729d9fa0f698a0ae799a6b6821fd6be478044636?s=96&d=mm&r=g","caption":"Alejandro V\u00e1zquez-Dodero"},"description":"Licenciado en Derecho por la Universidad de Barcelona y licenciado y doctor en Derecho Can\u00f3nico por la Pontificia Universidad de la Santa Cruz de Roma. Ordenado sacerdote en 2015. Su trayectoria profesional previa a su ordenaci\u00f3n transcurri\u00f3 entre el ejercicio de la abogac\u00eda en Garrigues Abogados y Asesores Tributarios y Amat &amp; Vidal-Quadras Advocats, y el desempe\u00f1o del cargo de secretario general en la Universidad Internacional de Catalu\u00f1a. Ha colaborado en diversos medios con art\u00edculos de opini\u00f3n acerca de cuestiones jur\u00eddicas y sociol\u00f3gicas. Ha residido en Barcelona, su ciudad natal, y en Roma y Madrid.","url":"https:\/\/exaudi.org\/es\/author\/alejandrovazquezdodero\/"}]}},"jetpack_featured_media_url":"https:\/\/exaudi.org\/wp-content\/uploads\/2021\/06\/2v34v342.png","jetpack_shortlink":"https:\/\/wp.me\/pgKjF2-6pB","_links":{"self":[{"href":"https:\/\/exaudi.org\/es\/wp-json\/wp\/v2\/posts\/24651","targetHints":{"allow":["GET"]}}],"collection":[{"href":"https:\/\/exaudi.org\/es\/wp-json\/wp\/v2\/posts"}],"about":[{"href":"https:\/\/exaudi.org\/es\/wp-json\/wp\/v2\/types\/post"}],"author":[{"embeddable":true,"href":"https:\/\/exaudi.org\/es\/wp-json\/wp\/v2\/users\/26"}],"replies":[{"embeddable":true,"href":"https:\/\/exaudi.org\/es\/wp-json\/wp\/v2\/comments?post=24651"}],"version-history":[{"count":1,"href":"https:\/\/exaudi.org\/es\/wp-json\/wp\/v2\/posts\/24651\/revisions"}],"predecessor-version":[{"id":129458,"href":"https:\/\/exaudi.org\/es\/wp-json\/wp\/v2\/posts\/24651\/revisions\/129458"}],"wp:featuredmedia":[{"embeddable":true,"href":"https:\/\/exaudi.org\/es\/wp-json\/wp\/v2\/media\/24829"}],"wp:attachment":[{"href":"https:\/\/exaudi.org\/es\/wp-json\/wp\/v2\/media?parent=24651"}],"wp:term":[{"taxonomy":"category","embeddable":true,"href":"https:\/\/exaudi.org\/es\/wp-json\/wp\/v2\/categories?post=24651"},{"taxonomy":"post_tag","embeddable":true,"href":"https:\/\/exaudi.org\/es\/wp-json\/wp\/v2\/tags?post=24651"}],"curies":[{"name":"wp","href":"https:\/\/api.w.org\/{rel}","templated":true}]}}