{"id":24630,"date":"2021-06-28T10:27:19","date_gmt":"2021-06-28T08:27:19","guid":{"rendered":"https:\/\/exaudi.org\/?p=24630"},"modified":"2021-06-28T17:18:31","modified_gmt":"2021-06-28T15:18:31","slug":"ii-encuentro-internacional-catolicos-responsabilidades-politicas","status":"publish","type":"post","link":"https:\/\/exaudi.org\/es\/ii-encuentro-internacional-catolicos-responsabilidades-politicas\/","title":{"rendered":"II Encuentro Internacional de cat\u00f3licos con responsabilidades pol\u00edticas"},"content":{"rendered":"<p>La <a href=\"https:\/\/liderescatolicos.net\/\" target=\"_blank\" rel=\"noopener noreferrer\">Academia Latinoamericana de L\u00edderes Cat\u00f3licos<\/a> y la archidi\u00f3cesis de Madrid, Espa\u00f1a, convocan, con el apoyo de la Fundaci\u00f3n Konrad Adenauer, el II Encuentro Internacional de cat\u00f3licos con responsabilidades pol\u00edticas, que contar\u00e1 con la participaci\u00f3n del cardenal <a href=\"https:\/\/exaudi.org\/es\/visita-cardenal-parolin-mexico-superar-polarizacion\/\" target=\"_blank\" rel=\"noopener noreferrer\">Pietro Parolin<\/a> y se realizar\u00e1 del 3 al 5 de septiembre de 2021 en la capital espa\u00f1ola.<\/p>\n<p>Seg\u00fan ha informado la Academia latinoamericana en una nota, el tema escogido para el evento, con formato presencial, es \u201c<span style=\"font-weight: 400\">Una cultura de encuentro en la vida pol\u00edtica para el servicio de nuestros pueblos<\/span>\u201d. El objetivo, explica, es \u201cpromover espacios de di\u00e1logo, para generar un pensamiento cat\u00f3lico <span style=\"font-weight: 400\">sobre la participaci\u00f3n pol\u00edtica<\/span><span style=\"font-weight: 400\"> de los cristianos e iniciar<\/span><span style=\"font-weight: 400\"> procesos de fraternidad y amistad social<\/span><span style=\"font-weight: 400\"> entre cat\u00f3licos con responsabilidades pol\u00edticas de diversas nacionalidades y culturas<\/span>\u201d.<\/p>\n<p><img loading=\"lazy\" decoding=\"async\" class=\"size-full wp-image-24633 aligncenter\" src=\"https:\/\/exaudi.org\/wp-content\/uploads\/2021\/06\/Cardenal-Osoro-convoca-a-politicos-catolicos-de-todo-el-mundo.docx-Documentos-de-Google.png\" alt=\"Encuentro cat\u00f3licos responsabilidades pol\u00edticas\" width=\"736\" height=\"725\" srcset=\"https:\/\/exaudi.org\/wp-content\/uploads\/2021\/06\/Cardenal-Osoro-convoca-a-politicos-catolicos-de-todo-el-mundo.docx-Documentos-de-Google.png 736w, https:\/\/exaudi.org\/wp-content\/uploads\/2021\/06\/Cardenal-Osoro-convoca-a-politicos-catolicos-de-todo-el-mundo.docx-Documentos-de-Google-300x296.png 300w, https:\/\/exaudi.org\/wp-content\/uploads\/2021\/06\/Cardenal-Osoro-convoca-a-politicos-catolicos-de-todo-el-mundo.docx-Documentos-de-Google-150x148.png 150w, https:\/\/exaudi.org\/wp-content\/uploads\/2021\/06\/Cardenal-Osoro-convoca-a-politicos-catolicos-de-todo-el-mundo.docx-Documentos-de-Google-696x686.png 696w, https:\/\/exaudi.org\/wp-content\/uploads\/2021\/06\/Cardenal-Osoro-convoca-a-politicos-catolicos-de-todo-el-mundo.docx-Documentos-de-Google-426x420.png 426w\" sizes=\"auto, (max-width: 736px) 100vw, 736px\" \/><\/p>\n<h4><strong>Encuentro<\/strong><\/h4>\n<p>El encuentro ser\u00e1 inaugurado por el cardenal Parolin, secretario de Estado del Vaticano, con la conferencia <i><span style=\"font-weight: 400\">Cultura de Encuentro y Amistad C\u00edvica en un mundo en crisis.\u00a0<\/span><\/i><span style=\"font-weight: 400\">Igualmente, ya han confirmado su presencia l\u00edderes como Antonio L\u00f3pez-Ist\u00fariz, secretario general del Partido Popular Europeo, Ana Paula Siqueira, diputada brasile\u00f1a, presidenta de la Comisi\u00f3n de la Mujer o Miguel \u00c1ngel Rodr\u00edguez Echeverria, ex presidente de Costa Rica y ex secretario general de la OEA.<\/span><\/p>\n<p><span style=\"font-weight: 400\">Tambi\u00e9n asistir\u00e1n \u017deljana Zovko, vicepresidenta de la comisi\u00f3n de exteriores del Parlamento Europeo, Juli\u00e1n Dom\u00ednguez, ex presidente de la C\u00e1mara de Diputados de Argentina, Carlos Alberto P\u00e9rez, vicepresidente de GOPAC, Rocco Buttiglione, ex presidente de la C\u00e1mara de Diputados de Italia, H\u00e9ctor Yepez, asamble\u00edsta nacional del Ecuador, Enrique Garc\u00eda Rodr\u00edguez, ex tesorero general del BID y Francesco Vincenti, ex embajador de Naciones Unidas.<\/span><\/p>\n<p><span style=\"font-weight: 400\">Este encuentro fue presentado p\u00fablicamente por el cardenal Osoro durante la celebraci\u00f3n de la festividad de Santo Tomas Moro, patrono de los pol\u00edticos y gobernantes, en la que se\u00f1al\u00f3: <\/span><span style=\"font-weight: 400\">\u201cMuchas gracias todos los que decidan venir a Madrid. Vamos a estar muy c\u00f3modos y muy en familia. Vamos a estar buscando lo mejor para nuestra sociedad como cat\u00f3licos\u201d.<\/span><\/p>\n<p><span style=\"font-weight: 400\">El congreso se realizar\u00e1 en la Universidad CEU San Pablo Campus de la Moncloa. Durante los tres d\u00edas, los pol\u00edticos participantes disertar\u00e1n sobre el tema del evento, desde dos perspectivas: reflexiones te\u00f3ricas y conceptuales sobre la cultura del encuentro en la vida pol\u00edtica en el contexto actual; y propuestas concretas de pr\u00e1cticas pol\u00edtica o pol\u00edticas p\u00fablicas que promuevan la fraternidad y el di\u00e1logo social en el \u00e1mbito pol\u00edtico de sus pa\u00edses.<\/span><\/p>\n<p><img loading=\"lazy\" decoding=\"async\" class=\"alignleft size-medium wp-image-24639\" src=\"https:\/\/exaudi.org\/wp-content\/uploads\/2021\/06\/Cardenal-Osoro-convoca-a-politicos-catolicos-de-todo-el-mundo.docx-Documentos-de-Google-1-300x124.png\" alt=\"\" width=\"300\" height=\"124\" srcset=\"https:\/\/exaudi.org\/wp-content\/uploads\/2021\/06\/Cardenal-Osoro-convoca-a-politicos-catolicos-de-todo-el-mundo.docx-Documentos-de-Google-1-300x124.png 300w, https:\/\/exaudi.org\/wp-content\/uploads\/2021\/06\/Cardenal-Osoro-convoca-a-politicos-catolicos-de-todo-el-mundo.docx-Documentos-de-Google-1-150x62.png 150w, https:\/\/exaudi.org\/wp-content\/uploads\/2021\/06\/Cardenal-Osoro-convoca-a-politicos-catolicos-de-todo-el-mundo.docx-Documentos-de-Google-1-696x287.png 696w, https:\/\/exaudi.org\/wp-content\/uploads\/2021\/06\/Cardenal-Osoro-convoca-a-politicos-catolicos-de-todo-el-mundo.docx-Documentos-de-Google-1.png 714w\" sizes=\"auto, (max-width: 300px) 100vw, 300px\" \/><\/p>\n<p><span style=\"font-weight: 400\"><a href=\"https:\/\/exaudi.org\/es\/sinodalidad-iglesia-valor-mujer-entrevista\/\" target=\"_blank\" rel=\"noopener noreferrer\">Jos\u00e9 Antonio Rosas, director general de la Academia de L\u00edderes Cat\u00f3licos<\/a> y uno de los organizadores manifest\u00f3 que <\/span><span style=\"font-weight: 400\">\u201cel encuentro est\u00e1 dirigido para cat\u00f3licos que tengan o hayan tenido responsabilidades pol\u00edticas directas, plurales pol\u00edticamente e interpelados por el Evangelio. Su participaci\u00f3n ser\u00e1 a t\u00edtulo personal, desde la fe com\u00fan. Buscamos cristianos especialmente que militen en distintos partidos pol\u00edticos, no para replicar el Parlamento, ni conocer los programas de las distintas formaciones pol\u00edticas, sino para generar un di\u00e1logo fraterno y constructivo que, en s\u00ed mismo, muestre c\u00f3mo el Evangelio facilita la posibilidad de pensar diferente, respetarse mutuamente y descubrir juntos el Bien Com\u00fan y un futuro mejor para todos, especialmente para las personas m\u00e1s vulnerables\u201d.<\/span><\/p>\n<p><span style=\"font-weight: 400\">El Encuentro no tendr\u00e1 ning\u00fan coste para los participantes seleccionados lo cual incluye la alimentaci\u00f3n y el alojamiento los tres d\u00edas, sin embargo, para un di\u00e1logo fruct\u00edfero se ha establecido un n\u00famero limitado de participantes. Para postular al encuentro se requiere tener o haber tenido responsabilidades pol\u00edticas directas en sus respectivos pa\u00edses o en organismos internacionales, estar disponible a un di\u00e1logo sincero y gratuito con quien piensa diferente, y estar vacunado de forma completa contra la COVID-19 para la fecha en que se realiza el Encuentro. <\/span><\/p>\n<p><span style=\"font-weight: 400\">Toda la informaci\u00f3n sobre el encuentro, as\u00ed como el formulario de postulaci\u00f3n se encuentra en la web oficial del mismo: <\/span><a href=\"http:\/\/www.liderescatolicos.net\/politicos\"><span style=\"font-weight: 400\">www.liderescatolicos.net\/politicos<\/span><\/a> <span style=\"font-weight: 400\">o para mayores informes se puede dirigir al correo <\/span><a href=\"mailto:politicos@liderescatolicos.net\"><span style=\"font-weight: 400\">politicos@liderescatolicos.net<\/span><\/a><\/p>\n<h4><strong>Academia Latinoamericana de L\u00edderes Cat\u00f3licos<\/strong><\/h4>\n<div id=\"u1757-4\" class=\"clearfix grpelem shared_content\" data-muse-uid=\"U1757\" data-muse-type=\"txt_frame\" data-ibe-flags=\"txtStyleSrc\" data-content-guid=\"u1757-4_content\">\n<p>Tal y como describe en su web, se trata de una fundaci\u00f3n de derecho privado sin fines de lucro que busca formar cat\u00f3licos que a partir de la experiencia cristiana desarrollen su vocaci\u00f3n pol\u00edtica con la ayuda de la Doctrina Social de la Iglesia. Su misi\u00f3n es formar l\u00edderes desde una perspectiva cat\u00f3lica, arraigados en la fe de la Iglesia, para transformar el mundo social, pol\u00edtico y econ\u00f3mico a la luz de la Doctrina Social de la Iglesia.<\/p>\n<\/div>\n<p>Asimismo, indica, su visi\u00f3n es formar una nueva generaci\u00f3n de cat\u00f3licos latinoamericanos con responsabilidades pol\u00edticas y sociales para que transformen el rostro del continente al servicio de sus pueblos, a la luz del Magisterio de la Iglesia y de cara a los Jubileos del V Centenario Guadalupano y de los dos mil a\u00f1os de la redenci\u00f3n.<\/p>\n","protected":false},"excerpt":{"rendered":"<p>Organizado por archidi\u00f3cesis de Madrid y Academia Latinoamericana de L\u00edderes Cat\u00f3licos<\/p>\n","protected":false},"author":6,"featured_media":24643,"comment_status":"closed","ping_status":"closed","sticky":false,"template":"","format":"standard","meta":{"_acf_changed":false,"_crdt_document":"","inline_featured_image":false,"footnotes":""},"categories":[86,298],"tags":[1790,3089,789],"class_list":["post-24630","post","type-post","status-publish","format-standard","has-post-thumbnail","hentry","category-iglesia-local","category-ultimas-noticias","tag-academia-latinoamericana-de-lideres-catolicos","tag-archidiocesis-de-madrid","tag-cardenal-carlos-osoro-sierra"],"acf":[],"yoast_head":"<!-- This site is optimized with the Yoast SEO plugin v27.5 - https:\/\/yoast.com\/product\/yoast-seo-wordpress\/ -->\n<title>II Encuentro Internacional de cat\u00f3licos con responsabilidades pol\u00edticas<\/title>\n<meta name=\"description\" content=\"Del 3 al 5 de septiembre de 2021 tendr\u00e1 lugar en Madrid, Espa\u00f1a, el II Encuentro Internacional de cat\u00f3licos con responsabilidades pol\u00edticas.\" \/>\n<meta name=\"robots\" content=\"index, follow, max-snippet:-1, max-image-preview:large, max-video-preview:-1\" \/>\n<link rel=\"canonical\" href=\"https:\/\/exaudi.org\/es\/ii-encuentro-internacional-catolicos-responsabilidades-politicas\/\" \/>\n<meta property=\"og:locale\" content=\"es_ES\" \/>\n<meta property=\"og:type\" content=\"article\" \/>\n<meta property=\"og:title\" content=\"II Encuentro Internacional de cat\u00f3licos con responsabilidades pol\u00edticas\" \/>\n<meta property=\"og:description\" content=\"Del 3 al 5 de septiembre de 2021 tendr\u00e1 lugar en Madrid, Espa\u00f1a, el II Encuentro Internacional de cat\u00f3licos con responsabilidades pol\u00edticas.\" \/>\n<meta property=\"og:url\" content=\"https:\/\/exaudi.org\/es\/ii-encuentro-internacional-catolicos-responsabilidades-politicas\/\" \/>\n<meta property=\"og:site_name\" content=\"Exaudi\" \/>\n<meta property=\"article:publisher\" content=\"https:\/\/www.facebook.com\/ExaudiNews\" \/>\n<meta property=\"article:published_time\" content=\"2021-06-28T08:27:19+00:00\" \/>\n<meta property=\"article:modified_time\" content=\"2021-06-28T15:18:31+00:00\" \/>\n<meta property=\"og:image\" content=\"https:\/\/exaudi.org\/wp-content\/uploads\/2021\/06\/b56bb.jpg\" \/>\n\t<meta property=\"og:image:width\" content=\"1030\" \/>\n\t<meta property=\"og:image:height\" content=\"600\" \/>\n\t<meta property=\"og:image:type\" content=\"image\/jpeg\" \/>\n<meta name=\"author\" content=\"Gabriel Sales\" \/>\n<meta name=\"twitter:card\" content=\"summary_large_image\" \/>\n<meta name=\"twitter:creator\" content=\"@habemusman\" \/>\n<meta name=\"twitter:site\" content=\"@Exaudi_News\" \/>\n<meta name=\"twitter:label1\" content=\"Escrito por\" \/>\n\t<meta name=\"twitter:data1\" content=\"Gabriel Sales\" \/>\n\t<meta name=\"twitter:label2\" content=\"Tiempo de lectura\" \/>\n\t<meta name=\"twitter:data2\" content=\"4 minutos\" \/>\n<script type=\"application\/ld+json\" class=\"yoast-schema-graph\">{\"@context\":\"https:\\\/\\\/schema.org\",\"@graph\":[{\"@type\":\"Article\",\"@id\":\"https:\\\/\\\/exaudi.org\\\/es\\\/ii-encuentro-internacional-catolicos-responsabilidades-politicas\\\/#article\",\"isPartOf\":{\"@id\":\"https:\\\/\\\/exaudi.org\\\/es\\\/ii-encuentro-internacional-catolicos-responsabilidades-politicas\\\/\"},\"author\":{\"name\":\"Gabriel Sales\",\"@id\":\"https:\\\/\\\/exaudi.org\\\/#\\\/schema\\\/person\\\/d134b96438278131ce90c90c03fda6cd\"},\"headline\":\"II Encuentro Internacional de cat\u00f3licos con responsabilidades pol\u00edticas\",\"datePublished\":\"2021-06-28T08:27:19+00:00\",\"dateModified\":\"2021-06-28T15:18:31+00:00\",\"mainEntityOfPage\":{\"@id\":\"https:\\\/\\\/exaudi.org\\\/es\\\/ii-encuentro-internacional-catolicos-responsabilidades-politicas\\\/\"},\"wordCount\":868,\"image\":{\"@id\":\"https:\\\/\\\/exaudi.org\\\/es\\\/ii-encuentro-internacional-catolicos-responsabilidades-politicas\\\/#primaryimage\"},\"thumbnailUrl\":\"https:\\\/\\\/exaudi.org\\\/wp-content\\\/uploads\\\/2021\\\/06\\\/b56bb.jpg\",\"keywords\":[\"Academia Latinoamericana de L\u00edderes Cat\u00f3licos\",\"Archidi\u00f3cesis de Madrid\",\"Cardenal Carlos Osoro Sierra\"],\"articleSection\":[\"Iglesia Local\",\"\u00daltimas noticias\"],\"inLanguage\":\"es\"},{\"@type\":\"WebPage\",\"@id\":\"https:\\\/\\\/exaudi.org\\\/es\\\/ii-encuentro-internacional-catolicos-responsabilidades-politicas\\\/\",\"url\":\"https:\\\/\\\/exaudi.org\\\/es\\\/ii-encuentro-internacional-catolicos-responsabilidades-politicas\\\/\",\"name\":\"II Encuentro Internacional de cat\u00f3licos con responsabilidades pol\u00edticas\",\"isPartOf\":{\"@id\":\"https:\\\/\\\/exaudi.org\\\/#website\"},\"primaryImageOfPage\":{\"@id\":\"https:\\\/\\\/exaudi.org\\\/es\\\/ii-encuentro-internacional-catolicos-responsabilidades-politicas\\\/#primaryimage\"},\"image\":{\"@id\":\"https:\\\/\\\/exaudi.org\\\/es\\\/ii-encuentro-internacional-catolicos-responsabilidades-politicas\\\/#primaryimage\"},\"thumbnailUrl\":\"https:\\\/\\\/exaudi.org\\\/wp-content\\\/uploads\\\/2021\\\/06\\\/b56bb.jpg\",\"datePublished\":\"2021-06-28T08:27:19+00:00\",\"dateModified\":\"2021-06-28T15:18:31+00:00\",\"author\":{\"@id\":\"https:\\\/\\\/exaudi.org\\\/#\\\/schema\\\/person\\\/d134b96438278131ce90c90c03fda6cd\"},\"description\":\"Del 3 al 5 de septiembre de 2021 tendr\u00e1 lugar en Madrid, Espa\u00f1a, el II Encuentro Internacional de cat\u00f3licos con responsabilidades pol\u00edticas.\",\"breadcrumb\":{\"@id\":\"https:\\\/\\\/exaudi.org\\\/es\\\/ii-encuentro-internacional-catolicos-responsabilidades-politicas\\\/#breadcrumb\"},\"inLanguage\":\"es\",\"potentialAction\":[{\"@type\":\"ReadAction\",\"target\":[\"https:\\\/\\\/exaudi.org\\\/es\\\/ii-encuentro-internacional-catolicos-responsabilidades-politicas\\\/\"]}]},{\"@type\":\"ImageObject\",\"inLanguage\":\"es\",\"@id\":\"https:\\\/\\\/exaudi.org\\\/es\\\/ii-encuentro-internacional-catolicos-responsabilidades-politicas\\\/#primaryimage\",\"url\":\"https:\\\/\\\/exaudi.org\\\/wp-content\\\/uploads\\\/2021\\\/06\\\/b56bb.jpg\",\"contentUrl\":\"https:\\\/\\\/exaudi.org\\\/wp-content\\\/uploads\\\/2021\\\/06\\\/b56bb.jpg\",\"width\":1030,\"height\":600,\"caption\":\"Reuni\u00f3n previa al encuentro de l\u00edderes cat\u00f3licos \u00a9 Academia de L\u00edderes Cat\u00f3licos\"},{\"@type\":\"BreadcrumbList\",\"@id\":\"https:\\\/\\\/exaudi.org\\\/es\\\/ii-encuentro-internacional-catolicos-responsabilidades-politicas\\\/#breadcrumb\",\"itemListElement\":[{\"@type\":\"ListItem\",\"position\":1,\"name\":\"Portada\",\"item\":\"https:\\\/\\\/exaudi.org\\\/es\\\/\"},{\"@type\":\"ListItem\",\"position\":2,\"name\":\"II Encuentro Internacional de cat\u00f3licos con responsabilidades pol\u00edticas\"}]},{\"@type\":\"WebSite\",\"@id\":\"https:\\\/\\\/exaudi.org\\\/#website\",\"url\":\"https:\\\/\\\/exaudi.org\\\/\",\"name\":\"Exaudi\",\"description\":\"News\",\"potentialAction\":[{\"@type\":\"SearchAction\",\"target\":{\"@type\":\"EntryPoint\",\"urlTemplate\":\"https:\\\/\\\/exaudi.org\\\/?s={search_term_string}\"},\"query-input\":{\"@type\":\"PropertyValueSpecification\",\"valueRequired\":true,\"valueName\":\"search_term_string\"}}],\"inLanguage\":\"es\"},{\"@type\":\"Person\",\"@id\":\"https:\\\/\\\/exaudi.org\\\/#\\\/schema\\\/person\\\/d134b96438278131ce90c90c03fda6cd\",\"name\":\"Gabriel Sales\",\"image\":{\"@type\":\"ImageObject\",\"inLanguage\":\"es\",\"@id\":\"https:\\\/\\\/secure.gravatar.com\\\/avatar\\\/9b1269566f6a063ed26ffb3532b66a373cdde231ce5d0effb266167437fdaffd?s=96&d=mm&r=g\",\"url\":\"https:\\\/\\\/secure.gravatar.com\\\/avatar\\\/9b1269566f6a063ed26ffb3532b66a373cdde231ce5d0effb266167437fdaffd?s=96&d=mm&r=g\",\"contentUrl\":\"https:\\\/\\\/secure.gravatar.com\\\/avatar\\\/9b1269566f6a063ed26ffb3532b66a373cdde231ce5d0effb266167437fdaffd?s=96&d=mm&r=g\",\"caption\":\"Gabriel Sales\"},\"description\":\"Periodista y especialista en Comunicaci\u00f3n y Branding digital. Cin\u00e9filo y cr\u00edtico de cine y series de televisi\u00f3n.\",\"sameAs\":[\"https:\\\/\\\/www.instagram.com\\\/cine90segundos\\\/\",\"www.linkedin.com\\\/in\\\/habemusman\",\"https:\\\/\\\/x.com\\\/habemusman\",\"https:\\\/\\\/www.youtube.com\\\/channel\\\/UCVfCiOMkJ_C7T7OpyjuaLDg\"],\"url\":\"https:\\\/\\\/exaudi.org\\\/es\\\/author\\\/gsalesexaudi-org\\\/\"}]}<\/script>\n<!-- \/ Yoast SEO plugin. -->","yoast_head_json":{"title":"II Encuentro Internacional de cat\u00f3licos con responsabilidades pol\u00edticas","description":"Del 3 al 5 de septiembre de 2021 tendr\u00e1 lugar en Madrid, Espa\u00f1a, el II Encuentro Internacional de cat\u00f3licos con responsabilidades pol\u00edticas.","robots":{"index":"index","follow":"follow","max-snippet":"max-snippet:-1","max-image-preview":"max-image-preview:large","max-video-preview":"max-video-preview:-1"},"canonical":"https:\/\/exaudi.org\/es\/ii-encuentro-internacional-catolicos-responsabilidades-politicas\/","og_locale":"es_ES","og_type":"article","og_title":"II Encuentro Internacional de cat\u00f3licos con responsabilidades pol\u00edticas","og_description":"Del 3 al 5 de septiembre de 2021 tendr\u00e1 lugar en Madrid, Espa\u00f1a, el II Encuentro Internacional de cat\u00f3licos con responsabilidades pol\u00edticas.","og_url":"https:\/\/exaudi.org\/es\/ii-encuentro-internacional-catolicos-responsabilidades-politicas\/","og_site_name":"Exaudi","article_publisher":"https:\/\/www.facebook.com\/ExaudiNews","article_published_time":"2021-06-28T08:27:19+00:00","article_modified_time":"2021-06-28T15:18:31+00:00","og_image":[{"width":1030,"height":600,"url":"https:\/\/exaudi.org\/wp-content\/uploads\/2021\/06\/b56bb.jpg","type":"image\/jpeg"}],"author":"Gabriel Sales","twitter_card":"summary_large_image","twitter_creator":"@habemusman","twitter_site":"@Exaudi_News","twitter_misc":{"Escrito por":"Gabriel Sales","Tiempo de lectura":"4 minutos"},"schema":{"@context":"https:\/\/schema.org","@graph":[{"@type":"Article","@id":"https:\/\/exaudi.org\/es\/ii-encuentro-internacional-catolicos-responsabilidades-politicas\/#article","isPartOf":{"@id":"https:\/\/exaudi.org\/es\/ii-encuentro-internacional-catolicos-responsabilidades-politicas\/"},"author":{"name":"Gabriel Sales","@id":"https:\/\/exaudi.org\/#\/schema\/person\/d134b96438278131ce90c90c03fda6cd"},"headline":"II Encuentro Internacional de cat\u00f3licos con responsabilidades pol\u00edticas","datePublished":"2021-06-28T08:27:19+00:00","dateModified":"2021-06-28T15:18:31+00:00","mainEntityOfPage":{"@id":"https:\/\/exaudi.org\/es\/ii-encuentro-internacional-catolicos-responsabilidades-politicas\/"},"wordCount":868,"image":{"@id":"https:\/\/exaudi.org\/es\/ii-encuentro-internacional-catolicos-responsabilidades-politicas\/#primaryimage"},"thumbnailUrl":"https:\/\/exaudi.org\/wp-content\/uploads\/2021\/06\/b56bb.jpg","keywords":["Academia Latinoamericana de L\u00edderes Cat\u00f3licos","Archidi\u00f3cesis de Madrid","Cardenal Carlos Osoro Sierra"],"articleSection":["Iglesia Local","\u00daltimas noticias"],"inLanguage":"es"},{"@type":"WebPage","@id":"https:\/\/exaudi.org\/es\/ii-encuentro-internacional-catolicos-responsabilidades-politicas\/","url":"https:\/\/exaudi.org\/es\/ii-encuentro-internacional-catolicos-responsabilidades-politicas\/","name":"II Encuentro Internacional de cat\u00f3licos con responsabilidades pol\u00edticas","isPartOf":{"@id":"https:\/\/exaudi.org\/#website"},"primaryImageOfPage":{"@id":"https:\/\/exaudi.org\/es\/ii-encuentro-internacional-catolicos-responsabilidades-politicas\/#primaryimage"},"image":{"@id":"https:\/\/exaudi.org\/es\/ii-encuentro-internacional-catolicos-responsabilidades-politicas\/#primaryimage"},"thumbnailUrl":"https:\/\/exaudi.org\/wp-content\/uploads\/2021\/06\/b56bb.jpg","datePublished":"2021-06-28T08:27:19+00:00","dateModified":"2021-06-28T15:18:31+00:00","author":{"@id":"https:\/\/exaudi.org\/#\/schema\/person\/d134b96438278131ce90c90c03fda6cd"},"description":"Del 3 al 5 de septiembre de 2021 tendr\u00e1 lugar en Madrid, Espa\u00f1a, el II Encuentro Internacional de cat\u00f3licos con responsabilidades pol\u00edticas.","breadcrumb":{"@id":"https:\/\/exaudi.org\/es\/ii-encuentro-internacional-catolicos-responsabilidades-politicas\/#breadcrumb"},"inLanguage":"es","potentialAction":[{"@type":"ReadAction","target":["https:\/\/exaudi.org\/es\/ii-encuentro-internacional-catolicos-responsabilidades-politicas\/"]}]},{"@type":"ImageObject","inLanguage":"es","@id":"https:\/\/exaudi.org\/es\/ii-encuentro-internacional-catolicos-responsabilidades-politicas\/#primaryimage","url":"https:\/\/exaudi.org\/wp-content\/uploads\/2021\/06\/b56bb.jpg","contentUrl":"https:\/\/exaudi.org\/wp-content\/uploads\/2021\/06\/b56bb.jpg","width":1030,"height":600,"caption":"Reuni\u00f3n previa al encuentro de l\u00edderes cat\u00f3licos \u00a9 Academia de L\u00edderes Cat\u00f3licos"},{"@type":"BreadcrumbList","@id":"https:\/\/exaudi.org\/es\/ii-encuentro-internacional-catolicos-responsabilidades-politicas\/#breadcrumb","itemListElement":[{"@type":"ListItem","position":1,"name":"Portada","item":"https:\/\/exaudi.org\/es\/"},{"@type":"ListItem","position":2,"name":"II Encuentro Internacional de cat\u00f3licos con responsabilidades pol\u00edticas"}]},{"@type":"WebSite","@id":"https:\/\/exaudi.org\/#website","url":"https:\/\/exaudi.org\/","name":"Exaudi","description":"News","potentialAction":[{"@type":"SearchAction","target":{"@type":"EntryPoint","urlTemplate":"https:\/\/exaudi.org\/?s={search_term_string}"},"query-input":{"@type":"PropertyValueSpecification","valueRequired":true,"valueName":"search_term_string"}}],"inLanguage":"es"},{"@type":"Person","@id":"https:\/\/exaudi.org\/#\/schema\/person\/d134b96438278131ce90c90c03fda6cd","name":"Gabriel Sales","image":{"@type":"ImageObject","inLanguage":"es","@id":"https:\/\/secure.gravatar.com\/avatar\/9b1269566f6a063ed26ffb3532b66a373cdde231ce5d0effb266167437fdaffd?s=96&d=mm&r=g","url":"https:\/\/secure.gravatar.com\/avatar\/9b1269566f6a063ed26ffb3532b66a373cdde231ce5d0effb266167437fdaffd?s=96&d=mm&r=g","contentUrl":"https:\/\/secure.gravatar.com\/avatar\/9b1269566f6a063ed26ffb3532b66a373cdde231ce5d0effb266167437fdaffd?s=96&d=mm&r=g","caption":"Gabriel Sales"},"description":"Periodista y especialista en Comunicaci\u00f3n y Branding digital. Cin\u00e9filo y cr\u00edtico de cine y series de televisi\u00f3n.","sameAs":["https:\/\/www.instagram.com\/cine90segundos\/","www.linkedin.com\/in\/habemusman","https:\/\/x.com\/habemusman","https:\/\/www.youtube.com\/channel\/UCVfCiOMkJ_C7T7OpyjuaLDg"],"url":"https:\/\/exaudi.org\/es\/author\/gsalesexaudi-org\/"}]}},"jetpack_featured_media_url":"https:\/\/exaudi.org\/wp-content\/uploads\/2021\/06\/b56bb.jpg","jetpack_shortlink":"https:\/\/wp.me\/pgKjF2-6pg","_links":{"self":[{"href":"https:\/\/exaudi.org\/es\/wp-json\/wp\/v2\/posts\/24630","targetHints":{"allow":["GET"]}}],"collection":[{"href":"https:\/\/exaudi.org\/es\/wp-json\/wp\/v2\/posts"}],"about":[{"href":"https:\/\/exaudi.org\/es\/wp-json\/wp\/v2\/types\/post"}],"author":[{"embeddable":true,"href":"https:\/\/exaudi.org\/es\/wp-json\/wp\/v2\/users\/6"}],"replies":[{"embeddable":true,"href":"https:\/\/exaudi.org\/es\/wp-json\/wp\/v2\/comments?post=24630"}],"version-history":[{"count":0,"href":"https:\/\/exaudi.org\/es\/wp-json\/wp\/v2\/posts\/24630\/revisions"}],"wp:featuredmedia":[{"embeddable":true,"href":"https:\/\/exaudi.org\/es\/wp-json\/wp\/v2\/media\/24643"}],"wp:attachment":[{"href":"https:\/\/exaudi.org\/es\/wp-json\/wp\/v2\/media?parent=24630"}],"wp:term":[{"taxonomy":"category","embeddable":true,"href":"https:\/\/exaudi.org\/es\/wp-json\/wp\/v2\/categories?post=24630"},{"taxonomy":"post_tag","embeddable":true,"href":"https:\/\/exaudi.org\/es\/wp-json\/wp\/v2\/tags?post=24630"}],"curies":[{"name":"wp","href":"https:\/\/api.w.org\/{rel}","templated":true}]}}