{"id":24323,"date":"2021-06-25T15:25:20","date_gmt":"2021-06-25T13:25:20","guid":{"rendered":"https:\/\/exaudi.org\/?p=24323"},"modified":"2021-06-28T08:40:11","modified_gmt":"2021-06-28T06:40:11","slug":"consejo-cardenales-pandemia-sinodalidad-economia","status":"publish","type":"post","link":"https:\/\/exaudi.org\/es\/consejo-cardenales-pandemia-sinodalidad-economia\/","title":{"rendered":"Consejo de cardenales: Pandemia, sinodalidad y econom\u00eda"},"content":{"rendered":"<p>La Oficina de Prensa de la Santa Sede ha informado que, a las 16 horas de ayer, jueves 24 de junio de 2021, se llev\u00f3 a cabo un encuentro del Consejo de Cardenales, desarrollado en l\u00ednea debido a la actual situaci\u00f3n sanitaria y en el que se abord\u00f3 la situaci\u00f3n actual de los distintos continentes respecto a la pandemia de COVID-19, se reflexion\u00f3 sobre la sinodalidad y se habl\u00f3 de la actual sostenibilidad en la econom\u00eda vaticana.<\/p>\n<p>Los miembros de esta estructura creada en 2013 para ayudar al Santo Padre en la reforma de la Curia Romana se conectaron desde sus respectivos pa\u00edses de residencia. Tal es el caso de los cardenales \u00d3scar A. Rodr\u00edguez Maradiaga, Reinhard Marx, Sean Patrick O&#8217;Malley, Oswald Gracias y Fridolin Ambongo Besungu. Desde el Vaticano hicieron el cardenal Giuseppe Bertello y el secretario del Consejo, Mons. Marco Mellino. El Papa Francisco sigui\u00f3 los trabajos desde la Casa Santa Marta, mientras que el cardenal Pietro Parolin no pudo asistir debido a compromisos previos.<\/p>\n<p>Tras unas palabras de saludo del Santo Padre, los purpurados describieron en breve la situaci\u00f3n actual de la crisis sanitaria. En este contexto, el cardenal Gracias agradeci\u00f3 al Pont\u00edfice sus palabras y <a href=\"https:\/\/exaudi.org\/es\/myanmar-arzobispo-de-mandalay-agradece-apoyo-del-papa\/\" target=\"_blank\" rel=\"noopener noreferrer\">su cercan\u00eda a la dolorosa situaci\u00f3n de Myanmar.<\/a> Al tomar de nuevo la palabra, el Papa reiter\u00f3 la importancia de los caminos sinodales en curso a nivel diocesano y nacional, y c\u00f3mo deben reflejarse en el movimiento m\u00e1s amplio iniciado por la Secretar\u00eda del S\u00ednodo de los Obispos en las \u00faltimas semanas.<\/p>\n<p>Por \u00faltimo, se expres\u00f3 satisfacci\u00f3n por el <a href=\"https:\/\/exaudi.org\/es\/vaticano-informe-moneyval-evaluacion-positiva\/\" target=\"_blank\" rel=\"noopener noreferrer\">reciente informe de <em>Moneyval<\/em><\/a> y los progresos realizados en la supervisi\u00f3n econ\u00f3mica y financiera de la Santa Sede. La reuni\u00f3n finaliz\u00f3 a las 18 horas, actualiz\u00e1ndose hasta la pr\u00f3xima cita, prevista para el mes de septiembre.<\/p>\n<h4><strong>Reuni\u00f3n en mayo<\/strong><\/h4>\n<p>El pasado 6 de mayo se llev\u00f3 a cabo un encuentro del Consejo, desarrollado tambi\u00e9n de forma online, en el que se reflexion\u00f3 sobre las consecuencias de la pandemia y la nueva Constituci\u00f3n Apost\u00f3lica en torno a la Reforma de la Curia.<\/p>\n<p>Los cardenales tambi\u00e9n debatieron sobre la metodolog\u00eda de trabajo que deber\u00e1 aplicarse para la revisi\u00f3n y correcci\u00f3n de algunos textos normativos tras la futura entrada en vigor de la pr\u00f3xima Constituci\u00f3n Apost\u00f3lica, as\u00ed como sobre las nuevas perspectivas que abre el texto que se est\u00e1 redactando.<\/p>\n<p>Esta nueva Constituci\u00f3n Apost\u00f3lica, sobre la reforma de la Curia Romana, cuyo t\u00edtulo provisional es\u00a0<em><a href=\"https:\/\/es.zenit.org\/articles\/consejo-de-cardenales-comienzan-las-consultas-sobre-la-nueva-constitucion-apostolica\/\">Praedicate evangelium<\/a>,\u00a0<\/em>est\u00e1 llamada a sustituir a la actual\u00a0<a href=\"https:\/\/www.vatican.va\/content\/john-paul-ii\/es\/apost_constitutions\/documents\/hf_jp-ii_apc_19880628_pastor-bonus.html\">Constituci\u00f3n Apost\u00f3lica\u00a0<em>Pastor Bonus<\/em><\/a>\u00a0de Juan Pablo II, en vigor desde el 28 de junio de 1988. El pr\u00f3ximo encuentro del Consejo de Cardenales est\u00e1 previsto para el mes de junio.<\/p>\n","protected":false},"excerpt":{"rendered":"<p>El Papa se conect\u00f3 desde Casa Santa Marta<\/p>\n","protected":false},"author":6,"featured_media":24336,"comment_status":"closed","ping_status":"closed","sticky":false,"template":"","format":"standard","meta":{"_acf_changed":false,"_crdt_document":"","inline_featured_image":false,"footnotes":""},"categories":[68,298],"tags":[2185,541,730],"class_list":["post-24323","post","type-post","status-publish","format-standard","has-post-thumbnail","hentry","category-leon-xiv","category-ultimas-noticias","tag-consejo-de-cardenales","tag-covid-19","tag-pandemia-es"],"acf":[],"yoast_head":"<!-- This site is optimized with the Yoast SEO plugin v27.5 - https:\/\/yoast.com\/product\/yoast-seo-wordpress\/ -->\n<title>Consejo de cardenales: Pandemia, sinodalidad y econom\u00eda - Exaudi<\/title>\n<meta name=\"description\" content=\"En el \u00faltimo Consejo de cardenales se reflexion\u00f3 sobre la situaci\u00f3n de la pandemia por COVID, la sinodalidad y la econom\u00eda vaticana.\" \/>\n<meta name=\"robots\" content=\"index, follow, max-snippet:-1, max-image-preview:large, max-video-preview:-1\" \/>\n<link rel=\"canonical\" href=\"https:\/\/exaudi.org\/es\/consejo-cardenales-pandemia-sinodalidad-economia\/\" \/>\n<meta property=\"og:locale\" content=\"es_ES\" \/>\n<meta property=\"og:type\" content=\"article\" \/>\n<meta property=\"og:title\" content=\"Consejo de cardenales: Pandemia, sinodalidad y econom\u00eda - Exaudi\" \/>\n<meta property=\"og:description\" content=\"En el \u00faltimo Consejo de cardenales se reflexion\u00f3 sobre la situaci\u00f3n de la pandemia por COVID, la sinodalidad y la econom\u00eda vaticana.\" \/>\n<meta property=\"og:url\" content=\"https:\/\/exaudi.org\/es\/consejo-cardenales-pandemia-sinodalidad-economia\/\" \/>\n<meta property=\"og:site_name\" content=\"Exaudi\" \/>\n<meta property=\"article:publisher\" content=\"https:\/\/www.facebook.com\/ExaudiNews\" \/>\n<meta property=\"article:published_time\" content=\"2021-06-25T13:25:20+00:00\" \/>\n<meta property=\"article:modified_time\" content=\"2021-06-28T06:40:11+00:00\" \/>\n<meta property=\"og:image\" content=\"https:\/\/exaudi.org\/wp-content\/uploads\/2021\/06\/12v312v3.jpeg\" \/>\n\t<meta property=\"og:image:width\" content=\"727\" \/>\n\t<meta property=\"og:image:height\" content=\"409\" \/>\n\t<meta property=\"og:image:type\" content=\"image\/jpeg\" \/>\n<meta name=\"author\" content=\"Gabriel Sales\" \/>\n<meta name=\"twitter:card\" content=\"summary_large_image\" \/>\n<meta name=\"twitter:creator\" content=\"@habemusman\" \/>\n<meta name=\"twitter:site\" content=\"@Exaudi_News\" \/>\n<meta name=\"twitter:label1\" content=\"Escrito por\" \/>\n\t<meta name=\"twitter:data1\" content=\"Gabriel Sales\" \/>\n\t<meta name=\"twitter:label2\" content=\"Tiempo de lectura\" \/>\n\t<meta name=\"twitter:data2\" content=\"2 minutos\" \/>\n<script type=\"application\/ld+json\" class=\"yoast-schema-graph\">{\"@context\":\"https:\\\/\\\/schema.org\",\"@graph\":[{\"@type\":\"Article\",\"@id\":\"https:\\\/\\\/exaudi.org\\\/es\\\/consejo-cardenales-pandemia-sinodalidad-economia\\\/#article\",\"isPartOf\":{\"@id\":\"https:\\\/\\\/exaudi.org\\\/es\\\/consejo-cardenales-pandemia-sinodalidad-economia\\\/\"},\"author\":{\"name\":\"Gabriel Sales\",\"@id\":\"https:\\\/\\\/exaudi.org\\\/#\\\/schema\\\/person\\\/d134b96438278131ce90c90c03fda6cd\"},\"headline\":\"Consejo de cardenales: Pandemia, sinodalidad y econom\u00eda\",\"datePublished\":\"2021-06-25T13:25:20+00:00\",\"dateModified\":\"2021-06-28T06:40:11+00:00\",\"mainEntityOfPage\":{\"@id\":\"https:\\\/\\\/exaudi.org\\\/es\\\/consejo-cardenales-pandemia-sinodalidad-economia\\\/\"},\"wordCount\":478,\"image\":{\"@id\":\"https:\\\/\\\/exaudi.org\\\/es\\\/consejo-cardenales-pandemia-sinodalidad-economia\\\/#primaryimage\"},\"thumbnailUrl\":\"https:\\\/\\\/exaudi.org\\\/wp-content\\\/uploads\\\/2021\\\/06\\\/12v312v3.jpeg\",\"keywords\":[\"Consejo de Cardenales\",\"COVID-19\",\"pandemia\"],\"articleSection\":[\"Le\u00f3n XIV\",\"\u00daltimas noticias\"],\"inLanguage\":\"es\"},{\"@type\":\"WebPage\",\"@id\":\"https:\\\/\\\/exaudi.org\\\/es\\\/consejo-cardenales-pandemia-sinodalidad-economia\\\/\",\"url\":\"https:\\\/\\\/exaudi.org\\\/es\\\/consejo-cardenales-pandemia-sinodalidad-economia\\\/\",\"name\":\"Consejo de cardenales: Pandemia, sinodalidad y econom\u00eda - Exaudi\",\"isPartOf\":{\"@id\":\"https:\\\/\\\/exaudi.org\\\/#website\"},\"primaryImageOfPage\":{\"@id\":\"https:\\\/\\\/exaudi.org\\\/es\\\/consejo-cardenales-pandemia-sinodalidad-economia\\\/#primaryimage\"},\"image\":{\"@id\":\"https:\\\/\\\/exaudi.org\\\/es\\\/consejo-cardenales-pandemia-sinodalidad-economia\\\/#primaryimage\"},\"thumbnailUrl\":\"https:\\\/\\\/exaudi.org\\\/wp-content\\\/uploads\\\/2021\\\/06\\\/12v312v3.jpeg\",\"datePublished\":\"2021-06-25T13:25:20+00:00\",\"dateModified\":\"2021-06-28T06:40:11+00:00\",\"author\":{\"@id\":\"https:\\\/\\\/exaudi.org\\\/#\\\/schema\\\/person\\\/d134b96438278131ce90c90c03fda6cd\"},\"description\":\"En el \u00faltimo Consejo de cardenales se reflexion\u00f3 sobre la situaci\u00f3n de la pandemia por COVID, la sinodalidad y la econom\u00eda vaticana.\",\"breadcrumb\":{\"@id\":\"https:\\\/\\\/exaudi.org\\\/es\\\/consejo-cardenales-pandemia-sinodalidad-economia\\\/#breadcrumb\"},\"inLanguage\":\"es\",\"potentialAction\":[{\"@type\":\"ReadAction\",\"target\":[\"https:\\\/\\\/exaudi.org\\\/es\\\/consejo-cardenales-pandemia-sinodalidad-economia\\\/\"]}]},{\"@type\":\"ImageObject\",\"inLanguage\":\"es\",\"@id\":\"https:\\\/\\\/exaudi.org\\\/es\\\/consejo-cardenales-pandemia-sinodalidad-economia\\\/#primaryimage\",\"url\":\"https:\\\/\\\/exaudi.org\\\/wp-content\\\/uploads\\\/2021\\\/06\\\/12v312v3.jpeg\",\"contentUrl\":\"https:\\\/\\\/exaudi.org\\\/wp-content\\\/uploads\\\/2021\\\/06\\\/12v312v3.jpeg\",\"width\":727,\"height\":409,\"caption\":\"Consejo de Cardenales \u00a9 Vatican Media\"},{\"@type\":\"BreadcrumbList\",\"@id\":\"https:\\\/\\\/exaudi.org\\\/es\\\/consejo-cardenales-pandemia-sinodalidad-economia\\\/#breadcrumb\",\"itemListElement\":[{\"@type\":\"ListItem\",\"position\":1,\"name\":\"Portada\",\"item\":\"https:\\\/\\\/exaudi.org\\\/es\\\/\"},{\"@type\":\"ListItem\",\"position\":2,\"name\":\"Consejo de cardenales: Pandemia, sinodalidad y econom\u00eda\"}]},{\"@type\":\"WebSite\",\"@id\":\"https:\\\/\\\/exaudi.org\\\/#website\",\"url\":\"https:\\\/\\\/exaudi.org\\\/\",\"name\":\"Exaudi\",\"description\":\"News\",\"potentialAction\":[{\"@type\":\"SearchAction\",\"target\":{\"@type\":\"EntryPoint\",\"urlTemplate\":\"https:\\\/\\\/exaudi.org\\\/?s={search_term_string}\"},\"query-input\":{\"@type\":\"PropertyValueSpecification\",\"valueRequired\":true,\"valueName\":\"search_term_string\"}}],\"inLanguage\":\"es\"},{\"@type\":\"Person\",\"@id\":\"https:\\\/\\\/exaudi.org\\\/#\\\/schema\\\/person\\\/d134b96438278131ce90c90c03fda6cd\",\"name\":\"Gabriel Sales\",\"image\":{\"@type\":\"ImageObject\",\"inLanguage\":\"es\",\"@id\":\"https:\\\/\\\/secure.gravatar.com\\\/avatar\\\/9b1269566f6a063ed26ffb3532b66a373cdde231ce5d0effb266167437fdaffd?s=96&d=mm&r=g\",\"url\":\"https:\\\/\\\/secure.gravatar.com\\\/avatar\\\/9b1269566f6a063ed26ffb3532b66a373cdde231ce5d0effb266167437fdaffd?s=96&d=mm&r=g\",\"contentUrl\":\"https:\\\/\\\/secure.gravatar.com\\\/avatar\\\/9b1269566f6a063ed26ffb3532b66a373cdde231ce5d0effb266167437fdaffd?s=96&d=mm&r=g\",\"caption\":\"Gabriel Sales\"},\"description\":\"Periodista y especialista en Comunicaci\u00f3n y Branding digital. Cin\u00e9filo y cr\u00edtico de cine y series de televisi\u00f3n.\",\"sameAs\":[\"https:\\\/\\\/www.instagram.com\\\/cine90segundos\\\/\",\"www.linkedin.com\\\/in\\\/habemusman\",\"https:\\\/\\\/x.com\\\/habemusman\",\"https:\\\/\\\/www.youtube.com\\\/channel\\\/UCVfCiOMkJ_C7T7OpyjuaLDg\"],\"url\":\"https:\\\/\\\/exaudi.org\\\/es\\\/author\\\/gsalesexaudi-org\\\/\"}]}<\/script>\n<!-- \/ Yoast SEO plugin. -->","yoast_head_json":{"title":"Consejo de cardenales: Pandemia, sinodalidad y econom\u00eda - Exaudi","description":"En el \u00faltimo Consejo de cardenales se reflexion\u00f3 sobre la situaci\u00f3n de la pandemia por COVID, la sinodalidad y la econom\u00eda vaticana.","robots":{"index":"index","follow":"follow","max-snippet":"max-snippet:-1","max-image-preview":"max-image-preview:large","max-video-preview":"max-video-preview:-1"},"canonical":"https:\/\/exaudi.org\/es\/consejo-cardenales-pandemia-sinodalidad-economia\/","og_locale":"es_ES","og_type":"article","og_title":"Consejo de cardenales: Pandemia, sinodalidad y econom\u00eda - Exaudi","og_description":"En el \u00faltimo Consejo de cardenales se reflexion\u00f3 sobre la situaci\u00f3n de la pandemia por COVID, la sinodalidad y la econom\u00eda vaticana.","og_url":"https:\/\/exaudi.org\/es\/consejo-cardenales-pandemia-sinodalidad-economia\/","og_site_name":"Exaudi","article_publisher":"https:\/\/www.facebook.com\/ExaudiNews","article_published_time":"2021-06-25T13:25:20+00:00","article_modified_time":"2021-06-28T06:40:11+00:00","og_image":[{"width":727,"height":409,"url":"https:\/\/exaudi.org\/wp-content\/uploads\/2021\/06\/12v312v3.jpeg","type":"image\/jpeg"}],"author":"Gabriel Sales","twitter_card":"summary_large_image","twitter_creator":"@habemusman","twitter_site":"@Exaudi_News","twitter_misc":{"Escrito por":"Gabriel Sales","Tiempo de lectura":"2 minutos"},"schema":{"@context":"https:\/\/schema.org","@graph":[{"@type":"Article","@id":"https:\/\/exaudi.org\/es\/consejo-cardenales-pandemia-sinodalidad-economia\/#article","isPartOf":{"@id":"https:\/\/exaudi.org\/es\/consejo-cardenales-pandemia-sinodalidad-economia\/"},"author":{"name":"Gabriel Sales","@id":"https:\/\/exaudi.org\/#\/schema\/person\/d134b96438278131ce90c90c03fda6cd"},"headline":"Consejo de cardenales: Pandemia, sinodalidad y econom\u00eda","datePublished":"2021-06-25T13:25:20+00:00","dateModified":"2021-06-28T06:40:11+00:00","mainEntityOfPage":{"@id":"https:\/\/exaudi.org\/es\/consejo-cardenales-pandemia-sinodalidad-economia\/"},"wordCount":478,"image":{"@id":"https:\/\/exaudi.org\/es\/consejo-cardenales-pandemia-sinodalidad-economia\/#primaryimage"},"thumbnailUrl":"https:\/\/exaudi.org\/wp-content\/uploads\/2021\/06\/12v312v3.jpeg","keywords":["Consejo de Cardenales","COVID-19","pandemia"],"articleSection":["Le\u00f3n XIV","\u00daltimas noticias"],"inLanguage":"es"},{"@type":"WebPage","@id":"https:\/\/exaudi.org\/es\/consejo-cardenales-pandemia-sinodalidad-economia\/","url":"https:\/\/exaudi.org\/es\/consejo-cardenales-pandemia-sinodalidad-economia\/","name":"Consejo de cardenales: Pandemia, sinodalidad y econom\u00eda - Exaudi","isPartOf":{"@id":"https:\/\/exaudi.org\/#website"},"primaryImageOfPage":{"@id":"https:\/\/exaudi.org\/es\/consejo-cardenales-pandemia-sinodalidad-economia\/#primaryimage"},"image":{"@id":"https:\/\/exaudi.org\/es\/consejo-cardenales-pandemia-sinodalidad-economia\/#primaryimage"},"thumbnailUrl":"https:\/\/exaudi.org\/wp-content\/uploads\/2021\/06\/12v312v3.jpeg","datePublished":"2021-06-25T13:25:20+00:00","dateModified":"2021-06-28T06:40:11+00:00","author":{"@id":"https:\/\/exaudi.org\/#\/schema\/person\/d134b96438278131ce90c90c03fda6cd"},"description":"En el \u00faltimo Consejo de cardenales se reflexion\u00f3 sobre la situaci\u00f3n de la pandemia por COVID, la sinodalidad y la econom\u00eda vaticana.","breadcrumb":{"@id":"https:\/\/exaudi.org\/es\/consejo-cardenales-pandemia-sinodalidad-economia\/#breadcrumb"},"inLanguage":"es","potentialAction":[{"@type":"ReadAction","target":["https:\/\/exaudi.org\/es\/consejo-cardenales-pandemia-sinodalidad-economia\/"]}]},{"@type":"ImageObject","inLanguage":"es","@id":"https:\/\/exaudi.org\/es\/consejo-cardenales-pandemia-sinodalidad-economia\/#primaryimage","url":"https:\/\/exaudi.org\/wp-content\/uploads\/2021\/06\/12v312v3.jpeg","contentUrl":"https:\/\/exaudi.org\/wp-content\/uploads\/2021\/06\/12v312v3.jpeg","width":727,"height":409,"caption":"Consejo de Cardenales \u00a9 Vatican Media"},{"@type":"BreadcrumbList","@id":"https:\/\/exaudi.org\/es\/consejo-cardenales-pandemia-sinodalidad-economia\/#breadcrumb","itemListElement":[{"@type":"ListItem","position":1,"name":"Portada","item":"https:\/\/exaudi.org\/es\/"},{"@type":"ListItem","position":2,"name":"Consejo de cardenales: Pandemia, sinodalidad y econom\u00eda"}]},{"@type":"WebSite","@id":"https:\/\/exaudi.org\/#website","url":"https:\/\/exaudi.org\/","name":"Exaudi","description":"News","potentialAction":[{"@type":"SearchAction","target":{"@type":"EntryPoint","urlTemplate":"https:\/\/exaudi.org\/?s={search_term_string}"},"query-input":{"@type":"PropertyValueSpecification","valueRequired":true,"valueName":"search_term_string"}}],"inLanguage":"es"},{"@type":"Person","@id":"https:\/\/exaudi.org\/#\/schema\/person\/d134b96438278131ce90c90c03fda6cd","name":"Gabriel Sales","image":{"@type":"ImageObject","inLanguage":"es","@id":"https:\/\/secure.gravatar.com\/avatar\/9b1269566f6a063ed26ffb3532b66a373cdde231ce5d0effb266167437fdaffd?s=96&d=mm&r=g","url":"https:\/\/secure.gravatar.com\/avatar\/9b1269566f6a063ed26ffb3532b66a373cdde231ce5d0effb266167437fdaffd?s=96&d=mm&r=g","contentUrl":"https:\/\/secure.gravatar.com\/avatar\/9b1269566f6a063ed26ffb3532b66a373cdde231ce5d0effb266167437fdaffd?s=96&d=mm&r=g","caption":"Gabriel Sales"},"description":"Periodista y especialista en Comunicaci\u00f3n y Branding digital. Cin\u00e9filo y cr\u00edtico de cine y series de televisi\u00f3n.","sameAs":["https:\/\/www.instagram.com\/cine90segundos\/","www.linkedin.com\/in\/habemusman","https:\/\/x.com\/habemusman","https:\/\/www.youtube.com\/channel\/UCVfCiOMkJ_C7T7OpyjuaLDg"],"url":"https:\/\/exaudi.org\/es\/author\/gsalesexaudi-org\/"}]}},"jetpack_featured_media_url":"https:\/\/exaudi.org\/wp-content\/uploads\/2021\/06\/12v312v3.jpeg","jetpack_shortlink":"https:\/\/wp.me\/pgKjF2-6kj","_links":{"self":[{"href":"https:\/\/exaudi.org\/es\/wp-json\/wp\/v2\/posts\/24323","targetHints":{"allow":["GET"]}}],"collection":[{"href":"https:\/\/exaudi.org\/es\/wp-json\/wp\/v2\/posts"}],"about":[{"href":"https:\/\/exaudi.org\/es\/wp-json\/wp\/v2\/types\/post"}],"author":[{"embeddable":true,"href":"https:\/\/exaudi.org\/es\/wp-json\/wp\/v2\/users\/6"}],"replies":[{"embeddable":true,"href":"https:\/\/exaudi.org\/es\/wp-json\/wp\/v2\/comments?post=24323"}],"version-history":[{"count":0,"href":"https:\/\/exaudi.org\/es\/wp-json\/wp\/v2\/posts\/24323\/revisions"}],"wp:featuredmedia":[{"embeddable":true,"href":"https:\/\/exaudi.org\/es\/wp-json\/wp\/v2\/media\/24336"}],"wp:attachment":[{"href":"https:\/\/exaudi.org\/es\/wp-json\/wp\/v2\/media?parent=24323"}],"wp:term":[{"taxonomy":"category","embeddable":true,"href":"https:\/\/exaudi.org\/es\/wp-json\/wp\/v2\/categories?post=24323"},{"taxonomy":"post_tag","embeddable":true,"href":"https:\/\/exaudi.org\/es\/wp-json\/wp\/v2\/tags?post=24323"}],"curies":[{"name":"wp","href":"https:\/\/api.w.org\/{rel}","templated":true}]}}