{"id":2427,"date":"2021-02-26T17:55:58","date_gmt":"2021-02-26T17:55:58","guid":{"rendered":"https:\/\/exaudi.org\/?p=2427"},"modified":"2021-03-02T07:29:37","modified_gmt":"2021-03-02T07:29:37","slug":"asamblea-eclesial-america-latina-redes-sociales","status":"publish","type":"post","link":"https:\/\/exaudi.org\/es\/asamblea-eclesial-america-latina-redes-sociales\/","title":{"rendered":"Asamblea Eclesial de Am\u00e9rica Latina presenta sus redes sociales"},"content":{"rendered":"<p>La <a href=\"https:\/\/exaudi.org\/es\/asamblea-eclesial-america-latina-caribe-itinerario-espiritualidad-2021\/\" target=\"_blank\" rel=\"noopener\">Asamblea Eclesial de Am\u00e9rica Latina y el Caribe<\/a> sigue su curso y ha anunciado hoy, 26 de febrero de 2021, la apertura de sus redes sociales para acompa\u00f1ar el camino sinodal al que est\u00e1n convocados \u201ctodos los fieles cristianos\u201d del continente para \u201ccontemplar y profundizar en los desaf\u00edos que se van presentando, a la luz de la V Conferencia General de Aparecida\u201d, informa el Consejo Episcopal Latinoamericano (CELAM) en una nota.<\/p>\n<p>A trav\u00e9s de las cuentas en Facebook (<a href=\"https:\/\/www.facebook.com\/asambleaeclesial\" target=\"_blank\" rel=\"noopener\">@asambleaeclesial<\/a>), en Twitter (<a href=\"https:\/\/twitter.com\/AEclesial\" target=\"_blank\" rel=\"noopener\">@AEclesial<\/a>), en Instagram (<a href=\"https:\/\/www.instagram.com\/asambleaeclesial\/\">@asambleaeclesial<\/a>) y en \u00a0YouTube (<a href=\"https:\/\/www.youtube.com\/channel\/UCoXVLTNcPkAwSf2XUfqmNJw\/featured\" target=\"_blank\" rel=\"noopener\">Asamblea Eclesial<\/a>) la Asamblea Eclesial estar\u00e1 al alcance de todos y todas para interactuar y acceder a todos los materiales y contenidos de este evento de la Iglesia en Am\u00e9rica Latina y el Caribe. Se trata de una invitaci\u00f3n a seguir, participar y compartir en las redes de la Asamblea Eclesial, lo mismo que en el portal <a href=\"https:\/\/asambleaeclesial.lat\/\" target=\"_blank\" rel=\"noopener\">https:\/\/asambleaeclesial.lat\/<\/a>, donde los organizadores esperan promover espacios de intercambio, escucha y di\u00e1logo, porque \u201ctodos somos disc\u00edpulos misioneros\u201d.<\/p>\n<h4><strong>Una Iglesia en actitud de escucha<\/strong><\/h4>\n<p>De acuerdo al citado comunicado, con el lanzamiento de las redes sociales de la Asamblea Eclesial se pretende acoger la invitaci\u00f3n que hizo el Papa Francisco en su videomensaje del pasado 24 de enero, cuando destac\u00f3 que \u201cno es una Conferencia del Episcopado Latinoamericano como se hicieron las anteriores, la \u00faltima, Aparecida (\u2026). Es una reuni\u00f3n del Pueblo de Dios: laicas, laicos, consagradas, consagrados, sacerdotes, obispos, todo el pueblo de Dios que va caminando\u201d.<\/p>\n<p>\u201cSe reza, se habla, se piensa, se discute, se busca la voluntad de Dios\u201d, porque \u201cla Iglesia se da al partir el pan. La Iglesia se da con todos, sin exclusi\u00f3n. Y una Asamblea Eclesial es signo de esto, una Iglesia sin exclusi\u00f3n\u201d, expres\u00f3 el Santo Padre.<\/p>\n<h4><strong>Asamblea Eclesial de Am\u00e9rica Latina y el Caribe<\/strong><\/h4>\n<p>La <a href=\"https:\/\/prensacelam.org\/2021\/01\/22\/presentacion-de-la-asamblea-eclesial-de-america-latina-y-el-caribe\/\" target=\"_blank\" rel=\"noopener\">Asamblea Eclesial de Am\u00e9rica Latina y el Caribe<\/a> se celebrar\u00e1 la semana del tercer al cuarto domingo de noviembre de 2021 bajo el lema \u201cTodos somos disc\u00edpulos <a href=\"https:\/\/exaudi.org\/es\/mensaje-papa-jornada-mundial-misiones-2021\/\">misioneros<\/a> en salida\u201d.<\/p>\n<p>Tal y como se\u00f1alan en su p\u00e1gina web \u201ccomo disc\u00edpulos misioneros, reunidos sinodalmente en la 1\u00aa Asamblea Eclesial de Am\u00e9rica Latina y El Caribe, haremos memoria de lo acontecido en la V Conferencia General en Aparecida, y mirando contemplativamente nuestra realidad con sus desaf\u00edos, reavivaremos nuestro compromiso pastoral para que, en Jesucristo, nuestros pueblos tengan una vida plena en y por los nuevos caminos hacia el 2031+2033\u201d.<\/p>\n<p>Desde comienzos de este a\u00f1o, la Asamblea Eclesial ya est\u00e1 dando los primeros pasos en su trabajo de reflexi\u00f3n, escucha y espiritualidad, fomentando la participaci\u00f3n del pueblo de Dios que vive su fe en las diferentes realidades presentes en el continente.<\/p>\n","protected":false},"excerpt":{"rendered":"<p>Del 21 al 28 de noviembre en M\u00e9xico<\/p>\n","protected":false},"author":5,"featured_media":2440,"comment_status":"closed","ping_status":"closed","sticky":false,"template":"","format":"standard","meta":{"_acf_changed":false,"_crdt_document":"","inline_featured_image":false,"footnotes":""},"categories":[86],"tags":[252,464,463],"class_list":["post-2427","post","type-post","status-publish","format-standard","has-post-thumbnail","hentry","category-iglesia-local","tag-asamblea-eclesial-de-america-latina-y-el-caribe","tag-celam","tag-redes-sociales"],"acf":[],"yoast_head":"<!-- This site is optimized with the Yoast SEO plugin v27.5 - https:\/\/yoast.com\/product\/yoast-seo-wordpress\/ -->\n<title>Asamblea Eclesial de Am\u00e9rica Latina presenta sus redes sociales &#8211; Exaudi<\/title>\n<meta name=\"description\" content=\"La Asamblea Eclesial de Am\u00e9rica Latina y el Caribe ha anunciado la apertura de sus redes sociales para acompa\u00f1ar el camino sinodal\" \/>\n<meta name=\"robots\" content=\"index, follow, max-snippet:-1, max-image-preview:large, max-video-preview:-1\" \/>\n<link rel=\"canonical\" href=\"https:\/\/exaudi.org\/es\/asamblea-eclesial-america-latina-redes-sociales\/\" \/>\n<meta property=\"og:locale\" content=\"es_ES\" \/>\n<meta property=\"og:type\" content=\"article\" \/>\n<meta property=\"og:title\" content=\"Asamblea Eclesial de Am\u00e9rica Latina presenta sus redes sociales &#8211; Exaudi\" \/>\n<meta property=\"og:description\" content=\"La Asamblea Eclesial de Am\u00e9rica Latina y el Caribe ha anunciado la apertura de sus redes sociales para acompa\u00f1ar el camino sinodal\" \/>\n<meta property=\"og:url\" content=\"https:\/\/exaudi.org\/es\/asamblea-eclesial-america-latina-redes-sociales\/\" \/>\n<meta property=\"og:site_name\" content=\"Exaudi\" \/>\n<meta property=\"article:publisher\" content=\"https:\/\/www.facebook.com\/ExaudiNews\" \/>\n<meta property=\"article:published_time\" content=\"2021-02-26T17:55:58+00:00\" \/>\n<meta property=\"article:modified_time\" content=\"2021-03-02T07:29:37+00:00\" \/>\n<meta property=\"og:image\" content=\"https:\/\/exaudi.org\/wp-content\/uploads\/2021\/02\/Asamblea-Eclesial-de-America-Latina-y-el-Caribe.jpg\" \/>\n\t<meta property=\"og:image:width\" content=\"1217\" \/>\n\t<meta property=\"og:image:height\" content=\"1217\" \/>\n\t<meta property=\"og:image:type\" content=\"image\/jpeg\" \/>\n<meta name=\"author\" content=\"Larissa I. L\u00f3pez\" \/>\n<meta name=\"twitter:card\" content=\"summary_large_image\" \/>\n<meta name=\"twitter:creator\" content=\"@Exaudi_News\" \/>\n<meta name=\"twitter:site\" content=\"@Exaudi_News\" \/>\n<meta name=\"twitter:label1\" content=\"Escrito por\" \/>\n\t<meta name=\"twitter:data1\" content=\"Larissa I. L\u00f3pez\" \/>\n\t<meta name=\"twitter:label2\" content=\"Tiempo de lectura\" \/>\n\t<meta name=\"twitter:data2\" content=\"2 minutos\" \/>\n<script type=\"application\/ld+json\" class=\"yoast-schema-graph\">{\"@context\":\"https:\\\/\\\/schema.org\",\"@graph\":[{\"@type\":\"Article\",\"@id\":\"https:\\\/\\\/exaudi.org\\\/es\\\/asamblea-eclesial-america-latina-redes-sociales\\\/#article\",\"isPartOf\":{\"@id\":\"https:\\\/\\\/exaudi.org\\\/es\\\/asamblea-eclesial-america-latina-redes-sociales\\\/\"},\"author\":{\"name\":\"Larissa I. L\u00f3pez\",\"@id\":\"https:\\\/\\\/exaudi.org\\\/#\\\/schema\\\/person\\\/7d2f77db033c2c0929edfab6dbe8c588\"},\"headline\":\"Asamblea Eclesial de Am\u00e9rica Latina presenta sus redes sociales\",\"datePublished\":\"2021-02-26T17:55:58+00:00\",\"dateModified\":\"2021-03-02T07:29:37+00:00\",\"mainEntityOfPage\":{\"@id\":\"https:\\\/\\\/exaudi.org\\\/es\\\/asamblea-eclesial-america-latina-redes-sociales\\\/\"},\"wordCount\":466,\"image\":{\"@id\":\"https:\\\/\\\/exaudi.org\\\/es\\\/asamblea-eclesial-america-latina-redes-sociales\\\/#primaryimage\"},\"thumbnailUrl\":\"https:\\\/\\\/exaudi.org\\\/wp-content\\\/uploads\\\/2021\\\/02\\\/Asamblea-Eclesial-de-America-Latina-y-el-Caribe.jpg\",\"keywords\":[\"Asamblea Eclesial de Am\u00e9rica Latina y el Caribe\",\"CELAM\",\"Redes sociales\"],\"articleSection\":[\"Iglesia Local\"],\"inLanguage\":\"es\"},{\"@type\":\"WebPage\",\"@id\":\"https:\\\/\\\/exaudi.org\\\/es\\\/asamblea-eclesial-america-latina-redes-sociales\\\/\",\"url\":\"https:\\\/\\\/exaudi.org\\\/es\\\/asamblea-eclesial-america-latina-redes-sociales\\\/\",\"name\":\"Asamblea Eclesial de Am\u00e9rica Latina presenta sus redes sociales &#8211; Exaudi\",\"isPartOf\":{\"@id\":\"https:\\\/\\\/exaudi.org\\\/#website\"},\"primaryImageOfPage\":{\"@id\":\"https:\\\/\\\/exaudi.org\\\/es\\\/asamblea-eclesial-america-latina-redes-sociales\\\/#primaryimage\"},\"image\":{\"@id\":\"https:\\\/\\\/exaudi.org\\\/es\\\/asamblea-eclesial-america-latina-redes-sociales\\\/#primaryimage\"},\"thumbnailUrl\":\"https:\\\/\\\/exaudi.org\\\/wp-content\\\/uploads\\\/2021\\\/02\\\/Asamblea-Eclesial-de-America-Latina-y-el-Caribe.jpg\",\"datePublished\":\"2021-02-26T17:55:58+00:00\",\"dateModified\":\"2021-03-02T07:29:37+00:00\",\"author\":{\"@id\":\"https:\\\/\\\/exaudi.org\\\/#\\\/schema\\\/person\\\/7d2f77db033c2c0929edfab6dbe8c588\"},\"description\":\"La Asamblea Eclesial de Am\u00e9rica Latina y el Caribe ha anunciado la apertura de sus redes sociales para acompa\u00f1ar el camino sinodal\",\"breadcrumb\":{\"@id\":\"https:\\\/\\\/exaudi.org\\\/es\\\/asamblea-eclesial-america-latina-redes-sociales\\\/#breadcrumb\"},\"inLanguage\":\"es\",\"potentialAction\":[{\"@type\":\"ReadAction\",\"target\":[\"https:\\\/\\\/exaudi.org\\\/es\\\/asamblea-eclesial-america-latina-redes-sociales\\\/\"]}]},{\"@type\":\"ImageObject\",\"inLanguage\":\"es\",\"@id\":\"https:\\\/\\\/exaudi.org\\\/es\\\/asamblea-eclesial-america-latina-redes-sociales\\\/#primaryimage\",\"url\":\"https:\\\/\\\/exaudi.org\\\/wp-content\\\/uploads\\\/2021\\\/02\\\/Asamblea-Eclesial-de-America-Latina-y-el-Caribe.jpg\",\"contentUrl\":\"https:\\\/\\\/exaudi.org\\\/wp-content\\\/uploads\\\/2021\\\/02\\\/Asamblea-Eclesial-de-America-Latina-y-el-Caribe.jpg\",\"width\":1217,\"height\":1217,\"caption\":\"\u00a9 Asamblea Eclesial de Am\u00e9rica Latina y el Caribe\"},{\"@type\":\"BreadcrumbList\",\"@id\":\"https:\\\/\\\/exaudi.org\\\/es\\\/asamblea-eclesial-america-latina-redes-sociales\\\/#breadcrumb\",\"itemListElement\":[{\"@type\":\"ListItem\",\"position\":1,\"name\":\"Portada\",\"item\":\"https:\\\/\\\/exaudi.org\\\/es\\\/\"},{\"@type\":\"ListItem\",\"position\":2,\"name\":\"Asamblea Eclesial de Am\u00e9rica Latina presenta sus redes sociales\"}]},{\"@type\":\"WebSite\",\"@id\":\"https:\\\/\\\/exaudi.org\\\/#website\",\"url\":\"https:\\\/\\\/exaudi.org\\\/\",\"name\":\"Exaudi\",\"description\":\"News\",\"potentialAction\":[{\"@type\":\"SearchAction\",\"target\":{\"@type\":\"EntryPoint\",\"urlTemplate\":\"https:\\\/\\\/exaudi.org\\\/?s={search_term_string}\"},\"query-input\":{\"@type\":\"PropertyValueSpecification\",\"valueRequired\":true,\"valueName\":\"search_term_string\"}}],\"inLanguage\":\"es\"},{\"@type\":\"Person\",\"@id\":\"https:\\\/\\\/exaudi.org\\\/#\\\/schema\\\/person\\\/7d2f77db033c2c0929edfab6dbe8c588\",\"name\":\"Larissa I. L\u00f3pez\",\"image\":{\"@type\":\"ImageObject\",\"inLanguage\":\"es\",\"@id\":\"https:\\\/\\\/secure.gravatar.com\\\/avatar\\\/db3ef399ff343d0bb9d25dc5198bc8ece5ac6d621eca79876697a354dabc1e3f?s=96&d=mm&r=g\",\"url\":\"https:\\\/\\\/secure.gravatar.com\\\/avatar\\\/db3ef399ff343d0bb9d25dc5198bc8ece5ac6d621eca79876697a354dabc1e3f?s=96&d=mm&r=g\",\"contentUrl\":\"https:\\\/\\\/secure.gravatar.com\\\/avatar\\\/db3ef399ff343d0bb9d25dc5198bc8ece5ac6d621eca79876697a354dabc1e3f?s=96&d=mm&r=g\",\"caption\":\"Larissa I. L\u00f3pez\"},\"description\":\"Doctora en Comunicaci\u00f3n. Mi trayectoria profesional ha transcurrido entre el \u00e1mbito de la comunicaci\u00f3n y el de la docencia. En los \u00faltimos a\u00f1os, he trabajado como coordinadora y redactora de la edici\u00f3n de ZENIT en espa\u00f1ol. Como profesora, he impartido clases en la universidad y en centros de FP y bachillerato. Cordobesa de nacimiento, tambi\u00e9n he vivido en Sevilla, Madrid y Roma\",\"url\":\"https:\\\/\\\/exaudi.org\\\/es\\\/author\\\/llopezexaudi-org\\\/\"}]}<\/script>\n<!-- \/ Yoast SEO plugin. -->","yoast_head_json":{"title":"Asamblea Eclesial de Am\u00e9rica Latina presenta sus redes sociales &#8211; Exaudi","description":"La Asamblea Eclesial de Am\u00e9rica Latina y el Caribe ha anunciado la apertura de sus redes sociales para acompa\u00f1ar el camino sinodal","robots":{"index":"index","follow":"follow","max-snippet":"max-snippet:-1","max-image-preview":"max-image-preview:large","max-video-preview":"max-video-preview:-1"},"canonical":"https:\/\/exaudi.org\/es\/asamblea-eclesial-america-latina-redes-sociales\/","og_locale":"es_ES","og_type":"article","og_title":"Asamblea Eclesial de Am\u00e9rica Latina presenta sus redes sociales &#8211; Exaudi","og_description":"La Asamblea Eclesial de Am\u00e9rica Latina y el Caribe ha anunciado la apertura de sus redes sociales para acompa\u00f1ar el camino sinodal","og_url":"https:\/\/exaudi.org\/es\/asamblea-eclesial-america-latina-redes-sociales\/","og_site_name":"Exaudi","article_publisher":"https:\/\/www.facebook.com\/ExaudiNews","article_published_time":"2021-02-26T17:55:58+00:00","article_modified_time":"2021-03-02T07:29:37+00:00","og_image":[{"width":1217,"height":1217,"url":"https:\/\/exaudi.org\/wp-content\/uploads\/2021\/02\/Asamblea-Eclesial-de-America-Latina-y-el-Caribe.jpg","type":"image\/jpeg"}],"author":"Larissa I. L\u00f3pez","twitter_card":"summary_large_image","twitter_creator":"@Exaudi_News","twitter_site":"@Exaudi_News","twitter_misc":{"Escrito por":"Larissa I. L\u00f3pez","Tiempo de lectura":"2 minutos"},"schema":{"@context":"https:\/\/schema.org","@graph":[{"@type":"Article","@id":"https:\/\/exaudi.org\/es\/asamblea-eclesial-america-latina-redes-sociales\/#article","isPartOf":{"@id":"https:\/\/exaudi.org\/es\/asamblea-eclesial-america-latina-redes-sociales\/"},"author":{"name":"Larissa I. L\u00f3pez","@id":"https:\/\/exaudi.org\/#\/schema\/person\/7d2f77db033c2c0929edfab6dbe8c588"},"headline":"Asamblea Eclesial de Am\u00e9rica Latina presenta sus redes sociales","datePublished":"2021-02-26T17:55:58+00:00","dateModified":"2021-03-02T07:29:37+00:00","mainEntityOfPage":{"@id":"https:\/\/exaudi.org\/es\/asamblea-eclesial-america-latina-redes-sociales\/"},"wordCount":466,"image":{"@id":"https:\/\/exaudi.org\/es\/asamblea-eclesial-america-latina-redes-sociales\/#primaryimage"},"thumbnailUrl":"https:\/\/exaudi.org\/wp-content\/uploads\/2021\/02\/Asamblea-Eclesial-de-America-Latina-y-el-Caribe.jpg","keywords":["Asamblea Eclesial de Am\u00e9rica Latina y el Caribe","CELAM","Redes sociales"],"articleSection":["Iglesia Local"],"inLanguage":"es"},{"@type":"WebPage","@id":"https:\/\/exaudi.org\/es\/asamblea-eclesial-america-latina-redes-sociales\/","url":"https:\/\/exaudi.org\/es\/asamblea-eclesial-america-latina-redes-sociales\/","name":"Asamblea Eclesial de Am\u00e9rica Latina presenta sus redes sociales &#8211; Exaudi","isPartOf":{"@id":"https:\/\/exaudi.org\/#website"},"primaryImageOfPage":{"@id":"https:\/\/exaudi.org\/es\/asamblea-eclesial-america-latina-redes-sociales\/#primaryimage"},"image":{"@id":"https:\/\/exaudi.org\/es\/asamblea-eclesial-america-latina-redes-sociales\/#primaryimage"},"thumbnailUrl":"https:\/\/exaudi.org\/wp-content\/uploads\/2021\/02\/Asamblea-Eclesial-de-America-Latina-y-el-Caribe.jpg","datePublished":"2021-02-26T17:55:58+00:00","dateModified":"2021-03-02T07:29:37+00:00","author":{"@id":"https:\/\/exaudi.org\/#\/schema\/person\/7d2f77db033c2c0929edfab6dbe8c588"},"description":"La Asamblea Eclesial de Am\u00e9rica Latina y el Caribe ha anunciado la apertura de sus redes sociales para acompa\u00f1ar el camino sinodal","breadcrumb":{"@id":"https:\/\/exaudi.org\/es\/asamblea-eclesial-america-latina-redes-sociales\/#breadcrumb"},"inLanguage":"es","potentialAction":[{"@type":"ReadAction","target":["https:\/\/exaudi.org\/es\/asamblea-eclesial-america-latina-redes-sociales\/"]}]},{"@type":"ImageObject","inLanguage":"es","@id":"https:\/\/exaudi.org\/es\/asamblea-eclesial-america-latina-redes-sociales\/#primaryimage","url":"https:\/\/exaudi.org\/wp-content\/uploads\/2021\/02\/Asamblea-Eclesial-de-America-Latina-y-el-Caribe.jpg","contentUrl":"https:\/\/exaudi.org\/wp-content\/uploads\/2021\/02\/Asamblea-Eclesial-de-America-Latina-y-el-Caribe.jpg","width":1217,"height":1217,"caption":"\u00a9 Asamblea Eclesial de Am\u00e9rica Latina y el Caribe"},{"@type":"BreadcrumbList","@id":"https:\/\/exaudi.org\/es\/asamblea-eclesial-america-latina-redes-sociales\/#breadcrumb","itemListElement":[{"@type":"ListItem","position":1,"name":"Portada","item":"https:\/\/exaudi.org\/es\/"},{"@type":"ListItem","position":2,"name":"Asamblea Eclesial de Am\u00e9rica Latina presenta sus redes sociales"}]},{"@type":"WebSite","@id":"https:\/\/exaudi.org\/#website","url":"https:\/\/exaudi.org\/","name":"Exaudi","description":"News","potentialAction":[{"@type":"SearchAction","target":{"@type":"EntryPoint","urlTemplate":"https:\/\/exaudi.org\/?s={search_term_string}"},"query-input":{"@type":"PropertyValueSpecification","valueRequired":true,"valueName":"search_term_string"}}],"inLanguage":"es"},{"@type":"Person","@id":"https:\/\/exaudi.org\/#\/schema\/person\/7d2f77db033c2c0929edfab6dbe8c588","name":"Larissa I. L\u00f3pez","image":{"@type":"ImageObject","inLanguage":"es","@id":"https:\/\/secure.gravatar.com\/avatar\/db3ef399ff343d0bb9d25dc5198bc8ece5ac6d621eca79876697a354dabc1e3f?s=96&d=mm&r=g","url":"https:\/\/secure.gravatar.com\/avatar\/db3ef399ff343d0bb9d25dc5198bc8ece5ac6d621eca79876697a354dabc1e3f?s=96&d=mm&r=g","contentUrl":"https:\/\/secure.gravatar.com\/avatar\/db3ef399ff343d0bb9d25dc5198bc8ece5ac6d621eca79876697a354dabc1e3f?s=96&d=mm&r=g","caption":"Larissa I. L\u00f3pez"},"description":"Doctora en Comunicaci\u00f3n. Mi trayectoria profesional ha transcurrido entre el \u00e1mbito de la comunicaci\u00f3n y el de la docencia. En los \u00faltimos a\u00f1os, he trabajado como coordinadora y redactora de la edici\u00f3n de ZENIT en espa\u00f1ol. Como profesora, he impartido clases en la universidad y en centros de FP y bachillerato. Cordobesa de nacimiento, tambi\u00e9n he vivido en Sevilla, Madrid y Roma","url":"https:\/\/exaudi.org\/es\/author\/llopezexaudi-org\/"}]}},"jetpack_featured_media_url":"https:\/\/exaudi.org\/wp-content\/uploads\/2021\/02\/Asamblea-Eclesial-de-America-Latina-y-el-Caribe.jpg","jetpack_shortlink":"https:\/\/wp.me\/pgKjF2-D9","_links":{"self":[{"href":"https:\/\/exaudi.org\/es\/wp-json\/wp\/v2\/posts\/2427","targetHints":{"allow":["GET"]}}],"collection":[{"href":"https:\/\/exaudi.org\/es\/wp-json\/wp\/v2\/posts"}],"about":[{"href":"https:\/\/exaudi.org\/es\/wp-json\/wp\/v2\/types\/post"}],"author":[{"embeddable":true,"href":"https:\/\/exaudi.org\/es\/wp-json\/wp\/v2\/users\/5"}],"replies":[{"embeddable":true,"href":"https:\/\/exaudi.org\/es\/wp-json\/wp\/v2\/comments?post=2427"}],"version-history":[{"count":0,"href":"https:\/\/exaudi.org\/es\/wp-json\/wp\/v2\/posts\/2427\/revisions"}],"wp:featuredmedia":[{"embeddable":true,"href":"https:\/\/exaudi.org\/es\/wp-json\/wp\/v2\/media\/2440"}],"wp:attachment":[{"href":"https:\/\/exaudi.org\/es\/wp-json\/wp\/v2\/media?parent=2427"}],"wp:term":[{"taxonomy":"category","embeddable":true,"href":"https:\/\/exaudi.org\/es\/wp-json\/wp\/v2\/categories?post=2427"},{"taxonomy":"post_tag","embeddable":true,"href":"https:\/\/exaudi.org\/es\/wp-json\/wp\/v2\/tags?post=2427"}],"curies":[{"name":"wp","href":"https:\/\/api.w.org\/{rel}","templated":true}]}}