{"id":24247,"date":"2021-06-25T12:07:39","date_gmt":"2021-06-25T10:07:39","guid":{"rendered":"https:\/\/exaudi.org\/?p=24247"},"modified":"2021-06-25T19:28:00","modified_gmt":"2021-06-25T17:28:00","slug":"jornada-reflexion-oracion-libano-programa-y-logo","status":"publish","type":"post","link":"https:\/\/exaudi.org\/es\/jornada-reflexion-oracion-libano-programa-y-logo\/","title":{"rendered":"Jornada de Oraci\u00f3n por L\u00edbano: Programa y logo"},"content":{"rendered":"<p>La <a href=\"https:\/\/www.vatican.va\/news_services\/press\/index_sp.htm\" target=\"_blank\" rel=\"noopener noreferrer\">Oficina de Prensa de la Santa Sede<\/a> ha difundido el programa y el logo de la Jornada de Reflexi\u00f3n y Oraci\u00f3n por el L\u00edbano, que se celebrar\u00e1 el pr\u00f3ximo 1 de julio bajo el t\u00edtulo \u201cEl Se\u00f1or Dios tiene planes de paz. Juntos por el L\u00edbano\u201d. Hoy, 25 de junio, ha tenido lugar la <a href=\"https:\/\/exaudi.org\/es\/presentacion-jornada-oracion-libano-2021\/\" target=\"_blank\" rel=\"noopener noreferrer\">rueda de prensa de la jornada<\/a> que contar\u00e1 con la participaci\u00f3n de los principales l\u00edderes de las comunidades cristianas presentes en el pa\u00eds.<\/p>\n<h4><strong>Programa<\/strong><\/h4>\n<p>La jornada comienza a las 8:30 en Santa Marta, con el saludo del Santo Padre a los jefes de las comunidades cristianas libanesas y a los miembros de las delegaciones. Despu\u00e9s, a las 9, en la bas\u00edlica de San Pedro, habr\u00e1 un breve tiempo de oraci\u00f3n.\u00a0A las 10, en el Palacio Apost\u00f3lico, tendr\u00e1n lugar la primera sesi\u00f3n de las consultas. Despu\u00e9s de una pausa, a las 11:20 se reanudan los trabajos con la segunda sesi\u00f3n.<\/p>\n<p>A las 13 est\u00e1 previsto el almuerzo en la Casa Santa Marta y a las 16:30 se retoman las consultas con la tercera y \u00faltima sesi\u00f3n. El encuentro finaliza a las 18 con una oraci\u00f3n Ecum\u00e9nica por la Paz en la Bas\u00edlica Vaticana.<\/p>\n<h4><strong>Logo<\/strong><\/h4>\n<p><img loading=\"lazy\" decoding=\"async\" class=\"alignleft wp-image-24251 size-medium\" src=\"https:\/\/exaudi.org\/wp-content\/uploads\/2021\/06\/Logo-Libano-300x191.jpg\" alt=\"\" width=\"300\" height=\"191\" srcset=\"https:\/\/exaudi.org\/wp-content\/uploads\/2021\/06\/Logo-Libano-300x191.jpg 300w, https:\/\/exaudi.org\/wp-content\/uploads\/2021\/06\/Logo-Libano-1024x652.jpg 1024w, https:\/\/exaudi.org\/wp-content\/uploads\/2021\/06\/Logo-Libano-768x489.jpg 768w, https:\/\/exaudi.org\/wp-content\/uploads\/2021\/06\/Logo-Libano-1536x978.jpg 1536w, https:\/\/exaudi.org\/wp-content\/uploads\/2021\/06\/Logo-Libano-2048x1303.jpg 2048w, https:\/\/exaudi.org\/wp-content\/uploads\/2021\/06\/Logo-Libano-150x95.jpg 150w, https:\/\/exaudi.org\/wp-content\/uploads\/2021\/06\/Logo-Libano-696x443.jpg 696w, https:\/\/exaudi.org\/wp-content\/uploads\/2021\/06\/Logo-Libano-1068x680.jpg 1068w, https:\/\/exaudi.org\/wp-content\/uploads\/2021\/06\/Logo-Libano-1920x1222.jpg 1920w, https:\/\/exaudi.org\/wp-content\/uploads\/2021\/06\/Logo-Libano-660x420.jpg 660w\" sizes=\"auto, (max-width: 300px) 100vw, 300px\" \/><\/p>\n<p>La premisa del logo para la jornada se encuentra en el mensaje del Papa Francisco con motivo de la Jornada de Oraci\u00f3n y Ayuno por el L\u00edbano, el 4 de septiembre de 2020, en \u00e9l conf\u00eda al pueblo de esta tierra el compromiso de la esperanza en la Palabra del Se\u00f1or que promete a su pueblo \u201cPlanes de paz y no de desgracia, para concederle un futuro lleno de esperanza\u201d (Jer 29,11).<\/p>\n<p>El logotipo pretende encerrar gr\u00e1ficamente y significar el deseo y el compromiso indicados por el Santo Padre. En el centro de la composici\u00f3n se encuentra la figura de la Virgen Mar\u00eda, venerada en la colina de Harissa con el t\u00edtulo de Nuestra Se\u00f1ora del L\u00edbano. Todo el pueblo liban\u00e9s, a lo largo de su historia, ha cultivado siempre una especial devoci\u00f3n hacia la Madre de Dios, cuyas manos abiertas, frente al mar Mediterr\u00e1neo y la capital Beirut, acogen las esperanzas no s\u00f3lo de los cristianos del Patriarcado Maronita, sino tambi\u00e9n de los cristianos ortodoxos y los musulmanes.<\/p>\n<p>La silueta de la Virgen, se funde con la representaci\u00f3n estilizada de un cedro liban\u00e9s, \u00e1rbol simb\u00f3lico del pa\u00eds. La devoci\u00f3n mariana tradicional asocia la figura de la Madre de Dios con muchas de las numerosas referencias b\u00edblicas al L\u00edbano: la novia del Cantar de los Cantares \u201cviene del L\u00edbano\u201d; se la asocia con el \u201ccedro del L\u00edbano\u201d; sus ropas desprenden el \u201caroma del L\u00edbano\u201d. En particular, en la oraci\u00f3n de las letan\u00edas lauretanas, los libaneses invocan a Mar\u00eda con el t\u00edtulo de \u201cCedro del L\u00edbano\u201d.<\/p>\n<p>Por otro lado, la caracter\u00edstica torre que sirve de base a la estatua de bronce est\u00e1 representada por el contorno rojo que evoca la bandera libanesa, en la que el rojo recuerda la sangre pura derramada para lograr la liberaci\u00f3n: la unidad del pueblo.<\/p>\n<p>Por \u00faltimo, el c\u00edrculo amarillo que forma el fondo de la cabeza de la imagen mariana representa el sol, que indica, con luz y calor, la disposici\u00f3n a acoger y trabajar por la esperanza que visita al pueblo liban\u00e9s porque, citando al poeta y escritor Gibran, m\u00e1s all\u00e1 de la cortina negra de la noche hay un amanecer que nos espera, y que sea un amanecer de paz para todos.<\/p>\n","protected":false},"excerpt":{"rendered":"<p>\u201cEl Se\u00f1or Dios tiene planes de paz. Juntos por el L\u00edbano\u201d<\/p>\n","protected":false},"author":5,"featured_media":24261,"comment_status":"closed","ping_status":"closed","sticky":false,"template":"","format":"standard","meta":{"_acf_changed":false,"_crdt_document":"","inline_featured_image":false,"footnotes":""},"categories":[2158,298,132],"tags":[3053,408,551],"class_list":["post-24247","post","type-post","status-publish","format-standard","has-post-thumbnail","hentry","category-top-ultimas-noticias","category-ultimas-noticias","category-vaticano-es","tag-jornada-de-oracion","tag-libano","tag-programa"],"acf":[],"yoast_head":"<!-- This site is optimized with the Yoast SEO plugin v27.5 - https:\/\/yoast.com\/product\/yoast-seo-wordpress\/ -->\n<title>Jornada de Oraci\u00f3n por L\u00edbano: Programa y logo &#8211; Exaudi<\/title>\n<meta name=\"description\" content=\"La Oficina de Prensa de la Santa Sede ha difundido el programa y el logo de la Jornada de Reflexi\u00f3n y Oraci\u00f3n por el L\u00edbano del 1 de julio.\" \/>\n<meta name=\"robots\" content=\"index, follow, max-snippet:-1, max-image-preview:large, max-video-preview:-1\" \/>\n<link rel=\"canonical\" href=\"https:\/\/exaudi.org\/es\/jornada-reflexion-oracion-libano-programa-y-logo\/\" \/>\n<meta property=\"og:locale\" content=\"es_ES\" \/>\n<meta property=\"og:type\" content=\"article\" \/>\n<meta property=\"og:title\" content=\"Jornada de Oraci\u00f3n por L\u00edbano: Programa y logo &#8211; Exaudi\" \/>\n<meta property=\"og:description\" content=\"La Oficina de Prensa de la Santa Sede ha difundido el programa y el logo de la Jornada de Reflexi\u00f3n y Oraci\u00f3n por el L\u00edbano del 1 de julio.\" \/>\n<meta property=\"og:url\" content=\"https:\/\/exaudi.org\/es\/jornada-reflexion-oracion-libano-programa-y-logo\/\" \/>\n<meta property=\"og:site_name\" content=\"Exaudi\" \/>\n<meta property=\"article:publisher\" content=\"https:\/\/www.facebook.com\/ExaudiNews\" \/>\n<meta property=\"article:published_time\" content=\"2021-06-25T10:07:39+00:00\" \/>\n<meta property=\"article:modified_time\" content=\"2021-06-25T17:28:00+00:00\" \/>\n<meta property=\"og:image\" content=\"https:\/\/exaudi.org\/wp-content\/uploads\/2021\/06\/Beirut-Libano.jpeg\" \/>\n\t<meta property=\"og:image:width\" content=\"1280\" \/>\n\t<meta property=\"og:image:height\" content=\"720\" \/>\n\t<meta property=\"og:image:type\" content=\"image\/jpeg\" \/>\n<meta name=\"author\" content=\"Larissa I. L\u00f3pez\" \/>\n<meta name=\"twitter:card\" content=\"summary_large_image\" \/>\n<meta name=\"twitter:creator\" content=\"@Exaudi_News\" \/>\n<meta name=\"twitter:site\" content=\"@Exaudi_News\" \/>\n<meta name=\"twitter:label1\" content=\"Escrito por\" \/>\n\t<meta name=\"twitter:data1\" content=\"Larissa I. L\u00f3pez\" \/>\n\t<meta name=\"twitter:label2\" content=\"Tiempo de lectura\" \/>\n\t<meta name=\"twitter:data2\" content=\"3 minutos\" \/>\n<script type=\"application\/ld+json\" class=\"yoast-schema-graph\">{\"@context\":\"https:\\\/\\\/schema.org\",\"@graph\":[{\"@type\":\"Article\",\"@id\":\"https:\\\/\\\/exaudi.org\\\/es\\\/jornada-reflexion-oracion-libano-programa-y-logo\\\/#article\",\"isPartOf\":{\"@id\":\"https:\\\/\\\/exaudi.org\\\/es\\\/jornada-reflexion-oracion-libano-programa-y-logo\\\/\"},\"author\":{\"name\":\"Larissa I. L\u00f3pez\",\"@id\":\"https:\\\/\\\/exaudi.org\\\/#\\\/schema\\\/person\\\/7d2f77db033c2c0929edfab6dbe8c588\"},\"headline\":\"Jornada de Oraci\u00f3n por L\u00edbano: Programa y logo\",\"datePublished\":\"2021-06-25T10:07:39+00:00\",\"dateModified\":\"2021-06-25T17:28:00+00:00\",\"mainEntityOfPage\":{\"@id\":\"https:\\\/\\\/exaudi.org\\\/es\\\/jornada-reflexion-oracion-libano-programa-y-logo\\\/\"},\"wordCount\":624,\"image\":{\"@id\":\"https:\\\/\\\/exaudi.org\\\/es\\\/jornada-reflexion-oracion-libano-programa-y-logo\\\/#primaryimage\"},\"thumbnailUrl\":\"https:\\\/\\\/exaudi.org\\\/wp-content\\\/uploads\\\/2021\\\/06\\\/Beirut-Libano.jpeg\",\"keywords\":[\"Jornada de oraci\u00f3n\",\"L\u00edbano\",\"Programa\"],\"articleSection\":[\"Top Ultimas Noticias\",\"\u00daltimas noticias\",\"Vaticano\"],\"inLanguage\":\"es\"},{\"@type\":\"WebPage\",\"@id\":\"https:\\\/\\\/exaudi.org\\\/es\\\/jornada-reflexion-oracion-libano-programa-y-logo\\\/\",\"url\":\"https:\\\/\\\/exaudi.org\\\/es\\\/jornada-reflexion-oracion-libano-programa-y-logo\\\/\",\"name\":\"Jornada de Oraci\u00f3n por L\u00edbano: Programa y logo &#8211; Exaudi\",\"isPartOf\":{\"@id\":\"https:\\\/\\\/exaudi.org\\\/#website\"},\"primaryImageOfPage\":{\"@id\":\"https:\\\/\\\/exaudi.org\\\/es\\\/jornada-reflexion-oracion-libano-programa-y-logo\\\/#primaryimage\"},\"image\":{\"@id\":\"https:\\\/\\\/exaudi.org\\\/es\\\/jornada-reflexion-oracion-libano-programa-y-logo\\\/#primaryimage\"},\"thumbnailUrl\":\"https:\\\/\\\/exaudi.org\\\/wp-content\\\/uploads\\\/2021\\\/06\\\/Beirut-Libano.jpeg\",\"datePublished\":\"2021-06-25T10:07:39+00:00\",\"dateModified\":\"2021-06-25T17:28:00+00:00\",\"author\":{\"@id\":\"https:\\\/\\\/exaudi.org\\\/#\\\/schema\\\/person\\\/7d2f77db033c2c0929edfab6dbe8c588\"},\"description\":\"La Oficina de Prensa de la Santa Sede ha difundido el programa y el logo de la Jornada de Reflexi\u00f3n y Oraci\u00f3n por el L\u00edbano del 1 de julio.\",\"breadcrumb\":{\"@id\":\"https:\\\/\\\/exaudi.org\\\/es\\\/jornada-reflexion-oracion-libano-programa-y-logo\\\/#breadcrumb\"},\"inLanguage\":\"es\",\"potentialAction\":[{\"@type\":\"ReadAction\",\"target\":[\"https:\\\/\\\/exaudi.org\\\/es\\\/jornada-reflexion-oracion-libano-programa-y-logo\\\/\"]}]},{\"@type\":\"ImageObject\",\"inLanguage\":\"es\",\"@id\":\"https:\\\/\\\/exaudi.org\\\/es\\\/jornada-reflexion-oracion-libano-programa-y-logo\\\/#primaryimage\",\"url\":\"https:\\\/\\\/exaudi.org\\\/wp-content\\\/uploads\\\/2021\\\/06\\\/Beirut-Libano.jpeg\",\"contentUrl\":\"https:\\\/\\\/exaudi.org\\\/wp-content\\\/uploads\\\/2021\\\/06\\\/Beirut-Libano.jpeg\",\"width\":1280,\"height\":720,\"caption\":\"Beirut, L\u00edbano \u00a9 Vatican Media\"},{\"@type\":\"BreadcrumbList\",\"@id\":\"https:\\\/\\\/exaudi.org\\\/es\\\/jornada-reflexion-oracion-libano-programa-y-logo\\\/#breadcrumb\",\"itemListElement\":[{\"@type\":\"ListItem\",\"position\":1,\"name\":\"Portada\",\"item\":\"https:\\\/\\\/exaudi.org\\\/es\\\/\"},{\"@type\":\"ListItem\",\"position\":2,\"name\":\"Jornada de Oraci\u00f3n por L\u00edbano: Programa y logo\"}]},{\"@type\":\"WebSite\",\"@id\":\"https:\\\/\\\/exaudi.org\\\/#website\",\"url\":\"https:\\\/\\\/exaudi.org\\\/\",\"name\":\"Exaudi\",\"description\":\"News\",\"potentialAction\":[{\"@type\":\"SearchAction\",\"target\":{\"@type\":\"EntryPoint\",\"urlTemplate\":\"https:\\\/\\\/exaudi.org\\\/?s={search_term_string}\"},\"query-input\":{\"@type\":\"PropertyValueSpecification\",\"valueRequired\":true,\"valueName\":\"search_term_string\"}}],\"inLanguage\":\"es\"},{\"@type\":\"Person\",\"@id\":\"https:\\\/\\\/exaudi.org\\\/#\\\/schema\\\/person\\\/7d2f77db033c2c0929edfab6dbe8c588\",\"name\":\"Larissa I. L\u00f3pez\",\"image\":{\"@type\":\"ImageObject\",\"inLanguage\":\"es\",\"@id\":\"https:\\\/\\\/secure.gravatar.com\\\/avatar\\\/db3ef399ff343d0bb9d25dc5198bc8ece5ac6d621eca79876697a354dabc1e3f?s=96&d=mm&r=g\",\"url\":\"https:\\\/\\\/secure.gravatar.com\\\/avatar\\\/db3ef399ff343d0bb9d25dc5198bc8ece5ac6d621eca79876697a354dabc1e3f?s=96&d=mm&r=g\",\"contentUrl\":\"https:\\\/\\\/secure.gravatar.com\\\/avatar\\\/db3ef399ff343d0bb9d25dc5198bc8ece5ac6d621eca79876697a354dabc1e3f?s=96&d=mm&r=g\",\"caption\":\"Larissa I. L\u00f3pez\"},\"description\":\"Doctora en Comunicaci\u00f3n. Mi trayectoria profesional ha transcurrido entre el \u00e1mbito de la comunicaci\u00f3n y el de la docencia. En los \u00faltimos a\u00f1os, he trabajado como coordinadora y redactora de la edici\u00f3n de ZENIT en espa\u00f1ol. Como profesora, he impartido clases en la universidad y en centros de FP y bachillerato. Cordobesa de nacimiento, tambi\u00e9n he vivido en Sevilla, Madrid y Roma\",\"url\":\"https:\\\/\\\/exaudi.org\\\/es\\\/author\\\/llopezexaudi-org\\\/\"}]}<\/script>\n<!-- \/ Yoast SEO plugin. -->","yoast_head_json":{"title":"Jornada de Oraci\u00f3n por L\u00edbano: Programa y logo &#8211; Exaudi","description":"La Oficina de Prensa de la Santa Sede ha difundido el programa y el logo de la Jornada de Reflexi\u00f3n y Oraci\u00f3n por el L\u00edbano del 1 de julio.","robots":{"index":"index","follow":"follow","max-snippet":"max-snippet:-1","max-image-preview":"max-image-preview:large","max-video-preview":"max-video-preview:-1"},"canonical":"https:\/\/exaudi.org\/es\/jornada-reflexion-oracion-libano-programa-y-logo\/","og_locale":"es_ES","og_type":"article","og_title":"Jornada de Oraci\u00f3n por L\u00edbano: Programa y logo &#8211; Exaudi","og_description":"La Oficina de Prensa de la Santa Sede ha difundido el programa y el logo de la Jornada de Reflexi\u00f3n y Oraci\u00f3n por el L\u00edbano del 1 de julio.","og_url":"https:\/\/exaudi.org\/es\/jornada-reflexion-oracion-libano-programa-y-logo\/","og_site_name":"Exaudi","article_publisher":"https:\/\/www.facebook.com\/ExaudiNews","article_published_time":"2021-06-25T10:07:39+00:00","article_modified_time":"2021-06-25T17:28:00+00:00","og_image":[{"width":1280,"height":720,"url":"https:\/\/exaudi.org\/wp-content\/uploads\/2021\/06\/Beirut-Libano.jpeg","type":"image\/jpeg"}],"author":"Larissa I. L\u00f3pez","twitter_card":"summary_large_image","twitter_creator":"@Exaudi_News","twitter_site":"@Exaudi_News","twitter_misc":{"Escrito por":"Larissa I. L\u00f3pez","Tiempo de lectura":"3 minutos"},"schema":{"@context":"https:\/\/schema.org","@graph":[{"@type":"Article","@id":"https:\/\/exaudi.org\/es\/jornada-reflexion-oracion-libano-programa-y-logo\/#article","isPartOf":{"@id":"https:\/\/exaudi.org\/es\/jornada-reflexion-oracion-libano-programa-y-logo\/"},"author":{"name":"Larissa I. L\u00f3pez","@id":"https:\/\/exaudi.org\/#\/schema\/person\/7d2f77db033c2c0929edfab6dbe8c588"},"headline":"Jornada de Oraci\u00f3n por L\u00edbano: Programa y logo","datePublished":"2021-06-25T10:07:39+00:00","dateModified":"2021-06-25T17:28:00+00:00","mainEntityOfPage":{"@id":"https:\/\/exaudi.org\/es\/jornada-reflexion-oracion-libano-programa-y-logo\/"},"wordCount":624,"image":{"@id":"https:\/\/exaudi.org\/es\/jornada-reflexion-oracion-libano-programa-y-logo\/#primaryimage"},"thumbnailUrl":"https:\/\/exaudi.org\/wp-content\/uploads\/2021\/06\/Beirut-Libano.jpeg","keywords":["Jornada de oraci\u00f3n","L\u00edbano","Programa"],"articleSection":["Top Ultimas Noticias","\u00daltimas noticias","Vaticano"],"inLanguage":"es"},{"@type":"WebPage","@id":"https:\/\/exaudi.org\/es\/jornada-reflexion-oracion-libano-programa-y-logo\/","url":"https:\/\/exaudi.org\/es\/jornada-reflexion-oracion-libano-programa-y-logo\/","name":"Jornada de Oraci\u00f3n por L\u00edbano: Programa y logo &#8211; Exaudi","isPartOf":{"@id":"https:\/\/exaudi.org\/#website"},"primaryImageOfPage":{"@id":"https:\/\/exaudi.org\/es\/jornada-reflexion-oracion-libano-programa-y-logo\/#primaryimage"},"image":{"@id":"https:\/\/exaudi.org\/es\/jornada-reflexion-oracion-libano-programa-y-logo\/#primaryimage"},"thumbnailUrl":"https:\/\/exaudi.org\/wp-content\/uploads\/2021\/06\/Beirut-Libano.jpeg","datePublished":"2021-06-25T10:07:39+00:00","dateModified":"2021-06-25T17:28:00+00:00","author":{"@id":"https:\/\/exaudi.org\/#\/schema\/person\/7d2f77db033c2c0929edfab6dbe8c588"},"description":"La Oficina de Prensa de la Santa Sede ha difundido el programa y el logo de la Jornada de Reflexi\u00f3n y Oraci\u00f3n por el L\u00edbano del 1 de julio.","breadcrumb":{"@id":"https:\/\/exaudi.org\/es\/jornada-reflexion-oracion-libano-programa-y-logo\/#breadcrumb"},"inLanguage":"es","potentialAction":[{"@type":"ReadAction","target":["https:\/\/exaudi.org\/es\/jornada-reflexion-oracion-libano-programa-y-logo\/"]}]},{"@type":"ImageObject","inLanguage":"es","@id":"https:\/\/exaudi.org\/es\/jornada-reflexion-oracion-libano-programa-y-logo\/#primaryimage","url":"https:\/\/exaudi.org\/wp-content\/uploads\/2021\/06\/Beirut-Libano.jpeg","contentUrl":"https:\/\/exaudi.org\/wp-content\/uploads\/2021\/06\/Beirut-Libano.jpeg","width":1280,"height":720,"caption":"Beirut, L\u00edbano \u00a9 Vatican Media"},{"@type":"BreadcrumbList","@id":"https:\/\/exaudi.org\/es\/jornada-reflexion-oracion-libano-programa-y-logo\/#breadcrumb","itemListElement":[{"@type":"ListItem","position":1,"name":"Portada","item":"https:\/\/exaudi.org\/es\/"},{"@type":"ListItem","position":2,"name":"Jornada de Oraci\u00f3n por L\u00edbano: Programa y logo"}]},{"@type":"WebSite","@id":"https:\/\/exaudi.org\/#website","url":"https:\/\/exaudi.org\/","name":"Exaudi","description":"News","potentialAction":[{"@type":"SearchAction","target":{"@type":"EntryPoint","urlTemplate":"https:\/\/exaudi.org\/?s={search_term_string}"},"query-input":{"@type":"PropertyValueSpecification","valueRequired":true,"valueName":"search_term_string"}}],"inLanguage":"es"},{"@type":"Person","@id":"https:\/\/exaudi.org\/#\/schema\/person\/7d2f77db033c2c0929edfab6dbe8c588","name":"Larissa I. L\u00f3pez","image":{"@type":"ImageObject","inLanguage":"es","@id":"https:\/\/secure.gravatar.com\/avatar\/db3ef399ff343d0bb9d25dc5198bc8ece5ac6d621eca79876697a354dabc1e3f?s=96&d=mm&r=g","url":"https:\/\/secure.gravatar.com\/avatar\/db3ef399ff343d0bb9d25dc5198bc8ece5ac6d621eca79876697a354dabc1e3f?s=96&d=mm&r=g","contentUrl":"https:\/\/secure.gravatar.com\/avatar\/db3ef399ff343d0bb9d25dc5198bc8ece5ac6d621eca79876697a354dabc1e3f?s=96&d=mm&r=g","caption":"Larissa I. L\u00f3pez"},"description":"Doctora en Comunicaci\u00f3n. Mi trayectoria profesional ha transcurrido entre el \u00e1mbito de la comunicaci\u00f3n y el de la docencia. En los \u00faltimos a\u00f1os, he trabajado como coordinadora y redactora de la edici\u00f3n de ZENIT en espa\u00f1ol. Como profesora, he impartido clases en la universidad y en centros de FP y bachillerato. Cordobesa de nacimiento, tambi\u00e9n he vivido en Sevilla, Madrid y Roma","url":"https:\/\/exaudi.org\/es\/author\/llopezexaudi-org\/"}]}},"jetpack_featured_media_url":"https:\/\/exaudi.org\/wp-content\/uploads\/2021\/06\/Beirut-Libano.jpeg","jetpack_shortlink":"https:\/\/wp.me\/pgKjF2-6j5","_links":{"self":[{"href":"https:\/\/exaudi.org\/es\/wp-json\/wp\/v2\/posts\/24247","targetHints":{"allow":["GET"]}}],"collection":[{"href":"https:\/\/exaudi.org\/es\/wp-json\/wp\/v2\/posts"}],"about":[{"href":"https:\/\/exaudi.org\/es\/wp-json\/wp\/v2\/types\/post"}],"author":[{"embeddable":true,"href":"https:\/\/exaudi.org\/es\/wp-json\/wp\/v2\/users\/5"}],"replies":[{"embeddable":true,"href":"https:\/\/exaudi.org\/es\/wp-json\/wp\/v2\/comments?post=24247"}],"version-history":[{"count":0,"href":"https:\/\/exaudi.org\/es\/wp-json\/wp\/v2\/posts\/24247\/revisions"}],"wp:featuredmedia":[{"embeddable":true,"href":"https:\/\/exaudi.org\/es\/wp-json\/wp\/v2\/media\/24261"}],"wp:attachment":[{"href":"https:\/\/exaudi.org\/es\/wp-json\/wp\/v2\/media?parent=24247"}],"wp:term":[{"taxonomy":"category","embeddable":true,"href":"https:\/\/exaudi.org\/es\/wp-json\/wp\/v2\/categories?post=24247"},{"taxonomy":"post_tag","embeddable":true,"href":"https:\/\/exaudi.org\/es\/wp-json\/wp\/v2\/tags?post=24247"}],"curies":[{"name":"wp","href":"https:\/\/api.w.org\/{rel}","templated":true}]}}