{"id":24238,"date":"2021-06-25T12:03:07","date_gmt":"2021-06-25T10:03:07","guid":{"rendered":"https:\/\/exaudi.org\/?p=24238"},"modified":"2021-06-25T12:12:51","modified_gmt":"2021-06-25T10:12:51","slug":"presentacion-jornada-oracion-libano-2021","status":"publish","type":"post","link":"https:\/\/exaudi.org\/es\/presentacion-jornada-oracion-libano-2021\/","title":{"rendered":"Presentaci\u00f3n de la Jornada de Oraci\u00f3n por L\u00edbano"},"content":{"rendered":"<p>A las 10.30 horas de esta ma\u00f1ana, viernes 25 de junio de 2021, ha tenido lugar en directo v\u00eda\u00a0<em>streaming\u00a0<\/em>desde la Oficina de Prensa de la Santa Sede la conferencia de presentaci\u00f3n de la <a href=\"https:\/\/exaudi.org\/es\/jornada-reflexion-oracion-libano-programa-y-logo\/\" target=\"_blank\" rel=\"noopener noreferrer\">Jornada de Reflexi\u00f3n y Oraci\u00f3n por el L\u00edbano<\/a>, que se celebrar\u00e1 el pr\u00f3ximo 1 de julio con la participaci\u00f3n de los principales l\u00edderes de las comunidades cristianas presentes en el pa\u00eds.<\/p>\n<p>En la rueda de prensa con los medios han intervenido el cardenal Leonardo Sandri, prefecto de la <a href=\"https:\/\/www.vatican.va\/roman_curia\/congregations\/orientchurch\/index_sp.htm\" target=\"_blank\" rel=\"noopener noreferrer\">Congregaci\u00f3n para las Iglesias Orientales<\/a>, monse\u00f1or Paul Richard Gallagher, secretario para las Relaciones con los Estados y Mons. Brian Farrell, secretario del <a href=\"https:\/\/www.vatican.va\/roman_curia\/pontifical_councils\/chrstuni\/index_sp.htm\" target=\"_blank\" rel=\"noopener noreferrer\">Consejo Pontificio para la Promoci\u00f3n de la Unidad de los Cristianos.<\/a><\/p>\n<h4><strong>Cardenal Sandri<\/strong><\/h4>\n<p>Despu\u00e9s de asegurar la adhesi\u00f3n del Papa Francisco a la jornada de reflexi\u00f3n por L\u00edbano y de citar la Exhortaci\u00f3n Apost\u00f3lica \u201cUna nueva esperanza para el L\u00edbano\u201d de san Juan Pablo II, el prefecto para las Iglesias Orientales ha remarcado algunos puntos del programa. El primero, que veremos m\u00e1s de una vez al Papa y \u201ca los jefes de las Iglesias y Comunidades Eclesiales caminando juntos\u201d, desde el 30 de junio hasta el 2 de julio.<\/p>\n<p>Asimismo, tras la oraci\u00f3n del Padrenuestro al inicio de la jornada, cada uno de ellos colocar\u00e1 una vela como signo de oraci\u00f3n y ruego de intercesi\u00f3n: \u201cDurante el d\u00eda no podremos verlos ni o\u00edrlos, porque las puertas de la Sala Clementina del Palacio Apost\u00f3lico permanecer\u00e1n cerradas a nuestra mirada\u201d, y \u201cser\u00e1 nuestra oraci\u00f3n de intercesi\u00f3n, que podr\u00eda lanzarse en las parroquias y comunidades religiosas no s\u00f3lo del L\u00edbano a lo largo de ese d\u00eda, la que nos har\u00e1 sentirnos cerca de ellos y apoyarlos en el momento de la escucha y la discusi\u00f3n mutuas\u201d.<\/p>\n<p>El cardenal Sandri ha confirmado que la mesa del encuentro ser\u00e1 redonda, y alrededor estar\u00e1n el Santo Padre con el nuncio apost\u00f3lico en L\u00edbano, Mons. Joseph Spiteri, que ser\u00e1 el moderador, y los diez jefes de las comunidades cristianas: por parte cat\u00f3lica, el patriarca maronita cardenal Bechara Boutros Ra\u00ef, el patriarca sirio cat\u00f3lico Ignace Youssef III Younan, el patriarca melquita Youssef Absi, el obispo caldeo Michel Kassarj y el vicario apost\u00f3lico latino Mons. Cesar Essayan.<\/p>\n<p><img loading=\"lazy\" decoding=\"async\" class=\"alignleft size-medium wp-image-24244\" src=\"https:\/\/exaudi.org\/wp-content\/uploads\/2021\/06\/Boll-409-Conferenza-Stampa_Presentazione-Giornata-di-riflessione-e-di-preghiera-per-il-Libano-gsales@exaudi.org-Correo-de-exaudi.org_-300x148.png\" alt=\"Presentaci\u00f3n Jornada Oraci\u00f3n L\u00edbano\" width=\"300\" height=\"148\" srcset=\"https:\/\/exaudi.org\/wp-content\/uploads\/2021\/06\/Boll-409-Conferenza-Stampa_Presentazione-Giornata-di-riflessione-e-di-preghiera-per-il-Libano-gsales@exaudi.org-Correo-de-exaudi.org_-300x148.png 300w, https:\/\/exaudi.org\/wp-content\/uploads\/2021\/06\/Boll-409-Conferenza-Stampa_Presentazione-Giornata-di-riflessione-e-di-preghiera-per-il-Libano-gsales@exaudi.org-Correo-de-exaudi.org_-1024x506.png 1024w, https:\/\/exaudi.org\/wp-content\/uploads\/2021\/06\/Boll-409-Conferenza-Stampa_Presentazione-Giornata-di-riflessione-e-di-preghiera-per-il-Libano-gsales@exaudi.org-Correo-de-exaudi.org_-768x379.png 768w, https:\/\/exaudi.org\/wp-content\/uploads\/2021\/06\/Boll-409-Conferenza-Stampa_Presentazione-Giornata-di-riflessione-e-di-preghiera-per-il-Libano-gsales@exaudi.org-Correo-de-exaudi.org_-150x74.png 150w, https:\/\/exaudi.org\/wp-content\/uploads\/2021\/06\/Boll-409-Conferenza-Stampa_Presentazione-Giornata-di-riflessione-e-di-preghiera-per-il-Libano-gsales@exaudi.org-Correo-de-exaudi.org_-696x344.png 696w, https:\/\/exaudi.org\/wp-content\/uploads\/2021\/06\/Boll-409-Conferenza-Stampa_Presentazione-Giornata-di-riflessione-e-di-preghiera-per-il-Libano-gsales@exaudi.org-Correo-de-exaudi.org_-1068x527.png 1068w, https:\/\/exaudi.org\/wp-content\/uploads\/2021\/06\/Boll-409-Conferenza-Stampa_Presentazione-Giornata-di-riflessione-e-di-preghiera-per-il-Libano-gsales@exaudi.org-Correo-de-exaudi.org_-851x420.png 851w, https:\/\/exaudi.org\/wp-content\/uploads\/2021\/06\/Boll-409-Conferenza-Stampa_Presentazione-Giornata-di-riflessione-e-di-preghiera-per-il-Libano-gsales@exaudi.org-Correo-de-exaudi.org_-324x160.png 324w, https:\/\/exaudi.org\/wp-content\/uploads\/2021\/06\/Boll-409-Conferenza-Stampa_Presentazione-Giornata-di-riflessione-e-di-preghiera-per-il-Libano-gsales@exaudi.org-Correo-de-exaudi.org_-533x261.png 533w, https:\/\/exaudi.org\/wp-content\/uploads\/2021\/06\/Boll-409-Conferenza-Stampa_Presentazione-Giornata-di-riflessione-e-di-preghiera-per-il-Libano-gsales@exaudi.org-Correo-de-exaudi.org_.png 1197w\" sizes=\"auto, (max-width: 300px) 100vw, 300px\" \/><\/p>\n<p>Tambi\u00e9n ha comentado que \u201ca la oraci\u00f3n final en la bas\u00edlica podr\u00e1 participar el Cuerpo Diplom\u00e1tico acreditado ante la Santa Sede, seg\u00fan las indicaciones de la Oficina de Protocolo de la Secretar\u00eda de Estado, y han sido invitadas todas las comunidades religiosas masculinas y femeninas, as\u00ed como los fieles laicos libaneses presentes en Roma. Por la ma\u00f1ana, el Santo Padre y los Jefes de las Iglesias caminar\u00e1n juntos en procesi\u00f3n, siguiendo al sacerdote que llevar\u00e1 el Evangelio\u201d.<\/p>\n<p>\u201cHacia el final de la celebraci\u00f3n, no se intercambiar\u00e1 el signo de la paz a la manera tradicional, en cumplimiento de las normas relacionadas con la pandemia, sino que algunos j\u00f3venes entregar\u00e1n a los l\u00edderes cristianos una l\u00e1mpara encendida, que luego se colocar\u00e1 en un candelabro: es la esperanza de paz que las j\u00f3venes generaciones depositan pidiendo ayuda para que no se apague por las tribulaciones del presente\u201d, ha concluido.<\/p>\n<h4><strong>Mons. Farrell<\/strong><\/h4>\n<p>El secretario del Consejo par ala Promoci\u00f3n de la Unidad de los Cristianos ha repasado la participaci\u00f3n de las iglesias no cat\u00f3licas en la jornada de oraci\u00f3n por L\u00edbano. Respecto a la ortodoxa griega del Patriarcado de Antioqu\u00eda, ha dicho que, en su faceta ecum\u00e9nica, \u201cmuestra una gran apertura y solidaridad, y participa en el di\u00e1logo teol\u00f3gico internacional de la Iglesia cat\u00f3lica con la Iglesia ortodoxa en su conjunto\u201d.<\/p>\n<p>Por la parte del Catolicosado de la Iglesia Apost\u00f3lica Armenia de Cilicia, ha expresado que el Catholicos Aram I \u201c es una figura prominente en el movimiento ecum\u00e9nico, habiendo sido moderador del Comit\u00e9 Central del Consejo Ecum\u00e9nico de las Iglesias de 1991 a 2006\u201d, y que \u201cse ha reunido en varias ocasiones con los distintos pont\u00edfices, desde Juan Pablo II en adelante\u201d.<\/p>\n<p>Sobre la Iglesia Sirio Ortodoxa, encabezada actualmente por el patriarca Ignacio Aphrem II, Mons. Farrell ha apuntado que mantiene importantes acuerdos con la Iglesia cat\u00f3lica \u201csobre la doctrina cristol\u00f3gica y sobre cuestiones pastorales\u201d. Tambi\u00e9n ha hablado del Consejo Supremo de la Comunidad Evang\u00e9lica, representado por su presidente, el reverendo Joseph Kassabhas, que actualmente \u201ctiene un intenso compromiso en el campo de la educaci\u00f3n\u201d.<\/p>\n<p>Por \u00faltimo, ha recordado al Consejo de las Iglesias de Oriente Medio, que \u201corganiza reuniones peri\u00f3dicas de los jefes de las Iglesias, apoya iniciativas en favor de la paz y la justicia, fomenta el di\u00e1logo interreligioso con la comunidad isl\u00e1mica y contribuye a la ejecuci\u00f3n de programas sociales, humanitarios y educativos en las zonas m\u00e1s afectadas por los conflictos actuales\u201d.<\/p>\n","protected":false},"excerpt":{"rendered":"<p>Se celebrar\u00e1 el 1 de julio con l\u00edderes cristianos<\/p>\n","protected":false},"author":6,"featured_media":24258,"comment_status":"closed","ping_status":"closed","sticky":false,"template":"","format":"standard","meta":{"_acf_changed":false,"_crdt_document":"","inline_featured_image":false,"footnotes":""},"categories":[138],"tags":[2734,2419,3053,408,1335],"class_list":["post-24238","post","type-post","status-publish","format-standard","has-post-thumbnail","hentry","category-dicasterios","tag-conferencia","tag-featured","tag-jornada-de-oracion","tag-libano","tag-presentacion"],"acf":[],"yoast_head":"<!-- This site is optimized with the Yoast SEO plugin v27.5 - https:\/\/yoast.com\/product\/yoast-seo-wordpress\/ -->\n<title>Presentaci\u00f3n de la Jornada de Oraci\u00f3n por L\u00edbano &#8211; Exaudi<\/title>\n<meta name=\"description\" content=\"Esta ma\u00f1ana ha tenido lugar v\u00eda streaming la conferencia de presentaci\u00f3n de la Jornada de Oraci\u00f3n por L\u00edbano, que ser\u00e1 el pr\u00f3ximo 1 de julio.\" \/>\n<meta name=\"robots\" content=\"index, follow, max-snippet:-1, max-image-preview:large, max-video-preview:-1\" \/>\n<link rel=\"canonical\" href=\"https:\/\/exaudi.org\/es\/presentacion-jornada-oracion-libano-2021\/\" \/>\n<meta property=\"og:locale\" content=\"es_ES\" \/>\n<meta property=\"og:type\" content=\"article\" \/>\n<meta property=\"og:title\" content=\"Presentaci\u00f3n de la Jornada de Oraci\u00f3n por L\u00edbano &#8211; Exaudi\" \/>\n<meta property=\"og:description\" content=\"Esta ma\u00f1ana ha tenido lugar v\u00eda streaming la conferencia de presentaci\u00f3n de la Jornada de Oraci\u00f3n por L\u00edbano, que ser\u00e1 el pr\u00f3ximo 1 de julio.\" \/>\n<meta property=\"og:url\" content=\"https:\/\/exaudi.org\/es\/presentacion-jornada-oracion-libano-2021\/\" \/>\n<meta property=\"og:site_name\" content=\"Exaudi\" \/>\n<meta property=\"article:publisher\" content=\"https:\/\/www.facebook.com\/ExaudiNews\" \/>\n<meta property=\"article:published_time\" content=\"2021-06-25T10:03:07+00:00\" \/>\n<meta property=\"article:modified_time\" content=\"2021-06-25T10:12:51+00:00\" \/>\n<meta property=\"og:image\" content=\"https:\/\/exaudi.org\/wp-content\/uploads\/2021\/06\/65b42.jpg\" \/>\n\t<meta property=\"og:image:width\" content=\"868\" \/>\n\t<meta property=\"og:image:height\" content=\"483\" \/>\n\t<meta property=\"og:image:type\" content=\"image\/jpeg\" \/>\n<meta name=\"author\" content=\"Gabriel Sales\" \/>\n<meta name=\"twitter:card\" content=\"summary_large_image\" \/>\n<meta name=\"twitter:creator\" content=\"@habemusman\" \/>\n<meta name=\"twitter:site\" content=\"@Exaudi_News\" \/>\n<meta name=\"twitter:label1\" content=\"Escrito por\" \/>\n\t<meta name=\"twitter:data1\" content=\"Gabriel Sales\" \/>\n\t<meta name=\"twitter:label2\" content=\"Tiempo de lectura\" \/>\n\t<meta name=\"twitter:data2\" content=\"4 minutos\" \/>\n<script type=\"application\/ld+json\" class=\"yoast-schema-graph\">{\"@context\":\"https:\\\/\\\/schema.org\",\"@graph\":[{\"@type\":\"Article\",\"@id\":\"https:\\\/\\\/exaudi.org\\\/es\\\/presentacion-jornada-oracion-libano-2021\\\/#article\",\"isPartOf\":{\"@id\":\"https:\\\/\\\/exaudi.org\\\/es\\\/presentacion-jornada-oracion-libano-2021\\\/\"},\"author\":{\"name\":\"Gabriel Sales\",\"@id\":\"https:\\\/\\\/exaudi.org\\\/#\\\/schema\\\/person\\\/d134b96438278131ce90c90c03fda6cd\"},\"headline\":\"Presentaci\u00f3n de la Jornada de Oraci\u00f3n por L\u00edbano\",\"datePublished\":\"2021-06-25T10:03:07+00:00\",\"dateModified\":\"2021-06-25T10:12:51+00:00\",\"mainEntityOfPage\":{\"@id\":\"https:\\\/\\\/exaudi.org\\\/es\\\/presentacion-jornada-oracion-libano-2021\\\/\"},\"wordCount\":848,\"image\":{\"@id\":\"https:\\\/\\\/exaudi.org\\\/es\\\/presentacion-jornada-oracion-libano-2021\\\/#primaryimage\"},\"thumbnailUrl\":\"https:\\\/\\\/exaudi.org\\\/wp-content\\\/uploads\\\/2021\\\/06\\\/65b42.jpg\",\"keywords\":[\"Conferencia\",\"Featured\",\"Jornada de oraci\u00f3n\",\"L\u00edbano\",\"Presentaci\u00f3n\"],\"articleSection\":[\"Dicasterios\"],\"inLanguage\":\"es\"},{\"@type\":\"WebPage\",\"@id\":\"https:\\\/\\\/exaudi.org\\\/es\\\/presentacion-jornada-oracion-libano-2021\\\/\",\"url\":\"https:\\\/\\\/exaudi.org\\\/es\\\/presentacion-jornada-oracion-libano-2021\\\/\",\"name\":\"Presentaci\u00f3n de la Jornada de Oraci\u00f3n por L\u00edbano &#8211; Exaudi\",\"isPartOf\":{\"@id\":\"https:\\\/\\\/exaudi.org\\\/#website\"},\"primaryImageOfPage\":{\"@id\":\"https:\\\/\\\/exaudi.org\\\/es\\\/presentacion-jornada-oracion-libano-2021\\\/#primaryimage\"},\"image\":{\"@id\":\"https:\\\/\\\/exaudi.org\\\/es\\\/presentacion-jornada-oracion-libano-2021\\\/#primaryimage\"},\"thumbnailUrl\":\"https:\\\/\\\/exaudi.org\\\/wp-content\\\/uploads\\\/2021\\\/06\\\/65b42.jpg\",\"datePublished\":\"2021-06-25T10:03:07+00:00\",\"dateModified\":\"2021-06-25T10:12:51+00:00\",\"author\":{\"@id\":\"https:\\\/\\\/exaudi.org\\\/#\\\/schema\\\/person\\\/d134b96438278131ce90c90c03fda6cd\"},\"description\":\"Esta ma\u00f1ana ha tenido lugar v\u00eda streaming la conferencia de presentaci\u00f3n de la Jornada de Oraci\u00f3n por L\u00edbano, que ser\u00e1 el pr\u00f3ximo 1 de julio.\",\"breadcrumb\":{\"@id\":\"https:\\\/\\\/exaudi.org\\\/es\\\/presentacion-jornada-oracion-libano-2021\\\/#breadcrumb\"},\"inLanguage\":\"es\",\"potentialAction\":[{\"@type\":\"ReadAction\",\"target\":[\"https:\\\/\\\/exaudi.org\\\/es\\\/presentacion-jornada-oracion-libano-2021\\\/\"]}]},{\"@type\":\"ImageObject\",\"inLanguage\":\"es\",\"@id\":\"https:\\\/\\\/exaudi.org\\\/es\\\/presentacion-jornada-oracion-libano-2021\\\/#primaryimage\",\"url\":\"https:\\\/\\\/exaudi.org\\\/wp-content\\\/uploads\\\/2021\\\/06\\\/65b42.jpg\",\"contentUrl\":\"https:\\\/\\\/exaudi.org\\\/wp-content\\\/uploads\\\/2021\\\/06\\\/65b42.jpg\",\"width\":868,\"height\":483,\"caption\":\"El Papa con una bandera de L\u00edbano \u00a9 Vatican Media\"},{\"@type\":\"BreadcrumbList\",\"@id\":\"https:\\\/\\\/exaudi.org\\\/es\\\/presentacion-jornada-oracion-libano-2021\\\/#breadcrumb\",\"itemListElement\":[{\"@type\":\"ListItem\",\"position\":1,\"name\":\"Portada\",\"item\":\"https:\\\/\\\/exaudi.org\\\/es\\\/\"},{\"@type\":\"ListItem\",\"position\":2,\"name\":\"Presentaci\u00f3n de la Jornada de Oraci\u00f3n por L\u00edbano\"}]},{\"@type\":\"WebSite\",\"@id\":\"https:\\\/\\\/exaudi.org\\\/#website\",\"url\":\"https:\\\/\\\/exaudi.org\\\/\",\"name\":\"Exaudi\",\"description\":\"News\",\"potentialAction\":[{\"@type\":\"SearchAction\",\"target\":{\"@type\":\"EntryPoint\",\"urlTemplate\":\"https:\\\/\\\/exaudi.org\\\/?s={search_term_string}\"},\"query-input\":{\"@type\":\"PropertyValueSpecification\",\"valueRequired\":true,\"valueName\":\"search_term_string\"}}],\"inLanguage\":\"es\"},{\"@type\":\"Person\",\"@id\":\"https:\\\/\\\/exaudi.org\\\/#\\\/schema\\\/person\\\/d134b96438278131ce90c90c03fda6cd\",\"name\":\"Gabriel Sales\",\"image\":{\"@type\":\"ImageObject\",\"inLanguage\":\"es\",\"@id\":\"https:\\\/\\\/secure.gravatar.com\\\/avatar\\\/9b1269566f6a063ed26ffb3532b66a373cdde231ce5d0effb266167437fdaffd?s=96&d=mm&r=g\",\"url\":\"https:\\\/\\\/secure.gravatar.com\\\/avatar\\\/9b1269566f6a063ed26ffb3532b66a373cdde231ce5d0effb266167437fdaffd?s=96&d=mm&r=g\",\"contentUrl\":\"https:\\\/\\\/secure.gravatar.com\\\/avatar\\\/9b1269566f6a063ed26ffb3532b66a373cdde231ce5d0effb266167437fdaffd?s=96&d=mm&r=g\",\"caption\":\"Gabriel Sales\"},\"description\":\"Periodista y especialista en Comunicaci\u00f3n y Branding digital. Cin\u00e9filo y cr\u00edtico de cine y series de televisi\u00f3n.\",\"sameAs\":[\"https:\\\/\\\/www.instagram.com\\\/cine90segundos\\\/\",\"www.linkedin.com\\\/in\\\/habemusman\",\"https:\\\/\\\/x.com\\\/habemusman\",\"https:\\\/\\\/www.youtube.com\\\/channel\\\/UCVfCiOMkJ_C7T7OpyjuaLDg\"],\"url\":\"https:\\\/\\\/exaudi.org\\\/es\\\/author\\\/gsalesexaudi-org\\\/\"}]}<\/script>\n<!-- \/ Yoast SEO plugin. -->","yoast_head_json":{"title":"Presentaci\u00f3n de la Jornada de Oraci\u00f3n por L\u00edbano &#8211; Exaudi","description":"Esta ma\u00f1ana ha tenido lugar v\u00eda streaming la conferencia de presentaci\u00f3n de la Jornada de Oraci\u00f3n por L\u00edbano, que ser\u00e1 el pr\u00f3ximo 1 de julio.","robots":{"index":"index","follow":"follow","max-snippet":"max-snippet:-1","max-image-preview":"max-image-preview:large","max-video-preview":"max-video-preview:-1"},"canonical":"https:\/\/exaudi.org\/es\/presentacion-jornada-oracion-libano-2021\/","og_locale":"es_ES","og_type":"article","og_title":"Presentaci\u00f3n de la Jornada de Oraci\u00f3n por L\u00edbano &#8211; Exaudi","og_description":"Esta ma\u00f1ana ha tenido lugar v\u00eda streaming la conferencia de presentaci\u00f3n de la Jornada de Oraci\u00f3n por L\u00edbano, que ser\u00e1 el pr\u00f3ximo 1 de julio.","og_url":"https:\/\/exaudi.org\/es\/presentacion-jornada-oracion-libano-2021\/","og_site_name":"Exaudi","article_publisher":"https:\/\/www.facebook.com\/ExaudiNews","article_published_time":"2021-06-25T10:03:07+00:00","article_modified_time":"2021-06-25T10:12:51+00:00","og_image":[{"width":868,"height":483,"url":"https:\/\/exaudi.org\/wp-content\/uploads\/2021\/06\/65b42.jpg","type":"image\/jpeg"}],"author":"Gabriel Sales","twitter_card":"summary_large_image","twitter_creator":"@habemusman","twitter_site":"@Exaudi_News","twitter_misc":{"Escrito por":"Gabriel Sales","Tiempo de lectura":"4 minutos"},"schema":{"@context":"https:\/\/schema.org","@graph":[{"@type":"Article","@id":"https:\/\/exaudi.org\/es\/presentacion-jornada-oracion-libano-2021\/#article","isPartOf":{"@id":"https:\/\/exaudi.org\/es\/presentacion-jornada-oracion-libano-2021\/"},"author":{"name":"Gabriel Sales","@id":"https:\/\/exaudi.org\/#\/schema\/person\/d134b96438278131ce90c90c03fda6cd"},"headline":"Presentaci\u00f3n de la Jornada de Oraci\u00f3n por L\u00edbano","datePublished":"2021-06-25T10:03:07+00:00","dateModified":"2021-06-25T10:12:51+00:00","mainEntityOfPage":{"@id":"https:\/\/exaudi.org\/es\/presentacion-jornada-oracion-libano-2021\/"},"wordCount":848,"image":{"@id":"https:\/\/exaudi.org\/es\/presentacion-jornada-oracion-libano-2021\/#primaryimage"},"thumbnailUrl":"https:\/\/exaudi.org\/wp-content\/uploads\/2021\/06\/65b42.jpg","keywords":["Conferencia","Featured","Jornada de oraci\u00f3n","L\u00edbano","Presentaci\u00f3n"],"articleSection":["Dicasterios"],"inLanguage":"es"},{"@type":"WebPage","@id":"https:\/\/exaudi.org\/es\/presentacion-jornada-oracion-libano-2021\/","url":"https:\/\/exaudi.org\/es\/presentacion-jornada-oracion-libano-2021\/","name":"Presentaci\u00f3n de la Jornada de Oraci\u00f3n por L\u00edbano &#8211; Exaudi","isPartOf":{"@id":"https:\/\/exaudi.org\/#website"},"primaryImageOfPage":{"@id":"https:\/\/exaudi.org\/es\/presentacion-jornada-oracion-libano-2021\/#primaryimage"},"image":{"@id":"https:\/\/exaudi.org\/es\/presentacion-jornada-oracion-libano-2021\/#primaryimage"},"thumbnailUrl":"https:\/\/exaudi.org\/wp-content\/uploads\/2021\/06\/65b42.jpg","datePublished":"2021-06-25T10:03:07+00:00","dateModified":"2021-06-25T10:12:51+00:00","author":{"@id":"https:\/\/exaudi.org\/#\/schema\/person\/d134b96438278131ce90c90c03fda6cd"},"description":"Esta ma\u00f1ana ha tenido lugar v\u00eda streaming la conferencia de presentaci\u00f3n de la Jornada de Oraci\u00f3n por L\u00edbano, que ser\u00e1 el pr\u00f3ximo 1 de julio.","breadcrumb":{"@id":"https:\/\/exaudi.org\/es\/presentacion-jornada-oracion-libano-2021\/#breadcrumb"},"inLanguage":"es","potentialAction":[{"@type":"ReadAction","target":["https:\/\/exaudi.org\/es\/presentacion-jornada-oracion-libano-2021\/"]}]},{"@type":"ImageObject","inLanguage":"es","@id":"https:\/\/exaudi.org\/es\/presentacion-jornada-oracion-libano-2021\/#primaryimage","url":"https:\/\/exaudi.org\/wp-content\/uploads\/2021\/06\/65b42.jpg","contentUrl":"https:\/\/exaudi.org\/wp-content\/uploads\/2021\/06\/65b42.jpg","width":868,"height":483,"caption":"El Papa con una bandera de L\u00edbano \u00a9 Vatican Media"},{"@type":"BreadcrumbList","@id":"https:\/\/exaudi.org\/es\/presentacion-jornada-oracion-libano-2021\/#breadcrumb","itemListElement":[{"@type":"ListItem","position":1,"name":"Portada","item":"https:\/\/exaudi.org\/es\/"},{"@type":"ListItem","position":2,"name":"Presentaci\u00f3n de la Jornada de Oraci\u00f3n por L\u00edbano"}]},{"@type":"WebSite","@id":"https:\/\/exaudi.org\/#website","url":"https:\/\/exaudi.org\/","name":"Exaudi","description":"News","potentialAction":[{"@type":"SearchAction","target":{"@type":"EntryPoint","urlTemplate":"https:\/\/exaudi.org\/?s={search_term_string}"},"query-input":{"@type":"PropertyValueSpecification","valueRequired":true,"valueName":"search_term_string"}}],"inLanguage":"es"},{"@type":"Person","@id":"https:\/\/exaudi.org\/#\/schema\/person\/d134b96438278131ce90c90c03fda6cd","name":"Gabriel Sales","image":{"@type":"ImageObject","inLanguage":"es","@id":"https:\/\/secure.gravatar.com\/avatar\/9b1269566f6a063ed26ffb3532b66a373cdde231ce5d0effb266167437fdaffd?s=96&d=mm&r=g","url":"https:\/\/secure.gravatar.com\/avatar\/9b1269566f6a063ed26ffb3532b66a373cdde231ce5d0effb266167437fdaffd?s=96&d=mm&r=g","contentUrl":"https:\/\/secure.gravatar.com\/avatar\/9b1269566f6a063ed26ffb3532b66a373cdde231ce5d0effb266167437fdaffd?s=96&d=mm&r=g","caption":"Gabriel Sales"},"description":"Periodista y especialista en Comunicaci\u00f3n y Branding digital. Cin\u00e9filo y cr\u00edtico de cine y series de televisi\u00f3n.","sameAs":["https:\/\/www.instagram.com\/cine90segundos\/","www.linkedin.com\/in\/habemusman","https:\/\/x.com\/habemusman","https:\/\/www.youtube.com\/channel\/UCVfCiOMkJ_C7T7OpyjuaLDg"],"url":"https:\/\/exaudi.org\/es\/author\/gsalesexaudi-org\/"}]}},"jetpack_featured_media_url":"https:\/\/exaudi.org\/wp-content\/uploads\/2021\/06\/65b42.jpg","jetpack_shortlink":"https:\/\/wp.me\/pgKjF2-6iW","_links":{"self":[{"href":"https:\/\/exaudi.org\/es\/wp-json\/wp\/v2\/posts\/24238","targetHints":{"allow":["GET"]}}],"collection":[{"href":"https:\/\/exaudi.org\/es\/wp-json\/wp\/v2\/posts"}],"about":[{"href":"https:\/\/exaudi.org\/es\/wp-json\/wp\/v2\/types\/post"}],"author":[{"embeddable":true,"href":"https:\/\/exaudi.org\/es\/wp-json\/wp\/v2\/users\/6"}],"replies":[{"embeddable":true,"href":"https:\/\/exaudi.org\/es\/wp-json\/wp\/v2\/comments?post=24238"}],"version-history":[{"count":0,"href":"https:\/\/exaudi.org\/es\/wp-json\/wp\/v2\/posts\/24238\/revisions"}],"wp:featuredmedia":[{"embeddable":true,"href":"https:\/\/exaudi.org\/es\/wp-json\/wp\/v2\/media\/24258"}],"wp:attachment":[{"href":"https:\/\/exaudi.org\/es\/wp-json\/wp\/v2\/media?parent=24238"}],"wp:term":[{"taxonomy":"category","embeddable":true,"href":"https:\/\/exaudi.org\/es\/wp-json\/wp\/v2\/categories?post=24238"},{"taxonomy":"post_tag","embeddable":true,"href":"https:\/\/exaudi.org\/es\/wp-json\/wp\/v2\/tags?post=24238"}],"curies":[{"name":"wp","href":"https:\/\/api.w.org\/{rel}","templated":true}]}}