{"id":24021,"date":"2021-06-24T12:26:53","date_gmt":"2021-06-24T10:26:53","guid":{"rendered":"https:\/\/exaudi.org\/?p=24021"},"modified":"2021-06-24T17:15:10","modified_gmt":"2021-06-24T15:15:10","slug":"bolivia-el-papa-nombra-obispo-auxiliar-de-cochabamba","status":"publish","type":"post","link":"https:\/\/exaudi.org\/es\/bolivia-el-papa-nombra-obispo-auxiliar-de-cochabamba\/","title":{"rendered":"Bolivia: El Papa nombra obispo auxiliar de Cochabamba"},"content":{"rendered":"<p>El Papa Francisco ha nombrado obispo auxiliar de la <a href=\"https:\/\/www.iglesiacbba.org\/\" target=\"_blank\" rel=\"noopener noreferrer\">archidi\u00f3cesis metropolitana de Cochabamba<\/a>, <a href=\"https:\/\/exaudi.org\/es\/bolivia-iglesia-pide-gobierno-prontitud-en-vacunas\/\" target=\"_blank\" rel=\"noopener noreferrer\">Bolivia<\/a>, al reverendo V\u00edctor Iv\u00e1n Vargas Galarza, del clero de la misma archidi\u00f3cesis, hasta ahora p\u00e1rroco de San Ildefonso en Quillacollo y rector del santuario arquidiocesano V\u00edrgen Mar\u00eda de Urkupi\u00f1a, asign\u00e1ndole la sede titular de Bladia.<\/p>\n<p>As\u00ed ha informado hoy, 24 de junio de 2021, la Oficina de Prensa de la Santa Sede.<\/p>\n<h4><strong>Mons. V\u00edctor Iv\u00e1n Vargas Galarza <\/strong><\/h4>\n<p>Naci\u00f3 el 14 de diciembre de 1968 en Cochabamba. Fue ordenado sacerdote el 10 de mayo de 1997 para la misma archidi\u00f3cesis.<\/p>\n<p>Curs\u00f3 el a\u00f1o proped\u00e9utico en el Seminario San Crist\u00f3bal de Sucre y estudios de Filosof\u00eda y Teolog\u00eda en el Seminario Nacional San Jos\u00e9 de Cochabamba. Obtuvo la Licenciatura en Teolog\u00eda Lit\u00fargica en la Facultad de Teolog\u00eda de Catalu\u00f1a en Barcelona, Espa\u00f1a.<\/p>\n<p>Ha ocupado los siguientes cargos: Vicario parroquial de\u00a0San Ildefonso\u00a0en Quillacollo ;vicario parroquial de San Juan Bautista en Punata; formador en el\u00a0Seminario Nacional San Jos\u00e9\u00a0en Cochabamba; asistente diocesano de las Comunidades Eclesiales de Base.<\/p>\n<p>Tambi\u00e9n ejerci\u00f3 como vicario for\u00e1neo de Valle Bajo (2008-2010); asesor de la Comisi\u00f3n archidiocesana de Liturgia (2009-2021) y p\u00e1rroco de\u00a0San Miguel\u00a0en Tiquipaya (2012-2021). Hasta ahora ha sido p\u00e1rroco de\u00a0San Ildefonso\u00a0en Quillacollo y rector del santuario arquidiocesano\u00a0Virgen Mar\u00eda de Urkupi\u00f1a.<\/p>\n","protected":false},"excerpt":{"rendered":"<p>Mons. V\u00edctor Iv\u00e1n Vargas Galarza<\/p>\n","protected":false},"author":15,"featured_media":24023,"comment_status":"open","ping_status":"open","sticky":false,"template":"","format":"standard","meta":{"_acf_changed":false,"_crdt_document":"","inline_featured_image":false,"footnotes":""},"categories":[86,298],"tags":[3026,1338,3027],"class_list":["post-24021","post","type-post","status-publish","format-standard","has-post-thumbnail","hentry","category-iglesia-local","category-ultimas-noticias","tag-arquidiocesis-de-cochabamba","tag-bolivia","tag-victor-ivan-vargas-galarza"],"acf":[],"yoast_head":"<!-- This site is optimized with the Yoast SEO plugin v27.5 - https:\/\/yoast.com\/product\/yoast-seo-wordpress\/ -->\n<title>Bolivia: El Papa nombra obispo auxiliar de Cochabamba &#8211; Exaudi<\/title>\n<meta name=\"description\" content=\"Bolivia: El Papa ha nombrado obispo auxiliar de la archidi\u00f3cesis de Cochabamba a V\u00edctor Iv\u00e1n Vargas Galarza, de clero de la misma di\u00f3cesis\" \/>\n<meta name=\"robots\" content=\"index, follow, max-snippet:-1, max-image-preview:large, max-video-preview:-1\" \/>\n<link rel=\"canonical\" href=\"https:\/\/exaudi.org\/es\/bolivia-el-papa-nombra-obispo-auxiliar-de-cochabamba\/\" \/>\n<meta property=\"og:locale\" content=\"es_ES\" \/>\n<meta property=\"og:type\" content=\"article\" \/>\n<meta property=\"og:title\" content=\"Bolivia: El Papa nombra obispo auxiliar de Cochabamba &#8211; Exaudi\" \/>\n<meta property=\"og:description\" content=\"Bolivia: El Papa ha nombrado obispo auxiliar de la archidi\u00f3cesis de Cochabamba a V\u00edctor Iv\u00e1n Vargas Galarza, de clero de la misma di\u00f3cesis\" \/>\n<meta property=\"og:url\" content=\"https:\/\/exaudi.org\/es\/bolivia-el-papa-nombra-obispo-auxiliar-de-cochabamba\/\" \/>\n<meta property=\"og:site_name\" content=\"Exaudi\" \/>\n<meta property=\"article:publisher\" content=\"https:\/\/www.facebook.com\/ExaudiNews\" \/>\n<meta property=\"article:author\" content=\"https:\/\/www.facebook.com\/ExaudiNoticias\/\" \/>\n<meta property=\"article:published_time\" content=\"2021-06-24T10:26:53+00:00\" \/>\n<meta property=\"article:modified_time\" content=\"2021-06-24T15:15:10+00:00\" \/>\n<meta property=\"og:image\" content=\"https:\/\/exaudi.org\/wp-content\/uploads\/2021\/06\/Victor-Ivan-Vargas-Galarza-Arquidiocesis-de-Cochabamba.jpg\" \/>\n\t<meta property=\"og:image:width\" content=\"1000\" \/>\n\t<meta property=\"og:image:height\" content=\"700\" \/>\n\t<meta property=\"og:image:type\" content=\"image\/jpeg\" \/>\n<meta name=\"author\" content=\"Exaudi Redacci\u00f3n\" \/>\n<meta name=\"twitter:card\" content=\"summary_large_image\" \/>\n<meta name=\"twitter:creator\" content=\"@Exaudi_noticias\" \/>\n<meta name=\"twitter:site\" content=\"@Exaudi_News\" \/>\n<meta name=\"twitter:label1\" content=\"Escrito por\" \/>\n\t<meta name=\"twitter:data1\" content=\"Exaudi Redacci\u00f3n\" \/>\n\t<meta name=\"twitter:label2\" content=\"Tiempo de lectura\" \/>\n\t<meta name=\"twitter:data2\" content=\"1 minuto\" \/>\n<script type=\"application\/ld+json\" class=\"yoast-schema-graph\">{\"@context\":\"https:\\\/\\\/schema.org\",\"@graph\":[{\"@type\":\"Article\",\"@id\":\"https:\\\/\\\/exaudi.org\\\/es\\\/bolivia-el-papa-nombra-obispo-auxiliar-de-cochabamba\\\/#article\",\"isPartOf\":{\"@id\":\"https:\\\/\\\/exaudi.org\\\/es\\\/bolivia-el-papa-nombra-obispo-auxiliar-de-cochabamba\\\/\"},\"author\":{\"name\":\"Exaudi Redacci\u00f3n\",\"@id\":\"https:\\\/\\\/exaudi.org\\\/#\\\/schema\\\/person\\\/f5fc8f063065e38742da7afe15f25df7\"},\"headline\":\"Bolivia: El Papa nombra obispo auxiliar de Cochabamba\",\"datePublished\":\"2021-06-24T10:26:53+00:00\",\"dateModified\":\"2021-06-24T15:15:10+00:00\",\"mainEntityOfPage\":{\"@id\":\"https:\\\/\\\/exaudi.org\\\/es\\\/bolivia-el-papa-nombra-obispo-auxiliar-de-cochabamba\\\/\"},\"wordCount\":246,\"commentCount\":0,\"image\":{\"@id\":\"https:\\\/\\\/exaudi.org\\\/es\\\/bolivia-el-papa-nombra-obispo-auxiliar-de-cochabamba\\\/#primaryimage\"},\"thumbnailUrl\":\"https:\\\/\\\/exaudi.org\\\/wp-content\\\/uploads\\\/2021\\\/06\\\/Victor-Ivan-Vargas-Galarza-Arquidiocesis-de-Cochabamba.jpg\",\"keywords\":[\"Arquidi\u00f3cesis de Cochabamba\",\"Bolivia\",\"V\u00edctor Iv\u00e1n Vargas Galarza\"],\"articleSection\":[\"Iglesia Local\",\"\u00daltimas noticias\"],\"inLanguage\":\"es\",\"potentialAction\":[{\"@type\":\"CommentAction\",\"name\":\"Comment\",\"target\":[\"https:\\\/\\\/exaudi.org\\\/es\\\/bolivia-el-papa-nombra-obispo-auxiliar-de-cochabamba\\\/#respond\"]}]},{\"@type\":\"WebPage\",\"@id\":\"https:\\\/\\\/exaudi.org\\\/es\\\/bolivia-el-papa-nombra-obispo-auxiliar-de-cochabamba\\\/\",\"url\":\"https:\\\/\\\/exaudi.org\\\/es\\\/bolivia-el-papa-nombra-obispo-auxiliar-de-cochabamba\\\/\",\"name\":\"Bolivia: El Papa nombra obispo auxiliar de Cochabamba &#8211; Exaudi\",\"isPartOf\":{\"@id\":\"https:\\\/\\\/exaudi.org\\\/#website\"},\"primaryImageOfPage\":{\"@id\":\"https:\\\/\\\/exaudi.org\\\/es\\\/bolivia-el-papa-nombra-obispo-auxiliar-de-cochabamba\\\/#primaryimage\"},\"image\":{\"@id\":\"https:\\\/\\\/exaudi.org\\\/es\\\/bolivia-el-papa-nombra-obispo-auxiliar-de-cochabamba\\\/#primaryimage\"},\"thumbnailUrl\":\"https:\\\/\\\/exaudi.org\\\/wp-content\\\/uploads\\\/2021\\\/06\\\/Victor-Ivan-Vargas-Galarza-Arquidiocesis-de-Cochabamba.jpg\",\"datePublished\":\"2021-06-24T10:26:53+00:00\",\"dateModified\":\"2021-06-24T15:15:10+00:00\",\"author\":{\"@id\":\"https:\\\/\\\/exaudi.org\\\/#\\\/schema\\\/person\\\/f5fc8f063065e38742da7afe15f25df7\"},\"description\":\"Bolivia: El Papa ha nombrado obispo auxiliar de la archidi\u00f3cesis de Cochabamba a V\u00edctor Iv\u00e1n Vargas Galarza, de clero de la misma di\u00f3cesis\",\"breadcrumb\":{\"@id\":\"https:\\\/\\\/exaudi.org\\\/es\\\/bolivia-el-papa-nombra-obispo-auxiliar-de-cochabamba\\\/#breadcrumb\"},\"inLanguage\":\"es\",\"potentialAction\":[{\"@type\":\"ReadAction\",\"target\":[\"https:\\\/\\\/exaudi.org\\\/es\\\/bolivia-el-papa-nombra-obispo-auxiliar-de-cochabamba\\\/\"]}]},{\"@type\":\"ImageObject\",\"inLanguage\":\"es\",\"@id\":\"https:\\\/\\\/exaudi.org\\\/es\\\/bolivia-el-papa-nombra-obispo-auxiliar-de-cochabamba\\\/#primaryimage\",\"url\":\"https:\\\/\\\/exaudi.org\\\/wp-content\\\/uploads\\\/2021\\\/06\\\/Victor-Ivan-Vargas-Galarza-Arquidiocesis-de-Cochabamba.jpg\",\"contentUrl\":\"https:\\\/\\\/exaudi.org\\\/wp-content\\\/uploads\\\/2021\\\/06\\\/Victor-Ivan-Vargas-Galarza-Arquidiocesis-de-Cochabamba.jpg\",\"width\":1000,\"height\":700,\"caption\":\"V\u00edctor Iv\u00e1n Vargas Galarza \u00a9 Arquidi\u00f3cesis de Cochabamba\"},{\"@type\":\"BreadcrumbList\",\"@id\":\"https:\\\/\\\/exaudi.org\\\/es\\\/bolivia-el-papa-nombra-obispo-auxiliar-de-cochabamba\\\/#breadcrumb\",\"itemListElement\":[{\"@type\":\"ListItem\",\"position\":1,\"name\":\"Portada\",\"item\":\"https:\\\/\\\/exaudi.org\\\/es\\\/\"},{\"@type\":\"ListItem\",\"position\":2,\"name\":\"Bolivia: El Papa nombra obispo auxiliar de Cochabamba\"}]},{\"@type\":\"WebSite\",\"@id\":\"https:\\\/\\\/exaudi.org\\\/#website\",\"url\":\"https:\\\/\\\/exaudi.org\\\/\",\"name\":\"Exaudi\",\"description\":\"News\",\"potentialAction\":[{\"@type\":\"SearchAction\",\"target\":{\"@type\":\"EntryPoint\",\"urlTemplate\":\"https:\\\/\\\/exaudi.org\\\/?s={search_term_string}\"},\"query-input\":{\"@type\":\"PropertyValueSpecification\",\"valueRequired\":true,\"valueName\":\"search_term_string\"}}],\"inLanguage\":\"es\"},{\"@type\":\"Person\",\"@id\":\"https:\\\/\\\/exaudi.org\\\/#\\\/schema\\\/person\\\/f5fc8f063065e38742da7afe15f25df7\",\"name\":\"Exaudi Redacci\u00f3n\",\"image\":{\"@type\":\"ImageObject\",\"inLanguage\":\"es\",\"@id\":\"https:\\\/\\\/secure.gravatar.com\\\/avatar\\\/fe0f6a059fb68d9b3e11bc5850dd4899b1c7492091a3cb6dd9b01b56ad828be2?s=96&d=mm&r=g\",\"url\":\"https:\\\/\\\/secure.gravatar.com\\\/avatar\\\/fe0f6a059fb68d9b3e11bc5850dd4899b1c7492091a3cb6dd9b01b56ad828be2?s=96&d=mm&r=g\",\"contentUrl\":\"https:\\\/\\\/secure.gravatar.com\\\/avatar\\\/fe0f6a059fb68d9b3e11bc5850dd4899b1c7492091a3cb6dd9b01b56ad828be2?s=96&d=mm&r=g\",\"caption\":\"Exaudi Redacci\u00f3n\"},\"description\":\"\u00bfQu\u00e9 es Exaudi News? Exaudi News es un medio de comunicaci\u00f3n cat\u00f3lico internacional que informa, forma y transforma, diariamente en espa\u00f1ol, ingl\u00e9s e italiano. A trav\u00e9s de noticias, art\u00edculos de an\u00e1lisis y transmisiones en directo de los eventos del Papa, Exaudi busca fortalecer la unidad de los cristianos y contribuir a la evangelizaci\u00f3n del mundo, siempre guiados por la doctrina social de la Iglesia. Trabajamos para acercar la verdad y los valores cristianos a cada rinc\u00f3n del planeta. \u00a1Ay\u00fadanos a transformar el mundo con Exaudi! En Exaudi creemos que la evangelizaci\u00f3n y la informaci\u00f3n de calidad pueden cambiar vidas. Para continuar con nuestra misi\u00f3n y expandir nuestro alcance, necesitamos tu ayuda. Adem\u00e1s, buscamos personas comprometidas que deseen unirse a nuestro equipo. Con tu apoyo, lograremos llegar a m\u00e1s personas, difundir el mensaje de Cristo y reforzar la unidad de los cristianos. \u00bfTe unes a nuestra misi\u00f3n? Para m\u00e1s informaci\u00f3n sobre c\u00f3mo colaborar, visita Exaudi.org\\\/es o cont\u00e1ctanos directamente: info@exaudi.org Exaudi: Informa, forma y transforma.\",\"sameAs\":[\"https:\\\/\\\/www.facebook.com\\\/ExaudiNoticias\\\/\",\"https:\\\/\\\/www.instagram.com\\\/exaudi_noticias\\\/\",\"https:\\\/\\\/x.com\\\/Exaudi_noticias\",\"https:\\\/\\\/www.youtube.com\\\/@exaudicatholicnews\"],\"url\":\"https:\\\/\\\/exaudi.org\\\/es\\\/author\\\/redaccionexaudi\\\/\"}]}<\/script>\n<!-- \/ Yoast SEO plugin. -->","yoast_head_json":{"title":"Bolivia: El Papa nombra obispo auxiliar de Cochabamba &#8211; Exaudi","description":"Bolivia: El Papa ha nombrado obispo auxiliar de la archidi\u00f3cesis de Cochabamba a V\u00edctor Iv\u00e1n Vargas Galarza, de clero de la misma di\u00f3cesis","robots":{"index":"index","follow":"follow","max-snippet":"max-snippet:-1","max-image-preview":"max-image-preview:large","max-video-preview":"max-video-preview:-1"},"canonical":"https:\/\/exaudi.org\/es\/bolivia-el-papa-nombra-obispo-auxiliar-de-cochabamba\/","og_locale":"es_ES","og_type":"article","og_title":"Bolivia: El Papa nombra obispo auxiliar de Cochabamba &#8211; Exaudi","og_description":"Bolivia: El Papa ha nombrado obispo auxiliar de la archidi\u00f3cesis de Cochabamba a V\u00edctor Iv\u00e1n Vargas Galarza, de clero de la misma di\u00f3cesis","og_url":"https:\/\/exaudi.org\/es\/bolivia-el-papa-nombra-obispo-auxiliar-de-cochabamba\/","og_site_name":"Exaudi","article_publisher":"https:\/\/www.facebook.com\/ExaudiNews","article_author":"https:\/\/www.facebook.com\/ExaudiNoticias\/","article_published_time":"2021-06-24T10:26:53+00:00","article_modified_time":"2021-06-24T15:15:10+00:00","og_image":[{"width":1000,"height":700,"url":"https:\/\/exaudi.org\/wp-content\/uploads\/2021\/06\/Victor-Ivan-Vargas-Galarza-Arquidiocesis-de-Cochabamba.jpg","type":"image\/jpeg"}],"author":"Exaudi Redacci\u00f3n","twitter_card":"summary_large_image","twitter_creator":"@Exaudi_noticias","twitter_site":"@Exaudi_News","twitter_misc":{"Escrito por":"Exaudi Redacci\u00f3n","Tiempo de lectura":"1 minuto"},"schema":{"@context":"https:\/\/schema.org","@graph":[{"@type":"Article","@id":"https:\/\/exaudi.org\/es\/bolivia-el-papa-nombra-obispo-auxiliar-de-cochabamba\/#article","isPartOf":{"@id":"https:\/\/exaudi.org\/es\/bolivia-el-papa-nombra-obispo-auxiliar-de-cochabamba\/"},"author":{"name":"Exaudi Redacci\u00f3n","@id":"https:\/\/exaudi.org\/#\/schema\/person\/f5fc8f063065e38742da7afe15f25df7"},"headline":"Bolivia: El Papa nombra obispo auxiliar de Cochabamba","datePublished":"2021-06-24T10:26:53+00:00","dateModified":"2021-06-24T15:15:10+00:00","mainEntityOfPage":{"@id":"https:\/\/exaudi.org\/es\/bolivia-el-papa-nombra-obispo-auxiliar-de-cochabamba\/"},"wordCount":246,"commentCount":0,"image":{"@id":"https:\/\/exaudi.org\/es\/bolivia-el-papa-nombra-obispo-auxiliar-de-cochabamba\/#primaryimage"},"thumbnailUrl":"https:\/\/exaudi.org\/wp-content\/uploads\/2021\/06\/Victor-Ivan-Vargas-Galarza-Arquidiocesis-de-Cochabamba.jpg","keywords":["Arquidi\u00f3cesis de Cochabamba","Bolivia","V\u00edctor Iv\u00e1n Vargas Galarza"],"articleSection":["Iglesia Local","\u00daltimas noticias"],"inLanguage":"es","potentialAction":[{"@type":"CommentAction","name":"Comment","target":["https:\/\/exaudi.org\/es\/bolivia-el-papa-nombra-obispo-auxiliar-de-cochabamba\/#respond"]}]},{"@type":"WebPage","@id":"https:\/\/exaudi.org\/es\/bolivia-el-papa-nombra-obispo-auxiliar-de-cochabamba\/","url":"https:\/\/exaudi.org\/es\/bolivia-el-papa-nombra-obispo-auxiliar-de-cochabamba\/","name":"Bolivia: El Papa nombra obispo auxiliar de Cochabamba &#8211; Exaudi","isPartOf":{"@id":"https:\/\/exaudi.org\/#website"},"primaryImageOfPage":{"@id":"https:\/\/exaudi.org\/es\/bolivia-el-papa-nombra-obispo-auxiliar-de-cochabamba\/#primaryimage"},"image":{"@id":"https:\/\/exaudi.org\/es\/bolivia-el-papa-nombra-obispo-auxiliar-de-cochabamba\/#primaryimage"},"thumbnailUrl":"https:\/\/exaudi.org\/wp-content\/uploads\/2021\/06\/Victor-Ivan-Vargas-Galarza-Arquidiocesis-de-Cochabamba.jpg","datePublished":"2021-06-24T10:26:53+00:00","dateModified":"2021-06-24T15:15:10+00:00","author":{"@id":"https:\/\/exaudi.org\/#\/schema\/person\/f5fc8f063065e38742da7afe15f25df7"},"description":"Bolivia: El Papa ha nombrado obispo auxiliar de la archidi\u00f3cesis de Cochabamba a V\u00edctor Iv\u00e1n Vargas Galarza, de clero de la misma di\u00f3cesis","breadcrumb":{"@id":"https:\/\/exaudi.org\/es\/bolivia-el-papa-nombra-obispo-auxiliar-de-cochabamba\/#breadcrumb"},"inLanguage":"es","potentialAction":[{"@type":"ReadAction","target":["https:\/\/exaudi.org\/es\/bolivia-el-papa-nombra-obispo-auxiliar-de-cochabamba\/"]}]},{"@type":"ImageObject","inLanguage":"es","@id":"https:\/\/exaudi.org\/es\/bolivia-el-papa-nombra-obispo-auxiliar-de-cochabamba\/#primaryimage","url":"https:\/\/exaudi.org\/wp-content\/uploads\/2021\/06\/Victor-Ivan-Vargas-Galarza-Arquidiocesis-de-Cochabamba.jpg","contentUrl":"https:\/\/exaudi.org\/wp-content\/uploads\/2021\/06\/Victor-Ivan-Vargas-Galarza-Arquidiocesis-de-Cochabamba.jpg","width":1000,"height":700,"caption":"V\u00edctor Iv\u00e1n Vargas Galarza \u00a9 Arquidi\u00f3cesis de Cochabamba"},{"@type":"BreadcrumbList","@id":"https:\/\/exaudi.org\/es\/bolivia-el-papa-nombra-obispo-auxiliar-de-cochabamba\/#breadcrumb","itemListElement":[{"@type":"ListItem","position":1,"name":"Portada","item":"https:\/\/exaudi.org\/es\/"},{"@type":"ListItem","position":2,"name":"Bolivia: El Papa nombra obispo auxiliar de Cochabamba"}]},{"@type":"WebSite","@id":"https:\/\/exaudi.org\/#website","url":"https:\/\/exaudi.org\/","name":"Exaudi","description":"News","potentialAction":[{"@type":"SearchAction","target":{"@type":"EntryPoint","urlTemplate":"https:\/\/exaudi.org\/?s={search_term_string}"},"query-input":{"@type":"PropertyValueSpecification","valueRequired":true,"valueName":"search_term_string"}}],"inLanguage":"es"},{"@type":"Person","@id":"https:\/\/exaudi.org\/#\/schema\/person\/f5fc8f063065e38742da7afe15f25df7","name":"Exaudi Redacci\u00f3n","image":{"@type":"ImageObject","inLanguage":"es","@id":"https:\/\/secure.gravatar.com\/avatar\/fe0f6a059fb68d9b3e11bc5850dd4899b1c7492091a3cb6dd9b01b56ad828be2?s=96&d=mm&r=g","url":"https:\/\/secure.gravatar.com\/avatar\/fe0f6a059fb68d9b3e11bc5850dd4899b1c7492091a3cb6dd9b01b56ad828be2?s=96&d=mm&r=g","contentUrl":"https:\/\/secure.gravatar.com\/avatar\/fe0f6a059fb68d9b3e11bc5850dd4899b1c7492091a3cb6dd9b01b56ad828be2?s=96&d=mm&r=g","caption":"Exaudi Redacci\u00f3n"},"description":"\u00bfQu\u00e9 es Exaudi News? Exaudi News es un medio de comunicaci\u00f3n cat\u00f3lico internacional que informa, forma y transforma, diariamente en espa\u00f1ol, ingl\u00e9s e italiano. A trav\u00e9s de noticias, art\u00edculos de an\u00e1lisis y transmisiones en directo de los eventos del Papa, Exaudi busca fortalecer la unidad de los cristianos y contribuir a la evangelizaci\u00f3n del mundo, siempre guiados por la doctrina social de la Iglesia. Trabajamos para acercar la verdad y los valores cristianos a cada rinc\u00f3n del planeta. \u00a1Ay\u00fadanos a transformar el mundo con Exaudi! En Exaudi creemos que la evangelizaci\u00f3n y la informaci\u00f3n de calidad pueden cambiar vidas. Para continuar con nuestra misi\u00f3n y expandir nuestro alcance, necesitamos tu ayuda. Adem\u00e1s, buscamos personas comprometidas que deseen unirse a nuestro equipo. Con tu apoyo, lograremos llegar a m\u00e1s personas, difundir el mensaje de Cristo y reforzar la unidad de los cristianos. \u00bfTe unes a nuestra misi\u00f3n? Para m\u00e1s informaci\u00f3n sobre c\u00f3mo colaborar, visita Exaudi.org\/es o cont\u00e1ctanos directamente: info@exaudi.org Exaudi: Informa, forma y transforma.","sameAs":["https:\/\/www.facebook.com\/ExaudiNoticias\/","https:\/\/www.instagram.com\/exaudi_noticias\/","https:\/\/x.com\/Exaudi_noticias","https:\/\/www.youtube.com\/@exaudicatholicnews"],"url":"https:\/\/exaudi.org\/es\/author\/redaccionexaudi\/"}]}},"jetpack_featured_media_url":"https:\/\/exaudi.org\/wp-content\/uploads\/2021\/06\/Victor-Ivan-Vargas-Galarza-Arquidiocesis-de-Cochabamba.jpg","jetpack_shortlink":"https:\/\/wp.me\/pgKjF2-6fr","_links":{"self":[{"href":"https:\/\/exaudi.org\/es\/wp-json\/wp\/v2\/posts\/24021","targetHints":{"allow":["GET"]}}],"collection":[{"href":"https:\/\/exaudi.org\/es\/wp-json\/wp\/v2\/posts"}],"about":[{"href":"https:\/\/exaudi.org\/es\/wp-json\/wp\/v2\/types\/post"}],"author":[{"embeddable":true,"href":"https:\/\/exaudi.org\/es\/wp-json\/wp\/v2\/users\/15"}],"replies":[{"embeddable":true,"href":"https:\/\/exaudi.org\/es\/wp-json\/wp\/v2\/comments?post=24021"}],"version-history":[{"count":0,"href":"https:\/\/exaudi.org\/es\/wp-json\/wp\/v2\/posts\/24021\/revisions"}],"wp:featuredmedia":[{"embeddable":true,"href":"https:\/\/exaudi.org\/es\/wp-json\/wp\/v2\/media\/24023"}],"wp:attachment":[{"href":"https:\/\/exaudi.org\/es\/wp-json\/wp\/v2\/media?parent=24021"}],"wp:term":[{"taxonomy":"category","embeddable":true,"href":"https:\/\/exaudi.org\/es\/wp-json\/wp\/v2\/categories?post=24021"},{"taxonomy":"post_tag","embeddable":true,"href":"https:\/\/exaudi.org\/es\/wp-json\/wp\/v2\/tags?post=24021"}],"curies":[{"name":"wp","href":"https:\/\/api.w.org\/{rel}","templated":true}]}}