{"id":23735,"date":"2021-06-23T11:25:19","date_gmt":"2021-06-23T09:25:19","guid":{"rendered":"https:\/\/exaudi.org\/?p=18160"},"modified":"2021-06-24T17:17:27","modified_gmt":"2021-06-24T15:17:27","slug":"venezuela-iglesia-dispuesta-a-facilitar-negociacion","status":"publish","type":"post","link":"https:\/\/exaudi.org\/es\/venezuela-iglesia-dispuesta-a-facilitar-negociacion\/","title":{"rendered":"Venezuela: Iglesia dispuesta a facilitar negociaci\u00f3n"},"content":{"rendered":"<p>El cardenal Baltazar Porras, administrador apost\u00f3lico de Caracas y arzobispo de M\u00e9rida, Venezuela, ha expresado la disposici\u00f3n de la Iglesia de facilitar una negociaci\u00f3n entre el r\u00e9gimen de Nicol\u00e1s Maduro y miembros de la oposici\u00f3n, liderada por Juan Guaid\u00f3.<\/p>\n<figure id=\"attachment_23770\" aria-describedby=\"caption-attachment-23770\" style=\"width: 300px\" class=\"wp-caption alignleft\"><img loading=\"lazy\" decoding=\"async\" class=\"Cardenal Baltazar Porras \u00a9 Arquidi\u00f3cesis de M\u00e9rida wp-image-23770 size-full\" title=\"Cardenal Baltazar Porras \u00a9 Arquidi\u00f3cesis de M\u00e9rida\" src=\"https:\/\/exaudi.org\/wp-content\/uploads\/2021\/06\/Cardenal-Baltazar-Porras-\u00a9-Arquidiocesis-de-Merida-300x216-1.jpg\" alt=\"Cardenal Baltazar Porras \u00a9 Arquidi\u00f3cesis de M\u00e9rida\" width=\"300\" height=\"216\" srcset=\"https:\/\/exaudi.org\/wp-content\/uploads\/2021\/06\/Cardenal-Baltazar-Porras-\u00a9-Arquidiocesis-de-Merida-300x216-1.jpg 300w, https:\/\/exaudi.org\/wp-content\/uploads\/2021\/06\/Cardenal-Baltazar-Porras-\u00a9-Arquidiocesis-de-Merida-300x216-1-150x108.jpg 150w\" sizes=\"auto, (max-width: 300px) 100vw, 300px\" \/><figcaption id=\"caption-attachment-23770\" class=\"wp-caption-text\">Cardenal Baltazar Porras \u00a9 Arquidi\u00f3cesis de M\u00e9rida<\/figcaption><\/figure>\n<p>\u201cEstamos al tanto aqu\u00ed y en el Vaticano del proceso negociaci\u00f3n. Como siempre, el papel nuestro no es querer ser mediador pero s\u00ed facilitador. De alguna forma la exigencia que tiene que haber es de supervisi\u00f3n; llegar a un di\u00e1logo no es a sentarnos a ver qu\u00e9 hay, los problemas ya est\u00e1n\u201d, expres\u00f3 en entrevista con la cadena radial \u00c9xitos.<\/p>\n<p>Seg\u00fan informa el <a href=\"http:\/\/celam.org\/\" target=\"_blank\" rel=\"noopener noreferrer\">Consejo Episcopal Latinoamericano<\/a> (CELAM) en una nota, el purpurado ha se\u00f1alado que esta negociaci\u00f3n, que a\u00fan se sit\u00faa en fase exploratoria, debe basarse en la voluntad pol\u00edtica real \u201cno en pa\u00f1itos calientes que no solucionar\u00e1n los problemas\u201d.<\/p>\n<h4><strong>Despolitizar la vacunaci\u00f3n<\/strong><\/h4>\n<p>Otro de los aspectos abordados por el purpurado es la despolitizaci\u00f3n del proceso de <a href=\"https:\/\/exaudi.org\/es\/venezuela-obispos-plan-vacunacion\/\" target=\"_blank\" rel=\"noopener noreferrer\">vacunaci\u00f3n en el pa\u00eds<\/a>, ya que \u201cse trata de la vida de los dem\u00e1s\u201d, y constituye un camino que se debe recorrer con racionalidad habida cuenta de la necesidad imperiosa de la poblaci\u00f3n de inmunizarse.<\/p>\n<p>\u201cAh\u00ed est\u00e1 el meollo de la cuesti\u00f3n y es lo que hace que la mayor\u00eda del pueblo se sienta desasistida porque se habla de muchas cosas, de un bando y de otro, pero \u00bfd\u00f3nde est\u00e1n mis necesidades, las de mi familia, de mi entorno, mi trabajo?\u201d, plantea el prelado venezolano.<\/p>\n<p>Del mismo modo, el cardenal ha mostrado la disposici\u00f3n que tiene la Iglesia en apoyar el plan de vacunaci\u00f3n, advirtiendo que \u201cqueremos que no sea una comandita para salir en una foto. Es la experiencia que tenemos\u201d.\u00a0De hecho, contin\u00faa, esto \u201ces algo que nos pidi\u00f3 el papa Francisco, en ese plan debemos ofrecer lo que tenemos sin b\u00fasqueda de protagonismo ni de querer quitarle el puesto a otros, sino con ese ofrecimiento que ah\u00ed est\u00e1\u201d.<\/p>\n<p>\u201cEn eso podemos avanzar y estamos dispuestos como Iglesia a avanzar en nuestra colaboraci\u00f3n, sin protagonismos, sin aplausos. Nos preocupan los m\u00e1s humildes, los que est\u00e1n en los barrios, en la frontera\u201d, apostill\u00f3.<\/p>\n<h4><strong>Superar la divisi\u00f3n, favorecer la inclusi\u00f3n<\/strong><\/h4>\n<p>Por otra parte, el cardenal Porras llama a que se respete tambi\u00e9n la libertad de expresi\u00f3n, de manera que \u201cno sintamos que simplemente por disentir somos puestos en la mira y la represi\u00f3n\u201d. En consecuencia, apunta, \u201cnecesitamos superarlo. Queremos salir de esta crisis y eso tenemos que hacerlo, Que sepamos que somos diferentes, pero no enemigos\u201d.<\/p>\n<p>\u201cCon tanta pr\u00e9dica de inclusi\u00f3n, con la b\u00fasqueda de qui\u00e9nes son los m\u00edos y qui\u00e9nes no, as\u00ed no se construye una familia ni una alcald\u00eda ni una urbanizaci\u00f3n ni un barrio. Hay que superar, indudablemente superarlo\u201d, indic\u00f3 de acuerdo al CELAM.<\/p>\n","protected":false},"excerpt":{"rendered":"<p>Entre r\u00e9gimen de Maduro y oposici\u00f3n liderada por Guaid\u00f3<\/p>\n","protected":false},"author":5,"featured_media":24004,"comment_status":"closed","ping_status":"closed","sticky":false,"template":"","format":"standard","meta":{"_acf_changed":false,"_crdt_document":"","inline_featured_image":false,"footnotes":""},"categories":[86,94,298],"tags":[966],"class_list":["post-23735","post","type-post","status-publish","format-standard","has-post-thumbnail","hentry","category-iglesia-local","category-justicia-y-paz","category-ultimas-noticias","tag-venezuela"],"acf":[],"yoast_head":"<!-- This site is optimized with the Yoast SEO plugin v27.5 - https:\/\/yoast.com\/product\/yoast-seo-wordpress\/ -->\n<title>Venezuela: Iglesia dispuesta a facilitar negociaci\u00f3n &#8211; Exaudi<\/title>\n<meta name=\"description\" content=\"Venezuela: Disposici\u00f3n de la Iglesia de facilitar una negociaci\u00f3n entre el r\u00e9gimen de Maduro y la oposici\u00f3n liderada por Guaid\u00f3\" \/>\n<meta name=\"robots\" content=\"index, follow, max-snippet:-1, max-image-preview:large, max-video-preview:-1\" \/>\n<link rel=\"canonical\" href=\"https:\/\/exaudi.org\/es\/venezuela-iglesia-dispuesta-a-facilitar-negociacion\/\" \/>\n<meta property=\"og:locale\" content=\"es_ES\" \/>\n<meta property=\"og:type\" content=\"article\" \/>\n<meta property=\"og:title\" content=\"Venezuela: Iglesia dispuesta a facilitar negociaci\u00f3n &#8211; Exaudi\" \/>\n<meta property=\"og:description\" content=\"Venezuela: Disposici\u00f3n de la Iglesia de facilitar una negociaci\u00f3n entre el r\u00e9gimen de Maduro y la oposici\u00f3n liderada por Guaid\u00f3\" \/>\n<meta property=\"og:url\" content=\"https:\/\/exaudi.org\/es\/venezuela-iglesia-dispuesta-a-facilitar-negociacion\/\" \/>\n<meta property=\"og:site_name\" content=\"Exaudi\" \/>\n<meta property=\"article:publisher\" content=\"https:\/\/www.facebook.com\/ExaudiNews\" \/>\n<meta property=\"article:published_time\" content=\"2021-06-23T09:25:19+00:00\" \/>\n<meta property=\"article:modified_time\" content=\"2021-06-24T15:17:27+00:00\" \/>\n<meta property=\"og:image\" content=\"https:\/\/exaudi.org\/wp-content\/uploads\/2021\/06\/architecture-people-sky-skyline-traffic-street-1133480-pxhere.com_-1.jpg\" \/>\n\t<meta property=\"og:image:width\" content=\"2123\" \/>\n\t<meta property=\"og:image:height\" content=\"1141\" \/>\n\t<meta property=\"og:image:type\" content=\"image\/jpeg\" \/>\n<meta name=\"author\" content=\"Larissa I. L\u00f3pez\" \/>\n<meta name=\"twitter:card\" content=\"summary_large_image\" \/>\n<meta name=\"twitter:creator\" content=\"@Exaudi_News\" \/>\n<meta name=\"twitter:site\" content=\"@Exaudi_News\" \/>\n<meta name=\"twitter:label1\" content=\"Escrito por\" \/>\n\t<meta name=\"twitter:data1\" content=\"Larissa I. L\u00f3pez\" \/>\n\t<meta name=\"twitter:label2\" content=\"Tiempo de lectura\" \/>\n\t<meta name=\"twitter:data2\" content=\"3 minutos\" \/>\n<script type=\"application\/ld+json\" class=\"yoast-schema-graph\">{\"@context\":\"https:\\\/\\\/schema.org\",\"@graph\":[{\"@type\":\"Article\",\"@id\":\"https:\\\/\\\/exaudi.org\\\/es\\\/venezuela-iglesia-dispuesta-a-facilitar-negociacion\\\/#article\",\"isPartOf\":{\"@id\":\"https:\\\/\\\/exaudi.org\\\/es\\\/venezuela-iglesia-dispuesta-a-facilitar-negociacion\\\/\"},\"author\":{\"name\":\"Larissa I. L\u00f3pez\",\"@id\":\"https:\\\/\\\/exaudi.org\\\/#\\\/schema\\\/person\\\/7d2f77db033c2c0929edfab6dbe8c588\"},\"headline\":\"Venezuela: Iglesia dispuesta a facilitar negociaci\u00f3n\",\"datePublished\":\"2021-06-23T09:25:19+00:00\",\"dateModified\":\"2021-06-24T15:17:27+00:00\",\"mainEntityOfPage\":{\"@id\":\"https:\\\/\\\/exaudi.org\\\/es\\\/venezuela-iglesia-dispuesta-a-facilitar-negociacion\\\/\"},\"wordCount\":524,\"image\":{\"@id\":\"https:\\\/\\\/exaudi.org\\\/es\\\/venezuela-iglesia-dispuesta-a-facilitar-negociacion\\\/#primaryimage\"},\"thumbnailUrl\":\"https:\\\/\\\/exaudi.org\\\/wp-content\\\/uploads\\\/2021\\\/06\\\/architecture-people-sky-skyline-traffic-street-1133480-pxhere.com_-1.jpg\",\"keywords\":[\"Venezuela\"],\"articleSection\":[\"Iglesia Local\",\"Justicia y Paz\",\"\u00daltimas noticias\"],\"inLanguage\":\"es\"},{\"@type\":\"WebPage\",\"@id\":\"https:\\\/\\\/exaudi.org\\\/es\\\/venezuela-iglesia-dispuesta-a-facilitar-negociacion\\\/\",\"url\":\"https:\\\/\\\/exaudi.org\\\/es\\\/venezuela-iglesia-dispuesta-a-facilitar-negociacion\\\/\",\"name\":\"Venezuela: Iglesia dispuesta a facilitar negociaci\u00f3n &#8211; Exaudi\",\"isPartOf\":{\"@id\":\"https:\\\/\\\/exaudi.org\\\/#website\"},\"primaryImageOfPage\":{\"@id\":\"https:\\\/\\\/exaudi.org\\\/es\\\/venezuela-iglesia-dispuesta-a-facilitar-negociacion\\\/#primaryimage\"},\"image\":{\"@id\":\"https:\\\/\\\/exaudi.org\\\/es\\\/venezuela-iglesia-dispuesta-a-facilitar-negociacion\\\/#primaryimage\"},\"thumbnailUrl\":\"https:\\\/\\\/exaudi.org\\\/wp-content\\\/uploads\\\/2021\\\/06\\\/architecture-people-sky-skyline-traffic-street-1133480-pxhere.com_-1.jpg\",\"datePublished\":\"2021-06-23T09:25:19+00:00\",\"dateModified\":\"2021-06-24T15:17:27+00:00\",\"author\":{\"@id\":\"https:\\\/\\\/exaudi.org\\\/#\\\/schema\\\/person\\\/7d2f77db033c2c0929edfab6dbe8c588\"},\"description\":\"Venezuela: Disposici\u00f3n de la Iglesia de facilitar una negociaci\u00f3n entre el r\u00e9gimen de Maduro y la oposici\u00f3n liderada por Guaid\u00f3\",\"breadcrumb\":{\"@id\":\"https:\\\/\\\/exaudi.org\\\/es\\\/venezuela-iglesia-dispuesta-a-facilitar-negociacion\\\/#breadcrumb\"},\"inLanguage\":\"es\",\"potentialAction\":[{\"@type\":\"ReadAction\",\"target\":[\"https:\\\/\\\/exaudi.org\\\/es\\\/venezuela-iglesia-dispuesta-a-facilitar-negociacion\\\/\"]}]},{\"@type\":\"ImageObject\",\"inLanguage\":\"es\",\"@id\":\"https:\\\/\\\/exaudi.org\\\/es\\\/venezuela-iglesia-dispuesta-a-facilitar-negociacion\\\/#primaryimage\",\"url\":\"https:\\\/\\\/exaudi.org\\\/wp-content\\\/uploads\\\/2021\\\/06\\\/architecture-people-sky-skyline-traffic-street-1133480-pxhere.com_-1.jpg\",\"contentUrl\":\"https:\\\/\\\/exaudi.org\\\/wp-content\\\/uploads\\\/2021\\\/06\\\/architecture-people-sky-skyline-traffic-street-1133480-pxhere.com_-1.jpg\",\"width\":2123,\"height\":1141,\"caption\":\"Vista de Maracaibo, Venezuela \u00a9 Pxhere\"},{\"@type\":\"BreadcrumbList\",\"@id\":\"https:\\\/\\\/exaudi.org\\\/es\\\/venezuela-iglesia-dispuesta-a-facilitar-negociacion\\\/#breadcrumb\",\"itemListElement\":[{\"@type\":\"ListItem\",\"position\":1,\"name\":\"Portada\",\"item\":\"https:\\\/\\\/exaudi.org\\\/es\\\/\"},{\"@type\":\"ListItem\",\"position\":2,\"name\":\"Venezuela: Iglesia dispuesta a facilitar negociaci\u00f3n\"}]},{\"@type\":\"WebSite\",\"@id\":\"https:\\\/\\\/exaudi.org\\\/#website\",\"url\":\"https:\\\/\\\/exaudi.org\\\/\",\"name\":\"Exaudi\",\"description\":\"News\",\"potentialAction\":[{\"@type\":\"SearchAction\",\"target\":{\"@type\":\"EntryPoint\",\"urlTemplate\":\"https:\\\/\\\/exaudi.org\\\/?s={search_term_string}\"},\"query-input\":{\"@type\":\"PropertyValueSpecification\",\"valueRequired\":true,\"valueName\":\"search_term_string\"}}],\"inLanguage\":\"es\"},{\"@type\":\"Person\",\"@id\":\"https:\\\/\\\/exaudi.org\\\/#\\\/schema\\\/person\\\/7d2f77db033c2c0929edfab6dbe8c588\",\"name\":\"Larissa I. L\u00f3pez\",\"image\":{\"@type\":\"ImageObject\",\"inLanguage\":\"es\",\"@id\":\"https:\\\/\\\/secure.gravatar.com\\\/avatar\\\/db3ef399ff343d0bb9d25dc5198bc8ece5ac6d621eca79876697a354dabc1e3f?s=96&d=mm&r=g\",\"url\":\"https:\\\/\\\/secure.gravatar.com\\\/avatar\\\/db3ef399ff343d0bb9d25dc5198bc8ece5ac6d621eca79876697a354dabc1e3f?s=96&d=mm&r=g\",\"contentUrl\":\"https:\\\/\\\/secure.gravatar.com\\\/avatar\\\/db3ef399ff343d0bb9d25dc5198bc8ece5ac6d621eca79876697a354dabc1e3f?s=96&d=mm&r=g\",\"caption\":\"Larissa I. L\u00f3pez\"},\"description\":\"Doctora en Comunicaci\u00f3n. Mi trayectoria profesional ha transcurrido entre el \u00e1mbito de la comunicaci\u00f3n y el de la docencia. En los \u00faltimos a\u00f1os, he trabajado como coordinadora y redactora de la edici\u00f3n de ZENIT en espa\u00f1ol. Como profesora, he impartido clases en la universidad y en centros de FP y bachillerato. Cordobesa de nacimiento, tambi\u00e9n he vivido en Sevilla, Madrid y Roma\",\"url\":\"https:\\\/\\\/exaudi.org\\\/es\\\/author\\\/llopezexaudi-org\\\/\"}]}<\/script>\n<!-- \/ Yoast SEO plugin. -->","yoast_head_json":{"title":"Venezuela: Iglesia dispuesta a facilitar negociaci\u00f3n &#8211; Exaudi","description":"Venezuela: Disposici\u00f3n de la Iglesia de facilitar una negociaci\u00f3n entre el r\u00e9gimen de Maduro y la oposici\u00f3n liderada por Guaid\u00f3","robots":{"index":"index","follow":"follow","max-snippet":"max-snippet:-1","max-image-preview":"max-image-preview:large","max-video-preview":"max-video-preview:-1"},"canonical":"https:\/\/exaudi.org\/es\/venezuela-iglesia-dispuesta-a-facilitar-negociacion\/","og_locale":"es_ES","og_type":"article","og_title":"Venezuela: Iglesia dispuesta a facilitar negociaci\u00f3n &#8211; Exaudi","og_description":"Venezuela: Disposici\u00f3n de la Iglesia de facilitar una negociaci\u00f3n entre el r\u00e9gimen de Maduro y la oposici\u00f3n liderada por Guaid\u00f3","og_url":"https:\/\/exaudi.org\/es\/venezuela-iglesia-dispuesta-a-facilitar-negociacion\/","og_site_name":"Exaudi","article_publisher":"https:\/\/www.facebook.com\/ExaudiNews","article_published_time":"2021-06-23T09:25:19+00:00","article_modified_time":"2021-06-24T15:17:27+00:00","og_image":[{"width":2123,"height":1141,"url":"https:\/\/exaudi.org\/wp-content\/uploads\/2021\/06\/architecture-people-sky-skyline-traffic-street-1133480-pxhere.com_-1.jpg","type":"image\/jpeg"}],"author":"Larissa I. L\u00f3pez","twitter_card":"summary_large_image","twitter_creator":"@Exaudi_News","twitter_site":"@Exaudi_News","twitter_misc":{"Escrito por":"Larissa I. L\u00f3pez","Tiempo de lectura":"3 minutos"},"schema":{"@context":"https:\/\/schema.org","@graph":[{"@type":"Article","@id":"https:\/\/exaudi.org\/es\/venezuela-iglesia-dispuesta-a-facilitar-negociacion\/#article","isPartOf":{"@id":"https:\/\/exaudi.org\/es\/venezuela-iglesia-dispuesta-a-facilitar-negociacion\/"},"author":{"name":"Larissa I. L\u00f3pez","@id":"https:\/\/exaudi.org\/#\/schema\/person\/7d2f77db033c2c0929edfab6dbe8c588"},"headline":"Venezuela: Iglesia dispuesta a facilitar negociaci\u00f3n","datePublished":"2021-06-23T09:25:19+00:00","dateModified":"2021-06-24T15:17:27+00:00","mainEntityOfPage":{"@id":"https:\/\/exaudi.org\/es\/venezuela-iglesia-dispuesta-a-facilitar-negociacion\/"},"wordCount":524,"image":{"@id":"https:\/\/exaudi.org\/es\/venezuela-iglesia-dispuesta-a-facilitar-negociacion\/#primaryimage"},"thumbnailUrl":"https:\/\/exaudi.org\/wp-content\/uploads\/2021\/06\/architecture-people-sky-skyline-traffic-street-1133480-pxhere.com_-1.jpg","keywords":["Venezuela"],"articleSection":["Iglesia Local","Justicia y Paz","\u00daltimas noticias"],"inLanguage":"es"},{"@type":"WebPage","@id":"https:\/\/exaudi.org\/es\/venezuela-iglesia-dispuesta-a-facilitar-negociacion\/","url":"https:\/\/exaudi.org\/es\/venezuela-iglesia-dispuesta-a-facilitar-negociacion\/","name":"Venezuela: Iglesia dispuesta a facilitar negociaci\u00f3n &#8211; Exaudi","isPartOf":{"@id":"https:\/\/exaudi.org\/#website"},"primaryImageOfPage":{"@id":"https:\/\/exaudi.org\/es\/venezuela-iglesia-dispuesta-a-facilitar-negociacion\/#primaryimage"},"image":{"@id":"https:\/\/exaudi.org\/es\/venezuela-iglesia-dispuesta-a-facilitar-negociacion\/#primaryimage"},"thumbnailUrl":"https:\/\/exaudi.org\/wp-content\/uploads\/2021\/06\/architecture-people-sky-skyline-traffic-street-1133480-pxhere.com_-1.jpg","datePublished":"2021-06-23T09:25:19+00:00","dateModified":"2021-06-24T15:17:27+00:00","author":{"@id":"https:\/\/exaudi.org\/#\/schema\/person\/7d2f77db033c2c0929edfab6dbe8c588"},"description":"Venezuela: Disposici\u00f3n de la Iglesia de facilitar una negociaci\u00f3n entre el r\u00e9gimen de Maduro y la oposici\u00f3n liderada por Guaid\u00f3","breadcrumb":{"@id":"https:\/\/exaudi.org\/es\/venezuela-iglesia-dispuesta-a-facilitar-negociacion\/#breadcrumb"},"inLanguage":"es","potentialAction":[{"@type":"ReadAction","target":["https:\/\/exaudi.org\/es\/venezuela-iglesia-dispuesta-a-facilitar-negociacion\/"]}]},{"@type":"ImageObject","inLanguage":"es","@id":"https:\/\/exaudi.org\/es\/venezuela-iglesia-dispuesta-a-facilitar-negociacion\/#primaryimage","url":"https:\/\/exaudi.org\/wp-content\/uploads\/2021\/06\/architecture-people-sky-skyline-traffic-street-1133480-pxhere.com_-1.jpg","contentUrl":"https:\/\/exaudi.org\/wp-content\/uploads\/2021\/06\/architecture-people-sky-skyline-traffic-street-1133480-pxhere.com_-1.jpg","width":2123,"height":1141,"caption":"Vista de Maracaibo, Venezuela \u00a9 Pxhere"},{"@type":"BreadcrumbList","@id":"https:\/\/exaudi.org\/es\/venezuela-iglesia-dispuesta-a-facilitar-negociacion\/#breadcrumb","itemListElement":[{"@type":"ListItem","position":1,"name":"Portada","item":"https:\/\/exaudi.org\/es\/"},{"@type":"ListItem","position":2,"name":"Venezuela: Iglesia dispuesta a facilitar negociaci\u00f3n"}]},{"@type":"WebSite","@id":"https:\/\/exaudi.org\/#website","url":"https:\/\/exaudi.org\/","name":"Exaudi","description":"News","potentialAction":[{"@type":"SearchAction","target":{"@type":"EntryPoint","urlTemplate":"https:\/\/exaudi.org\/?s={search_term_string}"},"query-input":{"@type":"PropertyValueSpecification","valueRequired":true,"valueName":"search_term_string"}}],"inLanguage":"es"},{"@type":"Person","@id":"https:\/\/exaudi.org\/#\/schema\/person\/7d2f77db033c2c0929edfab6dbe8c588","name":"Larissa I. L\u00f3pez","image":{"@type":"ImageObject","inLanguage":"es","@id":"https:\/\/secure.gravatar.com\/avatar\/db3ef399ff343d0bb9d25dc5198bc8ece5ac6d621eca79876697a354dabc1e3f?s=96&d=mm&r=g","url":"https:\/\/secure.gravatar.com\/avatar\/db3ef399ff343d0bb9d25dc5198bc8ece5ac6d621eca79876697a354dabc1e3f?s=96&d=mm&r=g","contentUrl":"https:\/\/secure.gravatar.com\/avatar\/db3ef399ff343d0bb9d25dc5198bc8ece5ac6d621eca79876697a354dabc1e3f?s=96&d=mm&r=g","caption":"Larissa I. L\u00f3pez"},"description":"Doctora en Comunicaci\u00f3n. Mi trayectoria profesional ha transcurrido entre el \u00e1mbito de la comunicaci\u00f3n y el de la docencia. En los \u00faltimos a\u00f1os, he trabajado como coordinadora y redactora de la edici\u00f3n de ZENIT en espa\u00f1ol. Como profesora, he impartido clases en la universidad y en centros de FP y bachillerato. Cordobesa de nacimiento, tambi\u00e9n he vivido en Sevilla, Madrid y Roma","url":"https:\/\/exaudi.org\/es\/author\/llopezexaudi-org\/"}]}},"jetpack_featured_media_url":"https:\/\/exaudi.org\/wp-content\/uploads\/2021\/06\/architecture-people-sky-skyline-traffic-street-1133480-pxhere.com_-1.jpg","jetpack_shortlink":"https:\/\/wp.me\/pgKjF2-6aP","_links":{"self":[{"href":"https:\/\/exaudi.org\/es\/wp-json\/wp\/v2\/posts\/23735","targetHints":{"allow":["GET"]}}],"collection":[{"href":"https:\/\/exaudi.org\/es\/wp-json\/wp\/v2\/posts"}],"about":[{"href":"https:\/\/exaudi.org\/es\/wp-json\/wp\/v2\/types\/post"}],"author":[{"embeddable":true,"href":"https:\/\/exaudi.org\/es\/wp-json\/wp\/v2\/users\/5"}],"replies":[{"embeddable":true,"href":"https:\/\/exaudi.org\/es\/wp-json\/wp\/v2\/comments?post=23735"}],"version-history":[{"count":0,"href":"https:\/\/exaudi.org\/es\/wp-json\/wp\/v2\/posts\/23735\/revisions"}],"wp:featuredmedia":[{"embeddable":true,"href":"https:\/\/exaudi.org\/es\/wp-json\/wp\/v2\/media\/24004"}],"wp:attachment":[{"href":"https:\/\/exaudi.org\/es\/wp-json\/wp\/v2\/media?parent=23735"}],"wp:term":[{"taxonomy":"category","embeddable":true,"href":"https:\/\/exaudi.org\/es\/wp-json\/wp\/v2\/categories?post=23735"},{"taxonomy":"post_tag","embeddable":true,"href":"https:\/\/exaudi.org\/es\/wp-json\/wp\/v2\/tags?post=23735"}],"curies":[{"name":"wp","href":"https:\/\/api.w.org\/{rel}","templated":true}]}}