{"id":23674,"date":"2021-06-23T16:29:19","date_gmt":"2021-06-23T14:29:19","guid":{"rendered":"https:\/\/exaudi.org\/?p=18258"},"modified":"2021-06-24T12:35:43","modified_gmt":"2021-06-24T10:35:43","slug":"mexico-obispos-exhortan-paz","status":"publish","type":"post","link":"https:\/\/exaudi.org\/es\/mexico-obispos-exhortan-paz\/","title":{"rendered":"M\u00e9xico: Obispos exhortan a la paz"},"content":{"rendered":"<p>Los obispos de la <a href=\"https:\/\/cem.org.mx\/\" target=\"_blank\" rel=\"noopener noreferrer\">Conferencia Episcopal de M\u00e9xico<\/a> (CEM) han lanzado hoy, 23 de junio de 2021, el mensaje \u201cLa paz como anhelo de la plenitud humana\u201d, en el que exhortan a construirla \u201ca partir de los principios de solidaridad y subsidiariedad, favoreciendo que prevalezca la ayuda mutua, y caminando animados por la confianza rec\u00edproca\u201d.<\/p>\n<p>Al comienzo del documento, el Episcopado expresa que \u201cdar la paz, est\u00e1 en el centro de la misi\u00f3n de los disc\u00edpulos de Cristo\u201d, un ofrecimiento dirigido a todos los hombres y mujeres \u201cque esperan la paz en medio de las tragedias y la violencia\u201d, por tanto, el propio anhelo y compromiso de los prelados.<\/p>\n<h4><strong>Peligro de la cultura del descarte<\/strong><\/h4>\n<p>La CEM se\u00f1ala que \u201cla paz no puede reducirse al simple equilibrio entre la fuerza y el miedo. Mantener al otro bajo amenaza significa reducirlo al estado de objeto y negarle la dignidad\u201d, y reafirma que \u201cel incremento de la intimidaci\u00f3n, as\u00ed como la proliferaci\u00f3n incontrolada de las armas, son contrarios a la moral y a la b\u00fasqueda de una verdadera concordia. El terror ejercido sobre las personas m\u00e1s vulnerables contribuye al exilio de poblaciones enteras en busca de una tierra de paz\u201d.<\/p>\n<p>Hoy la sociedad necesita \u201cartesanos de la paz que sean aut\u00e9nticos mensajeros y testigos, en la vida cotidiana, del bien ser, del bien dar y del bien estar, y con ello complementar la felicidad en la familia humana\u201d, y \u201cvariadas formas de violencia amenazan nuestra vida contempor\u00e1nea, no solo a trav\u00e9s de las armas, sino tambi\u00e9n a trav\u00e9s de las diferentes plataformas digitales y medios de comunicaci\u00f3n masiva, los cuales tienen como fundamento la cultura de la indiferencia y del descarte\u201d.<\/p>\n<p>Concretamente, argumentan los prelados, la sociedad mexicana \u201cse ha visto perjudicada considerablemente, por escenarios de inseguridad y violencia\u201d, con una creciente \u201cactividad de la delincuencia organizada, la pobreza, la desigualdad social, la corrupci\u00f3n, la falta de reformas en las pol\u00edticas econ\u00f3micas, las deficiencias en el sistema de impartici\u00f3n de justicia, el desempleo\u201d.<\/p>\n<h4><strong>Llamado a la responsabilidad<\/strong><\/h4>\n<p>Los obispos de M\u00e9xico manifiestan su conocimiento de que \u201ctodos, autoridades gubernamentales, organismos aut\u00f3nomos, sociedad civil y ministros de culto, estamos llamados a realizar nuestra propia aportaci\u00f3n para la construcci\u00f3n de la casa com\u00fan, bajo el resguardo jur\u00eddico que provee el Estado de Derecho, el cual debe garantizar una sana convivencia entre la poblaci\u00f3n\u201d.<\/p>\n<p>Por ello, afirman, \u201cestamos hoy presentes con la intenci\u00f3n de renovar y mantener un di\u00e1logo provechoso, abierto y trasparente con las instituciones, convencidos igualmente de que un Estado capaz de apreciar las propias ra\u00edces religiosas, sabiendo aprovechar su riqueza y potencialidad, puede ser m\u00e1s f\u00e1cilmente inmune a tanta violencia, causada tambi\u00e9n por el gran vac\u00edo en el \u00e1mbito de los ideales, porque es precisamente este olvido de Dios, en lugar de su glorificaci\u00f3n, lo que engendra la violencia\u201d.<\/p>\n<p>Por \u00faltimo, el mensaje expresa que, \u201chabiendo transcurrido uno de los <a href=\"https:\/\/exaudi.org\/es\/mexico-mensaje-obispos-elecciones-2021\/\" target=\"_blank\" rel=\"noopener noreferrer\">procesos electorales m\u00e1s significativos de nuestra historia<\/a>, invitamos a todos, independientemente de los resultados de las votaciones, a construir un futuro, basado en la capacidad de comprometernos juntos para superar las divisiones, favoreciendo la paz, la reconciliaci\u00f3n frente a las injusticias y la comuni\u00f3n entre todos nosotros\u201d.<\/p>\n","protected":false},"excerpt":{"rendered":"<p>Llamado a la responsabilidad<\/p>\n","protected":false},"author":6,"featured_media":24030,"comment_status":"closed","ping_status":"closed","sticky":false,"template":"","format":"standard","meta":{"_acf_changed":false,"_crdt_document":"","inline_featured_image":false,"footnotes":""},"categories":[86,298],"tags":[2193,602,625],"class_list":["post-23674","post","type-post","status-publish","format-standard","has-post-thumbnail","hentry","category-iglesia-local","category-ultimas-noticias","tag-conferencia-episcopal-de-mexico-cem","tag-obispos","tag-paz"],"acf":[],"yoast_head":"<!-- This site is optimized with the Yoast SEO plugin v27.5 - https:\/\/yoast.com\/product\/yoast-seo-wordpress\/ -->\n<title>M\u00e9xico: Obispos exhortan a la paz &#8211; Exaudi<\/title>\n<meta name=\"description\" content=\"Tras la celebraci\u00f3n del proceso electoral m\u00e1s importante de la historia de M\u00e9xico, los obispos han exhortado a la responsabilidad por la paz.\" \/>\n<meta name=\"robots\" content=\"index, follow, max-snippet:-1, max-image-preview:large, max-video-preview:-1\" \/>\n<link rel=\"canonical\" href=\"https:\/\/exaudi.org\/es\/mexico-obispos-exhortan-paz\/\" \/>\n<meta property=\"og:locale\" content=\"es_ES\" \/>\n<meta property=\"og:type\" content=\"article\" \/>\n<meta property=\"og:title\" content=\"M\u00e9xico: Obispos exhortan a la paz &#8211; Exaudi\" \/>\n<meta property=\"og:description\" content=\"Tras la celebraci\u00f3n del proceso electoral m\u00e1s importante de la historia de M\u00e9xico, los obispos han exhortado a la responsabilidad por la paz.\" \/>\n<meta property=\"og:url\" content=\"https:\/\/exaudi.org\/es\/mexico-obispos-exhortan-paz\/\" \/>\n<meta property=\"og:site_name\" content=\"Exaudi\" \/>\n<meta property=\"article:publisher\" content=\"https:\/\/www.facebook.com\/ExaudiNews\" \/>\n<meta property=\"article:published_time\" content=\"2021-06-23T14:29:19+00:00\" \/>\n<meta property=\"article:modified_time\" content=\"2021-06-24T10:35:43+00:00\" \/>\n<meta property=\"og:image\" content=\"https:\/\/exaudi.org\/wp-content\/uploads\/2021\/06\/writing-hand-country-travel-finger-symbol-1286643-pxhere.com_-scaled.jpg\" \/>\n\t<meta property=\"og:image:width\" content=\"2560\" \/>\n\t<meta property=\"og:image:height\" content=\"1920\" \/>\n\t<meta property=\"og:image:type\" content=\"image\/jpeg\" \/>\n<meta name=\"author\" content=\"Gabriel Sales\" \/>\n<meta name=\"twitter:card\" content=\"summary_large_image\" \/>\n<meta name=\"twitter:creator\" content=\"@habemusman\" \/>\n<meta name=\"twitter:site\" content=\"@Exaudi_News\" \/>\n<meta name=\"twitter:label1\" content=\"Escrito por\" \/>\n\t<meta name=\"twitter:data1\" content=\"Gabriel Sales\" \/>\n\t<meta name=\"twitter:label2\" content=\"Tiempo de lectura\" \/>\n\t<meta name=\"twitter:data2\" content=\"3 minutos\" \/>\n<script type=\"application\/ld+json\" class=\"yoast-schema-graph\">{\"@context\":\"https:\\\/\\\/schema.org\",\"@graph\":[{\"@type\":\"Article\",\"@id\":\"https:\\\/\\\/exaudi.org\\\/es\\\/mexico-obispos-exhortan-paz\\\/#article\",\"isPartOf\":{\"@id\":\"https:\\\/\\\/exaudi.org\\\/es\\\/mexico-obispos-exhortan-paz\\\/\"},\"author\":{\"name\":\"Gabriel Sales\",\"@id\":\"https:\\\/\\\/exaudi.org\\\/#\\\/schema\\\/person\\\/d134b96438278131ce90c90c03fda6cd\"},\"headline\":\"M\u00e9xico: Obispos exhortan a la paz\",\"datePublished\":\"2021-06-23T14:29:19+00:00\",\"dateModified\":\"2021-06-24T10:35:43+00:00\",\"mainEntityOfPage\":{\"@id\":\"https:\\\/\\\/exaudi.org\\\/es\\\/mexico-obispos-exhortan-paz\\\/\"},\"wordCount\":567,\"image\":{\"@id\":\"https:\\\/\\\/exaudi.org\\\/es\\\/mexico-obispos-exhortan-paz\\\/#primaryimage\"},\"thumbnailUrl\":\"https:\\\/\\\/exaudi.org\\\/wp-content\\\/uploads\\\/2021\\\/06\\\/writing-hand-country-travel-finger-symbol-1286643-pxhere.com_-scaled.jpg\",\"keywords\":[\"Conferencia Episcopal de M\u00e9xico (CEM)\",\"obispos\",\"Paz\"],\"articleSection\":[\"Iglesia Local\",\"\u00daltimas noticias\"],\"inLanguage\":\"es\"},{\"@type\":\"WebPage\",\"@id\":\"https:\\\/\\\/exaudi.org\\\/es\\\/mexico-obispos-exhortan-paz\\\/\",\"url\":\"https:\\\/\\\/exaudi.org\\\/es\\\/mexico-obispos-exhortan-paz\\\/\",\"name\":\"M\u00e9xico: Obispos exhortan a la paz &#8211; Exaudi\",\"isPartOf\":{\"@id\":\"https:\\\/\\\/exaudi.org\\\/#website\"},\"primaryImageOfPage\":{\"@id\":\"https:\\\/\\\/exaudi.org\\\/es\\\/mexico-obispos-exhortan-paz\\\/#primaryimage\"},\"image\":{\"@id\":\"https:\\\/\\\/exaudi.org\\\/es\\\/mexico-obispos-exhortan-paz\\\/#primaryimage\"},\"thumbnailUrl\":\"https:\\\/\\\/exaudi.org\\\/wp-content\\\/uploads\\\/2021\\\/06\\\/writing-hand-country-travel-finger-symbol-1286643-pxhere.com_-scaled.jpg\",\"datePublished\":\"2021-06-23T14:29:19+00:00\",\"dateModified\":\"2021-06-24T10:35:43+00:00\",\"author\":{\"@id\":\"https:\\\/\\\/exaudi.org\\\/#\\\/schema\\\/person\\\/d134b96438278131ce90c90c03fda6cd\"},\"description\":\"Tras la celebraci\u00f3n del proceso electoral m\u00e1s importante de la historia de M\u00e9xico, los obispos han exhortado a la responsabilidad por la paz.\",\"breadcrumb\":{\"@id\":\"https:\\\/\\\/exaudi.org\\\/es\\\/mexico-obispos-exhortan-paz\\\/#breadcrumb\"},\"inLanguage\":\"es\",\"potentialAction\":[{\"@type\":\"ReadAction\",\"target\":[\"https:\\\/\\\/exaudi.org\\\/es\\\/mexico-obispos-exhortan-paz\\\/\"]}]},{\"@type\":\"ImageObject\",\"inLanguage\":\"es\",\"@id\":\"https:\\\/\\\/exaudi.org\\\/es\\\/mexico-obispos-exhortan-paz\\\/#primaryimage\",\"url\":\"https:\\\/\\\/exaudi.org\\\/wp-content\\\/uploads\\\/2021\\\/06\\\/writing-hand-country-travel-finger-symbol-1286643-pxhere.com_-scaled.jpg\",\"contentUrl\":\"https:\\\/\\\/exaudi.org\\\/wp-content\\\/uploads\\\/2021\\\/06\\\/writing-hand-country-travel-finger-symbol-1286643-pxhere.com_-scaled.jpg\",\"width\":2560,\"height\":1920,\"caption\":\"Bandera de M\u00e9xico \u00a9 Pxhere\"},{\"@type\":\"BreadcrumbList\",\"@id\":\"https:\\\/\\\/exaudi.org\\\/es\\\/mexico-obispos-exhortan-paz\\\/#breadcrumb\",\"itemListElement\":[{\"@type\":\"ListItem\",\"position\":1,\"name\":\"Portada\",\"item\":\"https:\\\/\\\/exaudi.org\\\/es\\\/\"},{\"@type\":\"ListItem\",\"position\":2,\"name\":\"M\u00e9xico: Obispos exhortan a la paz\"}]},{\"@type\":\"WebSite\",\"@id\":\"https:\\\/\\\/exaudi.org\\\/#website\",\"url\":\"https:\\\/\\\/exaudi.org\\\/\",\"name\":\"Exaudi\",\"description\":\"News\",\"potentialAction\":[{\"@type\":\"SearchAction\",\"target\":{\"@type\":\"EntryPoint\",\"urlTemplate\":\"https:\\\/\\\/exaudi.org\\\/?s={search_term_string}\"},\"query-input\":{\"@type\":\"PropertyValueSpecification\",\"valueRequired\":true,\"valueName\":\"search_term_string\"}}],\"inLanguage\":\"es\"},{\"@type\":\"Person\",\"@id\":\"https:\\\/\\\/exaudi.org\\\/#\\\/schema\\\/person\\\/d134b96438278131ce90c90c03fda6cd\",\"name\":\"Gabriel Sales\",\"image\":{\"@type\":\"ImageObject\",\"inLanguage\":\"es\",\"@id\":\"https:\\\/\\\/secure.gravatar.com\\\/avatar\\\/9b1269566f6a063ed26ffb3532b66a373cdde231ce5d0effb266167437fdaffd?s=96&d=mm&r=g\",\"url\":\"https:\\\/\\\/secure.gravatar.com\\\/avatar\\\/9b1269566f6a063ed26ffb3532b66a373cdde231ce5d0effb266167437fdaffd?s=96&d=mm&r=g\",\"contentUrl\":\"https:\\\/\\\/secure.gravatar.com\\\/avatar\\\/9b1269566f6a063ed26ffb3532b66a373cdde231ce5d0effb266167437fdaffd?s=96&d=mm&r=g\",\"caption\":\"Gabriel Sales\"},\"description\":\"Periodista y especialista en Comunicaci\u00f3n y Branding digital. Cin\u00e9filo y cr\u00edtico de cine y series de televisi\u00f3n.\",\"sameAs\":[\"https:\\\/\\\/www.instagram.com\\\/cine90segundos\\\/\",\"www.linkedin.com\\\/in\\\/habemusman\",\"https:\\\/\\\/x.com\\\/habemusman\",\"https:\\\/\\\/www.youtube.com\\\/channel\\\/UCVfCiOMkJ_C7T7OpyjuaLDg\"],\"url\":\"https:\\\/\\\/exaudi.org\\\/es\\\/author\\\/gsalesexaudi-org\\\/\"}]}<\/script>\n<!-- \/ Yoast SEO plugin. -->","yoast_head_json":{"title":"M\u00e9xico: Obispos exhortan a la paz &#8211; Exaudi","description":"Tras la celebraci\u00f3n del proceso electoral m\u00e1s importante de la historia de M\u00e9xico, los obispos han exhortado a la responsabilidad por la paz.","robots":{"index":"index","follow":"follow","max-snippet":"max-snippet:-1","max-image-preview":"max-image-preview:large","max-video-preview":"max-video-preview:-1"},"canonical":"https:\/\/exaudi.org\/es\/mexico-obispos-exhortan-paz\/","og_locale":"es_ES","og_type":"article","og_title":"M\u00e9xico: Obispos exhortan a la paz &#8211; Exaudi","og_description":"Tras la celebraci\u00f3n del proceso electoral m\u00e1s importante de la historia de M\u00e9xico, los obispos han exhortado a la responsabilidad por la paz.","og_url":"https:\/\/exaudi.org\/es\/mexico-obispos-exhortan-paz\/","og_site_name":"Exaudi","article_publisher":"https:\/\/www.facebook.com\/ExaudiNews","article_published_time":"2021-06-23T14:29:19+00:00","article_modified_time":"2021-06-24T10:35:43+00:00","og_image":[{"width":2560,"height":1920,"url":"https:\/\/exaudi.org\/wp-content\/uploads\/2021\/06\/writing-hand-country-travel-finger-symbol-1286643-pxhere.com_-scaled.jpg","type":"image\/jpeg"}],"author":"Gabriel Sales","twitter_card":"summary_large_image","twitter_creator":"@habemusman","twitter_site":"@Exaudi_News","twitter_misc":{"Escrito por":"Gabriel Sales","Tiempo de lectura":"3 minutos"},"schema":{"@context":"https:\/\/schema.org","@graph":[{"@type":"Article","@id":"https:\/\/exaudi.org\/es\/mexico-obispos-exhortan-paz\/#article","isPartOf":{"@id":"https:\/\/exaudi.org\/es\/mexico-obispos-exhortan-paz\/"},"author":{"name":"Gabriel Sales","@id":"https:\/\/exaudi.org\/#\/schema\/person\/d134b96438278131ce90c90c03fda6cd"},"headline":"M\u00e9xico: Obispos exhortan a la paz","datePublished":"2021-06-23T14:29:19+00:00","dateModified":"2021-06-24T10:35:43+00:00","mainEntityOfPage":{"@id":"https:\/\/exaudi.org\/es\/mexico-obispos-exhortan-paz\/"},"wordCount":567,"image":{"@id":"https:\/\/exaudi.org\/es\/mexico-obispos-exhortan-paz\/#primaryimage"},"thumbnailUrl":"https:\/\/exaudi.org\/wp-content\/uploads\/2021\/06\/writing-hand-country-travel-finger-symbol-1286643-pxhere.com_-scaled.jpg","keywords":["Conferencia Episcopal de M\u00e9xico (CEM)","obispos","Paz"],"articleSection":["Iglesia Local","\u00daltimas noticias"],"inLanguage":"es"},{"@type":"WebPage","@id":"https:\/\/exaudi.org\/es\/mexico-obispos-exhortan-paz\/","url":"https:\/\/exaudi.org\/es\/mexico-obispos-exhortan-paz\/","name":"M\u00e9xico: Obispos exhortan a la paz &#8211; Exaudi","isPartOf":{"@id":"https:\/\/exaudi.org\/#website"},"primaryImageOfPage":{"@id":"https:\/\/exaudi.org\/es\/mexico-obispos-exhortan-paz\/#primaryimage"},"image":{"@id":"https:\/\/exaudi.org\/es\/mexico-obispos-exhortan-paz\/#primaryimage"},"thumbnailUrl":"https:\/\/exaudi.org\/wp-content\/uploads\/2021\/06\/writing-hand-country-travel-finger-symbol-1286643-pxhere.com_-scaled.jpg","datePublished":"2021-06-23T14:29:19+00:00","dateModified":"2021-06-24T10:35:43+00:00","author":{"@id":"https:\/\/exaudi.org\/#\/schema\/person\/d134b96438278131ce90c90c03fda6cd"},"description":"Tras la celebraci\u00f3n del proceso electoral m\u00e1s importante de la historia de M\u00e9xico, los obispos han exhortado a la responsabilidad por la paz.","breadcrumb":{"@id":"https:\/\/exaudi.org\/es\/mexico-obispos-exhortan-paz\/#breadcrumb"},"inLanguage":"es","potentialAction":[{"@type":"ReadAction","target":["https:\/\/exaudi.org\/es\/mexico-obispos-exhortan-paz\/"]}]},{"@type":"ImageObject","inLanguage":"es","@id":"https:\/\/exaudi.org\/es\/mexico-obispos-exhortan-paz\/#primaryimage","url":"https:\/\/exaudi.org\/wp-content\/uploads\/2021\/06\/writing-hand-country-travel-finger-symbol-1286643-pxhere.com_-scaled.jpg","contentUrl":"https:\/\/exaudi.org\/wp-content\/uploads\/2021\/06\/writing-hand-country-travel-finger-symbol-1286643-pxhere.com_-scaled.jpg","width":2560,"height":1920,"caption":"Bandera de M\u00e9xico \u00a9 Pxhere"},{"@type":"BreadcrumbList","@id":"https:\/\/exaudi.org\/es\/mexico-obispos-exhortan-paz\/#breadcrumb","itemListElement":[{"@type":"ListItem","position":1,"name":"Portada","item":"https:\/\/exaudi.org\/es\/"},{"@type":"ListItem","position":2,"name":"M\u00e9xico: Obispos exhortan a la paz"}]},{"@type":"WebSite","@id":"https:\/\/exaudi.org\/#website","url":"https:\/\/exaudi.org\/","name":"Exaudi","description":"News","potentialAction":[{"@type":"SearchAction","target":{"@type":"EntryPoint","urlTemplate":"https:\/\/exaudi.org\/?s={search_term_string}"},"query-input":{"@type":"PropertyValueSpecification","valueRequired":true,"valueName":"search_term_string"}}],"inLanguage":"es"},{"@type":"Person","@id":"https:\/\/exaudi.org\/#\/schema\/person\/d134b96438278131ce90c90c03fda6cd","name":"Gabriel Sales","image":{"@type":"ImageObject","inLanguage":"es","@id":"https:\/\/secure.gravatar.com\/avatar\/9b1269566f6a063ed26ffb3532b66a373cdde231ce5d0effb266167437fdaffd?s=96&d=mm&r=g","url":"https:\/\/secure.gravatar.com\/avatar\/9b1269566f6a063ed26ffb3532b66a373cdde231ce5d0effb266167437fdaffd?s=96&d=mm&r=g","contentUrl":"https:\/\/secure.gravatar.com\/avatar\/9b1269566f6a063ed26ffb3532b66a373cdde231ce5d0effb266167437fdaffd?s=96&d=mm&r=g","caption":"Gabriel Sales"},"description":"Periodista y especialista en Comunicaci\u00f3n y Branding digital. Cin\u00e9filo y cr\u00edtico de cine y series de televisi\u00f3n.","sameAs":["https:\/\/www.instagram.com\/cine90segundos\/","www.linkedin.com\/in\/habemusman","https:\/\/x.com\/habemusman","https:\/\/www.youtube.com\/channel\/UCVfCiOMkJ_C7T7OpyjuaLDg"],"url":"https:\/\/exaudi.org\/es\/author\/gsalesexaudi-org\/"}]}},"jetpack_featured_media_url":"https:\/\/exaudi.org\/wp-content\/uploads\/2021\/06\/writing-hand-country-travel-finger-symbol-1286643-pxhere.com_-scaled.jpg","jetpack_shortlink":"https:\/\/wp.me\/pgKjF2-69Q","_links":{"self":[{"href":"https:\/\/exaudi.org\/es\/wp-json\/wp\/v2\/posts\/23674","targetHints":{"allow":["GET"]}}],"collection":[{"href":"https:\/\/exaudi.org\/es\/wp-json\/wp\/v2\/posts"}],"about":[{"href":"https:\/\/exaudi.org\/es\/wp-json\/wp\/v2\/types\/post"}],"author":[{"embeddable":true,"href":"https:\/\/exaudi.org\/es\/wp-json\/wp\/v2\/users\/6"}],"replies":[{"embeddable":true,"href":"https:\/\/exaudi.org\/es\/wp-json\/wp\/v2\/comments?post=23674"}],"version-history":[{"count":0,"href":"https:\/\/exaudi.org\/es\/wp-json\/wp\/v2\/posts\/23674\/revisions"}],"wp:featuredmedia":[{"embeddable":true,"href":"https:\/\/exaudi.org\/es\/wp-json\/wp\/v2\/media\/24030"}],"wp:attachment":[{"href":"https:\/\/exaudi.org\/es\/wp-json\/wp\/v2\/media?parent=23674"}],"wp:term":[{"taxonomy":"category","embeddable":true,"href":"https:\/\/exaudi.org\/es\/wp-json\/wp\/v2\/categories?post=23674"},{"taxonomy":"post_tag","embeddable":true,"href":"https:\/\/exaudi.org\/es\/wp-json\/wp\/v2\/tags?post=23674"}],"curies":[{"name":"wp","href":"https:\/\/api.w.org\/{rel}","templated":true}]}}