{"id":23672,"date":"2021-06-23T12:51:29","date_gmt":"2021-06-23T10:51:29","guid":{"rendered":"https:\/\/exaudi.org\/?p=18186"},"modified":"2021-06-25T09:29:05","modified_gmt":"2021-06-25T07:29:05","slug":"catequesis-papa-carta-san-pablo-galatas-2021","status":"publish","type":"post","link":"https:\/\/exaudi.org\/es\/catequesis-papa-carta-san-pablo-galatas-2021\/","title":{"rendered":"Catequesis del Papa: Carta de san Pablo a G\u00e1latas"},"content":{"rendered":"<p style=\"text-align: justify;\">En la catequesis de la <a href=\"https:\/\/exaudi.org\/es\/papa-exhorta-no-encerrarse-tradiciones-pasado\/\" target=\"_blank\" rel=\"noopener noreferrer\">audiencia general<\/a> de hoy, 23 de junio de 2021, el Papa Francisco ha citado varias referencias biogr\u00e1ficas de san Pablo en las que \u00e9l afronta \u201calgunas tem\u00e1ticas muy importantes para la fe, como las de la libertad, de la gracia y de la forma de vivir cristiana, que son extremadamente actuales porque tocan muchos aspectos de la vida de la Iglesia de nuestros d\u00edas\u201d.<\/p>\n<p style=\"text-align: justify;\"><img loading=\"lazy\" decoding=\"async\" class=\"alignleft wp-image-23911 size-medium\" src=\"https:\/\/exaudi.org\/wp-content\/uploads\/2021\/06\/VM230621101746_0469-300x200.jpg\" alt=\"catequesis papa san pablo\" width=\"300\" height=\"200\" srcset=\"https:\/\/exaudi.org\/wp-content\/uploads\/2021\/06\/VM230621101746_0469-300x200.jpg 300w, https:\/\/exaudi.org\/wp-content\/uploads\/2021\/06\/VM230621101746_0469-1024x683.jpg 1024w, https:\/\/exaudi.org\/wp-content\/uploads\/2021\/06\/VM230621101746_0469-768x512.jpg 768w, https:\/\/exaudi.org\/wp-content\/uploads\/2021\/06\/VM230621101746_0469-1536x1024.jpg 1536w, https:\/\/exaudi.org\/wp-content\/uploads\/2021\/06\/VM230621101746_0469-2048x1365.jpg 2048w, https:\/\/exaudi.org\/wp-content\/uploads\/2021\/06\/VM230621101746_0469-150x100.jpg 150w, https:\/\/exaudi.org\/wp-content\/uploads\/2021\/06\/VM230621101746_0469-696x464.jpg 696w, https:\/\/exaudi.org\/wp-content\/uploads\/2021\/06\/VM230621101746_0469-1068x712.jpg 1068w, https:\/\/exaudi.org\/wp-content\/uploads\/2021\/06\/VM230621101746_0469-1920x1280.jpg 1920w, https:\/\/exaudi.org\/wp-content\/uploads\/2021\/06\/VM230621101746_0469-630x420.jpg 630w\" sizes=\"auto, (max-width: 300px) 100vw, 300px\" \/>La audiencia general de este mi\u00e9rcoles ha sido emitida desde la el patio de San D\u00e1maso del Palacio Apost\u00f3lico vaticano, de nuevo con p\u00fablico, cumpliendo las medidas de prevenci\u00f3n frente a la COVID-19. El Santo Padre ha comenzado un nuevo ciclo de catequesis sobre la carta de san Pablo a los G\u00e1latas, centr\u00e1ndose en el tema \u201cIntroducci\u00f3n a la Carta a los G\u00e1latas\u201d (Lectura: Gal 1, 2-5).<\/p>\n<h4><strong>Fuego evangelizador de san Pablo<\/strong><\/h4>\n<p>Al comienzo de su discurso, el Pont\u00edfice ha destacado la \u201cgran obra de evangelizaci\u00f3n realizada por el Ap\u00f3stol\u201d, y ha asegurado que,\u00a0\u201cen su incansable obra evangelizadora, el Ap\u00f3stol hab\u00eda conseguido fundar varias peque\u00f1as comunidades, dispersas en la regi\u00f3n de la Galacia.<\/p>\n<p><img loading=\"lazy\" decoding=\"async\" class=\"size-medium wp-image-23905 alignright\" src=\"https:\/\/exaudi.org\/wp-content\/uploads\/2021\/06\/DSC8019-300x200.jpg\" alt=\"\" width=\"300\" height=\"200\" srcset=\"https:\/\/exaudi.org\/wp-content\/uploads\/2021\/06\/DSC8019-300x200.jpg 300w, https:\/\/exaudi.org\/wp-content\/uploads\/2021\/06\/DSC8019-1024x683.jpg 1024w, https:\/\/exaudi.org\/wp-content\/uploads\/2021\/06\/DSC8019-768x512.jpg 768w, https:\/\/exaudi.org\/wp-content\/uploads\/2021\/06\/DSC8019-1536x1024.jpg 1536w, https:\/\/exaudi.org\/wp-content\/uploads\/2021\/06\/DSC8019-2048x1365.jpg 2048w, https:\/\/exaudi.org\/wp-content\/uploads\/2021\/06\/DSC8019-150x100.jpg 150w, https:\/\/exaudi.org\/wp-content\/uploads\/2021\/06\/DSC8019-696x464.jpg 696w, https:\/\/exaudi.org\/wp-content\/uploads\/2021\/06\/DSC8019-1068x712.jpg 1068w, https:\/\/exaudi.org\/wp-content\/uploads\/2021\/06\/DSC8019-1920x1280.jpg 1920w, https:\/\/exaudi.org\/wp-content\/uploads\/2021\/06\/DSC8019-630x420.jpg 630w\" sizes=\"auto, (max-width: 300px) 100vw, 300px\" \/>Cuando llegaba a una ciudad, asegura, \u201cno hac\u00eda enseguida una catedral, no. Hac\u00eda las peque\u00f1as comunidades que son la levadura de nuestra cultura cristiana de hoy. Empezaba haciendo peque\u00f1as comunidades. Y estas peque\u00f1as comunidades crec\u00edan, crec\u00edan e iban adelante\u201d. Aclara que hoy \u201ceste m\u00e9todo pastoral se hace en cada regi\u00f3n misionera\u201d, y se\u00f1ala que \u201cse empiezan a hacer peque\u00f1as comunidades. Tambi\u00e9n hoy este m\u00e9todo es el m\u00e9todo evangelizador de la primera evangelizaci\u00f3n\u201d.<\/p>\n<h4><strong>El camino del maligno<\/strong><\/h4>\n<p>Tras fundar las iglesias, subraya el Papa, el Ap\u00f3stol advierte un gran peligro: \u201cSe hab\u00edan infiltrado algunos cristianos venidos del juda\u00edsmo, los cuales con astucia empezaron a sembrar teor\u00edas contrarias a la ense\u00f1anza del Ap\u00f3stol, llegando incluso a denigrar su persona. Empiezan con la doctrina &#8216;esta no, esta s\u00ed&#8217;, despu\u00e9s denigran al Ap\u00f3stol. Es el camino de siempre: quitar la autoridad al Ap\u00f3stol\u201d.<\/p>\n<p><img loading=\"lazy\" decoding=\"async\" class=\"alignleft wp-image-23926 size-medium\" src=\"https:\/\/exaudi.org\/wp-content\/uploads\/2021\/06\/MTC1336-200x300.jpg\" alt=\"catequesis papa san pablo\" width=\"200\" height=\"300\" srcset=\"https:\/\/exaudi.org\/wp-content\/uploads\/2021\/06\/MTC1336-200x300.jpg 200w, https:\/\/exaudi.org\/wp-content\/uploads\/2021\/06\/MTC1336-683x1024.jpg 683w, https:\/\/exaudi.org\/wp-content\/uploads\/2021\/06\/MTC1336-768x1152.jpg 768w, https:\/\/exaudi.org\/wp-content\/uploads\/2021\/06\/MTC1336-1024x1536.jpg 1024w, https:\/\/exaudi.org\/wp-content\/uploads\/2021\/06\/MTC1336-1365x2048.jpg 1365w, https:\/\/exaudi.org\/wp-content\/uploads\/2021\/06\/MTC1336-150x225.jpg 150w, https:\/\/exaudi.org\/wp-content\/uploads\/2021\/06\/MTC1336-300x450.jpg 300w, https:\/\/exaudi.org\/wp-content\/uploads\/2021\/06\/MTC1336-696x1044.jpg 696w, https:\/\/exaudi.org\/wp-content\/uploads\/2021\/06\/MTC1336-1068x1602.jpg 1068w, https:\/\/exaudi.org\/wp-content\/uploads\/2021\/06\/MTC1336-1920x2880.jpg 1920w, https:\/\/exaudi.org\/wp-content\/uploads\/2021\/06\/MTC1336-280x420.jpg 280w, https:\/\/exaudi.org\/wp-content\/uploads\/2021\/06\/MTC1336-scaled.jpg 1707w\" sizes=\"auto, (max-width: 200px) 100vw, 200px\" \/>\u201cEsos adversarios sosten\u00edan que Pablo no era un verdadero ap\u00f3stol y por tanto no ten\u00eda ninguna autoridad para predicar el Evangelio. Y muchas veces nosotros vemos esto. Pensemos en alguna comunidad cristiana o en alguna di\u00f3cesis: empiezan las historias y despu\u00e9s se termina por desacreditar al p\u00e1rroco, al obispo. Es precisamente el camino del maligno, de esta gente que divide, que no sabe construir. Y en esta Carta a los G\u00e1latas vemos este procedimiento\u201d, a\u00f1ade.<\/p>\n<p>Francisco muestra c\u00f3mo, en esta situaci\u00f3n, los G\u00e1latas \u201cse encontraban en una situaci\u00f3n de crisis (&#8230;), se sent\u00edan perdidos y se sent\u00edan inciertos sobre c\u00f3mo comportarse: \u00bfPero qui\u00e9n tiene raz\u00f3n? \u00bfEste Pablo, o esta gente que viene ahora ense\u00f1ando otras cosas? \u00bfA qui\u00e9n debo hacer caso? En resumen, \u00a1hab\u00eda mucho en juego!\u201d.<\/p>\n<h4><strong>Peligro actual<\/strong><\/h4>\n<p>El Obispo de Roma ha manifestado que esta realidad tambi\u00e9n se vive hoy: \u201cNo faltan tampoco hoy, de hecho, predicadores que, sobre todo a trav\u00e9s de los nuevos medios de comunicaci\u00f3n, pueden enturbiar las comunidades. No se presentan en primer lugar para anunciar el Evangelio de Dios que ama al hombre en Jes\u00fas Crucificado y Resucitado, sino para reiterar con insistencia, como aut\u00e9nticos &#8216;custodios de la verdad&#8217;, as\u00ed se llaman ellos, cu\u00e1l es la mejor manera de ser cristianos\u201d.<\/p>\n<p><img loading=\"lazy\" decoding=\"async\" class=\"size-medium wp-image-23899 alignright\" src=\"https:\/\/exaudi.org\/wp-content\/uploads\/2021\/06\/DSC8160-300x200.jpg\" alt=\"\" width=\"300\" height=\"200\" srcset=\"https:\/\/exaudi.org\/wp-content\/uploads\/2021\/06\/DSC8160-300x200.jpg 300w, https:\/\/exaudi.org\/wp-content\/uploads\/2021\/06\/DSC8160-1024x683.jpg 1024w, https:\/\/exaudi.org\/wp-content\/uploads\/2021\/06\/DSC8160-768x512.jpg 768w, https:\/\/exaudi.org\/wp-content\/uploads\/2021\/06\/DSC8160-1536x1024.jpg 1536w, https:\/\/exaudi.org\/wp-content\/uploads\/2021\/06\/DSC8160-2048x1365.jpg 2048w, https:\/\/exaudi.org\/wp-content\/uploads\/2021\/06\/DSC8160-150x100.jpg 150w, https:\/\/exaudi.org\/wp-content\/uploads\/2021\/06\/DSC8160-696x464.jpg 696w, https:\/\/exaudi.org\/wp-content\/uploads\/2021\/06\/DSC8160-1068x712.jpg 1068w, https:\/\/exaudi.org\/wp-content\/uploads\/2021\/06\/DSC8160-1920x1280.jpg 1920w, https:\/\/exaudi.org\/wp-content\/uploads\/2021\/06\/DSC8160-630x420.jpg 630w\" sizes=\"auto, (max-width: 300px) 100vw, 300px\" \/>\u201cY con fuerza afirman que el cristiano verdadero es al que ellos est\u00e1n vinculados, a menudo identificado con ciertas formas del pasado, y que la soluci\u00f3n a las crisis actuales es volver atr\u00e1s para no perder la genuinidad de la fe. Tambi\u00e9n hoy, como entonces, est\u00e1 la tentaci\u00f3n de encerrarse en algunas certezas adquiridas en tradiciones pasadas\u201d, ilustra.<\/p>\n<p>Por \u00faltimo, el Sucesor de Pedro ha exhortado a seguir la ense\u00f1anza del Ap\u00f3stol a los G\u00e1latas: \u201cEl camino liberador y siempre nuevo de Jes\u00fas Crucificado y Resucitado; es el camino del anuncio, que se realiza a trav\u00e9s de la humildad y la fraternidad (&#8230;) Y este camino manso y obediente va adelante en la certeza de que el Esp\u00edritu Santo obra en todos los tiempos de la Iglesia. En definitiva, la fe en el Esp\u00edritu Santo presente en la Iglesia, nos lleva adelante y nos salvar\u00e1\u201d.<\/p>\n<p>A continuaci\u00f3n, sigue la catequesis completa del Papa Francisco, ofrecida por la <a href=\"https:\/\/www.vatican.va\/news_services\/press\/index_sp.htm\" target=\"_blank\" rel=\"noopener noreferrer\">Oficina de Prensa de la Santa Sede.<\/a><\/p>\n<p>***<\/p>\n<h4><b>Catequesis sobre la carta a los G\u00e1latas 1. <em>Introducci\u00f3n<\/em> <i>a la Carta a los G\u00e1latas<\/i><\/b><\/h4>\n<p><i>Queridos hermanos y hermanas, \u00a1buenos d\u00edas!<\/i><\/p>\n<p><img loading=\"lazy\" decoding=\"async\" class=\"size-medium wp-image-23908 alignleft\" src=\"https:\/\/exaudi.org\/wp-content\/uploads\/2021\/06\/VM230621101620_0453-300x200.jpg\" alt=\"\" width=\"300\" height=\"200\" srcset=\"https:\/\/exaudi.org\/wp-content\/uploads\/2021\/06\/VM230621101620_0453-300x200.jpg 300w, https:\/\/exaudi.org\/wp-content\/uploads\/2021\/06\/VM230621101620_0453-1024x683.jpg 1024w, https:\/\/exaudi.org\/wp-content\/uploads\/2021\/06\/VM230621101620_0453-768x512.jpg 768w, https:\/\/exaudi.org\/wp-content\/uploads\/2021\/06\/VM230621101620_0453-1536x1024.jpg 1536w, https:\/\/exaudi.org\/wp-content\/uploads\/2021\/06\/VM230621101620_0453-2048x1365.jpg 2048w, https:\/\/exaudi.org\/wp-content\/uploads\/2021\/06\/VM230621101620_0453-150x100.jpg 150w, https:\/\/exaudi.org\/wp-content\/uploads\/2021\/06\/VM230621101620_0453-696x464.jpg 696w, https:\/\/exaudi.org\/wp-content\/uploads\/2021\/06\/VM230621101620_0453-1068x712.jpg 1068w, https:\/\/exaudi.org\/wp-content\/uploads\/2021\/06\/VM230621101620_0453-1920x1280.jpg 1920w, https:\/\/exaudi.org\/wp-content\/uploads\/2021\/06\/VM230621101620_0453-630x420.jpg 630w\" sizes=\"auto, (max-width: 300px) 100vw, 300px\" \/>Despu\u00e9s de un largo itinerario dedicado a la oraci\u00f3n, hoy comenzamos un nuevo ciclo de catequesis. Espero que con este itinerario de la oraci\u00f3n, hayamos conseguido rezar un poco mejor, rezar un poco m\u00e1s. Hoy deseo reflexionar sobre algunos temas que el ap\u00f3stol Pablo propone en su\u00a0<i>Carta a los G\u00e1latas<\/i>. Es una Carta muy importante, dir\u00eda incluso decisiva, no solo para conocer mejor al Ap\u00f3stol, sino sobre todo para considerar algunos argumentos que \u00e9l afronta en profundidad, mostrando la belleza del Evangelio. En esta Carta, Pablo cita varias referencias biogr\u00e1ficas, que nos permiten conocer su conversi\u00f3n y la decisi\u00f3n de poner su vida al servicio de Jesucristo. \u00c9l afronta, adem\u00e1s, algunas tem\u00e1ticas muy importantes para la fe, como las de la libertad, de la gracia y de la forma de vivir cristiana, que son extremadamente actuales porque tocan muchos aspectos de la vida de la Iglesia de nuestros d\u00edas. Esta es una Carta muy actual. Parece escrita para nuestra \u00e9poca.<\/p>\n<p><img loading=\"lazy\" decoding=\"async\" class=\"alignright wp-image-23923 size-medium\" src=\"https:\/\/exaudi.org\/wp-content\/uploads\/2021\/06\/MTC1116-300x200.jpg\" alt=\"catequesis papa san pablo\" width=\"300\" height=\"200\" srcset=\"https:\/\/exaudi.org\/wp-content\/uploads\/2021\/06\/MTC1116-300x200.jpg 300w, https:\/\/exaudi.org\/wp-content\/uploads\/2021\/06\/MTC1116-1024x683.jpg 1024w, https:\/\/exaudi.org\/wp-content\/uploads\/2021\/06\/MTC1116-768x512.jpg 768w, https:\/\/exaudi.org\/wp-content\/uploads\/2021\/06\/MTC1116-1536x1024.jpg 1536w, https:\/\/exaudi.org\/wp-content\/uploads\/2021\/06\/MTC1116-2048x1366.jpg 2048w, https:\/\/exaudi.org\/wp-content\/uploads\/2021\/06\/MTC1116-150x100.jpg 150w, https:\/\/exaudi.org\/wp-content\/uploads\/2021\/06\/MTC1116-696x464.jpg 696w, https:\/\/exaudi.org\/wp-content\/uploads\/2021\/06\/MTC1116-1068x712.jpg 1068w, https:\/\/exaudi.org\/wp-content\/uploads\/2021\/06\/MTC1116-1920x1280.jpg 1920w, https:\/\/exaudi.org\/wp-content\/uploads\/2021\/06\/MTC1116-630x420.jpg 630w\" sizes=\"auto, (max-width: 300px) 100vw, 300px\" \/>El primer rasgo que se desprende de esta Carta es la gran obra de evangelizaci\u00f3n realizada por el Ap\u00f3stol, que al menos dos veces hab\u00eda visitado las comunidades de la Galacia durante sus viajes misioneros. Pablo se dirige a los cristianos de ese territorio. No sabemos exactamente a qu\u00e9 zona geogr\u00e1fica se refiere, ni podemos afirmar con certeza la fecha en la que escribe esta Carta. Sabemos que los G\u00e1latas eran una antigua poblaci\u00f3n celta que, a trav\u00e9s de muchas peripecias, se hab\u00edan asentado en esa extensa regi\u00f3n de Anatolia que ten\u00eda su capital en la ciudad de Ancyra, hoy Ankara, la capital de Turqu\u00eda. Pablo dice solo que, a causa de una enfermedad, se vio obligado a pararse en esa regi\u00f3n (cfr. <i>Gal<\/i> 4,13). San Lucas, en los Hechos de los Ap\u00f3stoles, encuentra sin embargo una motivaci\u00f3n m\u00e1s espiritual. Dice que \u201catravesaron Frigia y la regi\u00f3n de Galacia, pues el Esp\u00edritu Santo les hab\u00eda impedido predicar la Palabra en Asia\u201d (16,6). Los dos hechos no son contradictorios: indican m\u00e1s bien que el camino de la evangelizaci\u00f3n no depende siempre de nuestra voluntad y de nuestros proyectos, sino que requiere la disponibilidad para dejarse moldear y seguir otros recorridos que no estaban previstos. Entre vosotros hay una familia que me ha saludado: dicen que tienen que aprender el let\u00f3n, y no s\u00e9 qu\u00e9 otra lengua, porque ir\u00e1n de misioneros a esas tierras. El Esp\u00edritu lleva tambi\u00e9n hoy muchos misioneros que dejan la patria y van a otra tierra a hacer la misi\u00f3n. Lo que verificamos, sin embargo, es que en su incansable obra evangelizadora el Ap\u00f3stol hab\u00eda conseguido fundar varias peque\u00f1as comunidades, dispersas en la regi\u00f3n de la Galacia. Pablo, cuando llegaba a una ciudad, a una regi\u00f3n, no hac\u00eda enseguida una catedral, no. Hac\u00eda las peque\u00f1as comunidades que son la levadura de nuestra cultura cristiana de hoy. Empezaba haciendo peque\u00f1as comunidades. Y estas peque\u00f1as comunidades crec\u00edan, crec\u00edan e iban adelante. Tambi\u00e9n hoy este m\u00e9todo pastoral se hace en cada regi\u00f3n misionera. La semana pasada recib\u00ed una carta de un misionero de Pap\u00faa Nueva Guinea, me dec\u00eda que est\u00e1 predicando el Evangelio en la selva, a la gente que no sabe ni siquiera qui\u00e9n era Jesucristo. \u00a1Es bonito! Se empiezan a hacer peque\u00f1as comunidades. Tambi\u00e9n hoy este m\u00e9todo es el m\u00e9todo evangelizador de la primera evangelizaci\u00f3n.<\/p>\n<p><img loading=\"lazy\" decoding=\"async\" class=\"size-medium wp-image-23914 alignright\" src=\"https:\/\/exaudi.org\/wp-content\/uploads\/2021\/06\/VM230621093650_0005-300x200.jpg\" alt=\"\" width=\"300\" height=\"200\" srcset=\"https:\/\/exaudi.org\/wp-content\/uploads\/2021\/06\/VM230621093650_0005-300x200.jpg 300w, https:\/\/exaudi.org\/wp-content\/uploads\/2021\/06\/VM230621093650_0005-1024x683.jpg 1024w, https:\/\/exaudi.org\/wp-content\/uploads\/2021\/06\/VM230621093650_0005-768x512.jpg 768w, https:\/\/exaudi.org\/wp-content\/uploads\/2021\/06\/VM230621093650_0005-1536x1024.jpg 1536w, https:\/\/exaudi.org\/wp-content\/uploads\/2021\/06\/VM230621093650_0005-2048x1365.jpg 2048w, https:\/\/exaudi.org\/wp-content\/uploads\/2021\/06\/VM230621093650_0005-150x100.jpg 150w, https:\/\/exaudi.org\/wp-content\/uploads\/2021\/06\/VM230621093650_0005-696x464.jpg 696w, https:\/\/exaudi.org\/wp-content\/uploads\/2021\/06\/VM230621093650_0005-1068x712.jpg 1068w, https:\/\/exaudi.org\/wp-content\/uploads\/2021\/06\/VM230621093650_0005-1920x1280.jpg 1920w, https:\/\/exaudi.org\/wp-content\/uploads\/2021\/06\/VM230621093650_0005-630x420.jpg 630w\" sizes=\"auto, (max-width: 300px) 100vw, 300px\" \/>Lo que nosotros debemos notar es la preocupaci\u00f3n pastoral de Pablo que es todo fuego. \u00c9l, despu\u00e9s de haber fundado estas Iglesias, se da cuenta de un gran peligro \u2014el pastor es como el padre o la madre que en seguida se dan cuenta de los peligros para sus hijos\u2014 que corren para su crecimiento en la fe. Crecen y vienen los peligros. Como dec\u00eda uno: \u201cVienen los buitres a masacrar la comunidad\u201d. De hecho, se hab\u00edan infiltrado algunos cristianos venidos del juda\u00edsmo, los cuales con astucia empezaron a sembrar teor\u00edas contrarias a la ense\u00f1anza del Ap\u00f3stol, llegando incluso a denigrar su persona. Empiezan con la doctrina \u201cesta no, esta s\u00ed\u201d, despu\u00e9s denigran al Ap\u00f3stol. Es el camino de siempre: quitar la autoridad al Ap\u00f3stol. Como se ve, esta es una pr\u00e1ctica antigua, presentarse en algunas ocasiones como los \u00fanicos poseedores de la verdad \u2014los puros\u2014 y pretender rebajar tambi\u00e9n con la calumnia el trabajo realizado por los otros. Esos adversarios de Pablo sosten\u00edan que tambi\u00e9n los paganos deb\u00edan ser sometidos a la circuncisi\u00f3n y vivir seg\u00fan las reglas de la ley mosaica. Vuelven atr\u00e1s a las observancias de antes, las cosas que han quedado traspasadas por el Evangelio. Por tanto, los G\u00e1latas, habr\u00edan tenido que renunciar a su identidad cultural para someterse a normas, a prescripciones y costumbres t\u00edpicas de los jud\u00edos. Y no solo eso. Esos adversarios sosten\u00edan que Pablo no era un verdadero ap\u00f3stol y por tanto no ten\u00eda ninguna autoridad para predicar el Evangelio. Y muchas veces nosotros vemos esto. Pensemos en alguna comunidad cristiana o en alguna di\u00f3cesis: empiezan las historias y despu\u00e9s se termina por desacreditar al p\u00e1rroco, al obispo. Es precisamente el camino del maligno, de esta gente que divide, que no sabe construir. Y en esta Carta a los G\u00e1latas vemos este procedimiento.<\/p>\n<p><img loading=\"lazy\" decoding=\"async\" class=\"alignleft wp-image-23929 size-medium\" src=\"https:\/\/exaudi.org\/wp-content\/uploads\/2021\/06\/cq5dam.web_.800.800-2-2-300x200.jpeg\" alt=\"catequesis papa san pablo\" width=\"300\" height=\"200\" srcset=\"https:\/\/exaudi.org\/wp-content\/uploads\/2021\/06\/cq5dam.web_.800.800-2-2-300x200.jpeg 300w, https:\/\/exaudi.org\/wp-content\/uploads\/2021\/06\/cq5dam.web_.800.800-2-2-768x512.jpeg 768w, https:\/\/exaudi.org\/wp-content\/uploads\/2021\/06\/cq5dam.web_.800.800-2-2-150x100.jpeg 150w, https:\/\/exaudi.org\/wp-content\/uploads\/2021\/06\/cq5dam.web_.800.800-2-2-696x464.jpeg 696w, https:\/\/exaudi.org\/wp-content\/uploads\/2021\/06\/cq5dam.web_.800.800-2-2-630x420.jpeg 630w, https:\/\/exaudi.org\/wp-content\/uploads\/2021\/06\/cq5dam.web_.800.800-2-2.jpeg 800w\" sizes=\"auto, (max-width: 300px) 100vw, 300px\" \/>Los G\u00e1latas se encontraban en una situaci\u00f3n de crisis. \u00bfQu\u00e9 ten\u00edan que hacer? \u00bfEscuchar y seguir lo que Pablo les hab\u00eda predicado, o escuchar a los nuevos predicadores que le acusaban? Es f\u00e1cil imaginar el estado de incertidumbre que animaba sus corazones. Para ellos, haber conocido a Jes\u00fas y cre\u00eddo en la obra de salvaci\u00f3n realizada con su muerte y resurrecci\u00f3n, era realmente el inicio de una vida nueva, de una vida de libertad. Hab\u00edan emprendido un recorrido que les permit\u00eda ser finalmente libres, no obstante su historia fuera tejida por muchas formas de violenta esclavitud, no menos importante la que les somet\u00eda al emperador de Roma. Por tanto, delante de las cr\u00edticas de nuevos predicadores, se sent\u00edan perdidos y se sent\u00edan inciertos sobre c\u00f3mo comportarse: \u201c\u00bfPero qui\u00e9n tiene raz\u00f3n? \u00bfEste Pablo, o esta gente que viene ahora ense\u00f1ando otras cosas? \u00bfA qui\u00e9n debo hacer caso? En resumen, \u00a1hab\u00eda mucho en juego!<\/p>\n<p><img loading=\"lazy\" decoding=\"async\" class=\"size-medium wp-image-23902 alignright\" src=\"https:\/\/exaudi.org\/wp-content\/uploads\/2021\/06\/DSC8148-300x200.jpg\" alt=\"\" width=\"300\" height=\"200\" srcset=\"https:\/\/exaudi.org\/wp-content\/uploads\/2021\/06\/DSC8148-300x200.jpg 300w, https:\/\/exaudi.org\/wp-content\/uploads\/2021\/06\/DSC8148-1024x683.jpg 1024w, https:\/\/exaudi.org\/wp-content\/uploads\/2021\/06\/DSC8148-768x512.jpg 768w, https:\/\/exaudi.org\/wp-content\/uploads\/2021\/06\/DSC8148-1536x1024.jpg 1536w, https:\/\/exaudi.org\/wp-content\/uploads\/2021\/06\/DSC8148-2048x1365.jpg 2048w, https:\/\/exaudi.org\/wp-content\/uploads\/2021\/06\/DSC8148-150x100.jpg 150w, https:\/\/exaudi.org\/wp-content\/uploads\/2021\/06\/DSC8148-696x464.jpg 696w, https:\/\/exaudi.org\/wp-content\/uploads\/2021\/06\/DSC8148-1068x712.jpg 1068w, https:\/\/exaudi.org\/wp-content\/uploads\/2021\/06\/DSC8148-1920x1280.jpg 1920w, https:\/\/exaudi.org\/wp-content\/uploads\/2021\/06\/DSC8148-630x420.jpg 630w\" sizes=\"auto, (max-width: 300px) 100vw, 300px\" \/>Esta condici\u00f3n no est\u00e1 lejos de la experiencia que diversos cristianos viven en nuestros d\u00edas. No faltan tampoco hoy, de hecho, predicadores que, sobre todo a trav\u00e9s de los nuevos medios de comunicaci\u00f3n, pueden enturbiar las comunidades. No se presentan en primer lugar para anunciar el Evangelio de Dios que ama al hombre en Jes\u00fas Crucificado y Resucitado, sino para reiterar con insistencia, como aut\u00e9nticos \u201ccustodios de la verdad\u201d \u2014as\u00ed se llaman ellos\u2014 cu\u00e1l es la mejor manera de ser cristianos. Y con fuerza afirman que el cristiano verdadero es al que ellos est\u00e1n vinculados, a menudo identificado con ciertas formas del pasado, y que la soluci\u00f3n a las crisis actuales es volver atr\u00e1s para no perder la genuinidad de la fe. Tambi\u00e9n hoy, como entonces, est\u00e1 la tentaci\u00f3n de encerrarse en algunas certezas adquiridas en tradiciones pasadas. \u00bfPero c\u00f3mo podemos reconocer a esta gente? Por ejemplo, uno de los rasgos de la forma de proceder es la rigidez. Ante la predicaci\u00f3n del Evangelio que nos hace libres, nos hace alegres, estos son los r\u00edgidos. Siempre con la rigidez: se debe hacer esto, se debe hacer esto otro\u2026 La rigidez es propia de esta gente. Seguir la ense\u00f1anza del Ap\u00f3stol Pablo en la\u00a0<i>Carta a los G\u00e1latas<\/i>\u00a0nos har\u00e1 bien para comprender qu\u00e9 camino seguir. El indicado por el Ap\u00f3stol es el camino liberador y siempre nuevo de Jes\u00fas Crucificado y Resucitado; es el camino del anuncio, que se realiza a trav\u00e9s de la humildad y la fraternidad; los nuevos predicadores no conocen qu\u00e9 es la humildad, qu\u00e9 es la fraternidad; es el camino de la confianza mansa y obediente, los nuevos predicadores no conocen la mansedumbre ni la obediencia. Y este camino manso y obediente va adelante en la certeza de que el Esp\u00edritu Santo obra en todos los tiempos de la Iglesia. En definitiva, la fe en el Esp\u00edritu Santo presente en la Iglesia, nos lleva adelante y nos salvar\u00e1.<\/p>\n<p><strong>\u00a9 Librer\u00eda Editora Vaticana<\/strong><\/p>\n","protected":false},"excerpt":{"rendered":"<p>Texto completo<\/p>\n","protected":false},"author":6,"featured_media":23886,"comment_status":"closed","ping_status":"closed","sticky":false,"template":"","format":"standard","meta":{"_acf_changed":false,"_crdt_document":"","inline_featured_image":false,"footnotes":""},"categories":[112],"tags":[179,182,158],"class_list":["post-23672","post","type-post","status-publish","format-standard","has-post-thumbnail","hentry","category-audiencia-general","tag-audiencia-general","tag-catequesis","tag-papa-francisco"],"acf":[],"yoast_head":"<!-- This site is optimized with the Yoast SEO plugin v27.5 - https:\/\/yoast.com\/product\/yoast-seo-wordpress\/ -->\n<title>Catequesis del Papa: Carta de san Pablo a G\u00e1latas - Exaudi<\/title>\n<meta name=\"description\" content=\"El Papa Francisco ha centrado la catequesis de la Audiencia general en la carta que san Pablo escribe a los disc\u00edpulos G\u00e1latas.\" \/>\n<meta name=\"robots\" content=\"index, follow, max-snippet:-1, max-image-preview:large, max-video-preview:-1\" \/>\n<link rel=\"canonical\" href=\"https:\/\/exaudi.org\/es\/catequesis-papa-carta-san-pablo-galatas-2021\/\" \/>\n<meta property=\"og:locale\" content=\"es_ES\" \/>\n<meta property=\"og:type\" content=\"article\" \/>\n<meta property=\"og:title\" content=\"Catequesis del Papa: Carta de san Pablo a G\u00e1latas - Exaudi\" \/>\n<meta property=\"og:description\" content=\"El Papa Francisco ha centrado la catequesis de la Audiencia general en la carta que san Pablo escribe a los disc\u00edpulos G\u00e1latas.\" \/>\n<meta property=\"og:url\" content=\"https:\/\/exaudi.org\/es\/catequesis-papa-carta-san-pablo-galatas-2021\/\" \/>\n<meta property=\"og:site_name\" content=\"Exaudi\" \/>\n<meta property=\"article:publisher\" content=\"https:\/\/www.facebook.com\/ExaudiNews\" \/>\n<meta property=\"article:published_time\" content=\"2021-06-23T10:51:29+00:00\" \/>\n<meta property=\"article:modified_time\" content=\"2021-06-25T07:29:05+00:00\" \/>\n<meta property=\"og:image\" content=\"https:\/\/exaudi.org\/wp-content\/uploads\/2021\/06\/MTC1338-scaled.jpg\" \/>\n\t<meta property=\"og:image:width\" content=\"2560\" \/>\n\t<meta property=\"og:image:height\" content=\"1707\" \/>\n\t<meta property=\"og:image:type\" content=\"image\/jpeg\" \/>\n<meta name=\"author\" content=\"Gabriel Sales\" \/>\n<meta name=\"twitter:card\" content=\"summary_large_image\" \/>\n<meta name=\"twitter:creator\" content=\"@habemusman\" \/>\n<meta name=\"twitter:site\" content=\"@Exaudi_News\" \/>\n<meta name=\"twitter:label1\" content=\"Escrito por\" \/>\n\t<meta name=\"twitter:data1\" content=\"Gabriel Sales\" \/>\n\t<meta name=\"twitter:label2\" content=\"Tiempo de lectura\" \/>\n\t<meta name=\"twitter:data2\" content=\"11 minutos\" \/>\n<script type=\"application\/ld+json\" class=\"yoast-schema-graph\">{\"@context\":\"https:\\\/\\\/schema.org\",\"@graph\":[{\"@type\":\"Article\",\"@id\":\"https:\\\/\\\/exaudi.org\\\/es\\\/catequesis-papa-carta-san-pablo-galatas-2021\\\/#article\",\"isPartOf\":{\"@id\":\"https:\\\/\\\/exaudi.org\\\/es\\\/catequesis-papa-carta-san-pablo-galatas-2021\\\/\"},\"author\":{\"name\":\"Gabriel Sales\",\"@id\":\"https:\\\/\\\/exaudi.org\\\/#\\\/schema\\\/person\\\/d134b96438278131ce90c90c03fda6cd\"},\"headline\":\"Catequesis del Papa: Carta de san Pablo a G\u00e1latas\",\"datePublished\":\"2021-06-23T10:51:29+00:00\",\"dateModified\":\"2021-06-25T07:29:05+00:00\",\"mainEntityOfPage\":{\"@id\":\"https:\\\/\\\/exaudi.org\\\/es\\\/catequesis-papa-carta-san-pablo-galatas-2021\\\/\"},\"wordCount\":2265,\"image\":{\"@id\":\"https:\\\/\\\/exaudi.org\\\/es\\\/catequesis-papa-carta-san-pablo-galatas-2021\\\/#primaryimage\"},\"thumbnailUrl\":\"https:\\\/\\\/exaudi.org\\\/wp-content\\\/uploads\\\/2021\\\/06\\\/MTC1338-scaled.jpg\",\"keywords\":[\"audiencia general\",\"catequesis\",\"papa francisco\"],\"articleSection\":[\"Audiencia General\"],\"inLanguage\":\"es\"},{\"@type\":\"WebPage\",\"@id\":\"https:\\\/\\\/exaudi.org\\\/es\\\/catequesis-papa-carta-san-pablo-galatas-2021\\\/\",\"url\":\"https:\\\/\\\/exaudi.org\\\/es\\\/catequesis-papa-carta-san-pablo-galatas-2021\\\/\",\"name\":\"Catequesis del Papa: Carta de san Pablo a G\u00e1latas - Exaudi\",\"isPartOf\":{\"@id\":\"https:\\\/\\\/exaudi.org\\\/#website\"},\"primaryImageOfPage\":{\"@id\":\"https:\\\/\\\/exaudi.org\\\/es\\\/catequesis-papa-carta-san-pablo-galatas-2021\\\/#primaryimage\"},\"image\":{\"@id\":\"https:\\\/\\\/exaudi.org\\\/es\\\/catequesis-papa-carta-san-pablo-galatas-2021\\\/#primaryimage\"},\"thumbnailUrl\":\"https:\\\/\\\/exaudi.org\\\/wp-content\\\/uploads\\\/2021\\\/06\\\/MTC1338-scaled.jpg\",\"datePublished\":\"2021-06-23T10:51:29+00:00\",\"dateModified\":\"2021-06-25T07:29:05+00:00\",\"author\":{\"@id\":\"https:\\\/\\\/exaudi.org\\\/#\\\/schema\\\/person\\\/d134b96438278131ce90c90c03fda6cd\"},\"description\":\"El Papa Francisco ha centrado la catequesis de la Audiencia general en la carta que san Pablo escribe a los disc\u00edpulos G\u00e1latas.\",\"breadcrumb\":{\"@id\":\"https:\\\/\\\/exaudi.org\\\/es\\\/catequesis-papa-carta-san-pablo-galatas-2021\\\/#breadcrumb\"},\"inLanguage\":\"es\",\"potentialAction\":[{\"@type\":\"ReadAction\",\"target\":[\"https:\\\/\\\/exaudi.org\\\/es\\\/catequesis-papa-carta-san-pablo-galatas-2021\\\/\"]}]},{\"@type\":\"ImageObject\",\"inLanguage\":\"es\",\"@id\":\"https:\\\/\\\/exaudi.org\\\/es\\\/catequesis-papa-carta-san-pablo-galatas-2021\\\/#primaryimage\",\"url\":\"https:\\\/\\\/exaudi.org\\\/wp-content\\\/uploads\\\/2021\\\/06\\\/MTC1338-scaled.jpg\",\"contentUrl\":\"https:\\\/\\\/exaudi.org\\\/wp-content\\\/uploads\\\/2021\\\/06\\\/MTC1338-scaled.jpg\",\"width\":2560,\"height\":1707,\"caption\":\"Audiencia general, 23 junio 2021 \u00a9 Vatican Media\"},{\"@type\":\"BreadcrumbList\",\"@id\":\"https:\\\/\\\/exaudi.org\\\/es\\\/catequesis-papa-carta-san-pablo-galatas-2021\\\/#breadcrumb\",\"itemListElement\":[{\"@type\":\"ListItem\",\"position\":1,\"name\":\"Portada\",\"item\":\"https:\\\/\\\/exaudi.org\\\/es\\\/\"},{\"@type\":\"ListItem\",\"position\":2,\"name\":\"Catequesis del Papa: Carta de san Pablo a G\u00e1latas\"}]},{\"@type\":\"WebSite\",\"@id\":\"https:\\\/\\\/exaudi.org\\\/#website\",\"url\":\"https:\\\/\\\/exaudi.org\\\/\",\"name\":\"Exaudi\",\"description\":\"News\",\"potentialAction\":[{\"@type\":\"SearchAction\",\"target\":{\"@type\":\"EntryPoint\",\"urlTemplate\":\"https:\\\/\\\/exaudi.org\\\/?s={search_term_string}\"},\"query-input\":{\"@type\":\"PropertyValueSpecification\",\"valueRequired\":true,\"valueName\":\"search_term_string\"}}],\"inLanguage\":\"es\"},{\"@type\":\"Person\",\"@id\":\"https:\\\/\\\/exaudi.org\\\/#\\\/schema\\\/person\\\/d134b96438278131ce90c90c03fda6cd\",\"name\":\"Gabriel Sales\",\"image\":{\"@type\":\"ImageObject\",\"inLanguage\":\"es\",\"@id\":\"https:\\\/\\\/secure.gravatar.com\\\/avatar\\\/9b1269566f6a063ed26ffb3532b66a373cdde231ce5d0effb266167437fdaffd?s=96&d=mm&r=g\",\"url\":\"https:\\\/\\\/secure.gravatar.com\\\/avatar\\\/9b1269566f6a063ed26ffb3532b66a373cdde231ce5d0effb266167437fdaffd?s=96&d=mm&r=g\",\"contentUrl\":\"https:\\\/\\\/secure.gravatar.com\\\/avatar\\\/9b1269566f6a063ed26ffb3532b66a373cdde231ce5d0effb266167437fdaffd?s=96&d=mm&r=g\",\"caption\":\"Gabriel Sales\"},\"description\":\"Periodista y especialista en Comunicaci\u00f3n y Branding digital. Cin\u00e9filo y cr\u00edtico de cine y series de televisi\u00f3n.\",\"sameAs\":[\"https:\\\/\\\/www.instagram.com\\\/cine90segundos\\\/\",\"www.linkedin.com\\\/in\\\/habemusman\",\"https:\\\/\\\/x.com\\\/habemusman\",\"https:\\\/\\\/www.youtube.com\\\/channel\\\/UCVfCiOMkJ_C7T7OpyjuaLDg\"],\"url\":\"https:\\\/\\\/exaudi.org\\\/es\\\/author\\\/gsalesexaudi-org\\\/\"}]}<\/script>\n<!-- \/ Yoast SEO plugin. -->","yoast_head_json":{"title":"Catequesis del Papa: Carta de san Pablo a G\u00e1latas - Exaudi","description":"El Papa Francisco ha centrado la catequesis de la Audiencia general en la carta que san Pablo escribe a los disc\u00edpulos G\u00e1latas.","robots":{"index":"index","follow":"follow","max-snippet":"max-snippet:-1","max-image-preview":"max-image-preview:large","max-video-preview":"max-video-preview:-1"},"canonical":"https:\/\/exaudi.org\/es\/catequesis-papa-carta-san-pablo-galatas-2021\/","og_locale":"es_ES","og_type":"article","og_title":"Catequesis del Papa: Carta de san Pablo a G\u00e1latas - Exaudi","og_description":"El Papa Francisco ha centrado la catequesis de la Audiencia general en la carta que san Pablo escribe a los disc\u00edpulos G\u00e1latas.","og_url":"https:\/\/exaudi.org\/es\/catequesis-papa-carta-san-pablo-galatas-2021\/","og_site_name":"Exaudi","article_publisher":"https:\/\/www.facebook.com\/ExaudiNews","article_published_time":"2021-06-23T10:51:29+00:00","article_modified_time":"2021-06-25T07:29:05+00:00","og_image":[{"width":2560,"height":1707,"url":"https:\/\/exaudi.org\/wp-content\/uploads\/2021\/06\/MTC1338-scaled.jpg","type":"image\/jpeg"}],"author":"Gabriel Sales","twitter_card":"summary_large_image","twitter_creator":"@habemusman","twitter_site":"@Exaudi_News","twitter_misc":{"Escrito por":"Gabriel Sales","Tiempo de lectura":"11 minutos"},"schema":{"@context":"https:\/\/schema.org","@graph":[{"@type":"Article","@id":"https:\/\/exaudi.org\/es\/catequesis-papa-carta-san-pablo-galatas-2021\/#article","isPartOf":{"@id":"https:\/\/exaudi.org\/es\/catequesis-papa-carta-san-pablo-galatas-2021\/"},"author":{"name":"Gabriel Sales","@id":"https:\/\/exaudi.org\/#\/schema\/person\/d134b96438278131ce90c90c03fda6cd"},"headline":"Catequesis del Papa: Carta de san Pablo a G\u00e1latas","datePublished":"2021-06-23T10:51:29+00:00","dateModified":"2021-06-25T07:29:05+00:00","mainEntityOfPage":{"@id":"https:\/\/exaudi.org\/es\/catequesis-papa-carta-san-pablo-galatas-2021\/"},"wordCount":2265,"image":{"@id":"https:\/\/exaudi.org\/es\/catequesis-papa-carta-san-pablo-galatas-2021\/#primaryimage"},"thumbnailUrl":"https:\/\/exaudi.org\/wp-content\/uploads\/2021\/06\/MTC1338-scaled.jpg","keywords":["audiencia general","catequesis","papa francisco"],"articleSection":["Audiencia General"],"inLanguage":"es"},{"@type":"WebPage","@id":"https:\/\/exaudi.org\/es\/catequesis-papa-carta-san-pablo-galatas-2021\/","url":"https:\/\/exaudi.org\/es\/catequesis-papa-carta-san-pablo-galatas-2021\/","name":"Catequesis del Papa: Carta de san Pablo a G\u00e1latas - Exaudi","isPartOf":{"@id":"https:\/\/exaudi.org\/#website"},"primaryImageOfPage":{"@id":"https:\/\/exaudi.org\/es\/catequesis-papa-carta-san-pablo-galatas-2021\/#primaryimage"},"image":{"@id":"https:\/\/exaudi.org\/es\/catequesis-papa-carta-san-pablo-galatas-2021\/#primaryimage"},"thumbnailUrl":"https:\/\/exaudi.org\/wp-content\/uploads\/2021\/06\/MTC1338-scaled.jpg","datePublished":"2021-06-23T10:51:29+00:00","dateModified":"2021-06-25T07:29:05+00:00","author":{"@id":"https:\/\/exaudi.org\/#\/schema\/person\/d134b96438278131ce90c90c03fda6cd"},"description":"El Papa Francisco ha centrado la catequesis de la Audiencia general en la carta que san Pablo escribe a los disc\u00edpulos G\u00e1latas.","breadcrumb":{"@id":"https:\/\/exaudi.org\/es\/catequesis-papa-carta-san-pablo-galatas-2021\/#breadcrumb"},"inLanguage":"es","potentialAction":[{"@type":"ReadAction","target":["https:\/\/exaudi.org\/es\/catequesis-papa-carta-san-pablo-galatas-2021\/"]}]},{"@type":"ImageObject","inLanguage":"es","@id":"https:\/\/exaudi.org\/es\/catequesis-papa-carta-san-pablo-galatas-2021\/#primaryimage","url":"https:\/\/exaudi.org\/wp-content\/uploads\/2021\/06\/MTC1338-scaled.jpg","contentUrl":"https:\/\/exaudi.org\/wp-content\/uploads\/2021\/06\/MTC1338-scaled.jpg","width":2560,"height":1707,"caption":"Audiencia general, 23 junio 2021 \u00a9 Vatican Media"},{"@type":"BreadcrumbList","@id":"https:\/\/exaudi.org\/es\/catequesis-papa-carta-san-pablo-galatas-2021\/#breadcrumb","itemListElement":[{"@type":"ListItem","position":1,"name":"Portada","item":"https:\/\/exaudi.org\/es\/"},{"@type":"ListItem","position":2,"name":"Catequesis del Papa: Carta de san Pablo a G\u00e1latas"}]},{"@type":"WebSite","@id":"https:\/\/exaudi.org\/#website","url":"https:\/\/exaudi.org\/","name":"Exaudi","description":"News","potentialAction":[{"@type":"SearchAction","target":{"@type":"EntryPoint","urlTemplate":"https:\/\/exaudi.org\/?s={search_term_string}"},"query-input":{"@type":"PropertyValueSpecification","valueRequired":true,"valueName":"search_term_string"}}],"inLanguage":"es"},{"@type":"Person","@id":"https:\/\/exaudi.org\/#\/schema\/person\/d134b96438278131ce90c90c03fda6cd","name":"Gabriel Sales","image":{"@type":"ImageObject","inLanguage":"es","@id":"https:\/\/secure.gravatar.com\/avatar\/9b1269566f6a063ed26ffb3532b66a373cdde231ce5d0effb266167437fdaffd?s=96&d=mm&r=g","url":"https:\/\/secure.gravatar.com\/avatar\/9b1269566f6a063ed26ffb3532b66a373cdde231ce5d0effb266167437fdaffd?s=96&d=mm&r=g","contentUrl":"https:\/\/secure.gravatar.com\/avatar\/9b1269566f6a063ed26ffb3532b66a373cdde231ce5d0effb266167437fdaffd?s=96&d=mm&r=g","caption":"Gabriel Sales"},"description":"Periodista y especialista en Comunicaci\u00f3n y Branding digital. Cin\u00e9filo y cr\u00edtico de cine y series de televisi\u00f3n.","sameAs":["https:\/\/www.instagram.com\/cine90segundos\/","www.linkedin.com\/in\/habemusman","https:\/\/x.com\/habemusman","https:\/\/www.youtube.com\/channel\/UCVfCiOMkJ_C7T7OpyjuaLDg"],"url":"https:\/\/exaudi.org\/es\/author\/gsalesexaudi-org\/"}]}},"jetpack_featured_media_url":"https:\/\/exaudi.org\/wp-content\/uploads\/2021\/06\/MTC1338-scaled.jpg","jetpack_shortlink":"https:\/\/wp.me\/pgKjF2-69O","_links":{"self":[{"href":"https:\/\/exaudi.org\/es\/wp-json\/wp\/v2\/posts\/23672","targetHints":{"allow":["GET"]}}],"collection":[{"href":"https:\/\/exaudi.org\/es\/wp-json\/wp\/v2\/posts"}],"about":[{"href":"https:\/\/exaudi.org\/es\/wp-json\/wp\/v2\/types\/post"}],"author":[{"embeddable":true,"href":"https:\/\/exaudi.org\/es\/wp-json\/wp\/v2\/users\/6"}],"replies":[{"embeddable":true,"href":"https:\/\/exaudi.org\/es\/wp-json\/wp\/v2\/comments?post=23672"}],"version-history":[{"count":0,"href":"https:\/\/exaudi.org\/es\/wp-json\/wp\/v2\/posts\/23672\/revisions"}],"wp:featuredmedia":[{"embeddable":true,"href":"https:\/\/exaudi.org\/es\/wp-json\/wp\/v2\/media\/23886"}],"wp:attachment":[{"href":"https:\/\/exaudi.org\/es\/wp-json\/wp\/v2\/media?parent=23672"}],"wp:term":[{"taxonomy":"category","embeddable":true,"href":"https:\/\/exaudi.org\/es\/wp-json\/wp\/v2\/categories?post=23672"},{"taxonomy":"post_tag","embeddable":true,"href":"https:\/\/exaudi.org\/es\/wp-json\/wp\/v2\/tags?post=23672"}],"curies":[{"name":"wp","href":"https:\/\/api.w.org\/{rel}","templated":true}]}}