{"id":23661,"date":"2021-06-23T09:12:18","date_gmt":"2021-06-23T07:12:18","guid":{"rendered":"https:\/\/exaudi.org\/?p=18118"},"modified":"2021-06-24T10:58:25","modified_gmt":"2021-06-24T08:58:25","slug":"cardenal-arizmendi-construir-puentes","status":"publish","type":"post","link":"https:\/\/exaudi.org\/es\/cardenal-arizmendi-construir-puentes\/","title":{"rendered":"Cardenal Arizmendi: Construir puentes"},"content":{"rendered":"<p>El cardenal\u00a0<a href=\"https:\/\/exaudi.org\/es\/author\/felipearizmendi\/\">Felipe Arizmendi Esquivel<\/a>, obispo em\u00e9rito de San Crist\u00f3bal de Las Casas y responsable de la Doctrina de la Fe en la\u00a0<a href=\"https:\/\/www.cem.org.mx\/\">Conferencia del Episcopado Mexicano<\/a> (CEM), ofrece a los lectores de Exaudi su art\u00edculo semanal titulado \u201cConstruir puentes\u201d.<\/p>\n<p>***<\/p>\n<h4><strong>Ver<\/strong><\/h4>\n<p>Nuestro pa\u00eds est\u00e1 muy fragmentado. Hay enormes abismos entre ricos muy ricos, y pobres muy pobres. Hay diferencias entre las llamadas clases medias. Las recientes elecciones han manifestado graves divisiones en nuestra sociedad, sobre todo entre quienes apoyan al partido en el poder y los que est\u00e1n en contra. Persisten separaciones, incluso luchas, entre las diferentes formas de vivir la fe. Subsisten racismos contra ind\u00edgenas y afromexicanos. \u00a1Necesitamos reconstruir la unidad nacional!<\/p>\n<p>El periodista Felipe de J. Monroy, a ra\u00edz de mi designaci\u00f3n como cardenal, escribi\u00f3 un elogioso art\u00edculo sobre mi persona. Me calific\u00f3 como \u201cconstructor de puentes<em>\u201d<\/em>, haciendo referencia a mi servicio episcopal en Chiapas, cuando procur\u00e9 servir de puente para la unidad y la reconciliaci\u00f3n entre ind\u00edgenas y mestizos, entre zapatistas y sus contrarios, entre cat\u00f3licos y evangelistas, y a\u00fan dentro de la misma di\u00f3cesis, entre quienes segu\u00edan el camino de mi obispo antecesor y quienes le detestaban. Se resaltaba mi servicio de acercar a esa di\u00f3cesis con los dicasterios de la Curia Romana, sobre todo en cuanto a la ordenaci\u00f3n de nuevos di\u00e1conos permanentes. Servir de puente para acercar a las partes distantes, es un ministerio muy necesario, pero a la vez muy doloroso, porque, para que puedas servir efectivamente, te pisan unos y otros, se te echan encima los de una y otra tendencia, te pisotean con sus incomprensiones, te dicen que de parte de qui\u00e9n est\u00e1s, te exigen que te definas por unos o por otros, quieren jalarte a su postura, y tienes que sufrir insultos y descalificaciones. Pero s\u00f3lo as\u00ed, entre l\u00e1grimas y oraciones, con di\u00e1logos y mucha paciencia, puedes acercar a las partes, para que se respeten, se escuchen, se toleren, se comprendan, se perdonen, se amen y trabajen juntos por el bien de todos.<\/p>\n<p>Una enriquecedora experiencia fue el Consejo Interreligioso de Chiapas, que fundamos el a\u00f1o 1992, por iniciativa de un pastor adventista. Est\u00e1 integrado por los obispos cat\u00f3licos y l\u00edderes de varias confesiones evang\u00e9licas. Nos reun\u00edamos cada cuatro meses, no para discutir asuntos doctrinales, sino para compartir nuestra fe, leer la Biblia, orar juntos, tratar temas de inter\u00e9s com\u00fan y ayudar a la paz y la reconciliaci\u00f3n. Por ejemplo, si hab\u00eda luchas religiosas en alguna comunidad, analiz\u00e1bamos que pod\u00edamos hacer juntos, para que hubiera respeto, justicia y paz. Adem\u00e1s, ve\u00edamos los problemas de las familias, de los j\u00f3venes, las drogas, la pobreza, la destrucci\u00f3n del medio ambiente, y program\u00e1bamos acciones comunes para que nuestra fe sirviera a la vida digna de los pueblos. Aprendimos a conocernos, reunirnos, escucharnos, dialogar, orar juntos y trabajar unidos por el bien social. Se avanz\u00f3 mucho entre los l\u00edderes religiosos, aunque no siempre se logr\u00f3 lo mismo en las bases populares.<\/p>\n<h4><strong>P<\/strong><strong>ensar<\/strong><\/h4>\n<p>En un video mensaje a la Conferencia Internacional del Trabajo, el Papa Francisco expres\u00f3 lo siguiente para mejorar las condiciones de los trabajadores, pero que se aplica lo mismo a otras circunstancias:<\/p>\n<p><em>\u201c<\/em>Es misi\u00f3n esencial de la Iglesia apelar a todos a trabajar conjuntamente, con los gobiernos, las organizaciones multilaterales y la sociedad civil, para servir y cuidar el bien com\u00fan y garantizar la participaci\u00f3n de todos en este empe\u00f1o. Nadie deber\u00eda ser dejado de lado en un di\u00e1logo por el bien com\u00fan, cuyo objetivo es, sobre todo, construir, consolidar la paz y la confianza entre todos. Los m\u00e1s vulnerables \u2014los j\u00f3venes, los migrantes, las comunidades ind\u00edgenas, los pobres\u2014 no pueden ser dejados de lado en un di\u00e1logo que tambi\u00e9n deber\u00eda reunir a gobiernos, empresarios y trabajadores. Tambi\u00e9n es esencial que todas las confesiones y comunidades religiosas se comprometan juntas. La Iglesia tiene una larga experiencia en la participaci\u00f3n en estos di\u00e1logos a trav\u00e9s de sus comunidades locales, movimientos populares y organizaciones, y se ofrece al mundo como constructora de puentes para ayudar a crear las condiciones de este di\u00e1logo o, cuando sea apropiado, ayudar a facilitarlo. Estos di\u00e1logos por el bien com\u00fan son esenciales para realizar un futuro solidario y sostenible de nuestra casa com\u00fan y deber\u00edan tener lugar tanto a nivel comunitario como nacional e internacional\u201d (17 junio 2021).<\/p>\n<p>En su enc\u00edclica <em><a href=\"https:\/\/exaudi.org\/es\/enciclica-fratelli-tutti-papa\/\" target=\"_blank\" rel=\"noopener noreferrer\">Fratelli tutti<\/a>, <\/em>nos insiste: <em>\u201c<\/em>Queremos ser una Iglesia que sirve, que sale de casa, que sale de sus templos, que sale de sus sacrist\u00edas, para acompa\u00f1ar la vida, sostener la esperanza, ser signo de unidad, para tender puentes, romper muros, sembrar reconciliaci\u00f3n\u201d (276). \u201cEl amor rompe las cadenas que nos a\u00edslan y separan, tendiendo puentes; amor que nos permite construir una gran familia donde todos podamos sentirnos en casa\u201d (62). El Papa nos invita a \u201cintentar encontrarnos, buscar puntos de contacto, tender puentes, proyectar algo que incluya a todos\u201d (216); posibilitar un espacio de escucha en medio de tanta indiferencia; crear esa convivencia sana que vence las incomprensiones y previene los conflictos. El cultivo de la amabilidad, que supone valoraci\u00f3n y respeto, transfigura profundamente el estilo de vida, las relaciones sociales, el modo de debatir y de confrontar ideas. Facilita la b\u00fasqueda de consensos y abre caminos donde la exasperaci\u00f3n destruye todos los puentes\u201d (224).<\/p>\n<h4><strong>Actuar<\/strong><\/h4>\n<p>No nos dejemos influenciar por quienes, en vez de analizar lo que dicen los que tienen otros puntos de vista, se dedican diariamente a denostarlos, descalificarlos, ofenderlos y, as\u00ed, enfrentan m\u00e1s a la sociedad. Eso no ayuda a la unidad nacional. No los apoyemos. Hay que empezar desde la familia a construir puentes de di\u00e1logo entre esposos, entre padres e hijos, entre vecinos, entre creyentes de diversas denominaciones. Seamos puentes; no muros.<\/p>\n<audio class=\"wp-audio-shortcode\" id=\"audio-23661-1\" preload=\"none\" style=\"width: 100%;\" controls=\"controls\"><source type=\"audio\/mpeg\" src=\"https:\/\/exaudi.org\/wp-content\/uploads\/2021\/06\/Articulo-23-junio.mp3?_=1\" \/><a href=\"https:\/\/exaudi.org\/wp-content\/uploads\/2021\/06\/Articulo-23-junio.mp3\">https:\/\/exaudi.org\/wp-content\/uploads\/2021\/06\/Articulo-23-junio.mp3<\/a><\/audio>\n","protected":false},"excerpt":{"rendered":"<p>\u201cSeamos puentes; no muros\u201d<\/p>\n","protected":false},"author":24,"featured_media":23998,"comment_status":"closed","ping_status":"closed","sticky":false,"template":"","format":"standard","meta":{"_acf_changed":false,"_crdt_document":"","inline_featured_image":false,"footnotes":""},"categories":[298,130],"tags":[413,240],"class_list":["post-23661","post","type-post","status-publish","format-standard","has-post-thumbnail","hentry","category-ultimas-noticias","category-voces","tag-cardenal-felipe-arizmendi-esquivel","tag-fraternidad"],"acf":[],"yoast_head":"<!-- This site is optimized with the Yoast SEO plugin v27.4 - https:\/\/yoast.com\/product\/yoast-seo-wordpress\/ -->\n<title>Cardenal Arizmendi: Construir puentes &#8211; Exaudi<\/title>\n<meta name=\"description\" content=\"El cardenal\u00a0Felipe Arizmendi, obispo em\u00e9rito de San Crist\u00f3bal de Las Casas, y ofrece su art\u00edculo semanal titulado \u201cConstruir puentes\u201d.\" \/>\n<meta name=\"robots\" content=\"index, follow, max-snippet:-1, max-image-preview:large, max-video-preview:-1\" \/>\n<link rel=\"canonical\" href=\"https:\/\/exaudi.org\/es\/cardenal-arizmendi-construir-puentes\/\" \/>\n<meta property=\"og:locale\" content=\"es_ES\" \/>\n<meta property=\"og:type\" content=\"article\" \/>\n<meta property=\"og:title\" content=\"Cardenal Arizmendi: Construir puentes &#8211; Exaudi\" \/>\n<meta property=\"og:description\" content=\"El cardenal\u00a0Felipe Arizmendi, obispo em\u00e9rito de San Crist\u00f3bal de Las Casas, y ofrece su art\u00edculo semanal titulado \u201cConstruir puentes\u201d.\" \/>\n<meta property=\"og:url\" content=\"https:\/\/exaudi.org\/es\/cardenal-arizmendi-construir-puentes\/\" \/>\n<meta property=\"og:site_name\" content=\"Exaudi\" \/>\n<meta property=\"article:publisher\" content=\"https:\/\/www.facebook.com\/ExaudiNews\" \/>\n<meta property=\"article:published_time\" content=\"2021-06-23T07:12:18+00:00\" \/>\n<meta property=\"article:modified_time\" content=\"2021-06-24T08:58:25+00:00\" \/>\n<meta property=\"og:image\" content=\"https:\/\/exaudi.org\/wp-content\/uploads\/2021\/06\/pexels-alexander-suhorucov-6457563-1-scaled.jpg\" \/>\n\t<meta property=\"og:image:width\" content=\"2560\" \/>\n\t<meta property=\"og:image:height\" content=\"1706\" \/>\n\t<meta property=\"og:image:type\" content=\"image\/jpeg\" \/>\n<meta name=\"author\" content=\"Cardenal Felipe Arizmendi\" \/>\n<meta name=\"twitter:card\" content=\"summary_large_image\" \/>\n<meta name=\"twitter:creator\" content=\"@Exaudi_News\" \/>\n<meta name=\"twitter:site\" content=\"@Exaudi_News\" \/>\n<meta name=\"twitter:label1\" content=\"Escrito por\" \/>\n\t<meta name=\"twitter:data1\" content=\"Cardenal Felipe Arizmendi\" \/>\n\t<meta name=\"twitter:label2\" content=\"Tiempo de lectura\" \/>\n\t<meta name=\"twitter:data2\" content=\"5 minutos\" \/>\n<script type=\"application\/ld+json\" class=\"yoast-schema-graph\">{\"@context\":\"https:\\\/\\\/schema.org\",\"@graph\":[{\"@type\":\"Article\",\"@id\":\"https:\\\/\\\/exaudi.org\\\/es\\\/cardenal-arizmendi-construir-puentes\\\/#article\",\"isPartOf\":{\"@id\":\"https:\\\/\\\/exaudi.org\\\/es\\\/cardenal-arizmendi-construir-puentes\\\/\"},\"author\":{\"name\":\"Cardenal Felipe Arizmendi\",\"@id\":\"https:\\\/\\\/exaudi.org\\\/#\\\/schema\\\/person\\\/c7d223f87e58f1105d044d8da1439102\"},\"headline\":\"Cardenal Arizmendi: Construir puentes\",\"datePublished\":\"2021-06-23T07:12:18+00:00\",\"dateModified\":\"2021-06-24T08:58:25+00:00\",\"mainEntityOfPage\":{\"@id\":\"https:\\\/\\\/exaudi.org\\\/es\\\/cardenal-arizmendi-construir-puentes\\\/\"},\"wordCount\":1021,\"image\":{\"@id\":\"https:\\\/\\\/exaudi.org\\\/es\\\/cardenal-arizmendi-construir-puentes\\\/#primaryimage\"},\"thumbnailUrl\":\"https:\\\/\\\/exaudi.org\\\/wp-content\\\/uploads\\\/2021\\\/06\\\/pexels-alexander-suhorucov-6457563-1-scaled.jpg\",\"keywords\":[\"Cardenal Felipe Arizmendi Esquivel\",\"fraternidad\"],\"articleSection\":[\"\u00daltimas noticias\",\"Voces\"],\"inLanguage\":\"es\"},{\"@type\":\"WebPage\",\"@id\":\"https:\\\/\\\/exaudi.org\\\/es\\\/cardenal-arizmendi-construir-puentes\\\/\",\"url\":\"https:\\\/\\\/exaudi.org\\\/es\\\/cardenal-arizmendi-construir-puentes\\\/\",\"name\":\"Cardenal Arizmendi: Construir puentes &#8211; Exaudi\",\"isPartOf\":{\"@id\":\"https:\\\/\\\/exaudi.org\\\/#website\"},\"primaryImageOfPage\":{\"@id\":\"https:\\\/\\\/exaudi.org\\\/es\\\/cardenal-arizmendi-construir-puentes\\\/#primaryimage\"},\"image\":{\"@id\":\"https:\\\/\\\/exaudi.org\\\/es\\\/cardenal-arizmendi-construir-puentes\\\/#primaryimage\"},\"thumbnailUrl\":\"https:\\\/\\\/exaudi.org\\\/wp-content\\\/uploads\\\/2021\\\/06\\\/pexels-alexander-suhorucov-6457563-1-scaled.jpg\",\"datePublished\":\"2021-06-23T07:12:18+00:00\",\"dateModified\":\"2021-06-24T08:58:25+00:00\",\"author\":{\"@id\":\"https:\\\/\\\/exaudi.org\\\/#\\\/schema\\\/person\\\/c7d223f87e58f1105d044d8da1439102\"},\"description\":\"El cardenal\u00a0Felipe Arizmendi, obispo em\u00e9rito de San Crist\u00f3bal de Las Casas, y ofrece su art\u00edculo semanal titulado \u201cConstruir puentes\u201d.\",\"breadcrumb\":{\"@id\":\"https:\\\/\\\/exaudi.org\\\/es\\\/cardenal-arizmendi-construir-puentes\\\/#breadcrumb\"},\"inLanguage\":\"es\",\"potentialAction\":[{\"@type\":\"ReadAction\",\"target\":[\"https:\\\/\\\/exaudi.org\\\/es\\\/cardenal-arizmendi-construir-puentes\\\/\"]}]},{\"@type\":\"ImageObject\",\"inLanguage\":\"es\",\"@id\":\"https:\\\/\\\/exaudi.org\\\/es\\\/cardenal-arizmendi-construir-puentes\\\/#primaryimage\",\"url\":\"https:\\\/\\\/exaudi.org\\\/wp-content\\\/uploads\\\/2021\\\/06\\\/pexels-alexander-suhorucov-6457563-1-scaled.jpg\",\"contentUrl\":\"https:\\\/\\\/exaudi.org\\\/wp-content\\\/uploads\\\/2021\\\/06\\\/pexels-alexander-suhorucov-6457563-1-scaled.jpg\",\"width\":2560,\"height\":1706,\"caption\":\"\u00a9 Pexels. Alexander Suhorucov\"},{\"@type\":\"BreadcrumbList\",\"@id\":\"https:\\\/\\\/exaudi.org\\\/es\\\/cardenal-arizmendi-construir-puentes\\\/#breadcrumb\",\"itemListElement\":[{\"@type\":\"ListItem\",\"position\":1,\"name\":\"Portada\",\"item\":\"https:\\\/\\\/exaudi.org\\\/es\\\/\"},{\"@type\":\"ListItem\",\"position\":2,\"name\":\"Cardenal Arizmendi: Construir puentes\"}]},{\"@type\":\"WebSite\",\"@id\":\"https:\\\/\\\/exaudi.org\\\/#website\",\"url\":\"https:\\\/\\\/exaudi.org\\\/\",\"name\":\"Exaudi\",\"description\":\"News\",\"potentialAction\":[{\"@type\":\"SearchAction\",\"target\":{\"@type\":\"EntryPoint\",\"urlTemplate\":\"https:\\\/\\\/exaudi.org\\\/?s={search_term_string}\"},\"query-input\":{\"@type\":\"PropertyValueSpecification\",\"valueRequired\":true,\"valueName\":\"search_term_string\"}}],\"inLanguage\":\"es\"},{\"@type\":\"Person\",\"@id\":\"https:\\\/\\\/exaudi.org\\\/#\\\/schema\\\/person\\\/c7d223f87e58f1105d044d8da1439102\",\"name\":\"Cardenal Felipe Arizmendi\",\"image\":{\"@type\":\"ImageObject\",\"inLanguage\":\"es\",\"@id\":\"https:\\\/\\\/secure.gravatar.com\\\/avatar\\\/4ffc5520d896b86d39346168903de33a17ef0f23d16de0ff45062c1ff422ed2f?s=96&d=mm&r=g\",\"url\":\"https:\\\/\\\/secure.gravatar.com\\\/avatar\\\/4ffc5520d896b86d39346168903de33a17ef0f23d16de0ff45062c1ff422ed2f?s=96&d=mm&r=g\",\"contentUrl\":\"https:\\\/\\\/secure.gravatar.com\\\/avatar\\\/4ffc5520d896b86d39346168903de33a17ef0f23d16de0ff45062c1ff422ed2f?s=96&d=mm&r=g\",\"caption\":\"Cardenal Felipe Arizmendi\"},\"description\":\"Nacido en Chiltepec el 1 de mayo de 1940. Estudi\u00f3 Humanidades y Filosof\u00eda en el Seminario de Toluca, de 1952 a 1959. Curs\u00f3 la Teolog\u00eda en la Universidad Pontificia de Salamanca, Espa\u00f1a, de 1959 a 1963, obteniendo la licenciatura en Teolog\u00eda Dogm\u00e1tica. Por su cuenta, se especializ\u00f3 en Liturgia. Fue ordenado sacerdote el 25 de agosto de 1963 en Toluca. Sirvi\u00f3 como Vicario Parroquial en tres parroquias por tres a\u00f1os y medio y fue p\u00e1rroco de una comunidad ind\u00edgena otom\u00ed, de 1967 a 1970. Fue Director Espiritual del Seminario de Toluca por diez a\u00f1os, y Rector del mismo de 1981 a 1991. El 7 de marzo de 1991, fue ordenado obispo de la di\u00f3cesis de Tapachula, donde estuvo hasta el 30 de abril del a\u00f1o 2000. El 1 de mayo del 2000, inici\u00f3 su ministerio episcopal como XLVI obispo de la di\u00f3cesis de San Crist\u00f3bal de las Casas, Chiapas, una de las di\u00f3cesis m\u00e1s antiguas de M\u00e9xico, erigida en 1539; all\u00ed sirvi\u00f3 por casi 18 a\u00f1os. Ha ocupado diversos cargos en la Conferencia del Episcopado Mexicano y en el CELAM. El 3 de noviembre de 2017, el Papa Francisco le acept\u00f3, por edad, su renuncia al servicio episcopal en esta di\u00f3cesis, que entreg\u00f3 a su sucesor el 3 de enero de 2018. Desde entonces, reside en la ciudad de Toluca. Desde 1979, escribe art\u00edculos de actualidad en varios medios religiosos y civiles. Es autor de varias publicaciones.\",\"url\":\"https:\\\/\\\/exaudi.org\\\/es\\\/author\\\/felipearizmendi\\\/\"}]}<\/script>\n<!-- \/ Yoast SEO plugin. -->","yoast_head_json":{"title":"Cardenal Arizmendi: Construir puentes &#8211; Exaudi","description":"El cardenal\u00a0Felipe Arizmendi, obispo em\u00e9rito de San Crist\u00f3bal de Las Casas, y ofrece su art\u00edculo semanal titulado \u201cConstruir puentes\u201d.","robots":{"index":"index","follow":"follow","max-snippet":"max-snippet:-1","max-image-preview":"max-image-preview:large","max-video-preview":"max-video-preview:-1"},"canonical":"https:\/\/exaudi.org\/es\/cardenal-arizmendi-construir-puentes\/","og_locale":"es_ES","og_type":"article","og_title":"Cardenal Arizmendi: Construir puentes &#8211; Exaudi","og_description":"El cardenal\u00a0Felipe Arizmendi, obispo em\u00e9rito de San Crist\u00f3bal de Las Casas, y ofrece su art\u00edculo semanal titulado \u201cConstruir puentes\u201d.","og_url":"https:\/\/exaudi.org\/es\/cardenal-arizmendi-construir-puentes\/","og_site_name":"Exaudi","article_publisher":"https:\/\/www.facebook.com\/ExaudiNews","article_published_time":"2021-06-23T07:12:18+00:00","article_modified_time":"2021-06-24T08:58:25+00:00","og_image":[{"width":2560,"height":1706,"url":"https:\/\/exaudi.org\/wp-content\/uploads\/2021\/06\/pexels-alexander-suhorucov-6457563-1-scaled.jpg","type":"image\/jpeg"}],"author":"Cardenal Felipe Arizmendi","twitter_card":"summary_large_image","twitter_creator":"@Exaudi_News","twitter_site":"@Exaudi_News","twitter_misc":{"Escrito por":"Cardenal Felipe Arizmendi","Tiempo de lectura":"5 minutos"},"schema":{"@context":"https:\/\/schema.org","@graph":[{"@type":"Article","@id":"https:\/\/exaudi.org\/es\/cardenal-arizmendi-construir-puentes\/#article","isPartOf":{"@id":"https:\/\/exaudi.org\/es\/cardenal-arizmendi-construir-puentes\/"},"author":{"name":"Cardenal Felipe Arizmendi","@id":"https:\/\/exaudi.org\/#\/schema\/person\/c7d223f87e58f1105d044d8da1439102"},"headline":"Cardenal Arizmendi: Construir puentes","datePublished":"2021-06-23T07:12:18+00:00","dateModified":"2021-06-24T08:58:25+00:00","mainEntityOfPage":{"@id":"https:\/\/exaudi.org\/es\/cardenal-arizmendi-construir-puentes\/"},"wordCount":1021,"image":{"@id":"https:\/\/exaudi.org\/es\/cardenal-arizmendi-construir-puentes\/#primaryimage"},"thumbnailUrl":"https:\/\/exaudi.org\/wp-content\/uploads\/2021\/06\/pexels-alexander-suhorucov-6457563-1-scaled.jpg","keywords":["Cardenal Felipe Arizmendi Esquivel","fraternidad"],"articleSection":["\u00daltimas noticias","Voces"],"inLanguage":"es"},{"@type":"WebPage","@id":"https:\/\/exaudi.org\/es\/cardenal-arizmendi-construir-puentes\/","url":"https:\/\/exaudi.org\/es\/cardenal-arizmendi-construir-puentes\/","name":"Cardenal Arizmendi: Construir puentes &#8211; Exaudi","isPartOf":{"@id":"https:\/\/exaudi.org\/#website"},"primaryImageOfPage":{"@id":"https:\/\/exaudi.org\/es\/cardenal-arizmendi-construir-puentes\/#primaryimage"},"image":{"@id":"https:\/\/exaudi.org\/es\/cardenal-arizmendi-construir-puentes\/#primaryimage"},"thumbnailUrl":"https:\/\/exaudi.org\/wp-content\/uploads\/2021\/06\/pexels-alexander-suhorucov-6457563-1-scaled.jpg","datePublished":"2021-06-23T07:12:18+00:00","dateModified":"2021-06-24T08:58:25+00:00","author":{"@id":"https:\/\/exaudi.org\/#\/schema\/person\/c7d223f87e58f1105d044d8da1439102"},"description":"El cardenal\u00a0Felipe Arizmendi, obispo em\u00e9rito de San Crist\u00f3bal de Las Casas, y ofrece su art\u00edculo semanal titulado \u201cConstruir puentes\u201d.","breadcrumb":{"@id":"https:\/\/exaudi.org\/es\/cardenal-arizmendi-construir-puentes\/#breadcrumb"},"inLanguage":"es","potentialAction":[{"@type":"ReadAction","target":["https:\/\/exaudi.org\/es\/cardenal-arizmendi-construir-puentes\/"]}]},{"@type":"ImageObject","inLanguage":"es","@id":"https:\/\/exaudi.org\/es\/cardenal-arizmendi-construir-puentes\/#primaryimage","url":"https:\/\/exaudi.org\/wp-content\/uploads\/2021\/06\/pexels-alexander-suhorucov-6457563-1-scaled.jpg","contentUrl":"https:\/\/exaudi.org\/wp-content\/uploads\/2021\/06\/pexels-alexander-suhorucov-6457563-1-scaled.jpg","width":2560,"height":1706,"caption":"\u00a9 Pexels. Alexander Suhorucov"},{"@type":"BreadcrumbList","@id":"https:\/\/exaudi.org\/es\/cardenal-arizmendi-construir-puentes\/#breadcrumb","itemListElement":[{"@type":"ListItem","position":1,"name":"Portada","item":"https:\/\/exaudi.org\/es\/"},{"@type":"ListItem","position":2,"name":"Cardenal Arizmendi: Construir puentes"}]},{"@type":"WebSite","@id":"https:\/\/exaudi.org\/#website","url":"https:\/\/exaudi.org\/","name":"Exaudi","description":"News","potentialAction":[{"@type":"SearchAction","target":{"@type":"EntryPoint","urlTemplate":"https:\/\/exaudi.org\/?s={search_term_string}"},"query-input":{"@type":"PropertyValueSpecification","valueRequired":true,"valueName":"search_term_string"}}],"inLanguage":"es"},{"@type":"Person","@id":"https:\/\/exaudi.org\/#\/schema\/person\/c7d223f87e58f1105d044d8da1439102","name":"Cardenal Felipe Arizmendi","image":{"@type":"ImageObject","inLanguage":"es","@id":"https:\/\/secure.gravatar.com\/avatar\/4ffc5520d896b86d39346168903de33a17ef0f23d16de0ff45062c1ff422ed2f?s=96&d=mm&r=g","url":"https:\/\/secure.gravatar.com\/avatar\/4ffc5520d896b86d39346168903de33a17ef0f23d16de0ff45062c1ff422ed2f?s=96&d=mm&r=g","contentUrl":"https:\/\/secure.gravatar.com\/avatar\/4ffc5520d896b86d39346168903de33a17ef0f23d16de0ff45062c1ff422ed2f?s=96&d=mm&r=g","caption":"Cardenal Felipe Arizmendi"},"description":"Nacido en Chiltepec el 1 de mayo de 1940. Estudi\u00f3 Humanidades y Filosof\u00eda en el Seminario de Toluca, de 1952 a 1959. Curs\u00f3 la Teolog\u00eda en la Universidad Pontificia de Salamanca, Espa\u00f1a, de 1959 a 1963, obteniendo la licenciatura en Teolog\u00eda Dogm\u00e1tica. Por su cuenta, se especializ\u00f3 en Liturgia. Fue ordenado sacerdote el 25 de agosto de 1963 en Toluca. Sirvi\u00f3 como Vicario Parroquial en tres parroquias por tres a\u00f1os y medio y fue p\u00e1rroco de una comunidad ind\u00edgena otom\u00ed, de 1967 a 1970. Fue Director Espiritual del Seminario de Toluca por diez a\u00f1os, y Rector del mismo de 1981 a 1991. El 7 de marzo de 1991, fue ordenado obispo de la di\u00f3cesis de Tapachula, donde estuvo hasta el 30 de abril del a\u00f1o 2000. El 1 de mayo del 2000, inici\u00f3 su ministerio episcopal como XLVI obispo de la di\u00f3cesis de San Crist\u00f3bal de las Casas, Chiapas, una de las di\u00f3cesis m\u00e1s antiguas de M\u00e9xico, erigida en 1539; all\u00ed sirvi\u00f3 por casi 18 a\u00f1os. Ha ocupado diversos cargos en la Conferencia del Episcopado Mexicano y en el CELAM. El 3 de noviembre de 2017, el Papa Francisco le acept\u00f3, por edad, su renuncia al servicio episcopal en esta di\u00f3cesis, que entreg\u00f3 a su sucesor el 3 de enero de 2018. Desde entonces, reside en la ciudad de Toluca. Desde 1979, escribe art\u00edculos de actualidad en varios medios religiosos y civiles. Es autor de varias publicaciones.","url":"https:\/\/exaudi.org\/es\/author\/felipearizmendi\/"}]}},"jetpack_featured_media_url":"https:\/\/exaudi.org\/wp-content\/uploads\/2021\/06\/pexels-alexander-suhorucov-6457563-1-scaled.jpg","jetpack_shortlink":"https:\/\/wp.me\/pgKjF2-69D","_links":{"self":[{"href":"https:\/\/exaudi.org\/es\/wp-json\/wp\/v2\/posts\/23661","targetHints":{"allow":["GET"]}}],"collection":[{"href":"https:\/\/exaudi.org\/es\/wp-json\/wp\/v2\/posts"}],"about":[{"href":"https:\/\/exaudi.org\/es\/wp-json\/wp\/v2\/types\/post"}],"author":[{"embeddable":true,"href":"https:\/\/exaudi.org\/es\/wp-json\/wp\/v2\/users\/24"}],"replies":[{"embeddable":true,"href":"https:\/\/exaudi.org\/es\/wp-json\/wp\/v2\/comments?post=23661"}],"version-history":[{"count":0,"href":"https:\/\/exaudi.org\/es\/wp-json\/wp\/v2\/posts\/23661\/revisions"}],"wp:featuredmedia":[{"embeddable":true,"href":"https:\/\/exaudi.org\/es\/wp-json\/wp\/v2\/media\/23998"}],"wp:attachment":[{"href":"https:\/\/exaudi.org\/es\/wp-json\/wp\/v2\/media?parent=23661"}],"wp:term":[{"taxonomy":"category","embeddable":true,"href":"https:\/\/exaudi.org\/es\/wp-json\/wp\/v2\/categories?post=23661"},{"taxonomy":"post_tag","embeddable":true,"href":"https:\/\/exaudi.org\/es\/wp-json\/wp\/v2\/tags?post=23661"}],"curies":[{"name":"wp","href":"https:\/\/api.w.org\/{rel}","templated":true}]}}