{"id":23318,"date":"2021-06-22T12:12:22","date_gmt":"2021-06-22T10:12:22","guid":{"rendered":"https:\/\/exaudi.org\/?p=17898"},"modified":"2021-06-24T17:15:55","modified_gmt":"2021-06-24T15:15:55","slug":"papa-ancianos-iglesia-te-quiere","status":"publish","type":"post","link":"https:\/\/exaudi.org\/es\/papa-ancianos-iglesia-te-quiere\/","title":{"rendered":"Papa a los ancianos: \u201cToda la Iglesia te quiere\u201d"},"content":{"rendered":"<p>Bajo el t\u00edtulo \u201cYo estoy contigo todos los d\u00edas\u201d (Mt 28, 20), el Papa Francisco ha enviado un video mensaje por la <a href=\"https:\/\/exaudi.org\/es\/primera-jornada-mundial-abuelos-personas-mayores-2021\/\" target=\"_blank\" rel=\"noopener noreferrer\">Primera Jornada Mundial de los Abuelos y las Personas Mayores<\/a>, que este a\u00f1o se celebra el pr\u00f3ximo 25 de julio de 2021. En el mismo, el Santo Padre se dirige a los ancianos para decirles a cada uno: Toda la Iglesia \u201c\u00a1se preocupa por ti, te quiere y no quiere dejarte solo!\u201d.<\/p>\n<p>Al comienzo del documento, el Pont\u00edfice asegura que \u201cla pandemia ha sido una tormenta inesperada y violenta, una dura prueba que ha golpeado la vida de todos, pero que a nosotros mayores nos ha reservado un trato especial, un trato m\u00e1s duro\u201d. Sin embargo, contin\u00faa, \u201cel Se\u00f1or conoce cada uno de nuestros sufrimientos de este tiempo. Est\u00e1 al lado de los que tienen la dolorosa experiencia de ser dejados a un lado. Nuestra soledad, agravada por la pandemia, no le es indiferente\u201d.<\/p>\n<h4><strong>Mensajero del Evangelio<\/strong><\/h4>\n<p>El Papa expresa en su mensaje que, \u201cincluso cuando todo parece oscuro, como en estos meses de pandemia, el Se\u00f1or sigue enviando \u00e1ngeles para consolar nuestra soledad\u201d. Este, confiesa, \u201ces el sentido de esta Jornada que he querido celebrar por primera vez precisamente este a\u00f1o, despu\u00e9s de un largo aislamiento y una reanudaci\u00f3n todav\u00eda lenta de la vida social. \u00a1Que cada abuelo, cada anciano, cada abuela, cada persona mayor, sobre todo los que est\u00e1n m\u00e1s solos, reciba la visita de un \u00e1ngel!\u201d.<\/p>\n<p>Y tambi\u00e9n, prosigue, Dios env\u00eda \u201cmensajeros a trav\u00e9s de la Palabra de Dios, que nunca deja que falte en nuestras vidas\u201d. La Escritura, ilustra, \u201cnos ayudar\u00e1 a comprender lo que el Se\u00f1or nos pide hoy para nuestra vida. Porque env\u00eda obreros a su vi\u00f1a a todas las horas del d\u00eda, y en cada etapa de la vida\u201d.<\/p>\n<p>Francisco cita el relato evang\u00e9lico en el que Jes\u00fas env\u00eda a sus disc\u00edpulos a predicar para decir que \u201cestas palabras se dirigen tambi\u00e9n hoy a nosotros y nos ayudan a comprender mejor que nuestra vocaci\u00f3n es la de custodiar las ra\u00edces, transmitir la fe a los j\u00f3venes y cuidar a los peque\u00f1os\u201d.<\/p>\n<p>\u201cEscuchen bien: \u00bfcu\u00e1l es nuestra vocaci\u00f3n hoy, a nuestra edad? Custodiar las ra\u00edces, transmitir la fe a los j\u00f3venes y cuidar de los peque\u00f1os. No lo olviden\u201d, exhorta, y sostiene que \u201cno hay edad en la que puedas retirarte de la tarea de anunciar el Evangelio, de la tarea de transmitir las tradiciones a los nietos. Es necesario ponerse en marcha y, sobre todo, salir de uno mismo para emprender algo nuevo\u201d.<\/p>\n<h4><strong>Sue\u00f1os, memoria y oraci\u00f3n<\/strong><\/h4>\n<p>El Obispo de Roma exhorta en su documento a \u201cconstruir, en fraternidad y amistad social, el mundo de ma\u00f1ana: el mundo en el que viviremos, nosotros, y nuestros hijos y nietos, cuando la tormenta se haya calmado\u201d, y se\u00f1ala que \u201cla cercan\u00eda del Se\u00f1or dar\u00e1 la fuerza para emprender un nuevo camino incluso a los m\u00e1s fr\u00e1giles de entre nosotros, por los caminos de los sue\u00f1os, de la memoria y de la oraci\u00f3n\u201d.<\/p>\n<p>Respecto a los sue\u00f1os, destaca que \u201cel futuro del mundo reside en esta alianza entre los j\u00f3venes y los mayores. \u00bfQui\u00e9nes, si no los j\u00f3venes, pueden tomar los sue\u00f1os de los mayores y llevarlos adelante? Pero para ello es necesario seguir so\u00f1ando: en nuestros sue\u00f1os de justicia, de paz y de solidaridad est\u00e1 la posibilidad de que nuestros j\u00f3venes tengan nuevas visiones, y juntos podamos construir el futuro\u201d.<\/p>\n<p>En la l\u00ednea de la memoria, el Sucesor de Pedro comparte su pensamiento sobre \u201clo importante que es el doloroso recuerdo de la guerra y en lo mucho que las nuevas generaciones pueden aprender de \u00e9l sobre el valor de la paz. Y eres t\u00fa quien lo transmite, al haber vivido el dolor de las guerras. Recordar es una verdadera misi\u00f3n para toda persona mayor: la memoria, y llevar la memoria a los dem\u00e1s\u201d.<\/p>\n<p>Por \u00faltimo, habla de la oraci\u00f3n, y cita a Benedicto XVI: \u201cLa oraci\u00f3n de los ancianos puede proteger al mundo, ayud\u00e1ndole tal vez de manera m\u00e1s incisiva que la solicitud de muchos\u201d. La oraci\u00f3n, concluye, \u201ces un recurso muy valioso: es un pulm\u00f3n del que la Iglesia y el mundo no pueden privarse. Sobre todo en este momento dif\u00edcil para la humanidad, mientras atravesamos, todos en la misma barca, el mar tormentoso de la pandemia, tu intercesi\u00f3n por el mundo y por la Iglesia no es en vano, sino que indica a todos la serena confianza de un lugar de llegada\u201d.<\/p>\n<p>A continuaci\u00f3n, sigue el video mensaje del Papa Francisco por la Jornada Mundial de los Abuelos y las Personas Mayores, ofrecido por la <a href=\"https:\/\/www.vatican.va\/news_services\/press\/index_sp.htm\" target=\"_blank\" rel=\"noopener noreferrer\">Oficina de Prensa de la Santa Sede.<\/a><\/p>\n<p><iframe loading=\"lazy\" title=\"Mensaje del Santo Padre: \u201cYo estoy contigo todos los d\u00edas\u201d\" width=\"500\" height=\"281\" src=\"https:\/\/www.youtube.com\/embed\/j8u8LM3qR9w?feature=oembed\" frameborder=\"0\" allow=\"accelerometer; autoplay; clipboard-write; encrypted-media; gyroscope; picture-in-picture; web-share\" referrerpolicy=\"strict-origin-when-cross-origin\" allowfullscreen><\/iframe><\/p>\n<p style=\"text-align: center;\">***<\/p>\n<h4 style=\"text-align: center;\"><strong>MENSAJE DEL SANTO PADRE<\/strong><br \/>\n<strong>Jornada Mundial de los Abuelos y de los Mayores<\/strong><\/h4>\n<h4 style=\"text-align: center;\"><strong>\u201cYo estoy contigo todos los d\u00edas\u201d<\/strong><\/h4>\n<p>Queridos abuelos, queridas abuelas:<\/p>\n<p>\u201cYo estoy contigo todos los d\u00edas\u201d (cf. Mt 28,20) es la promesa que el Se\u00f1or hizo a sus disc\u00edpulos antes de subir al cielo y que hoy te repite tambi\u00e9n a ti, querido abuelo y querida abuela. A ti. \u201cYo estoy contigo todos los d\u00edas\u201d son tambi\u00e9n las palabras que como Obispo de Roma y como anciano igual que t\u00fa me gustar\u00eda dirigirte con motivo de esta primera Jornada Mundial de los Abuelos y de las Personas Mayores. Toda la Iglesia est\u00e1 junto a ti \u2014digamos mejor, est\u00e1 junto a nosotros\u2014, \u00a1se preocupa por ti, te quiere y no quiere dejarte solo!<\/p>\n<p>Soy muy consciente de que este mensaje te llega en un momento dif\u00edcil: la pandemia ha sido una tormenta inesperada y violenta, una dura prueba que ha golpeado la vida de todos, pero que a nosotros mayores nos ha reservado un trato especial, un trato m\u00e1s duro. Muchos de nosotros se han enfermado, y tantos se han ido o han visto apagarse la vida de sus c\u00f3nyuges o de sus seres queridos. Muchos, aislados, han sufrido la soledad durante largo tiempo.<\/p>\n<p>El Se\u00f1or conoce cada uno de nuestros sufrimientos de este tiempo. Est\u00e1 al lado de los que tienen la dolorosa experiencia de ser dejados a un lado. Nuestra soledad \u2014agravada por la pandemia\u2014 no le es indiferente. Una tradici\u00f3n narra que tambi\u00e9n san Joaqu\u00edn, el abuelo de Jes\u00fas, fue apartado de su comunidad porque no ten\u00eda hijos. Su vida \u2014como la de su esposa Ana\u2014 fue considerada in\u00fatil. Pero el Se\u00f1or le envi\u00f3 un \u00e1ngel para consolarlo. Mientras \u00e9l, entristecido, permanec\u00eda fuera de las puertas de la ciudad, se le apareci\u00f3 un enviado del Se\u00f1or que le dijo: \u201c\u00a1Joaqu\u00edn, Joaqu\u00edn! El Se\u00f1or ha escuchado tu oraci\u00f3n insistente\u201d. Giotto, en uno de sus famosos frescos, parece ambientar la escena en la noche, en una de esas muchas noches de insomnio, llenas de recuerdos, preocupaciones y deseos a las que muchos de nosotros estamos acostumbrados.<\/p>\n<p>Pero incluso cuando todo parece oscuro, como en estos meses de pandemia, el Se\u00f1or sigue enviando \u00e1ngeles para consolar nuestra soledad y repetirnos: \u201cYo estoy contigo todos los d\u00edas\u201d. Esto te lo dice a ti, me lo dice a m\u00ed, a todos. Este es el sentido de esta Jornada que he querido celebrar por primera vez precisamente este a\u00f1o, despu\u00e9s de un largo aislamiento y una reanudaci\u00f3n todav\u00eda lenta de la vida social. \u00a1Que cada abuelo, cada anciano, cada abuela, cada persona mayor \u2014sobre todo los que est\u00e1n m\u00e1s solos\u2014 reciba la visita de un \u00e1ngel!<\/p>\n<p>A veces tendr\u00e1n el rostro de nuestros nietos, otras veces el rostro de familiares, de amigos de toda la vida o de personas que hemos conocido durante este momento dif\u00edcil. En este tiempo hemos aprendido a comprender lo importante que son los abrazos y las visitas para cada uno de nosotros, \u00a1y c\u00f3mo me entristece que en algunos lugares esto todav\u00eda no sea posible!<\/p>\n<p>Sin embargo, el Se\u00f1or tambi\u00e9n nos env\u00eda sus mensajeros a trav\u00e9s de la Palabra de Dios, que nunca deja que falte en nuestras vidas. Leamos una p\u00e1gina del Evangelio cada d\u00eda, recemos con los Salmos, leamos los Profetas. Nos conmover\u00e1 la fidelidad del Se\u00f1or. La Escritura tambi\u00e9n nos ayudar\u00e1 a comprender lo que el Se\u00f1or nos pide hoy para nuestra vida. Porque env\u00eda obreros a su vi\u00f1a a todas las horas del d\u00eda (cf. Mt 20,1-16), y en cada etapa de la vida. Yo mismo puedo testimoniar que recib\u00ed la llamada a ser Obispo de Roma cuando hab\u00eda llegado, por as\u00ed decirlo, a la edad de la jubilaci\u00f3n, y ya me imaginaba que no podr\u00eda hacer mucho m\u00e1s. El Se\u00f1or est\u00e1 siempre cerca de nosotros \u2014 siempre\u2014 con nuevas invitaciones, con nuevas palabras, con su consuelo, pero siempre est\u00e1 cerca de nosotros. Ustedes saben que el Se\u00f1or es eterno y que nunca se jubila. Nunca.<\/p>\n<p>En el Evangelio de Mateo, Jes\u00fas dice a los Ap\u00f3stoles: \u201cVayan, y hagan que todos los pueblos sean mis disc\u00edpulos, bautiz\u00e1ndolos en el nombre del Padre y del Hijo y del Esp\u00edritu Santo, y ense\u00f1\u00e1ndoles a cumplir todo lo que yo les he mandado\u201d (28,19-20). Estas palabras se dirigen tambi\u00e9n hoy a nosotros y nos ayudan a comprender mejor que nuestra vocaci\u00f3n es la de custodiar las ra\u00edces, transmitir la fe a los j\u00f3venes y cuidar a los peque\u00f1os. Escuchen bien: \u00bfcu\u00e1l es nuestra vocaci\u00f3n hoy, a nuestra edad? Custodiar las ra\u00edces, transmitir la fe a los j\u00f3venes y cuidar de los peque\u00f1os. No lo olviden.<\/p>\n<p>No importa la edad que tengas, si sigues trabajando o no, si est\u00e1s solo o tienes una familia, si te convertiste en abuela o abuelo de joven o de mayor, si sigues siendo independiente o necesitas ayuda, porque no hay edad en la que puedas retirarte de la tarea de anunciar el Evangelio, de la tarea de transmitir las tradiciones a los nietos. Es necesario ponerse en marcha y, sobre todo, salir de uno mismo para emprender algo nuevo.<\/p>\n<p>Hay, por tanto, una vocaci\u00f3n renovada tambi\u00e9n para ti en un momento crucial de la historia. Te preguntar\u00e1s: pero, \u00bfc\u00f3mo es posible? Mis energ\u00edas se est\u00e1n agotando y no creo que pueda hacer mucho m\u00e1s. \u00bfC\u00f3mo puedo empezar a comportarme de forma diferente cuando la costumbre se ha convertido en la norma de mi existencia? \u00bfC\u00f3mo puedo dedicarme a los m\u00e1s pobres cuando tengo ya muchas preocupaciones por mi familia? \u00bfC\u00f3mo puedo ampliar la mirada si ni siquiera se me permite salir de la residencia donde vivo? \u00bfNo ya es mi soledad una carga demasiado pesada? Cu\u00e1ntos de ustedes se hacen esta pregunta: mi soledad, \u00bfno es una piedra demasiado pesada? El mismo Jes\u00fas escuch\u00f3 una pregunta de este tipo a Nicodemo, que le pregunt\u00f3: \u201c\u00bfC\u00f3mo puede un hombre volver a nacer cuando ya es viejo?\u201d (Jn 3,4). Esto puede ocurrir, responde el Se\u00f1or, abriendo el propio coraz\u00f3n a la obra del Esp\u00edritu Santo, que sopla donde quiere. El Esp\u00edritu Santo, con esa libertad que tiene, va a todas partes y hace lo que quiere.<\/p>\n<p>Como he repetido en varias ocasiones, de la crisis en la que se encuentra el mundo no saldremos iguales, saldremos mejores o peores. Y \u201cojal\u00e1 no se trate de otro episodio severo de la historia del que no hayamos sido capaces de aprender \u2014\u00a1nosotros somos duros de mollera!\u2014 Ojal\u00e1 no nos olvidemos de los ancianos que murieron por falta de respiradores [&#8230;]. Ojal\u00e1 que tanto dolor no sea in\u00fatil, que demos un salto hacia una forma nueva de vida y descubramos definitivamente que nos necesitamos y nos debemos los unos a los otros, para que la humanidad renazca\u201d (Carta enc. <em>Fratelli tutti,<\/em> 35). Nadie se salva solo. Estamos en deuda unos con otros. Todos hermanos.<\/p>\n<p>En esta perspectiva, quiero decirte que eres necesario para construir, en fraternidad y amistad social, el mundo de ma\u00f1ana: el mundo en el que viviremos \u2014nosotros, y nuestros hijos y nietos\u2014 cuando la tormenta se haya calmado. Todos \u201csomos parte activa en la rehabilitaci\u00f3n y el auxilio de las sociedades heridas\u201d (ib\u00edd., 77). Entre los diversos pilares que deber\u00e1n sostener esta nueva construcci\u00f3n hay tres que t\u00fa, mejor que otros, puedes ayudar a colocar. Tres pilares: los sue\u00f1os, la memoria y la oraci\u00f3n. La cercan\u00eda del Se\u00f1or dar\u00e1 la fuerza para emprender un nuevo camino incluso a los m\u00e1s fr\u00e1giles de entre nosotros, por los caminos de los sue\u00f1os, de la memoria y de la oraci\u00f3n.<\/p>\n<p>El profeta Joel pronunci\u00f3 en una ocasi\u00f3n esta promesa: \u201cSus ancianos tendr\u00e1n sue\u00f1os, y sus j\u00f3venes, visiones\u201d (3,1). El futuro del mundo reside en esta alianza entre los j\u00f3venes y los mayores. \u00bfQui\u00e9nes, si no los j\u00f3venes, pueden tomar los sue\u00f1os de los mayores y llevarlos adelante? Pero para ello es necesario seguir so\u00f1ando: en nuestros sue\u00f1os de justicia, de paz y de solidaridad est\u00e1 la posibilidad de que nuestros j\u00f3venes tengan nuevas visiones, y juntos podamos construir el futuro. Es necesario que t\u00fa tambi\u00e9n des testimonio de que es posible salir renovado de una experiencia dif\u00edcil. Y estoy seguro de que no ser\u00e1 la \u00fanica, porque habr\u00e1s tenido muchas en tu vida, y has conseguido salir de ellas. Aprende tambi\u00e9n de aquella experiencia para salir ahora de esta.<\/p>\n<p>Los sue\u00f1os, por eso, est\u00e1n entrelazados con la memoria. Pienso en lo importante que es el doloroso recuerdo de la guerra y en lo mucho que las nuevas generaciones pueden aprender de \u00e9l sobre el valor de la paz. Y eres t\u00fa quien lo transmite, al haber vivido el dolor de las guerras. Recordar es una verdadera misi\u00f3n para toda persona mayor: la memoria, y llevar la memoria a los dem\u00e1s. Edith Bruck, que sobrevivi\u00f3 a la tragedia de la Shoah, dijo que \u201cincluso iluminar una sola conciencia vale el esfuerzo y el dolor de mantener vivo el recuerdo de lo que ha sido \u2014y contin\u00faa\u2014. Para m\u00ed, la memoria es vivir\u201d. Tambi\u00e9n pienso en mis abuelos y en los que entre ustedes tuvieron que emigrar y saben lo duro que es dejar el hogar, como hacen todav\u00eda hoy tantos en busca de un futuro. Algunos de ellos, tal vez, los tenemos a nuestro lado y nos cuidan. Esta memoria puede ayudar a construir un mundo m\u00e1s humano, m\u00e1s acogedor. Pero sin la memoria no se puede construir; sin cimientos nunca construir\u00e1s una casa. Nunca. Y los cimientos de la vida son la memoria.<\/p>\n<p>Por \u00faltimo, la oraci\u00f3n. Como dijo una vez mi predecesor, el Papa Benedicto, santo anciano que contin\u00faa rezando y trabajando por la Iglesia: \u201cLa oraci\u00f3n de los ancianos puede proteger al mundo, ayud\u00e1ndole tal vez de manera m\u00e1s incisiva que la solicitud de muchos\u201d. Esto lo dijo casi al final de su pontificado en 2012. Es hermoso. Tu oraci\u00f3n es un recurso muy valioso: es un pulm\u00f3n del que la Iglesia y el mundo no pueden privarse (cf. Exhort. apost. <em>Evangelii gaudium,<\/em> 262). Sobre todo en este momento dif\u00edcil para la humanidad, mientras atravesamos, todos en la misma barca, el mar tormentoso de la pandemia, tu intercesi\u00f3n por el mundo y por la Iglesia no es en vano, sino que indica a todos la serena confianza de un lugar de llegada.<\/p>\n<p>Querida abuela, querido abuelo, al concluir este mensaje quisiera se\u00f1alarte tambi\u00e9n el ejemplo del beato \u2014y pr\u00f3ximamente santo\u2014 Carlos de Foucauld. Vivi\u00f3 como ermita\u00f1o en Argelia y en ese contexto perif\u00e9rico dio testimonio de \u201csus deseos de sentir a cualquier ser humano como un hermano\u201d (Carta enc. <em>Fratelli tutti,<\/em> 287). Su historia muestra c\u00f3mo es posible, incluso en la soledad del propio desierto, interceder por los pobres del mundo entero y convertirse verdaderamente en un hermano y una hermana universal.<\/p>\n<p>Pido al Se\u00f1or que, gracias tambi\u00e9n a su ejemplo, cada uno de nosotros ensanche su coraz\u00f3n y lo haga sensible a los sufrimientos de los m\u00e1s peque\u00f1os, y capaz de interceder por ellos. Que cada uno de nosotros aprenda a repetir a todos, y especialmente a los m\u00e1s j\u00f3venes, esas palabras de consuelo que hoy hemos o\u00eddo dirigidas a nosotros: \u201cYo estoy contigo todos los d\u00edas\u201d. Adelante y \u00e1nimo. Que el Se\u00f1or los bendiga. Roma,<\/p>\n<p>San Juan de Letr\u00e1n, 31 de mayo, fiesta de la Visitaci\u00f3n de la B.V. Mar\u00eda<\/p>\n<p>FRANCISCO<\/p>\n<p><strong>\u00a9 Librer\u00eda Editora Vaticana<\/strong><\/p>\n","protected":false},"excerpt":{"rendered":"<p>Videomensaje por la Primera Jornada Mundial de los Abuelos y las Personas Mayores<\/p>\n","protected":false},"author":6,"featured_media":23584,"comment_status":"closed","ping_status":"closed","sticky":false,"template":"","format":"standard","meta":{"_acf_changed":false,"_crdt_document":"","inline_featured_image":false,"footnotes":""},"categories":[118],"tags":[1794,158,362],"class_list":["post-23318","post","type-post","status-publish","format-standard","has-post-thumbnail","hentry","category-mensajes","tag-jornada-mundial-de-los-abuelos-y-las-personas-mayores","tag-papa-francisco","tag-videomensaje"],"acf":[],"yoast_head":"<!-- This site is optimized with the Yoast SEO plugin v27.5 - https:\/\/yoast.com\/product\/yoast-seo-wordpress\/ -->\n<title>Papa a los ancianos: \u201cToda la Iglesia te quiere\u201d - Exaudi<\/title>\n<meta name=\"description\" content=\"En su mensaje por la Jornada de los Abuelos y las Personas Mayores, el Papa Francisco ha dicho que la Iglesia se preocupa por los ancianos.\" \/>\n<meta name=\"robots\" content=\"index, follow, max-snippet:-1, max-image-preview:large, max-video-preview:-1\" \/>\n<link rel=\"canonical\" href=\"https:\/\/exaudi.org\/es\/papa-ancianos-iglesia-te-quiere\/\" \/>\n<meta property=\"og:locale\" content=\"es_ES\" \/>\n<meta property=\"og:type\" content=\"article\" \/>\n<meta property=\"og:title\" content=\"Papa a los ancianos: \u201cToda la Iglesia te quiere\u201d - Exaudi\" \/>\n<meta property=\"og:description\" content=\"En su mensaje por la Jornada de los Abuelos y las Personas Mayores, el Papa Francisco ha dicho que la Iglesia se preocupa por los ancianos.\" \/>\n<meta property=\"og:url\" content=\"https:\/\/exaudi.org\/es\/papa-ancianos-iglesia-te-quiere\/\" \/>\n<meta property=\"og:site_name\" content=\"Exaudi\" \/>\n<meta property=\"article:publisher\" content=\"https:\/\/www.facebook.com\/ExaudiNews\" \/>\n<meta property=\"article:published_time\" content=\"2021-06-22T10:12:22+00:00\" \/>\n<meta property=\"article:modified_time\" content=\"2021-06-24T15:15:55+00:00\" \/>\n<meta property=\"og:image\" content=\"https:\/\/exaudi.org\/wp-content\/uploads\/2021\/06\/223cc-v-2.jpeg\" \/>\n\t<meta property=\"og:image:width\" content=\"768\" \/>\n\t<meta property=\"og:image:height\" content=\"432\" \/>\n\t<meta property=\"og:image:type\" content=\"image\/jpeg\" \/>\n<meta name=\"author\" content=\"Gabriel Sales\" \/>\n<meta name=\"twitter:card\" content=\"summary_large_image\" \/>\n<meta name=\"twitter:creator\" content=\"@habemusman\" \/>\n<meta name=\"twitter:site\" content=\"@Exaudi_News\" \/>\n<meta name=\"twitter:label1\" content=\"Escrito por\" \/>\n\t<meta name=\"twitter:data1\" content=\"Gabriel Sales\" \/>\n\t<meta name=\"twitter:label2\" content=\"Tiempo de lectura\" \/>\n\t<meta name=\"twitter:data2\" content=\"12 minutos\" \/>\n<script type=\"application\/ld+json\" class=\"yoast-schema-graph\">{\"@context\":\"https:\\\/\\\/schema.org\",\"@graph\":[{\"@type\":\"Article\",\"@id\":\"https:\\\/\\\/exaudi.org\\\/es\\\/papa-ancianos-iglesia-te-quiere\\\/#article\",\"isPartOf\":{\"@id\":\"https:\\\/\\\/exaudi.org\\\/es\\\/papa-ancianos-iglesia-te-quiere\\\/\"},\"author\":{\"name\":\"Gabriel Sales\",\"@id\":\"https:\\\/\\\/exaudi.org\\\/#\\\/schema\\\/person\\\/d134b96438278131ce90c90c03fda6cd\"},\"headline\":\"Papa a los ancianos: \u201cToda la Iglesia te quiere\u201d\",\"datePublished\":\"2021-06-22T10:12:22+00:00\",\"dateModified\":\"2021-06-24T15:15:55+00:00\",\"mainEntityOfPage\":{\"@id\":\"https:\\\/\\\/exaudi.org\\\/es\\\/papa-ancianos-iglesia-te-quiere\\\/\"},\"wordCount\":2887,\"image\":{\"@id\":\"https:\\\/\\\/exaudi.org\\\/es\\\/papa-ancianos-iglesia-te-quiere\\\/#primaryimage\"},\"thumbnailUrl\":\"https:\\\/\\\/exaudi.org\\\/wp-content\\\/uploads\\\/2021\\\/06\\\/223cc-v-2.jpeg\",\"keywords\":[\"Jornada Mundial de los Abuelos y las Personas Mayores\",\"papa francisco\",\"Videomensaje\"],\"articleSection\":[\"Mensajes\"],\"inLanguage\":\"es\"},{\"@type\":\"WebPage\",\"@id\":\"https:\\\/\\\/exaudi.org\\\/es\\\/papa-ancianos-iglesia-te-quiere\\\/\",\"url\":\"https:\\\/\\\/exaudi.org\\\/es\\\/papa-ancianos-iglesia-te-quiere\\\/\",\"name\":\"Papa a los ancianos: \u201cToda la Iglesia te quiere\u201d - Exaudi\",\"isPartOf\":{\"@id\":\"https:\\\/\\\/exaudi.org\\\/#website\"},\"primaryImageOfPage\":{\"@id\":\"https:\\\/\\\/exaudi.org\\\/es\\\/papa-ancianos-iglesia-te-quiere\\\/#primaryimage\"},\"image\":{\"@id\":\"https:\\\/\\\/exaudi.org\\\/es\\\/papa-ancianos-iglesia-te-quiere\\\/#primaryimage\"},\"thumbnailUrl\":\"https:\\\/\\\/exaudi.org\\\/wp-content\\\/uploads\\\/2021\\\/06\\\/223cc-v-2.jpeg\",\"datePublished\":\"2021-06-22T10:12:22+00:00\",\"dateModified\":\"2021-06-24T15:15:55+00:00\",\"author\":{\"@id\":\"https:\\\/\\\/exaudi.org\\\/#\\\/schema\\\/person\\\/d134b96438278131ce90c90c03fda6cd\"},\"description\":\"En su mensaje por la Jornada de los Abuelos y las Personas Mayores, el Papa Francisco ha dicho que la Iglesia se preocupa por los ancianos.\",\"breadcrumb\":{\"@id\":\"https:\\\/\\\/exaudi.org\\\/es\\\/papa-ancianos-iglesia-te-quiere\\\/#breadcrumb\"},\"inLanguage\":\"es\",\"potentialAction\":[{\"@type\":\"ReadAction\",\"target\":[\"https:\\\/\\\/exaudi.org\\\/es\\\/papa-ancianos-iglesia-te-quiere\\\/\"]}]},{\"@type\":\"ImageObject\",\"inLanguage\":\"es\",\"@id\":\"https:\\\/\\\/exaudi.org\\\/es\\\/papa-ancianos-iglesia-te-quiere\\\/#primaryimage\",\"url\":\"https:\\\/\\\/exaudi.org\\\/wp-content\\\/uploads\\\/2021\\\/06\\\/223cc-v-2.jpeg\",\"contentUrl\":\"https:\\\/\\\/exaudi.org\\\/wp-content\\\/uploads\\\/2021\\\/06\\\/223cc-v-2.jpeg\",\"width\":768,\"height\":432},{\"@type\":\"BreadcrumbList\",\"@id\":\"https:\\\/\\\/exaudi.org\\\/es\\\/papa-ancianos-iglesia-te-quiere\\\/#breadcrumb\",\"itemListElement\":[{\"@type\":\"ListItem\",\"position\":1,\"name\":\"Portada\",\"item\":\"https:\\\/\\\/exaudi.org\\\/es\\\/\"},{\"@type\":\"ListItem\",\"position\":2,\"name\":\"Papa a los ancianos: \u201cToda la Iglesia te quiere\u201d\"}]},{\"@type\":\"WebSite\",\"@id\":\"https:\\\/\\\/exaudi.org\\\/#website\",\"url\":\"https:\\\/\\\/exaudi.org\\\/\",\"name\":\"Exaudi\",\"description\":\"News\",\"potentialAction\":[{\"@type\":\"SearchAction\",\"target\":{\"@type\":\"EntryPoint\",\"urlTemplate\":\"https:\\\/\\\/exaudi.org\\\/?s={search_term_string}\"},\"query-input\":{\"@type\":\"PropertyValueSpecification\",\"valueRequired\":true,\"valueName\":\"search_term_string\"}}],\"inLanguage\":\"es\"},{\"@type\":\"Person\",\"@id\":\"https:\\\/\\\/exaudi.org\\\/#\\\/schema\\\/person\\\/d134b96438278131ce90c90c03fda6cd\",\"name\":\"Gabriel Sales\",\"image\":{\"@type\":\"ImageObject\",\"inLanguage\":\"es\",\"@id\":\"https:\\\/\\\/secure.gravatar.com\\\/avatar\\\/9b1269566f6a063ed26ffb3532b66a373cdde231ce5d0effb266167437fdaffd?s=96&d=mm&r=g\",\"url\":\"https:\\\/\\\/secure.gravatar.com\\\/avatar\\\/9b1269566f6a063ed26ffb3532b66a373cdde231ce5d0effb266167437fdaffd?s=96&d=mm&r=g\",\"contentUrl\":\"https:\\\/\\\/secure.gravatar.com\\\/avatar\\\/9b1269566f6a063ed26ffb3532b66a373cdde231ce5d0effb266167437fdaffd?s=96&d=mm&r=g\",\"caption\":\"Gabriel Sales\"},\"description\":\"Periodista y especialista en Comunicaci\u00f3n y Branding digital. Cin\u00e9filo y cr\u00edtico de cine y series de televisi\u00f3n.\",\"sameAs\":[\"https:\\\/\\\/www.instagram.com\\\/cine90segundos\\\/\",\"www.linkedin.com\\\/in\\\/habemusman\",\"https:\\\/\\\/x.com\\\/habemusman\",\"https:\\\/\\\/www.youtube.com\\\/channel\\\/UCVfCiOMkJ_C7T7OpyjuaLDg\"],\"url\":\"https:\\\/\\\/exaudi.org\\\/es\\\/author\\\/gsalesexaudi-org\\\/\"}]}<\/script>\n<!-- \/ Yoast SEO plugin. -->","yoast_head_json":{"title":"Papa a los ancianos: \u201cToda la Iglesia te quiere\u201d - Exaudi","description":"En su mensaje por la Jornada de los Abuelos y las Personas Mayores, el Papa Francisco ha dicho que la Iglesia se preocupa por los ancianos.","robots":{"index":"index","follow":"follow","max-snippet":"max-snippet:-1","max-image-preview":"max-image-preview:large","max-video-preview":"max-video-preview:-1"},"canonical":"https:\/\/exaudi.org\/es\/papa-ancianos-iglesia-te-quiere\/","og_locale":"es_ES","og_type":"article","og_title":"Papa a los ancianos: \u201cToda la Iglesia te quiere\u201d - Exaudi","og_description":"En su mensaje por la Jornada de los Abuelos y las Personas Mayores, el Papa Francisco ha dicho que la Iglesia se preocupa por los ancianos.","og_url":"https:\/\/exaudi.org\/es\/papa-ancianos-iglesia-te-quiere\/","og_site_name":"Exaudi","article_publisher":"https:\/\/www.facebook.com\/ExaudiNews","article_published_time":"2021-06-22T10:12:22+00:00","article_modified_time":"2021-06-24T15:15:55+00:00","og_image":[{"width":768,"height":432,"url":"https:\/\/exaudi.org\/wp-content\/uploads\/2021\/06\/223cc-v-2.jpeg","type":"image\/jpeg"}],"author":"Gabriel Sales","twitter_card":"summary_large_image","twitter_creator":"@habemusman","twitter_site":"@Exaudi_News","twitter_misc":{"Escrito por":"Gabriel Sales","Tiempo de lectura":"12 minutos"},"schema":{"@context":"https:\/\/schema.org","@graph":[{"@type":"Article","@id":"https:\/\/exaudi.org\/es\/papa-ancianos-iglesia-te-quiere\/#article","isPartOf":{"@id":"https:\/\/exaudi.org\/es\/papa-ancianos-iglesia-te-quiere\/"},"author":{"name":"Gabriel Sales","@id":"https:\/\/exaudi.org\/#\/schema\/person\/d134b96438278131ce90c90c03fda6cd"},"headline":"Papa a los ancianos: \u201cToda la Iglesia te quiere\u201d","datePublished":"2021-06-22T10:12:22+00:00","dateModified":"2021-06-24T15:15:55+00:00","mainEntityOfPage":{"@id":"https:\/\/exaudi.org\/es\/papa-ancianos-iglesia-te-quiere\/"},"wordCount":2887,"image":{"@id":"https:\/\/exaudi.org\/es\/papa-ancianos-iglesia-te-quiere\/#primaryimage"},"thumbnailUrl":"https:\/\/exaudi.org\/wp-content\/uploads\/2021\/06\/223cc-v-2.jpeg","keywords":["Jornada Mundial de los Abuelos y las Personas Mayores","papa francisco","Videomensaje"],"articleSection":["Mensajes"],"inLanguage":"es"},{"@type":"WebPage","@id":"https:\/\/exaudi.org\/es\/papa-ancianos-iglesia-te-quiere\/","url":"https:\/\/exaudi.org\/es\/papa-ancianos-iglesia-te-quiere\/","name":"Papa a los ancianos: \u201cToda la Iglesia te quiere\u201d - Exaudi","isPartOf":{"@id":"https:\/\/exaudi.org\/#website"},"primaryImageOfPage":{"@id":"https:\/\/exaudi.org\/es\/papa-ancianos-iglesia-te-quiere\/#primaryimage"},"image":{"@id":"https:\/\/exaudi.org\/es\/papa-ancianos-iglesia-te-quiere\/#primaryimage"},"thumbnailUrl":"https:\/\/exaudi.org\/wp-content\/uploads\/2021\/06\/223cc-v-2.jpeg","datePublished":"2021-06-22T10:12:22+00:00","dateModified":"2021-06-24T15:15:55+00:00","author":{"@id":"https:\/\/exaudi.org\/#\/schema\/person\/d134b96438278131ce90c90c03fda6cd"},"description":"En su mensaje por la Jornada de los Abuelos y las Personas Mayores, el Papa Francisco ha dicho que la Iglesia se preocupa por los ancianos.","breadcrumb":{"@id":"https:\/\/exaudi.org\/es\/papa-ancianos-iglesia-te-quiere\/#breadcrumb"},"inLanguage":"es","potentialAction":[{"@type":"ReadAction","target":["https:\/\/exaudi.org\/es\/papa-ancianos-iglesia-te-quiere\/"]}]},{"@type":"ImageObject","inLanguage":"es","@id":"https:\/\/exaudi.org\/es\/papa-ancianos-iglesia-te-quiere\/#primaryimage","url":"https:\/\/exaudi.org\/wp-content\/uploads\/2021\/06\/223cc-v-2.jpeg","contentUrl":"https:\/\/exaudi.org\/wp-content\/uploads\/2021\/06\/223cc-v-2.jpeg","width":768,"height":432},{"@type":"BreadcrumbList","@id":"https:\/\/exaudi.org\/es\/papa-ancianos-iglesia-te-quiere\/#breadcrumb","itemListElement":[{"@type":"ListItem","position":1,"name":"Portada","item":"https:\/\/exaudi.org\/es\/"},{"@type":"ListItem","position":2,"name":"Papa a los ancianos: \u201cToda la Iglesia te quiere\u201d"}]},{"@type":"WebSite","@id":"https:\/\/exaudi.org\/#website","url":"https:\/\/exaudi.org\/","name":"Exaudi","description":"News","potentialAction":[{"@type":"SearchAction","target":{"@type":"EntryPoint","urlTemplate":"https:\/\/exaudi.org\/?s={search_term_string}"},"query-input":{"@type":"PropertyValueSpecification","valueRequired":true,"valueName":"search_term_string"}}],"inLanguage":"es"},{"@type":"Person","@id":"https:\/\/exaudi.org\/#\/schema\/person\/d134b96438278131ce90c90c03fda6cd","name":"Gabriel Sales","image":{"@type":"ImageObject","inLanguage":"es","@id":"https:\/\/secure.gravatar.com\/avatar\/9b1269566f6a063ed26ffb3532b66a373cdde231ce5d0effb266167437fdaffd?s=96&d=mm&r=g","url":"https:\/\/secure.gravatar.com\/avatar\/9b1269566f6a063ed26ffb3532b66a373cdde231ce5d0effb266167437fdaffd?s=96&d=mm&r=g","contentUrl":"https:\/\/secure.gravatar.com\/avatar\/9b1269566f6a063ed26ffb3532b66a373cdde231ce5d0effb266167437fdaffd?s=96&d=mm&r=g","caption":"Gabriel Sales"},"description":"Periodista y especialista en Comunicaci\u00f3n y Branding digital. Cin\u00e9filo y cr\u00edtico de cine y series de televisi\u00f3n.","sameAs":["https:\/\/www.instagram.com\/cine90segundos\/","www.linkedin.com\/in\/habemusman","https:\/\/x.com\/habemusman","https:\/\/www.youtube.com\/channel\/UCVfCiOMkJ_C7T7OpyjuaLDg"],"url":"https:\/\/exaudi.org\/es\/author\/gsalesexaudi-org\/"}]}},"jetpack_featured_media_url":"https:\/\/exaudi.org\/wp-content\/uploads\/2021\/06\/223cc-v-2.jpeg","jetpack_shortlink":"https:\/\/wp.me\/pgKjF2-646","_links":{"self":[{"href":"https:\/\/exaudi.org\/es\/wp-json\/wp\/v2\/posts\/23318","targetHints":{"allow":["GET"]}}],"collection":[{"href":"https:\/\/exaudi.org\/es\/wp-json\/wp\/v2\/posts"}],"about":[{"href":"https:\/\/exaudi.org\/es\/wp-json\/wp\/v2\/types\/post"}],"author":[{"embeddable":true,"href":"https:\/\/exaudi.org\/es\/wp-json\/wp\/v2\/users\/6"}],"replies":[{"embeddable":true,"href":"https:\/\/exaudi.org\/es\/wp-json\/wp\/v2\/comments?post=23318"}],"version-history":[{"count":0,"href":"https:\/\/exaudi.org\/es\/wp-json\/wp\/v2\/posts\/23318\/revisions"}],"wp:featuredmedia":[{"embeddable":true,"href":"https:\/\/exaudi.org\/es\/wp-json\/wp\/v2\/media\/23584"}],"wp:attachment":[{"href":"https:\/\/exaudi.org\/es\/wp-json\/wp\/v2\/media?parent=23318"}],"wp:term":[{"taxonomy":"category","embeddable":true,"href":"https:\/\/exaudi.org\/es\/wp-json\/wp\/v2\/categories?post=23318"},{"taxonomy":"post_tag","embeddable":true,"href":"https:\/\/exaudi.org\/es\/wp-json\/wp\/v2\/tags?post=23318"}],"curies":[{"name":"wp","href":"https:\/\/api.w.org\/{rel}","templated":true}]}}