{"id":23317,"date":"2025-06-22T07:30:29","date_gmt":"2025-06-22T05:30:29","guid":{"rendered":"https:\/\/exaudi.org\/?p=17889"},"modified":"2025-06-19T14:05:15","modified_gmt":"2025-06-19T12:05:15","slug":"san-paulino-de-nola-22-junio","status":"publish","type":"post","link":"https:\/\/exaudi.org\/es\/san-paulino-de-nola-22-junio\/","title":{"rendered":"San Paulino de Nola, 22 de junio"},"content":{"rendered":"<p>Meropio Poncio Anicio Paulino, aclamado patricio romano que se abraz\u00f3 formalmente al cristianismo y alcanz\u00f3 la gloria de Bernini, fue muy estimado por santos de la talla de Ambrosio y Agust\u00edn, que fueron sus amigos, como tambi\u00e9n de san Jer\u00f3nimo con el que mantuvo correspondencia. San Francisco de Sales admir\u00f3 de \u00e9l su exquisita educaci\u00f3n y amabilidad. Naci\u00f3 en Burdeos, Francia, el a\u00f1o 353. Su padre, prefecto en Aquitania, encomend\u00f3 su formaci\u00f3n a su amigo el poeta Ausonio, profesor de la universidad de la ciudad. Luego Paulino complet\u00f3 estudios en Mil\u00e1n.<\/p>\n<p><iframe title=\"Spotify Embed: San Paulino de Nola, 22 de junio\" style=\"border-radius: 12px\" width=\"100%\" height=\"152\" frameborder=\"0\" allowfullscreen allow=\"autoplay; clipboard-write; encrypted-media; fullscreen; picture-in-picture\" loading=\"lazy\" src=\"https:\/\/open.spotify.com\/embed\/episode\/3o54t8jx1V7zRrAQwlpWPe?si=ce2dc0d738da4f74&#038;utm_source=oembed\"><\/iframe><\/p>\n<p>Con un importante bagaje intelectual que inclu\u00eda filosof\u00eda, derecho, f\u00edsica, poes\u00eda, etc., el a\u00f1o 378, apenas rebasados los 20 a\u00f1os, edad en la que ya pose\u00eda cuantiosos bienes, ingres\u00f3 en la carrera pol\u00edtica como senador del Imperio romano. Fue gobernador de la Campania donde se veneraba a san F\u00e9lix, punto de referencia importante en su vida. Oraba en el santuario dedicado al santo percibiendo un \u00edntimo destello, desconocido hasta entonces, que iba empuj\u00e1ndole hacia Dios: \u00abA las puertas de aquella iglesia \u2014dir\u00e1 m\u00e1s tarde\u2014 sent\u00ed que mi alma se volv\u00eda hacia la fe y que una luz nueva abr\u00eda mi coraz\u00f3n al amor de Cristo\u00bb. Pero a\u00fan no hab\u00eda resonado con fuerza en \u00e9l la llamada a una entrega decisiva. Despu\u00e9s viaj\u00f3 a Barcelona donde conoci\u00f3 a una cristiana, Teresa, con la que se cas\u00f3. Ella influy\u00f3 en su fe, y el a\u00f1o 389 recibi\u00f3 el bautismo de manos del obispo san Delf\u00edn.<\/p>\n<p>Hasta ese momento Dios no hab\u00eda ocupado expresamente su coraz\u00f3n; quedaba oscurecido entre otra multitud de intereses. Dos a\u00f1os m\u00e1s tarde, naci\u00f3 el \u00fanico v\u00e1stago del matrimonio, Celso, un ni\u00f1o que sobrevivi\u00f3 ocho d\u00edas. El tr\u00e1gico episodio, lejos de infundir en Paulino la desesperaci\u00f3n, lo encamin\u00f3 a una entrega definitiva a Dios. En su coraz\u00f3n lat\u00eda la certeza de que ese ser de su carne y de su sangre, que tan raudo hab\u00eda volado al cielo, arrebatar\u00eda esas gracias que juzgaba conven\u00edan a su otrora vida impenitente: \u00abLargo tiempo lo hab\u00edamos deseado; pero se apresur\u00f3 a partir a las moradas celestes. En otro tiempo fui pecador; tal vez esta peque\u00f1a gota de mi sangre sea mi luz\u00bb.<\/p>\n<p>En la misa de Navidad del a\u00f1o 393 los fieles le aclamaron un\u00e1nimemente: \u00ab\u00a1Paulino, sacerdote!\u00bb, pidiendo al obispo de Barcelona que lo ordenase. Y de com\u00fan acuerdo con su esposa, ambos determinaron llevar una especie de vida mon\u00e1stica que inclu\u00eda la perfecta continencia. Era una decisi\u00f3n meditada, orada, pero incomprendida y sorprendente para muchas personas. Ante las murmuraciones de rigor el santo respond\u00eda con serenidad, dejando claro a qui\u00e9n somet\u00eda su conducta: \u00abMi af\u00e1n es librarme de mis pecados&#8230; Me basta ser aprobado por Cristo\u00bb.<\/p>\n<p>Recibi\u00f3 el sacramento del orden el a\u00f1o 394 y vuelto a Italia trab\u00f3 contacto con san Ambrosio. En este viaje fue acogido con visibles muestras de afecto y gratitud, con excepci\u00f3n de un sector del clero y del mismo pont\u00edfice Silicio, quien actu\u00f3 con \u00e9l de forma reservada y con cierta desconfianza. Probablemente tuvo en cuenta que fue ordenado sacerdote siendo casado, am\u00e9n de recaer la elecci\u00f3n en el pueblo, hecho inusual que se hallaba fuera de los c\u00e1nones ordinarios. Su sucesor en el pontificado, san Anastasio, dirigi\u00f3 una carta a los obispos de Campania en la que elogiaba a Paulino. Hab\u00eda quedado conmovido por la virtud de este hijo de patricios que, pudiendo convertirse en una de las grandes figuras del Senado, hab\u00eda dado la espalda a su carrera pol\u00edtica para llevar una vida heroica junto a su esposa. Estos fueron los reconocimientos que recibi\u00f3 de antemano por parte de sus santos amigos.<\/p>\n<p>En cierto modo los recelos que hab\u00eda suscitado, de los que no era directo responsable, le confirmaron en su decisi\u00f3n de retirarse a Nola, donde se hallaba la tumba de san F\u00e9lix, lugar en el que siendo gobernador hizo construir un albergue para los pobres. All\u00ed vivieron austeramente su esposa y \u00e9l entregados a la oraci\u00f3n y la caridad con los pobres. Cultivaban un peque\u00f1o trozo de tierra. \u00c9l, ce\u00f1ido con un cilicio de pelos de camello que le obsequi\u00f3 Sulpicio Severo, antiguo condisc\u00edpulo suyo y monje en san Mart\u00edn, se formaba en el estudio de las Sagradas Escrituras. Al hilo de sus meditaciones surgieron escritos, que se conservan, en los que refuta las tesis pelagianas. Son bell\u00edsimas cartas en prosa y en verso, fruto de la importante correspondencia que mantuvo con los santos Ambrosio, Jer\u00f3nimo, Agust\u00edn, Sulpicio Severo y Delf\u00edn de Burdeos, as\u00ed como con Alipio.<\/p>\n<p>Parece que al inicio de su llegada a Nola, Paulino contrajo una enfermedad de la que san\u00f3 con la mediaci\u00f3n de san F\u00e9lix, en cuyo honor, y como signo de gratitud, erigi\u00f3 una bas\u00edlica. En la primera d\u00e9cada del siglo V falleci\u00f3 Teresa, que hab\u00eda llevado una vida cenob\u00edtica en un lugar colindante, mientras el santo conviv\u00eda con otros compa\u00f1eros que se unieron a \u00e9l. Teresa hab\u00eda prestado asistencia a todos en aspectos dom\u00e9sticos, y fue un est\u00edmulo para su vida de perfecci\u00f3n. Alrededor de esas fechas, en el a\u00f1o 410, Alarico invadi\u00f3 la regi\u00f3n. A la muerte de Pablo, los fieles que admiraban la edificante vida que hab\u00eda llevado el matrimonio, emulando a los catalanes mostraron su anhelo de que Paulino fuese el nuevo obispo de Nola, y \u00e9l lo acept\u00f3. M\u00e1s tarde, los godos diezmaron a la poblaci\u00f3n y muchos fueron apresados como esclavos. Entre ellos estaba el \u00fanico hijo de una viuda. Paulino vendi\u00f3 la cruz episcopal para rescatarlo y se ofreci\u00f3 para ser canjeado por el muchacho. Lo trasladaron a \u00c1frica, y all\u00ed sirvi\u00f3 como jardinero.<\/p>\n<p>Un d\u00eda efectu\u00f3 un vaticinio que afectaba a la integridad f\u00edsica del rey, y al descubrir que era obispo lo liberaron junto al resto de los prisioneros \u2013a demanda suya, tras ser invitado a manifestar qu\u00e9 deseaba en pago por lo que hizo\u2013 proporcion\u00e1ndoles un barco cargado de viandas. A punto de morir acogi\u00f3 misericordiosamente a los que se hab\u00eda visto obligado a excluir del seno de la Iglesia por motivos disciplinares. Muri\u00f3 el 22 de junio del a\u00f1o 431. Los prodigios que obr\u00f3 en vida se multiplicaron tras su muerte.<\/p>\n<p><img loading=\"lazy\" decoding=\"async\" class=\"size-full wp-image-128408 alignnone\" src=\"https:\/\/exaudi.org\/wp-content\/uploads\/2025\/06\/Santoral-2.jpg\" alt=\"\" width=\"1080\" height=\"1080\" srcset=\"https:\/\/exaudi.org\/wp-content\/uploads\/2025\/06\/Santoral-2.jpg 1080w, https:\/\/exaudi.org\/wp-content\/uploads\/2025\/06\/Santoral-2-300x300.jpg 300w, https:\/\/exaudi.org\/wp-content\/uploads\/2025\/06\/Santoral-2-1024x1024.jpg 1024w, https:\/\/exaudi.org\/wp-content\/uploads\/2025\/06\/Santoral-2-100x100.jpg?crop=1 100w, https:\/\/exaudi.org\/wp-content\/uploads\/2025\/06\/Santoral-2-770x770.jpg 770w, https:\/\/exaudi.org\/wp-content\/uploads\/2025\/06\/Santoral-2-500x500.jpg 500w\" sizes=\"auto, (max-width: 1080px) 100vw, 1080px\" \/><\/p>\n<p><img loading=\"lazy\" decoding=\"async\" class=\"alignright wp-image-2208\" src=\"https:\/\/exaudi.org\/wp-content\/uploads\/2021\/02\/santoral-scaled-1-725x1024.jpg\" alt=\"santoral Isabel Orellana\" width=\"262\" height=\"370\" \/><\/p>\n<div class=\"page\" title=\"Page 4\">\n<div class=\"layoutArea\">\n<div class=\"column\">\n<h6><em>\u00a9 <a href=\"https:\/\/exaudi.org\/es\/author\/isabelorellana\/\" target=\"_blank\" rel=\"noopener noreferrer\">Isabel Orellana Vilches<\/a>, 2024<\/em><br \/>\n<em>Autora vinculada a<\/em><br \/>\n<img loading=\"lazy\" decoding=\"async\" class=\"alignnone size-full wp-image-41949\" src=\"https:\/\/www.idente.org\/wp-content\/uploads\/logo-cedro-v01-843x295-1-e1603384654546.png\" alt=\"\" width=\"80\" height=\"28\" \/><br \/>\nObra protegida por derechos de autor.<br \/>\nInscrita en el Registro de la Propiedad Intelectual el 24 de noviembre de 2014.<br \/>\n________________<br \/>\nDerechos de edici\u00f3n reservados:<br \/>\nFundaci\u00f3n <a href=\"https:\/\/rielo.com\/\" target=\"_blank\" rel=\"noopener noreferrer\">Fernando Rielo<\/a><br \/>\nGoya 20, 4.\u00ba izq. int. 28001 Madrid<br \/>\nTlf.: (34) 91 575 40 91<br \/>\nCorreo electr\u00f3nico: fundacion@rielo.com<\/h6>\n<div class=\"page\" title=\"Page 4\">\n<div class=\"layoutArea\">\n<div class=\"column\">\n<h6>Dep\u00f3sito legal: M-18664-2020<br \/>\nISBN: 978-84-946646-6-3<\/h6>\n<\/div>\n<\/div>\n<\/div>\n<\/div>\n<\/div>\n<\/div>\n","protected":false},"excerpt":{"rendered":"<p>Senador y obispo<\/p>\n","protected":false},"author":23,"featured_media":23717,"comment_status":"closed","ping_status":"closed","sticky":false,"template":"","format":"standard","meta":{"_acf_changed":false,"_crdt_document":"","inline_featured_image":false,"footnotes":""},"categories":[2772],"tags":[388,387,4953],"class_list":["post-23317","post","type-post","status-publish","format-standard","has-post-thumbnail","hentry","category-santoral","tag-isabel-orellana-vilches","tag-santoral","tag-trending-es"],"acf":[],"yoast_head":"<!-- This site is optimized with the Yoast SEO plugin v27.5 - https:\/\/yoast.com\/product\/yoast-seo-wordpress\/ -->\n<title>San Paulino de Nola, 22 de junio - Exaudi Catholic News<\/title>\n<meta name=\"description\" content=\"Santoral del 22 de junio de 2022 sobre san Paulino de Nola, por Isabel Orellana Vilches y Fundaci\u00f3n Fernando Rielo.\" \/>\n<meta name=\"robots\" content=\"index, follow, max-snippet:-1, max-image-preview:large, max-video-preview:-1\" \/>\n<link rel=\"canonical\" href=\"https:\/\/exaudi.org\/es\/san-paulino-de-nola-22-junio\/\" \/>\n<meta property=\"og:locale\" content=\"es_ES\" \/>\n<meta property=\"og:type\" content=\"article\" \/>\n<meta property=\"og:title\" content=\"San Paulino de Nola, 22 de junio - Exaudi Catholic News\" \/>\n<meta property=\"og:description\" content=\"Santoral del 22 de junio de 2022 sobre san Paulino de Nola, por Isabel Orellana Vilches y Fundaci\u00f3n Fernando Rielo.\" \/>\n<meta property=\"og:url\" content=\"https:\/\/exaudi.org\/es\/san-paulino-de-nola-22-junio\/\" \/>\n<meta property=\"og:site_name\" content=\"Exaudi\" \/>\n<meta property=\"article:publisher\" content=\"https:\/\/www.facebook.com\/ExaudiNews\" \/>\n<meta property=\"article:published_time\" content=\"2025-06-22T05:30:29+00:00\" \/>\n<meta property=\"og:image\" content=\"https:\/\/exaudi.org\/wp-content\/uploads\/2021\/06\/Linz_Dom_Fenster_09_img03-768x646-1.jpg\" \/>\n\t<meta property=\"og:image:width\" content=\"768\" \/>\n\t<meta property=\"og:image:height\" content=\"646\" \/>\n\t<meta property=\"og:image:type\" content=\"image\/jpeg\" \/>\n<meta name=\"author\" content=\"Isabel Orellana\" \/>\n<meta name=\"twitter:card\" content=\"summary_large_image\" \/>\n<meta name=\"twitter:creator\" content=\"@Exaudi_News\" \/>\n<meta name=\"twitter:site\" content=\"@Exaudi_News\" \/>\n<meta name=\"twitter:label1\" content=\"Escrito por\" \/>\n\t<meta name=\"twitter:data1\" content=\"Isabel Orellana\" \/>\n\t<meta name=\"twitter:label2\" content=\"Tiempo de lectura\" \/>\n\t<meta name=\"twitter:data2\" content=\"6 minutos\" \/>\n<script type=\"application\/ld+json\" class=\"yoast-schema-graph\">{\"@context\":\"https:\\\/\\\/schema.org\",\"@graph\":[{\"@type\":\"Article\",\"@id\":\"https:\\\/\\\/exaudi.org\\\/es\\\/san-paulino-de-nola-22-junio\\\/#article\",\"isPartOf\":{\"@id\":\"https:\\\/\\\/exaudi.org\\\/es\\\/san-paulino-de-nola-22-junio\\\/\"},\"author\":{\"name\":\"Isabel Orellana\",\"@id\":\"https:\\\/\\\/exaudi.org\\\/#\\\/schema\\\/person\\\/64e18b96fd6118559a9217b5b3375fdc\"},\"headline\":\"San Paulino de Nola, 22 de junio\",\"datePublished\":\"2025-06-22T05:30:29+00:00\",\"mainEntityOfPage\":{\"@id\":\"https:\\\/\\\/exaudi.org\\\/es\\\/san-paulino-de-nola-22-junio\\\/\"},\"wordCount\":1180,\"image\":{\"@id\":\"https:\\\/\\\/exaudi.org\\\/es\\\/san-paulino-de-nola-22-junio\\\/#primaryimage\"},\"thumbnailUrl\":\"https:\\\/\\\/exaudi.org\\\/wp-content\\\/uploads\\\/2021\\\/06\\\/Linz_Dom_Fenster_09_img03-768x646-1.jpg\",\"keywords\":[\"Isabel Orellana Vilches\",\"Santoral\",\"Trending\"],\"articleSection\":[\"Santoral\"],\"inLanguage\":\"es\"},{\"@type\":\"WebPage\",\"@id\":\"https:\\\/\\\/exaudi.org\\\/es\\\/san-paulino-de-nola-22-junio\\\/\",\"url\":\"https:\\\/\\\/exaudi.org\\\/es\\\/san-paulino-de-nola-22-junio\\\/\",\"name\":\"San Paulino de Nola, 22 de junio - Exaudi Catholic News\",\"isPartOf\":{\"@id\":\"https:\\\/\\\/exaudi.org\\\/#website\"},\"primaryImageOfPage\":{\"@id\":\"https:\\\/\\\/exaudi.org\\\/es\\\/san-paulino-de-nola-22-junio\\\/#primaryimage\"},\"image\":{\"@id\":\"https:\\\/\\\/exaudi.org\\\/es\\\/san-paulino-de-nola-22-junio\\\/#primaryimage\"},\"thumbnailUrl\":\"https:\\\/\\\/exaudi.org\\\/wp-content\\\/uploads\\\/2021\\\/06\\\/Linz_Dom_Fenster_09_img03-768x646-1.jpg\",\"datePublished\":\"2025-06-22T05:30:29+00:00\",\"author\":{\"@id\":\"https:\\\/\\\/exaudi.org\\\/#\\\/schema\\\/person\\\/64e18b96fd6118559a9217b5b3375fdc\"},\"description\":\"Santoral del 22 de junio de 2022 sobre san Paulino de Nola, por Isabel Orellana Vilches y Fundaci\u00f3n Fernando Rielo.\",\"breadcrumb\":{\"@id\":\"https:\\\/\\\/exaudi.org\\\/es\\\/san-paulino-de-nola-22-junio\\\/#breadcrumb\"},\"inLanguage\":\"es\",\"potentialAction\":[{\"@type\":\"ReadAction\",\"target\":[\"https:\\\/\\\/exaudi.org\\\/es\\\/san-paulino-de-nola-22-junio\\\/\"]}]},{\"@type\":\"ImageObject\",\"inLanguage\":\"es\",\"@id\":\"https:\\\/\\\/exaudi.org\\\/es\\\/san-paulino-de-nola-22-junio\\\/#primaryimage\",\"url\":\"https:\\\/\\\/exaudi.org\\\/wp-content\\\/uploads\\\/2021\\\/06\\\/Linz_Dom_Fenster_09_img03-768x646-1.jpg\",\"contentUrl\":\"https:\\\/\\\/exaudi.org\\\/wp-content\\\/uploads\\\/2021\\\/06\\\/Linz_Dom_Fenster_09_img03-768x646-1.jpg\",\"width\":768,\"height\":646},{\"@type\":\"BreadcrumbList\",\"@id\":\"https:\\\/\\\/exaudi.org\\\/es\\\/san-paulino-de-nola-22-junio\\\/#breadcrumb\",\"itemListElement\":[{\"@type\":\"ListItem\",\"position\":1,\"name\":\"Portada\",\"item\":\"https:\\\/\\\/exaudi.org\\\/es\\\/\"},{\"@type\":\"ListItem\",\"position\":2,\"name\":\"San Paulino de Nola, 22 de junio\"}]},{\"@type\":\"WebSite\",\"@id\":\"https:\\\/\\\/exaudi.org\\\/#website\",\"url\":\"https:\\\/\\\/exaudi.org\\\/\",\"name\":\"Exaudi\",\"description\":\"News\",\"potentialAction\":[{\"@type\":\"SearchAction\",\"target\":{\"@type\":\"EntryPoint\",\"urlTemplate\":\"https:\\\/\\\/exaudi.org\\\/?s={search_term_string}\"},\"query-input\":{\"@type\":\"PropertyValueSpecification\",\"valueRequired\":true,\"valueName\":\"search_term_string\"}}],\"inLanguage\":\"es\"},{\"@type\":\"Person\",\"@id\":\"https:\\\/\\\/exaudi.org\\\/#\\\/schema\\\/person\\\/64e18b96fd6118559a9217b5b3375fdc\",\"name\":\"Isabel Orellana\",\"image\":{\"@type\":\"ImageObject\",\"inLanguage\":\"es\",\"@id\":\"https:\\\/\\\/secure.gravatar.com\\\/avatar\\\/51968380bbb6b22ae85c605634860366fd9a2a611c6341125115bca32cd6c171?s=96&d=mm&r=g\",\"url\":\"https:\\\/\\\/secure.gravatar.com\\\/avatar\\\/51968380bbb6b22ae85c605634860366fd9a2a611c6341125115bca32cd6c171?s=96&d=mm&r=g\",\"contentUrl\":\"https:\\\/\\\/secure.gravatar.com\\\/avatar\\\/51968380bbb6b22ae85c605634860366fd9a2a611c6341125115bca32cd6c171?s=96&d=mm&r=g\",\"caption\":\"Isabel Orellana\"},\"description\":\"Isabel Orellana Vilches Misionera idente. Doctora en Filosof\u00eda por la Universidad Aut\u00f3noma de Barcelona con la tesis Realismo y progreso cient\u00edfico en la epistemolog\u00eda popperiana. Ha cursado estudios de teolog\u00eda en la Universidad Pontificia de Salamanca. Con amplia actividad docente desde 1986, ha publicado libros como: Realismo y progreso cient\u00edfico en la epistemolog\u00eda popperiana, Universitat Aut\u00f2noma de Barcelona, 1993; El evangelio habla a los j\u00f3venes, Atenas, Madrid, 1997; Qu\u00e9 es... LA TOLERANCIA, Paulinas, Madrid, 1999; Pedagog\u00eda del dolor. Ensayo antropol\u00f3gico, Palabra, Madrid, 1999; En colaboraci\u00f3n con Enrique Rivera de Ventosa (\u2020) OFM. Cap. San Francisco de As\u00eds y Fernando Rielo: Convergencias. Respuestas desde la fe a los interrogantes del hombre de hoy, Universidad Pontificia, Salamanca, 2001; La \\\"mirada\\\" del cine. Recursos did\u00e1cticos del s\u00e9ptimo arte. Librer\u00eda Cervantes, Salamanca, 2001; Paradojas de la convivencia, San Pablo, Madrid, 2002; En la Universidad T\u00e9cnica Particular de Loja, Ecuador, ha publicado: La confianza. El arte de amar, 2002; Educar para la responsabilidad, 2003; Apuntes de \u00e9tica en Karl R. Popper, 2003; De soledades y comunicaci\u00f3n, 2005; Yo educo; t\u00fa respondes, 2008; Humanismo y fe en un crisol de culturas, 2008; Repensar lo cotidiano, 2008; Convivir: un constante desaf\u00edo, 2009; La l\u00f3gica del amor, 2010; El dolor del amor. Apuntes sobre la enfermedad y el dolor en relaci\u00f3n con la virtud heroica, el martirio y la vida santa. Seminario Diocesano de M\u00e1laga, 2006 y Universidad T\u00e9cnica Particular de Loja, Ecuador (2007). Cuenta con numerosas colaboraciones en obras colectivas, as\u00ed como relatos, cuentos, f\u00e1bula y novela juvenil, adem\u00e1s de art\u00edculos de tem\u00e1tica cient\u00edfica, pedag\u00f3gica y espiritual, que viene publicando en distintas revistas nacionales e internacionales. En 2012 culmin\u00f3 el santoral Llamados a ser santos y poco m\u00e1s tarde Epopeyas de amor prologado por mons. Fernando Sebasti\u00e1n. Es la bi\u00f3grafa oficial del fundador de su familia espiritual, autora de Fernando Rielo Pardal. Fundador de los Misioneros Identes, Descl\u00e9e de Brouwer, Bilbao, 2009. Culmina la biograf\u00eda completa. Encargada del santoral de ZENIT desde 2012 a 2020 y ahora en Exaudi\",\"url\":\"https:\\\/\\\/exaudi.org\\\/es\\\/author\\\/isabelorellana\\\/\"}]}<\/script>\n<!-- \/ Yoast SEO plugin. -->","yoast_head_json":{"title":"San Paulino de Nola, 22 de junio - Exaudi Catholic News","description":"Santoral del 22 de junio de 2022 sobre san Paulino de Nola, por Isabel Orellana Vilches y Fundaci\u00f3n Fernando Rielo.","robots":{"index":"index","follow":"follow","max-snippet":"max-snippet:-1","max-image-preview":"max-image-preview:large","max-video-preview":"max-video-preview:-1"},"canonical":"https:\/\/exaudi.org\/es\/san-paulino-de-nola-22-junio\/","og_locale":"es_ES","og_type":"article","og_title":"San Paulino de Nola, 22 de junio - Exaudi Catholic News","og_description":"Santoral del 22 de junio de 2022 sobre san Paulino de Nola, por Isabel Orellana Vilches y Fundaci\u00f3n Fernando Rielo.","og_url":"https:\/\/exaudi.org\/es\/san-paulino-de-nola-22-junio\/","og_site_name":"Exaudi","article_publisher":"https:\/\/www.facebook.com\/ExaudiNews","article_published_time":"2025-06-22T05:30:29+00:00","og_image":[{"width":768,"height":646,"url":"https:\/\/exaudi.org\/wp-content\/uploads\/2021\/06\/Linz_Dom_Fenster_09_img03-768x646-1.jpg","type":"image\/jpeg"}],"author":"Isabel Orellana","twitter_card":"summary_large_image","twitter_creator":"@Exaudi_News","twitter_site":"@Exaudi_News","twitter_misc":{"Escrito por":"Isabel Orellana","Tiempo de lectura":"6 minutos"},"schema":{"@context":"https:\/\/schema.org","@graph":[{"@type":"Article","@id":"https:\/\/exaudi.org\/es\/san-paulino-de-nola-22-junio\/#article","isPartOf":{"@id":"https:\/\/exaudi.org\/es\/san-paulino-de-nola-22-junio\/"},"author":{"name":"Isabel Orellana","@id":"https:\/\/exaudi.org\/#\/schema\/person\/64e18b96fd6118559a9217b5b3375fdc"},"headline":"San Paulino de Nola, 22 de junio","datePublished":"2025-06-22T05:30:29+00:00","mainEntityOfPage":{"@id":"https:\/\/exaudi.org\/es\/san-paulino-de-nola-22-junio\/"},"wordCount":1180,"image":{"@id":"https:\/\/exaudi.org\/es\/san-paulino-de-nola-22-junio\/#primaryimage"},"thumbnailUrl":"https:\/\/exaudi.org\/wp-content\/uploads\/2021\/06\/Linz_Dom_Fenster_09_img03-768x646-1.jpg","keywords":["Isabel Orellana Vilches","Santoral","Trending"],"articleSection":["Santoral"],"inLanguage":"es"},{"@type":"WebPage","@id":"https:\/\/exaudi.org\/es\/san-paulino-de-nola-22-junio\/","url":"https:\/\/exaudi.org\/es\/san-paulino-de-nola-22-junio\/","name":"San Paulino de Nola, 22 de junio - Exaudi Catholic News","isPartOf":{"@id":"https:\/\/exaudi.org\/#website"},"primaryImageOfPage":{"@id":"https:\/\/exaudi.org\/es\/san-paulino-de-nola-22-junio\/#primaryimage"},"image":{"@id":"https:\/\/exaudi.org\/es\/san-paulino-de-nola-22-junio\/#primaryimage"},"thumbnailUrl":"https:\/\/exaudi.org\/wp-content\/uploads\/2021\/06\/Linz_Dom_Fenster_09_img03-768x646-1.jpg","datePublished":"2025-06-22T05:30:29+00:00","author":{"@id":"https:\/\/exaudi.org\/#\/schema\/person\/64e18b96fd6118559a9217b5b3375fdc"},"description":"Santoral del 22 de junio de 2022 sobre san Paulino de Nola, por Isabel Orellana Vilches y Fundaci\u00f3n Fernando Rielo.","breadcrumb":{"@id":"https:\/\/exaudi.org\/es\/san-paulino-de-nola-22-junio\/#breadcrumb"},"inLanguage":"es","potentialAction":[{"@type":"ReadAction","target":["https:\/\/exaudi.org\/es\/san-paulino-de-nola-22-junio\/"]}]},{"@type":"ImageObject","inLanguage":"es","@id":"https:\/\/exaudi.org\/es\/san-paulino-de-nola-22-junio\/#primaryimage","url":"https:\/\/exaudi.org\/wp-content\/uploads\/2021\/06\/Linz_Dom_Fenster_09_img03-768x646-1.jpg","contentUrl":"https:\/\/exaudi.org\/wp-content\/uploads\/2021\/06\/Linz_Dom_Fenster_09_img03-768x646-1.jpg","width":768,"height":646},{"@type":"BreadcrumbList","@id":"https:\/\/exaudi.org\/es\/san-paulino-de-nola-22-junio\/#breadcrumb","itemListElement":[{"@type":"ListItem","position":1,"name":"Portada","item":"https:\/\/exaudi.org\/es\/"},{"@type":"ListItem","position":2,"name":"San Paulino de Nola, 22 de junio"}]},{"@type":"WebSite","@id":"https:\/\/exaudi.org\/#website","url":"https:\/\/exaudi.org\/","name":"Exaudi","description":"News","potentialAction":[{"@type":"SearchAction","target":{"@type":"EntryPoint","urlTemplate":"https:\/\/exaudi.org\/?s={search_term_string}"},"query-input":{"@type":"PropertyValueSpecification","valueRequired":true,"valueName":"search_term_string"}}],"inLanguage":"es"},{"@type":"Person","@id":"https:\/\/exaudi.org\/#\/schema\/person\/64e18b96fd6118559a9217b5b3375fdc","name":"Isabel Orellana","image":{"@type":"ImageObject","inLanguage":"es","@id":"https:\/\/secure.gravatar.com\/avatar\/51968380bbb6b22ae85c605634860366fd9a2a611c6341125115bca32cd6c171?s=96&d=mm&r=g","url":"https:\/\/secure.gravatar.com\/avatar\/51968380bbb6b22ae85c605634860366fd9a2a611c6341125115bca32cd6c171?s=96&d=mm&r=g","contentUrl":"https:\/\/secure.gravatar.com\/avatar\/51968380bbb6b22ae85c605634860366fd9a2a611c6341125115bca32cd6c171?s=96&d=mm&r=g","caption":"Isabel Orellana"},"description":"Isabel Orellana Vilches Misionera idente. Doctora en Filosof\u00eda por la Universidad Aut\u00f3noma de Barcelona con la tesis Realismo y progreso cient\u00edfico en la epistemolog\u00eda popperiana. Ha cursado estudios de teolog\u00eda en la Universidad Pontificia de Salamanca. Con amplia actividad docente desde 1986, ha publicado libros como: Realismo y progreso cient\u00edfico en la epistemolog\u00eda popperiana, Universitat Aut\u00f2noma de Barcelona, 1993; El evangelio habla a los j\u00f3venes, Atenas, Madrid, 1997; Qu\u00e9 es... LA TOLERANCIA, Paulinas, Madrid, 1999; Pedagog\u00eda del dolor. Ensayo antropol\u00f3gico, Palabra, Madrid, 1999; En colaboraci\u00f3n con Enrique Rivera de Ventosa (\u2020) OFM. Cap. San Francisco de As\u00eds y Fernando Rielo: Convergencias. Respuestas desde la fe a los interrogantes del hombre de hoy, Universidad Pontificia, Salamanca, 2001; La \"mirada\" del cine. Recursos did\u00e1cticos del s\u00e9ptimo arte. Librer\u00eda Cervantes, Salamanca, 2001; Paradojas de la convivencia, San Pablo, Madrid, 2002; En la Universidad T\u00e9cnica Particular de Loja, Ecuador, ha publicado: La confianza. El arte de amar, 2002; Educar para la responsabilidad, 2003; Apuntes de \u00e9tica en Karl R. Popper, 2003; De soledades y comunicaci\u00f3n, 2005; Yo educo; t\u00fa respondes, 2008; Humanismo y fe en un crisol de culturas, 2008; Repensar lo cotidiano, 2008; Convivir: un constante desaf\u00edo, 2009; La l\u00f3gica del amor, 2010; El dolor del amor. Apuntes sobre la enfermedad y el dolor en relaci\u00f3n con la virtud heroica, el martirio y la vida santa. Seminario Diocesano de M\u00e1laga, 2006 y Universidad T\u00e9cnica Particular de Loja, Ecuador (2007). Cuenta con numerosas colaboraciones en obras colectivas, as\u00ed como relatos, cuentos, f\u00e1bula y novela juvenil, adem\u00e1s de art\u00edculos de tem\u00e1tica cient\u00edfica, pedag\u00f3gica y espiritual, que viene publicando en distintas revistas nacionales e internacionales. En 2012 culmin\u00f3 el santoral Llamados a ser santos y poco m\u00e1s tarde Epopeyas de amor prologado por mons. Fernando Sebasti\u00e1n. Es la bi\u00f3grafa oficial del fundador de su familia espiritual, autora de Fernando Rielo Pardal. Fundador de los Misioneros Identes, Descl\u00e9e de Brouwer, Bilbao, 2009. Culmina la biograf\u00eda completa. Encargada del santoral de ZENIT desde 2012 a 2020 y ahora en Exaudi","url":"https:\/\/exaudi.org\/es\/author\/isabelorellana\/"}]}},"jetpack_featured_media_url":"https:\/\/exaudi.org\/wp-content\/uploads\/2021\/06\/Linz_Dom_Fenster_09_img03-768x646-1.jpg","jetpack_shortlink":"https:\/\/wp.me\/pgKjF2-645","_links":{"self":[{"href":"https:\/\/exaudi.org\/es\/wp-json\/wp\/v2\/posts\/23317","targetHints":{"allow":["GET"]}}],"collection":[{"href":"https:\/\/exaudi.org\/es\/wp-json\/wp\/v2\/posts"}],"about":[{"href":"https:\/\/exaudi.org\/es\/wp-json\/wp\/v2\/types\/post"}],"author":[{"embeddable":true,"href":"https:\/\/exaudi.org\/es\/wp-json\/wp\/v2\/users\/23"}],"replies":[{"embeddable":true,"href":"https:\/\/exaudi.org\/es\/wp-json\/wp\/v2\/comments?post=23317"}],"version-history":[{"count":0,"href":"https:\/\/exaudi.org\/es\/wp-json\/wp\/v2\/posts\/23317\/revisions"}],"wp:featuredmedia":[{"embeddable":true,"href":"https:\/\/exaudi.org\/es\/wp-json\/wp\/v2\/media\/23717"}],"wp:attachment":[{"href":"https:\/\/exaudi.org\/es\/wp-json\/wp\/v2\/media?parent=23317"}],"wp:term":[{"taxonomy":"category","embeddable":true,"href":"https:\/\/exaudi.org\/es\/wp-json\/wp\/v2\/categories?post=23317"},{"taxonomy":"post_tag","embeddable":true,"href":"https:\/\/exaudi.org\/es\/wp-json\/wp\/v2\/tags?post=23317"}],"curies":[{"name":"wp","href":"https:\/\/api.w.org\/{rel}","templated":true}]}}